{"id":91725,"date":"2022-05-27T20:51:12","date_gmt":"2022-05-27T23:51:12","guid":{"rendered":"https:\/\/noticiasmercedinas.com\/site\/?p=91725"},"modified":"2022-05-27T20:52:58","modified_gmt":"2022-05-27T23:52:58","slug":"ferrarotti-y-ruiz-fueron-parte-de-los-festejos-patrios-de-escuela-primaria-26-y-el-jirimm-2","status":"publish","type":"post","link":"https:\/\/noticiasmercedinas.com\/site\/2022\/05\/27\/ferrarotti-y-ruiz-fueron-parte-de-los-festejos-patrios-de-escuela-primaria-26-y-el-jirimm-2\/","title":{"rendered":"Ferrarotti y Ruiz fueron parte de los festejos patrios de Escuela Primaria 26 y el JIRIMM 2"},"content":{"rendered":"<p><img loading=\"lazy\" decoding=\"async\" class=\"alignnone size-full wp-image-91727\" src=\"https:\/\/noticiasmercedinas.com\/site\/wp-content\/uploads\/2022\/05\/8ab1bc1a-c45e-4185-a09a-d2ce1a5a5566-1.jpg\" alt=\"\" width=\"640\" height=\"380\" srcset=\"https:\/\/noticiasmercedinas.com\/site\/wp-content\/uploads\/2022\/05\/8ab1bc1a-c45e-4185-a09a-d2ce1a5a5566-1.jpg 640w, https:\/\/noticiasmercedinas.com\/site\/wp-content\/uploads\/2022\/05\/8ab1bc1a-c45e-4185-a09a-d2ce1a5a5566-1-300x178.jpg 300w\" sizes=\"auto, (max-width: 640px) 100vw, 640px\" \/><\/p>\n<p>Un consejero escolar y una diputada de Juntos estuvieron compartiendo los festejos del 25 de mayo con la comunidad educativa de un jard\u00edn y una escuela primaria de la zona rural.<\/p>\n<p>El jueves por la ma\u00f1ana en la Escuela Primaria 26 y el JIRIMM 2 el consejero escolar <strong>Agust\u00edn Ferrarotti<\/strong> junto a la diputada provincial <strong>Noelia Ruiz<\/strong> participaron junto a directivos de los diferentes niveles educativos de los festejos.<\/p>\n<p>\u201cVivimos un acto conmemorativo hermoso donde ni\u00f1os, familias y docentes bailaron al compas de m\u00fasica patria y folcl\u00f3rica, compartiendo comidas t\u00edpica de las fechas de mayo. Es esperanzador ver tal nivel de compromiso de toda la comunidad educativa\u201d, dijo el consejero Agust\u00edn Ferrarotti.<\/p>\n<p>D\u00edas previos se hab\u00edan acercado para acompa\u00f1ar a la comunidad de la Escuela 26, tras los lamentables hechos sucedidos de robo material de trabajo del jard\u00edn. En dicha ocasi\u00f3n se comprometieron a colaborar con la escuela y los algunos de los elementos faltantes, en pos de acompa\u00f1ar los esfuerzos de todos, entendiendo que son recursos importantes para la tarea pedag\u00f3gica diaria de la escuela.<\/p>\n<p>\u00abAgradezco a Elsa y Karina, directivos del Jard\u00edn y la primaria respectivamente, que d\u00eda a d\u00eda junto con docentes y auxiliares ponen el m\u00e1ximo para brindar la mejor educaci\u00f3n para sus ni\u00f1os. Es una comunidad educativa que trabaja mucho y eso est\u00e1 a la vista de todos\u201d ,continu\u00f3 Ferraroti.<\/p>\n<p>Compartiendo la preocupaci\u00f3n por lo sucedido y esperando que estas cosas no vuelvan a suceder, el consejero le comunic\u00f3 a los directivos sobre la elevaci\u00f3n de un pedido formal al municipio, tanto al Poder Ejecutivo como al Legislativo, con la necesidad de mejora del camino, la tan necesaria bicisenda y la posibilidad de instalar un domo de filmaci\u00f3n para mayor prevenci\u00f3n y seguridad.<\/p>\n<p>\u00abEstas son necesidades y reclamos de los vecinos y de la comunidad educativa para seguir mejorando las escuelas de nuestra ciudad\u00bb, dijo Ferrarotti.<\/p>\n","protected":false},"excerpt":{"rendered":"<p>\u25a0 El jueves por la ma\u00f1ana el consejero escolar Agust\u00edn Ferrarotti junto a la diputada provincial Noelia Ruiz participaron junto a directivos de los niveles educativos. Tomaron nota de sus reclamos y se comprometieron a accionar<\/p>\n","protected":false},"author":16,"featured_media":91727,"comment_status":"open","ping_status":"open","sticky":false,"template":"","format":"standard","meta":{"footnotes":""},"categories":[16],"tags":[13302,267,38,505,18,14476,12447,11066,287],"class_list":["post-91725","post","type-post","status-publish","format-standard","has-post-thumbnail","hentry","category-politica","tag-agustin-ferrarotti","tag-consejo-escolar","tag-educacion","tag-escuela-26","tag-escuelas","tag-jirimm-2","tag-juntos","tag-noelia-ruiz","tag-reclamos"],"yoast_head":"<!-- This site is optimized with the Yoast SEO plugin v27.5 - https:\/\/yoast.com\/product\/yoast-seo-wordpress\/ -->\n<title>Ferrarotti y Ruiz fueron parte de los festejos patrios de Escuela Primaria 26 y el JIRIMM 2<\/title>\n<meta name=\"robots\" content=\"index, follow, max-snippet:-1, max-image-preview:large, max-video-preview:-1\" \/>\n<link rel=\"canonical\" href=\"https:\/\/noticiasmercedinas.com\/site\/2022\/05\/27\/ferrarotti-y-ruiz-fueron-parte-de-los-festejos-patrios-de-escuela-primaria-26-y-el-jirimm-2\/\" \/>\n<meta property=\"og:locale\" content=\"es_ES\" \/>\n<meta property=\"og:type\" content=\"article\" \/>\n<meta property=\"og:title\" content=\"Ferrarotti y Ruiz fueron parte de los festejos patrios de Escuela Primaria 26 y el JIRIMM 2\" \/>\n<meta property=\"og:description\" content=\"\u25a0 El jueves por la ma\u00f1ana el consejero escolar Agust\u00edn Ferrarotti junto a la diputada provincial Noelia Ruiz participaron junto a directivos de los niveles educativos. Tomaron nota de sus reclamos y se comprometieron a accionar\" \/>\n<meta property=\"og:url\" content=\"https:\/\/noticiasmercedinas.com\/site\/2022\/05\/27\/ferrarotti-y-ruiz-fueron-parte-de-los-festejos-patrios-de-escuela-primaria-26-y-el-jirimm-2\/\" \/>\n<meta property=\"og:site_name\" content=\"NOTICIASMERCEDINAS.COM\" \/>\n<meta property=\"article:publisher\" content=\"https:\/\/www.facebook.com\/noticiasmercedinas\/\" \/>\n<meta property=\"article:published_time\" content=\"2022-05-27T23:51:12+00:00\" \/>\n<meta property=\"article:modified_time\" content=\"2022-05-27T23:52:58+00:00\" \/>\n<meta property=\"og:image\" content=\"https:\/\/noticiasmercedinas.com\/site\/wp-content\/uploads\/2022\/05\/8ab1bc1a-c45e-4185-a09a-d2ce1a5a5566-1.jpg\" \/>\n\t<meta property=\"og:image:width\" content=\"640\" \/>\n\t<meta property=\"og:image:height\" content=\"380\" \/>\n\t<meta property=\"og:image:type\" content=\"image\/jpeg\" \/>\n<meta name=\"author\" content=\"NOTICIASMERCEDINAS.COM\" \/>\n<meta name=\"twitter:card\" content=\"summary_large_image\" \/>\n<meta name=\"twitter:creator\" content=\"@notmercedinas\" \/>\n<meta name=\"twitter:site\" content=\"@notmercedinas\" \/>\n<meta name=\"twitter:label1\" content=\"Escrito por\" \/>\n\t<meta name=\"twitter:data1\" content=\"NOTICIASMERCEDINAS.COM\" \/>\n\t<meta name=\"twitter:label2\" content=\"Tiempo de lectura\" \/>\n\t<meta name=\"twitter:data2\" content=\"2 minutos\" \/>\n<script type=\"application\/ld+json\" class=\"yoast-schema-graph\">{\"@context\":\"https:\\\/\\\/schema.org\",\"@graph\":[{\"@type\":\"Article\",\"@id\":\"https:\\\/\\\/noticiasmercedinas.com\\\/site\\\/2022\\\/05\\\/27\\\/ferrarotti-y-ruiz-fueron-parte-de-los-festejos-patrios-de-escuela-primaria-26-y-el-jirimm-2\\\/#article\",\"isPartOf\":{\"@id\":\"https:\\\/\\\/noticiasmercedinas.com\\\/site\\\/2022\\\/05\\\/27\\\/ferrarotti-y-ruiz-fueron-parte-de-los-festejos-patrios-de-escuela-primaria-26-y-el-jirimm-2\\\/\"},\"author\":{\"name\":\"NOTICIASMERCEDINAS.COM\",\"@id\":\"https:\\\/\\\/noticiasmercedinas.com\\\/site\\\/#\\\/schema\\\/person\\\/84b59c099c28ff2e8b77d4ceec5d8063\"},\"headline\":\"Ferrarotti y Ruiz fueron parte de los festejos patrios de Escuela Primaria 26 y el JIRIMM 2\",\"datePublished\":\"2022-05-27T23:51:12+00:00\",\"dateModified\":\"2022-05-27T23:52:58+00:00\",\"mainEntityOfPage\":{\"@id\":\"https:\\\/\\\/noticiasmercedinas.com\\\/site\\\/2022\\\/05\\\/27\\\/ferrarotti-y-ruiz-fueron-parte-de-los-festejos-patrios-de-escuela-primaria-26-y-el-jirimm-2\\\/\"},\"wordCount\":347,\"commentCount\":0,\"publisher\":{\"@id\":\"https:\\\/\\\/noticiasmercedinas.com\\\/site\\\/#organization\"},\"image\":{\"@id\":\"https:\\\/\\\/noticiasmercedinas.com\\\/site\\\/2022\\\/05\\\/27\\\/ferrarotti-y-ruiz-fueron-parte-de-los-festejos-patrios-de-escuela-primaria-26-y-el-jirimm-2\\\/#primaryimage\"},\"thumbnailUrl\":\"https:\\\/\\\/noticiasmercedinas.com\\\/site\\\/wp-content\\\/uploads\\\/2022\\\/05\\\/8ab1bc1a-c45e-4185-a09a-d2ce1a5a5566-1.jpg\",\"keywords\":[\"Agust\u00edn Ferrarotti\",\"consejo escolar\",\"educacion\",\"escuela 26\",\"escuelas\",\"jirimm 2\",\"Juntos\",\"Noelia Ruiz\",\"reclamos\"],\"articleSection\":[\"Politica\"],\"inLanguage\":\"es\",\"potentialAction\":[{\"@type\":\"CommentAction\",\"name\":\"Comment\",\"target\":[\"https:\\\/\\\/noticiasmercedinas.com\\\/site\\\/2022\\\/05\\\/27\\\/ferrarotti-y-ruiz-fueron-parte-de-los-festejos-patrios-de-escuela-primaria-26-y-el-jirimm-2\\\/#respond\"]}]},{\"@type\":\"WebPage\",\"@id\":\"https:\\\/\\\/noticiasmercedinas.com\\\/site\\\/2022\\\/05\\\/27\\\/ferrarotti-y-ruiz-fueron-parte-de-los-festejos-patrios-de-escuela-primaria-26-y-el-jirimm-2\\\/\",\"url\":\"https:\\\/\\\/noticiasmercedinas.com\\\/site\\\/2022\\\/05\\\/27\\\/ferrarotti-y-ruiz-fueron-parte-de-los-festejos-patrios-de-escuela-primaria-26-y-el-jirimm-2\\\/\",\"name\":\"Ferrarotti y Ruiz fueron parte de los festejos patrios de Escuela Primaria 26 y el JIRIMM 2\",\"isPartOf\":{\"@id\":\"https:\\\/\\\/noticiasmercedinas.com\\\/site\\\/#website\"},\"primaryImageOfPage\":{\"@id\":\"https:\\\/\\\/noticiasmercedinas.com\\\/site\\\/2022\\\/05\\\/27\\\/ferrarotti-y-ruiz-fueron-parte-de-los-festejos-patrios-de-escuela-primaria-26-y-el-jirimm-2\\\/#primaryimage\"},\"image\":{\"@id\":\"https:\\\/\\\/noticiasmercedinas.com\\\/site\\\/2022\\\/05\\\/27\\\/ferrarotti-y-ruiz-fueron-parte-de-los-festejos-patrios-de-escuela-primaria-26-y-el-jirimm-2\\\/#primaryimage\"},\"thumbnailUrl\":\"https:\\\/\\\/noticiasmercedinas.com\\\/site\\\/wp-content\\\/uploads\\\/2022\\\/05\\\/8ab1bc1a-c45e-4185-a09a-d2ce1a5a5566-1.jpg\",\"datePublished\":\"2022-05-27T23:51:12+00:00\",\"dateModified\":\"2022-05-27T23:52:58+00:00\",\"breadcrumb\":{\"@id\":\"https:\\\/\\\/noticiasmercedinas.com\\\/site\\\/2022\\\/05\\\/27\\\/ferrarotti-y-ruiz-fueron-parte-de-los-festejos-patrios-de-escuela-primaria-26-y-el-jirimm-2\\\/#breadcrumb\"},\"inLanguage\":\"es\",\"potentialAction\":[{\"@type\":\"ReadAction\",\"target\":[\"https:\\\/\\\/noticiasmercedinas.com\\\/site\\\/2022\\\/05\\\/27\\\/ferrarotti-y-ruiz-fueron-parte-de-los-festejos-patrios-de-escuela-primaria-26-y-el-jirimm-2\\\/\"]}]},{\"@type\":\"ImageObject\",\"inLanguage\":\"es\",\"@id\":\"https:\\\/\\\/noticiasmercedinas.com\\\/site\\\/2022\\\/05\\\/27\\\/ferrarotti-y-ruiz-fueron-parte-de-los-festejos-patrios-de-escuela-primaria-26-y-el-jirimm-2\\\/#primaryimage\",\"url\":\"https:\\\/\\\/noticiasmercedinas.com\\\/site\\\/wp-content\\\/uploads\\\/2022\\\/05\\\/8ab1bc1a-c45e-4185-a09a-d2ce1a5a5566-1.jpg\",\"contentUrl\":\"https:\\\/\\\/noticiasmercedinas.com\\\/site\\\/wp-content\\\/uploads\\\/2022\\\/05\\\/8ab1bc1a-c45e-4185-a09a-d2ce1a5a5566-1.jpg\",\"width\":640,\"height\":380},{\"@type\":\"BreadcrumbList\",\"@id\":\"https:\\\/\\\/noticiasmercedinas.com\\\/site\\\/2022\\\/05\\\/27\\\/ferrarotti-y-ruiz-fueron-parte-de-los-festejos-patrios-de-escuela-primaria-26-y-el-jirimm-2\\\/#breadcrumb\",\"itemListElement\":[{\"@type\":\"ListItem\",\"position\":1,\"name\":\"Portada\",\"item\":\"https:\\\/\\\/noticiasmercedinas.com\\\/site\\\/\"},{\"@type\":\"ListItem\",\"position\":2,\"name\":\"Ferrarotti y Ruiz fueron parte de los festejos patrios de Escuela Primaria 26 y el JIRIMM 2\"}]},{\"@type\":\"WebSite\",\"@id\":\"https:\\\/\\\/noticiasmercedinas.com\\\/site\\\/#website\",\"url\":\"https:\\\/\\\/noticiasmercedinas.com\\\/site\\\/\",\"name\":\"NOTICIASMERCEDINAS.COM\",\"description\":\"Mercedes, Buenos Aires, Argentina\",\"publisher\":{\"@id\":\"https:\\\/\\\/noticiasmercedinas.com\\\/site\\\/#organization\"},\"potentialAction\":[{\"@type\":\"SearchAction\",\"target\":{\"@type\":\"EntryPoint\",\"urlTemplate\":\"https:\\\/\\\/noticiasmercedinas.com\\\/site\\\/?s={search_term_string}\"},\"query-input\":{\"@type\":\"PropertyValueSpecification\",\"valueRequired\":true,\"valueName\":\"search_term_string\"}}],\"inLanguage\":\"es\"},{\"@type\":\"Organization\",\"@id\":\"https:\\\/\\\/noticiasmercedinas.com\\\/site\\\/#organization\",\"name\":\"NOTICIASMERCEDINAS.COM\",\"url\":\"https:\\\/\\\/noticiasmercedinas.com\\\/site\\\/\",\"logo\":{\"@type\":\"ImageObject\",\"inLanguage\":\"es\",\"@id\":\"https:\\\/\\\/noticiasmercedinas.com\\\/site\\\/#\\\/schema\\\/logo\\\/image\\\/\",\"url\":\"https:\\\/\\\/noticiasmercedinas.com\\\/site\\\/wp-content\\\/uploads\\\/2020\\\/06\\\/LOGO-512.jpg\",\"contentUrl\":\"https:\\\/\\\/noticiasmercedinas.com\\\/site\\\/wp-content\\\/uploads\\\/2020\\\/06\\\/LOGO-512.jpg\",\"width\":512,\"height\":512,\"caption\":\"NOTICIASMERCEDINAS.COM\"},\"image\":{\"@id\":\"https:\\\/\\\/noticiasmercedinas.com\\\/site\\\/#\\\/schema\\\/logo\\\/image\\\/\"},\"sameAs\":[\"https:\\\/\\\/www.facebook.com\\\/noticiasmercedinas\\\/\",\"https:\\\/\\\/x.com\\\/notmercedinas\",\"https:\\\/\\\/www.instagram.com\\\/noticiasmercedinas\\\/\"]},{\"@type\":\"Person\",\"@id\":\"https:\\\/\\\/noticiasmercedinas.com\\\/site\\\/#\\\/schema\\\/person\\\/84b59c099c28ff2e8b77d4ceec5d8063\",\"name\":\"NOTICIASMERCEDINAS.COM\",\"image\":{\"@type\":\"ImageObject\",\"inLanguage\":\"es\",\"@id\":\"https:\\\/\\\/secure.gravatar.com\\\/avatar\\\/4dfbf16b4d17945bfb6341b2d19043457132fcf478a5ee04f42e959fd8f5df0a?s=96&d=mm&r=g\",\"url\":\"https:\\\/\\\/secure.gravatar.com\\\/avatar\\\/4dfbf16b4d17945bfb6341b2d19043457132fcf478a5ee04f42e959fd8f5df0a?s=96&d=mm&r=g\",\"contentUrl\":\"https:\\\/\\\/secure.gravatar.com\\\/avatar\\\/4dfbf16b4d17945bfb6341b2d19043457132fcf478a5ee04f42e959fd8f5df0a?s=96&d=mm&r=g\",\"caption\":\"NOTICIASMERCEDINAS.COM\"},\"url\":\"https:\\\/\\\/noticiasmercedinas.com\\\/site\\\/author\\\/anonimo\\\/\"}]}<\/script>\n<!-- \/ Yoast SEO plugin. -->","yoast_head_json":{"title":"Ferrarotti y Ruiz fueron parte de los festejos patrios de Escuela Primaria 26 y el JIRIMM 2","robots":{"index":"index","follow":"follow","max-snippet":"max-snippet:-1","max-image-preview":"max-image-preview:large","max-video-preview":"max-video-preview:-1"},"canonical":"https:\/\/noticiasmercedinas.com\/site\/2022\/05\/27\/ferrarotti-y-ruiz-fueron-parte-de-los-festejos-patrios-de-escuela-primaria-26-y-el-jirimm-2\/","og_locale":"es_ES","og_type":"article","og_title":"Ferrarotti y Ruiz fueron parte de los festejos patrios de Escuela Primaria 26 y el JIRIMM 2","og_description":"\u25a0 El jueves por la ma\u00f1ana el consejero escolar Agust\u00edn Ferrarotti junto a la diputada provincial Noelia Ruiz participaron junto a directivos de los niveles educativos. Tomaron nota de sus reclamos y se comprometieron a accionar","og_url":"https:\/\/noticiasmercedinas.com\/site\/2022\/05\/27\/ferrarotti-y-ruiz-fueron-parte-de-los-festejos-patrios-de-escuela-primaria-26-y-el-jirimm-2\/","og_site_name":"NOTICIASMERCEDINAS.COM","article_publisher":"https:\/\/www.facebook.com\/noticiasmercedinas\/","article_published_time":"2022-05-27T23:51:12+00:00","article_modified_time":"2022-05-27T23:52:58+00:00","og_image":[{"width":640,"height":380,"url":"https:\/\/noticiasmercedinas.com\/site\/wp-content\/uploads\/2022\/05\/8ab1bc1a-c45e-4185-a09a-d2ce1a5a5566-1.jpg","type":"image\/jpeg"}],"author":"NOTICIASMERCEDINAS.COM","twitter_card":"summary_large_image","twitter_creator":"@notmercedinas","twitter_site":"@notmercedinas","twitter_misc":{"Escrito por":"NOTICIASMERCEDINAS.COM","Tiempo de lectura":"2 minutos"},"schema":{"@context":"https:\/\/schema.org","@graph":[{"@type":"Article","@id":"https:\/\/noticiasmercedinas.com\/site\/2022\/05\/27\/ferrarotti-y-ruiz-fueron-parte-de-los-festejos-patrios-de-escuela-primaria-26-y-el-jirimm-2\/#article","isPartOf":{"@id":"https:\/\/noticiasmercedinas.com\/site\/2022\/05\/27\/ferrarotti-y-ruiz-fueron-parte-de-los-festejos-patrios-de-escuela-primaria-26-y-el-jirimm-2\/"},"author":{"name":"NOTICIASMERCEDINAS.COM","@id":"https:\/\/noticiasmercedinas.com\/site\/#\/schema\/person\/84b59c099c28ff2e8b77d4ceec5d8063"},"headline":"Ferrarotti y Ruiz fueron parte de los festejos patrios de Escuela Primaria 26 y el JIRIMM 2","datePublished":"2022-05-27T23:51:12+00:00","dateModified":"2022-05-27T23:52:58+00:00","mainEntityOfPage":{"@id":"https:\/\/noticiasmercedinas.com\/site\/2022\/05\/27\/ferrarotti-y-ruiz-fueron-parte-de-los-festejos-patrios-de-escuela-primaria-26-y-el-jirimm-2\/"},"wordCount":347,"commentCount":0,"publisher":{"@id":"https:\/\/noticiasmercedinas.com\/site\/#organization"},"image":{"@id":"https:\/\/noticiasmercedinas.com\/site\/2022\/05\/27\/ferrarotti-y-ruiz-fueron-parte-de-los-festejos-patrios-de-escuela-primaria-26-y-el-jirimm-2\/#primaryimage"},"thumbnailUrl":"https:\/\/noticiasmercedinas.com\/site\/wp-content\/uploads\/2022\/05\/8ab1bc1a-c45e-4185-a09a-d2ce1a5a5566-1.jpg","keywords":["Agust\u00edn Ferrarotti","consejo escolar","educacion","escuela 26","escuelas","jirimm 2","Juntos","Noelia Ruiz","reclamos"],"articleSection":["Politica"],"inLanguage":"es","potentialAction":[{"@type":"CommentAction","name":"Comment","target":["https:\/\/noticiasmercedinas.com\/site\/2022\/05\/27\/ferrarotti-y-ruiz-fueron-parte-de-los-festejos-patrios-de-escuela-primaria-26-y-el-jirimm-2\/#respond"]}]},{"@type":"WebPage","@id":"https:\/\/noticiasmercedinas.com\/site\/2022\/05\/27\/ferrarotti-y-ruiz-fueron-parte-de-los-festejos-patrios-de-escuela-primaria-26-y-el-jirimm-2\/","url":"https:\/\/noticiasmercedinas.com\/site\/2022\/05\/27\/ferrarotti-y-ruiz-fueron-parte-de-los-festejos-patrios-de-escuela-primaria-26-y-el-jirimm-2\/","name":"Ferrarotti y Ruiz fueron parte de los festejos patrios de Escuela Primaria 26 y el JIRIMM 2","isPartOf":{"@id":"https:\/\/noticiasmercedinas.com\/site\/#website"},"primaryImageOfPage":{"@id":"https:\/\/noticiasmercedinas.com\/site\/2022\/05\/27\/ferrarotti-y-ruiz-fueron-parte-de-los-festejos-patrios-de-escuela-primaria-26-y-el-jirimm-2\/#primaryimage"},"image":{"@id":"https:\/\/noticiasmercedinas.com\/site\/2022\/05\/27\/ferrarotti-y-ruiz-fueron-parte-de-los-festejos-patrios-de-escuela-primaria-26-y-el-jirimm-2\/#primaryimage"},"thumbnailUrl":"https:\/\/noticiasmercedinas.com\/site\/wp-content\/uploads\/2022\/05\/8ab1bc1a-c45e-4185-a09a-d2ce1a5a5566-1.jpg","datePublished":"2022-05-27T23:51:12+00:00","dateModified":"2022-05-27T23:52:58+00:00","breadcrumb":{"@id":"https:\/\/noticiasmercedinas.com\/site\/2022\/05\/27\/ferrarotti-y-ruiz-fueron-parte-de-los-festejos-patrios-de-escuela-primaria-26-y-el-jirimm-2\/#breadcrumb"},"inLanguage":"es","potentialAction":[{"@type":"ReadAction","target":["https:\/\/noticiasmercedinas.com\/site\/2022\/05\/27\/ferrarotti-y-ruiz-fueron-parte-de-los-festejos-patrios-de-escuela-primaria-26-y-el-jirimm-2\/"]}]},{"@type":"ImageObject","inLanguage":"es","@id":"https:\/\/noticiasmercedinas.com\/site\/2022\/05\/27\/ferrarotti-y-ruiz-fueron-parte-de-los-festejos-patrios-de-escuela-primaria-26-y-el-jirimm-2\/#primaryimage","url":"https:\/\/noticiasmercedinas.com\/site\/wp-content\/uploads\/2022\/05\/8ab1bc1a-c45e-4185-a09a-d2ce1a5a5566-1.jpg","contentUrl":"https:\/\/noticiasmercedinas.com\/site\/wp-content\/uploads\/2022\/05\/8ab1bc1a-c45e-4185-a09a-d2ce1a5a5566-1.jpg","width":640,"height":380},{"@type":"BreadcrumbList","@id":"https:\/\/noticiasmercedinas.com\/site\/2022\/05\/27\/ferrarotti-y-ruiz-fueron-parte-de-los-festejos-patrios-de-escuela-primaria-26-y-el-jirimm-2\/#breadcrumb","itemListElement":[{"@type":"ListItem","position":1,"name":"Portada","item":"https:\/\/noticiasmercedinas.com\/site\/"},{"@type":"ListItem","position":2,"name":"Ferrarotti y Ruiz fueron parte de los festejos patrios de Escuela Primaria 26 y el JIRIMM 2"}]},{"@type":"WebSite","@id":"https:\/\/noticiasmercedinas.com\/site\/#website","url":"https:\/\/noticiasmercedinas.com\/site\/","name":"NOTICIASMERCEDINAS.COM","description":"Mercedes, Buenos Aires, Argentina","publisher":{"@id":"https:\/\/noticiasmercedinas.com\/site\/#organization"},"potentialAction":[{"@type":"SearchAction","target":{"@type":"EntryPoint","urlTemplate":"https:\/\/noticiasmercedinas.com\/site\/?s={search_term_string}"},"query-input":{"@type":"PropertyValueSpecification","valueRequired":true,"valueName":"search_term_string"}}],"inLanguage":"es"},{"@type":"Organization","@id":"https:\/\/noticiasmercedinas.com\/site\/#organization","name":"NOTICIASMERCEDINAS.COM","url":"https:\/\/noticiasmercedinas.com\/site\/","logo":{"@type":"ImageObject","inLanguage":"es","@id":"https:\/\/noticiasmercedinas.com\/site\/#\/schema\/logo\/image\/","url":"https:\/\/noticiasmercedinas.com\/site\/wp-content\/uploads\/2020\/06\/LOGO-512.jpg","contentUrl":"https:\/\/noticiasmercedinas.com\/site\/wp-content\/uploads\/2020\/06\/LOGO-512.jpg","width":512,"height":512,"caption":"NOTICIASMERCEDINAS.COM"},"image":{"@id":"https:\/\/noticiasmercedinas.com\/site\/#\/schema\/logo\/image\/"},"sameAs":["https:\/\/www.facebook.com\/noticiasmercedinas\/","https:\/\/x.com\/notmercedinas","https:\/\/www.instagram.com\/noticiasmercedinas\/"]},{"@type":"Person","@id":"https:\/\/noticiasmercedinas.com\/site\/#\/schema\/person\/84b59c099c28ff2e8b77d4ceec5d8063","name":"NOTICIASMERCEDINAS.COM","image":{"@type":"ImageObject","inLanguage":"es","@id":"https:\/\/secure.gravatar.com\/avatar\/4dfbf16b4d17945bfb6341b2d19043457132fcf478a5ee04f42e959fd8f5df0a?s=96&d=mm&r=g","url":"https:\/\/secure.gravatar.com\/avatar\/4dfbf16b4d17945bfb6341b2d19043457132fcf478a5ee04f42e959fd8f5df0a?s=96&d=mm&r=g","contentUrl":"https:\/\/secure.gravatar.com\/avatar\/4dfbf16b4d17945bfb6341b2d19043457132fcf478a5ee04f42e959fd8f5df0a?s=96&d=mm&r=g","caption":"NOTICIASMERCEDINAS.COM"},"url":"https:\/\/noticiasmercedinas.com\/site\/author\/anonimo\/"}]}},"amp_enabled":true,"_links":{"self":[{"href":"https:\/\/noticiasmercedinas.com\/site\/wp-json\/wp\/v2\/posts\/91725","targetHints":{"allow":["GET"]}}],"collection":[{"href":"https:\/\/noticiasmercedinas.com\/site\/wp-json\/wp\/v2\/posts"}],"about":[{"href":"https:\/\/noticiasmercedinas.com\/site\/wp-json\/wp\/v2\/types\/post"}],"author":[{"embeddable":true,"href":"https:\/\/noticiasmercedinas.com\/site\/wp-json\/wp\/v2\/users\/16"}],"replies":[{"embeddable":true,"href":"https:\/\/noticiasmercedinas.com\/site\/wp-json\/wp\/v2\/comments?post=91725"}],"version-history":[{"count":3,"href":"https:\/\/noticiasmercedinas.com\/site\/wp-json\/wp\/v2\/posts\/91725\/revisions"}],"predecessor-version":[{"id":91730,"href":"https:\/\/noticiasmercedinas.com\/site\/wp-json\/wp\/v2\/posts\/91725\/revisions\/91730"}],"wp:featuredmedia":[{"embeddable":true,"href":"https:\/\/noticiasmercedinas.com\/site\/wp-json\/wp\/v2\/media\/91727"}],"wp:attachment":[{"href":"https:\/\/noticiasmercedinas.com\/site\/wp-json\/wp\/v2\/media?parent=91725"}],"wp:term":[{"taxonomy":"category","embeddable":true,"href":"https:\/\/noticiasmercedinas.com\/site\/wp-json\/wp\/v2\/categories?post=91725"},{"taxonomy":"post_tag","embeddable":true,"href":"https:\/\/noticiasmercedinas.com\/site\/wp-json\/wp\/v2\/tags?post=91725"}],"curies":[{"name":"wp","href":"https:\/\/api.w.org\/{rel}","templated":true}]}}