{"id":92071,"date":"2022-06-01T09:54:14","date_gmt":"2022-06-01T12:54:14","guid":{"rendered":"https:\/\/noticiasmercedinas.com\/site\/?p=92071"},"modified":"2022-06-01T09:54:14","modified_gmt":"2022-06-01T12:54:14","slug":"empleo-propone-pasantes-rentados-para-empresas-industrias-comercios-y-otros","status":"publish","type":"post","link":"https:\/\/noticiasmercedinas.com\/site\/2022\/06\/01\/empleo-propone-pasantes-rentados-para-empresas-industrias-comercios-y-otros\/","title":{"rendered":"Empleo propone \u201cPasantes Rentados\u201d para empresas, industrias, comercios y otros"},"content":{"rendered":"<p><img loading=\"lazy\" decoding=\"async\" class=\"alignnone size-full wp-image-92073\" src=\"https:\/\/noticiasmercedinas.com\/site\/wp-content\/uploads\/2022\/06\/477463.webp\" alt=\"\" width=\"880\" height=\"495\" srcset=\"https:\/\/noticiasmercedinas.com\/site\/wp-content\/uploads\/2022\/06\/477463.webp 880w, https:\/\/noticiasmercedinas.com\/site\/wp-content\/uploads\/2022\/06\/477463-300x169.webp 300w, https:\/\/noticiasmercedinas.com\/site\/wp-content\/uploads\/2022\/06\/477463-768x432.webp 768w, https:\/\/noticiasmercedinas.com\/site\/wp-content\/uploads\/2022\/06\/477463-640x360.webp 640w, https:\/\/noticiasmercedinas.com\/site\/wp-content\/uploads\/2022\/06\/477463-681x383.webp 681w\" sizes=\"auto, (max-width: 880px) 100vw, 880px\" \/><\/p>\n<p>En un trabajo articulado entre el Municipio de Mercedes, a trav\u00e9s de la Direcci\u00f3n de Producci\u00f3n y su Oficina de Empleo, se est\u00e1 promoviendo el programa Pasantes Rentados, a trav\u00e9s del cual, empresas, industrias, comercios, consultorios, estudios jur\u00eddicos, y otros, pueden ampliar su staff de trabajo, formando y capacitando a futuros empleados.<\/p>\n<p>El objetivo que se persigue es poder brindarles un primer empleo a aquellos j\u00f3venes que inician su camino laboral, donde gracias al impulso del Ministerio de Trabajo estas pasant\u00edas son rentadas.<\/p>\n<p><strong>Griselda Villordo<\/strong>, del \u00e1rea de Empleo, inform\u00f3: \u201cSiempre invitamos a las empresas, para brindarles una oportunidad a los j\u00f3venes, que necesitan obtener su primer empleo, para que les den la posibilidad de pasant\u00edas. En este caso son rentadas ya que el Ministerio de Trabajo lo que hace es otorgarles a los pasantes una ayuda econ\u00f3mica para que se pueda capacitar\u201d.<\/p>\n<p>En este sentido, Villordo indic\u00f3 que \u201ca las empresas, los comercios, las industrias, consultorios m\u00e9dicos, estudios jur\u00eddicos o contables, les pedimos que se acerquen a la Oficina de Empleo de la Municipalidad, que nos consulten por el programa Entrenamiento para el Trabajo, para que les contemos los beneficios y ayudas del Ministerio de Trabajo para poder capacitar y contratar gente\u201d.<\/p>\n<p>\u201cEl tiempo que desarrollan las actividades depender\u00e1 del trabajo que vayan a realizar y aprender, la ayuda va de 3 a 6 meses\u201d puntualiz\u00f3 luego y reiter\u00f3 que \u201cse pueden acercar a la oficina y les brindamos toda la informaci\u00f3n necesaria, les sacamos todas las dudas antes de implementar el programa, para luego tener el seguimiento y acompa\u00f1amiento de la oficina para ambas partes, tanto para el empleador como para el futuro pasante\u201d.<\/p>\n<p>Para informaci\u00f3n, tanto a j\u00f3venes a quienes les interesa esta propuesta como as\u00ed tambi\u00e9n a los diferentes empleadores, pueden acercarse a la Oficina de Empleo Municipal (calle 29 entre 26 y 28) de 8:00 a 14:00 horas, escribir oetrabajomercedes@gmail.com\u00a0 o llamar a los tel\u00e9fonos: 15585372 \u2013 15461109<\/p>\n","protected":false},"excerpt":{"rendered":"<p>En un trabajo articulado entre el Municipio de Mercedes, a trav\u00e9s de la Direcci\u00f3n de Producci\u00f3n y su Oficina de Empleo, se est\u00e1 promoviendo el programa Pasantes Rentados, a trav\u00e9s del cual, empresas, industrias, comercios, consultorios, estudios jur\u00eddicos, y otros, pueden ampliar su staff de trabajo, formando y capacitando a futuros empleados. El objetivo que [&hellip;]<\/p>\n","protected":false},"author":16,"featured_media":92073,"comment_status":"open","ping_status":"open","sticky":false,"template":"","format":"standard","meta":{"footnotes":""},"categories":[74],"tags":[11925,6904],"class_list":["post-92071","post","type-post","status-publish","format-standard","has-post-thumbnail","hentry","category-emprendimientos","tag-oficina-de-empleo","tag-pasantias"],"yoast_head":"<!-- This site is optimized with the Yoast SEO plugin v27.5 - https:\/\/yoast.com\/product\/yoast-seo-wordpress\/ -->\n<title>Empleo propone \u201cPasantes Rentados\u201d para empresas, industrias, comercios y otros<\/title>\n<meta name=\"robots\" content=\"index, follow, max-snippet:-1, max-image-preview:large, max-video-preview:-1\" \/>\n<link rel=\"canonical\" href=\"https:\/\/noticiasmercedinas.com\/site\/2022\/06\/01\/empleo-propone-pasantes-rentados-para-empresas-industrias-comercios-y-otros\/\" \/>\n<meta property=\"og:locale\" content=\"es_ES\" \/>\n<meta property=\"og:type\" content=\"article\" \/>\n<meta property=\"og:title\" content=\"Empleo propone \u201cPasantes Rentados\u201d para empresas, industrias, comercios y otros\" \/>\n<meta property=\"og:description\" content=\"En un trabajo articulado entre el Municipio de Mercedes, a trav\u00e9s de la Direcci\u00f3n de Producci\u00f3n y su Oficina de Empleo, se est\u00e1 promoviendo el programa Pasantes Rentados, a trav\u00e9s del cual, empresas, industrias, comercios, consultorios, estudios jur\u00eddicos, y otros, pueden ampliar su staff de trabajo, formando y capacitando a futuros empleados. El objetivo que [&hellip;]\" \/>\n<meta property=\"og:url\" content=\"https:\/\/noticiasmercedinas.com\/site\/2022\/06\/01\/empleo-propone-pasantes-rentados-para-empresas-industrias-comercios-y-otros\/\" \/>\n<meta property=\"og:site_name\" content=\"NOTICIASMERCEDINAS.COM\" \/>\n<meta property=\"article:publisher\" content=\"https:\/\/www.facebook.com\/noticiasmercedinas\/\" \/>\n<meta property=\"article:published_time\" content=\"2022-06-01T12:54:14+00:00\" \/>\n<meta property=\"og:image\" content=\"https:\/\/noticiasmercedinas.com\/site\/wp-content\/uploads\/2022\/06\/477463.webp\" \/>\n\t<meta property=\"og:image:width\" content=\"880\" \/>\n\t<meta property=\"og:image:height\" content=\"495\" \/>\n\t<meta property=\"og:image:type\" content=\"image\/webp\" \/>\n<meta name=\"author\" content=\"NOTICIASMERCEDINAS.COM\" \/>\n<meta name=\"twitter:card\" content=\"summary_large_image\" \/>\n<meta name=\"twitter:creator\" content=\"@notmercedinas\" \/>\n<meta name=\"twitter:site\" content=\"@notmercedinas\" \/>\n<meta name=\"twitter:label1\" content=\"Escrito por\" \/>\n\t<meta name=\"twitter:data1\" content=\"NOTICIASMERCEDINAS.COM\" \/>\n\t<meta name=\"twitter:label2\" content=\"Tiempo de lectura\" \/>\n\t<meta name=\"twitter:data2\" content=\"2 minutos\" \/>\n<script type=\"application\/ld+json\" class=\"yoast-schema-graph\">{\"@context\":\"https:\\\/\\\/schema.org\",\"@graph\":[{\"@type\":\"Article\",\"@id\":\"https:\\\/\\\/noticiasmercedinas.com\\\/site\\\/2022\\\/06\\\/01\\\/empleo-propone-pasantes-rentados-para-empresas-industrias-comercios-y-otros\\\/#article\",\"isPartOf\":{\"@id\":\"https:\\\/\\\/noticiasmercedinas.com\\\/site\\\/2022\\\/06\\\/01\\\/empleo-propone-pasantes-rentados-para-empresas-industrias-comercios-y-otros\\\/\"},\"author\":{\"name\":\"NOTICIASMERCEDINAS.COM\",\"@id\":\"https:\\\/\\\/noticiasmercedinas.com\\\/site\\\/#\\\/schema\\\/person\\\/84b59c099c28ff2e8b77d4ceec5d8063\"},\"headline\":\"Empleo propone \u201cPasantes Rentados\u201d para empresas, industrias, comercios y otros\",\"datePublished\":\"2022-06-01T12:54:14+00:00\",\"mainEntityOfPage\":{\"@id\":\"https:\\\/\\\/noticiasmercedinas.com\\\/site\\\/2022\\\/06\\\/01\\\/empleo-propone-pasantes-rentados-para-empresas-industrias-comercios-y-otros\\\/\"},\"wordCount\":343,\"commentCount\":0,\"publisher\":{\"@id\":\"https:\\\/\\\/noticiasmercedinas.com\\\/site\\\/#organization\"},\"image\":{\"@id\":\"https:\\\/\\\/noticiasmercedinas.com\\\/site\\\/2022\\\/06\\\/01\\\/empleo-propone-pasantes-rentados-para-empresas-industrias-comercios-y-otros\\\/#primaryimage\"},\"thumbnailUrl\":\"https:\\\/\\\/noticiasmercedinas.com\\\/site\\\/wp-content\\\/uploads\\\/2022\\\/06\\\/477463.webp\",\"keywords\":[\"oficina de empleo\",\"pasant\u00edas\"],\"articleSection\":[\"Emprendimientos\"],\"inLanguage\":\"es\",\"potentialAction\":[{\"@type\":\"CommentAction\",\"name\":\"Comment\",\"target\":[\"https:\\\/\\\/noticiasmercedinas.com\\\/site\\\/2022\\\/06\\\/01\\\/empleo-propone-pasantes-rentados-para-empresas-industrias-comercios-y-otros\\\/#respond\"]}]},{\"@type\":\"WebPage\",\"@id\":\"https:\\\/\\\/noticiasmercedinas.com\\\/site\\\/2022\\\/06\\\/01\\\/empleo-propone-pasantes-rentados-para-empresas-industrias-comercios-y-otros\\\/\",\"url\":\"https:\\\/\\\/noticiasmercedinas.com\\\/site\\\/2022\\\/06\\\/01\\\/empleo-propone-pasantes-rentados-para-empresas-industrias-comercios-y-otros\\\/\",\"name\":\"Empleo propone \u201cPasantes Rentados\u201d para empresas, industrias, comercios y otros\",\"isPartOf\":{\"@id\":\"https:\\\/\\\/noticiasmercedinas.com\\\/site\\\/#website\"},\"primaryImageOfPage\":{\"@id\":\"https:\\\/\\\/noticiasmercedinas.com\\\/site\\\/2022\\\/06\\\/01\\\/empleo-propone-pasantes-rentados-para-empresas-industrias-comercios-y-otros\\\/#primaryimage\"},\"image\":{\"@id\":\"https:\\\/\\\/noticiasmercedinas.com\\\/site\\\/2022\\\/06\\\/01\\\/empleo-propone-pasantes-rentados-para-empresas-industrias-comercios-y-otros\\\/#primaryimage\"},\"thumbnailUrl\":\"https:\\\/\\\/noticiasmercedinas.com\\\/site\\\/wp-content\\\/uploads\\\/2022\\\/06\\\/477463.webp\",\"datePublished\":\"2022-06-01T12:54:14+00:00\",\"breadcrumb\":{\"@id\":\"https:\\\/\\\/noticiasmercedinas.com\\\/site\\\/2022\\\/06\\\/01\\\/empleo-propone-pasantes-rentados-para-empresas-industrias-comercios-y-otros\\\/#breadcrumb\"},\"inLanguage\":\"es\",\"potentialAction\":[{\"@type\":\"ReadAction\",\"target\":[\"https:\\\/\\\/noticiasmercedinas.com\\\/site\\\/2022\\\/06\\\/01\\\/empleo-propone-pasantes-rentados-para-empresas-industrias-comercios-y-otros\\\/\"]}]},{\"@type\":\"ImageObject\",\"inLanguage\":\"es\",\"@id\":\"https:\\\/\\\/noticiasmercedinas.com\\\/site\\\/2022\\\/06\\\/01\\\/empleo-propone-pasantes-rentados-para-empresas-industrias-comercios-y-otros\\\/#primaryimage\",\"url\":\"https:\\\/\\\/noticiasmercedinas.com\\\/site\\\/wp-content\\\/uploads\\\/2022\\\/06\\\/477463.webp\",\"contentUrl\":\"https:\\\/\\\/noticiasmercedinas.com\\\/site\\\/wp-content\\\/uploads\\\/2022\\\/06\\\/477463.webp\",\"width\":880,\"height\":495},{\"@type\":\"BreadcrumbList\",\"@id\":\"https:\\\/\\\/noticiasmercedinas.com\\\/site\\\/2022\\\/06\\\/01\\\/empleo-propone-pasantes-rentados-para-empresas-industrias-comercios-y-otros\\\/#breadcrumb\",\"itemListElement\":[{\"@type\":\"ListItem\",\"position\":1,\"name\":\"Portada\",\"item\":\"https:\\\/\\\/noticiasmercedinas.com\\\/site\\\/\"},{\"@type\":\"ListItem\",\"position\":2,\"name\":\"Empleo propone \u201cPasantes Rentados\u201d para empresas, industrias, comercios y otros\"}]},{\"@type\":\"WebSite\",\"@id\":\"https:\\\/\\\/noticiasmercedinas.com\\\/site\\\/#website\",\"url\":\"https:\\\/\\\/noticiasmercedinas.com\\\/site\\\/\",\"name\":\"NOTICIASMERCEDINAS.COM\",\"description\":\"Mercedes, Buenos Aires, Argentina\",\"publisher\":{\"@id\":\"https:\\\/\\\/noticiasmercedinas.com\\\/site\\\/#organization\"},\"potentialAction\":[{\"@type\":\"SearchAction\",\"target\":{\"@type\":\"EntryPoint\",\"urlTemplate\":\"https:\\\/\\\/noticiasmercedinas.com\\\/site\\\/?s={search_term_string}\"},\"query-input\":{\"@type\":\"PropertyValueSpecification\",\"valueRequired\":true,\"valueName\":\"search_term_string\"}}],\"inLanguage\":\"es\"},{\"@type\":\"Organization\",\"@id\":\"https:\\\/\\\/noticiasmercedinas.com\\\/site\\\/#organization\",\"name\":\"NOTICIASMERCEDINAS.COM\",\"url\":\"https:\\\/\\\/noticiasmercedinas.com\\\/site\\\/\",\"logo\":{\"@type\":\"ImageObject\",\"inLanguage\":\"es\",\"@id\":\"https:\\\/\\\/noticiasmercedinas.com\\\/site\\\/#\\\/schema\\\/logo\\\/image\\\/\",\"url\":\"https:\\\/\\\/noticiasmercedinas.com\\\/site\\\/wp-content\\\/uploads\\\/2020\\\/06\\\/LOGO-512.jpg\",\"contentUrl\":\"https:\\\/\\\/noticiasmercedinas.com\\\/site\\\/wp-content\\\/uploads\\\/2020\\\/06\\\/LOGO-512.jpg\",\"width\":512,\"height\":512,\"caption\":\"NOTICIASMERCEDINAS.COM\"},\"image\":{\"@id\":\"https:\\\/\\\/noticiasmercedinas.com\\\/site\\\/#\\\/schema\\\/logo\\\/image\\\/\"},\"sameAs\":[\"https:\\\/\\\/www.facebook.com\\\/noticiasmercedinas\\\/\",\"https:\\\/\\\/x.com\\\/notmercedinas\",\"https:\\\/\\\/www.instagram.com\\\/noticiasmercedinas\\\/\"]},{\"@type\":\"Person\",\"@id\":\"https:\\\/\\\/noticiasmercedinas.com\\\/site\\\/#\\\/schema\\\/person\\\/84b59c099c28ff2e8b77d4ceec5d8063\",\"name\":\"NOTICIASMERCEDINAS.COM\",\"image\":{\"@type\":\"ImageObject\",\"inLanguage\":\"es\",\"@id\":\"https:\\\/\\\/secure.gravatar.com\\\/avatar\\\/4dfbf16b4d17945bfb6341b2d19043457132fcf478a5ee04f42e959fd8f5df0a?s=96&d=mm&r=g\",\"url\":\"https:\\\/\\\/secure.gravatar.com\\\/avatar\\\/4dfbf16b4d17945bfb6341b2d19043457132fcf478a5ee04f42e959fd8f5df0a?s=96&d=mm&r=g\",\"contentUrl\":\"https:\\\/\\\/secure.gravatar.com\\\/avatar\\\/4dfbf16b4d17945bfb6341b2d19043457132fcf478a5ee04f42e959fd8f5df0a?s=96&d=mm&r=g\",\"caption\":\"NOTICIASMERCEDINAS.COM\"},\"url\":\"https:\\\/\\\/noticiasmercedinas.com\\\/site\\\/author\\\/anonimo\\\/\"}]}<\/script>\n<!-- \/ Yoast SEO plugin. -->","yoast_head_json":{"title":"Empleo propone \u201cPasantes Rentados\u201d para empresas, industrias, comercios y otros","robots":{"index":"index","follow":"follow","max-snippet":"max-snippet:-1","max-image-preview":"max-image-preview:large","max-video-preview":"max-video-preview:-1"},"canonical":"https:\/\/noticiasmercedinas.com\/site\/2022\/06\/01\/empleo-propone-pasantes-rentados-para-empresas-industrias-comercios-y-otros\/","og_locale":"es_ES","og_type":"article","og_title":"Empleo propone \u201cPasantes Rentados\u201d para empresas, industrias, comercios y otros","og_description":"En un trabajo articulado entre el Municipio de Mercedes, a trav\u00e9s de la Direcci\u00f3n de Producci\u00f3n y su Oficina de Empleo, se est\u00e1 promoviendo el programa Pasantes Rentados, a trav\u00e9s del cual, empresas, industrias, comercios, consultorios, estudios jur\u00eddicos, y otros, pueden ampliar su staff de trabajo, formando y capacitando a futuros empleados. El objetivo que [&hellip;]","og_url":"https:\/\/noticiasmercedinas.com\/site\/2022\/06\/01\/empleo-propone-pasantes-rentados-para-empresas-industrias-comercios-y-otros\/","og_site_name":"NOTICIASMERCEDINAS.COM","article_publisher":"https:\/\/www.facebook.com\/noticiasmercedinas\/","article_published_time":"2022-06-01T12:54:14+00:00","og_image":[{"width":880,"height":495,"url":"https:\/\/noticiasmercedinas.com\/site\/wp-content\/uploads\/2022\/06\/477463.webp","type":"image\/webp"}],"author":"NOTICIASMERCEDINAS.COM","twitter_card":"summary_large_image","twitter_creator":"@notmercedinas","twitter_site":"@notmercedinas","twitter_misc":{"Escrito por":"NOTICIASMERCEDINAS.COM","Tiempo de lectura":"2 minutos"},"schema":{"@context":"https:\/\/schema.org","@graph":[{"@type":"Article","@id":"https:\/\/noticiasmercedinas.com\/site\/2022\/06\/01\/empleo-propone-pasantes-rentados-para-empresas-industrias-comercios-y-otros\/#article","isPartOf":{"@id":"https:\/\/noticiasmercedinas.com\/site\/2022\/06\/01\/empleo-propone-pasantes-rentados-para-empresas-industrias-comercios-y-otros\/"},"author":{"name":"NOTICIASMERCEDINAS.COM","@id":"https:\/\/noticiasmercedinas.com\/site\/#\/schema\/person\/84b59c099c28ff2e8b77d4ceec5d8063"},"headline":"Empleo propone \u201cPasantes Rentados\u201d para empresas, industrias, comercios y otros","datePublished":"2022-06-01T12:54:14+00:00","mainEntityOfPage":{"@id":"https:\/\/noticiasmercedinas.com\/site\/2022\/06\/01\/empleo-propone-pasantes-rentados-para-empresas-industrias-comercios-y-otros\/"},"wordCount":343,"commentCount":0,"publisher":{"@id":"https:\/\/noticiasmercedinas.com\/site\/#organization"},"image":{"@id":"https:\/\/noticiasmercedinas.com\/site\/2022\/06\/01\/empleo-propone-pasantes-rentados-para-empresas-industrias-comercios-y-otros\/#primaryimage"},"thumbnailUrl":"https:\/\/noticiasmercedinas.com\/site\/wp-content\/uploads\/2022\/06\/477463.webp","keywords":["oficina de empleo","pasant\u00edas"],"articleSection":["Emprendimientos"],"inLanguage":"es","potentialAction":[{"@type":"CommentAction","name":"Comment","target":["https:\/\/noticiasmercedinas.com\/site\/2022\/06\/01\/empleo-propone-pasantes-rentados-para-empresas-industrias-comercios-y-otros\/#respond"]}]},{"@type":"WebPage","@id":"https:\/\/noticiasmercedinas.com\/site\/2022\/06\/01\/empleo-propone-pasantes-rentados-para-empresas-industrias-comercios-y-otros\/","url":"https:\/\/noticiasmercedinas.com\/site\/2022\/06\/01\/empleo-propone-pasantes-rentados-para-empresas-industrias-comercios-y-otros\/","name":"Empleo propone \u201cPasantes Rentados\u201d para empresas, industrias, comercios y otros","isPartOf":{"@id":"https:\/\/noticiasmercedinas.com\/site\/#website"},"primaryImageOfPage":{"@id":"https:\/\/noticiasmercedinas.com\/site\/2022\/06\/01\/empleo-propone-pasantes-rentados-para-empresas-industrias-comercios-y-otros\/#primaryimage"},"image":{"@id":"https:\/\/noticiasmercedinas.com\/site\/2022\/06\/01\/empleo-propone-pasantes-rentados-para-empresas-industrias-comercios-y-otros\/#primaryimage"},"thumbnailUrl":"https:\/\/noticiasmercedinas.com\/site\/wp-content\/uploads\/2022\/06\/477463.webp","datePublished":"2022-06-01T12:54:14+00:00","breadcrumb":{"@id":"https:\/\/noticiasmercedinas.com\/site\/2022\/06\/01\/empleo-propone-pasantes-rentados-para-empresas-industrias-comercios-y-otros\/#breadcrumb"},"inLanguage":"es","potentialAction":[{"@type":"ReadAction","target":["https:\/\/noticiasmercedinas.com\/site\/2022\/06\/01\/empleo-propone-pasantes-rentados-para-empresas-industrias-comercios-y-otros\/"]}]},{"@type":"ImageObject","inLanguage":"es","@id":"https:\/\/noticiasmercedinas.com\/site\/2022\/06\/01\/empleo-propone-pasantes-rentados-para-empresas-industrias-comercios-y-otros\/#primaryimage","url":"https:\/\/noticiasmercedinas.com\/site\/wp-content\/uploads\/2022\/06\/477463.webp","contentUrl":"https:\/\/noticiasmercedinas.com\/site\/wp-content\/uploads\/2022\/06\/477463.webp","width":880,"height":495},{"@type":"BreadcrumbList","@id":"https:\/\/noticiasmercedinas.com\/site\/2022\/06\/01\/empleo-propone-pasantes-rentados-para-empresas-industrias-comercios-y-otros\/#breadcrumb","itemListElement":[{"@type":"ListItem","position":1,"name":"Portada","item":"https:\/\/noticiasmercedinas.com\/site\/"},{"@type":"ListItem","position":2,"name":"Empleo propone \u201cPasantes Rentados\u201d para empresas, industrias, comercios y otros"}]},{"@type":"WebSite","@id":"https:\/\/noticiasmercedinas.com\/site\/#website","url":"https:\/\/noticiasmercedinas.com\/site\/","name":"NOTICIASMERCEDINAS.COM","description":"Mercedes, Buenos Aires, Argentina","publisher":{"@id":"https:\/\/noticiasmercedinas.com\/site\/#organization"},"potentialAction":[{"@type":"SearchAction","target":{"@type":"EntryPoint","urlTemplate":"https:\/\/noticiasmercedinas.com\/site\/?s={search_term_string}"},"query-input":{"@type":"PropertyValueSpecification","valueRequired":true,"valueName":"search_term_string"}}],"inLanguage":"es"},{"@type":"Organization","@id":"https:\/\/noticiasmercedinas.com\/site\/#organization","name":"NOTICIASMERCEDINAS.COM","url":"https:\/\/noticiasmercedinas.com\/site\/","logo":{"@type":"ImageObject","inLanguage":"es","@id":"https:\/\/noticiasmercedinas.com\/site\/#\/schema\/logo\/image\/","url":"https:\/\/noticiasmercedinas.com\/site\/wp-content\/uploads\/2020\/06\/LOGO-512.jpg","contentUrl":"https:\/\/noticiasmercedinas.com\/site\/wp-content\/uploads\/2020\/06\/LOGO-512.jpg","width":512,"height":512,"caption":"NOTICIASMERCEDINAS.COM"},"image":{"@id":"https:\/\/noticiasmercedinas.com\/site\/#\/schema\/logo\/image\/"},"sameAs":["https:\/\/www.facebook.com\/noticiasmercedinas\/","https:\/\/x.com\/notmercedinas","https:\/\/www.instagram.com\/noticiasmercedinas\/"]},{"@type":"Person","@id":"https:\/\/noticiasmercedinas.com\/site\/#\/schema\/person\/84b59c099c28ff2e8b77d4ceec5d8063","name":"NOTICIASMERCEDINAS.COM","image":{"@type":"ImageObject","inLanguage":"es","@id":"https:\/\/secure.gravatar.com\/avatar\/4dfbf16b4d17945bfb6341b2d19043457132fcf478a5ee04f42e959fd8f5df0a?s=96&d=mm&r=g","url":"https:\/\/secure.gravatar.com\/avatar\/4dfbf16b4d17945bfb6341b2d19043457132fcf478a5ee04f42e959fd8f5df0a?s=96&d=mm&r=g","contentUrl":"https:\/\/secure.gravatar.com\/avatar\/4dfbf16b4d17945bfb6341b2d19043457132fcf478a5ee04f42e959fd8f5df0a?s=96&d=mm&r=g","caption":"NOTICIASMERCEDINAS.COM"},"url":"https:\/\/noticiasmercedinas.com\/site\/author\/anonimo\/"}]}},"amp_enabled":true,"_links":{"self":[{"href":"https:\/\/noticiasmercedinas.com\/site\/wp-json\/wp\/v2\/posts\/92071","targetHints":{"allow":["GET"]}}],"collection":[{"href":"https:\/\/noticiasmercedinas.com\/site\/wp-json\/wp\/v2\/posts"}],"about":[{"href":"https:\/\/noticiasmercedinas.com\/site\/wp-json\/wp\/v2\/types\/post"}],"author":[{"embeddable":true,"href":"https:\/\/noticiasmercedinas.com\/site\/wp-json\/wp\/v2\/users\/16"}],"replies":[{"embeddable":true,"href":"https:\/\/noticiasmercedinas.com\/site\/wp-json\/wp\/v2\/comments?post=92071"}],"version-history":[{"count":1,"href":"https:\/\/noticiasmercedinas.com\/site\/wp-json\/wp\/v2\/posts\/92071\/revisions"}],"predecessor-version":[{"id":92074,"href":"https:\/\/noticiasmercedinas.com\/site\/wp-json\/wp\/v2\/posts\/92071\/revisions\/92074"}],"wp:featuredmedia":[{"embeddable":true,"href":"https:\/\/noticiasmercedinas.com\/site\/wp-json\/wp\/v2\/media\/92073"}],"wp:attachment":[{"href":"https:\/\/noticiasmercedinas.com\/site\/wp-json\/wp\/v2\/media?parent=92071"}],"wp:term":[{"taxonomy":"category","embeddable":true,"href":"https:\/\/noticiasmercedinas.com\/site\/wp-json\/wp\/v2\/categories?post=92071"},{"taxonomy":"post_tag","embeddable":true,"href":"https:\/\/noticiasmercedinas.com\/site\/wp-json\/wp\/v2\/tags?post=92071"}],"curies":[{"name":"wp","href":"https:\/\/api.w.org\/{rel}","templated":true}]}}