{"id":92253,"date":"2022-06-03T17:26:52","date_gmt":"2022-06-03T20:26:52","guid":{"rendered":"https:\/\/noticiasmercedinas.com\/site\/?p=92253"},"modified":"2022-06-03T17:26:52","modified_gmt":"2022-06-03T20:26:52","slug":"wado-de-pedro-califico-de-irresponsable-a-mauricio-macri","status":"publish","type":"post","link":"https:\/\/noticiasmercedinas.com\/site\/2022\/06\/03\/wado-de-pedro-califico-de-irresponsable-a-mauricio-macri\/","title":{"rendered":"Wado de Pedro calific\u00f3 de \u201cirresponsable\u201d a Mauricio Macri"},"content":{"rendered":"<p><img loading=\"lazy\" decoding=\"async\" class=\"alignnone size-full wp-image-92254\" src=\"https:\/\/noticiasmercedinas.com\/site\/wp-content\/uploads\/2022\/06\/WadoINT_5033.jpg\" alt=\"\" width=\"640\" height=\"427\" srcset=\"https:\/\/noticiasmercedinas.com\/site\/wp-content\/uploads\/2022\/06\/WadoINT_5033.jpg 640w, https:\/\/noticiasmercedinas.com\/site\/wp-content\/uploads\/2022\/06\/WadoINT_5033-300x200.jpg 300w\" sizes=\"auto, (max-width: 640px) 100vw, 640px\" \/><\/p>\n<p>El ministro del Interior, <strong>Wado de Pedro<\/strong>, particip\u00f3 hoy junto al ministro de Turismo y Deportes, <strong>Mat\u00edas Lammens<\/strong>, de la presentaci\u00f3n de la estrategia Invierno 2022, que se realiz\u00f3 en la Terraza de la Ballena Azul del CCK. En ese contexto, el titular de la cartera calific\u00f3 de irresponsables los dichos del expresidente Mauricio Macri sobre la eventual privatizaci\u00f3n de Aerol\u00edneas Argentinas ante un posible regreso suyo a la presidencia de la Naci\u00f3n.<\/p>\n<p>Del acto tambi\u00e9n participaron el embajador de Argentina en Brasil, Daniel Scioli; la secretaria de Promoci\u00f3n Tur\u00edstica, <strong>Yanina Mart\u00ednez<\/strong>; el presidente de Aerol\u00edneas Argentinas, <strong>Pablo Ceriani<\/strong>; y la secretaria de la C\u00e1mara Argentina de Turismo (CAT), <strong>Laura Teruel<\/strong>.<\/p>\n<p>\u201cCuando escuchamos a alg\u00fan ex presidente (que casualmente ha sido y sigue siendo due\u00f1o de much\u00edsimas compa\u00f1\u00edas que se han desarrollado mediante \u00b4la teta del Estado\u00b4) hablar de que cerrar\u00eda Aerol\u00edneas Argentinas, pienso: \u00a1qu\u00e9 irresponsabilidad!, \u00a1qu\u00e9 poca sensibilidad demuestra, habiendo tenido el cargo de presidente de la Naci\u00f3n! Es de un gran nivel de insensatez afirmar esa posibilidad sin pensar en los miles de trabajadores y trabajadoras que mueve la actividad tur\u00edstica, sin pensar en esa muchacha o ese muchacho que tiende las camas en los hoteles o que cocina; aquel que prepara una artesan\u00eda; o el que confecciona un circuito tur\u00edstico\u201d, sentenci\u00f3 Wado de Pedro, para luego agregar que el expresidente Mauricio Macri tampoco se fija \u201cen aquellos funcionarios del sector que est\u00e1n pensando con creatividad qu\u00e9 experiencia positiva y linda puede brindar al turista o a quien necesita viajar\u201d, ya que \u201csin vuelos y sin conexi\u00f3n no s\u00f3lo es imposible promocionar un destino, sino tambi\u00e9n generar trabajo desde el sector privado\u201d.<\/p>\n<p>Tras destacar que \u201cpara nosotros el federalismo es sin\u00f3nimo de generaci\u00f3n de empleo en cada rinc\u00f3n de Argentina\u201d, el titular de Interior hizo hincapi\u00e9 en el rol del Ministerio de Turismo en ese sentido, organismo que \u201cpone el acento en potenciar la identidad y el desarrollo de cada pueblo, e impulsar la llegada de los turistas a cada rinc\u00f3n de la Argentina\u201d.<\/p>\n<blockquote><p>\u201cEmpecemos a generar consensos, a mirar al futuro y a impulsar de una vez por todas una Argentina federal, donde haya empleo de calidad en cada rinc\u00f3n del territorio\u201d<\/p><\/blockquote>\n<p>\u201cY cuando pensamos en el empleo y en la Argentina profunda, y vemos que el desarrollo tur\u00edstico representa casi el 10% del PBI, debemos saber que hay pueblos enteros que viven del turismo, hay ciudades enteras cuya econom\u00eda central se genera a ra\u00edz de la actividad tur\u00edstica, y hay familias enteras en distintos puntos de la Argentina que viven de las pol\u00edticas que promueven el turismo\u201d, prosigui\u00f3, para luego ponderar \u201cla articulaci\u00f3n en materia de promoci\u00f3n entre gobernadores e intendentes y el sector privado, sin dejar de lado la gran funci\u00f3n que cumple Aerol\u00edneas Argentinas de conectar el deseo de viajar con el de recibir turistas\u201d.<\/p>\n<p>\u201cEmpecemos a generar consensos, a mirar al futuro y a impulsar de una vez por todas una Argentina federal, donde haya empleo de calidad en cada rinc\u00f3n del territorio\u201d, concluy\u00f3 de Pedro.<\/p>\n<p>Posteriormente, y tras destacar que \u201cAerol\u00edneas Argentinas es un ejemplo de desarrollo\u201d, el ministro Lammens agreg\u00f3 que \u201cArgentina tiene en el turismo una asombrosa oportunidad para atraer esos d\u00f3lares que tanto necesita nuestro pa\u00eds para estabilizarse econ\u00f3micamente y tambi\u00e9n para crecer\u201d.<\/p>\n<p>\u201cDesde Brasil hay 109 mil asientos disponibles en Aerol\u00edneas Argentinas. El 75% de ellos son brasile\u00f1os que vienen cada mes: estamos hablando de 80 mil brasile\u00f1os. O sea que nuestra compa\u00f1\u00eda de bandera acerca a un mill\u00f3n de brasile\u00f1os por a\u00f1o a nuestro pa\u00eds. Entonces no hace falta dar muchas explicaciones sobre la importancia que tiene Aerol\u00edneas Argentinas y por qu\u00e9 hay que cuidarla y defenderla: porque es fundamental para el desarrollo de Argentina.\u201d<\/p>\n<p>Luego de anunciar que \u00abvamos a tener una gran temporada de invierno\u00bb, Lammens concluy\u00f3: \u201cCon un Estado presente y emprendedor hemos llevado adelante el Previaje y otros programas para que los empresarios tur\u00edsticos tambi\u00e9n inviertan en la actividad. Nada de esto hubiera sido posible sin Aerol\u00edneas Argentinas\u201d.<\/p>\n<p>A su turno, el embajador Daniel Scioli tambi\u00e9n se mostr\u00f3 cr\u00edtico respecto de los dichos del expresidente Mauricio Macri: \u201cNo puedo creer que todav\u00eda, en especial alguien que ocup\u00f3 responsabilidades en el Estado argentino, siga cuestionando a Aerol\u00edneas Argentinas, y lo haga buscando minimizar los resultados econ\u00f3micos\u201d, sentenci\u00f3 Scioli, para luego destacar que \u201cAerol\u00edneas Argentinas despliega un resultado social que est\u00e1 por encima de cualquier resultado econ\u00f3mico. Si no, pregunt\u00e9mosle a cualquier gobernador lo que significa cuando llega un vuelo de la compa\u00f1\u00eda de bandera, el impacto que tiene desde todo punto de vista: tur\u00edstico, empresario, necesidades de familias que se deben movilizar. Es un recurso que debemos cuidarlo y mucho\u201d.<\/p>\n<p>En otro tramo, el embajador argentino en Brasil resalt\u00f3 el rol de la actividad tur\u00edstica, ya que \u201ccuando un turista llega a un destino moviliza 40 rubros de la econom\u00eda, acercando divisas genuinas, y en este momento la generaci\u00f3n de puestos de trabajo es una prioridad para Argentina\u201d.<\/p>\n<p>Durante el encuentro de hoy se repasaron las acciones llevadas adelante por el Gobierno nacional para reforzar la conectividad en el marco de la recuperaci\u00f3n del turismo receptivo, liderada por el mercado brasile\u00f1o, as\u00ed como la consolidaci\u00f3n del sector y la actividad tur\u00edstica a nivel interno.<\/p>\n","protected":false},"excerpt":{"rendered":"<p>\u25a0 Por querer cerrar Aerol\u00edneas Argentinas. Fue durante la presentaci\u00f3n de la temporada tur\u00edstica de Invierno, de la que el ministro del Interior de la Naci\u00f3n particip\u00f3.<\/p>\n","protected":false},"author":16,"featured_media":92254,"comment_status":"open","ping_status":"open","sticky":false,"template":"","format":"standard","meta":{"footnotes":""},"categories":[16],"tags":[548,4963],"class_list":["post-92253","post","type-post","status-publish","format-standard","has-post-thumbnail","hentry","category-politica","tag-mauricio-macri","tag-wado-de-pedro"],"yoast_head":"<!-- This site is optimized with the Yoast SEO plugin v27.5 - https:\/\/yoast.com\/product\/yoast-seo-wordpress\/ -->\n<title>Wado de Pedro calific\u00f3 de \u201cirresponsable\u201d a Mauricio Macri<\/title>\n<meta name=\"robots\" content=\"index, follow, max-snippet:-1, max-image-preview:large, max-video-preview:-1\" \/>\n<link rel=\"canonical\" href=\"https:\/\/noticiasmercedinas.com\/site\/2022\/06\/03\/wado-de-pedro-califico-de-irresponsable-a-mauricio-macri\/\" \/>\n<meta property=\"og:locale\" content=\"es_ES\" \/>\n<meta property=\"og:type\" content=\"article\" \/>\n<meta property=\"og:title\" content=\"Wado de Pedro calific\u00f3 de \u201cirresponsable\u201d a Mauricio Macri\" \/>\n<meta property=\"og:description\" content=\"\u25a0 Por querer cerrar Aerol\u00edneas Argentinas. Fue durante la presentaci\u00f3n de la temporada tur\u00edstica de Invierno, de la que el ministro del Interior de la Naci\u00f3n particip\u00f3.\" \/>\n<meta property=\"og:url\" content=\"https:\/\/noticiasmercedinas.com\/site\/2022\/06\/03\/wado-de-pedro-califico-de-irresponsable-a-mauricio-macri\/\" \/>\n<meta property=\"og:site_name\" content=\"NOTICIASMERCEDINAS.COM\" \/>\n<meta property=\"article:publisher\" content=\"https:\/\/www.facebook.com\/noticiasmercedinas\/\" \/>\n<meta property=\"article:published_time\" content=\"2022-06-03T20:26:52+00:00\" \/>\n<meta property=\"og:image\" content=\"https:\/\/noticiasmercedinas.com\/site\/wp-content\/uploads\/2022\/06\/WadoINT_5033.jpg\" \/>\n\t<meta property=\"og:image:width\" content=\"640\" \/>\n\t<meta property=\"og:image:height\" content=\"427\" \/>\n\t<meta property=\"og:image:type\" content=\"image\/jpeg\" \/>\n<meta name=\"author\" content=\"NOTICIASMERCEDINAS.COM\" \/>\n<meta name=\"twitter:card\" content=\"summary_large_image\" \/>\n<meta name=\"twitter:creator\" content=\"@notmercedinas\" \/>\n<meta name=\"twitter:site\" content=\"@notmercedinas\" \/>\n<meta name=\"twitter:label1\" content=\"Escrito por\" \/>\n\t<meta name=\"twitter:data1\" content=\"NOTICIASMERCEDINAS.COM\" \/>\n\t<meta name=\"twitter:label2\" content=\"Tiempo de lectura\" \/>\n\t<meta name=\"twitter:data2\" content=\"5 minutos\" \/>\n<script type=\"application\/ld+json\" class=\"yoast-schema-graph\">{\"@context\":\"https:\\\/\\\/schema.org\",\"@graph\":[{\"@type\":\"Article\",\"@id\":\"https:\\\/\\\/noticiasmercedinas.com\\\/site\\\/2022\\\/06\\\/03\\\/wado-de-pedro-califico-de-irresponsable-a-mauricio-macri\\\/#article\",\"isPartOf\":{\"@id\":\"https:\\\/\\\/noticiasmercedinas.com\\\/site\\\/2022\\\/06\\\/03\\\/wado-de-pedro-califico-de-irresponsable-a-mauricio-macri\\\/\"},\"author\":{\"name\":\"NOTICIASMERCEDINAS.COM\",\"@id\":\"https:\\\/\\\/noticiasmercedinas.com\\\/site\\\/#\\\/schema\\\/person\\\/84b59c099c28ff2e8b77d4ceec5d8063\"},\"headline\":\"Wado de Pedro calific\u00f3 de \u201cirresponsable\u201d a Mauricio Macri\",\"datePublished\":\"2022-06-03T20:26:52+00:00\",\"mainEntityOfPage\":{\"@id\":\"https:\\\/\\\/noticiasmercedinas.com\\\/site\\\/2022\\\/06\\\/03\\\/wado-de-pedro-califico-de-irresponsable-a-mauricio-macri\\\/\"},\"wordCount\":947,\"commentCount\":0,\"publisher\":{\"@id\":\"https:\\\/\\\/noticiasmercedinas.com\\\/site\\\/#organization\"},\"image\":{\"@id\":\"https:\\\/\\\/noticiasmercedinas.com\\\/site\\\/2022\\\/06\\\/03\\\/wado-de-pedro-califico-de-irresponsable-a-mauricio-macri\\\/#primaryimage\"},\"thumbnailUrl\":\"https:\\\/\\\/noticiasmercedinas.com\\\/site\\\/wp-content\\\/uploads\\\/2022\\\/06\\\/WadoINT_5033.jpg\",\"keywords\":[\"mauricio macri\",\"wado de pedro\"],\"articleSection\":[\"Politica\"],\"inLanguage\":\"es\",\"potentialAction\":[{\"@type\":\"CommentAction\",\"name\":\"Comment\",\"target\":[\"https:\\\/\\\/noticiasmercedinas.com\\\/site\\\/2022\\\/06\\\/03\\\/wado-de-pedro-califico-de-irresponsable-a-mauricio-macri\\\/#respond\"]}]},{\"@type\":\"WebPage\",\"@id\":\"https:\\\/\\\/noticiasmercedinas.com\\\/site\\\/2022\\\/06\\\/03\\\/wado-de-pedro-califico-de-irresponsable-a-mauricio-macri\\\/\",\"url\":\"https:\\\/\\\/noticiasmercedinas.com\\\/site\\\/2022\\\/06\\\/03\\\/wado-de-pedro-califico-de-irresponsable-a-mauricio-macri\\\/\",\"name\":\"Wado de Pedro calific\u00f3 de \u201cirresponsable\u201d a Mauricio Macri\",\"isPartOf\":{\"@id\":\"https:\\\/\\\/noticiasmercedinas.com\\\/site\\\/#website\"},\"primaryImageOfPage\":{\"@id\":\"https:\\\/\\\/noticiasmercedinas.com\\\/site\\\/2022\\\/06\\\/03\\\/wado-de-pedro-califico-de-irresponsable-a-mauricio-macri\\\/#primaryimage\"},\"image\":{\"@id\":\"https:\\\/\\\/noticiasmercedinas.com\\\/site\\\/2022\\\/06\\\/03\\\/wado-de-pedro-califico-de-irresponsable-a-mauricio-macri\\\/#primaryimage\"},\"thumbnailUrl\":\"https:\\\/\\\/noticiasmercedinas.com\\\/site\\\/wp-content\\\/uploads\\\/2022\\\/06\\\/WadoINT_5033.jpg\",\"datePublished\":\"2022-06-03T20:26:52+00:00\",\"breadcrumb\":{\"@id\":\"https:\\\/\\\/noticiasmercedinas.com\\\/site\\\/2022\\\/06\\\/03\\\/wado-de-pedro-califico-de-irresponsable-a-mauricio-macri\\\/#breadcrumb\"},\"inLanguage\":\"es\",\"potentialAction\":[{\"@type\":\"ReadAction\",\"target\":[\"https:\\\/\\\/noticiasmercedinas.com\\\/site\\\/2022\\\/06\\\/03\\\/wado-de-pedro-califico-de-irresponsable-a-mauricio-macri\\\/\"]}]},{\"@type\":\"ImageObject\",\"inLanguage\":\"es\",\"@id\":\"https:\\\/\\\/noticiasmercedinas.com\\\/site\\\/2022\\\/06\\\/03\\\/wado-de-pedro-califico-de-irresponsable-a-mauricio-macri\\\/#primaryimage\",\"url\":\"https:\\\/\\\/noticiasmercedinas.com\\\/site\\\/wp-content\\\/uploads\\\/2022\\\/06\\\/WadoINT_5033.jpg\",\"contentUrl\":\"https:\\\/\\\/noticiasmercedinas.com\\\/site\\\/wp-content\\\/uploads\\\/2022\\\/06\\\/WadoINT_5033.jpg\",\"width\":640,\"height\":427},{\"@type\":\"BreadcrumbList\",\"@id\":\"https:\\\/\\\/noticiasmercedinas.com\\\/site\\\/2022\\\/06\\\/03\\\/wado-de-pedro-califico-de-irresponsable-a-mauricio-macri\\\/#breadcrumb\",\"itemListElement\":[{\"@type\":\"ListItem\",\"position\":1,\"name\":\"Portada\",\"item\":\"https:\\\/\\\/noticiasmercedinas.com\\\/site\\\/\"},{\"@type\":\"ListItem\",\"position\":2,\"name\":\"Wado de Pedro calific\u00f3 de \u201cirresponsable\u201d a Mauricio Macri\"}]},{\"@type\":\"WebSite\",\"@id\":\"https:\\\/\\\/noticiasmercedinas.com\\\/site\\\/#website\",\"url\":\"https:\\\/\\\/noticiasmercedinas.com\\\/site\\\/\",\"name\":\"NOTICIASMERCEDINAS.COM\",\"description\":\"Mercedes, Buenos Aires, Argentina\",\"publisher\":{\"@id\":\"https:\\\/\\\/noticiasmercedinas.com\\\/site\\\/#organization\"},\"potentialAction\":[{\"@type\":\"SearchAction\",\"target\":{\"@type\":\"EntryPoint\",\"urlTemplate\":\"https:\\\/\\\/noticiasmercedinas.com\\\/site\\\/?s={search_term_string}\"},\"query-input\":{\"@type\":\"PropertyValueSpecification\",\"valueRequired\":true,\"valueName\":\"search_term_string\"}}],\"inLanguage\":\"es\"},{\"@type\":\"Organization\",\"@id\":\"https:\\\/\\\/noticiasmercedinas.com\\\/site\\\/#organization\",\"name\":\"NOTICIASMERCEDINAS.COM\",\"url\":\"https:\\\/\\\/noticiasmercedinas.com\\\/site\\\/\",\"logo\":{\"@type\":\"ImageObject\",\"inLanguage\":\"es\",\"@id\":\"https:\\\/\\\/noticiasmercedinas.com\\\/site\\\/#\\\/schema\\\/logo\\\/image\\\/\",\"url\":\"https:\\\/\\\/noticiasmercedinas.com\\\/site\\\/wp-content\\\/uploads\\\/2020\\\/06\\\/LOGO-512.jpg\",\"contentUrl\":\"https:\\\/\\\/noticiasmercedinas.com\\\/site\\\/wp-content\\\/uploads\\\/2020\\\/06\\\/LOGO-512.jpg\",\"width\":512,\"height\":512,\"caption\":\"NOTICIASMERCEDINAS.COM\"},\"image\":{\"@id\":\"https:\\\/\\\/noticiasmercedinas.com\\\/site\\\/#\\\/schema\\\/logo\\\/image\\\/\"},\"sameAs\":[\"https:\\\/\\\/www.facebook.com\\\/noticiasmercedinas\\\/\",\"https:\\\/\\\/x.com\\\/notmercedinas\",\"https:\\\/\\\/www.instagram.com\\\/noticiasmercedinas\\\/\"]},{\"@type\":\"Person\",\"@id\":\"https:\\\/\\\/noticiasmercedinas.com\\\/site\\\/#\\\/schema\\\/person\\\/84b59c099c28ff2e8b77d4ceec5d8063\",\"name\":\"NOTICIASMERCEDINAS.COM\",\"image\":{\"@type\":\"ImageObject\",\"inLanguage\":\"es\",\"@id\":\"https:\\\/\\\/secure.gravatar.com\\\/avatar\\\/4dfbf16b4d17945bfb6341b2d19043457132fcf478a5ee04f42e959fd8f5df0a?s=96&d=mm&r=g\",\"url\":\"https:\\\/\\\/secure.gravatar.com\\\/avatar\\\/4dfbf16b4d17945bfb6341b2d19043457132fcf478a5ee04f42e959fd8f5df0a?s=96&d=mm&r=g\",\"contentUrl\":\"https:\\\/\\\/secure.gravatar.com\\\/avatar\\\/4dfbf16b4d17945bfb6341b2d19043457132fcf478a5ee04f42e959fd8f5df0a?s=96&d=mm&r=g\",\"caption\":\"NOTICIASMERCEDINAS.COM\"},\"url\":\"https:\\\/\\\/noticiasmercedinas.com\\\/site\\\/author\\\/anonimo\\\/\"}]}<\/script>\n<!-- \/ Yoast SEO plugin. -->","yoast_head_json":{"title":"Wado de Pedro calific\u00f3 de \u201cirresponsable\u201d a Mauricio Macri","robots":{"index":"index","follow":"follow","max-snippet":"max-snippet:-1","max-image-preview":"max-image-preview:large","max-video-preview":"max-video-preview:-1"},"canonical":"https:\/\/noticiasmercedinas.com\/site\/2022\/06\/03\/wado-de-pedro-califico-de-irresponsable-a-mauricio-macri\/","og_locale":"es_ES","og_type":"article","og_title":"Wado de Pedro calific\u00f3 de \u201cirresponsable\u201d a Mauricio Macri","og_description":"\u25a0 Por querer cerrar Aerol\u00edneas Argentinas. Fue durante la presentaci\u00f3n de la temporada tur\u00edstica de Invierno, de la que el ministro del Interior de la Naci\u00f3n particip\u00f3.","og_url":"https:\/\/noticiasmercedinas.com\/site\/2022\/06\/03\/wado-de-pedro-califico-de-irresponsable-a-mauricio-macri\/","og_site_name":"NOTICIASMERCEDINAS.COM","article_publisher":"https:\/\/www.facebook.com\/noticiasmercedinas\/","article_published_time":"2022-06-03T20:26:52+00:00","og_image":[{"width":640,"height":427,"url":"https:\/\/noticiasmercedinas.com\/site\/wp-content\/uploads\/2022\/06\/WadoINT_5033.jpg","type":"image\/jpeg"}],"author":"NOTICIASMERCEDINAS.COM","twitter_card":"summary_large_image","twitter_creator":"@notmercedinas","twitter_site":"@notmercedinas","twitter_misc":{"Escrito por":"NOTICIASMERCEDINAS.COM","Tiempo de lectura":"5 minutos"},"schema":{"@context":"https:\/\/schema.org","@graph":[{"@type":"Article","@id":"https:\/\/noticiasmercedinas.com\/site\/2022\/06\/03\/wado-de-pedro-califico-de-irresponsable-a-mauricio-macri\/#article","isPartOf":{"@id":"https:\/\/noticiasmercedinas.com\/site\/2022\/06\/03\/wado-de-pedro-califico-de-irresponsable-a-mauricio-macri\/"},"author":{"name":"NOTICIASMERCEDINAS.COM","@id":"https:\/\/noticiasmercedinas.com\/site\/#\/schema\/person\/84b59c099c28ff2e8b77d4ceec5d8063"},"headline":"Wado de Pedro calific\u00f3 de \u201cirresponsable\u201d a Mauricio Macri","datePublished":"2022-06-03T20:26:52+00:00","mainEntityOfPage":{"@id":"https:\/\/noticiasmercedinas.com\/site\/2022\/06\/03\/wado-de-pedro-califico-de-irresponsable-a-mauricio-macri\/"},"wordCount":947,"commentCount":0,"publisher":{"@id":"https:\/\/noticiasmercedinas.com\/site\/#organization"},"image":{"@id":"https:\/\/noticiasmercedinas.com\/site\/2022\/06\/03\/wado-de-pedro-califico-de-irresponsable-a-mauricio-macri\/#primaryimage"},"thumbnailUrl":"https:\/\/noticiasmercedinas.com\/site\/wp-content\/uploads\/2022\/06\/WadoINT_5033.jpg","keywords":["mauricio macri","wado de pedro"],"articleSection":["Politica"],"inLanguage":"es","potentialAction":[{"@type":"CommentAction","name":"Comment","target":["https:\/\/noticiasmercedinas.com\/site\/2022\/06\/03\/wado-de-pedro-califico-de-irresponsable-a-mauricio-macri\/#respond"]}]},{"@type":"WebPage","@id":"https:\/\/noticiasmercedinas.com\/site\/2022\/06\/03\/wado-de-pedro-califico-de-irresponsable-a-mauricio-macri\/","url":"https:\/\/noticiasmercedinas.com\/site\/2022\/06\/03\/wado-de-pedro-califico-de-irresponsable-a-mauricio-macri\/","name":"Wado de Pedro calific\u00f3 de \u201cirresponsable\u201d a Mauricio Macri","isPartOf":{"@id":"https:\/\/noticiasmercedinas.com\/site\/#website"},"primaryImageOfPage":{"@id":"https:\/\/noticiasmercedinas.com\/site\/2022\/06\/03\/wado-de-pedro-califico-de-irresponsable-a-mauricio-macri\/#primaryimage"},"image":{"@id":"https:\/\/noticiasmercedinas.com\/site\/2022\/06\/03\/wado-de-pedro-califico-de-irresponsable-a-mauricio-macri\/#primaryimage"},"thumbnailUrl":"https:\/\/noticiasmercedinas.com\/site\/wp-content\/uploads\/2022\/06\/WadoINT_5033.jpg","datePublished":"2022-06-03T20:26:52+00:00","breadcrumb":{"@id":"https:\/\/noticiasmercedinas.com\/site\/2022\/06\/03\/wado-de-pedro-califico-de-irresponsable-a-mauricio-macri\/#breadcrumb"},"inLanguage":"es","potentialAction":[{"@type":"ReadAction","target":["https:\/\/noticiasmercedinas.com\/site\/2022\/06\/03\/wado-de-pedro-califico-de-irresponsable-a-mauricio-macri\/"]}]},{"@type":"ImageObject","inLanguage":"es","@id":"https:\/\/noticiasmercedinas.com\/site\/2022\/06\/03\/wado-de-pedro-califico-de-irresponsable-a-mauricio-macri\/#primaryimage","url":"https:\/\/noticiasmercedinas.com\/site\/wp-content\/uploads\/2022\/06\/WadoINT_5033.jpg","contentUrl":"https:\/\/noticiasmercedinas.com\/site\/wp-content\/uploads\/2022\/06\/WadoINT_5033.jpg","width":640,"height":427},{"@type":"BreadcrumbList","@id":"https:\/\/noticiasmercedinas.com\/site\/2022\/06\/03\/wado-de-pedro-califico-de-irresponsable-a-mauricio-macri\/#breadcrumb","itemListElement":[{"@type":"ListItem","position":1,"name":"Portada","item":"https:\/\/noticiasmercedinas.com\/site\/"},{"@type":"ListItem","position":2,"name":"Wado de Pedro calific\u00f3 de \u201cirresponsable\u201d a Mauricio Macri"}]},{"@type":"WebSite","@id":"https:\/\/noticiasmercedinas.com\/site\/#website","url":"https:\/\/noticiasmercedinas.com\/site\/","name":"NOTICIASMERCEDINAS.COM","description":"Mercedes, Buenos Aires, Argentina","publisher":{"@id":"https:\/\/noticiasmercedinas.com\/site\/#organization"},"potentialAction":[{"@type":"SearchAction","target":{"@type":"EntryPoint","urlTemplate":"https:\/\/noticiasmercedinas.com\/site\/?s={search_term_string}"},"query-input":{"@type":"PropertyValueSpecification","valueRequired":true,"valueName":"search_term_string"}}],"inLanguage":"es"},{"@type":"Organization","@id":"https:\/\/noticiasmercedinas.com\/site\/#organization","name":"NOTICIASMERCEDINAS.COM","url":"https:\/\/noticiasmercedinas.com\/site\/","logo":{"@type":"ImageObject","inLanguage":"es","@id":"https:\/\/noticiasmercedinas.com\/site\/#\/schema\/logo\/image\/","url":"https:\/\/noticiasmercedinas.com\/site\/wp-content\/uploads\/2020\/06\/LOGO-512.jpg","contentUrl":"https:\/\/noticiasmercedinas.com\/site\/wp-content\/uploads\/2020\/06\/LOGO-512.jpg","width":512,"height":512,"caption":"NOTICIASMERCEDINAS.COM"},"image":{"@id":"https:\/\/noticiasmercedinas.com\/site\/#\/schema\/logo\/image\/"},"sameAs":["https:\/\/www.facebook.com\/noticiasmercedinas\/","https:\/\/x.com\/notmercedinas","https:\/\/www.instagram.com\/noticiasmercedinas\/"]},{"@type":"Person","@id":"https:\/\/noticiasmercedinas.com\/site\/#\/schema\/person\/84b59c099c28ff2e8b77d4ceec5d8063","name":"NOTICIASMERCEDINAS.COM","image":{"@type":"ImageObject","inLanguage":"es","@id":"https:\/\/secure.gravatar.com\/avatar\/4dfbf16b4d17945bfb6341b2d19043457132fcf478a5ee04f42e959fd8f5df0a?s=96&d=mm&r=g","url":"https:\/\/secure.gravatar.com\/avatar\/4dfbf16b4d17945bfb6341b2d19043457132fcf478a5ee04f42e959fd8f5df0a?s=96&d=mm&r=g","contentUrl":"https:\/\/secure.gravatar.com\/avatar\/4dfbf16b4d17945bfb6341b2d19043457132fcf478a5ee04f42e959fd8f5df0a?s=96&d=mm&r=g","caption":"NOTICIASMERCEDINAS.COM"},"url":"https:\/\/noticiasmercedinas.com\/site\/author\/anonimo\/"}]}},"amp_enabled":true,"_links":{"self":[{"href":"https:\/\/noticiasmercedinas.com\/site\/wp-json\/wp\/v2\/posts\/92253","targetHints":{"allow":["GET"]}}],"collection":[{"href":"https:\/\/noticiasmercedinas.com\/site\/wp-json\/wp\/v2\/posts"}],"about":[{"href":"https:\/\/noticiasmercedinas.com\/site\/wp-json\/wp\/v2\/types\/post"}],"author":[{"embeddable":true,"href":"https:\/\/noticiasmercedinas.com\/site\/wp-json\/wp\/v2\/users\/16"}],"replies":[{"embeddable":true,"href":"https:\/\/noticiasmercedinas.com\/site\/wp-json\/wp\/v2\/comments?post=92253"}],"version-history":[{"count":1,"href":"https:\/\/noticiasmercedinas.com\/site\/wp-json\/wp\/v2\/posts\/92253\/revisions"}],"predecessor-version":[{"id":92255,"href":"https:\/\/noticiasmercedinas.com\/site\/wp-json\/wp\/v2\/posts\/92253\/revisions\/92255"}],"wp:featuredmedia":[{"embeddable":true,"href":"https:\/\/noticiasmercedinas.com\/site\/wp-json\/wp\/v2\/media\/92254"}],"wp:attachment":[{"href":"https:\/\/noticiasmercedinas.com\/site\/wp-json\/wp\/v2\/media?parent=92253"}],"wp:term":[{"taxonomy":"category","embeddable":true,"href":"https:\/\/noticiasmercedinas.com\/site\/wp-json\/wp\/v2\/categories?post=92253"},{"taxonomy":"post_tag","embeddable":true,"href":"https:\/\/noticiasmercedinas.com\/site\/wp-json\/wp\/v2\/tags?post=92253"}],"curies":[{"name":"wp","href":"https:\/\/api.w.org\/{rel}","templated":true}]}}