{"id":92297,"date":"2022-06-04T13:30:53","date_gmt":"2022-06-04T16:30:53","guid":{"rendered":"https:\/\/noticiasmercedinas.com\/site\/?p=92297"},"modified":"2022-06-04T13:30:53","modified_gmt":"2022-06-04T16:30:53","slug":"ni-una-menos-se-realizo-un-importante-encuentro-estudiantil-de-reflexion","status":"publish","type":"post","link":"https:\/\/noticiasmercedinas.com\/site\/2022\/06\/04\/ni-una-menos-se-realizo-un-importante-encuentro-estudiantil-de-reflexion\/","title":{"rendered":"Ni una menos: se realiz\u00f3 un importante encuentro estudiantil de reflexi\u00f3n"},"content":{"rendered":"<p><img loading=\"lazy\" decoding=\"async\" class=\"alignnone size-large wp-image-92299\" src=\"https:\/\/noticiasmercedinas.com\/site\/wp-content\/uploads\/2022\/06\/DSC07740-1024x580.jpg\" alt=\"\" width=\"640\" height=\"363\" srcset=\"https:\/\/noticiasmercedinas.com\/site\/wp-content\/uploads\/2022\/06\/DSC07740-1024x580.jpg 1024w, https:\/\/noticiasmercedinas.com\/site\/wp-content\/uploads\/2022\/06\/DSC07740-300x170.jpg 300w, https:\/\/noticiasmercedinas.com\/site\/wp-content\/uploads\/2022\/06\/DSC07740-768x435.jpg 768w, https:\/\/noticiasmercedinas.com\/site\/wp-content\/uploads\/2022\/06\/DSC07740-640x362.jpg 640w, https:\/\/noticiasmercedinas.com\/site\/wp-content\/uploads\/2022\/06\/DSC07740-681x386.jpg 681w, https:\/\/noticiasmercedinas.com\/site\/wp-content\/uploads\/2022\/06\/DSC07740.jpg 1086w\" sizes=\"auto, (max-width: 640px) 100vw, 640px\" \/><\/p>\n<p>Este 3 de junio se realiz\u00f3 una gran jornada de reflexi\u00f3n, trabajo e intercambio con la participaci\u00f3n de gran cantidad de instituciones educativas. Fue en el Teatro Argentino con un lleno total. Se trat\u00f3 de una propuesta impulsada por la Direcci\u00f3n de Pol\u00edticas de G\u00e9neros y Diversidades (DPGD) junto a la Coordinaci\u00f3n de Educaci\u00f3n y la de Juventudes de la Municipalidad. Participaron tambi\u00e9n las inspecciones distritales p\u00fablica, privada y regional.<\/p>\n<p><strong>Cristian Ponce<\/strong>, inspector distrital, <strong>Alejandra Fern\u00e1ndez<\/strong>, de inspecci\u00f3n de educaci\u00f3n privada y <strong>Gabriela Valverde<\/strong>, de inspecci\u00f3n regional, junto a docentes y directores de instituciones educativas fueron parte de la actividad, adem\u00e1s de los equipos de la DPGD, secretaria de gobierno, coordinaci\u00f3n de Educaci\u00f3n y coordinaci\u00f3n de Juventudes.<\/p>\n<p><strong>Guadalupe Gonz\u00e1lez<\/strong> coment\u00f3: \u201cConvocamos a todas las escuelas secundarias con una ampl\u00edsima participaci\u00f3n, algo que tiene ver de generar m\u00e1s encuentros, reflexi\u00f3n y debate con la juventud, las nuevas generaciones, promoviendo el pensamiento cr\u00edtico sobre los estereotipos sociales que siempre ponemos, y m\u00e1s en fechas como hoy, lo hacemos de una manera m\u00e1s preponderante\u201d.<\/p>\n<p>\u201cFue una jornada intensa, con alto intercambio. A siete a\u00f1os del primer #Ni una menos seguimos trabajando, deconstruyendo y reconstruyendo la l\u00f3gica patriarcal que sigue vigente\u201d, coment\u00f3.<\/p>\n<p>\u00abEl equipo de prevenci\u00f3n adem\u00e1s tiene la labor de ir a todas las escuelas, en sus cuartos a\u00f1os, tambi\u00e9n con la participaci\u00f3n y un grado de compromiso muy importante y valioso y hoy con la alegr\u00eda de la masiva participaci\u00f3n\u201d, dijo la licenciada Guadalupe Gonz\u00e1lez, directora de Pol\u00edticas de G\u00e9neros y Diversidades.<\/p>\n<p><strong>Clara Zunino<\/strong>, secretaria de Gobierno, manifest\u00f3 su agradecimiento a los y las presentes: \u201cEs un orgullo verlos y estar en esta fecha tan valiosa. Nos llena de emoci\u00f3n verlos con una simple, pero muy compleja consigna que es pensar en ni una menos, y que haya tantos estudiantes, docentes, impacciones, es algo sumamente significativo\u201d afirm\u00f3 entre otros conceptos.<\/p>\n<p>\u201cEstamos muy contentos por esta gran participaci\u00f3n\u201d, dijo el intendente <strong>Juan Ustarroz<\/strong> y pidi\u00f3 \u201cun fuerte aplauso para todas y todos ustedes\u201d.<\/p>\n<p>\u201cCreo que en estos encuentros es sumamente importante promover la reflexi\u00f3n, la participaci\u00f3n, el intercambio, generar una agenda sobre c\u00f3mo vamos a trabajar en funci\u00f3n de lo que o\u00edmos, pensamos y sentimos\u201d, dijo. \u201cEstamos convencidos de construir una sociedad mejor, m\u00e1s justa, sin violencias, y eso es una construcci\u00f3n colectiva\u201d mencion\u00f3 y remarc\u00f3 que \u201cnadie sabe solo hacer una sociedad mejor, es el resultado del trabajo en conjunto, respet\u00e1ndonos, en diversidad\u201d.<\/p>\n<p>Las y los estudiantes realizaron, adem\u00e1s, una documento repleto de expresiones y reflexiones que se convertir\u00e1 pronto en insumo de trabajo y reflexi\u00f3n de la DPGD.<\/p>\n","protected":false},"excerpt":{"rendered":"<p>\u25a0 Este viernes 3 de junio se realiz\u00f3 una gran jornada de reflexi\u00f3n, trabajo e intercambio con la participaci\u00f3n de gran cantidad de instituciones educativas. Fue en el Teatro Argentino<\/p>\n","protected":false},"author":16,"featured_media":92299,"comment_status":"open","ping_status":"open","sticky":false,"template":"","format":"standard","meta":{"footnotes":""},"categories":[3],"tags":[11819,38,2594],"class_list":["post-92297","post","type-post","status-publish","format-standard","has-post-thumbnail","hentry","category-sociedad","tag-direccion-de-politicas-de-genero-y-diversidad","tag-educacion","tag-ni-una-menos"],"yoast_head":"<!-- This site is optimized with the Yoast SEO plugin v27.5 - https:\/\/yoast.com\/product\/yoast-seo-wordpress\/ -->\n<title>Ni una menos: se realiz\u00f3 un importante encuentro estudiantil de reflexi\u00f3n<\/title>\n<meta name=\"robots\" content=\"index, follow, max-snippet:-1, max-image-preview:large, max-video-preview:-1\" \/>\n<link rel=\"canonical\" href=\"https:\/\/noticiasmercedinas.com\/site\/2022\/06\/04\/ni-una-menos-se-realizo-un-importante-encuentro-estudiantil-de-reflexion\/\" \/>\n<meta property=\"og:locale\" content=\"es_ES\" \/>\n<meta property=\"og:type\" content=\"article\" \/>\n<meta property=\"og:title\" content=\"Ni una menos: se realiz\u00f3 un importante encuentro estudiantil de reflexi\u00f3n\" \/>\n<meta property=\"og:description\" content=\"\u25a0 Este viernes 3 de junio se realiz\u00f3 una gran jornada de reflexi\u00f3n, trabajo e intercambio con la participaci\u00f3n de gran cantidad de instituciones educativas. Fue en el Teatro Argentino\" \/>\n<meta property=\"og:url\" content=\"https:\/\/noticiasmercedinas.com\/site\/2022\/06\/04\/ni-una-menos-se-realizo-un-importante-encuentro-estudiantil-de-reflexion\/\" \/>\n<meta property=\"og:site_name\" content=\"NOTICIASMERCEDINAS.COM\" \/>\n<meta property=\"article:publisher\" content=\"https:\/\/www.facebook.com\/noticiasmercedinas\/\" \/>\n<meta property=\"article:published_time\" content=\"2022-06-04T16:30:53+00:00\" \/>\n<meta property=\"og:image\" content=\"https:\/\/noticiasmercedinas.com\/site\/wp-content\/uploads\/2022\/06\/DSC07740.jpg\" \/>\n\t<meta property=\"og:image:width\" content=\"1086\" \/>\n\t<meta property=\"og:image:height\" content=\"615\" \/>\n\t<meta property=\"og:image:type\" content=\"image\/jpeg\" \/>\n<meta name=\"author\" content=\"NOTICIASMERCEDINAS.COM\" \/>\n<meta name=\"twitter:card\" content=\"summary_large_image\" \/>\n<meta name=\"twitter:creator\" content=\"@notmercedinas\" \/>\n<meta name=\"twitter:site\" content=\"@notmercedinas\" \/>\n<meta name=\"twitter:label1\" content=\"Escrito por\" \/>\n\t<meta name=\"twitter:data1\" content=\"NOTICIASMERCEDINAS.COM\" \/>\n\t<meta name=\"twitter:label2\" content=\"Tiempo de lectura\" \/>\n\t<meta name=\"twitter:data2\" content=\"3 minutos\" \/>\n<script type=\"application\/ld+json\" class=\"yoast-schema-graph\">{\"@context\":\"https:\\\/\\\/schema.org\",\"@graph\":[{\"@type\":\"Article\",\"@id\":\"https:\\\/\\\/noticiasmercedinas.com\\\/site\\\/2022\\\/06\\\/04\\\/ni-una-menos-se-realizo-un-importante-encuentro-estudiantil-de-reflexion\\\/#article\",\"isPartOf\":{\"@id\":\"https:\\\/\\\/noticiasmercedinas.com\\\/site\\\/2022\\\/06\\\/04\\\/ni-una-menos-se-realizo-un-importante-encuentro-estudiantil-de-reflexion\\\/\"},\"author\":{\"name\":\"NOTICIASMERCEDINAS.COM\",\"@id\":\"https:\\\/\\\/noticiasmercedinas.com\\\/site\\\/#\\\/schema\\\/person\\\/84b59c099c28ff2e8b77d4ceec5d8063\"},\"headline\":\"Ni una menos: se realiz\u00f3 un importante encuentro estudiantil de reflexi\u00f3n\",\"datePublished\":\"2022-06-04T16:30:53+00:00\",\"mainEntityOfPage\":{\"@id\":\"https:\\\/\\\/noticiasmercedinas.com\\\/site\\\/2022\\\/06\\\/04\\\/ni-una-menos-se-realizo-un-importante-encuentro-estudiantil-de-reflexion\\\/\"},\"wordCount\":487,\"commentCount\":0,\"publisher\":{\"@id\":\"https:\\\/\\\/noticiasmercedinas.com\\\/site\\\/#organization\"},\"image\":{\"@id\":\"https:\\\/\\\/noticiasmercedinas.com\\\/site\\\/2022\\\/06\\\/04\\\/ni-una-menos-se-realizo-un-importante-encuentro-estudiantil-de-reflexion\\\/#primaryimage\"},\"thumbnailUrl\":\"https:\\\/\\\/noticiasmercedinas.com\\\/site\\\/wp-content\\\/uploads\\\/2022\\\/06\\\/DSC07740.jpg\",\"keywords\":[\"Direcci\u00f3n de Pol\u00edticas de G\u00e9nero y Diversidad\",\"educacion\",\"ni una menos\"],\"articleSection\":[\"Sociedad\"],\"inLanguage\":\"es\",\"potentialAction\":[{\"@type\":\"CommentAction\",\"name\":\"Comment\",\"target\":[\"https:\\\/\\\/noticiasmercedinas.com\\\/site\\\/2022\\\/06\\\/04\\\/ni-una-menos-se-realizo-un-importante-encuentro-estudiantil-de-reflexion\\\/#respond\"]}]},{\"@type\":\"WebPage\",\"@id\":\"https:\\\/\\\/noticiasmercedinas.com\\\/site\\\/2022\\\/06\\\/04\\\/ni-una-menos-se-realizo-un-importante-encuentro-estudiantil-de-reflexion\\\/\",\"url\":\"https:\\\/\\\/noticiasmercedinas.com\\\/site\\\/2022\\\/06\\\/04\\\/ni-una-menos-se-realizo-un-importante-encuentro-estudiantil-de-reflexion\\\/\",\"name\":\"Ni una menos: se realiz\u00f3 un importante encuentro estudiantil de reflexi\u00f3n\",\"isPartOf\":{\"@id\":\"https:\\\/\\\/noticiasmercedinas.com\\\/site\\\/#website\"},\"primaryImageOfPage\":{\"@id\":\"https:\\\/\\\/noticiasmercedinas.com\\\/site\\\/2022\\\/06\\\/04\\\/ni-una-menos-se-realizo-un-importante-encuentro-estudiantil-de-reflexion\\\/#primaryimage\"},\"image\":{\"@id\":\"https:\\\/\\\/noticiasmercedinas.com\\\/site\\\/2022\\\/06\\\/04\\\/ni-una-menos-se-realizo-un-importante-encuentro-estudiantil-de-reflexion\\\/#primaryimage\"},\"thumbnailUrl\":\"https:\\\/\\\/noticiasmercedinas.com\\\/site\\\/wp-content\\\/uploads\\\/2022\\\/06\\\/DSC07740.jpg\",\"datePublished\":\"2022-06-04T16:30:53+00:00\",\"breadcrumb\":{\"@id\":\"https:\\\/\\\/noticiasmercedinas.com\\\/site\\\/2022\\\/06\\\/04\\\/ni-una-menos-se-realizo-un-importante-encuentro-estudiantil-de-reflexion\\\/#breadcrumb\"},\"inLanguage\":\"es\",\"potentialAction\":[{\"@type\":\"ReadAction\",\"target\":[\"https:\\\/\\\/noticiasmercedinas.com\\\/site\\\/2022\\\/06\\\/04\\\/ni-una-menos-se-realizo-un-importante-encuentro-estudiantil-de-reflexion\\\/\"]}]},{\"@type\":\"ImageObject\",\"inLanguage\":\"es\",\"@id\":\"https:\\\/\\\/noticiasmercedinas.com\\\/site\\\/2022\\\/06\\\/04\\\/ni-una-menos-se-realizo-un-importante-encuentro-estudiantil-de-reflexion\\\/#primaryimage\",\"url\":\"https:\\\/\\\/noticiasmercedinas.com\\\/site\\\/wp-content\\\/uploads\\\/2022\\\/06\\\/DSC07740.jpg\",\"contentUrl\":\"https:\\\/\\\/noticiasmercedinas.com\\\/site\\\/wp-content\\\/uploads\\\/2022\\\/06\\\/DSC07740.jpg\",\"width\":1086,\"height\":615},{\"@type\":\"BreadcrumbList\",\"@id\":\"https:\\\/\\\/noticiasmercedinas.com\\\/site\\\/2022\\\/06\\\/04\\\/ni-una-menos-se-realizo-un-importante-encuentro-estudiantil-de-reflexion\\\/#breadcrumb\",\"itemListElement\":[{\"@type\":\"ListItem\",\"position\":1,\"name\":\"Portada\",\"item\":\"https:\\\/\\\/noticiasmercedinas.com\\\/site\\\/\"},{\"@type\":\"ListItem\",\"position\":2,\"name\":\"Ni una menos: se realiz\u00f3 un importante encuentro estudiantil de reflexi\u00f3n\"}]},{\"@type\":\"WebSite\",\"@id\":\"https:\\\/\\\/noticiasmercedinas.com\\\/site\\\/#website\",\"url\":\"https:\\\/\\\/noticiasmercedinas.com\\\/site\\\/\",\"name\":\"NOTICIASMERCEDINAS.COM\",\"description\":\"Mercedes, Buenos Aires, Argentina\",\"publisher\":{\"@id\":\"https:\\\/\\\/noticiasmercedinas.com\\\/site\\\/#organization\"},\"potentialAction\":[{\"@type\":\"SearchAction\",\"target\":{\"@type\":\"EntryPoint\",\"urlTemplate\":\"https:\\\/\\\/noticiasmercedinas.com\\\/site\\\/?s={search_term_string}\"},\"query-input\":{\"@type\":\"PropertyValueSpecification\",\"valueRequired\":true,\"valueName\":\"search_term_string\"}}],\"inLanguage\":\"es\"},{\"@type\":\"Organization\",\"@id\":\"https:\\\/\\\/noticiasmercedinas.com\\\/site\\\/#organization\",\"name\":\"NOTICIASMERCEDINAS.COM\",\"url\":\"https:\\\/\\\/noticiasmercedinas.com\\\/site\\\/\",\"logo\":{\"@type\":\"ImageObject\",\"inLanguage\":\"es\",\"@id\":\"https:\\\/\\\/noticiasmercedinas.com\\\/site\\\/#\\\/schema\\\/logo\\\/image\\\/\",\"url\":\"https:\\\/\\\/noticiasmercedinas.com\\\/site\\\/wp-content\\\/uploads\\\/2020\\\/06\\\/LOGO-512.jpg\",\"contentUrl\":\"https:\\\/\\\/noticiasmercedinas.com\\\/site\\\/wp-content\\\/uploads\\\/2020\\\/06\\\/LOGO-512.jpg\",\"width\":512,\"height\":512,\"caption\":\"NOTICIASMERCEDINAS.COM\"},\"image\":{\"@id\":\"https:\\\/\\\/noticiasmercedinas.com\\\/site\\\/#\\\/schema\\\/logo\\\/image\\\/\"},\"sameAs\":[\"https:\\\/\\\/www.facebook.com\\\/noticiasmercedinas\\\/\",\"https:\\\/\\\/x.com\\\/notmercedinas\",\"https:\\\/\\\/www.instagram.com\\\/noticiasmercedinas\\\/\"]},{\"@type\":\"Person\",\"@id\":\"https:\\\/\\\/noticiasmercedinas.com\\\/site\\\/#\\\/schema\\\/person\\\/84b59c099c28ff2e8b77d4ceec5d8063\",\"name\":\"NOTICIASMERCEDINAS.COM\",\"image\":{\"@type\":\"ImageObject\",\"inLanguage\":\"es\",\"@id\":\"https:\\\/\\\/secure.gravatar.com\\\/avatar\\\/4dfbf16b4d17945bfb6341b2d19043457132fcf478a5ee04f42e959fd8f5df0a?s=96&d=mm&r=g\",\"url\":\"https:\\\/\\\/secure.gravatar.com\\\/avatar\\\/4dfbf16b4d17945bfb6341b2d19043457132fcf478a5ee04f42e959fd8f5df0a?s=96&d=mm&r=g\",\"contentUrl\":\"https:\\\/\\\/secure.gravatar.com\\\/avatar\\\/4dfbf16b4d17945bfb6341b2d19043457132fcf478a5ee04f42e959fd8f5df0a?s=96&d=mm&r=g\",\"caption\":\"NOTICIASMERCEDINAS.COM\"},\"url\":\"https:\\\/\\\/noticiasmercedinas.com\\\/site\\\/author\\\/anonimo\\\/\"}]}<\/script>\n<!-- \/ Yoast SEO plugin. -->","yoast_head_json":{"title":"Ni una menos: se realiz\u00f3 un importante encuentro estudiantil de reflexi\u00f3n","robots":{"index":"index","follow":"follow","max-snippet":"max-snippet:-1","max-image-preview":"max-image-preview:large","max-video-preview":"max-video-preview:-1"},"canonical":"https:\/\/noticiasmercedinas.com\/site\/2022\/06\/04\/ni-una-menos-se-realizo-un-importante-encuentro-estudiantil-de-reflexion\/","og_locale":"es_ES","og_type":"article","og_title":"Ni una menos: se realiz\u00f3 un importante encuentro estudiantil de reflexi\u00f3n","og_description":"\u25a0 Este viernes 3 de junio se realiz\u00f3 una gran jornada de reflexi\u00f3n, trabajo e intercambio con la participaci\u00f3n de gran cantidad de instituciones educativas. Fue en el Teatro Argentino","og_url":"https:\/\/noticiasmercedinas.com\/site\/2022\/06\/04\/ni-una-menos-se-realizo-un-importante-encuentro-estudiantil-de-reflexion\/","og_site_name":"NOTICIASMERCEDINAS.COM","article_publisher":"https:\/\/www.facebook.com\/noticiasmercedinas\/","article_published_time":"2022-06-04T16:30:53+00:00","og_image":[{"width":1086,"height":615,"url":"https:\/\/noticiasmercedinas.com\/site\/wp-content\/uploads\/2022\/06\/DSC07740.jpg","type":"image\/jpeg"}],"author":"NOTICIASMERCEDINAS.COM","twitter_card":"summary_large_image","twitter_creator":"@notmercedinas","twitter_site":"@notmercedinas","twitter_misc":{"Escrito por":"NOTICIASMERCEDINAS.COM","Tiempo de lectura":"3 minutos"},"schema":{"@context":"https:\/\/schema.org","@graph":[{"@type":"Article","@id":"https:\/\/noticiasmercedinas.com\/site\/2022\/06\/04\/ni-una-menos-se-realizo-un-importante-encuentro-estudiantil-de-reflexion\/#article","isPartOf":{"@id":"https:\/\/noticiasmercedinas.com\/site\/2022\/06\/04\/ni-una-menos-se-realizo-un-importante-encuentro-estudiantil-de-reflexion\/"},"author":{"name":"NOTICIASMERCEDINAS.COM","@id":"https:\/\/noticiasmercedinas.com\/site\/#\/schema\/person\/84b59c099c28ff2e8b77d4ceec5d8063"},"headline":"Ni una menos: se realiz\u00f3 un importante encuentro estudiantil de reflexi\u00f3n","datePublished":"2022-06-04T16:30:53+00:00","mainEntityOfPage":{"@id":"https:\/\/noticiasmercedinas.com\/site\/2022\/06\/04\/ni-una-menos-se-realizo-un-importante-encuentro-estudiantil-de-reflexion\/"},"wordCount":487,"commentCount":0,"publisher":{"@id":"https:\/\/noticiasmercedinas.com\/site\/#organization"},"image":{"@id":"https:\/\/noticiasmercedinas.com\/site\/2022\/06\/04\/ni-una-menos-se-realizo-un-importante-encuentro-estudiantil-de-reflexion\/#primaryimage"},"thumbnailUrl":"https:\/\/noticiasmercedinas.com\/site\/wp-content\/uploads\/2022\/06\/DSC07740.jpg","keywords":["Direcci\u00f3n de Pol\u00edticas de G\u00e9nero y Diversidad","educacion","ni una menos"],"articleSection":["Sociedad"],"inLanguage":"es","potentialAction":[{"@type":"CommentAction","name":"Comment","target":["https:\/\/noticiasmercedinas.com\/site\/2022\/06\/04\/ni-una-menos-se-realizo-un-importante-encuentro-estudiantil-de-reflexion\/#respond"]}]},{"@type":"WebPage","@id":"https:\/\/noticiasmercedinas.com\/site\/2022\/06\/04\/ni-una-menos-se-realizo-un-importante-encuentro-estudiantil-de-reflexion\/","url":"https:\/\/noticiasmercedinas.com\/site\/2022\/06\/04\/ni-una-menos-se-realizo-un-importante-encuentro-estudiantil-de-reflexion\/","name":"Ni una menos: se realiz\u00f3 un importante encuentro estudiantil de reflexi\u00f3n","isPartOf":{"@id":"https:\/\/noticiasmercedinas.com\/site\/#website"},"primaryImageOfPage":{"@id":"https:\/\/noticiasmercedinas.com\/site\/2022\/06\/04\/ni-una-menos-se-realizo-un-importante-encuentro-estudiantil-de-reflexion\/#primaryimage"},"image":{"@id":"https:\/\/noticiasmercedinas.com\/site\/2022\/06\/04\/ni-una-menos-se-realizo-un-importante-encuentro-estudiantil-de-reflexion\/#primaryimage"},"thumbnailUrl":"https:\/\/noticiasmercedinas.com\/site\/wp-content\/uploads\/2022\/06\/DSC07740.jpg","datePublished":"2022-06-04T16:30:53+00:00","breadcrumb":{"@id":"https:\/\/noticiasmercedinas.com\/site\/2022\/06\/04\/ni-una-menos-se-realizo-un-importante-encuentro-estudiantil-de-reflexion\/#breadcrumb"},"inLanguage":"es","potentialAction":[{"@type":"ReadAction","target":["https:\/\/noticiasmercedinas.com\/site\/2022\/06\/04\/ni-una-menos-se-realizo-un-importante-encuentro-estudiantil-de-reflexion\/"]}]},{"@type":"ImageObject","inLanguage":"es","@id":"https:\/\/noticiasmercedinas.com\/site\/2022\/06\/04\/ni-una-menos-se-realizo-un-importante-encuentro-estudiantil-de-reflexion\/#primaryimage","url":"https:\/\/noticiasmercedinas.com\/site\/wp-content\/uploads\/2022\/06\/DSC07740.jpg","contentUrl":"https:\/\/noticiasmercedinas.com\/site\/wp-content\/uploads\/2022\/06\/DSC07740.jpg","width":1086,"height":615},{"@type":"BreadcrumbList","@id":"https:\/\/noticiasmercedinas.com\/site\/2022\/06\/04\/ni-una-menos-se-realizo-un-importante-encuentro-estudiantil-de-reflexion\/#breadcrumb","itemListElement":[{"@type":"ListItem","position":1,"name":"Portada","item":"https:\/\/noticiasmercedinas.com\/site\/"},{"@type":"ListItem","position":2,"name":"Ni una menos: se realiz\u00f3 un importante encuentro estudiantil de reflexi\u00f3n"}]},{"@type":"WebSite","@id":"https:\/\/noticiasmercedinas.com\/site\/#website","url":"https:\/\/noticiasmercedinas.com\/site\/","name":"NOTICIASMERCEDINAS.COM","description":"Mercedes, Buenos Aires, Argentina","publisher":{"@id":"https:\/\/noticiasmercedinas.com\/site\/#organization"},"potentialAction":[{"@type":"SearchAction","target":{"@type":"EntryPoint","urlTemplate":"https:\/\/noticiasmercedinas.com\/site\/?s={search_term_string}"},"query-input":{"@type":"PropertyValueSpecification","valueRequired":true,"valueName":"search_term_string"}}],"inLanguage":"es"},{"@type":"Organization","@id":"https:\/\/noticiasmercedinas.com\/site\/#organization","name":"NOTICIASMERCEDINAS.COM","url":"https:\/\/noticiasmercedinas.com\/site\/","logo":{"@type":"ImageObject","inLanguage":"es","@id":"https:\/\/noticiasmercedinas.com\/site\/#\/schema\/logo\/image\/","url":"https:\/\/noticiasmercedinas.com\/site\/wp-content\/uploads\/2020\/06\/LOGO-512.jpg","contentUrl":"https:\/\/noticiasmercedinas.com\/site\/wp-content\/uploads\/2020\/06\/LOGO-512.jpg","width":512,"height":512,"caption":"NOTICIASMERCEDINAS.COM"},"image":{"@id":"https:\/\/noticiasmercedinas.com\/site\/#\/schema\/logo\/image\/"},"sameAs":["https:\/\/www.facebook.com\/noticiasmercedinas\/","https:\/\/x.com\/notmercedinas","https:\/\/www.instagram.com\/noticiasmercedinas\/"]},{"@type":"Person","@id":"https:\/\/noticiasmercedinas.com\/site\/#\/schema\/person\/84b59c099c28ff2e8b77d4ceec5d8063","name":"NOTICIASMERCEDINAS.COM","image":{"@type":"ImageObject","inLanguage":"es","@id":"https:\/\/secure.gravatar.com\/avatar\/4dfbf16b4d17945bfb6341b2d19043457132fcf478a5ee04f42e959fd8f5df0a?s=96&d=mm&r=g","url":"https:\/\/secure.gravatar.com\/avatar\/4dfbf16b4d17945bfb6341b2d19043457132fcf478a5ee04f42e959fd8f5df0a?s=96&d=mm&r=g","contentUrl":"https:\/\/secure.gravatar.com\/avatar\/4dfbf16b4d17945bfb6341b2d19043457132fcf478a5ee04f42e959fd8f5df0a?s=96&d=mm&r=g","caption":"NOTICIASMERCEDINAS.COM"},"url":"https:\/\/noticiasmercedinas.com\/site\/author\/anonimo\/"}]}},"amp_enabled":true,"_links":{"self":[{"href":"https:\/\/noticiasmercedinas.com\/site\/wp-json\/wp\/v2\/posts\/92297","targetHints":{"allow":["GET"]}}],"collection":[{"href":"https:\/\/noticiasmercedinas.com\/site\/wp-json\/wp\/v2\/posts"}],"about":[{"href":"https:\/\/noticiasmercedinas.com\/site\/wp-json\/wp\/v2\/types\/post"}],"author":[{"embeddable":true,"href":"https:\/\/noticiasmercedinas.com\/site\/wp-json\/wp\/v2\/users\/16"}],"replies":[{"embeddable":true,"href":"https:\/\/noticiasmercedinas.com\/site\/wp-json\/wp\/v2\/comments?post=92297"}],"version-history":[{"count":1,"href":"https:\/\/noticiasmercedinas.com\/site\/wp-json\/wp\/v2\/posts\/92297\/revisions"}],"predecessor-version":[{"id":92300,"href":"https:\/\/noticiasmercedinas.com\/site\/wp-json\/wp\/v2\/posts\/92297\/revisions\/92300"}],"wp:featuredmedia":[{"embeddable":true,"href":"https:\/\/noticiasmercedinas.com\/site\/wp-json\/wp\/v2\/media\/92299"}],"wp:attachment":[{"href":"https:\/\/noticiasmercedinas.com\/site\/wp-json\/wp\/v2\/media?parent=92297"}],"wp:term":[{"taxonomy":"category","embeddable":true,"href":"https:\/\/noticiasmercedinas.com\/site\/wp-json\/wp\/v2\/categories?post=92297"},{"taxonomy":"post_tag","embeddable":true,"href":"https:\/\/noticiasmercedinas.com\/site\/wp-json\/wp\/v2\/tags?post=92297"}],"curies":[{"name":"wp","href":"https:\/\/api.w.org\/{rel}","templated":true}]}}