{"id":92533,"date":"2022-06-07T09:45:32","date_gmt":"2022-06-07T12:45:32","guid":{"rendered":"https:\/\/noticiasmercedinas.com\/site\/?p=92533"},"modified":"2022-06-07T21:28:53","modified_gmt":"2022-06-08T00:28:53","slug":"municipio-realizo-actividades-oficiales-junto-a-trabajadores-de-medios-locales","status":"publish","type":"post","link":"https:\/\/noticiasmercedinas.com\/site\/2022\/06\/07\/municipio-realizo-actividades-oficiales-junto-a-trabajadores-de-medios-locales\/","title":{"rendered":"Municipio realiz\u00f3 actividades oficiales junto a trabajadores de medios locales"},"content":{"rendered":"<p><img loading=\"lazy\" decoding=\"async\" class=\"alignnone size-full wp-image-92566\" src=\"https:\/\/noticiasmercedinas.com\/site\/wp-content\/uploads\/2022\/06\/LUCIAFIMG_3251.jpg\" alt=\"\" width=\"640\" height=\"427\" srcset=\"https:\/\/noticiasmercedinas.com\/site\/wp-content\/uploads\/2022\/06\/LUCIAFIMG_3251.jpg 640w, https:\/\/noticiasmercedinas.com\/site\/wp-content\/uploads\/2022\/06\/LUCIAFIMG_3251-300x200.jpg 300w\" sizes=\"auto, (max-width: 640px) 100vw, 640px\" \/><\/p>\n<p>Con un acto oficial frente al monumento a Manuel Belgrano por la ma\u00f1ana y un \u00e1gape pasado el mediod\u00eda para los trabajadores de los medios locales, el municipio de Mercedes celebr\u00f3 el D\u00eda del Periodista.<\/p>\n<p>\u00abLa noticia est\u00e1 en todos lados, no s\u00f3lo en Buenos Aires\u00bb, dijo <strong>Luc\u00eda Florella<\/strong>, quien fue elegida para ofrecer unas palabras por parte de los medios, tras loas ofrendas florales y el rigor protocolar del acto en la fr\u00eda ma\u00f1ana en la esquina de 25 y 16.<\/p>\n<p>La joven trabajadora destac\u00f3 su elecci\u00f3n de venirse a trabajar a la ciudad en que naci\u00f3, tras culminar sus estudios en Buenos Aires, y remarc\u00f3 el avance que se puede dar \u00abdesde la juventud\u00bb y con una \u00abmirada feminista\u00bb en la profesi\u00f3n.<\/p>\n<p>Adem\u00e1s agradeci\u00f3 a su equipo de trabajo en Radio Meridiano, encabezado por su abuelo Alberto, y destac\u00f3 a todos los colegas de Mercedes por su labor.<\/p>\n<p><img loading=\"lazy\" decoding=\"async\" class=\"alignnone size-full wp-image-92568\" src=\"https:\/\/noticiasmercedinas.com\/site\/wp-content\/uploads\/2022\/06\/morenoIMG_3255.jpg\" alt=\"\" width=\"640\" height=\"423\" srcset=\"https:\/\/noticiasmercedinas.com\/site\/wp-content\/uploads\/2022\/06\/morenoIMG_3255.jpg 640w, https:\/\/noticiasmercedinas.com\/site\/wp-content\/uploads\/2022\/06\/morenoIMG_3255-300x198.jpg 300w\" sizes=\"auto, (max-width: 640px) 100vw, 640px\" \/><\/p>\n<p>En tanto, el intendente <strong>Juan Ignacio Ustarroz<\/strong> dese\u00f3 felicidades a los presentes y trajo una semblanza sobre Mariano Moreno, adem\u00e1s destac\u00f3 el funcionamiento de los medios locales y comparti\u00f3 su visi\u00f3n sobre la \u00abinfocracia\u00bb, esgrimiendo que \u00abla democracia est\u00e1 en peligro ante mucho ruido en la informaci\u00f3n\u00bb, cuando esta se da \u00absin argumentos, an\u00e1lisis ni discursos\u00bb.<\/p>\n<p>\u00abTenemos fake news entre otros fen\u00f3menos de las redes y eso quita la posibilidad del encuentro, de di\u00e1logo y debate, y el pensamiento propone debate. Necesitamos recuperar el encuentro y valorar a quienes trabajan, ponen la cara y buscan fuentes para que la poblaci\u00f3n pueda comprender mejor lo que sucede\u00bb, dijo.<\/p>\n<p><iframe loading=\"lazy\" title=\"Acto por el d\u00eda del periodista\" width=\"640\" height=\"360\" src=\"https:\/\/www.youtube.com\/embed\/j56w-NNu1jU?feature=oembed\" frameborder=\"0\" allow=\"accelerometer; autoplay; clipboard-write; encrypted-media; gyroscope; picture-in-picture; web-share\" referrerpolicy=\"strict-origin-when-cross-origin\" allowfullscreen><\/iframe><\/p>\n<p><strong>Encuentro en La Trocha<\/strong><br \/>\nPasado el mediod\u00eda y ya en uno de los galpones del Centro Cultural La Trocha, <strong>Luciano Demergasso<\/strong>, del \u00e1rea de Prensa del municipio, felicitar\u00eda el trabajo comprometido de los medios presentes dando informaci\u00f3n fidedigna y chequeada con responsabilidad durante la dura etapa de la pandemia.<\/p>\n<p><img loading=\"lazy\" decoding=\"async\" class=\"alignnone size-full wp-image-92567\" src=\"https:\/\/noticiasmercedinas.com\/site\/wp-content\/uploads\/2022\/06\/TROCHAIMG_3261.jpg\" alt=\"\" width=\"640\" height=\"363\" srcset=\"https:\/\/noticiasmercedinas.com\/site\/wp-content\/uploads\/2022\/06\/TROCHAIMG_3261.jpg 640w, https:\/\/noticiasmercedinas.com\/site\/wp-content\/uploads\/2022\/06\/TROCHAIMG_3261-300x170.jpg 300w\" sizes=\"auto, (max-width: 640px) 100vw, 640px\" \/><\/p>\n","protected":false},"excerpt":{"rendered":"<p>\u25a0 En el marco del D\u00eda del Periodista hubo un acto oficial y un \u00e1gape en La Trocha. \u00abNecesitamos recuperar el encuentro y valorar a quienes trabajan\u00bb, dijo Ustarroz. Luc\u00eda Florella habl\u00f3 en nombre de la prensa<\/p>\n","protected":false},"author":2,"featured_media":92566,"comment_status":"open","ping_status":"open","sticky":false,"template":"","format":"standard","meta":{"footnotes":""},"categories":[3],"tags":[9340,10036],"class_list":["post-92533","post","type-post","status-publish","format-standard","has-post-thumbnail","hentry","category-sociedad","tag-dia-del-periodista","tag-lucia-florella"],"yoast_head":"<!-- This site is optimized with the Yoast SEO plugin v27.5 - https:\/\/yoast.com\/product\/yoast-seo-wordpress\/ -->\n<title>Municipio realiz\u00f3 actividades oficiales junto a trabajadores de medios locales<\/title>\n<meta name=\"robots\" content=\"index, follow, max-snippet:-1, max-image-preview:large, max-video-preview:-1\" \/>\n<link rel=\"canonical\" href=\"https:\/\/noticiasmercedinas.com\/site\/2022\/06\/07\/municipio-realizo-actividades-oficiales-junto-a-trabajadores-de-medios-locales\/\" \/>\n<meta property=\"og:locale\" content=\"es_ES\" \/>\n<meta property=\"og:type\" content=\"article\" \/>\n<meta property=\"og:title\" content=\"Municipio realiz\u00f3 actividades oficiales junto a trabajadores de medios locales\" \/>\n<meta property=\"og:description\" content=\"\u25a0 En el marco del D\u00eda del Periodista hubo un acto oficial y un \u00e1gape en La Trocha. &quot;Necesitamos recuperar el encuentro y valorar a quienes trabajan&quot;, dijo Ustarroz. Luc\u00eda Florella habl\u00f3 en nombre de la prensa\" \/>\n<meta property=\"og:url\" content=\"https:\/\/noticiasmercedinas.com\/site\/2022\/06\/07\/municipio-realizo-actividades-oficiales-junto-a-trabajadores-de-medios-locales\/\" \/>\n<meta property=\"og:site_name\" content=\"NOTICIASMERCEDINAS.COM\" \/>\n<meta property=\"article:publisher\" content=\"https:\/\/www.facebook.com\/noticiasmercedinas\/\" \/>\n<meta property=\"article:author\" content=\"https:\/\/www.facebook.com\/cristian.falabella\" \/>\n<meta property=\"article:published_time\" content=\"2022-06-07T12:45:32+00:00\" \/>\n<meta property=\"article:modified_time\" content=\"2022-06-08T00:28:53+00:00\" \/>\n<meta property=\"og:image\" content=\"https:\/\/noticiasmercedinas.com\/site\/wp-content\/uploads\/2022\/06\/LUCIAFIMG_3251.jpg\" \/>\n\t<meta property=\"og:image:width\" content=\"640\" \/>\n\t<meta property=\"og:image:height\" content=\"427\" \/>\n\t<meta property=\"og:image:type\" content=\"image\/jpeg\" \/>\n<meta name=\"author\" content=\"Cristian Falabella NOTICIASMERCEDINAS.COM\" \/>\n<meta name=\"twitter:card\" content=\"summary_large_image\" \/>\n<meta name=\"twitter:creator\" content=\"@https:\/\/twitter.com\/NOTMERCEDINAS\" \/>\n<meta name=\"twitter:site\" content=\"@notmercedinas\" \/>\n<meta name=\"twitter:label1\" content=\"Escrito por\" \/>\n\t<meta name=\"twitter:data1\" content=\"Cristian Falabella NOTICIASMERCEDINAS.COM\" \/>\n\t<meta name=\"twitter:label2\" content=\"Tiempo de lectura\" \/>\n\t<meta name=\"twitter:data2\" content=\"2 minutos\" \/>\n<script type=\"application\/ld+json\" class=\"yoast-schema-graph\">{\"@context\":\"https:\\\/\\\/schema.org\",\"@graph\":[{\"@type\":\"Article\",\"@id\":\"https:\\\/\\\/noticiasmercedinas.com\\\/site\\\/2022\\\/06\\\/07\\\/municipio-realizo-actividades-oficiales-junto-a-trabajadores-de-medios-locales\\\/#article\",\"isPartOf\":{\"@id\":\"https:\\\/\\\/noticiasmercedinas.com\\\/site\\\/2022\\\/06\\\/07\\\/municipio-realizo-actividades-oficiales-junto-a-trabajadores-de-medios-locales\\\/\"},\"author\":{\"name\":\"Cristian Falabella NOTICIASMERCEDINAS.COM\",\"@id\":\"https:\\\/\\\/noticiasmercedinas.com\\\/site\\\/#\\\/schema\\\/person\\\/d481a9696a5feaec13a60e2bbd991a6a\"},\"headline\":\"Municipio realiz\u00f3 actividades oficiales junto a trabajadores de medios locales\",\"datePublished\":\"2022-06-07T12:45:32+00:00\",\"dateModified\":\"2022-06-08T00:28:53+00:00\",\"mainEntityOfPage\":{\"@id\":\"https:\\\/\\\/noticiasmercedinas.com\\\/site\\\/2022\\\/06\\\/07\\\/municipio-realizo-actividades-oficiales-junto-a-trabajadores-de-medios-locales\\\/\"},\"wordCount\":343,\"commentCount\":0,\"publisher\":{\"@id\":\"https:\\\/\\\/noticiasmercedinas.com\\\/site\\\/#organization\"},\"image\":{\"@id\":\"https:\\\/\\\/noticiasmercedinas.com\\\/site\\\/2022\\\/06\\\/07\\\/municipio-realizo-actividades-oficiales-junto-a-trabajadores-de-medios-locales\\\/#primaryimage\"},\"thumbnailUrl\":\"https:\\\/\\\/noticiasmercedinas.com\\\/site\\\/wp-content\\\/uploads\\\/2022\\\/06\\\/LUCIAFIMG_3251.jpg\",\"keywords\":[\"d\u00eda del periodista\",\"Luci\u0301a Florella\"],\"articleSection\":[\"Sociedad\"],\"inLanguage\":\"es\",\"potentialAction\":[{\"@type\":\"CommentAction\",\"name\":\"Comment\",\"target\":[\"https:\\\/\\\/noticiasmercedinas.com\\\/site\\\/2022\\\/06\\\/07\\\/municipio-realizo-actividades-oficiales-junto-a-trabajadores-de-medios-locales\\\/#respond\"]}]},{\"@type\":\"WebPage\",\"@id\":\"https:\\\/\\\/noticiasmercedinas.com\\\/site\\\/2022\\\/06\\\/07\\\/municipio-realizo-actividades-oficiales-junto-a-trabajadores-de-medios-locales\\\/\",\"url\":\"https:\\\/\\\/noticiasmercedinas.com\\\/site\\\/2022\\\/06\\\/07\\\/municipio-realizo-actividades-oficiales-junto-a-trabajadores-de-medios-locales\\\/\",\"name\":\"Municipio realiz\u00f3 actividades oficiales junto a trabajadores de medios locales\",\"isPartOf\":{\"@id\":\"https:\\\/\\\/noticiasmercedinas.com\\\/site\\\/#website\"},\"primaryImageOfPage\":{\"@id\":\"https:\\\/\\\/noticiasmercedinas.com\\\/site\\\/2022\\\/06\\\/07\\\/municipio-realizo-actividades-oficiales-junto-a-trabajadores-de-medios-locales\\\/#primaryimage\"},\"image\":{\"@id\":\"https:\\\/\\\/noticiasmercedinas.com\\\/site\\\/2022\\\/06\\\/07\\\/municipio-realizo-actividades-oficiales-junto-a-trabajadores-de-medios-locales\\\/#primaryimage\"},\"thumbnailUrl\":\"https:\\\/\\\/noticiasmercedinas.com\\\/site\\\/wp-content\\\/uploads\\\/2022\\\/06\\\/LUCIAFIMG_3251.jpg\",\"datePublished\":\"2022-06-07T12:45:32+00:00\",\"dateModified\":\"2022-06-08T00:28:53+00:00\",\"breadcrumb\":{\"@id\":\"https:\\\/\\\/noticiasmercedinas.com\\\/site\\\/2022\\\/06\\\/07\\\/municipio-realizo-actividades-oficiales-junto-a-trabajadores-de-medios-locales\\\/#breadcrumb\"},\"inLanguage\":\"es\",\"potentialAction\":[{\"@type\":\"ReadAction\",\"target\":[\"https:\\\/\\\/noticiasmercedinas.com\\\/site\\\/2022\\\/06\\\/07\\\/municipio-realizo-actividades-oficiales-junto-a-trabajadores-de-medios-locales\\\/\"]}]},{\"@type\":\"ImageObject\",\"inLanguage\":\"es\",\"@id\":\"https:\\\/\\\/noticiasmercedinas.com\\\/site\\\/2022\\\/06\\\/07\\\/municipio-realizo-actividades-oficiales-junto-a-trabajadores-de-medios-locales\\\/#primaryimage\",\"url\":\"https:\\\/\\\/noticiasmercedinas.com\\\/site\\\/wp-content\\\/uploads\\\/2022\\\/06\\\/LUCIAFIMG_3251.jpg\",\"contentUrl\":\"https:\\\/\\\/noticiasmercedinas.com\\\/site\\\/wp-content\\\/uploads\\\/2022\\\/06\\\/LUCIAFIMG_3251.jpg\",\"width\":640,\"height\":427},{\"@type\":\"BreadcrumbList\",\"@id\":\"https:\\\/\\\/noticiasmercedinas.com\\\/site\\\/2022\\\/06\\\/07\\\/municipio-realizo-actividades-oficiales-junto-a-trabajadores-de-medios-locales\\\/#breadcrumb\",\"itemListElement\":[{\"@type\":\"ListItem\",\"position\":1,\"name\":\"Portada\",\"item\":\"https:\\\/\\\/noticiasmercedinas.com\\\/site\\\/\"},{\"@type\":\"ListItem\",\"position\":2,\"name\":\"Municipio realiz\u00f3 actividades oficiales junto a trabajadores de medios locales\"}]},{\"@type\":\"WebSite\",\"@id\":\"https:\\\/\\\/noticiasmercedinas.com\\\/site\\\/#website\",\"url\":\"https:\\\/\\\/noticiasmercedinas.com\\\/site\\\/\",\"name\":\"NOTICIASMERCEDINAS.COM\",\"description\":\"Mercedes, Buenos Aires, Argentina\",\"publisher\":{\"@id\":\"https:\\\/\\\/noticiasmercedinas.com\\\/site\\\/#organization\"},\"potentialAction\":[{\"@type\":\"SearchAction\",\"target\":{\"@type\":\"EntryPoint\",\"urlTemplate\":\"https:\\\/\\\/noticiasmercedinas.com\\\/site\\\/?s={search_term_string}\"},\"query-input\":{\"@type\":\"PropertyValueSpecification\",\"valueRequired\":true,\"valueName\":\"search_term_string\"}}],\"inLanguage\":\"es\"},{\"@type\":\"Organization\",\"@id\":\"https:\\\/\\\/noticiasmercedinas.com\\\/site\\\/#organization\",\"name\":\"NOTICIASMERCEDINAS.COM\",\"url\":\"https:\\\/\\\/noticiasmercedinas.com\\\/site\\\/\",\"logo\":{\"@type\":\"ImageObject\",\"inLanguage\":\"es\",\"@id\":\"https:\\\/\\\/noticiasmercedinas.com\\\/site\\\/#\\\/schema\\\/logo\\\/image\\\/\",\"url\":\"https:\\\/\\\/noticiasmercedinas.com\\\/site\\\/wp-content\\\/uploads\\\/2020\\\/06\\\/LOGO-512.jpg\",\"contentUrl\":\"https:\\\/\\\/noticiasmercedinas.com\\\/site\\\/wp-content\\\/uploads\\\/2020\\\/06\\\/LOGO-512.jpg\",\"width\":512,\"height\":512,\"caption\":\"NOTICIASMERCEDINAS.COM\"},\"image\":{\"@id\":\"https:\\\/\\\/noticiasmercedinas.com\\\/site\\\/#\\\/schema\\\/logo\\\/image\\\/\"},\"sameAs\":[\"https:\\\/\\\/www.facebook.com\\\/noticiasmercedinas\\\/\",\"https:\\\/\\\/x.com\\\/notmercedinas\",\"https:\\\/\\\/www.instagram.com\\\/noticiasmercedinas\\\/\"]},{\"@type\":\"Person\",\"@id\":\"https:\\\/\\\/noticiasmercedinas.com\\\/site\\\/#\\\/schema\\\/person\\\/d481a9696a5feaec13a60e2bbd991a6a\",\"name\":\"Cristian Falabella NOTICIASMERCEDINAS.COM\",\"image\":{\"@type\":\"ImageObject\",\"inLanguage\":\"es\",\"@id\":\"https:\\\/\\\/secure.gravatar.com\\\/avatar\\\/0dbbfc45970cc46bcd0e57766228574ff3511d6eed045b182f536f0f478c1f06?s=96&d=mm&r=g\",\"url\":\"https:\\\/\\\/secure.gravatar.com\\\/avatar\\\/0dbbfc45970cc46bcd0e57766228574ff3511d6eed045b182f536f0f478c1f06?s=96&d=mm&r=g\",\"contentUrl\":\"https:\\\/\\\/secure.gravatar.com\\\/avatar\\\/0dbbfc45970cc46bcd0e57766228574ff3511d6eed045b182f536f0f478c1f06?s=96&d=mm&r=g\",\"caption\":\"Cristian Falabella NOTICIASMERCEDINAS.COM\"},\"description\":\"Periodista, editor de Noticias Mercedinas. Pas\u00f3 por varias redacciones y emprendimientos de prensa, en distintos formatos y \u00e9pocas. Se especializ\u00f3 --y sigue haci\u00e9ndolo-- en comunicaci\u00f3n en la web y en junio de 2006 fund\u00f3 este diario digital.\",\"sameAs\":[\"https:\\\/\\\/noticiasmercedinas.com\",\"https:\\\/\\\/www.facebook.com\\\/cristian.falabella\",\"https:\\\/\\\/www.instagram.com\\\/noticiasmercedinas\\\/\",\"https:\\\/\\\/x.com\\\/https:\\\/\\\/twitter.com\\\/NOTMERCEDINAS\"],\"url\":\"https:\\\/\\\/noticiasmercedinas.com\\\/site\\\/author\\\/as000384\\\/\"}]}<\/script>\n<!-- \/ Yoast SEO plugin. -->","yoast_head_json":{"title":"Municipio realiz\u00f3 actividades oficiales junto a trabajadores de medios locales","robots":{"index":"index","follow":"follow","max-snippet":"max-snippet:-1","max-image-preview":"max-image-preview:large","max-video-preview":"max-video-preview:-1"},"canonical":"https:\/\/noticiasmercedinas.com\/site\/2022\/06\/07\/municipio-realizo-actividades-oficiales-junto-a-trabajadores-de-medios-locales\/","og_locale":"es_ES","og_type":"article","og_title":"Municipio realiz\u00f3 actividades oficiales junto a trabajadores de medios locales","og_description":"\u25a0 En el marco del D\u00eda del Periodista hubo un acto oficial y un \u00e1gape en La Trocha. \"Necesitamos recuperar el encuentro y valorar a quienes trabajan\", dijo Ustarroz. Luc\u00eda Florella habl\u00f3 en nombre de la prensa","og_url":"https:\/\/noticiasmercedinas.com\/site\/2022\/06\/07\/municipio-realizo-actividades-oficiales-junto-a-trabajadores-de-medios-locales\/","og_site_name":"NOTICIASMERCEDINAS.COM","article_publisher":"https:\/\/www.facebook.com\/noticiasmercedinas\/","article_author":"https:\/\/www.facebook.com\/cristian.falabella","article_published_time":"2022-06-07T12:45:32+00:00","article_modified_time":"2022-06-08T00:28:53+00:00","og_image":[{"width":640,"height":427,"url":"https:\/\/noticiasmercedinas.com\/site\/wp-content\/uploads\/2022\/06\/LUCIAFIMG_3251.jpg","type":"image\/jpeg"}],"author":"Cristian Falabella NOTICIASMERCEDINAS.COM","twitter_card":"summary_large_image","twitter_creator":"@https:\/\/twitter.com\/NOTMERCEDINAS","twitter_site":"@notmercedinas","twitter_misc":{"Escrito por":"Cristian Falabella NOTICIASMERCEDINAS.COM","Tiempo de lectura":"2 minutos"},"schema":{"@context":"https:\/\/schema.org","@graph":[{"@type":"Article","@id":"https:\/\/noticiasmercedinas.com\/site\/2022\/06\/07\/municipio-realizo-actividades-oficiales-junto-a-trabajadores-de-medios-locales\/#article","isPartOf":{"@id":"https:\/\/noticiasmercedinas.com\/site\/2022\/06\/07\/municipio-realizo-actividades-oficiales-junto-a-trabajadores-de-medios-locales\/"},"author":{"name":"Cristian Falabella NOTICIASMERCEDINAS.COM","@id":"https:\/\/noticiasmercedinas.com\/site\/#\/schema\/person\/d481a9696a5feaec13a60e2bbd991a6a"},"headline":"Municipio realiz\u00f3 actividades oficiales junto a trabajadores de medios locales","datePublished":"2022-06-07T12:45:32+00:00","dateModified":"2022-06-08T00:28:53+00:00","mainEntityOfPage":{"@id":"https:\/\/noticiasmercedinas.com\/site\/2022\/06\/07\/municipio-realizo-actividades-oficiales-junto-a-trabajadores-de-medios-locales\/"},"wordCount":343,"commentCount":0,"publisher":{"@id":"https:\/\/noticiasmercedinas.com\/site\/#organization"},"image":{"@id":"https:\/\/noticiasmercedinas.com\/site\/2022\/06\/07\/municipio-realizo-actividades-oficiales-junto-a-trabajadores-de-medios-locales\/#primaryimage"},"thumbnailUrl":"https:\/\/noticiasmercedinas.com\/site\/wp-content\/uploads\/2022\/06\/LUCIAFIMG_3251.jpg","keywords":["d\u00eda del periodista","Luci\u0301a Florella"],"articleSection":["Sociedad"],"inLanguage":"es","potentialAction":[{"@type":"CommentAction","name":"Comment","target":["https:\/\/noticiasmercedinas.com\/site\/2022\/06\/07\/municipio-realizo-actividades-oficiales-junto-a-trabajadores-de-medios-locales\/#respond"]}]},{"@type":"WebPage","@id":"https:\/\/noticiasmercedinas.com\/site\/2022\/06\/07\/municipio-realizo-actividades-oficiales-junto-a-trabajadores-de-medios-locales\/","url":"https:\/\/noticiasmercedinas.com\/site\/2022\/06\/07\/municipio-realizo-actividades-oficiales-junto-a-trabajadores-de-medios-locales\/","name":"Municipio realiz\u00f3 actividades oficiales junto a trabajadores de medios locales","isPartOf":{"@id":"https:\/\/noticiasmercedinas.com\/site\/#website"},"primaryImageOfPage":{"@id":"https:\/\/noticiasmercedinas.com\/site\/2022\/06\/07\/municipio-realizo-actividades-oficiales-junto-a-trabajadores-de-medios-locales\/#primaryimage"},"image":{"@id":"https:\/\/noticiasmercedinas.com\/site\/2022\/06\/07\/municipio-realizo-actividades-oficiales-junto-a-trabajadores-de-medios-locales\/#primaryimage"},"thumbnailUrl":"https:\/\/noticiasmercedinas.com\/site\/wp-content\/uploads\/2022\/06\/LUCIAFIMG_3251.jpg","datePublished":"2022-06-07T12:45:32+00:00","dateModified":"2022-06-08T00:28:53+00:00","breadcrumb":{"@id":"https:\/\/noticiasmercedinas.com\/site\/2022\/06\/07\/municipio-realizo-actividades-oficiales-junto-a-trabajadores-de-medios-locales\/#breadcrumb"},"inLanguage":"es","potentialAction":[{"@type":"ReadAction","target":["https:\/\/noticiasmercedinas.com\/site\/2022\/06\/07\/municipio-realizo-actividades-oficiales-junto-a-trabajadores-de-medios-locales\/"]}]},{"@type":"ImageObject","inLanguage":"es","@id":"https:\/\/noticiasmercedinas.com\/site\/2022\/06\/07\/municipio-realizo-actividades-oficiales-junto-a-trabajadores-de-medios-locales\/#primaryimage","url":"https:\/\/noticiasmercedinas.com\/site\/wp-content\/uploads\/2022\/06\/LUCIAFIMG_3251.jpg","contentUrl":"https:\/\/noticiasmercedinas.com\/site\/wp-content\/uploads\/2022\/06\/LUCIAFIMG_3251.jpg","width":640,"height":427},{"@type":"BreadcrumbList","@id":"https:\/\/noticiasmercedinas.com\/site\/2022\/06\/07\/municipio-realizo-actividades-oficiales-junto-a-trabajadores-de-medios-locales\/#breadcrumb","itemListElement":[{"@type":"ListItem","position":1,"name":"Portada","item":"https:\/\/noticiasmercedinas.com\/site\/"},{"@type":"ListItem","position":2,"name":"Municipio realiz\u00f3 actividades oficiales junto a trabajadores de medios locales"}]},{"@type":"WebSite","@id":"https:\/\/noticiasmercedinas.com\/site\/#website","url":"https:\/\/noticiasmercedinas.com\/site\/","name":"NOTICIASMERCEDINAS.COM","description":"Mercedes, Buenos Aires, Argentina","publisher":{"@id":"https:\/\/noticiasmercedinas.com\/site\/#organization"},"potentialAction":[{"@type":"SearchAction","target":{"@type":"EntryPoint","urlTemplate":"https:\/\/noticiasmercedinas.com\/site\/?s={search_term_string}"},"query-input":{"@type":"PropertyValueSpecification","valueRequired":true,"valueName":"search_term_string"}}],"inLanguage":"es"},{"@type":"Organization","@id":"https:\/\/noticiasmercedinas.com\/site\/#organization","name":"NOTICIASMERCEDINAS.COM","url":"https:\/\/noticiasmercedinas.com\/site\/","logo":{"@type":"ImageObject","inLanguage":"es","@id":"https:\/\/noticiasmercedinas.com\/site\/#\/schema\/logo\/image\/","url":"https:\/\/noticiasmercedinas.com\/site\/wp-content\/uploads\/2020\/06\/LOGO-512.jpg","contentUrl":"https:\/\/noticiasmercedinas.com\/site\/wp-content\/uploads\/2020\/06\/LOGO-512.jpg","width":512,"height":512,"caption":"NOTICIASMERCEDINAS.COM"},"image":{"@id":"https:\/\/noticiasmercedinas.com\/site\/#\/schema\/logo\/image\/"},"sameAs":["https:\/\/www.facebook.com\/noticiasmercedinas\/","https:\/\/x.com\/notmercedinas","https:\/\/www.instagram.com\/noticiasmercedinas\/"]},{"@type":"Person","@id":"https:\/\/noticiasmercedinas.com\/site\/#\/schema\/person\/d481a9696a5feaec13a60e2bbd991a6a","name":"Cristian Falabella NOTICIASMERCEDINAS.COM","image":{"@type":"ImageObject","inLanguage":"es","@id":"https:\/\/secure.gravatar.com\/avatar\/0dbbfc45970cc46bcd0e57766228574ff3511d6eed045b182f536f0f478c1f06?s=96&d=mm&r=g","url":"https:\/\/secure.gravatar.com\/avatar\/0dbbfc45970cc46bcd0e57766228574ff3511d6eed045b182f536f0f478c1f06?s=96&d=mm&r=g","contentUrl":"https:\/\/secure.gravatar.com\/avatar\/0dbbfc45970cc46bcd0e57766228574ff3511d6eed045b182f536f0f478c1f06?s=96&d=mm&r=g","caption":"Cristian Falabella NOTICIASMERCEDINAS.COM"},"description":"Periodista, editor de Noticias Mercedinas. Pas\u00f3 por varias redacciones y emprendimientos de prensa, en distintos formatos y \u00e9pocas. Se especializ\u00f3 --y sigue haci\u00e9ndolo-- en comunicaci\u00f3n en la web y en junio de 2006 fund\u00f3 este diario digital.","sameAs":["https:\/\/noticiasmercedinas.com","https:\/\/www.facebook.com\/cristian.falabella","https:\/\/www.instagram.com\/noticiasmercedinas\/","https:\/\/x.com\/https:\/\/twitter.com\/NOTMERCEDINAS"],"url":"https:\/\/noticiasmercedinas.com\/site\/author\/as000384\/"}]}},"amp_enabled":true,"_links":{"self":[{"href":"https:\/\/noticiasmercedinas.com\/site\/wp-json\/wp\/v2\/posts\/92533","targetHints":{"allow":["GET"]}}],"collection":[{"href":"https:\/\/noticiasmercedinas.com\/site\/wp-json\/wp\/v2\/posts"}],"about":[{"href":"https:\/\/noticiasmercedinas.com\/site\/wp-json\/wp\/v2\/types\/post"}],"author":[{"embeddable":true,"href":"https:\/\/noticiasmercedinas.com\/site\/wp-json\/wp\/v2\/users\/2"}],"replies":[{"embeddable":true,"href":"https:\/\/noticiasmercedinas.com\/site\/wp-json\/wp\/v2\/comments?post=92533"}],"version-history":[{"count":2,"href":"https:\/\/noticiasmercedinas.com\/site\/wp-json\/wp\/v2\/posts\/92533\/revisions"}],"predecessor-version":[{"id":92602,"href":"https:\/\/noticiasmercedinas.com\/site\/wp-json\/wp\/v2\/posts\/92533\/revisions\/92602"}],"wp:featuredmedia":[{"embeddable":true,"href":"https:\/\/noticiasmercedinas.com\/site\/wp-json\/wp\/v2\/media\/92566"}],"wp:attachment":[{"href":"https:\/\/noticiasmercedinas.com\/site\/wp-json\/wp\/v2\/media?parent=92533"}],"wp:term":[{"taxonomy":"category","embeddable":true,"href":"https:\/\/noticiasmercedinas.com\/site\/wp-json\/wp\/v2\/categories?post=92533"},{"taxonomy":"post_tag","embeddable":true,"href":"https:\/\/noticiasmercedinas.com\/site\/wp-json\/wp\/v2\/tags?post=92533"}],"curies":[{"name":"wp","href":"https:\/\/api.w.org\/{rel}","templated":true}]}}