{"id":92570,"date":"2022-06-07T17:48:18","date_gmt":"2022-06-07T20:48:18","guid":{"rendered":"https:\/\/noticiasmercedinas.com\/site\/?p=92570"},"modified":"2022-06-07T17:48:18","modified_gmt":"2022-06-07T20:48:18","slug":"nutricionistas-bonaerenses-eligieron-nuevas-autoridades-en-su-colegio","status":"publish","type":"post","link":"https:\/\/noticiasmercedinas.com\/site\/2022\/06\/07\/nutricionistas-bonaerenses-eligieron-nuevas-autoridades-en-su-colegio\/","title":{"rendered":"Nutricionistas bonaerenses eligieron nuevas autoridades en su Colegio"},"content":{"rendered":"<p><img loading=\"lazy\" decoding=\"async\" class=\"alignnone size-full wp-image-92571\" src=\"https:\/\/noticiasmercedinas.com\/site\/wp-content\/uploads\/2022\/06\/Elecciones-2022_2.jpeg\" alt=\"\" width=\"644\" height=\"362\" srcset=\"https:\/\/noticiasmercedinas.com\/site\/wp-content\/uploads\/2022\/06\/Elecciones-2022_2.jpeg 644w, https:\/\/noticiasmercedinas.com\/site\/wp-content\/uploads\/2022\/06\/Elecciones-2022_2-300x169.jpeg 300w, https:\/\/noticiasmercedinas.com\/site\/wp-content\/uploads\/2022\/06\/Elecciones-2022_2-640x360.jpeg 640w\" sizes=\"auto, (max-width: 644px) 100vw, 644px\" \/><\/p>\n<p>En las elecciones del Colegio de Nutricionistas de la Provincia de Buenos Aires, la Lista Verde Fraternidad obtuvo el 53,03% de los votos y se impuso sobre la oficialista Lista Naranja, que logr\u00f3 el 42,56. De esta manera, las y los colegas eligieron a su presidenta, secretaria y tesorera por los pr\u00f3ximos cuatro a\u00f1os. Asimismo, en estos comicios tambi\u00e9n se vot\u00f3 las vocal\u00edas y los miembros del Tribunal de Disciplina.<\/p>\n<p>La licenciada <strong>Laura Salzman<\/strong> asumir\u00e1 la presidencia del Colegio de Nutricionistas de la Provincia de Buenos Aires, acompa\u00f1ada por las colegas <strong>Fernanda Victoria Delgado<\/strong> y <strong>Cintia Paola Schettino<\/strong>, como secretaria y tesorera, respectivamente.<\/p>\n<p>Habiendo participado el 75% del padr\u00f3n electoral, las actuales autoridades de la instituci\u00f3n resaltaron que \u201cse vivi\u00f3 una jornada en donde el compromiso de los y las licenciadas en nutrici\u00f3n por fortalecer nuestro Colegio qued\u00f3 de manifiesto. Queremos agradecer a las y los colegas que concurrieron hoy a votar. En todo el territorio bonaerense se hicieron presentes para participar de un espacio del que nos enorgullecemos\u201d.<\/p>\n<p>Para la realizaci\u00f3n de estas elecciones se habilitaron 43 mesas en toda la provincia: 3 de Febrero, 9 de Julio, Azul, Bah\u00eda Blanca, Balcarce, Ca\u00f1uelas, Carmen de Patagones, Chacabuco, Chivilcoy, Ezeiza, Florencia Varela, General Villegas, Jun\u00edn, La Matanza, La Plata, Las Flores, Lomas de Zamora, Lujan, Mar del Plata, Mercedes, Moreno, Necochea, Olavarr\u00eda, Pehuaj\u00f3, Pergamino, Pig\u00fc\u00e9, Quilmes, Ramallo, Rojas, San Isidro, San Nicol\u00e1s, San Pedro, Tandil, Trenque Lauquen y Z\u00e1rate, entre otras localidades adem\u00e1s de la ciudad de Buenos Aires.<\/p>\n","protected":false},"excerpt":{"rendered":"<p>\u25a0 Se habilitaron 43 mesas en toda la provincia, entre ellas una en Mercedes. La licenciada Laura Salzman asumir\u00e1 la presidencia. Particip\u00f3 el 75% del padr\u00f3n electoral<\/p>\n","protected":false},"author":16,"featured_media":92571,"comment_status":"open","ping_status":"open","sticky":false,"template":"","format":"standard","meta":{"footnotes":""},"categories":[3],"tags":[1504,115,6825],"class_list":["post-92570","post","type-post","status-publish","format-standard","has-post-thumbnail","hentry","category-sociedad","tag-colegio-de-nutricionistas-de-la-provincia-de-buenos-aires","tag-elecciones","tag-nutricionistas"],"yoast_head":"<!-- This site is optimized with the Yoast SEO plugin v27.5 - https:\/\/yoast.com\/product\/yoast-seo-wordpress\/ -->\n<title>Nutricionistas bonaerenses eligieron nuevas autoridades en su Colegio<\/title>\n<meta name=\"robots\" content=\"index, follow, max-snippet:-1, max-image-preview:large, max-video-preview:-1\" \/>\n<link rel=\"canonical\" href=\"https:\/\/noticiasmercedinas.com\/site\/2022\/06\/07\/nutricionistas-bonaerenses-eligieron-nuevas-autoridades-en-su-colegio\/\" \/>\n<meta property=\"og:locale\" content=\"es_ES\" \/>\n<meta property=\"og:type\" content=\"article\" \/>\n<meta property=\"og:title\" content=\"Nutricionistas bonaerenses eligieron nuevas autoridades en su Colegio\" \/>\n<meta property=\"og:description\" content=\"\u25a0 Se habilitaron 43 mesas en toda la provincia, entre ellas una en Mercedes. La licenciada Laura Salzman asumir\u00e1 la presidencia. Particip\u00f3 el 75% del padr\u00f3n electoral\" \/>\n<meta property=\"og:url\" content=\"https:\/\/noticiasmercedinas.com\/site\/2022\/06\/07\/nutricionistas-bonaerenses-eligieron-nuevas-autoridades-en-su-colegio\/\" \/>\n<meta property=\"og:site_name\" content=\"NOTICIASMERCEDINAS.COM\" \/>\n<meta property=\"article:publisher\" content=\"https:\/\/www.facebook.com\/noticiasmercedinas\/\" \/>\n<meta property=\"article:published_time\" content=\"2022-06-07T20:48:18+00:00\" \/>\n<meta property=\"og:image\" content=\"https:\/\/noticiasmercedinas.com\/site\/wp-content\/uploads\/2022\/06\/Elecciones-2022_2.jpeg\" \/>\n\t<meta property=\"og:image:width\" content=\"644\" \/>\n\t<meta property=\"og:image:height\" content=\"362\" \/>\n\t<meta property=\"og:image:type\" content=\"image\/jpeg\" \/>\n<meta name=\"author\" content=\"NOTICIASMERCEDINAS.COM\" \/>\n<meta name=\"twitter:card\" content=\"summary_large_image\" \/>\n<meta name=\"twitter:creator\" content=\"@notmercedinas\" \/>\n<meta name=\"twitter:site\" content=\"@notmercedinas\" \/>\n<meta name=\"twitter:label1\" content=\"Escrito por\" \/>\n\t<meta name=\"twitter:data1\" content=\"NOTICIASMERCEDINAS.COM\" \/>\n\t<meta name=\"twitter:label2\" content=\"Tiempo de lectura\" \/>\n\t<meta name=\"twitter:data2\" content=\"1 minuto\" \/>\n<script type=\"application\/ld+json\" class=\"yoast-schema-graph\">{\"@context\":\"https:\\\/\\\/schema.org\",\"@graph\":[{\"@type\":\"Article\",\"@id\":\"https:\\\/\\\/noticiasmercedinas.com\\\/site\\\/2022\\\/06\\\/07\\\/nutricionistas-bonaerenses-eligieron-nuevas-autoridades-en-su-colegio\\\/#article\",\"isPartOf\":{\"@id\":\"https:\\\/\\\/noticiasmercedinas.com\\\/site\\\/2022\\\/06\\\/07\\\/nutricionistas-bonaerenses-eligieron-nuevas-autoridades-en-su-colegio\\\/\"},\"author\":{\"name\":\"NOTICIASMERCEDINAS.COM\",\"@id\":\"https:\\\/\\\/noticiasmercedinas.com\\\/site\\\/#\\\/schema\\\/person\\\/84b59c099c28ff2e8b77d4ceec5d8063\"},\"headline\":\"Nutricionistas bonaerenses eligieron nuevas autoridades en su Colegio\",\"datePublished\":\"2022-06-07T20:48:18+00:00\",\"mainEntityOfPage\":{\"@id\":\"https:\\\/\\\/noticiasmercedinas.com\\\/site\\\/2022\\\/06\\\/07\\\/nutricionistas-bonaerenses-eligieron-nuevas-autoridades-en-su-colegio\\\/\"},\"wordCount\":267,\"commentCount\":0,\"publisher\":{\"@id\":\"https:\\\/\\\/noticiasmercedinas.com\\\/site\\\/#organization\"},\"image\":{\"@id\":\"https:\\\/\\\/noticiasmercedinas.com\\\/site\\\/2022\\\/06\\\/07\\\/nutricionistas-bonaerenses-eligieron-nuevas-autoridades-en-su-colegio\\\/#primaryimage\"},\"thumbnailUrl\":\"https:\\\/\\\/noticiasmercedinas.com\\\/site\\\/wp-content\\\/uploads\\\/2022\\\/06\\\/Elecciones-2022_2.jpeg\",\"keywords\":[\"Colegio de Nutricionistas de la Provincia de Buenos Aires\",\"elecciones\",\"nutricionistas\"],\"articleSection\":[\"Sociedad\"],\"inLanguage\":\"es\",\"potentialAction\":[{\"@type\":\"CommentAction\",\"name\":\"Comment\",\"target\":[\"https:\\\/\\\/noticiasmercedinas.com\\\/site\\\/2022\\\/06\\\/07\\\/nutricionistas-bonaerenses-eligieron-nuevas-autoridades-en-su-colegio\\\/#respond\"]}]},{\"@type\":\"WebPage\",\"@id\":\"https:\\\/\\\/noticiasmercedinas.com\\\/site\\\/2022\\\/06\\\/07\\\/nutricionistas-bonaerenses-eligieron-nuevas-autoridades-en-su-colegio\\\/\",\"url\":\"https:\\\/\\\/noticiasmercedinas.com\\\/site\\\/2022\\\/06\\\/07\\\/nutricionistas-bonaerenses-eligieron-nuevas-autoridades-en-su-colegio\\\/\",\"name\":\"Nutricionistas bonaerenses eligieron nuevas autoridades en su Colegio\",\"isPartOf\":{\"@id\":\"https:\\\/\\\/noticiasmercedinas.com\\\/site\\\/#website\"},\"primaryImageOfPage\":{\"@id\":\"https:\\\/\\\/noticiasmercedinas.com\\\/site\\\/2022\\\/06\\\/07\\\/nutricionistas-bonaerenses-eligieron-nuevas-autoridades-en-su-colegio\\\/#primaryimage\"},\"image\":{\"@id\":\"https:\\\/\\\/noticiasmercedinas.com\\\/site\\\/2022\\\/06\\\/07\\\/nutricionistas-bonaerenses-eligieron-nuevas-autoridades-en-su-colegio\\\/#primaryimage\"},\"thumbnailUrl\":\"https:\\\/\\\/noticiasmercedinas.com\\\/site\\\/wp-content\\\/uploads\\\/2022\\\/06\\\/Elecciones-2022_2.jpeg\",\"datePublished\":\"2022-06-07T20:48:18+00:00\",\"breadcrumb\":{\"@id\":\"https:\\\/\\\/noticiasmercedinas.com\\\/site\\\/2022\\\/06\\\/07\\\/nutricionistas-bonaerenses-eligieron-nuevas-autoridades-en-su-colegio\\\/#breadcrumb\"},\"inLanguage\":\"es\",\"potentialAction\":[{\"@type\":\"ReadAction\",\"target\":[\"https:\\\/\\\/noticiasmercedinas.com\\\/site\\\/2022\\\/06\\\/07\\\/nutricionistas-bonaerenses-eligieron-nuevas-autoridades-en-su-colegio\\\/\"]}]},{\"@type\":\"ImageObject\",\"inLanguage\":\"es\",\"@id\":\"https:\\\/\\\/noticiasmercedinas.com\\\/site\\\/2022\\\/06\\\/07\\\/nutricionistas-bonaerenses-eligieron-nuevas-autoridades-en-su-colegio\\\/#primaryimage\",\"url\":\"https:\\\/\\\/noticiasmercedinas.com\\\/site\\\/wp-content\\\/uploads\\\/2022\\\/06\\\/Elecciones-2022_2.jpeg\",\"contentUrl\":\"https:\\\/\\\/noticiasmercedinas.com\\\/site\\\/wp-content\\\/uploads\\\/2022\\\/06\\\/Elecciones-2022_2.jpeg\",\"width\":644,\"height\":362},{\"@type\":\"BreadcrumbList\",\"@id\":\"https:\\\/\\\/noticiasmercedinas.com\\\/site\\\/2022\\\/06\\\/07\\\/nutricionistas-bonaerenses-eligieron-nuevas-autoridades-en-su-colegio\\\/#breadcrumb\",\"itemListElement\":[{\"@type\":\"ListItem\",\"position\":1,\"name\":\"Portada\",\"item\":\"https:\\\/\\\/noticiasmercedinas.com\\\/site\\\/\"},{\"@type\":\"ListItem\",\"position\":2,\"name\":\"Nutricionistas bonaerenses eligieron nuevas autoridades en su Colegio\"}]},{\"@type\":\"WebSite\",\"@id\":\"https:\\\/\\\/noticiasmercedinas.com\\\/site\\\/#website\",\"url\":\"https:\\\/\\\/noticiasmercedinas.com\\\/site\\\/\",\"name\":\"NOTICIASMERCEDINAS.COM\",\"description\":\"Mercedes, Buenos Aires, Argentina\",\"publisher\":{\"@id\":\"https:\\\/\\\/noticiasmercedinas.com\\\/site\\\/#organization\"},\"potentialAction\":[{\"@type\":\"SearchAction\",\"target\":{\"@type\":\"EntryPoint\",\"urlTemplate\":\"https:\\\/\\\/noticiasmercedinas.com\\\/site\\\/?s={search_term_string}\"},\"query-input\":{\"@type\":\"PropertyValueSpecification\",\"valueRequired\":true,\"valueName\":\"search_term_string\"}}],\"inLanguage\":\"es\"},{\"@type\":\"Organization\",\"@id\":\"https:\\\/\\\/noticiasmercedinas.com\\\/site\\\/#organization\",\"name\":\"NOTICIASMERCEDINAS.COM\",\"url\":\"https:\\\/\\\/noticiasmercedinas.com\\\/site\\\/\",\"logo\":{\"@type\":\"ImageObject\",\"inLanguage\":\"es\",\"@id\":\"https:\\\/\\\/noticiasmercedinas.com\\\/site\\\/#\\\/schema\\\/logo\\\/image\\\/\",\"url\":\"https:\\\/\\\/noticiasmercedinas.com\\\/site\\\/wp-content\\\/uploads\\\/2020\\\/06\\\/LOGO-512.jpg\",\"contentUrl\":\"https:\\\/\\\/noticiasmercedinas.com\\\/site\\\/wp-content\\\/uploads\\\/2020\\\/06\\\/LOGO-512.jpg\",\"width\":512,\"height\":512,\"caption\":\"NOTICIASMERCEDINAS.COM\"},\"image\":{\"@id\":\"https:\\\/\\\/noticiasmercedinas.com\\\/site\\\/#\\\/schema\\\/logo\\\/image\\\/\"},\"sameAs\":[\"https:\\\/\\\/www.facebook.com\\\/noticiasmercedinas\\\/\",\"https:\\\/\\\/x.com\\\/notmercedinas\",\"https:\\\/\\\/www.instagram.com\\\/noticiasmercedinas\\\/\"]},{\"@type\":\"Person\",\"@id\":\"https:\\\/\\\/noticiasmercedinas.com\\\/site\\\/#\\\/schema\\\/person\\\/84b59c099c28ff2e8b77d4ceec5d8063\",\"name\":\"NOTICIASMERCEDINAS.COM\",\"image\":{\"@type\":\"ImageObject\",\"inLanguage\":\"es\",\"@id\":\"https:\\\/\\\/secure.gravatar.com\\\/avatar\\\/4dfbf16b4d17945bfb6341b2d19043457132fcf478a5ee04f42e959fd8f5df0a?s=96&d=mm&r=g\",\"url\":\"https:\\\/\\\/secure.gravatar.com\\\/avatar\\\/4dfbf16b4d17945bfb6341b2d19043457132fcf478a5ee04f42e959fd8f5df0a?s=96&d=mm&r=g\",\"contentUrl\":\"https:\\\/\\\/secure.gravatar.com\\\/avatar\\\/4dfbf16b4d17945bfb6341b2d19043457132fcf478a5ee04f42e959fd8f5df0a?s=96&d=mm&r=g\",\"caption\":\"NOTICIASMERCEDINAS.COM\"},\"url\":\"https:\\\/\\\/noticiasmercedinas.com\\\/site\\\/author\\\/anonimo\\\/\"}]}<\/script>\n<!-- \/ Yoast SEO plugin. -->","yoast_head_json":{"title":"Nutricionistas bonaerenses eligieron nuevas autoridades en su Colegio","robots":{"index":"index","follow":"follow","max-snippet":"max-snippet:-1","max-image-preview":"max-image-preview:large","max-video-preview":"max-video-preview:-1"},"canonical":"https:\/\/noticiasmercedinas.com\/site\/2022\/06\/07\/nutricionistas-bonaerenses-eligieron-nuevas-autoridades-en-su-colegio\/","og_locale":"es_ES","og_type":"article","og_title":"Nutricionistas bonaerenses eligieron nuevas autoridades en su Colegio","og_description":"\u25a0 Se habilitaron 43 mesas en toda la provincia, entre ellas una en Mercedes. La licenciada Laura Salzman asumir\u00e1 la presidencia. Particip\u00f3 el 75% del padr\u00f3n electoral","og_url":"https:\/\/noticiasmercedinas.com\/site\/2022\/06\/07\/nutricionistas-bonaerenses-eligieron-nuevas-autoridades-en-su-colegio\/","og_site_name":"NOTICIASMERCEDINAS.COM","article_publisher":"https:\/\/www.facebook.com\/noticiasmercedinas\/","article_published_time":"2022-06-07T20:48:18+00:00","og_image":[{"width":644,"height":362,"url":"https:\/\/noticiasmercedinas.com\/site\/wp-content\/uploads\/2022\/06\/Elecciones-2022_2.jpeg","type":"image\/jpeg"}],"author":"NOTICIASMERCEDINAS.COM","twitter_card":"summary_large_image","twitter_creator":"@notmercedinas","twitter_site":"@notmercedinas","twitter_misc":{"Escrito por":"NOTICIASMERCEDINAS.COM","Tiempo de lectura":"1 minuto"},"schema":{"@context":"https:\/\/schema.org","@graph":[{"@type":"Article","@id":"https:\/\/noticiasmercedinas.com\/site\/2022\/06\/07\/nutricionistas-bonaerenses-eligieron-nuevas-autoridades-en-su-colegio\/#article","isPartOf":{"@id":"https:\/\/noticiasmercedinas.com\/site\/2022\/06\/07\/nutricionistas-bonaerenses-eligieron-nuevas-autoridades-en-su-colegio\/"},"author":{"name":"NOTICIASMERCEDINAS.COM","@id":"https:\/\/noticiasmercedinas.com\/site\/#\/schema\/person\/84b59c099c28ff2e8b77d4ceec5d8063"},"headline":"Nutricionistas bonaerenses eligieron nuevas autoridades en su Colegio","datePublished":"2022-06-07T20:48:18+00:00","mainEntityOfPage":{"@id":"https:\/\/noticiasmercedinas.com\/site\/2022\/06\/07\/nutricionistas-bonaerenses-eligieron-nuevas-autoridades-en-su-colegio\/"},"wordCount":267,"commentCount":0,"publisher":{"@id":"https:\/\/noticiasmercedinas.com\/site\/#organization"},"image":{"@id":"https:\/\/noticiasmercedinas.com\/site\/2022\/06\/07\/nutricionistas-bonaerenses-eligieron-nuevas-autoridades-en-su-colegio\/#primaryimage"},"thumbnailUrl":"https:\/\/noticiasmercedinas.com\/site\/wp-content\/uploads\/2022\/06\/Elecciones-2022_2.jpeg","keywords":["Colegio de Nutricionistas de la Provincia de Buenos Aires","elecciones","nutricionistas"],"articleSection":["Sociedad"],"inLanguage":"es","potentialAction":[{"@type":"CommentAction","name":"Comment","target":["https:\/\/noticiasmercedinas.com\/site\/2022\/06\/07\/nutricionistas-bonaerenses-eligieron-nuevas-autoridades-en-su-colegio\/#respond"]}]},{"@type":"WebPage","@id":"https:\/\/noticiasmercedinas.com\/site\/2022\/06\/07\/nutricionistas-bonaerenses-eligieron-nuevas-autoridades-en-su-colegio\/","url":"https:\/\/noticiasmercedinas.com\/site\/2022\/06\/07\/nutricionistas-bonaerenses-eligieron-nuevas-autoridades-en-su-colegio\/","name":"Nutricionistas bonaerenses eligieron nuevas autoridades en su Colegio","isPartOf":{"@id":"https:\/\/noticiasmercedinas.com\/site\/#website"},"primaryImageOfPage":{"@id":"https:\/\/noticiasmercedinas.com\/site\/2022\/06\/07\/nutricionistas-bonaerenses-eligieron-nuevas-autoridades-en-su-colegio\/#primaryimage"},"image":{"@id":"https:\/\/noticiasmercedinas.com\/site\/2022\/06\/07\/nutricionistas-bonaerenses-eligieron-nuevas-autoridades-en-su-colegio\/#primaryimage"},"thumbnailUrl":"https:\/\/noticiasmercedinas.com\/site\/wp-content\/uploads\/2022\/06\/Elecciones-2022_2.jpeg","datePublished":"2022-06-07T20:48:18+00:00","breadcrumb":{"@id":"https:\/\/noticiasmercedinas.com\/site\/2022\/06\/07\/nutricionistas-bonaerenses-eligieron-nuevas-autoridades-en-su-colegio\/#breadcrumb"},"inLanguage":"es","potentialAction":[{"@type":"ReadAction","target":["https:\/\/noticiasmercedinas.com\/site\/2022\/06\/07\/nutricionistas-bonaerenses-eligieron-nuevas-autoridades-en-su-colegio\/"]}]},{"@type":"ImageObject","inLanguage":"es","@id":"https:\/\/noticiasmercedinas.com\/site\/2022\/06\/07\/nutricionistas-bonaerenses-eligieron-nuevas-autoridades-en-su-colegio\/#primaryimage","url":"https:\/\/noticiasmercedinas.com\/site\/wp-content\/uploads\/2022\/06\/Elecciones-2022_2.jpeg","contentUrl":"https:\/\/noticiasmercedinas.com\/site\/wp-content\/uploads\/2022\/06\/Elecciones-2022_2.jpeg","width":644,"height":362},{"@type":"BreadcrumbList","@id":"https:\/\/noticiasmercedinas.com\/site\/2022\/06\/07\/nutricionistas-bonaerenses-eligieron-nuevas-autoridades-en-su-colegio\/#breadcrumb","itemListElement":[{"@type":"ListItem","position":1,"name":"Portada","item":"https:\/\/noticiasmercedinas.com\/site\/"},{"@type":"ListItem","position":2,"name":"Nutricionistas bonaerenses eligieron nuevas autoridades en su Colegio"}]},{"@type":"WebSite","@id":"https:\/\/noticiasmercedinas.com\/site\/#website","url":"https:\/\/noticiasmercedinas.com\/site\/","name":"NOTICIASMERCEDINAS.COM","description":"Mercedes, Buenos Aires, Argentina","publisher":{"@id":"https:\/\/noticiasmercedinas.com\/site\/#organization"},"potentialAction":[{"@type":"SearchAction","target":{"@type":"EntryPoint","urlTemplate":"https:\/\/noticiasmercedinas.com\/site\/?s={search_term_string}"},"query-input":{"@type":"PropertyValueSpecification","valueRequired":true,"valueName":"search_term_string"}}],"inLanguage":"es"},{"@type":"Organization","@id":"https:\/\/noticiasmercedinas.com\/site\/#organization","name":"NOTICIASMERCEDINAS.COM","url":"https:\/\/noticiasmercedinas.com\/site\/","logo":{"@type":"ImageObject","inLanguage":"es","@id":"https:\/\/noticiasmercedinas.com\/site\/#\/schema\/logo\/image\/","url":"https:\/\/noticiasmercedinas.com\/site\/wp-content\/uploads\/2020\/06\/LOGO-512.jpg","contentUrl":"https:\/\/noticiasmercedinas.com\/site\/wp-content\/uploads\/2020\/06\/LOGO-512.jpg","width":512,"height":512,"caption":"NOTICIASMERCEDINAS.COM"},"image":{"@id":"https:\/\/noticiasmercedinas.com\/site\/#\/schema\/logo\/image\/"},"sameAs":["https:\/\/www.facebook.com\/noticiasmercedinas\/","https:\/\/x.com\/notmercedinas","https:\/\/www.instagram.com\/noticiasmercedinas\/"]},{"@type":"Person","@id":"https:\/\/noticiasmercedinas.com\/site\/#\/schema\/person\/84b59c099c28ff2e8b77d4ceec5d8063","name":"NOTICIASMERCEDINAS.COM","image":{"@type":"ImageObject","inLanguage":"es","@id":"https:\/\/secure.gravatar.com\/avatar\/4dfbf16b4d17945bfb6341b2d19043457132fcf478a5ee04f42e959fd8f5df0a?s=96&d=mm&r=g","url":"https:\/\/secure.gravatar.com\/avatar\/4dfbf16b4d17945bfb6341b2d19043457132fcf478a5ee04f42e959fd8f5df0a?s=96&d=mm&r=g","contentUrl":"https:\/\/secure.gravatar.com\/avatar\/4dfbf16b4d17945bfb6341b2d19043457132fcf478a5ee04f42e959fd8f5df0a?s=96&d=mm&r=g","caption":"NOTICIASMERCEDINAS.COM"},"url":"https:\/\/noticiasmercedinas.com\/site\/author\/anonimo\/"}]}},"amp_enabled":true,"_links":{"self":[{"href":"https:\/\/noticiasmercedinas.com\/site\/wp-json\/wp\/v2\/posts\/92570","targetHints":{"allow":["GET"]}}],"collection":[{"href":"https:\/\/noticiasmercedinas.com\/site\/wp-json\/wp\/v2\/posts"}],"about":[{"href":"https:\/\/noticiasmercedinas.com\/site\/wp-json\/wp\/v2\/types\/post"}],"author":[{"embeddable":true,"href":"https:\/\/noticiasmercedinas.com\/site\/wp-json\/wp\/v2\/users\/16"}],"replies":[{"embeddable":true,"href":"https:\/\/noticiasmercedinas.com\/site\/wp-json\/wp\/v2\/comments?post=92570"}],"version-history":[{"count":1,"href":"https:\/\/noticiasmercedinas.com\/site\/wp-json\/wp\/v2\/posts\/92570\/revisions"}],"predecessor-version":[{"id":92572,"href":"https:\/\/noticiasmercedinas.com\/site\/wp-json\/wp\/v2\/posts\/92570\/revisions\/92572"}],"wp:featuredmedia":[{"embeddable":true,"href":"https:\/\/noticiasmercedinas.com\/site\/wp-json\/wp\/v2\/media\/92571"}],"wp:attachment":[{"href":"https:\/\/noticiasmercedinas.com\/site\/wp-json\/wp\/v2\/media?parent=92570"}],"wp:term":[{"taxonomy":"category","embeddable":true,"href":"https:\/\/noticiasmercedinas.com\/site\/wp-json\/wp\/v2\/categories?post=92570"},{"taxonomy":"post_tag","embeddable":true,"href":"https:\/\/noticiasmercedinas.com\/site\/wp-json\/wp\/v2\/tags?post=92570"}],"curies":[{"name":"wp","href":"https:\/\/api.w.org\/{rel}","templated":true}]}}