{"id":926,"date":"2018-09-03T10:25:31","date_gmt":"2018-09-03T13:25:31","guid":{"rendered":"https:\/\/noticiasmercedinas.com\/site\/?p=926"},"modified":"2018-09-03T10:25:31","modified_gmt":"2018-09-03T13:25:31","slug":"tenis-brianna-becerro-y-franco-lima-campeones-del-abierto-club-mercedes","status":"publish","type":"post","link":"https:\/\/noticiasmercedinas.com\/site\/2018\/09\/03\/tenis-brianna-becerro-y-franco-lima-campeones-del-abierto-club-mercedes\/","title":{"rendered":"Tenis: Brianna Becerro y Franco Lima, campeones del Abierto Club Mercedes"},"content":{"rendered":"<p>Una vez m\u00e1s nuestra ciudad fue seleccionada por la Federaci\u00f3n de Tenis del Oeste de Buenos Aires (Atoba) para ser sede de uno de los torneos de menores m\u00e1s importantes de la zona: ahora se le denomina \u00abAbierto\u00bb y anteriormente se los llamaba Nacional de Grado 3.<\/p>\n<p><img loading=\"lazy\" decoding=\"async\" class=\"alignnone size-full wp-image-927\" src=\"https:\/\/noticiasmercedinas.com\/site\/wp-content\/uploads\/2018\/09\/20180902_145854.jpg\" alt=\"\" width=\"650\" height=\"385\" srcset=\"https:\/\/noticiasmercedinas.com\/site\/wp-content\/uploads\/2018\/09\/20180902_145854.jpg 650w, https:\/\/noticiasmercedinas.com\/site\/wp-content\/uploads\/2018\/09\/20180902_145854-300x178.jpg 300w, https:\/\/noticiasmercedinas.com\/site\/wp-content\/uploads\/2018\/09\/20180902_145854-640x379.jpg 640w\" sizes=\"auto, (max-width: 650px) 100vw, 650px\" \/><\/p>\n<p>Fue en las canchas del Club Mercedes donde se realiz\u00f3 y cont\u00f3 con la presencia de muchos de los mejores jugadores del pa\u00eds.<\/p>\n<p>Se destacaron Brianna Becerro (ocupa el puesto \u00b025 del ranking nacional) en categor\u00eda sub 12 damas mientras que Franco Lima hizo lo propio en 14 varones.<\/p>\n<p>Lo de Brianna fue muy contundente ya que cedi\u00f3 s\u00f3lo 5 games en todo el torneo: venci\u00f3 a Brayotta (6\/2-6\/1) en cuartos de final, a Gherbi (6\/0-6\/1) en semi y a Clara Minichiello (n\u00b0 39 de la Argentina por 6\/1-6\/1). Gran rendimiento, ha progresado notablemente su juego de ataque y la concentraci\u00f3n.<\/p>\n<p>En sub 14 el campe\u00f3n fue Franco Lima que gan\u00f3, tambi\u00e9n con comodidad, sus encuentros de octavos, cuartos y semifinal. La final fue m\u00e1s dura luego de perder el primer set pero luego acomod\u00f3 su tenis y venci\u00f3 por 4\/6-7\/6-6\/1 a Zamora.<\/p>\n<p>Por la misma categor\u00eda participaron Tomas Spinelli y Ramiro Valle qui\u00e9nes cayeron en Octavos pero juntos alcanzaron las semis de dobles.<\/p>\n<p>En categor\u00eda sub 10 a\u00f1os Mat\u00edas Rebagliati alcanz\u00f3 la semifinal luego de ganar sus 3 partidos de zona y perdi\u00f3 6\/4 en partidazo contra Pedro Bonta.<\/p>\n<p>En Sub 16 tuvimos representados por Emanuel Bernal, Pedro Fregossi y Augusto Rodr\u00edguez qui\u00e9nes cayeron en cuartos de final. Ema y Pedro ganaron sus encuentros de octavos (y perdieron en final de dobles), en tanto Augusto sali\u00f3 directamente de cuartos por estar preclasificado n\u00b01.<\/p>\n<p>Lamentablemente nos perdimos de ver participar a Thiago Pernas y Guido Rebagliati ya que, su categor\u00eda, no se pudo realizar por falta de inscriptos. Una verdadera pena.<\/p>\n<p><img loading=\"lazy\" decoding=\"async\" class=\"alignnone size-full wp-image-928\" src=\"https:\/\/noticiasmercedinas.com\/site\/wp-content\/uploads\/2018\/09\/20180902_112829.jpg\" alt=\"\" width=\"600\" height=\"372\" srcset=\"https:\/\/noticiasmercedinas.com\/site\/wp-content\/uploads\/2018\/09\/20180902_112829.jpg 600w, https:\/\/noticiasmercedinas.com\/site\/wp-content\/uploads\/2018\/09\/20180902_112829-300x186.jpg 300w\" sizes=\"auto, (max-width: 600px) 100vw, 600px\" \/><\/p>\n","protected":false},"excerpt":{"rendered":"<p>Una vez m\u00e1s nuestra ciudad fue seleccionada por la Federaci\u00f3n de Tenis del Oeste de Buenos Aires (Atoba) para ser sede de uno de los torneos de menores m\u00e1s importantes de la zona: ahora se le denomina \u00abAbierto\u00bb y anteriormente se los llamaba Nacional de Grado 3. Fue en las canchas del Club Mercedes donde [&hellip;]<\/p>\n","protected":false},"author":2,"featured_media":927,"comment_status":"open","ping_status":"open","sticky":false,"template":"","format":"standard","meta":{"footnotes":""},"categories":[5],"tags":[136,406,135,133],"class_list":["post-926","post","type-post","status-publish","format-standard","has-post-thumbnail","hentry","category-deportes","tag-atoba","tag-brianna-becerro","tag-club-mercedes","tag-tenis"],"yoast_head":"<!-- This site is optimized with the Yoast SEO plugin v27.4 - https:\/\/yoast.com\/product\/yoast-seo-wordpress\/ -->\n<title>Tenis: Brianna Becerro y Franco Lima, campeones del Abierto Club Mercedes<\/title>\n<meta name=\"robots\" content=\"index, follow, max-snippet:-1, max-image-preview:large, max-video-preview:-1\" \/>\n<link rel=\"canonical\" href=\"https:\/\/noticiasmercedinas.com\/site\/2018\/09\/03\/tenis-brianna-becerro-y-franco-lima-campeones-del-abierto-club-mercedes\/\" \/>\n<meta property=\"og:locale\" content=\"es_ES\" \/>\n<meta property=\"og:type\" content=\"article\" \/>\n<meta property=\"og:title\" content=\"Tenis: Brianna Becerro y Franco Lima, campeones del Abierto Club Mercedes\" \/>\n<meta property=\"og:description\" content=\"Una vez m\u00e1s nuestra ciudad fue seleccionada por la Federaci\u00f3n de Tenis del Oeste de Buenos Aires (Atoba) para ser sede de uno de los torneos de menores m\u00e1s importantes de la zona: ahora se le denomina \u00abAbierto\u00bb y anteriormente se los llamaba Nacional de Grado 3. Fue en las canchas del Club Mercedes donde [&hellip;]\" \/>\n<meta property=\"og:url\" content=\"https:\/\/noticiasmercedinas.com\/site\/2018\/09\/03\/tenis-brianna-becerro-y-franco-lima-campeones-del-abierto-club-mercedes\/\" \/>\n<meta property=\"og:site_name\" content=\"NOTICIASMERCEDINAS.COM\" \/>\n<meta property=\"article:publisher\" content=\"https:\/\/www.facebook.com\/noticiasmercedinas\/\" \/>\n<meta property=\"article:author\" content=\"https:\/\/www.facebook.com\/cristian.falabella\" \/>\n<meta property=\"article:published_time\" content=\"2018-09-03T13:25:31+00:00\" \/>\n<meta property=\"og:image\" content=\"https:\/\/noticiasmercedinas.com\/site\/wp-content\/uploads\/2018\/09\/20180902_145854.jpg\" \/>\n\t<meta property=\"og:image:width\" content=\"650\" \/>\n\t<meta property=\"og:image:height\" content=\"385\" \/>\n\t<meta property=\"og:image:type\" content=\"image\/jpeg\" \/>\n<meta name=\"author\" content=\"Cristian Falabella NOTICIASMERCEDINAS.COM\" \/>\n<meta name=\"twitter:card\" content=\"summary_large_image\" \/>\n<meta name=\"twitter:creator\" content=\"@https:\/\/twitter.com\/NOTMERCEDINAS\" \/>\n<meta name=\"twitter:site\" content=\"@notmercedinas\" \/>\n<meta name=\"twitter:label1\" content=\"Escrito por\" \/>\n\t<meta name=\"twitter:data1\" content=\"Cristian Falabella NOTICIASMERCEDINAS.COM\" \/>\n\t<meta name=\"twitter:label2\" content=\"Tiempo de lectura\" \/>\n\t<meta name=\"twitter:data2\" content=\"2 minutos\" \/>\n<script type=\"application\/ld+json\" class=\"yoast-schema-graph\">{\"@context\":\"https:\\\/\\\/schema.org\",\"@graph\":[{\"@type\":\"Article\",\"@id\":\"https:\\\/\\\/noticiasmercedinas.com\\\/site\\\/2018\\\/09\\\/03\\\/tenis-brianna-becerro-y-franco-lima-campeones-del-abierto-club-mercedes\\\/#article\",\"isPartOf\":{\"@id\":\"https:\\\/\\\/noticiasmercedinas.com\\\/site\\\/2018\\\/09\\\/03\\\/tenis-brianna-becerro-y-franco-lima-campeones-del-abierto-club-mercedes\\\/\"},\"author\":{\"name\":\"Cristian Falabella NOTICIASMERCEDINAS.COM\",\"@id\":\"https:\\\/\\\/noticiasmercedinas.com\\\/site\\\/#\\\/schema\\\/person\\\/d481a9696a5feaec13a60e2bbd991a6a\"},\"headline\":\"Tenis: Brianna Becerro y Franco Lima, campeones del Abierto Club Mercedes\",\"datePublished\":\"2018-09-03T13:25:31+00:00\",\"mainEntityOfPage\":{\"@id\":\"https:\\\/\\\/noticiasmercedinas.com\\\/site\\\/2018\\\/09\\\/03\\\/tenis-brianna-becerro-y-franco-lima-campeones-del-abierto-club-mercedes\\\/\"},\"wordCount\":327,\"commentCount\":0,\"publisher\":{\"@id\":\"https:\\\/\\\/noticiasmercedinas.com\\\/site\\\/#organization\"},\"image\":{\"@id\":\"https:\\\/\\\/noticiasmercedinas.com\\\/site\\\/2018\\\/09\\\/03\\\/tenis-brianna-becerro-y-franco-lima-campeones-del-abierto-club-mercedes\\\/#primaryimage\"},\"thumbnailUrl\":\"https:\\\/\\\/noticiasmercedinas.com\\\/site\\\/wp-content\\\/uploads\\\/2018\\\/09\\\/20180902_145854.jpg\",\"keywords\":[\"atoba\",\"brianna becerro\",\"club mercedes\",\"tenis\"],\"articleSection\":[\"Deportes\"],\"inLanguage\":\"es\",\"potentialAction\":[{\"@type\":\"CommentAction\",\"name\":\"Comment\",\"target\":[\"https:\\\/\\\/noticiasmercedinas.com\\\/site\\\/2018\\\/09\\\/03\\\/tenis-brianna-becerro-y-franco-lima-campeones-del-abierto-club-mercedes\\\/#respond\"]}]},{\"@type\":\"WebPage\",\"@id\":\"https:\\\/\\\/noticiasmercedinas.com\\\/site\\\/2018\\\/09\\\/03\\\/tenis-brianna-becerro-y-franco-lima-campeones-del-abierto-club-mercedes\\\/\",\"url\":\"https:\\\/\\\/noticiasmercedinas.com\\\/site\\\/2018\\\/09\\\/03\\\/tenis-brianna-becerro-y-franco-lima-campeones-del-abierto-club-mercedes\\\/\",\"name\":\"Tenis: Brianna Becerro y Franco Lima, campeones del Abierto Club Mercedes\",\"isPartOf\":{\"@id\":\"https:\\\/\\\/noticiasmercedinas.com\\\/site\\\/#website\"},\"primaryImageOfPage\":{\"@id\":\"https:\\\/\\\/noticiasmercedinas.com\\\/site\\\/2018\\\/09\\\/03\\\/tenis-brianna-becerro-y-franco-lima-campeones-del-abierto-club-mercedes\\\/#primaryimage\"},\"image\":{\"@id\":\"https:\\\/\\\/noticiasmercedinas.com\\\/site\\\/2018\\\/09\\\/03\\\/tenis-brianna-becerro-y-franco-lima-campeones-del-abierto-club-mercedes\\\/#primaryimage\"},\"thumbnailUrl\":\"https:\\\/\\\/noticiasmercedinas.com\\\/site\\\/wp-content\\\/uploads\\\/2018\\\/09\\\/20180902_145854.jpg\",\"datePublished\":\"2018-09-03T13:25:31+00:00\",\"breadcrumb\":{\"@id\":\"https:\\\/\\\/noticiasmercedinas.com\\\/site\\\/2018\\\/09\\\/03\\\/tenis-brianna-becerro-y-franco-lima-campeones-del-abierto-club-mercedes\\\/#breadcrumb\"},\"inLanguage\":\"es\",\"potentialAction\":[{\"@type\":\"ReadAction\",\"target\":[\"https:\\\/\\\/noticiasmercedinas.com\\\/site\\\/2018\\\/09\\\/03\\\/tenis-brianna-becerro-y-franco-lima-campeones-del-abierto-club-mercedes\\\/\"]}]},{\"@type\":\"ImageObject\",\"inLanguage\":\"es\",\"@id\":\"https:\\\/\\\/noticiasmercedinas.com\\\/site\\\/2018\\\/09\\\/03\\\/tenis-brianna-becerro-y-franco-lima-campeones-del-abierto-club-mercedes\\\/#primaryimage\",\"url\":\"https:\\\/\\\/noticiasmercedinas.com\\\/site\\\/wp-content\\\/uploads\\\/2018\\\/09\\\/20180902_145854.jpg\",\"contentUrl\":\"https:\\\/\\\/noticiasmercedinas.com\\\/site\\\/wp-content\\\/uploads\\\/2018\\\/09\\\/20180902_145854.jpg\",\"width\":650,\"height\":385},{\"@type\":\"BreadcrumbList\",\"@id\":\"https:\\\/\\\/noticiasmercedinas.com\\\/site\\\/2018\\\/09\\\/03\\\/tenis-brianna-becerro-y-franco-lima-campeones-del-abierto-club-mercedes\\\/#breadcrumb\",\"itemListElement\":[{\"@type\":\"ListItem\",\"position\":1,\"name\":\"Portada\",\"item\":\"https:\\\/\\\/noticiasmercedinas.com\\\/site\\\/\"},{\"@type\":\"ListItem\",\"position\":2,\"name\":\"Tenis: Brianna Becerro y Franco Lima, campeones del Abierto Club Mercedes\"}]},{\"@type\":\"WebSite\",\"@id\":\"https:\\\/\\\/noticiasmercedinas.com\\\/site\\\/#website\",\"url\":\"https:\\\/\\\/noticiasmercedinas.com\\\/site\\\/\",\"name\":\"NOTICIASMERCEDINAS.COM\",\"description\":\"Mercedes, Buenos Aires, Argentina\",\"publisher\":{\"@id\":\"https:\\\/\\\/noticiasmercedinas.com\\\/site\\\/#organization\"},\"potentialAction\":[{\"@type\":\"SearchAction\",\"target\":{\"@type\":\"EntryPoint\",\"urlTemplate\":\"https:\\\/\\\/noticiasmercedinas.com\\\/site\\\/?s={search_term_string}\"},\"query-input\":{\"@type\":\"PropertyValueSpecification\",\"valueRequired\":true,\"valueName\":\"search_term_string\"}}],\"inLanguage\":\"es\"},{\"@type\":\"Organization\",\"@id\":\"https:\\\/\\\/noticiasmercedinas.com\\\/site\\\/#organization\",\"name\":\"NOTICIASMERCEDINAS.COM\",\"url\":\"https:\\\/\\\/noticiasmercedinas.com\\\/site\\\/\",\"logo\":{\"@type\":\"ImageObject\",\"inLanguage\":\"es\",\"@id\":\"https:\\\/\\\/noticiasmercedinas.com\\\/site\\\/#\\\/schema\\\/logo\\\/image\\\/\",\"url\":\"https:\\\/\\\/noticiasmercedinas.com\\\/site\\\/wp-content\\\/uploads\\\/2020\\\/06\\\/LOGO-512.jpg\",\"contentUrl\":\"https:\\\/\\\/noticiasmercedinas.com\\\/site\\\/wp-content\\\/uploads\\\/2020\\\/06\\\/LOGO-512.jpg\",\"width\":512,\"height\":512,\"caption\":\"NOTICIASMERCEDINAS.COM\"},\"image\":{\"@id\":\"https:\\\/\\\/noticiasmercedinas.com\\\/site\\\/#\\\/schema\\\/logo\\\/image\\\/\"},\"sameAs\":[\"https:\\\/\\\/www.facebook.com\\\/noticiasmercedinas\\\/\",\"https:\\\/\\\/x.com\\\/notmercedinas\",\"https:\\\/\\\/www.instagram.com\\\/noticiasmercedinas\\\/\"]},{\"@type\":\"Person\",\"@id\":\"https:\\\/\\\/noticiasmercedinas.com\\\/site\\\/#\\\/schema\\\/person\\\/d481a9696a5feaec13a60e2bbd991a6a\",\"name\":\"Cristian Falabella NOTICIASMERCEDINAS.COM\",\"image\":{\"@type\":\"ImageObject\",\"inLanguage\":\"es\",\"@id\":\"https:\\\/\\\/secure.gravatar.com\\\/avatar\\\/0dbbfc45970cc46bcd0e57766228574ff3511d6eed045b182f536f0f478c1f06?s=96&d=mm&r=g\",\"url\":\"https:\\\/\\\/secure.gravatar.com\\\/avatar\\\/0dbbfc45970cc46bcd0e57766228574ff3511d6eed045b182f536f0f478c1f06?s=96&d=mm&r=g\",\"contentUrl\":\"https:\\\/\\\/secure.gravatar.com\\\/avatar\\\/0dbbfc45970cc46bcd0e57766228574ff3511d6eed045b182f536f0f478c1f06?s=96&d=mm&r=g\",\"caption\":\"Cristian Falabella NOTICIASMERCEDINAS.COM\"},\"description\":\"Periodista, editor de Noticias Mercedinas. Pas\u00f3 por varias redacciones y emprendimientos de prensa, en distintos formatos y \u00e9pocas. Se especializ\u00f3 --y sigue haci\u00e9ndolo-- en comunicaci\u00f3n en la web y en junio de 2006 fund\u00f3 este diario digital.\",\"sameAs\":[\"https:\\\/\\\/noticiasmercedinas.com\",\"https:\\\/\\\/www.facebook.com\\\/cristian.falabella\",\"https:\\\/\\\/www.instagram.com\\\/noticiasmercedinas\\\/\",\"https:\\\/\\\/x.com\\\/https:\\\/\\\/twitter.com\\\/NOTMERCEDINAS\"],\"url\":\"https:\\\/\\\/noticiasmercedinas.com\\\/site\\\/author\\\/as000384\\\/\"}]}<\/script>\n<!-- \/ Yoast SEO plugin. -->","yoast_head_json":{"title":"Tenis: Brianna Becerro y Franco Lima, campeones del Abierto Club Mercedes","robots":{"index":"index","follow":"follow","max-snippet":"max-snippet:-1","max-image-preview":"max-image-preview:large","max-video-preview":"max-video-preview:-1"},"canonical":"https:\/\/noticiasmercedinas.com\/site\/2018\/09\/03\/tenis-brianna-becerro-y-franco-lima-campeones-del-abierto-club-mercedes\/","og_locale":"es_ES","og_type":"article","og_title":"Tenis: Brianna Becerro y Franco Lima, campeones del Abierto Club Mercedes","og_description":"Una vez m\u00e1s nuestra ciudad fue seleccionada por la Federaci\u00f3n de Tenis del Oeste de Buenos Aires (Atoba) para ser sede de uno de los torneos de menores m\u00e1s importantes de la zona: ahora se le denomina \u00abAbierto\u00bb y anteriormente se los llamaba Nacional de Grado 3. Fue en las canchas del Club Mercedes donde [&hellip;]","og_url":"https:\/\/noticiasmercedinas.com\/site\/2018\/09\/03\/tenis-brianna-becerro-y-franco-lima-campeones-del-abierto-club-mercedes\/","og_site_name":"NOTICIASMERCEDINAS.COM","article_publisher":"https:\/\/www.facebook.com\/noticiasmercedinas\/","article_author":"https:\/\/www.facebook.com\/cristian.falabella","article_published_time":"2018-09-03T13:25:31+00:00","og_image":[{"width":650,"height":385,"url":"https:\/\/noticiasmercedinas.com\/site\/wp-content\/uploads\/2018\/09\/20180902_145854.jpg","type":"image\/jpeg"}],"author":"Cristian Falabella NOTICIASMERCEDINAS.COM","twitter_card":"summary_large_image","twitter_creator":"@https:\/\/twitter.com\/NOTMERCEDINAS","twitter_site":"@notmercedinas","twitter_misc":{"Escrito por":"Cristian Falabella NOTICIASMERCEDINAS.COM","Tiempo de lectura":"2 minutos"},"schema":{"@context":"https:\/\/schema.org","@graph":[{"@type":"Article","@id":"https:\/\/noticiasmercedinas.com\/site\/2018\/09\/03\/tenis-brianna-becerro-y-franco-lima-campeones-del-abierto-club-mercedes\/#article","isPartOf":{"@id":"https:\/\/noticiasmercedinas.com\/site\/2018\/09\/03\/tenis-brianna-becerro-y-franco-lima-campeones-del-abierto-club-mercedes\/"},"author":{"name":"Cristian Falabella NOTICIASMERCEDINAS.COM","@id":"https:\/\/noticiasmercedinas.com\/site\/#\/schema\/person\/d481a9696a5feaec13a60e2bbd991a6a"},"headline":"Tenis: Brianna Becerro y Franco Lima, campeones del Abierto Club Mercedes","datePublished":"2018-09-03T13:25:31+00:00","mainEntityOfPage":{"@id":"https:\/\/noticiasmercedinas.com\/site\/2018\/09\/03\/tenis-brianna-becerro-y-franco-lima-campeones-del-abierto-club-mercedes\/"},"wordCount":327,"commentCount":0,"publisher":{"@id":"https:\/\/noticiasmercedinas.com\/site\/#organization"},"image":{"@id":"https:\/\/noticiasmercedinas.com\/site\/2018\/09\/03\/tenis-brianna-becerro-y-franco-lima-campeones-del-abierto-club-mercedes\/#primaryimage"},"thumbnailUrl":"https:\/\/noticiasmercedinas.com\/site\/wp-content\/uploads\/2018\/09\/20180902_145854.jpg","keywords":["atoba","brianna becerro","club mercedes","tenis"],"articleSection":["Deportes"],"inLanguage":"es","potentialAction":[{"@type":"CommentAction","name":"Comment","target":["https:\/\/noticiasmercedinas.com\/site\/2018\/09\/03\/tenis-brianna-becerro-y-franco-lima-campeones-del-abierto-club-mercedes\/#respond"]}]},{"@type":"WebPage","@id":"https:\/\/noticiasmercedinas.com\/site\/2018\/09\/03\/tenis-brianna-becerro-y-franco-lima-campeones-del-abierto-club-mercedes\/","url":"https:\/\/noticiasmercedinas.com\/site\/2018\/09\/03\/tenis-brianna-becerro-y-franco-lima-campeones-del-abierto-club-mercedes\/","name":"Tenis: Brianna Becerro y Franco Lima, campeones del Abierto Club Mercedes","isPartOf":{"@id":"https:\/\/noticiasmercedinas.com\/site\/#website"},"primaryImageOfPage":{"@id":"https:\/\/noticiasmercedinas.com\/site\/2018\/09\/03\/tenis-brianna-becerro-y-franco-lima-campeones-del-abierto-club-mercedes\/#primaryimage"},"image":{"@id":"https:\/\/noticiasmercedinas.com\/site\/2018\/09\/03\/tenis-brianna-becerro-y-franco-lima-campeones-del-abierto-club-mercedes\/#primaryimage"},"thumbnailUrl":"https:\/\/noticiasmercedinas.com\/site\/wp-content\/uploads\/2018\/09\/20180902_145854.jpg","datePublished":"2018-09-03T13:25:31+00:00","breadcrumb":{"@id":"https:\/\/noticiasmercedinas.com\/site\/2018\/09\/03\/tenis-brianna-becerro-y-franco-lima-campeones-del-abierto-club-mercedes\/#breadcrumb"},"inLanguage":"es","potentialAction":[{"@type":"ReadAction","target":["https:\/\/noticiasmercedinas.com\/site\/2018\/09\/03\/tenis-brianna-becerro-y-franco-lima-campeones-del-abierto-club-mercedes\/"]}]},{"@type":"ImageObject","inLanguage":"es","@id":"https:\/\/noticiasmercedinas.com\/site\/2018\/09\/03\/tenis-brianna-becerro-y-franco-lima-campeones-del-abierto-club-mercedes\/#primaryimage","url":"https:\/\/noticiasmercedinas.com\/site\/wp-content\/uploads\/2018\/09\/20180902_145854.jpg","contentUrl":"https:\/\/noticiasmercedinas.com\/site\/wp-content\/uploads\/2018\/09\/20180902_145854.jpg","width":650,"height":385},{"@type":"BreadcrumbList","@id":"https:\/\/noticiasmercedinas.com\/site\/2018\/09\/03\/tenis-brianna-becerro-y-franco-lima-campeones-del-abierto-club-mercedes\/#breadcrumb","itemListElement":[{"@type":"ListItem","position":1,"name":"Portada","item":"https:\/\/noticiasmercedinas.com\/site\/"},{"@type":"ListItem","position":2,"name":"Tenis: Brianna Becerro y Franco Lima, campeones del Abierto Club Mercedes"}]},{"@type":"WebSite","@id":"https:\/\/noticiasmercedinas.com\/site\/#website","url":"https:\/\/noticiasmercedinas.com\/site\/","name":"NOTICIASMERCEDINAS.COM","description":"Mercedes, Buenos Aires, Argentina","publisher":{"@id":"https:\/\/noticiasmercedinas.com\/site\/#organization"},"potentialAction":[{"@type":"SearchAction","target":{"@type":"EntryPoint","urlTemplate":"https:\/\/noticiasmercedinas.com\/site\/?s={search_term_string}"},"query-input":{"@type":"PropertyValueSpecification","valueRequired":true,"valueName":"search_term_string"}}],"inLanguage":"es"},{"@type":"Organization","@id":"https:\/\/noticiasmercedinas.com\/site\/#organization","name":"NOTICIASMERCEDINAS.COM","url":"https:\/\/noticiasmercedinas.com\/site\/","logo":{"@type":"ImageObject","inLanguage":"es","@id":"https:\/\/noticiasmercedinas.com\/site\/#\/schema\/logo\/image\/","url":"https:\/\/noticiasmercedinas.com\/site\/wp-content\/uploads\/2020\/06\/LOGO-512.jpg","contentUrl":"https:\/\/noticiasmercedinas.com\/site\/wp-content\/uploads\/2020\/06\/LOGO-512.jpg","width":512,"height":512,"caption":"NOTICIASMERCEDINAS.COM"},"image":{"@id":"https:\/\/noticiasmercedinas.com\/site\/#\/schema\/logo\/image\/"},"sameAs":["https:\/\/www.facebook.com\/noticiasmercedinas\/","https:\/\/x.com\/notmercedinas","https:\/\/www.instagram.com\/noticiasmercedinas\/"]},{"@type":"Person","@id":"https:\/\/noticiasmercedinas.com\/site\/#\/schema\/person\/d481a9696a5feaec13a60e2bbd991a6a","name":"Cristian Falabella NOTICIASMERCEDINAS.COM","image":{"@type":"ImageObject","inLanguage":"es","@id":"https:\/\/secure.gravatar.com\/avatar\/0dbbfc45970cc46bcd0e57766228574ff3511d6eed045b182f536f0f478c1f06?s=96&d=mm&r=g","url":"https:\/\/secure.gravatar.com\/avatar\/0dbbfc45970cc46bcd0e57766228574ff3511d6eed045b182f536f0f478c1f06?s=96&d=mm&r=g","contentUrl":"https:\/\/secure.gravatar.com\/avatar\/0dbbfc45970cc46bcd0e57766228574ff3511d6eed045b182f536f0f478c1f06?s=96&d=mm&r=g","caption":"Cristian Falabella NOTICIASMERCEDINAS.COM"},"description":"Periodista, editor de Noticias Mercedinas. Pas\u00f3 por varias redacciones y emprendimientos de prensa, en distintos formatos y \u00e9pocas. Se especializ\u00f3 --y sigue haci\u00e9ndolo-- en comunicaci\u00f3n en la web y en junio de 2006 fund\u00f3 este diario digital.","sameAs":["https:\/\/noticiasmercedinas.com","https:\/\/www.facebook.com\/cristian.falabella","https:\/\/www.instagram.com\/noticiasmercedinas\/","https:\/\/x.com\/https:\/\/twitter.com\/NOTMERCEDINAS"],"url":"https:\/\/noticiasmercedinas.com\/site\/author\/as000384\/"}]}},"amp_enabled":true,"_links":{"self":[{"href":"https:\/\/noticiasmercedinas.com\/site\/wp-json\/wp\/v2\/posts\/926","targetHints":{"allow":["GET"]}}],"collection":[{"href":"https:\/\/noticiasmercedinas.com\/site\/wp-json\/wp\/v2\/posts"}],"about":[{"href":"https:\/\/noticiasmercedinas.com\/site\/wp-json\/wp\/v2\/types\/post"}],"author":[{"embeddable":true,"href":"https:\/\/noticiasmercedinas.com\/site\/wp-json\/wp\/v2\/users\/2"}],"replies":[{"embeddable":true,"href":"https:\/\/noticiasmercedinas.com\/site\/wp-json\/wp\/v2\/comments?post=926"}],"version-history":[{"count":1,"href":"https:\/\/noticiasmercedinas.com\/site\/wp-json\/wp\/v2\/posts\/926\/revisions"}],"predecessor-version":[{"id":929,"href":"https:\/\/noticiasmercedinas.com\/site\/wp-json\/wp\/v2\/posts\/926\/revisions\/929"}],"wp:featuredmedia":[{"embeddable":true,"href":"https:\/\/noticiasmercedinas.com\/site\/wp-json\/wp\/v2\/media\/927"}],"wp:attachment":[{"href":"https:\/\/noticiasmercedinas.com\/site\/wp-json\/wp\/v2\/media?parent=926"}],"wp:term":[{"taxonomy":"category","embeddable":true,"href":"https:\/\/noticiasmercedinas.com\/site\/wp-json\/wp\/v2\/categories?post=926"},{"taxonomy":"post_tag","embeddable":true,"href":"https:\/\/noticiasmercedinas.com\/site\/wp-json\/wp\/v2\/tags?post=926"}],"curies":[{"name":"wp","href":"https:\/\/api.w.org\/{rel}","templated":true}]}}