{"id":92758,"date":"2022-06-10T08:34:13","date_gmt":"2022-06-10T11:34:13","guid":{"rendered":"https:\/\/noticiasmercedinas.com\/site\/?p=92758"},"modified":"2022-06-10T14:18:24","modified_gmt":"2022-06-10T17:18:24","slug":"este-sabado-por-la-noche-habra-una-pena-en-la-trocha","status":"publish","type":"post","link":"https:\/\/noticiasmercedinas.com\/site\/2022\/06\/10\/este-sabado-por-la-noche-habra-una-pena-en-la-trocha\/","title":{"rendered":"Este s\u00e1bado por la noche habr\u00eda una pe\u00f1a en La Trocha, pero fue suspendida"},"content":{"rendered":"<p><img loading=\"lazy\" decoding=\"async\" class=\"alignnone size-large wp-image-92760\" src=\"https:\/\/noticiasmercedinas.com\/site\/wp-content\/uploads\/2022\/06\/286451353_564878221874663_7755904944701756848_n-1024x682.jpg\" alt=\"\" width=\"640\" height=\"426\" \/><\/p>\n<p>\u00abEl s\u00e1bado vamos a estar tocando en La Trocha en un evento organizado por la Municipalidad y Los Amigos Pe\u00f1eros en el marco de las \u00abNoches de pe\u00f1as\u00bb junto a Trio Los Amigos y Lola Demieri\u00bb, coment\u00f3 a este medio <strong>Jos\u00e9 L\u00f3pez L\u00e1strico<\/strong>, quien es integrante de Los L\u00f3pez Heredia. Aunque este viernes se supo que la pe\u00f1a hab\u00eda sido suspendida.<\/p>\n<p>Con entrada libre y gratuita, se pretend\u00eda abrir nuevamente este espacio para los amantes de las pe\u00f1as y como una excelente opci\u00f3n cultural para este s\u00e1bado por la noche, en el evento\u00a0\u00abNoche de Pe\u00f1as\u00bb con el aval de la Direcci\u00f3n de Cultura municipal, e incluyendo a Lola de Mieri, Los L\u00f3pez Heredia, Tr\u00edo Los Amigos y el ballet A\u00f1oranzas de Mi Tierra.<\/p>\n<p>Aunque desde Cultura comunicaron que este fin de semana, afectados por el trabajo dentro del galp\u00f3n en el tren tur\u00edstico, en su restauraci\u00f3n, no ser\u00eda posible realizar el espect\u00e1culo.<\/p>\n<p>Es que se utiliza el galp\u00f3n grande para trabajar y por mal clima no lo pueden sacar afuera. De esta manera se suspenden todos los eventos que se hacen en el galp\u00f3n de La Trocha, como la pe\u00f1a del s\u00e1bado, que se reprogramar\u00eda.<\/p>\n<p><img loading=\"lazy\" decoding=\"async\" class=\"alignnone size-large wp-image-92789\" src=\"https:\/\/noticiasmercedinas.com\/site\/wp-content\/uploads\/2022\/06\/490c3dc3-9248-4c75-b162-0a3000406a7f-1024x1024.jpg\" alt=\"\" width=\"640\" height=\"640\" srcset=\"https:\/\/noticiasmercedinas.com\/site\/wp-content\/uploads\/2022\/06\/490c3dc3-9248-4c75-b162-0a3000406a7f-1024x1024.jpg 1024w, https:\/\/noticiasmercedinas.com\/site\/wp-content\/uploads\/2022\/06\/490c3dc3-9248-4c75-b162-0a3000406a7f-300x300.jpg 300w, https:\/\/noticiasmercedinas.com\/site\/wp-content\/uploads\/2022\/06\/490c3dc3-9248-4c75-b162-0a3000406a7f-150x150.jpg 150w, https:\/\/noticiasmercedinas.com\/site\/wp-content\/uploads\/2022\/06\/490c3dc3-9248-4c75-b162-0a3000406a7f-768x768.jpg 768w, https:\/\/noticiasmercedinas.com\/site\/wp-content\/uploads\/2022\/06\/490c3dc3-9248-4c75-b162-0a3000406a7f-640x640.jpg 640w, https:\/\/noticiasmercedinas.com\/site\/wp-content\/uploads\/2022\/06\/490c3dc3-9248-4c75-b162-0a3000406a7f-681x681.jpg 681w, https:\/\/noticiasmercedinas.com\/site\/wp-content\/uploads\/2022\/06\/490c3dc3-9248-4c75-b162-0a3000406a7f.jpg 1280w\" sizes=\"auto, (max-width: 640px) 100vw, 640px\" \/><\/p>\n","protected":false},"excerpt":{"rendered":"<p>\u25a0 Con el aval de la Direcci\u00f3n de Cultura municipal incluir\u00e1 a Lola de Mieri, Los L\u00f3pez Heredia, Tr\u00edo Los Amigos y el ballet A\u00f1oranzas de Mi Tierra. Pero debi\u00f3 ser suspendida y se anunciar\u00eda nueva fecha en breve<\/p>\n","protected":false},"author":16,"featured_media":92760,"comment_status":"open","ping_status":"open","sticky":false,"template":"","format":"standard","meta":{"footnotes":""},"categories":[4],"tags":[14574,1057,13763,1734,1055,14573],"class_list":["post-92758","post","type-post","status-publish","format-standard","has-post-thumbnail","hentry","category-cultura","tag-ballet-anoranzas-de-mi-tierra","tag-la-trocha","tag-lola-de-mieri","tag-los-lopez-heredia","tag-pena","tag-trio-los-amigos"],"yoast_head":"<!-- This site is optimized with the Yoast SEO plugin v27.5 - https:\/\/yoast.com\/product\/yoast-seo-wordpress\/ -->\n<title>Este s\u00e1bado por la noche habr\u00eda una pe\u00f1a en La Trocha, pero fue suspendida<\/title>\n<meta name=\"robots\" content=\"index, follow, max-snippet:-1, max-image-preview:large, max-video-preview:-1\" \/>\n<link rel=\"canonical\" href=\"https:\/\/noticiasmercedinas.com\/site\/2022\/06\/10\/este-sabado-por-la-noche-habra-una-pena-en-la-trocha\/\" \/>\n<meta property=\"og:locale\" content=\"es_ES\" \/>\n<meta property=\"og:type\" content=\"article\" \/>\n<meta property=\"og:title\" content=\"Este s\u00e1bado por la noche habr\u00eda una pe\u00f1a en La Trocha, pero fue suspendida\" \/>\n<meta property=\"og:description\" content=\"\u25a0 Con el aval de la Direcci\u00f3n de Cultura municipal incluir\u00e1 a Lola de Mieri, Los L\u00f3pez Heredia, Tr\u00edo Los Amigos y el ballet A\u00f1oranzas de Mi Tierra. Pero debi\u00f3 ser suspendida y se anunciar\u00eda nueva fecha en breve\" \/>\n<meta property=\"og:url\" content=\"https:\/\/noticiasmercedinas.com\/site\/2022\/06\/10\/este-sabado-por-la-noche-habra-una-pena-en-la-trocha\/\" \/>\n<meta property=\"og:site_name\" content=\"NOTICIASMERCEDINAS.COM\" \/>\n<meta property=\"article:publisher\" content=\"https:\/\/www.facebook.com\/noticiasmercedinas\/\" \/>\n<meta property=\"article:published_time\" content=\"2022-06-10T11:34:13+00:00\" \/>\n<meta property=\"article:modified_time\" content=\"2022-06-10T17:18:24+00:00\" \/>\n<meta property=\"og:image\" content=\"https:\/\/noticiasmercedinas.com\/site\/wp-content\/uploads\/2022\/06\/286451353_564878221874663_7755904944701756848_n-e1654860822545.jpg\" \/>\n\t<meta property=\"og:image:width\" content=\"640\" \/>\n\t<meta property=\"og:image:height\" content=\"427\" \/>\n\t<meta property=\"og:image:type\" content=\"image\/jpeg\" \/>\n<meta name=\"author\" content=\"NOTICIASMERCEDINAS.COM\" \/>\n<meta name=\"twitter:card\" content=\"summary_large_image\" \/>\n<meta name=\"twitter:creator\" content=\"@notmercedinas\" \/>\n<meta name=\"twitter:site\" content=\"@notmercedinas\" \/>\n<meta name=\"twitter:label1\" content=\"Escrito por\" \/>\n\t<meta name=\"twitter:data1\" content=\"NOTICIASMERCEDINAS.COM\" \/>\n\t<meta name=\"twitter:label2\" content=\"Tiempo de lectura\" \/>\n\t<meta name=\"twitter:data2\" content=\"2 minutos\" \/>\n<script type=\"application\/ld+json\" class=\"yoast-schema-graph\">{\"@context\":\"https:\\\/\\\/schema.org\",\"@graph\":[{\"@type\":\"Article\",\"@id\":\"https:\\\/\\\/noticiasmercedinas.com\\\/site\\\/2022\\\/06\\\/10\\\/este-sabado-por-la-noche-habra-una-pena-en-la-trocha\\\/#article\",\"isPartOf\":{\"@id\":\"https:\\\/\\\/noticiasmercedinas.com\\\/site\\\/2022\\\/06\\\/10\\\/este-sabado-por-la-noche-habra-una-pena-en-la-trocha\\\/\"},\"author\":{\"name\":\"NOTICIASMERCEDINAS.COM\",\"@id\":\"https:\\\/\\\/noticiasmercedinas.com\\\/site\\\/#\\\/schema\\\/person\\\/84b59c099c28ff2e8b77d4ceec5d8063\"},\"headline\":\"Este s\u00e1bado por la noche habr\u00eda una pe\u00f1a en La Trocha, pero fue suspendida\",\"datePublished\":\"2022-06-10T11:34:13+00:00\",\"dateModified\":\"2022-06-10T17:18:24+00:00\",\"mainEntityOfPage\":{\"@id\":\"https:\\\/\\\/noticiasmercedinas.com\\\/site\\\/2022\\\/06\\\/10\\\/este-sabado-por-la-noche-habra-una-pena-en-la-trocha\\\/\"},\"wordCount\":240,\"commentCount\":0,\"publisher\":{\"@id\":\"https:\\\/\\\/noticiasmercedinas.com\\\/site\\\/#organization\"},\"image\":{\"@id\":\"https:\\\/\\\/noticiasmercedinas.com\\\/site\\\/2022\\\/06\\\/10\\\/este-sabado-por-la-noche-habra-una-pena-en-la-trocha\\\/#primaryimage\"},\"thumbnailUrl\":\"https:\\\/\\\/noticiasmercedinas.com\\\/site\\\/wp-content\\\/uploads\\\/2022\\\/06\\\/286451353_564878221874663_7755904944701756848_n-e1654860822545.jpg\",\"keywords\":[\"ballet A\u00f1oranzas de Mi Tierra.\",\"la trocha\",\"Lola De Mieri\",\"Los L\u00f3pez Heredia\",\"pe\u00f1a\",\"Tr\u00edo Los Amigos\"],\"articleSection\":[\"Cultura\"],\"inLanguage\":\"es\",\"potentialAction\":[{\"@type\":\"CommentAction\",\"name\":\"Comment\",\"target\":[\"https:\\\/\\\/noticiasmercedinas.com\\\/site\\\/2022\\\/06\\\/10\\\/este-sabado-por-la-noche-habra-una-pena-en-la-trocha\\\/#respond\"]}]},{\"@type\":\"WebPage\",\"@id\":\"https:\\\/\\\/noticiasmercedinas.com\\\/site\\\/2022\\\/06\\\/10\\\/este-sabado-por-la-noche-habra-una-pena-en-la-trocha\\\/\",\"url\":\"https:\\\/\\\/noticiasmercedinas.com\\\/site\\\/2022\\\/06\\\/10\\\/este-sabado-por-la-noche-habra-una-pena-en-la-trocha\\\/\",\"name\":\"Este s\u00e1bado por la noche habr\u00eda una pe\u00f1a en La Trocha, pero fue suspendida\",\"isPartOf\":{\"@id\":\"https:\\\/\\\/noticiasmercedinas.com\\\/site\\\/#website\"},\"primaryImageOfPage\":{\"@id\":\"https:\\\/\\\/noticiasmercedinas.com\\\/site\\\/2022\\\/06\\\/10\\\/este-sabado-por-la-noche-habra-una-pena-en-la-trocha\\\/#primaryimage\"},\"image\":{\"@id\":\"https:\\\/\\\/noticiasmercedinas.com\\\/site\\\/2022\\\/06\\\/10\\\/este-sabado-por-la-noche-habra-una-pena-en-la-trocha\\\/#primaryimage\"},\"thumbnailUrl\":\"https:\\\/\\\/noticiasmercedinas.com\\\/site\\\/wp-content\\\/uploads\\\/2022\\\/06\\\/286451353_564878221874663_7755904944701756848_n-e1654860822545.jpg\",\"datePublished\":\"2022-06-10T11:34:13+00:00\",\"dateModified\":\"2022-06-10T17:18:24+00:00\",\"breadcrumb\":{\"@id\":\"https:\\\/\\\/noticiasmercedinas.com\\\/site\\\/2022\\\/06\\\/10\\\/este-sabado-por-la-noche-habra-una-pena-en-la-trocha\\\/#breadcrumb\"},\"inLanguage\":\"es\",\"potentialAction\":[{\"@type\":\"ReadAction\",\"target\":[\"https:\\\/\\\/noticiasmercedinas.com\\\/site\\\/2022\\\/06\\\/10\\\/este-sabado-por-la-noche-habra-una-pena-en-la-trocha\\\/\"]}]},{\"@type\":\"ImageObject\",\"inLanguage\":\"es\",\"@id\":\"https:\\\/\\\/noticiasmercedinas.com\\\/site\\\/2022\\\/06\\\/10\\\/este-sabado-por-la-noche-habra-una-pena-en-la-trocha\\\/#primaryimage\",\"url\":\"https:\\\/\\\/noticiasmercedinas.com\\\/site\\\/wp-content\\\/uploads\\\/2022\\\/06\\\/286451353_564878221874663_7755904944701756848_n-e1654860822545.jpg\",\"contentUrl\":\"https:\\\/\\\/noticiasmercedinas.com\\\/site\\\/wp-content\\\/uploads\\\/2022\\\/06\\\/286451353_564878221874663_7755904944701756848_n-e1654860822545.jpg\",\"width\":640,\"height\":427},{\"@type\":\"BreadcrumbList\",\"@id\":\"https:\\\/\\\/noticiasmercedinas.com\\\/site\\\/2022\\\/06\\\/10\\\/este-sabado-por-la-noche-habra-una-pena-en-la-trocha\\\/#breadcrumb\",\"itemListElement\":[{\"@type\":\"ListItem\",\"position\":1,\"name\":\"Portada\",\"item\":\"https:\\\/\\\/noticiasmercedinas.com\\\/site\\\/\"},{\"@type\":\"ListItem\",\"position\":2,\"name\":\"Este s\u00e1bado por la noche habr\u00eda una pe\u00f1a en La Trocha, pero fue suspendida\"}]},{\"@type\":\"WebSite\",\"@id\":\"https:\\\/\\\/noticiasmercedinas.com\\\/site\\\/#website\",\"url\":\"https:\\\/\\\/noticiasmercedinas.com\\\/site\\\/\",\"name\":\"NOTICIASMERCEDINAS.COM\",\"description\":\"Mercedes, Buenos Aires, Argentina\",\"publisher\":{\"@id\":\"https:\\\/\\\/noticiasmercedinas.com\\\/site\\\/#organization\"},\"potentialAction\":[{\"@type\":\"SearchAction\",\"target\":{\"@type\":\"EntryPoint\",\"urlTemplate\":\"https:\\\/\\\/noticiasmercedinas.com\\\/site\\\/?s={search_term_string}\"},\"query-input\":{\"@type\":\"PropertyValueSpecification\",\"valueRequired\":true,\"valueName\":\"search_term_string\"}}],\"inLanguage\":\"es\"},{\"@type\":\"Organization\",\"@id\":\"https:\\\/\\\/noticiasmercedinas.com\\\/site\\\/#organization\",\"name\":\"NOTICIASMERCEDINAS.COM\",\"url\":\"https:\\\/\\\/noticiasmercedinas.com\\\/site\\\/\",\"logo\":{\"@type\":\"ImageObject\",\"inLanguage\":\"es\",\"@id\":\"https:\\\/\\\/noticiasmercedinas.com\\\/site\\\/#\\\/schema\\\/logo\\\/image\\\/\",\"url\":\"https:\\\/\\\/noticiasmercedinas.com\\\/site\\\/wp-content\\\/uploads\\\/2020\\\/06\\\/LOGO-512.jpg\",\"contentUrl\":\"https:\\\/\\\/noticiasmercedinas.com\\\/site\\\/wp-content\\\/uploads\\\/2020\\\/06\\\/LOGO-512.jpg\",\"width\":512,\"height\":512,\"caption\":\"NOTICIASMERCEDINAS.COM\"},\"image\":{\"@id\":\"https:\\\/\\\/noticiasmercedinas.com\\\/site\\\/#\\\/schema\\\/logo\\\/image\\\/\"},\"sameAs\":[\"https:\\\/\\\/www.facebook.com\\\/noticiasmercedinas\\\/\",\"https:\\\/\\\/x.com\\\/notmercedinas\",\"https:\\\/\\\/www.instagram.com\\\/noticiasmercedinas\\\/\"]},{\"@type\":\"Person\",\"@id\":\"https:\\\/\\\/noticiasmercedinas.com\\\/site\\\/#\\\/schema\\\/person\\\/84b59c099c28ff2e8b77d4ceec5d8063\",\"name\":\"NOTICIASMERCEDINAS.COM\",\"image\":{\"@type\":\"ImageObject\",\"inLanguage\":\"es\",\"@id\":\"https:\\\/\\\/secure.gravatar.com\\\/avatar\\\/4dfbf16b4d17945bfb6341b2d19043457132fcf478a5ee04f42e959fd8f5df0a?s=96&d=mm&r=g\",\"url\":\"https:\\\/\\\/secure.gravatar.com\\\/avatar\\\/4dfbf16b4d17945bfb6341b2d19043457132fcf478a5ee04f42e959fd8f5df0a?s=96&d=mm&r=g\",\"contentUrl\":\"https:\\\/\\\/secure.gravatar.com\\\/avatar\\\/4dfbf16b4d17945bfb6341b2d19043457132fcf478a5ee04f42e959fd8f5df0a?s=96&d=mm&r=g\",\"caption\":\"NOTICIASMERCEDINAS.COM\"},\"url\":\"https:\\\/\\\/noticiasmercedinas.com\\\/site\\\/author\\\/anonimo\\\/\"}]}<\/script>\n<!-- \/ Yoast SEO plugin. -->","yoast_head_json":{"title":"Este s\u00e1bado por la noche habr\u00eda una pe\u00f1a en La Trocha, pero fue suspendida","robots":{"index":"index","follow":"follow","max-snippet":"max-snippet:-1","max-image-preview":"max-image-preview:large","max-video-preview":"max-video-preview:-1"},"canonical":"https:\/\/noticiasmercedinas.com\/site\/2022\/06\/10\/este-sabado-por-la-noche-habra-una-pena-en-la-trocha\/","og_locale":"es_ES","og_type":"article","og_title":"Este s\u00e1bado por la noche habr\u00eda una pe\u00f1a en La Trocha, pero fue suspendida","og_description":"\u25a0 Con el aval de la Direcci\u00f3n de Cultura municipal incluir\u00e1 a Lola de Mieri, Los L\u00f3pez Heredia, Tr\u00edo Los Amigos y el ballet A\u00f1oranzas de Mi Tierra. Pero debi\u00f3 ser suspendida y se anunciar\u00eda nueva fecha en breve","og_url":"https:\/\/noticiasmercedinas.com\/site\/2022\/06\/10\/este-sabado-por-la-noche-habra-una-pena-en-la-trocha\/","og_site_name":"NOTICIASMERCEDINAS.COM","article_publisher":"https:\/\/www.facebook.com\/noticiasmercedinas\/","article_published_time":"2022-06-10T11:34:13+00:00","article_modified_time":"2022-06-10T17:18:24+00:00","og_image":[{"width":640,"height":427,"url":"https:\/\/noticiasmercedinas.com\/site\/wp-content\/uploads\/2022\/06\/286451353_564878221874663_7755904944701756848_n-e1654860822545.jpg","type":"image\/jpeg"}],"author":"NOTICIASMERCEDINAS.COM","twitter_card":"summary_large_image","twitter_creator":"@notmercedinas","twitter_site":"@notmercedinas","twitter_misc":{"Escrito por":"NOTICIASMERCEDINAS.COM","Tiempo de lectura":"2 minutos"},"schema":{"@context":"https:\/\/schema.org","@graph":[{"@type":"Article","@id":"https:\/\/noticiasmercedinas.com\/site\/2022\/06\/10\/este-sabado-por-la-noche-habra-una-pena-en-la-trocha\/#article","isPartOf":{"@id":"https:\/\/noticiasmercedinas.com\/site\/2022\/06\/10\/este-sabado-por-la-noche-habra-una-pena-en-la-trocha\/"},"author":{"name":"NOTICIASMERCEDINAS.COM","@id":"https:\/\/noticiasmercedinas.com\/site\/#\/schema\/person\/84b59c099c28ff2e8b77d4ceec5d8063"},"headline":"Este s\u00e1bado por la noche habr\u00eda una pe\u00f1a en La Trocha, pero fue suspendida","datePublished":"2022-06-10T11:34:13+00:00","dateModified":"2022-06-10T17:18:24+00:00","mainEntityOfPage":{"@id":"https:\/\/noticiasmercedinas.com\/site\/2022\/06\/10\/este-sabado-por-la-noche-habra-una-pena-en-la-trocha\/"},"wordCount":240,"commentCount":0,"publisher":{"@id":"https:\/\/noticiasmercedinas.com\/site\/#organization"},"image":{"@id":"https:\/\/noticiasmercedinas.com\/site\/2022\/06\/10\/este-sabado-por-la-noche-habra-una-pena-en-la-trocha\/#primaryimage"},"thumbnailUrl":"https:\/\/noticiasmercedinas.com\/site\/wp-content\/uploads\/2022\/06\/286451353_564878221874663_7755904944701756848_n-e1654860822545.jpg","keywords":["ballet A\u00f1oranzas de Mi Tierra.","la trocha","Lola De Mieri","Los L\u00f3pez Heredia","pe\u00f1a","Tr\u00edo Los Amigos"],"articleSection":["Cultura"],"inLanguage":"es","potentialAction":[{"@type":"CommentAction","name":"Comment","target":["https:\/\/noticiasmercedinas.com\/site\/2022\/06\/10\/este-sabado-por-la-noche-habra-una-pena-en-la-trocha\/#respond"]}]},{"@type":"WebPage","@id":"https:\/\/noticiasmercedinas.com\/site\/2022\/06\/10\/este-sabado-por-la-noche-habra-una-pena-en-la-trocha\/","url":"https:\/\/noticiasmercedinas.com\/site\/2022\/06\/10\/este-sabado-por-la-noche-habra-una-pena-en-la-trocha\/","name":"Este s\u00e1bado por la noche habr\u00eda una pe\u00f1a en La Trocha, pero fue suspendida","isPartOf":{"@id":"https:\/\/noticiasmercedinas.com\/site\/#website"},"primaryImageOfPage":{"@id":"https:\/\/noticiasmercedinas.com\/site\/2022\/06\/10\/este-sabado-por-la-noche-habra-una-pena-en-la-trocha\/#primaryimage"},"image":{"@id":"https:\/\/noticiasmercedinas.com\/site\/2022\/06\/10\/este-sabado-por-la-noche-habra-una-pena-en-la-trocha\/#primaryimage"},"thumbnailUrl":"https:\/\/noticiasmercedinas.com\/site\/wp-content\/uploads\/2022\/06\/286451353_564878221874663_7755904944701756848_n-e1654860822545.jpg","datePublished":"2022-06-10T11:34:13+00:00","dateModified":"2022-06-10T17:18:24+00:00","breadcrumb":{"@id":"https:\/\/noticiasmercedinas.com\/site\/2022\/06\/10\/este-sabado-por-la-noche-habra-una-pena-en-la-trocha\/#breadcrumb"},"inLanguage":"es","potentialAction":[{"@type":"ReadAction","target":["https:\/\/noticiasmercedinas.com\/site\/2022\/06\/10\/este-sabado-por-la-noche-habra-una-pena-en-la-trocha\/"]}]},{"@type":"ImageObject","inLanguage":"es","@id":"https:\/\/noticiasmercedinas.com\/site\/2022\/06\/10\/este-sabado-por-la-noche-habra-una-pena-en-la-trocha\/#primaryimage","url":"https:\/\/noticiasmercedinas.com\/site\/wp-content\/uploads\/2022\/06\/286451353_564878221874663_7755904944701756848_n-e1654860822545.jpg","contentUrl":"https:\/\/noticiasmercedinas.com\/site\/wp-content\/uploads\/2022\/06\/286451353_564878221874663_7755904944701756848_n-e1654860822545.jpg","width":640,"height":427},{"@type":"BreadcrumbList","@id":"https:\/\/noticiasmercedinas.com\/site\/2022\/06\/10\/este-sabado-por-la-noche-habra-una-pena-en-la-trocha\/#breadcrumb","itemListElement":[{"@type":"ListItem","position":1,"name":"Portada","item":"https:\/\/noticiasmercedinas.com\/site\/"},{"@type":"ListItem","position":2,"name":"Este s\u00e1bado por la noche habr\u00eda una pe\u00f1a en La Trocha, pero fue suspendida"}]},{"@type":"WebSite","@id":"https:\/\/noticiasmercedinas.com\/site\/#website","url":"https:\/\/noticiasmercedinas.com\/site\/","name":"NOTICIASMERCEDINAS.COM","description":"Mercedes, Buenos Aires, Argentina","publisher":{"@id":"https:\/\/noticiasmercedinas.com\/site\/#organization"},"potentialAction":[{"@type":"SearchAction","target":{"@type":"EntryPoint","urlTemplate":"https:\/\/noticiasmercedinas.com\/site\/?s={search_term_string}"},"query-input":{"@type":"PropertyValueSpecification","valueRequired":true,"valueName":"search_term_string"}}],"inLanguage":"es"},{"@type":"Organization","@id":"https:\/\/noticiasmercedinas.com\/site\/#organization","name":"NOTICIASMERCEDINAS.COM","url":"https:\/\/noticiasmercedinas.com\/site\/","logo":{"@type":"ImageObject","inLanguage":"es","@id":"https:\/\/noticiasmercedinas.com\/site\/#\/schema\/logo\/image\/","url":"https:\/\/noticiasmercedinas.com\/site\/wp-content\/uploads\/2020\/06\/LOGO-512.jpg","contentUrl":"https:\/\/noticiasmercedinas.com\/site\/wp-content\/uploads\/2020\/06\/LOGO-512.jpg","width":512,"height":512,"caption":"NOTICIASMERCEDINAS.COM"},"image":{"@id":"https:\/\/noticiasmercedinas.com\/site\/#\/schema\/logo\/image\/"},"sameAs":["https:\/\/www.facebook.com\/noticiasmercedinas\/","https:\/\/x.com\/notmercedinas","https:\/\/www.instagram.com\/noticiasmercedinas\/"]},{"@type":"Person","@id":"https:\/\/noticiasmercedinas.com\/site\/#\/schema\/person\/84b59c099c28ff2e8b77d4ceec5d8063","name":"NOTICIASMERCEDINAS.COM","image":{"@type":"ImageObject","inLanguage":"es","@id":"https:\/\/secure.gravatar.com\/avatar\/4dfbf16b4d17945bfb6341b2d19043457132fcf478a5ee04f42e959fd8f5df0a?s=96&d=mm&r=g","url":"https:\/\/secure.gravatar.com\/avatar\/4dfbf16b4d17945bfb6341b2d19043457132fcf478a5ee04f42e959fd8f5df0a?s=96&d=mm&r=g","contentUrl":"https:\/\/secure.gravatar.com\/avatar\/4dfbf16b4d17945bfb6341b2d19043457132fcf478a5ee04f42e959fd8f5df0a?s=96&d=mm&r=g","caption":"NOTICIASMERCEDINAS.COM"},"url":"https:\/\/noticiasmercedinas.com\/site\/author\/anonimo\/"}]}},"amp_enabled":true,"_links":{"self":[{"href":"https:\/\/noticiasmercedinas.com\/site\/wp-json\/wp\/v2\/posts\/92758","targetHints":{"allow":["GET"]}}],"collection":[{"href":"https:\/\/noticiasmercedinas.com\/site\/wp-json\/wp\/v2\/posts"}],"about":[{"href":"https:\/\/noticiasmercedinas.com\/site\/wp-json\/wp\/v2\/types\/post"}],"author":[{"embeddable":true,"href":"https:\/\/noticiasmercedinas.com\/site\/wp-json\/wp\/v2\/users\/16"}],"replies":[{"embeddable":true,"href":"https:\/\/noticiasmercedinas.com\/site\/wp-json\/wp\/v2\/comments?post=92758"}],"version-history":[{"count":3,"href":"https:\/\/noticiasmercedinas.com\/site\/wp-json\/wp\/v2\/posts\/92758\/revisions"}],"predecessor-version":[{"id":92790,"href":"https:\/\/noticiasmercedinas.com\/site\/wp-json\/wp\/v2\/posts\/92758\/revisions\/92790"}],"wp:featuredmedia":[{"embeddable":true,"href":"https:\/\/noticiasmercedinas.com\/site\/wp-json\/wp\/v2\/media\/92760"}],"wp:attachment":[{"href":"https:\/\/noticiasmercedinas.com\/site\/wp-json\/wp\/v2\/media?parent=92758"}],"wp:term":[{"taxonomy":"category","embeddable":true,"href":"https:\/\/noticiasmercedinas.com\/site\/wp-json\/wp\/v2\/categories?post=92758"},{"taxonomy":"post_tag","embeddable":true,"href":"https:\/\/noticiasmercedinas.com\/site\/wp-json\/wp\/v2\/tags?post=92758"}],"curies":[{"name":"wp","href":"https:\/\/api.w.org\/{rel}","templated":true}]}}