{"id":92919,"date":"2022-06-12T20:16:18","date_gmt":"2022-06-12T23:16:18","guid":{"rendered":"https:\/\/noticiasmercedinas.com\/site\/?p=92919"},"modified":"2022-06-12T20:16:18","modified_gmt":"2022-06-12T23:16:18","slug":"central-ballester-por-la-minima-ante-club-mercedes","status":"publish","type":"post","link":"https:\/\/noticiasmercedinas.com\/site\/2022\/06\/12\/central-ballester-por-la-minima-ante-club-mercedes\/","title":{"rendered":"Central Ballester por la m\u00ednima ante Club Mercedes"},"content":{"rendered":"<figure id=\"attachment_92920\" aria-describedby=\"caption-attachment-92920\" style=\"width: 640px\" class=\"wp-caption alignnone\"><img loading=\"lazy\" decoding=\"async\" class=\"wp-image-92920 size-full\" src=\"https:\/\/noticiasmercedinas.com\/site\/wp-content\/uploads\/2022\/06\/IMG_7094.jpg\" alt=\"\" width=\"640\" height=\"427\" srcset=\"https:\/\/noticiasmercedinas.com\/site\/wp-content\/uploads\/2022\/06\/IMG_7094.jpg 640w, https:\/\/noticiasmercedinas.com\/site\/wp-content\/uploads\/2022\/06\/IMG_7094-300x200.jpg 300w\" sizes=\"auto, (max-width: 640px) 100vw, 640px\" \/><figcaption id=\"caption-attachment-92920\" class=\"wp-caption-text\">Fedullo y Contardi, titulares en Club Mercedes.<\/figcaption><\/figure>\n<p>La Primera D cerr\u00f3 su fecha con dos partidos, jugando esta tarde por la sexta jornada Central Ballester y Club Mercedes en la nueva cancha del \u201cCacique\u201d en Jos\u00e9 Le\u00f3n Su\u00e1rez, enclavada en proximidades del cruce de Camino del Buen Ayre y Panamericana. Un lugar donde se hace fuerte como local, con buena convocatoria y sobre todo el respeto a la delegaci\u00f3n visitante que pudo asistir al partido, siguiendo el partido pr\u00e1cticamente juntos.<\/p>\n<p>En los 90\u2019 hubo f\u00fatbol, en mayor y menor medida en cuanto a trato de pelota, siendo Ballester el que tom\u00f3 la iniciativa para ser su fuerte el juego a\u00e9reo a la hora de los centros al \u00e1rea. Fue en tiro de esquina, tras tres chances anteriores, que Gradicola gan\u00f3 de cabeza y al no poder contener el bal\u00f3n Bidone en la l\u00ednea, la empuj\u00f3 Lanzillotta para el 1-0 en un arranque donde Mercedes no consegu\u00eda anular la intensi\u00f3n del local.<\/p>\n<p>Que fue buscado justificar la diferencia, con los que com\u00fanmente se ve en la categor\u00eda, pelotazo y buscar el segundo bal\u00f3n, olvid\u00e1ndose de poner la redonda al piso. Lo que busc\u00f3 proponer Mercedes y no consigui\u00f3 en la primera parte, quedando con escasa participaci\u00f3n los que aportan en la ofensiva. Aunque esto cambi\u00f3 para el segundo tiempo, con Contardi como abanderado y el despliegue por las bandas m\u00e1s un Vel\u00e1zquez que se anim\u00f3 a m\u00e1s cuando le lleg\u00f3 la pelota.<\/p>\n<p>Ballester ya no fue el mismo, Mercedes lo complic\u00f3 con la pelota en un segundo acto donde falto poco para llegar al empate. La defensa gan\u00f3 en confianza y en l\u00ednea generales los de Walter D\u00edaz cerraron una tarde donde no todo fue negativo si se lo ve desde el resultado. Otra vez, Mercedes tuvo su repunte s\u00f3lo que le falt\u00f3 el gol, ganar sin lucir ya parece ser una tradici\u00f3n en la Primera D en lo que va de estar primeras seis fechas.<\/p>\n<p><strong>Central Ballester 1:<\/strong> Agust\u00edn Gil, Mart\u00edn Ibarra, Lautaro Ant\u00f3n, Agust\u00edn Corbal\u00e1n, Braian Ruiz, Diego Gradicola, Nicol\u00e1s Rossetti, Mariano Filosi, Juan Lanzillotta, Enzo Ventecol y Nicol\u00e1s Barreyro. <strong>DT:<\/strong> Sergio Micieli.<br \/>\n<strong>Relevos:<\/strong> Sebasti\u00e1n Alejandro, Emanuel Castro. Dami\u00e1n Achucarro, Marco Pastoriza y Thiago Constela.<\/p>\n<p><strong>Club Mercedes 0:<\/strong> Francisco Bidone, Juan\u00a0 Pedro Gatti, El\u00edas Collazo, Nicol\u00e1s Fedullo, Nicol\u00e1s Contardi, Domingo de Paola, Franco Gatti, Laureano Torres, El\u00edas Vel\u00e1zquez, Rodrigo Scarnatto y Ignacio Rodr\u00edguez. <strong>DT:<\/strong> Walter D\u00edaz. <strong>Relevos:<\/strong> Rodrigo Nicasio, Felipe Redondi, Juan Dematei, Juan Cabrera y Franco Cruz.<\/p>\n<p><strong>Gol en el PT<\/strong>: A los 22\u2019 Lanzillotta para Central Ballester.<br \/>\n<strong>Cambios:<\/strong> Mauro Alvarez por Lanzillotta y Ezequiel Chazarreta por Filosi en Central Ballester. Nahuel Menseguez por F. Gatti y Ricardo Barrientos por Torres en Club Mercedes.<br \/>\n<strong>Arbitro: <\/strong>Brian Rodr\u00edguez.<\/p>\n<p><strong>Resultado<\/strong><br \/>\n<strong>Lugano 2:<\/strong> Lucas Rodr\u00edguez y Rolando Gonz\u00e1lez.<br \/>\n<strong>Mu\u00f1iz 2:<\/strong> Alejandro Acu\u00f1a y Rafael Monti.<\/p>\n<p><strong>Libre:<\/strong> Sportivo Barracas.<\/p>\n<p><img loading=\"lazy\" decoding=\"async\" class=\"alignnone size-full wp-image-92921\" src=\"https:\/\/noticiasmercedinas.com\/site\/wp-content\/uploads\/2022\/06\/Primera-D-5.jpg\" alt=\"\" width=\"640\" height=\"375\" srcset=\"https:\/\/noticiasmercedinas.com\/site\/wp-content\/uploads\/2022\/06\/Primera-D-5.jpg 640w, https:\/\/noticiasmercedinas.com\/site\/wp-content\/uploads\/2022\/06\/Primera-D-5-300x176.jpg 300w\" sizes=\"auto, (max-width: 640px) 100vw, 640px\" \/><br \/>\n<strong><br \/>\nPr\u00f3xima fecha<\/strong><br \/>\n<strong>S\u00e1bado 18<br \/>\nCancha:<\/strong> Liga.<br \/>\nA las 15.30 Club Mercedes vs. Argentino.<\/p>\n<p><strong>Cancha:<\/strong> Lugano.<br \/>\nA las 15.30 Deportivo Paraguayo vs. Lugano.<\/p>\n<p><strong>Cancha:<\/strong> Atlas.<br \/>\nA las 15.30 Deportivo Mu\u00f1iz vs. Cambaceres.<\/p>\n<p>A las 15.30 Juventud Unida vs. Sportivo Barracas.<\/p>\n<p><strong>Domingo 19<br \/>\nCancha:<\/strong> Ituzaing\u00f3.<br \/>\nA las 15.30 Centro Espa\u00f1ol vs. Central Ballester.<br \/>\n<strong><br \/>\nLibre:<\/strong> Yupanqui.<\/p>\n","protected":false},"excerpt":{"rendered":"<p>\u25a0 El 1-0 fue el resultado para el \u201cCacique\u201d sobre el \u201cBlanquinegro\u201d esta tarde en Jos\u00e9 Le\u00f3n Su\u00e1rez. El encuentro ofreci\u00f3 un tiempo para cada uno para hacerse fuerte en la definici\u00f3n el local. Argentino ser\u00e1 el pr\u00f3ximo rival el s\u00e1bado 18 en la Liga.<\/p>\n","protected":false},"author":6,"featured_media":92920,"comment_status":"open","ping_status":"open","sticky":false,"template":"","format":"standard","meta":{"footnotes":""},"categories":[5],"tags":[6424,14559,135,11935],"class_list":["post-92919","post","type-post","status-publish","format-standard","has-post-thumbnail","hentry","category-deportes","tag-afa","tag-central-ballester","tag-club-mercedes","tag-primera-d"],"yoast_head":"<!-- This site is optimized with the Yoast SEO plugin v27.5 - https:\/\/yoast.com\/product\/yoast-seo-wordpress\/ -->\n<title>Central Ballester por la m\u00ednima ante Club Mercedes<\/title>\n<meta name=\"robots\" content=\"index, follow, max-snippet:-1, max-image-preview:large, max-video-preview:-1\" \/>\n<link rel=\"canonical\" href=\"https:\/\/noticiasmercedinas.com\/site\/2022\/06\/12\/central-ballester-por-la-minima-ante-club-mercedes\/\" \/>\n<meta property=\"og:locale\" content=\"es_ES\" \/>\n<meta property=\"og:type\" content=\"article\" \/>\n<meta property=\"og:title\" content=\"Central Ballester por la m\u00ednima ante Club Mercedes\" \/>\n<meta property=\"og:description\" content=\"\u25a0 El 1-0 fue el resultado para el \u201cCacique\u201d sobre el \u201cBlanquinegro\u201d esta tarde en Jos\u00e9 Le\u00f3n Su\u00e1rez. El encuentro ofreci\u00f3 un tiempo para cada uno para hacerse fuerte en la definici\u00f3n el local. Argentino ser\u00e1 el pr\u00f3ximo rival el s\u00e1bado 18 en la Liga.\" \/>\n<meta property=\"og:url\" content=\"https:\/\/noticiasmercedinas.com\/site\/2022\/06\/12\/central-ballester-por-la-minima-ante-club-mercedes\/\" \/>\n<meta property=\"og:site_name\" content=\"NOTICIASMERCEDINAS.COM\" \/>\n<meta property=\"article:publisher\" content=\"https:\/\/www.facebook.com\/noticiasmercedinas\/\" \/>\n<meta property=\"article:published_time\" content=\"2022-06-12T23:16:18+00:00\" \/>\n<meta property=\"og:image\" content=\"https:\/\/noticiasmercedinas.com\/site\/wp-content\/uploads\/2022\/06\/IMG_7094.jpg\" \/>\n\t<meta property=\"og:image:width\" content=\"640\" \/>\n\t<meta property=\"og:image:height\" content=\"427\" \/>\n\t<meta property=\"og:image:type\" content=\"image\/jpeg\" \/>\n<meta name=\"author\" content=\"Juan Dagnino NOTICIASMERCEDINAS.COM\" \/>\n<meta name=\"twitter:card\" content=\"summary_large_image\" \/>\n<meta name=\"twitter:creator\" content=\"@notmercedinas\" \/>\n<meta name=\"twitter:site\" content=\"@notmercedinas\" \/>\n<meta name=\"twitter:label1\" content=\"Escrito por\" \/>\n\t<meta name=\"twitter:data1\" content=\"Juan Dagnino NOTICIASMERCEDINAS.COM\" \/>\n\t<meta name=\"twitter:label2\" content=\"Tiempo de lectura\" \/>\n\t<meta name=\"twitter:data2\" content=\"3 minutos\" \/>\n<script type=\"application\/ld+json\" class=\"yoast-schema-graph\">{\"@context\":\"https:\\\/\\\/schema.org\",\"@graph\":[{\"@type\":\"Article\",\"@id\":\"https:\\\/\\\/noticiasmercedinas.com\\\/site\\\/2022\\\/06\\\/12\\\/central-ballester-por-la-minima-ante-club-mercedes\\\/#article\",\"isPartOf\":{\"@id\":\"https:\\\/\\\/noticiasmercedinas.com\\\/site\\\/2022\\\/06\\\/12\\\/central-ballester-por-la-minima-ante-club-mercedes\\\/\"},\"author\":{\"name\":\"Juan Dagnino NOTICIASMERCEDINAS.COM\",\"@id\":\"https:\\\/\\\/noticiasmercedinas.com\\\/site\\\/#\\\/schema\\\/person\\\/8f2f09d666ef40986eba4a5e6f2a06f9\"},\"headline\":\"Central Ballester por la m\u00ednima ante Club Mercedes\",\"datePublished\":\"2022-06-12T23:16:18+00:00\",\"mainEntityOfPage\":{\"@id\":\"https:\\\/\\\/noticiasmercedinas.com\\\/site\\\/2022\\\/06\\\/12\\\/central-ballester-por-la-minima-ante-club-mercedes\\\/\"},\"wordCount\":570,\"commentCount\":0,\"publisher\":{\"@id\":\"https:\\\/\\\/noticiasmercedinas.com\\\/site\\\/#organization\"},\"image\":{\"@id\":\"https:\\\/\\\/noticiasmercedinas.com\\\/site\\\/2022\\\/06\\\/12\\\/central-ballester-por-la-minima-ante-club-mercedes\\\/#primaryimage\"},\"thumbnailUrl\":\"https:\\\/\\\/noticiasmercedinas.com\\\/site\\\/wp-content\\\/uploads\\\/2022\\\/06\\\/IMG_7094.jpg\",\"keywords\":[\"AFA\",\"Central Ballester\",\"club mercedes\",\"Primera D\"],\"articleSection\":[\"Deportes\"],\"inLanguage\":\"es\",\"potentialAction\":[{\"@type\":\"CommentAction\",\"name\":\"Comment\",\"target\":[\"https:\\\/\\\/noticiasmercedinas.com\\\/site\\\/2022\\\/06\\\/12\\\/central-ballester-por-la-minima-ante-club-mercedes\\\/#respond\"]}]},{\"@type\":\"WebPage\",\"@id\":\"https:\\\/\\\/noticiasmercedinas.com\\\/site\\\/2022\\\/06\\\/12\\\/central-ballester-por-la-minima-ante-club-mercedes\\\/\",\"url\":\"https:\\\/\\\/noticiasmercedinas.com\\\/site\\\/2022\\\/06\\\/12\\\/central-ballester-por-la-minima-ante-club-mercedes\\\/\",\"name\":\"Central Ballester por la m\u00ednima ante Club Mercedes\",\"isPartOf\":{\"@id\":\"https:\\\/\\\/noticiasmercedinas.com\\\/site\\\/#website\"},\"primaryImageOfPage\":{\"@id\":\"https:\\\/\\\/noticiasmercedinas.com\\\/site\\\/2022\\\/06\\\/12\\\/central-ballester-por-la-minima-ante-club-mercedes\\\/#primaryimage\"},\"image\":{\"@id\":\"https:\\\/\\\/noticiasmercedinas.com\\\/site\\\/2022\\\/06\\\/12\\\/central-ballester-por-la-minima-ante-club-mercedes\\\/#primaryimage\"},\"thumbnailUrl\":\"https:\\\/\\\/noticiasmercedinas.com\\\/site\\\/wp-content\\\/uploads\\\/2022\\\/06\\\/IMG_7094.jpg\",\"datePublished\":\"2022-06-12T23:16:18+00:00\",\"breadcrumb\":{\"@id\":\"https:\\\/\\\/noticiasmercedinas.com\\\/site\\\/2022\\\/06\\\/12\\\/central-ballester-por-la-minima-ante-club-mercedes\\\/#breadcrumb\"},\"inLanguage\":\"es\",\"potentialAction\":[{\"@type\":\"ReadAction\",\"target\":[\"https:\\\/\\\/noticiasmercedinas.com\\\/site\\\/2022\\\/06\\\/12\\\/central-ballester-por-la-minima-ante-club-mercedes\\\/\"]}]},{\"@type\":\"ImageObject\",\"inLanguage\":\"es\",\"@id\":\"https:\\\/\\\/noticiasmercedinas.com\\\/site\\\/2022\\\/06\\\/12\\\/central-ballester-por-la-minima-ante-club-mercedes\\\/#primaryimage\",\"url\":\"https:\\\/\\\/noticiasmercedinas.com\\\/site\\\/wp-content\\\/uploads\\\/2022\\\/06\\\/IMG_7094.jpg\",\"contentUrl\":\"https:\\\/\\\/noticiasmercedinas.com\\\/site\\\/wp-content\\\/uploads\\\/2022\\\/06\\\/IMG_7094.jpg\",\"width\":640,\"height\":427},{\"@type\":\"BreadcrumbList\",\"@id\":\"https:\\\/\\\/noticiasmercedinas.com\\\/site\\\/2022\\\/06\\\/12\\\/central-ballester-por-la-minima-ante-club-mercedes\\\/#breadcrumb\",\"itemListElement\":[{\"@type\":\"ListItem\",\"position\":1,\"name\":\"Portada\",\"item\":\"https:\\\/\\\/noticiasmercedinas.com\\\/site\\\/\"},{\"@type\":\"ListItem\",\"position\":2,\"name\":\"Central Ballester por la m\u00ednima ante Club Mercedes\"}]},{\"@type\":\"WebSite\",\"@id\":\"https:\\\/\\\/noticiasmercedinas.com\\\/site\\\/#website\",\"url\":\"https:\\\/\\\/noticiasmercedinas.com\\\/site\\\/\",\"name\":\"NOTICIASMERCEDINAS.COM\",\"description\":\"Mercedes, Buenos Aires, Argentina\",\"publisher\":{\"@id\":\"https:\\\/\\\/noticiasmercedinas.com\\\/site\\\/#organization\"},\"potentialAction\":[{\"@type\":\"SearchAction\",\"target\":{\"@type\":\"EntryPoint\",\"urlTemplate\":\"https:\\\/\\\/noticiasmercedinas.com\\\/site\\\/?s={search_term_string}\"},\"query-input\":{\"@type\":\"PropertyValueSpecification\",\"valueRequired\":true,\"valueName\":\"search_term_string\"}}],\"inLanguage\":\"es\"},{\"@type\":\"Organization\",\"@id\":\"https:\\\/\\\/noticiasmercedinas.com\\\/site\\\/#organization\",\"name\":\"NOTICIASMERCEDINAS.COM\",\"url\":\"https:\\\/\\\/noticiasmercedinas.com\\\/site\\\/\",\"logo\":{\"@type\":\"ImageObject\",\"inLanguage\":\"es\",\"@id\":\"https:\\\/\\\/noticiasmercedinas.com\\\/site\\\/#\\\/schema\\\/logo\\\/image\\\/\",\"url\":\"https:\\\/\\\/noticiasmercedinas.com\\\/site\\\/wp-content\\\/uploads\\\/2020\\\/06\\\/LOGO-512.jpg\",\"contentUrl\":\"https:\\\/\\\/noticiasmercedinas.com\\\/site\\\/wp-content\\\/uploads\\\/2020\\\/06\\\/LOGO-512.jpg\",\"width\":512,\"height\":512,\"caption\":\"NOTICIASMERCEDINAS.COM\"},\"image\":{\"@id\":\"https:\\\/\\\/noticiasmercedinas.com\\\/site\\\/#\\\/schema\\\/logo\\\/image\\\/\"},\"sameAs\":[\"https:\\\/\\\/www.facebook.com\\\/noticiasmercedinas\\\/\",\"https:\\\/\\\/x.com\\\/notmercedinas\",\"https:\\\/\\\/www.instagram.com\\\/noticiasmercedinas\\\/\"]},{\"@type\":\"Person\",\"@id\":\"https:\\\/\\\/noticiasmercedinas.com\\\/site\\\/#\\\/schema\\\/person\\\/8f2f09d666ef40986eba4a5e6f2a06f9\",\"name\":\"Juan Dagnino NOTICIASMERCEDINAS.COM\",\"image\":{\"@type\":\"ImageObject\",\"inLanguage\":\"es\",\"@id\":\"https:\\\/\\\/secure.gravatar.com\\\/avatar\\\/fc7059a769f5a3cae65fadb228a3e4accf3a64b4b2305020d0a27e6d5333c91b?s=96&d=mm&r=g\",\"url\":\"https:\\\/\\\/secure.gravatar.com\\\/avatar\\\/fc7059a769f5a3cae65fadb228a3e4accf3a64b4b2305020d0a27e6d5333c91b?s=96&d=mm&r=g\",\"contentUrl\":\"https:\\\/\\\/secure.gravatar.com\\\/avatar\\\/fc7059a769f5a3cae65fadb228a3e4accf3a64b4b2305020d0a27e6d5333c91b?s=96&d=mm&r=g\",\"caption\":\"Juan Dagnino NOTICIASMERCEDINAS.COM\"},\"url\":\"https:\\\/\\\/noticiasmercedinas.com\\\/site\\\/author\\\/juandagnino\\\/\"}]}<\/script>\n<!-- \/ Yoast SEO plugin. -->","yoast_head_json":{"title":"Central Ballester por la m\u00ednima ante Club Mercedes","robots":{"index":"index","follow":"follow","max-snippet":"max-snippet:-1","max-image-preview":"max-image-preview:large","max-video-preview":"max-video-preview:-1"},"canonical":"https:\/\/noticiasmercedinas.com\/site\/2022\/06\/12\/central-ballester-por-la-minima-ante-club-mercedes\/","og_locale":"es_ES","og_type":"article","og_title":"Central Ballester por la m\u00ednima ante Club Mercedes","og_description":"\u25a0 El 1-0 fue el resultado para el \u201cCacique\u201d sobre el \u201cBlanquinegro\u201d esta tarde en Jos\u00e9 Le\u00f3n Su\u00e1rez. El encuentro ofreci\u00f3 un tiempo para cada uno para hacerse fuerte en la definici\u00f3n el local. Argentino ser\u00e1 el pr\u00f3ximo rival el s\u00e1bado 18 en la Liga.","og_url":"https:\/\/noticiasmercedinas.com\/site\/2022\/06\/12\/central-ballester-por-la-minima-ante-club-mercedes\/","og_site_name":"NOTICIASMERCEDINAS.COM","article_publisher":"https:\/\/www.facebook.com\/noticiasmercedinas\/","article_published_time":"2022-06-12T23:16:18+00:00","og_image":[{"width":640,"height":427,"url":"https:\/\/noticiasmercedinas.com\/site\/wp-content\/uploads\/2022\/06\/IMG_7094.jpg","type":"image\/jpeg"}],"author":"Juan Dagnino NOTICIASMERCEDINAS.COM","twitter_card":"summary_large_image","twitter_creator":"@notmercedinas","twitter_site":"@notmercedinas","twitter_misc":{"Escrito por":"Juan Dagnino NOTICIASMERCEDINAS.COM","Tiempo de lectura":"3 minutos"},"schema":{"@context":"https:\/\/schema.org","@graph":[{"@type":"Article","@id":"https:\/\/noticiasmercedinas.com\/site\/2022\/06\/12\/central-ballester-por-la-minima-ante-club-mercedes\/#article","isPartOf":{"@id":"https:\/\/noticiasmercedinas.com\/site\/2022\/06\/12\/central-ballester-por-la-minima-ante-club-mercedes\/"},"author":{"name":"Juan Dagnino NOTICIASMERCEDINAS.COM","@id":"https:\/\/noticiasmercedinas.com\/site\/#\/schema\/person\/8f2f09d666ef40986eba4a5e6f2a06f9"},"headline":"Central Ballester por la m\u00ednima ante Club Mercedes","datePublished":"2022-06-12T23:16:18+00:00","mainEntityOfPage":{"@id":"https:\/\/noticiasmercedinas.com\/site\/2022\/06\/12\/central-ballester-por-la-minima-ante-club-mercedes\/"},"wordCount":570,"commentCount":0,"publisher":{"@id":"https:\/\/noticiasmercedinas.com\/site\/#organization"},"image":{"@id":"https:\/\/noticiasmercedinas.com\/site\/2022\/06\/12\/central-ballester-por-la-minima-ante-club-mercedes\/#primaryimage"},"thumbnailUrl":"https:\/\/noticiasmercedinas.com\/site\/wp-content\/uploads\/2022\/06\/IMG_7094.jpg","keywords":["AFA","Central Ballester","club mercedes","Primera D"],"articleSection":["Deportes"],"inLanguage":"es","potentialAction":[{"@type":"CommentAction","name":"Comment","target":["https:\/\/noticiasmercedinas.com\/site\/2022\/06\/12\/central-ballester-por-la-minima-ante-club-mercedes\/#respond"]}]},{"@type":"WebPage","@id":"https:\/\/noticiasmercedinas.com\/site\/2022\/06\/12\/central-ballester-por-la-minima-ante-club-mercedes\/","url":"https:\/\/noticiasmercedinas.com\/site\/2022\/06\/12\/central-ballester-por-la-minima-ante-club-mercedes\/","name":"Central Ballester por la m\u00ednima ante Club Mercedes","isPartOf":{"@id":"https:\/\/noticiasmercedinas.com\/site\/#website"},"primaryImageOfPage":{"@id":"https:\/\/noticiasmercedinas.com\/site\/2022\/06\/12\/central-ballester-por-la-minima-ante-club-mercedes\/#primaryimage"},"image":{"@id":"https:\/\/noticiasmercedinas.com\/site\/2022\/06\/12\/central-ballester-por-la-minima-ante-club-mercedes\/#primaryimage"},"thumbnailUrl":"https:\/\/noticiasmercedinas.com\/site\/wp-content\/uploads\/2022\/06\/IMG_7094.jpg","datePublished":"2022-06-12T23:16:18+00:00","breadcrumb":{"@id":"https:\/\/noticiasmercedinas.com\/site\/2022\/06\/12\/central-ballester-por-la-minima-ante-club-mercedes\/#breadcrumb"},"inLanguage":"es","potentialAction":[{"@type":"ReadAction","target":["https:\/\/noticiasmercedinas.com\/site\/2022\/06\/12\/central-ballester-por-la-minima-ante-club-mercedes\/"]}]},{"@type":"ImageObject","inLanguage":"es","@id":"https:\/\/noticiasmercedinas.com\/site\/2022\/06\/12\/central-ballester-por-la-minima-ante-club-mercedes\/#primaryimage","url":"https:\/\/noticiasmercedinas.com\/site\/wp-content\/uploads\/2022\/06\/IMG_7094.jpg","contentUrl":"https:\/\/noticiasmercedinas.com\/site\/wp-content\/uploads\/2022\/06\/IMG_7094.jpg","width":640,"height":427},{"@type":"BreadcrumbList","@id":"https:\/\/noticiasmercedinas.com\/site\/2022\/06\/12\/central-ballester-por-la-minima-ante-club-mercedes\/#breadcrumb","itemListElement":[{"@type":"ListItem","position":1,"name":"Portada","item":"https:\/\/noticiasmercedinas.com\/site\/"},{"@type":"ListItem","position":2,"name":"Central Ballester por la m\u00ednima ante Club Mercedes"}]},{"@type":"WebSite","@id":"https:\/\/noticiasmercedinas.com\/site\/#website","url":"https:\/\/noticiasmercedinas.com\/site\/","name":"NOTICIASMERCEDINAS.COM","description":"Mercedes, Buenos Aires, Argentina","publisher":{"@id":"https:\/\/noticiasmercedinas.com\/site\/#organization"},"potentialAction":[{"@type":"SearchAction","target":{"@type":"EntryPoint","urlTemplate":"https:\/\/noticiasmercedinas.com\/site\/?s={search_term_string}"},"query-input":{"@type":"PropertyValueSpecification","valueRequired":true,"valueName":"search_term_string"}}],"inLanguage":"es"},{"@type":"Organization","@id":"https:\/\/noticiasmercedinas.com\/site\/#organization","name":"NOTICIASMERCEDINAS.COM","url":"https:\/\/noticiasmercedinas.com\/site\/","logo":{"@type":"ImageObject","inLanguage":"es","@id":"https:\/\/noticiasmercedinas.com\/site\/#\/schema\/logo\/image\/","url":"https:\/\/noticiasmercedinas.com\/site\/wp-content\/uploads\/2020\/06\/LOGO-512.jpg","contentUrl":"https:\/\/noticiasmercedinas.com\/site\/wp-content\/uploads\/2020\/06\/LOGO-512.jpg","width":512,"height":512,"caption":"NOTICIASMERCEDINAS.COM"},"image":{"@id":"https:\/\/noticiasmercedinas.com\/site\/#\/schema\/logo\/image\/"},"sameAs":["https:\/\/www.facebook.com\/noticiasmercedinas\/","https:\/\/x.com\/notmercedinas","https:\/\/www.instagram.com\/noticiasmercedinas\/"]},{"@type":"Person","@id":"https:\/\/noticiasmercedinas.com\/site\/#\/schema\/person\/8f2f09d666ef40986eba4a5e6f2a06f9","name":"Juan Dagnino NOTICIASMERCEDINAS.COM","image":{"@type":"ImageObject","inLanguage":"es","@id":"https:\/\/secure.gravatar.com\/avatar\/fc7059a769f5a3cae65fadb228a3e4accf3a64b4b2305020d0a27e6d5333c91b?s=96&d=mm&r=g","url":"https:\/\/secure.gravatar.com\/avatar\/fc7059a769f5a3cae65fadb228a3e4accf3a64b4b2305020d0a27e6d5333c91b?s=96&d=mm&r=g","contentUrl":"https:\/\/secure.gravatar.com\/avatar\/fc7059a769f5a3cae65fadb228a3e4accf3a64b4b2305020d0a27e6d5333c91b?s=96&d=mm&r=g","caption":"Juan Dagnino NOTICIASMERCEDINAS.COM"},"url":"https:\/\/noticiasmercedinas.com\/site\/author\/juandagnino\/"}]}},"amp_enabled":true,"_links":{"self":[{"href":"https:\/\/noticiasmercedinas.com\/site\/wp-json\/wp\/v2\/posts\/92919","targetHints":{"allow":["GET"]}}],"collection":[{"href":"https:\/\/noticiasmercedinas.com\/site\/wp-json\/wp\/v2\/posts"}],"about":[{"href":"https:\/\/noticiasmercedinas.com\/site\/wp-json\/wp\/v2\/types\/post"}],"author":[{"embeddable":true,"href":"https:\/\/noticiasmercedinas.com\/site\/wp-json\/wp\/v2\/users\/6"}],"replies":[{"embeddable":true,"href":"https:\/\/noticiasmercedinas.com\/site\/wp-json\/wp\/v2\/comments?post=92919"}],"version-history":[{"count":1,"href":"https:\/\/noticiasmercedinas.com\/site\/wp-json\/wp\/v2\/posts\/92919\/revisions"}],"predecessor-version":[{"id":92922,"href":"https:\/\/noticiasmercedinas.com\/site\/wp-json\/wp\/v2\/posts\/92919\/revisions\/92922"}],"wp:featuredmedia":[{"embeddable":true,"href":"https:\/\/noticiasmercedinas.com\/site\/wp-json\/wp\/v2\/media\/92920"}],"wp:attachment":[{"href":"https:\/\/noticiasmercedinas.com\/site\/wp-json\/wp\/v2\/media?parent=92919"}],"wp:term":[{"taxonomy":"category","embeddable":true,"href":"https:\/\/noticiasmercedinas.com\/site\/wp-json\/wp\/v2\/categories?post=92919"},{"taxonomy":"post_tag","embeddable":true,"href":"https:\/\/noticiasmercedinas.com\/site\/wp-json\/wp\/v2\/tags?post=92919"}],"curies":[{"name":"wp","href":"https:\/\/api.w.org\/{rel}","templated":true}]}}