{"id":93005,"date":"2022-06-13T19:24:10","date_gmt":"2022-06-13T22:24:10","guid":{"rendered":"https:\/\/noticiasmercedinas.com\/site\/?p=93005"},"modified":"2022-06-13T19:24:10","modified_gmt":"2022-06-13T22:24:10","slug":"importante-encuentro-para-avanzar-en-perfil-productivo-local-en-el-sector-industrial","status":"publish","type":"post","link":"https:\/\/noticiasmercedinas.com\/site\/2022\/06\/13\/importante-encuentro-para-avanzar-en-perfil-productivo-local-en-el-sector-industrial\/","title":{"rendered":"Importante encuentro para avanzar en perfil productivo local, en el Sector Industrial"},"content":{"rendered":"<p><img loading=\"lazy\" decoding=\"async\" class=\"alignnone size-large wp-image-93006\" src=\"https:\/\/noticiasmercedinas.com\/site\/wp-content\/uploads\/2022\/06\/803-1024x768.jpeg\" alt=\"\" width=\"640\" height=\"480\" \/><\/p>\n<p>Un nuevo encuentro se llev\u00f3 a cabo en torno a la producci\u00f3n de nuestra ciudad. En esta ocasi\u00f3n fue en el SUM del Sector Industrial Planificado e involucr\u00f3 a distintos actores sociales con una amplia participaci\u00f3n. Formaci\u00f3n, capacitaci\u00f3n, generaci\u00f3n de empleo y potenciar la econom\u00eda regional entre los temas tratados.<\/p>\n<p>El ingeniero <strong>Patricio Ballesty<\/strong>, director de Producci\u00f3n, coment\u00f3: \u201cHa sido una excelente mesa de trabajo donde se volvi\u00f3 a poner \u00e9nfasis en la importancia de trabajar en conjunto y potenciando las capacidades y potencialidades locales\u201d.<\/p>\n<p>\u201cContamos la presencia de representantes de la Provincia, que siempre nos apoyan y acompa\u00f1an y sin duda es un valor agradado para poder articular y generar herramientas de gesti\u00f3n y trabajo\u201d, dijo.<\/p>\n<blockquote><p>Desde hace un tiempo la Direcci\u00f3n de Producci\u00f3n viene trabajando en la generaci\u00f3n de un moderno y actualizado perfil productivo de la ciudad, con equipos t\u00e9cnicos y profesionales<\/p><\/blockquote>\n<p>M\u00e1s adelante coment\u00f3 que \u201calgo que siempre nos insta el intendente Ustarroz es a generar espacios de participaci\u00f3n y planificaci\u00f3n con todos los sectores de la ciudad y este encuentro ha sido un gran ejemplo, estamos todos tirando par el mismo lado y orgulloso del clima de trabajo que existe\u201d.<\/p>\n<p>Estuvieron presentes <strong>Eduardo Mari<\/strong>, director provincial de Desarrollo Industrial del Ministerio de Producci\u00f3n, Ciencia e Innovaci\u00f3n Tecnol\u00f3gica, <strong>Federico Schcolnik<\/strong>, relacionista de empresas y promoci\u00f3n de empleo del Ministerio de trabajo de la provincia, <strong>Sebasti\u00e1n Minadevino<\/strong>, director de Centro de Formaci\u00f3n Profesional N\u00ba 401, <strong>Xavier Gando<\/strong>. director del Centro de Formaci\u00f3n Profesional N\u00ba 402, <strong>Griselda Billordo<\/strong>, referente de la Oficina de Empleo, <strong>Carolina Galeano<\/strong>, referente de industria desde el \u00e1rea de Producci\u00f3n, <strong>Juan P\u00e9rez<\/strong>, presidente del consorcio del Sector Industrial Planificado, <strong>Ariel Pietrucha<\/strong>, gerente de la C\u00e1mara Econ\u00f3mica Mercedina, <strong>Fabi\u00e1n D\u00edaz<\/strong>, delegado del Ministerio de Trabajo de la Provincia y referentes de varias industrias locales, como Qu\u00edmica JP, Tecnovax, y Merplac del grupo Esp\u00edndola.<\/p>\n<p>Desde hace un tiempo la Direcci\u00f3n de Producci\u00f3n viene trabajando en la generaci\u00f3n de un moderno y actualizado perfil productivo de la ciudad, con equipos t\u00e9cnicos y profesionales y \u00e9sta ha sido una nueva y positiva reuni\u00f3n que, adem\u00e1s, busca apuntalar aquellos mecanismos necesarios para generar producci\u00f3n de calidad, empleo e industria nacional.<\/p>\n","protected":false},"excerpt":{"rendered":"<p>\u25a0 Hubo referentes provinciales y municipales, as\u00ed como de la industria y el comercio local, junto a emprendedores. Formaci\u00f3n, capacitaci\u00f3n, generaci\u00f3n de empleo y potenciaci\u00f3n de la econom\u00eda regional fueron temas tratados<\/p>\n","protected":false},"author":16,"featured_media":93006,"comment_status":"open","ping_status":"open","sticky":false,"template":"","format":"standard","meta":{"footnotes":""},"categories":[74],"tags":[14592,1440,1645,32,5399],"class_list":["post-93005","post","type-post","status-publish","format-standard","has-post-thumbnail","hentry","category-emprendimientos","tag-desarrollo-industrial","tag-empleo","tag-industria","tag-produccion","tag-sector-industrial-planificado"],"yoast_head":"<!-- This site is optimized with the Yoast SEO plugin v27.5 - https:\/\/yoast.com\/product\/yoast-seo-wordpress\/ -->\n<title>Importante encuentro para avanzar en perfil productivo local, en el Sector Industrial<\/title>\n<meta name=\"robots\" content=\"index, follow, max-snippet:-1, max-image-preview:large, max-video-preview:-1\" \/>\n<link rel=\"canonical\" href=\"https:\/\/noticiasmercedinas.com\/site\/2022\/06\/13\/importante-encuentro-para-avanzar-en-perfil-productivo-local-en-el-sector-industrial\/\" \/>\n<meta property=\"og:locale\" content=\"es_ES\" \/>\n<meta property=\"og:type\" content=\"article\" \/>\n<meta property=\"og:title\" content=\"Importante encuentro para avanzar en perfil productivo local, en el Sector Industrial\" \/>\n<meta property=\"og:description\" content=\"\u25a0 Hubo referentes provinciales y municipales, as\u00ed como de la industria y el comercio local, junto a emprendedores. Formaci\u00f3n, capacitaci\u00f3n, generaci\u00f3n de empleo y potenciaci\u00f3n de la econom\u00eda regional fueron temas tratados\" \/>\n<meta property=\"og:url\" content=\"https:\/\/noticiasmercedinas.com\/site\/2022\/06\/13\/importante-encuentro-para-avanzar-en-perfil-productivo-local-en-el-sector-industrial\/\" \/>\n<meta property=\"og:site_name\" content=\"NOTICIASMERCEDINAS.COM\" \/>\n<meta property=\"article:publisher\" content=\"https:\/\/www.facebook.com\/noticiasmercedinas\/\" \/>\n<meta property=\"article:published_time\" content=\"2022-06-13T22:24:10+00:00\" \/>\n<meta property=\"og:image\" content=\"https:\/\/noticiasmercedinas.com\/site\/wp-content\/uploads\/2022\/06\/803-e1655158692690.jpeg\" \/>\n\t<meta property=\"og:image:width\" content=\"640\" \/>\n\t<meta property=\"og:image:height\" content=\"480\" \/>\n\t<meta property=\"og:image:type\" content=\"image\/jpeg\" \/>\n<meta name=\"author\" content=\"NOTICIASMERCEDINAS.COM\" \/>\n<meta name=\"twitter:card\" content=\"summary_large_image\" \/>\n<meta name=\"twitter:creator\" content=\"@notmercedinas\" \/>\n<meta name=\"twitter:site\" content=\"@notmercedinas\" \/>\n<meta name=\"twitter:label1\" content=\"Escrito por\" \/>\n\t<meta name=\"twitter:data1\" content=\"NOTICIASMERCEDINAS.COM\" \/>\n\t<meta name=\"twitter:label2\" content=\"Tiempo de lectura\" \/>\n\t<meta name=\"twitter:data2\" content=\"2 minutos\" \/>\n<script type=\"application\/ld+json\" class=\"yoast-schema-graph\">{\"@context\":\"https:\\\/\\\/schema.org\",\"@graph\":[{\"@type\":\"Article\",\"@id\":\"https:\\\/\\\/noticiasmercedinas.com\\\/site\\\/2022\\\/06\\\/13\\\/importante-encuentro-para-avanzar-en-perfil-productivo-local-en-el-sector-industrial\\\/#article\",\"isPartOf\":{\"@id\":\"https:\\\/\\\/noticiasmercedinas.com\\\/site\\\/2022\\\/06\\\/13\\\/importante-encuentro-para-avanzar-en-perfil-productivo-local-en-el-sector-industrial\\\/\"},\"author\":{\"name\":\"NOTICIASMERCEDINAS.COM\",\"@id\":\"https:\\\/\\\/noticiasmercedinas.com\\\/site\\\/#\\\/schema\\\/person\\\/84b59c099c28ff2e8b77d4ceec5d8063\"},\"headline\":\"Importante encuentro para avanzar en perfil productivo local, en el Sector Industrial\",\"datePublished\":\"2022-06-13T22:24:10+00:00\",\"mainEntityOfPage\":{\"@id\":\"https:\\\/\\\/noticiasmercedinas.com\\\/site\\\/2022\\\/06\\\/13\\\/importante-encuentro-para-avanzar-en-perfil-productivo-local-en-el-sector-industrial\\\/\"},\"wordCount\":410,\"commentCount\":0,\"publisher\":{\"@id\":\"https:\\\/\\\/noticiasmercedinas.com\\\/site\\\/#organization\"},\"image\":{\"@id\":\"https:\\\/\\\/noticiasmercedinas.com\\\/site\\\/2022\\\/06\\\/13\\\/importante-encuentro-para-avanzar-en-perfil-productivo-local-en-el-sector-industrial\\\/#primaryimage\"},\"thumbnailUrl\":\"https:\\\/\\\/noticiasmercedinas.com\\\/site\\\/wp-content\\\/uploads\\\/2022\\\/06\\\/803-e1655158692690.jpeg\",\"keywords\":[\"Desarrollo Industrial\",\"empleo\",\"industria\",\"produccion\",\"sector Industrial planificado\"],\"articleSection\":[\"Emprendimientos\"],\"inLanguage\":\"es\",\"potentialAction\":[{\"@type\":\"CommentAction\",\"name\":\"Comment\",\"target\":[\"https:\\\/\\\/noticiasmercedinas.com\\\/site\\\/2022\\\/06\\\/13\\\/importante-encuentro-para-avanzar-en-perfil-productivo-local-en-el-sector-industrial\\\/#respond\"]}]},{\"@type\":\"WebPage\",\"@id\":\"https:\\\/\\\/noticiasmercedinas.com\\\/site\\\/2022\\\/06\\\/13\\\/importante-encuentro-para-avanzar-en-perfil-productivo-local-en-el-sector-industrial\\\/\",\"url\":\"https:\\\/\\\/noticiasmercedinas.com\\\/site\\\/2022\\\/06\\\/13\\\/importante-encuentro-para-avanzar-en-perfil-productivo-local-en-el-sector-industrial\\\/\",\"name\":\"Importante encuentro para avanzar en perfil productivo local, en el Sector Industrial\",\"isPartOf\":{\"@id\":\"https:\\\/\\\/noticiasmercedinas.com\\\/site\\\/#website\"},\"primaryImageOfPage\":{\"@id\":\"https:\\\/\\\/noticiasmercedinas.com\\\/site\\\/2022\\\/06\\\/13\\\/importante-encuentro-para-avanzar-en-perfil-productivo-local-en-el-sector-industrial\\\/#primaryimage\"},\"image\":{\"@id\":\"https:\\\/\\\/noticiasmercedinas.com\\\/site\\\/2022\\\/06\\\/13\\\/importante-encuentro-para-avanzar-en-perfil-productivo-local-en-el-sector-industrial\\\/#primaryimage\"},\"thumbnailUrl\":\"https:\\\/\\\/noticiasmercedinas.com\\\/site\\\/wp-content\\\/uploads\\\/2022\\\/06\\\/803-e1655158692690.jpeg\",\"datePublished\":\"2022-06-13T22:24:10+00:00\",\"breadcrumb\":{\"@id\":\"https:\\\/\\\/noticiasmercedinas.com\\\/site\\\/2022\\\/06\\\/13\\\/importante-encuentro-para-avanzar-en-perfil-productivo-local-en-el-sector-industrial\\\/#breadcrumb\"},\"inLanguage\":\"es\",\"potentialAction\":[{\"@type\":\"ReadAction\",\"target\":[\"https:\\\/\\\/noticiasmercedinas.com\\\/site\\\/2022\\\/06\\\/13\\\/importante-encuentro-para-avanzar-en-perfil-productivo-local-en-el-sector-industrial\\\/\"]}]},{\"@type\":\"ImageObject\",\"inLanguage\":\"es\",\"@id\":\"https:\\\/\\\/noticiasmercedinas.com\\\/site\\\/2022\\\/06\\\/13\\\/importante-encuentro-para-avanzar-en-perfil-productivo-local-en-el-sector-industrial\\\/#primaryimage\",\"url\":\"https:\\\/\\\/noticiasmercedinas.com\\\/site\\\/wp-content\\\/uploads\\\/2022\\\/06\\\/803-e1655158692690.jpeg\",\"contentUrl\":\"https:\\\/\\\/noticiasmercedinas.com\\\/site\\\/wp-content\\\/uploads\\\/2022\\\/06\\\/803-e1655158692690.jpeg\",\"width\":640,\"height\":480},{\"@type\":\"BreadcrumbList\",\"@id\":\"https:\\\/\\\/noticiasmercedinas.com\\\/site\\\/2022\\\/06\\\/13\\\/importante-encuentro-para-avanzar-en-perfil-productivo-local-en-el-sector-industrial\\\/#breadcrumb\",\"itemListElement\":[{\"@type\":\"ListItem\",\"position\":1,\"name\":\"Portada\",\"item\":\"https:\\\/\\\/noticiasmercedinas.com\\\/site\\\/\"},{\"@type\":\"ListItem\",\"position\":2,\"name\":\"Importante encuentro para avanzar en perfil productivo local, en el Sector Industrial\"}]},{\"@type\":\"WebSite\",\"@id\":\"https:\\\/\\\/noticiasmercedinas.com\\\/site\\\/#website\",\"url\":\"https:\\\/\\\/noticiasmercedinas.com\\\/site\\\/\",\"name\":\"NOTICIASMERCEDINAS.COM\",\"description\":\"Mercedes, Buenos Aires, Argentina\",\"publisher\":{\"@id\":\"https:\\\/\\\/noticiasmercedinas.com\\\/site\\\/#organization\"},\"potentialAction\":[{\"@type\":\"SearchAction\",\"target\":{\"@type\":\"EntryPoint\",\"urlTemplate\":\"https:\\\/\\\/noticiasmercedinas.com\\\/site\\\/?s={search_term_string}\"},\"query-input\":{\"@type\":\"PropertyValueSpecification\",\"valueRequired\":true,\"valueName\":\"search_term_string\"}}],\"inLanguage\":\"es\"},{\"@type\":\"Organization\",\"@id\":\"https:\\\/\\\/noticiasmercedinas.com\\\/site\\\/#organization\",\"name\":\"NOTICIASMERCEDINAS.COM\",\"url\":\"https:\\\/\\\/noticiasmercedinas.com\\\/site\\\/\",\"logo\":{\"@type\":\"ImageObject\",\"inLanguage\":\"es\",\"@id\":\"https:\\\/\\\/noticiasmercedinas.com\\\/site\\\/#\\\/schema\\\/logo\\\/image\\\/\",\"url\":\"https:\\\/\\\/noticiasmercedinas.com\\\/site\\\/wp-content\\\/uploads\\\/2020\\\/06\\\/LOGO-512.jpg\",\"contentUrl\":\"https:\\\/\\\/noticiasmercedinas.com\\\/site\\\/wp-content\\\/uploads\\\/2020\\\/06\\\/LOGO-512.jpg\",\"width\":512,\"height\":512,\"caption\":\"NOTICIASMERCEDINAS.COM\"},\"image\":{\"@id\":\"https:\\\/\\\/noticiasmercedinas.com\\\/site\\\/#\\\/schema\\\/logo\\\/image\\\/\"},\"sameAs\":[\"https:\\\/\\\/www.facebook.com\\\/noticiasmercedinas\\\/\",\"https:\\\/\\\/x.com\\\/notmercedinas\",\"https:\\\/\\\/www.instagram.com\\\/noticiasmercedinas\\\/\"]},{\"@type\":\"Person\",\"@id\":\"https:\\\/\\\/noticiasmercedinas.com\\\/site\\\/#\\\/schema\\\/person\\\/84b59c099c28ff2e8b77d4ceec5d8063\",\"name\":\"NOTICIASMERCEDINAS.COM\",\"image\":{\"@type\":\"ImageObject\",\"inLanguage\":\"es\",\"@id\":\"https:\\\/\\\/secure.gravatar.com\\\/avatar\\\/4dfbf16b4d17945bfb6341b2d19043457132fcf478a5ee04f42e959fd8f5df0a?s=96&d=mm&r=g\",\"url\":\"https:\\\/\\\/secure.gravatar.com\\\/avatar\\\/4dfbf16b4d17945bfb6341b2d19043457132fcf478a5ee04f42e959fd8f5df0a?s=96&d=mm&r=g\",\"contentUrl\":\"https:\\\/\\\/secure.gravatar.com\\\/avatar\\\/4dfbf16b4d17945bfb6341b2d19043457132fcf478a5ee04f42e959fd8f5df0a?s=96&d=mm&r=g\",\"caption\":\"NOTICIASMERCEDINAS.COM\"},\"url\":\"https:\\\/\\\/noticiasmercedinas.com\\\/site\\\/author\\\/anonimo\\\/\"}]}<\/script>\n<!-- \/ Yoast SEO plugin. -->","yoast_head_json":{"title":"Importante encuentro para avanzar en perfil productivo local, en el Sector Industrial","robots":{"index":"index","follow":"follow","max-snippet":"max-snippet:-1","max-image-preview":"max-image-preview:large","max-video-preview":"max-video-preview:-1"},"canonical":"https:\/\/noticiasmercedinas.com\/site\/2022\/06\/13\/importante-encuentro-para-avanzar-en-perfil-productivo-local-en-el-sector-industrial\/","og_locale":"es_ES","og_type":"article","og_title":"Importante encuentro para avanzar en perfil productivo local, en el Sector Industrial","og_description":"\u25a0 Hubo referentes provinciales y municipales, as\u00ed como de la industria y el comercio local, junto a emprendedores. Formaci\u00f3n, capacitaci\u00f3n, generaci\u00f3n de empleo y potenciaci\u00f3n de la econom\u00eda regional fueron temas tratados","og_url":"https:\/\/noticiasmercedinas.com\/site\/2022\/06\/13\/importante-encuentro-para-avanzar-en-perfil-productivo-local-en-el-sector-industrial\/","og_site_name":"NOTICIASMERCEDINAS.COM","article_publisher":"https:\/\/www.facebook.com\/noticiasmercedinas\/","article_published_time":"2022-06-13T22:24:10+00:00","og_image":[{"width":640,"height":480,"url":"https:\/\/noticiasmercedinas.com\/site\/wp-content\/uploads\/2022\/06\/803-e1655158692690.jpeg","type":"image\/jpeg"}],"author":"NOTICIASMERCEDINAS.COM","twitter_card":"summary_large_image","twitter_creator":"@notmercedinas","twitter_site":"@notmercedinas","twitter_misc":{"Escrito por":"NOTICIASMERCEDINAS.COM","Tiempo de lectura":"2 minutos"},"schema":{"@context":"https:\/\/schema.org","@graph":[{"@type":"Article","@id":"https:\/\/noticiasmercedinas.com\/site\/2022\/06\/13\/importante-encuentro-para-avanzar-en-perfil-productivo-local-en-el-sector-industrial\/#article","isPartOf":{"@id":"https:\/\/noticiasmercedinas.com\/site\/2022\/06\/13\/importante-encuentro-para-avanzar-en-perfil-productivo-local-en-el-sector-industrial\/"},"author":{"name":"NOTICIASMERCEDINAS.COM","@id":"https:\/\/noticiasmercedinas.com\/site\/#\/schema\/person\/84b59c099c28ff2e8b77d4ceec5d8063"},"headline":"Importante encuentro para avanzar en perfil productivo local, en el Sector Industrial","datePublished":"2022-06-13T22:24:10+00:00","mainEntityOfPage":{"@id":"https:\/\/noticiasmercedinas.com\/site\/2022\/06\/13\/importante-encuentro-para-avanzar-en-perfil-productivo-local-en-el-sector-industrial\/"},"wordCount":410,"commentCount":0,"publisher":{"@id":"https:\/\/noticiasmercedinas.com\/site\/#organization"},"image":{"@id":"https:\/\/noticiasmercedinas.com\/site\/2022\/06\/13\/importante-encuentro-para-avanzar-en-perfil-productivo-local-en-el-sector-industrial\/#primaryimage"},"thumbnailUrl":"https:\/\/noticiasmercedinas.com\/site\/wp-content\/uploads\/2022\/06\/803-e1655158692690.jpeg","keywords":["Desarrollo Industrial","empleo","industria","produccion","sector Industrial planificado"],"articleSection":["Emprendimientos"],"inLanguage":"es","potentialAction":[{"@type":"CommentAction","name":"Comment","target":["https:\/\/noticiasmercedinas.com\/site\/2022\/06\/13\/importante-encuentro-para-avanzar-en-perfil-productivo-local-en-el-sector-industrial\/#respond"]}]},{"@type":"WebPage","@id":"https:\/\/noticiasmercedinas.com\/site\/2022\/06\/13\/importante-encuentro-para-avanzar-en-perfil-productivo-local-en-el-sector-industrial\/","url":"https:\/\/noticiasmercedinas.com\/site\/2022\/06\/13\/importante-encuentro-para-avanzar-en-perfil-productivo-local-en-el-sector-industrial\/","name":"Importante encuentro para avanzar en perfil productivo local, en el Sector Industrial","isPartOf":{"@id":"https:\/\/noticiasmercedinas.com\/site\/#website"},"primaryImageOfPage":{"@id":"https:\/\/noticiasmercedinas.com\/site\/2022\/06\/13\/importante-encuentro-para-avanzar-en-perfil-productivo-local-en-el-sector-industrial\/#primaryimage"},"image":{"@id":"https:\/\/noticiasmercedinas.com\/site\/2022\/06\/13\/importante-encuentro-para-avanzar-en-perfil-productivo-local-en-el-sector-industrial\/#primaryimage"},"thumbnailUrl":"https:\/\/noticiasmercedinas.com\/site\/wp-content\/uploads\/2022\/06\/803-e1655158692690.jpeg","datePublished":"2022-06-13T22:24:10+00:00","breadcrumb":{"@id":"https:\/\/noticiasmercedinas.com\/site\/2022\/06\/13\/importante-encuentro-para-avanzar-en-perfil-productivo-local-en-el-sector-industrial\/#breadcrumb"},"inLanguage":"es","potentialAction":[{"@type":"ReadAction","target":["https:\/\/noticiasmercedinas.com\/site\/2022\/06\/13\/importante-encuentro-para-avanzar-en-perfil-productivo-local-en-el-sector-industrial\/"]}]},{"@type":"ImageObject","inLanguage":"es","@id":"https:\/\/noticiasmercedinas.com\/site\/2022\/06\/13\/importante-encuentro-para-avanzar-en-perfil-productivo-local-en-el-sector-industrial\/#primaryimage","url":"https:\/\/noticiasmercedinas.com\/site\/wp-content\/uploads\/2022\/06\/803-e1655158692690.jpeg","contentUrl":"https:\/\/noticiasmercedinas.com\/site\/wp-content\/uploads\/2022\/06\/803-e1655158692690.jpeg","width":640,"height":480},{"@type":"BreadcrumbList","@id":"https:\/\/noticiasmercedinas.com\/site\/2022\/06\/13\/importante-encuentro-para-avanzar-en-perfil-productivo-local-en-el-sector-industrial\/#breadcrumb","itemListElement":[{"@type":"ListItem","position":1,"name":"Portada","item":"https:\/\/noticiasmercedinas.com\/site\/"},{"@type":"ListItem","position":2,"name":"Importante encuentro para avanzar en perfil productivo local, en el Sector Industrial"}]},{"@type":"WebSite","@id":"https:\/\/noticiasmercedinas.com\/site\/#website","url":"https:\/\/noticiasmercedinas.com\/site\/","name":"NOTICIASMERCEDINAS.COM","description":"Mercedes, Buenos Aires, Argentina","publisher":{"@id":"https:\/\/noticiasmercedinas.com\/site\/#organization"},"potentialAction":[{"@type":"SearchAction","target":{"@type":"EntryPoint","urlTemplate":"https:\/\/noticiasmercedinas.com\/site\/?s={search_term_string}"},"query-input":{"@type":"PropertyValueSpecification","valueRequired":true,"valueName":"search_term_string"}}],"inLanguage":"es"},{"@type":"Organization","@id":"https:\/\/noticiasmercedinas.com\/site\/#organization","name":"NOTICIASMERCEDINAS.COM","url":"https:\/\/noticiasmercedinas.com\/site\/","logo":{"@type":"ImageObject","inLanguage":"es","@id":"https:\/\/noticiasmercedinas.com\/site\/#\/schema\/logo\/image\/","url":"https:\/\/noticiasmercedinas.com\/site\/wp-content\/uploads\/2020\/06\/LOGO-512.jpg","contentUrl":"https:\/\/noticiasmercedinas.com\/site\/wp-content\/uploads\/2020\/06\/LOGO-512.jpg","width":512,"height":512,"caption":"NOTICIASMERCEDINAS.COM"},"image":{"@id":"https:\/\/noticiasmercedinas.com\/site\/#\/schema\/logo\/image\/"},"sameAs":["https:\/\/www.facebook.com\/noticiasmercedinas\/","https:\/\/x.com\/notmercedinas","https:\/\/www.instagram.com\/noticiasmercedinas\/"]},{"@type":"Person","@id":"https:\/\/noticiasmercedinas.com\/site\/#\/schema\/person\/84b59c099c28ff2e8b77d4ceec5d8063","name":"NOTICIASMERCEDINAS.COM","image":{"@type":"ImageObject","inLanguage":"es","@id":"https:\/\/secure.gravatar.com\/avatar\/4dfbf16b4d17945bfb6341b2d19043457132fcf478a5ee04f42e959fd8f5df0a?s=96&d=mm&r=g","url":"https:\/\/secure.gravatar.com\/avatar\/4dfbf16b4d17945bfb6341b2d19043457132fcf478a5ee04f42e959fd8f5df0a?s=96&d=mm&r=g","contentUrl":"https:\/\/secure.gravatar.com\/avatar\/4dfbf16b4d17945bfb6341b2d19043457132fcf478a5ee04f42e959fd8f5df0a?s=96&d=mm&r=g","caption":"NOTICIASMERCEDINAS.COM"},"url":"https:\/\/noticiasmercedinas.com\/site\/author\/anonimo\/"}]}},"amp_enabled":true,"_links":{"self":[{"href":"https:\/\/noticiasmercedinas.com\/site\/wp-json\/wp\/v2\/posts\/93005","targetHints":{"allow":["GET"]}}],"collection":[{"href":"https:\/\/noticiasmercedinas.com\/site\/wp-json\/wp\/v2\/posts"}],"about":[{"href":"https:\/\/noticiasmercedinas.com\/site\/wp-json\/wp\/v2\/types\/post"}],"author":[{"embeddable":true,"href":"https:\/\/noticiasmercedinas.com\/site\/wp-json\/wp\/v2\/users\/16"}],"replies":[{"embeddable":true,"href":"https:\/\/noticiasmercedinas.com\/site\/wp-json\/wp\/v2\/comments?post=93005"}],"version-history":[{"count":1,"href":"https:\/\/noticiasmercedinas.com\/site\/wp-json\/wp\/v2\/posts\/93005\/revisions"}],"predecessor-version":[{"id":93007,"href":"https:\/\/noticiasmercedinas.com\/site\/wp-json\/wp\/v2\/posts\/93005\/revisions\/93007"}],"wp:featuredmedia":[{"embeddable":true,"href":"https:\/\/noticiasmercedinas.com\/site\/wp-json\/wp\/v2\/media\/93006"}],"wp:attachment":[{"href":"https:\/\/noticiasmercedinas.com\/site\/wp-json\/wp\/v2\/media?parent=93005"}],"wp:term":[{"taxonomy":"category","embeddable":true,"href":"https:\/\/noticiasmercedinas.com\/site\/wp-json\/wp\/v2\/categories?post=93005"},{"taxonomy":"post_tag","embeddable":true,"href":"https:\/\/noticiasmercedinas.com\/site\/wp-json\/wp\/v2\/tags?post=93005"}],"curies":[{"name":"wp","href":"https:\/\/api.w.org\/{rel}","templated":true}]}}