{"id":9302,"date":"2018-12-18T10:16:51","date_gmt":"2018-12-18T13:16:51","guid":{"rendered":"https:\/\/noticiasmercedinas.com\/site\/?p=9302"},"modified":"2018-12-18T10:16:51","modified_gmt":"2018-12-18T13:16:51","slug":"mucho-para-ver-en-el-museo-ameghino","status":"publish","type":"post","link":"https:\/\/noticiasmercedinas.com\/site\/2018\/12\/18\/mucho-para-ver-en-el-museo-ameghino\/","title":{"rendered":"Mucho para ver en el Museo Ameghino"},"content":{"rendered":"<p><img loading=\"lazy\" decoding=\"async\" class=\"alignnone size-full wp-image-9303\" src=\"https:\/\/noticiasmercedinas.com\/site\/wp-content\/uploads\/2018\/12\/Museo-2.jpg\" alt=\"\" width=\"915\" height=\"608\" srcset=\"https:\/\/noticiasmercedinas.com\/site\/wp-content\/uploads\/2018\/12\/Museo-2.jpg 915w, https:\/\/noticiasmercedinas.com\/site\/wp-content\/uploads\/2018\/12\/Museo-2-300x199.jpg 300w, https:\/\/noticiasmercedinas.com\/site\/wp-content\/uploads\/2018\/12\/Museo-2-768x510.jpg 768w, https:\/\/noticiasmercedinas.com\/site\/wp-content\/uploads\/2018\/12\/Museo-2-640x425.jpg 640w, https:\/\/noticiasmercedinas.com\/site\/wp-content\/uploads\/2018\/12\/Museo-2-681x453.jpg 681w\" sizes=\"auto, (max-width: 915px) 100vw, 915px\" \/><\/p>\n<p style=\"font-weight: 400;\">El Museo Municipal de Ciencias Naturales Carlos Ameghino contin\u00faa optimizando y mejorando su servicio a la comunidad. Este espacio de la ciudad, gracias al aporte constante del Municipio viene sumando mejoras tanto en el plano edilicio como profesional. Durante este a\u00f1o se han incorporado dos profesionales, <strong>Mauro Aranciaga<\/strong>, paleont\u00f3logo y <strong>Camila Colombati<\/strong>, antrop\u00f3loga, quienes a trav\u00e9s de su trabajo enriquecen los rincones de este afamado museo argentino.<\/p>\n<p style=\"font-weight: 400;\">La profesional Camila Colombatti, que hace muy poco tiempo vive en nuestra ciudad, expres\u00f3: \u201cLa riqueza del patrimonio a nivel paleontol\u00f3gico y arqueol\u00f3gico es impresionante\u201d y remarc\u00f3 que \u201cen este lugar hay mucho trabajo realizado y trayectoria, la idea es continuar con esa labor, acrecentando y brindando m\u00e1s piezas arqueol\u00f3gicas a este museo\u201d.<\/p>\n<p style=\"font-weight: 400;\">El Museo Municipal de Ciencias Naturales Carlos Ameghino de la ciudad de Mercedes se encuentra dividido en varias salas de diversas tem\u00e1ticas:<\/p>\n<ul>\n<li style=\"font-weight: 400;\">En la sala dedicada a la Paleontolog\u00eda se encuentran restos f\u00f3siles de especies animales extinguidas que habitaron la regi\u00f3n hasta la finalizaci\u00f3n del Pleistoceno. Provienen de excavaciones realizadas en Mercedes en estratos fosil\u00edferos localizados sobre el r\u00edo Luj\u00e1n, cuya importancia fue reconocida mundialmente a partir de los trabajos de investigaci\u00f3n de Florentino Ameghino.<\/li>\n<li style=\"font-weight: 400;\">En las salas de Arqueolog\u00eda se aprecian diversas muestras que hacen especial referencia al poblamiento americano, incluyendo los principales sitios fechados desde Alaska a Tierra del Fuego. All\u00ed se exhiben restos culturales de grupos de cazadores\u2013recolectores que ocuparon los distintos ambientes del norte de Buenos Aires hasta la conquista espa\u00f1ola.<\/li>\n<\/ul>\n<p style=\"font-weight: 400;\">Por su parte, Mauro Aranciaga, quien es paleont\u00f3logo, indic\u00f3: \u201cEn mi caso estuve abocado a renovar, ordenar, agregar y actualizar toda la exhibici\u00f3n. Cuando comenc\u00e9 a recorrer el lugar me maravill\u00e9 con cosas que datan de hace 2.000 a\u00f1os, de diferentes lugares del mundo\u201d.<\/p>\n<p style=\"font-weight: 400;\">\u201cAqu\u00ed existen cosas \u00fanicas que mis colegas del Museo Argentino no lo pueden creer\u201d, subray\u00f3 Aranciaga y apunt\u00f3: \u201cLo que hacemos es ponerlas en valor y exponerlas para que los que recorran este museo las conozcan y las valoren\u201d.<\/p>\n<p style=\"font-weight: 400;\">El museo brinda en forma permanente charlas, cursos, proyecci\u00f3n de audiovisuales y diapositivas, visitas guiadas e informaci\u00f3n general para el visitante.<\/p>\n<p style=\"font-weight: 400;\">En el complejo que conforma, Ameghino &#8211; Marin, se desarrollan ciclos de artes pl\u00e1sticas desde abril hasta diciembre, que incluyen exposiciones, jornadas, conferencias, talleres y diversas actividades vinculadas al quehacer cultural de la ciudad de Mercedes.<\/p>\n","protected":false},"excerpt":{"rendered":"<p>El Museo Municipal de Ciencias Naturales Carlos Ameghino contin\u00faa optimizando y mejorando su servicio a la comunidad. Este espacio de la ciudad, gracias al aporte constante del Municipio viene sumando mejoras tanto en el plano edilicio como profesional. Durante este a\u00f1o se han incorporado dos profesionales, Mauro Aranciaga, paleont\u00f3logo y Camila Colombati, antrop\u00f3loga, quienes a [&hellip;]<\/p>\n","protected":false},"author":2,"featured_media":9303,"comment_status":"open","ping_status":"open","sticky":false,"template":"","format":"standard","meta":{"footnotes":""},"categories":[4],"tags":[2930,2929,2926,413,2927,2928],"class_list":["post-9302","post","type-post","status-publish","format-standard","has-post-thumbnail","hentry","category-cultura","tag-camila-colombati","tag-ciencias-naturales","tag-mauro-aranciaga","tag-museo","tag-museo-ameghino","tag-paleontologia"],"yoast_head":"<!-- This site is optimized with the Yoast SEO plugin v27.4 - https:\/\/yoast.com\/product\/yoast-seo-wordpress\/ -->\n<title>Mucho para ver en el Museo Ameghino<\/title>\n<meta name=\"robots\" content=\"index, follow, max-snippet:-1, max-image-preview:large, max-video-preview:-1\" \/>\n<link rel=\"canonical\" href=\"https:\/\/noticiasmercedinas.com\/site\/2018\/12\/18\/mucho-para-ver-en-el-museo-ameghino\/\" \/>\n<meta property=\"og:locale\" content=\"es_ES\" \/>\n<meta property=\"og:type\" content=\"article\" \/>\n<meta property=\"og:title\" content=\"Mucho para ver en el Museo Ameghino\" \/>\n<meta property=\"og:description\" content=\"El Museo Municipal de Ciencias Naturales Carlos Ameghino contin\u00faa optimizando y mejorando su servicio a la comunidad. Este espacio de la ciudad, gracias al aporte constante del Municipio viene sumando mejoras tanto en el plano edilicio como profesional. Durante este a\u00f1o se han incorporado dos profesionales, Mauro Aranciaga, paleont\u00f3logo y Camila Colombati, antrop\u00f3loga, quienes a [&hellip;]\" \/>\n<meta property=\"og:url\" content=\"https:\/\/noticiasmercedinas.com\/site\/2018\/12\/18\/mucho-para-ver-en-el-museo-ameghino\/\" \/>\n<meta property=\"og:site_name\" content=\"NOTICIASMERCEDINAS.COM\" \/>\n<meta property=\"article:publisher\" content=\"https:\/\/www.facebook.com\/noticiasmercedinas\/\" \/>\n<meta property=\"article:author\" content=\"https:\/\/www.facebook.com\/cristian.falabella\" \/>\n<meta property=\"article:published_time\" content=\"2018-12-18T13:16:51+00:00\" \/>\n<meta property=\"og:image\" content=\"https:\/\/noticiasmercedinas.com\/site\/wp-content\/uploads\/2018\/12\/Museo-2.jpg\" \/>\n\t<meta property=\"og:image:width\" content=\"915\" \/>\n\t<meta property=\"og:image:height\" content=\"608\" \/>\n\t<meta property=\"og:image:type\" content=\"image\/jpeg\" \/>\n<meta name=\"author\" content=\"Cristian Falabella NOTICIASMERCEDINAS.COM\" \/>\n<meta name=\"twitter:card\" content=\"summary_large_image\" \/>\n<meta name=\"twitter:creator\" content=\"@https:\/\/twitter.com\/NOTMERCEDINAS\" \/>\n<meta name=\"twitter:site\" content=\"@notmercedinas\" \/>\n<meta name=\"twitter:label1\" content=\"Escrito por\" \/>\n\t<meta name=\"twitter:data1\" content=\"Cristian Falabella NOTICIASMERCEDINAS.COM\" \/>\n\t<meta name=\"twitter:label2\" content=\"Tiempo de lectura\" \/>\n\t<meta name=\"twitter:data2\" content=\"2 minutos\" \/>\n<script type=\"application\/ld+json\" class=\"yoast-schema-graph\">{\"@context\":\"https:\\\/\\\/schema.org\",\"@graph\":[{\"@type\":\"Article\",\"@id\":\"https:\\\/\\\/noticiasmercedinas.com\\\/site\\\/2018\\\/12\\\/18\\\/mucho-para-ver-en-el-museo-ameghino\\\/#article\",\"isPartOf\":{\"@id\":\"https:\\\/\\\/noticiasmercedinas.com\\\/site\\\/2018\\\/12\\\/18\\\/mucho-para-ver-en-el-museo-ameghino\\\/\"},\"author\":{\"name\":\"Cristian Falabella NOTICIASMERCEDINAS.COM\",\"@id\":\"https:\\\/\\\/noticiasmercedinas.com\\\/site\\\/#\\\/schema\\\/person\\\/d481a9696a5feaec13a60e2bbd991a6a\"},\"headline\":\"Mucho para ver en el Museo Ameghino\",\"datePublished\":\"2018-12-18T13:16:51+00:00\",\"mainEntityOfPage\":{\"@id\":\"https:\\\/\\\/noticiasmercedinas.com\\\/site\\\/2018\\\/12\\\/18\\\/mucho-para-ver-en-el-museo-ameghino\\\/\"},\"wordCount\":418,\"commentCount\":0,\"publisher\":{\"@id\":\"https:\\\/\\\/noticiasmercedinas.com\\\/site\\\/#organization\"},\"image\":{\"@id\":\"https:\\\/\\\/noticiasmercedinas.com\\\/site\\\/2018\\\/12\\\/18\\\/mucho-para-ver-en-el-museo-ameghino\\\/#primaryimage\"},\"thumbnailUrl\":\"https:\\\/\\\/noticiasmercedinas.com\\\/site\\\/wp-content\\\/uploads\\\/2018\\\/12\\\/Museo-2.jpg\",\"keywords\":[\"Camila Colombati\",\"ciencias naturales\",\"Mauro Aranciaga\",\"museo\",\"museo ameghino\",\"paleontologia\"],\"articleSection\":[\"Cultura\"],\"inLanguage\":\"es\",\"potentialAction\":[{\"@type\":\"CommentAction\",\"name\":\"Comment\",\"target\":[\"https:\\\/\\\/noticiasmercedinas.com\\\/site\\\/2018\\\/12\\\/18\\\/mucho-para-ver-en-el-museo-ameghino\\\/#respond\"]}]},{\"@type\":\"WebPage\",\"@id\":\"https:\\\/\\\/noticiasmercedinas.com\\\/site\\\/2018\\\/12\\\/18\\\/mucho-para-ver-en-el-museo-ameghino\\\/\",\"url\":\"https:\\\/\\\/noticiasmercedinas.com\\\/site\\\/2018\\\/12\\\/18\\\/mucho-para-ver-en-el-museo-ameghino\\\/\",\"name\":\"Mucho para ver en el Museo Ameghino\",\"isPartOf\":{\"@id\":\"https:\\\/\\\/noticiasmercedinas.com\\\/site\\\/#website\"},\"primaryImageOfPage\":{\"@id\":\"https:\\\/\\\/noticiasmercedinas.com\\\/site\\\/2018\\\/12\\\/18\\\/mucho-para-ver-en-el-museo-ameghino\\\/#primaryimage\"},\"image\":{\"@id\":\"https:\\\/\\\/noticiasmercedinas.com\\\/site\\\/2018\\\/12\\\/18\\\/mucho-para-ver-en-el-museo-ameghino\\\/#primaryimage\"},\"thumbnailUrl\":\"https:\\\/\\\/noticiasmercedinas.com\\\/site\\\/wp-content\\\/uploads\\\/2018\\\/12\\\/Museo-2.jpg\",\"datePublished\":\"2018-12-18T13:16:51+00:00\",\"breadcrumb\":{\"@id\":\"https:\\\/\\\/noticiasmercedinas.com\\\/site\\\/2018\\\/12\\\/18\\\/mucho-para-ver-en-el-museo-ameghino\\\/#breadcrumb\"},\"inLanguage\":\"es\",\"potentialAction\":[{\"@type\":\"ReadAction\",\"target\":[\"https:\\\/\\\/noticiasmercedinas.com\\\/site\\\/2018\\\/12\\\/18\\\/mucho-para-ver-en-el-museo-ameghino\\\/\"]}]},{\"@type\":\"ImageObject\",\"inLanguage\":\"es\",\"@id\":\"https:\\\/\\\/noticiasmercedinas.com\\\/site\\\/2018\\\/12\\\/18\\\/mucho-para-ver-en-el-museo-ameghino\\\/#primaryimage\",\"url\":\"https:\\\/\\\/noticiasmercedinas.com\\\/site\\\/wp-content\\\/uploads\\\/2018\\\/12\\\/Museo-2.jpg\",\"contentUrl\":\"https:\\\/\\\/noticiasmercedinas.com\\\/site\\\/wp-content\\\/uploads\\\/2018\\\/12\\\/Museo-2.jpg\",\"width\":915,\"height\":608},{\"@type\":\"BreadcrumbList\",\"@id\":\"https:\\\/\\\/noticiasmercedinas.com\\\/site\\\/2018\\\/12\\\/18\\\/mucho-para-ver-en-el-museo-ameghino\\\/#breadcrumb\",\"itemListElement\":[{\"@type\":\"ListItem\",\"position\":1,\"name\":\"Portada\",\"item\":\"https:\\\/\\\/noticiasmercedinas.com\\\/site\\\/\"},{\"@type\":\"ListItem\",\"position\":2,\"name\":\"Mucho para ver en el Museo Ameghino\"}]},{\"@type\":\"WebSite\",\"@id\":\"https:\\\/\\\/noticiasmercedinas.com\\\/site\\\/#website\",\"url\":\"https:\\\/\\\/noticiasmercedinas.com\\\/site\\\/\",\"name\":\"NOTICIASMERCEDINAS.COM\",\"description\":\"Mercedes, Buenos Aires, Argentina\",\"publisher\":{\"@id\":\"https:\\\/\\\/noticiasmercedinas.com\\\/site\\\/#organization\"},\"potentialAction\":[{\"@type\":\"SearchAction\",\"target\":{\"@type\":\"EntryPoint\",\"urlTemplate\":\"https:\\\/\\\/noticiasmercedinas.com\\\/site\\\/?s={search_term_string}\"},\"query-input\":{\"@type\":\"PropertyValueSpecification\",\"valueRequired\":true,\"valueName\":\"search_term_string\"}}],\"inLanguage\":\"es\"},{\"@type\":\"Organization\",\"@id\":\"https:\\\/\\\/noticiasmercedinas.com\\\/site\\\/#organization\",\"name\":\"NOTICIASMERCEDINAS.COM\",\"url\":\"https:\\\/\\\/noticiasmercedinas.com\\\/site\\\/\",\"logo\":{\"@type\":\"ImageObject\",\"inLanguage\":\"es\",\"@id\":\"https:\\\/\\\/noticiasmercedinas.com\\\/site\\\/#\\\/schema\\\/logo\\\/image\\\/\",\"url\":\"https:\\\/\\\/noticiasmercedinas.com\\\/site\\\/wp-content\\\/uploads\\\/2020\\\/06\\\/LOGO-512.jpg\",\"contentUrl\":\"https:\\\/\\\/noticiasmercedinas.com\\\/site\\\/wp-content\\\/uploads\\\/2020\\\/06\\\/LOGO-512.jpg\",\"width\":512,\"height\":512,\"caption\":\"NOTICIASMERCEDINAS.COM\"},\"image\":{\"@id\":\"https:\\\/\\\/noticiasmercedinas.com\\\/site\\\/#\\\/schema\\\/logo\\\/image\\\/\"},\"sameAs\":[\"https:\\\/\\\/www.facebook.com\\\/noticiasmercedinas\\\/\",\"https:\\\/\\\/x.com\\\/notmercedinas\",\"https:\\\/\\\/www.instagram.com\\\/noticiasmercedinas\\\/\"]},{\"@type\":\"Person\",\"@id\":\"https:\\\/\\\/noticiasmercedinas.com\\\/site\\\/#\\\/schema\\\/person\\\/d481a9696a5feaec13a60e2bbd991a6a\",\"name\":\"Cristian Falabella NOTICIASMERCEDINAS.COM\",\"image\":{\"@type\":\"ImageObject\",\"inLanguage\":\"es\",\"@id\":\"https:\\\/\\\/secure.gravatar.com\\\/avatar\\\/0dbbfc45970cc46bcd0e57766228574ff3511d6eed045b182f536f0f478c1f06?s=96&d=mm&r=g\",\"url\":\"https:\\\/\\\/secure.gravatar.com\\\/avatar\\\/0dbbfc45970cc46bcd0e57766228574ff3511d6eed045b182f536f0f478c1f06?s=96&d=mm&r=g\",\"contentUrl\":\"https:\\\/\\\/secure.gravatar.com\\\/avatar\\\/0dbbfc45970cc46bcd0e57766228574ff3511d6eed045b182f536f0f478c1f06?s=96&d=mm&r=g\",\"caption\":\"Cristian Falabella NOTICIASMERCEDINAS.COM\"},\"description\":\"Periodista, editor de Noticias Mercedinas. Pas\u00f3 por varias redacciones y emprendimientos de prensa, en distintos formatos y \u00e9pocas. Se especializ\u00f3 --y sigue haci\u00e9ndolo-- en comunicaci\u00f3n en la web y en junio de 2006 fund\u00f3 este diario digital.\",\"sameAs\":[\"https:\\\/\\\/noticiasmercedinas.com\",\"https:\\\/\\\/www.facebook.com\\\/cristian.falabella\",\"https:\\\/\\\/www.instagram.com\\\/noticiasmercedinas\\\/\",\"https:\\\/\\\/x.com\\\/https:\\\/\\\/twitter.com\\\/NOTMERCEDINAS\"],\"url\":\"https:\\\/\\\/noticiasmercedinas.com\\\/site\\\/author\\\/as000384\\\/\"}]}<\/script>\n<!-- \/ Yoast SEO plugin. -->","yoast_head_json":{"title":"Mucho para ver en el Museo Ameghino","robots":{"index":"index","follow":"follow","max-snippet":"max-snippet:-1","max-image-preview":"max-image-preview:large","max-video-preview":"max-video-preview:-1"},"canonical":"https:\/\/noticiasmercedinas.com\/site\/2018\/12\/18\/mucho-para-ver-en-el-museo-ameghino\/","og_locale":"es_ES","og_type":"article","og_title":"Mucho para ver en el Museo Ameghino","og_description":"El Museo Municipal de Ciencias Naturales Carlos Ameghino contin\u00faa optimizando y mejorando su servicio a la comunidad. Este espacio de la ciudad, gracias al aporte constante del Municipio viene sumando mejoras tanto en el plano edilicio como profesional. Durante este a\u00f1o se han incorporado dos profesionales, Mauro Aranciaga, paleont\u00f3logo y Camila Colombati, antrop\u00f3loga, quienes a [&hellip;]","og_url":"https:\/\/noticiasmercedinas.com\/site\/2018\/12\/18\/mucho-para-ver-en-el-museo-ameghino\/","og_site_name":"NOTICIASMERCEDINAS.COM","article_publisher":"https:\/\/www.facebook.com\/noticiasmercedinas\/","article_author":"https:\/\/www.facebook.com\/cristian.falabella","article_published_time":"2018-12-18T13:16:51+00:00","og_image":[{"width":915,"height":608,"url":"https:\/\/noticiasmercedinas.com\/site\/wp-content\/uploads\/2018\/12\/Museo-2.jpg","type":"image\/jpeg"}],"author":"Cristian Falabella NOTICIASMERCEDINAS.COM","twitter_card":"summary_large_image","twitter_creator":"@https:\/\/twitter.com\/NOTMERCEDINAS","twitter_site":"@notmercedinas","twitter_misc":{"Escrito por":"Cristian Falabella NOTICIASMERCEDINAS.COM","Tiempo de lectura":"2 minutos"},"schema":{"@context":"https:\/\/schema.org","@graph":[{"@type":"Article","@id":"https:\/\/noticiasmercedinas.com\/site\/2018\/12\/18\/mucho-para-ver-en-el-museo-ameghino\/#article","isPartOf":{"@id":"https:\/\/noticiasmercedinas.com\/site\/2018\/12\/18\/mucho-para-ver-en-el-museo-ameghino\/"},"author":{"name":"Cristian Falabella NOTICIASMERCEDINAS.COM","@id":"https:\/\/noticiasmercedinas.com\/site\/#\/schema\/person\/d481a9696a5feaec13a60e2bbd991a6a"},"headline":"Mucho para ver en el Museo Ameghino","datePublished":"2018-12-18T13:16:51+00:00","mainEntityOfPage":{"@id":"https:\/\/noticiasmercedinas.com\/site\/2018\/12\/18\/mucho-para-ver-en-el-museo-ameghino\/"},"wordCount":418,"commentCount":0,"publisher":{"@id":"https:\/\/noticiasmercedinas.com\/site\/#organization"},"image":{"@id":"https:\/\/noticiasmercedinas.com\/site\/2018\/12\/18\/mucho-para-ver-en-el-museo-ameghino\/#primaryimage"},"thumbnailUrl":"https:\/\/noticiasmercedinas.com\/site\/wp-content\/uploads\/2018\/12\/Museo-2.jpg","keywords":["Camila Colombati","ciencias naturales","Mauro Aranciaga","museo","museo ameghino","paleontologia"],"articleSection":["Cultura"],"inLanguage":"es","potentialAction":[{"@type":"CommentAction","name":"Comment","target":["https:\/\/noticiasmercedinas.com\/site\/2018\/12\/18\/mucho-para-ver-en-el-museo-ameghino\/#respond"]}]},{"@type":"WebPage","@id":"https:\/\/noticiasmercedinas.com\/site\/2018\/12\/18\/mucho-para-ver-en-el-museo-ameghino\/","url":"https:\/\/noticiasmercedinas.com\/site\/2018\/12\/18\/mucho-para-ver-en-el-museo-ameghino\/","name":"Mucho para ver en el Museo Ameghino","isPartOf":{"@id":"https:\/\/noticiasmercedinas.com\/site\/#website"},"primaryImageOfPage":{"@id":"https:\/\/noticiasmercedinas.com\/site\/2018\/12\/18\/mucho-para-ver-en-el-museo-ameghino\/#primaryimage"},"image":{"@id":"https:\/\/noticiasmercedinas.com\/site\/2018\/12\/18\/mucho-para-ver-en-el-museo-ameghino\/#primaryimage"},"thumbnailUrl":"https:\/\/noticiasmercedinas.com\/site\/wp-content\/uploads\/2018\/12\/Museo-2.jpg","datePublished":"2018-12-18T13:16:51+00:00","breadcrumb":{"@id":"https:\/\/noticiasmercedinas.com\/site\/2018\/12\/18\/mucho-para-ver-en-el-museo-ameghino\/#breadcrumb"},"inLanguage":"es","potentialAction":[{"@type":"ReadAction","target":["https:\/\/noticiasmercedinas.com\/site\/2018\/12\/18\/mucho-para-ver-en-el-museo-ameghino\/"]}]},{"@type":"ImageObject","inLanguage":"es","@id":"https:\/\/noticiasmercedinas.com\/site\/2018\/12\/18\/mucho-para-ver-en-el-museo-ameghino\/#primaryimage","url":"https:\/\/noticiasmercedinas.com\/site\/wp-content\/uploads\/2018\/12\/Museo-2.jpg","contentUrl":"https:\/\/noticiasmercedinas.com\/site\/wp-content\/uploads\/2018\/12\/Museo-2.jpg","width":915,"height":608},{"@type":"BreadcrumbList","@id":"https:\/\/noticiasmercedinas.com\/site\/2018\/12\/18\/mucho-para-ver-en-el-museo-ameghino\/#breadcrumb","itemListElement":[{"@type":"ListItem","position":1,"name":"Portada","item":"https:\/\/noticiasmercedinas.com\/site\/"},{"@type":"ListItem","position":2,"name":"Mucho para ver en el Museo Ameghino"}]},{"@type":"WebSite","@id":"https:\/\/noticiasmercedinas.com\/site\/#website","url":"https:\/\/noticiasmercedinas.com\/site\/","name":"NOTICIASMERCEDINAS.COM","description":"Mercedes, Buenos Aires, Argentina","publisher":{"@id":"https:\/\/noticiasmercedinas.com\/site\/#organization"},"potentialAction":[{"@type":"SearchAction","target":{"@type":"EntryPoint","urlTemplate":"https:\/\/noticiasmercedinas.com\/site\/?s={search_term_string}"},"query-input":{"@type":"PropertyValueSpecification","valueRequired":true,"valueName":"search_term_string"}}],"inLanguage":"es"},{"@type":"Organization","@id":"https:\/\/noticiasmercedinas.com\/site\/#organization","name":"NOTICIASMERCEDINAS.COM","url":"https:\/\/noticiasmercedinas.com\/site\/","logo":{"@type":"ImageObject","inLanguage":"es","@id":"https:\/\/noticiasmercedinas.com\/site\/#\/schema\/logo\/image\/","url":"https:\/\/noticiasmercedinas.com\/site\/wp-content\/uploads\/2020\/06\/LOGO-512.jpg","contentUrl":"https:\/\/noticiasmercedinas.com\/site\/wp-content\/uploads\/2020\/06\/LOGO-512.jpg","width":512,"height":512,"caption":"NOTICIASMERCEDINAS.COM"},"image":{"@id":"https:\/\/noticiasmercedinas.com\/site\/#\/schema\/logo\/image\/"},"sameAs":["https:\/\/www.facebook.com\/noticiasmercedinas\/","https:\/\/x.com\/notmercedinas","https:\/\/www.instagram.com\/noticiasmercedinas\/"]},{"@type":"Person","@id":"https:\/\/noticiasmercedinas.com\/site\/#\/schema\/person\/d481a9696a5feaec13a60e2bbd991a6a","name":"Cristian Falabella NOTICIASMERCEDINAS.COM","image":{"@type":"ImageObject","inLanguage":"es","@id":"https:\/\/secure.gravatar.com\/avatar\/0dbbfc45970cc46bcd0e57766228574ff3511d6eed045b182f536f0f478c1f06?s=96&d=mm&r=g","url":"https:\/\/secure.gravatar.com\/avatar\/0dbbfc45970cc46bcd0e57766228574ff3511d6eed045b182f536f0f478c1f06?s=96&d=mm&r=g","contentUrl":"https:\/\/secure.gravatar.com\/avatar\/0dbbfc45970cc46bcd0e57766228574ff3511d6eed045b182f536f0f478c1f06?s=96&d=mm&r=g","caption":"Cristian Falabella NOTICIASMERCEDINAS.COM"},"description":"Periodista, editor de Noticias Mercedinas. Pas\u00f3 por varias redacciones y emprendimientos de prensa, en distintos formatos y \u00e9pocas. Se especializ\u00f3 --y sigue haci\u00e9ndolo-- en comunicaci\u00f3n en la web y en junio de 2006 fund\u00f3 este diario digital.","sameAs":["https:\/\/noticiasmercedinas.com","https:\/\/www.facebook.com\/cristian.falabella","https:\/\/www.instagram.com\/noticiasmercedinas\/","https:\/\/x.com\/https:\/\/twitter.com\/NOTMERCEDINAS"],"url":"https:\/\/noticiasmercedinas.com\/site\/author\/as000384\/"}]}},"amp_enabled":true,"_links":{"self":[{"href":"https:\/\/noticiasmercedinas.com\/site\/wp-json\/wp\/v2\/posts\/9302","targetHints":{"allow":["GET"]}}],"collection":[{"href":"https:\/\/noticiasmercedinas.com\/site\/wp-json\/wp\/v2\/posts"}],"about":[{"href":"https:\/\/noticiasmercedinas.com\/site\/wp-json\/wp\/v2\/types\/post"}],"author":[{"embeddable":true,"href":"https:\/\/noticiasmercedinas.com\/site\/wp-json\/wp\/v2\/users\/2"}],"replies":[{"embeddable":true,"href":"https:\/\/noticiasmercedinas.com\/site\/wp-json\/wp\/v2\/comments?post=9302"}],"version-history":[{"count":1,"href":"https:\/\/noticiasmercedinas.com\/site\/wp-json\/wp\/v2\/posts\/9302\/revisions"}],"predecessor-version":[{"id":9304,"href":"https:\/\/noticiasmercedinas.com\/site\/wp-json\/wp\/v2\/posts\/9302\/revisions\/9304"}],"wp:featuredmedia":[{"embeddable":true,"href":"https:\/\/noticiasmercedinas.com\/site\/wp-json\/wp\/v2\/media\/9303"}],"wp:attachment":[{"href":"https:\/\/noticiasmercedinas.com\/site\/wp-json\/wp\/v2\/media?parent=9302"}],"wp:term":[{"taxonomy":"category","embeddable":true,"href":"https:\/\/noticiasmercedinas.com\/site\/wp-json\/wp\/v2\/categories?post=9302"},{"taxonomy":"post_tag","embeddable":true,"href":"https:\/\/noticiasmercedinas.com\/site\/wp-json\/wp\/v2\/tags?post=9302"}],"curies":[{"name":"wp","href":"https:\/\/api.w.org\/{rel}","templated":true}]}}