{"id":9312,"date":"2018-12-18T11:04:32","date_gmt":"2018-12-18T14:04:32","guid":{"rendered":"https:\/\/noticiasmercedinas.com\/site\/?p=9312"},"modified":"2018-12-18T11:04:32","modified_gmt":"2018-12-18T14:04:32","slug":"brindis-de-fin-de-ano-con-balance-positivo","status":"publish","type":"post","link":"https:\/\/noticiasmercedinas.com\/site\/2018\/12\/18\/brindis-de-fin-de-ano-con-balance-positivo\/","title":{"rendered":"Brindis de fin de a\u00f1o, con \u00abbalance positivo\u00bb"},"content":{"rendered":"<p><img loading=\"lazy\" decoding=\"async\" class=\"alignnone size-full wp-image-9313\" src=\"https:\/\/noticiasmercedinas.com\/site\/wp-content\/uploads\/2018\/12\/brindis-2.jpg\" alt=\"\" width=\"912\" height=\"608\" srcset=\"https:\/\/noticiasmercedinas.com\/site\/wp-content\/uploads\/2018\/12\/brindis-2.jpg 912w, https:\/\/noticiasmercedinas.com\/site\/wp-content\/uploads\/2018\/12\/brindis-2-300x200.jpg 300w, https:\/\/noticiasmercedinas.com\/site\/wp-content\/uploads\/2018\/12\/brindis-2-768x512.jpg 768w, https:\/\/noticiasmercedinas.com\/site\/wp-content\/uploads\/2018\/12\/brindis-2-640x427.jpg 640w, https:\/\/noticiasmercedinas.com\/site\/wp-content\/uploads\/2018\/12\/brindis-2-681x454.jpg 681w\" sizes=\"auto, (max-width: 912px) 100vw, 912px\" \/><\/p>\n<p>Destacando el trabajo mancomunado entre municipio, instituciones y los vecinos de la ciudad, el intendente Juan Ignacio Ustarroz realiz\u00f3 el brindis de fin de a\u00f1o.<\/p>\n<p style=\"font-weight: 400;\">En el marco de la \u201cExpo Muni\u201d, que permiti\u00f3 adem\u00e1s para los miembros de las instituciones recorrer las diferentes propuestas se concret\u00f3 el tradicional \u201cbrindis de fin de a\u00f1o\u201d<\/p>\n<p style=\"font-weight: 400;\">Ante un nutrido p\u00fablico asistente el intendente Ustarroz expres\u00f3: \u201cEn este fin de a\u00f1o que se avecina, quer\u00edamos aprovechar, una vez m\u00e1s, para invitar y saludar a todas las instituciones que tanto trabajo, esfuerzo y logros efect\u00faan por nuestra ciudad\u201d y a\u00f1adi\u00f3 que \u201cen lo personal y en nombre de todos los compa\u00f1eras y compa\u00f1eros funcionarios, estamos muy contentos con el v\u00ednculo, la forma de trabajo que durante estos tres a\u00f1os se fue generando\u201d<\/p>\n<p style=\"font-weight: 400;\">\u201cEn estos tres a\u00f1os, el balance que hacemos es positivo, donde lo que predomina es el trabajo y la apertura hacia toda la comunidad\u201d, remarc\u00f3. \u201cPrepondera la complejidad y la dificultad, todos sabemos que vivimos tiempos dif\u00edciles, pero sin embargo -yo me animar\u00eda a decir- que cada una de las instituciones presentes ha ido creciendo en estos tres a\u00f1os\u201d.<\/p>\n<p style=\"font-weight: 400;\">En ese sentido, el intendente Juan Ignacio Ustarroz sostuvo: \u201cCrecieron gracias al impulso, al esfuerzo de las instituciones y al acompa\u00f1amiento del Municipio y el pueblo. En esta sinergia que se va generando entre el Estado, la sociedad civil y las instituciones, creo que se va avanzando a paso firme y sostenido\u201d.<\/p>\n<p style=\"font-weight: 400;\">\u201cEs nuestro deseo que este trabajo se transforme en pol\u00edticas p\u00fablicas de mediano y largo plazo, donde podamos seguir aunando esfuerzos e ir mejorando esta perspectiva. Porque cuando uno ve lo que hemos logrado todos juntos, donde se cruzan acciones, hechos y realidades concretas, no podemos dejar de sentir orgullo\u201d, expres\u00f3 luego.<\/p>\n<p style=\"font-weight: 400;\">\u201cQueremos proponer un brindis por el trabajo, la unidad de nuestro pueblo, pensando y acompa\u00f1ando a cada una de nuestras instituciones, levantando la bandera de la solidaridad, igualdad, inclusi\u00f3n, para que todos asumamos cada vez m\u00e1s este compromiso de que a la ciudad la construimos y hacemos entre todos\u201d recalc\u00f3 el intendente Ustarroz.<\/p>\n<p><img loading=\"lazy\" decoding=\"async\" class=\"alignnone size-full wp-image-9314\" src=\"https:\/\/noticiasmercedinas.com\/site\/wp-content\/uploads\/2018\/12\/Brindis-1.jpg\" alt=\"\" width=\"912\" height=\"608\" srcset=\"https:\/\/noticiasmercedinas.com\/site\/wp-content\/uploads\/2018\/12\/Brindis-1.jpg 912w, https:\/\/noticiasmercedinas.com\/site\/wp-content\/uploads\/2018\/12\/Brindis-1-300x200.jpg 300w, https:\/\/noticiasmercedinas.com\/site\/wp-content\/uploads\/2018\/12\/Brindis-1-768x512.jpg 768w, https:\/\/noticiasmercedinas.com\/site\/wp-content\/uploads\/2018\/12\/Brindis-1-640x427.jpg 640w, https:\/\/noticiasmercedinas.com\/site\/wp-content\/uploads\/2018\/12\/Brindis-1-681x454.jpg 681w\" sizes=\"auto, (max-width: 912px) 100vw, 912px\" \/><\/p>\n<p style=\"font-weight: 400;\">\n","protected":false},"excerpt":{"rendered":"<p>Destacando el trabajo mancomunado entre municipio, instituciones y los vecinos de la ciudad, el intendente Juan Ignacio Ustarroz realiz\u00f3 el brindis de fin de a\u00f1o. En el marco de la \u201cExpo Muni\u201d, que permiti\u00f3 adem\u00e1s para los miembros de las instituciones recorrer las diferentes propuestas se concret\u00f3 el tradicional \u201cbrindis de fin de a\u00f1o\u201d Ante [&hellip;]<\/p>\n","protected":false},"author":2,"featured_media":9313,"comment_status":"open","ping_status":"open","sticky":false,"template":"","format":"standard","meta":{"footnotes":""},"categories":[3],"tags":[2932,2880,2774,266],"class_list":["post-9312","post","type-post","status-publish","format-standard","has-post-thumbnail","hentry","category-sociedad","tag-brindis","tag-cierre-de-ano","tag-expo-muni","tag-juan-ignacio-ustarroz"],"yoast_head":"<!-- This site is optimized with the Yoast SEO plugin v27.4 - https:\/\/yoast.com\/product\/yoast-seo-wordpress\/ -->\n<title>Brindis de fin de a\u00f1o, con &quot;balance positivo&quot;<\/title>\n<meta name=\"robots\" content=\"index, follow, max-snippet:-1, max-image-preview:large, max-video-preview:-1\" \/>\n<link rel=\"canonical\" href=\"https:\/\/noticiasmercedinas.com\/site\/2018\/12\/18\/brindis-de-fin-de-ano-con-balance-positivo\/\" \/>\n<meta property=\"og:locale\" content=\"es_ES\" \/>\n<meta property=\"og:type\" content=\"article\" \/>\n<meta property=\"og:title\" content=\"Brindis de fin de a\u00f1o, con &quot;balance positivo&quot;\" \/>\n<meta property=\"og:description\" content=\"Destacando el trabajo mancomunado entre municipio, instituciones y los vecinos de la ciudad, el intendente Juan Ignacio Ustarroz realiz\u00f3 el brindis de fin de a\u00f1o. En el marco de la \u201cExpo Muni\u201d, que permiti\u00f3 adem\u00e1s para los miembros de las instituciones recorrer las diferentes propuestas se concret\u00f3 el tradicional \u201cbrindis de fin de a\u00f1o\u201d Ante [&hellip;]\" \/>\n<meta property=\"og:url\" content=\"https:\/\/noticiasmercedinas.com\/site\/2018\/12\/18\/brindis-de-fin-de-ano-con-balance-positivo\/\" \/>\n<meta property=\"og:site_name\" content=\"NOTICIASMERCEDINAS.COM\" \/>\n<meta property=\"article:publisher\" content=\"https:\/\/www.facebook.com\/noticiasmercedinas\/\" \/>\n<meta property=\"article:author\" content=\"https:\/\/www.facebook.com\/cristian.falabella\" \/>\n<meta property=\"article:published_time\" content=\"2018-12-18T14:04:32+00:00\" \/>\n<meta property=\"og:image\" content=\"https:\/\/noticiasmercedinas.com\/site\/wp-content\/uploads\/2018\/12\/brindis-2.jpg\" \/>\n\t<meta property=\"og:image:width\" content=\"912\" \/>\n\t<meta property=\"og:image:height\" content=\"608\" \/>\n\t<meta property=\"og:image:type\" content=\"image\/jpeg\" \/>\n<meta name=\"author\" content=\"Cristian Falabella NOTICIASMERCEDINAS.COM\" \/>\n<meta name=\"twitter:card\" content=\"summary_large_image\" \/>\n<meta name=\"twitter:creator\" content=\"@https:\/\/twitter.com\/NOTMERCEDINAS\" \/>\n<meta name=\"twitter:site\" content=\"@notmercedinas\" \/>\n<meta name=\"twitter:label1\" content=\"Escrito por\" \/>\n\t<meta name=\"twitter:data1\" content=\"Cristian Falabella NOTICIASMERCEDINAS.COM\" \/>\n\t<meta name=\"twitter:label2\" content=\"Tiempo de lectura\" \/>\n\t<meta name=\"twitter:data2\" content=\"2 minutos\" \/>\n<script type=\"application\/ld+json\" class=\"yoast-schema-graph\">{\"@context\":\"https:\\\/\\\/schema.org\",\"@graph\":[{\"@type\":\"Article\",\"@id\":\"https:\\\/\\\/noticiasmercedinas.com\\\/site\\\/2018\\\/12\\\/18\\\/brindis-de-fin-de-ano-con-balance-positivo\\\/#article\",\"isPartOf\":{\"@id\":\"https:\\\/\\\/noticiasmercedinas.com\\\/site\\\/2018\\\/12\\\/18\\\/brindis-de-fin-de-ano-con-balance-positivo\\\/\"},\"author\":{\"name\":\"Cristian Falabella NOTICIASMERCEDINAS.COM\",\"@id\":\"https:\\\/\\\/noticiasmercedinas.com\\\/site\\\/#\\\/schema\\\/person\\\/d481a9696a5feaec13a60e2bbd991a6a\"},\"headline\":\"Brindis de fin de a\u00f1o, con \u00abbalance positivo\u00bb\",\"datePublished\":\"2018-12-18T14:04:32+00:00\",\"mainEntityOfPage\":{\"@id\":\"https:\\\/\\\/noticiasmercedinas.com\\\/site\\\/2018\\\/12\\\/18\\\/brindis-de-fin-de-ano-con-balance-positivo\\\/\"},\"wordCount\":376,\"commentCount\":0,\"publisher\":{\"@id\":\"https:\\\/\\\/noticiasmercedinas.com\\\/site\\\/#organization\"},\"image\":{\"@id\":\"https:\\\/\\\/noticiasmercedinas.com\\\/site\\\/2018\\\/12\\\/18\\\/brindis-de-fin-de-ano-con-balance-positivo\\\/#primaryimage\"},\"thumbnailUrl\":\"https:\\\/\\\/noticiasmercedinas.com\\\/site\\\/wp-content\\\/uploads\\\/2018\\\/12\\\/brindis-2.jpg\",\"keywords\":[\"brindis\",\"cierre de a\u00f1o\",\"expo muni\",\"juan ignacio ustarroz\"],\"articleSection\":[\"Sociedad\"],\"inLanguage\":\"es\",\"potentialAction\":[{\"@type\":\"CommentAction\",\"name\":\"Comment\",\"target\":[\"https:\\\/\\\/noticiasmercedinas.com\\\/site\\\/2018\\\/12\\\/18\\\/brindis-de-fin-de-ano-con-balance-positivo\\\/#respond\"]}]},{\"@type\":\"WebPage\",\"@id\":\"https:\\\/\\\/noticiasmercedinas.com\\\/site\\\/2018\\\/12\\\/18\\\/brindis-de-fin-de-ano-con-balance-positivo\\\/\",\"url\":\"https:\\\/\\\/noticiasmercedinas.com\\\/site\\\/2018\\\/12\\\/18\\\/brindis-de-fin-de-ano-con-balance-positivo\\\/\",\"name\":\"Brindis de fin de a\u00f1o, con \\\"balance positivo\\\"\",\"isPartOf\":{\"@id\":\"https:\\\/\\\/noticiasmercedinas.com\\\/site\\\/#website\"},\"primaryImageOfPage\":{\"@id\":\"https:\\\/\\\/noticiasmercedinas.com\\\/site\\\/2018\\\/12\\\/18\\\/brindis-de-fin-de-ano-con-balance-positivo\\\/#primaryimage\"},\"image\":{\"@id\":\"https:\\\/\\\/noticiasmercedinas.com\\\/site\\\/2018\\\/12\\\/18\\\/brindis-de-fin-de-ano-con-balance-positivo\\\/#primaryimage\"},\"thumbnailUrl\":\"https:\\\/\\\/noticiasmercedinas.com\\\/site\\\/wp-content\\\/uploads\\\/2018\\\/12\\\/brindis-2.jpg\",\"datePublished\":\"2018-12-18T14:04:32+00:00\",\"breadcrumb\":{\"@id\":\"https:\\\/\\\/noticiasmercedinas.com\\\/site\\\/2018\\\/12\\\/18\\\/brindis-de-fin-de-ano-con-balance-positivo\\\/#breadcrumb\"},\"inLanguage\":\"es\",\"potentialAction\":[{\"@type\":\"ReadAction\",\"target\":[\"https:\\\/\\\/noticiasmercedinas.com\\\/site\\\/2018\\\/12\\\/18\\\/brindis-de-fin-de-ano-con-balance-positivo\\\/\"]}]},{\"@type\":\"ImageObject\",\"inLanguage\":\"es\",\"@id\":\"https:\\\/\\\/noticiasmercedinas.com\\\/site\\\/2018\\\/12\\\/18\\\/brindis-de-fin-de-ano-con-balance-positivo\\\/#primaryimage\",\"url\":\"https:\\\/\\\/noticiasmercedinas.com\\\/site\\\/wp-content\\\/uploads\\\/2018\\\/12\\\/brindis-2.jpg\",\"contentUrl\":\"https:\\\/\\\/noticiasmercedinas.com\\\/site\\\/wp-content\\\/uploads\\\/2018\\\/12\\\/brindis-2.jpg\",\"width\":912,\"height\":608},{\"@type\":\"BreadcrumbList\",\"@id\":\"https:\\\/\\\/noticiasmercedinas.com\\\/site\\\/2018\\\/12\\\/18\\\/brindis-de-fin-de-ano-con-balance-positivo\\\/#breadcrumb\",\"itemListElement\":[{\"@type\":\"ListItem\",\"position\":1,\"name\":\"Portada\",\"item\":\"https:\\\/\\\/noticiasmercedinas.com\\\/site\\\/\"},{\"@type\":\"ListItem\",\"position\":2,\"name\":\"Brindis de fin de a\u00f1o, con \u00abbalance positivo\u00bb\"}]},{\"@type\":\"WebSite\",\"@id\":\"https:\\\/\\\/noticiasmercedinas.com\\\/site\\\/#website\",\"url\":\"https:\\\/\\\/noticiasmercedinas.com\\\/site\\\/\",\"name\":\"NOTICIASMERCEDINAS.COM\",\"description\":\"Mercedes, Buenos Aires, Argentina\",\"publisher\":{\"@id\":\"https:\\\/\\\/noticiasmercedinas.com\\\/site\\\/#organization\"},\"potentialAction\":[{\"@type\":\"SearchAction\",\"target\":{\"@type\":\"EntryPoint\",\"urlTemplate\":\"https:\\\/\\\/noticiasmercedinas.com\\\/site\\\/?s={search_term_string}\"},\"query-input\":{\"@type\":\"PropertyValueSpecification\",\"valueRequired\":true,\"valueName\":\"search_term_string\"}}],\"inLanguage\":\"es\"},{\"@type\":\"Organization\",\"@id\":\"https:\\\/\\\/noticiasmercedinas.com\\\/site\\\/#organization\",\"name\":\"NOTICIASMERCEDINAS.COM\",\"url\":\"https:\\\/\\\/noticiasmercedinas.com\\\/site\\\/\",\"logo\":{\"@type\":\"ImageObject\",\"inLanguage\":\"es\",\"@id\":\"https:\\\/\\\/noticiasmercedinas.com\\\/site\\\/#\\\/schema\\\/logo\\\/image\\\/\",\"url\":\"https:\\\/\\\/noticiasmercedinas.com\\\/site\\\/wp-content\\\/uploads\\\/2020\\\/06\\\/LOGO-512.jpg\",\"contentUrl\":\"https:\\\/\\\/noticiasmercedinas.com\\\/site\\\/wp-content\\\/uploads\\\/2020\\\/06\\\/LOGO-512.jpg\",\"width\":512,\"height\":512,\"caption\":\"NOTICIASMERCEDINAS.COM\"},\"image\":{\"@id\":\"https:\\\/\\\/noticiasmercedinas.com\\\/site\\\/#\\\/schema\\\/logo\\\/image\\\/\"},\"sameAs\":[\"https:\\\/\\\/www.facebook.com\\\/noticiasmercedinas\\\/\",\"https:\\\/\\\/x.com\\\/notmercedinas\",\"https:\\\/\\\/www.instagram.com\\\/noticiasmercedinas\\\/\"]},{\"@type\":\"Person\",\"@id\":\"https:\\\/\\\/noticiasmercedinas.com\\\/site\\\/#\\\/schema\\\/person\\\/d481a9696a5feaec13a60e2bbd991a6a\",\"name\":\"Cristian Falabella NOTICIASMERCEDINAS.COM\",\"image\":{\"@type\":\"ImageObject\",\"inLanguage\":\"es\",\"@id\":\"https:\\\/\\\/secure.gravatar.com\\\/avatar\\\/0dbbfc45970cc46bcd0e57766228574ff3511d6eed045b182f536f0f478c1f06?s=96&d=mm&r=g\",\"url\":\"https:\\\/\\\/secure.gravatar.com\\\/avatar\\\/0dbbfc45970cc46bcd0e57766228574ff3511d6eed045b182f536f0f478c1f06?s=96&d=mm&r=g\",\"contentUrl\":\"https:\\\/\\\/secure.gravatar.com\\\/avatar\\\/0dbbfc45970cc46bcd0e57766228574ff3511d6eed045b182f536f0f478c1f06?s=96&d=mm&r=g\",\"caption\":\"Cristian Falabella NOTICIASMERCEDINAS.COM\"},\"description\":\"Periodista, editor de Noticias Mercedinas. Pas\u00f3 por varias redacciones y emprendimientos de prensa, en distintos formatos y \u00e9pocas. Se especializ\u00f3 --y sigue haci\u00e9ndolo-- en comunicaci\u00f3n en la web y en junio de 2006 fund\u00f3 este diario digital.\",\"sameAs\":[\"https:\\\/\\\/noticiasmercedinas.com\",\"https:\\\/\\\/www.facebook.com\\\/cristian.falabella\",\"https:\\\/\\\/www.instagram.com\\\/noticiasmercedinas\\\/\",\"https:\\\/\\\/x.com\\\/https:\\\/\\\/twitter.com\\\/NOTMERCEDINAS\"],\"url\":\"https:\\\/\\\/noticiasmercedinas.com\\\/site\\\/author\\\/as000384\\\/\"}]}<\/script>\n<!-- \/ Yoast SEO plugin. -->","yoast_head_json":{"title":"Brindis de fin de a\u00f1o, con \"balance positivo\"","robots":{"index":"index","follow":"follow","max-snippet":"max-snippet:-1","max-image-preview":"max-image-preview:large","max-video-preview":"max-video-preview:-1"},"canonical":"https:\/\/noticiasmercedinas.com\/site\/2018\/12\/18\/brindis-de-fin-de-ano-con-balance-positivo\/","og_locale":"es_ES","og_type":"article","og_title":"Brindis de fin de a\u00f1o, con \"balance positivo\"","og_description":"Destacando el trabajo mancomunado entre municipio, instituciones y los vecinos de la ciudad, el intendente Juan Ignacio Ustarroz realiz\u00f3 el brindis de fin de a\u00f1o. En el marco de la \u201cExpo Muni\u201d, que permiti\u00f3 adem\u00e1s para los miembros de las instituciones recorrer las diferentes propuestas se concret\u00f3 el tradicional \u201cbrindis de fin de a\u00f1o\u201d Ante [&hellip;]","og_url":"https:\/\/noticiasmercedinas.com\/site\/2018\/12\/18\/brindis-de-fin-de-ano-con-balance-positivo\/","og_site_name":"NOTICIASMERCEDINAS.COM","article_publisher":"https:\/\/www.facebook.com\/noticiasmercedinas\/","article_author":"https:\/\/www.facebook.com\/cristian.falabella","article_published_time":"2018-12-18T14:04:32+00:00","og_image":[{"width":912,"height":608,"url":"https:\/\/noticiasmercedinas.com\/site\/wp-content\/uploads\/2018\/12\/brindis-2.jpg","type":"image\/jpeg"}],"author":"Cristian Falabella NOTICIASMERCEDINAS.COM","twitter_card":"summary_large_image","twitter_creator":"@https:\/\/twitter.com\/NOTMERCEDINAS","twitter_site":"@notmercedinas","twitter_misc":{"Escrito por":"Cristian Falabella NOTICIASMERCEDINAS.COM","Tiempo de lectura":"2 minutos"},"schema":{"@context":"https:\/\/schema.org","@graph":[{"@type":"Article","@id":"https:\/\/noticiasmercedinas.com\/site\/2018\/12\/18\/brindis-de-fin-de-ano-con-balance-positivo\/#article","isPartOf":{"@id":"https:\/\/noticiasmercedinas.com\/site\/2018\/12\/18\/brindis-de-fin-de-ano-con-balance-positivo\/"},"author":{"name":"Cristian Falabella NOTICIASMERCEDINAS.COM","@id":"https:\/\/noticiasmercedinas.com\/site\/#\/schema\/person\/d481a9696a5feaec13a60e2bbd991a6a"},"headline":"Brindis de fin de a\u00f1o, con \u00abbalance positivo\u00bb","datePublished":"2018-12-18T14:04:32+00:00","mainEntityOfPage":{"@id":"https:\/\/noticiasmercedinas.com\/site\/2018\/12\/18\/brindis-de-fin-de-ano-con-balance-positivo\/"},"wordCount":376,"commentCount":0,"publisher":{"@id":"https:\/\/noticiasmercedinas.com\/site\/#organization"},"image":{"@id":"https:\/\/noticiasmercedinas.com\/site\/2018\/12\/18\/brindis-de-fin-de-ano-con-balance-positivo\/#primaryimage"},"thumbnailUrl":"https:\/\/noticiasmercedinas.com\/site\/wp-content\/uploads\/2018\/12\/brindis-2.jpg","keywords":["brindis","cierre de a\u00f1o","expo muni","juan ignacio ustarroz"],"articleSection":["Sociedad"],"inLanguage":"es","potentialAction":[{"@type":"CommentAction","name":"Comment","target":["https:\/\/noticiasmercedinas.com\/site\/2018\/12\/18\/brindis-de-fin-de-ano-con-balance-positivo\/#respond"]}]},{"@type":"WebPage","@id":"https:\/\/noticiasmercedinas.com\/site\/2018\/12\/18\/brindis-de-fin-de-ano-con-balance-positivo\/","url":"https:\/\/noticiasmercedinas.com\/site\/2018\/12\/18\/brindis-de-fin-de-ano-con-balance-positivo\/","name":"Brindis de fin de a\u00f1o, con \"balance positivo\"","isPartOf":{"@id":"https:\/\/noticiasmercedinas.com\/site\/#website"},"primaryImageOfPage":{"@id":"https:\/\/noticiasmercedinas.com\/site\/2018\/12\/18\/brindis-de-fin-de-ano-con-balance-positivo\/#primaryimage"},"image":{"@id":"https:\/\/noticiasmercedinas.com\/site\/2018\/12\/18\/brindis-de-fin-de-ano-con-balance-positivo\/#primaryimage"},"thumbnailUrl":"https:\/\/noticiasmercedinas.com\/site\/wp-content\/uploads\/2018\/12\/brindis-2.jpg","datePublished":"2018-12-18T14:04:32+00:00","breadcrumb":{"@id":"https:\/\/noticiasmercedinas.com\/site\/2018\/12\/18\/brindis-de-fin-de-ano-con-balance-positivo\/#breadcrumb"},"inLanguage":"es","potentialAction":[{"@type":"ReadAction","target":["https:\/\/noticiasmercedinas.com\/site\/2018\/12\/18\/brindis-de-fin-de-ano-con-balance-positivo\/"]}]},{"@type":"ImageObject","inLanguage":"es","@id":"https:\/\/noticiasmercedinas.com\/site\/2018\/12\/18\/brindis-de-fin-de-ano-con-balance-positivo\/#primaryimage","url":"https:\/\/noticiasmercedinas.com\/site\/wp-content\/uploads\/2018\/12\/brindis-2.jpg","contentUrl":"https:\/\/noticiasmercedinas.com\/site\/wp-content\/uploads\/2018\/12\/brindis-2.jpg","width":912,"height":608},{"@type":"BreadcrumbList","@id":"https:\/\/noticiasmercedinas.com\/site\/2018\/12\/18\/brindis-de-fin-de-ano-con-balance-positivo\/#breadcrumb","itemListElement":[{"@type":"ListItem","position":1,"name":"Portada","item":"https:\/\/noticiasmercedinas.com\/site\/"},{"@type":"ListItem","position":2,"name":"Brindis de fin de a\u00f1o, con \u00abbalance positivo\u00bb"}]},{"@type":"WebSite","@id":"https:\/\/noticiasmercedinas.com\/site\/#website","url":"https:\/\/noticiasmercedinas.com\/site\/","name":"NOTICIASMERCEDINAS.COM","description":"Mercedes, Buenos Aires, Argentina","publisher":{"@id":"https:\/\/noticiasmercedinas.com\/site\/#organization"},"potentialAction":[{"@type":"SearchAction","target":{"@type":"EntryPoint","urlTemplate":"https:\/\/noticiasmercedinas.com\/site\/?s={search_term_string}"},"query-input":{"@type":"PropertyValueSpecification","valueRequired":true,"valueName":"search_term_string"}}],"inLanguage":"es"},{"@type":"Organization","@id":"https:\/\/noticiasmercedinas.com\/site\/#organization","name":"NOTICIASMERCEDINAS.COM","url":"https:\/\/noticiasmercedinas.com\/site\/","logo":{"@type":"ImageObject","inLanguage":"es","@id":"https:\/\/noticiasmercedinas.com\/site\/#\/schema\/logo\/image\/","url":"https:\/\/noticiasmercedinas.com\/site\/wp-content\/uploads\/2020\/06\/LOGO-512.jpg","contentUrl":"https:\/\/noticiasmercedinas.com\/site\/wp-content\/uploads\/2020\/06\/LOGO-512.jpg","width":512,"height":512,"caption":"NOTICIASMERCEDINAS.COM"},"image":{"@id":"https:\/\/noticiasmercedinas.com\/site\/#\/schema\/logo\/image\/"},"sameAs":["https:\/\/www.facebook.com\/noticiasmercedinas\/","https:\/\/x.com\/notmercedinas","https:\/\/www.instagram.com\/noticiasmercedinas\/"]},{"@type":"Person","@id":"https:\/\/noticiasmercedinas.com\/site\/#\/schema\/person\/d481a9696a5feaec13a60e2bbd991a6a","name":"Cristian Falabella NOTICIASMERCEDINAS.COM","image":{"@type":"ImageObject","inLanguage":"es","@id":"https:\/\/secure.gravatar.com\/avatar\/0dbbfc45970cc46bcd0e57766228574ff3511d6eed045b182f536f0f478c1f06?s=96&d=mm&r=g","url":"https:\/\/secure.gravatar.com\/avatar\/0dbbfc45970cc46bcd0e57766228574ff3511d6eed045b182f536f0f478c1f06?s=96&d=mm&r=g","contentUrl":"https:\/\/secure.gravatar.com\/avatar\/0dbbfc45970cc46bcd0e57766228574ff3511d6eed045b182f536f0f478c1f06?s=96&d=mm&r=g","caption":"Cristian Falabella NOTICIASMERCEDINAS.COM"},"description":"Periodista, editor de Noticias Mercedinas. Pas\u00f3 por varias redacciones y emprendimientos de prensa, en distintos formatos y \u00e9pocas. Se especializ\u00f3 --y sigue haci\u00e9ndolo-- en comunicaci\u00f3n en la web y en junio de 2006 fund\u00f3 este diario digital.","sameAs":["https:\/\/noticiasmercedinas.com","https:\/\/www.facebook.com\/cristian.falabella","https:\/\/www.instagram.com\/noticiasmercedinas\/","https:\/\/x.com\/https:\/\/twitter.com\/NOTMERCEDINAS"],"url":"https:\/\/noticiasmercedinas.com\/site\/author\/as000384\/"}]}},"amp_enabled":true,"_links":{"self":[{"href":"https:\/\/noticiasmercedinas.com\/site\/wp-json\/wp\/v2\/posts\/9312","targetHints":{"allow":["GET"]}}],"collection":[{"href":"https:\/\/noticiasmercedinas.com\/site\/wp-json\/wp\/v2\/posts"}],"about":[{"href":"https:\/\/noticiasmercedinas.com\/site\/wp-json\/wp\/v2\/types\/post"}],"author":[{"embeddable":true,"href":"https:\/\/noticiasmercedinas.com\/site\/wp-json\/wp\/v2\/users\/2"}],"replies":[{"embeddable":true,"href":"https:\/\/noticiasmercedinas.com\/site\/wp-json\/wp\/v2\/comments?post=9312"}],"version-history":[{"count":1,"href":"https:\/\/noticiasmercedinas.com\/site\/wp-json\/wp\/v2\/posts\/9312\/revisions"}],"predecessor-version":[{"id":9315,"href":"https:\/\/noticiasmercedinas.com\/site\/wp-json\/wp\/v2\/posts\/9312\/revisions\/9315"}],"wp:featuredmedia":[{"embeddable":true,"href":"https:\/\/noticiasmercedinas.com\/site\/wp-json\/wp\/v2\/media\/9313"}],"wp:attachment":[{"href":"https:\/\/noticiasmercedinas.com\/site\/wp-json\/wp\/v2\/media?parent=9312"}],"wp:term":[{"taxonomy":"category","embeddable":true,"href":"https:\/\/noticiasmercedinas.com\/site\/wp-json\/wp\/v2\/categories?post=9312"},{"taxonomy":"post_tag","embeddable":true,"href":"https:\/\/noticiasmercedinas.com\/site\/wp-json\/wp\/v2\/tags?post=9312"}],"curies":[{"name":"wp","href":"https:\/\/api.w.org\/{rel}","templated":true}]}}