{"id":93421,"date":"2022-06-20T11:01:13","date_gmt":"2022-06-20T14:01:13","guid":{"rendered":"https:\/\/noticiasmercedinas.com\/site\/?p=93421"},"modified":"2022-06-20T11:01:13","modified_gmt":"2022-06-20T14:01:13","slug":"se-registran-mas-casos-de-tendinitis-en-pulgares-contracturas-y-problemas-de-columna","status":"publish","type":"post","link":"https:\/\/noticiasmercedinas.com\/site\/2022\/06\/20\/se-registran-mas-casos-de-tendinitis-en-pulgares-contracturas-y-problemas-de-columna\/","title":{"rendered":"Se registran m\u00e1s casos de tendinitis en pulgares, contracturas y problemas de columna"},"content":{"rendered":"<p><img loading=\"lazy\" decoding=\"async\" class=\"alignnone wp-image-93424\" src=\"https:\/\/noticiasmercedinas.com\/site\/wp-content\/uploads\/2022\/06\/02d60180-bcf0-4650-9f6c-8de54b56ffaf.jpg\" alt=\"\" width=\"640\" height=\"481\" srcset=\"https:\/\/noticiasmercedinas.com\/site\/wp-content\/uploads\/2022\/06\/02d60180-bcf0-4650-9f6c-8de54b56ffaf.jpg 414w, https:\/\/noticiasmercedinas.com\/site\/wp-content\/uploads\/2022\/06\/02d60180-bcf0-4650-9f6c-8de54b56ffaf-300x225.jpg 300w, https:\/\/noticiasmercedinas.com\/site\/wp-content\/uploads\/2022\/06\/02d60180-bcf0-4650-9f6c-8de54b56ffaf-80x60.jpg 80w, https:\/\/noticiasmercedinas.com\/site\/wp-content\/uploads\/2022\/06\/02d60180-bcf0-4650-9f6c-8de54b56ffaf-160x120.jpg 160w, https:\/\/noticiasmercedinas.com\/site\/wp-content\/uploads\/2022\/06\/02d60180-bcf0-4650-9f6c-8de54b56ffaf-100x75.jpg 100w, https:\/\/noticiasmercedinas.com\/site\/wp-content\/uploads\/2022\/06\/02d60180-bcf0-4650-9f6c-8de54b56ffaf-200x150.jpg 200w, https:\/\/noticiasmercedinas.com\/site\/wp-content\/uploads\/2022\/06\/02d60180-bcf0-4650-9f6c-8de54b56ffaf-180x135.jpg 180w, https:\/\/noticiasmercedinas.com\/site\/wp-content\/uploads\/2022\/06\/02d60180-bcf0-4650-9f6c-8de54b56ffaf-360x270.jpg 360w, https:\/\/noticiasmercedinas.com\/site\/wp-content\/uploads\/2022\/06\/02d60180-bcf0-4650-9f6c-8de54b56ffaf-238x178.jpg 238w\" sizes=\"auto, (max-width: 640px) 100vw, 640px\" \/><\/p>\n<p>Por el trabajo desde casa, los kinesi\u00f3logos registran m\u00e1s casos de tendinitis en los pulgares, contracturas y problemas de columna.<\/p>\n<p>Estas afecciones se agravaron con la pandemia y la permanencia en casa por las cuarentenas. Pero era una tendencia que ven\u00eda en crecimiento. Los kinesi\u00f3logos recomiendan tips para el uso adecuado de dispositivos (<a href=\"https:\/\/www.dekhnews.com\/using-bitcoin-as-good-gift-things-to-know\/\">www.dekhnews.com<\/a>)<\/p>\n<p>El uso excesivo de dispositivos electr\u00f3nicos genera cada vez m\u00e1s trastornos musculares y visuales. Seg\u00fan coinciden los kinesi\u00f3logos especialistas en este tipo de lesiones este cuadro se agrav\u00f3 desde el inicio de la pandemia de Covid y eso se refleja en un incremento en las consultas por tendinitis, contracturas, aumento de las miop\u00edas y problemas posturales derivados de esa deficiencia visual.<\/p>\n<p>\u201cLa llegada del zoom, meet, clases virtuales y videollamadas, fue una gran soluci\u00f3n en los momentos m\u00e1s complicados de la pandemia, aunque tambi\u00e9n determin\u00f3 consecuencias mayores en los ojos y no solo en la vista (con aumentos de miop\u00eda), sino tambi\u00e9n en problemas posturales que la disfunci\u00f3n de los ojos acarrea. El exceso en la exposici\u00f3n a pantallas gener\u00f3 aumento de consultas por lesiones miotendinosas. Las contracturas y las tendinitis, estuvieron a la orden del d\u00eda, por la excesiva exposici\u00f3n a dispositivos\u201d, asegur\u00f3 Daniela Lilian Adamini, Licenciada en kinesiolog\u00eda; especialista en Osteopat\u00eda, Posturolog\u00eda y Entrenamiento Visual , e integrante del Colegio de Kinesi\u00f3logos de la provincia de Buenos Aires (CoKiBA).<\/p>\n<p>En marzo de 2020 se conoci\u00f3 el primer caso de infecci\u00f3n por COVID y en pocos d\u00edas se precipit\u00f3 una pandemia que incluy\u00f3 aislamiento total de la poblaci\u00f3n por varios meses, suspensi\u00f3n de actividades escolares, culturales y sociales. Con el resguardo \u201cdentro de los hogares\u201d, el uso de la tecnolog\u00eda creci\u00f3 r\u00e1pidamente no s\u00f3lo para cubrir las ocupaciones laborales remotas, sino tambi\u00e9n como distracci\u00f3n en los momentos de encierro. Pero casi imperceptiblemente y en muchos casos, la utilizaci\u00f3n excesiva de los dispositivos termin\u00f3 complicando otras aristas en la salud.<\/p>\n<p>La profesional, adem\u00e1s Vicepresidente de la Asociaci\u00f3n de Posturolog\u00eda Argentina (APA), aclar\u00f3 que cuando habla de dispositivos no s\u00f3lo se refiere a computadoras o tablets. \u201cTenemos una pantalla m\u00e1s peque\u00f1a y m\u00e1s nociva como el celular. De a poco fuimos haci\u00e9ndonos dependientes de este peque\u00f1o y aparentemente inocente aparato, hasta que se convirti\u00f3 para muchos, en una extensi\u00f3n de su propio cuerpo. Y con \u00e9l, aumentaron las rizartrosis del pulgar, tendinitis de ese dedo, cervicalgias y dorsalgias\u2019\u2019.<\/p>\n<p>Es el efecto \u00abwhatsappitis\u00bb: secuelas de la adicci\u00f3n a esa y otras plataformas de comunicaci\u00f3n virtual desde el celular. Y por una utilizaci\u00f3n de manera incorrecta.<\/p>\n<p>\u00abSon muy pocos los que usan el dispositivo correctamente acerc\u00e1ndolo a la cara. Por el contrario, lo m\u00e1s com\u00fan y claramente menos saludable, es ver como la cabeza se lleva en flexi\u00f3n para acercar la vista al celular, incrementando notablemente el peso que las cervicales deben soportar\u201d, explic\u00f3 Adamini.<\/p>\n<p>En los \u00faltimos meses, en los consultorios y centros de kinesiolog\u00eda aumentaron las visitas de adolescentes estudiantes, o adultos que trabajan desde casa bajo modalidad home office. \u201cTantas horas sentados, sumado a la disminuci\u00f3n de actividad f\u00edsica, generaron un incremento de lesiones vinculadas al sedentarismo, como el acortamientos de cadenas musculares, lumbalgias, cervicalgias, dorsalgias, que se asocian a la mala postura extendida en el tiempo frente a las pantallas. Tambi\u00e9n fallas circulatorias, principalmente en miembros inferiores, cefaleas, y estre\u00f1imiento, que son otros s\u00edntomas que podemos asociar al mismo factor\u201d, aclar\u00f3 la integrante de CoKiBA.<\/p>\n<p>\u00bfC\u00f3mo se asocia la kinesiolog\u00eda a problemas en la vista?. Seg\u00fan Adamini, \u201ca\u00f1os atr\u00e1s era raro ver a un ni\u00f1o con lentes. Actualmente, lo raro es encontrar un sal\u00f3n escolar sin alumnos con anteojos. Evidentemente el uso de tecnolog\u00eda desde tan temprana edad, contribuye en la afecci\u00f3n de la vista de nuestros ni\u00f1os, que en muchos casos derivan en miop\u00eda. Pero el exceso de pantallas no solo perjudica la vista por abuso de visi\u00f3n cercana, tambi\u00e9n llegan pacientes con rizartrosis del pulgar, tendinitis, cervicobraquialgias, dorsalgias, cefaleas y lumbalgias\u00bb, agreg\u00f3 la especialista.<\/p>\n<p>Pero adem\u00e1s, la persistencia de esa situaci\u00f3n an\u00f3mala ocasiona m\u00e1s inconvenientes a la salud. \u00abLo que comienza con una molestia por contractura y sobreuso muscular, si no es tratado a tiempo, se convierte en tendinitis, y con el tiempo, el mal uso del cuerpo termina llevando a desgarros. Por eso es importante la intervenci\u00f3n temprana, no solo tratando el s\u00edntoma, sino la causa. Muchas veces la causa tiene que ver con malos h\u00e1bitos ergon\u00f3micos, que los kinesi\u00f3logos podemos ayudar a corregir\u201d, aclar\u00f3 la kinesi\u00f3loga que trabaja tambi\u00e9n en entrenamiento visual.<\/p>\n<p>Otras de las consecuencias advertidas por los kinesi\u00f3logos referidas al abuso en el uso de pantallas es el \u201caislamiento\u201d y \u201cproblemas psicosociales, somatoemocionales, de comunicaci\u00f3n, y propioceptivas, adem\u00e1s de los trastornos biomec\u00e1nicos\u201d.<\/p>\n<p>Desde el CoKiBA explicaron adem\u00e1s que \u201cdepender\u00e1 de la lesi\u00f3n, para el tipo de tratamiento que se debe llevar adelante para revertir los problemas. Desde procedimientos indicados para algias o terapias manuales, hasta tratamientos de posturolog\u00eda con est\u00edmulos sensoriales. Nuestra profesi\u00f3n es tan amplia, que tiene tantas herramientas como kinesi\u00f3logos existentes\u201d indicaron.<\/p>\n<p><strong>Recomendaciones de los kinesi\u00f3logos para el uso de dispositivos<\/strong><\/p>\n<p>\u201cCuanto m\u00e1s chico es el dispositivo, peor para nuestra salud. Todos elegimos la comodidad de mirar por el celular por la accesibilidad, rapidez, entre otros factores. Pero pudiendo elegir, recomiendo que lo que tengamos que ver, lo hagamos por pantallas grandes, de manera que cuidemos nuestra postura, estemos c\u00f3modos, y cuidemos nuestros ojos. Siempre ser\u00e1 mejor la tablet que el celular, la compu que la tablet, y la tele que la compu. Es decir, mientras m\u00e1s chico el dispositivo, peor ser\u00e1 para la salud\u201d advirti\u00f3 Adamini.<\/p>\n<p><strong>Otras sugerencias:<\/strong><\/p>\n<p>-Colocar lentes con filtro de luz azul que se compran en \u00f3pticas.<\/p>\n<p>&#8211; Usar la tecnolog\u00eda con luz natural, cerca de una ventana. Y si la luz es artificial, mejor de l\u00e1mpara incandescente.<\/p>\n<p>&#8211; No utilizar pantallas a la noche antes de dormir, ya que adem\u00e1s de afectar la visi\u00f3n, con las consecuencias posturales y visuales que esto acarrea, alterar\u00e1n el ritmo circadiano.<\/p>\n<p>&#8211; La postura en el escritorio debe ser cuidada, para prevenir lesiones biomec\u00e1nicas, as\u00ed como para asegurar una mayor concentraci\u00f3n.<\/p>\n<p>-Bajar el brillo de las pantallas<\/p>\n<p>-Hacer pausas activas, para descansar la vista, el cuerpo y la mente.<\/p>\n<p>-Compensar visi\u00f3n cercana con visi\u00f3n lejana, mirando por la ventana, o saliendo afuera en peque\u00f1os intervalos de uso cada media hora.<\/p>\n<p>&#8211; Si el material que tenemos que leer se puede imprimir en papel, siempre ser\u00e1 m\u00e1s conveniente y saludable.<\/p>\n<p>&#8211; Volver a la actividad f\u00edsica al aire libre, con buena hidrataci\u00f3n, y elongaci\u00f3n.<\/p>\n","protected":false},"excerpt":{"rendered":"<p>Por el trabajo desde casa, los kinesi\u00f3logos registran m\u00e1s casos de tendinitis en los pulgares, contracturas y problemas de columna. Estas afecciones se agravaron con la pandemia y la permanencia en casa por las cuarentenas. Pero era una tendencia que ven\u00eda en crecimiento. Los kinesi\u00f3logos recomiendan tips para el uso adecuado de dispositivos (www.dekhnews.com) El [&hellip;]<\/p>\n","protected":false},"author":16,"featured_media":93424,"comment_status":"open","ping_status":"open","sticky":false,"template":"","format":"standard","meta":{"footnotes":""},"categories":[8992],"tags":[],"class_list":["post-93421","post","type-post","status-publish","format-standard","has-post-thumbnail","hentry","category-bienestar"],"yoast_head":"<!-- This site is optimized with the Yoast SEO plugin v27.5 - https:\/\/yoast.com\/product\/yoast-seo-wordpress\/ -->\n<title>Se registran m\u00e1s casos de tendinitis en pulgares, contracturas y problemas de columna<\/title>\n<meta name=\"robots\" content=\"index, follow, max-snippet:-1, max-image-preview:large, max-video-preview:-1\" \/>\n<link rel=\"canonical\" href=\"https:\/\/noticiasmercedinas.com\/site\/2022\/06\/20\/se-registran-mas-casos-de-tendinitis-en-pulgares-contracturas-y-problemas-de-columna\/\" \/>\n<meta property=\"og:locale\" content=\"es_ES\" \/>\n<meta property=\"og:type\" content=\"article\" \/>\n<meta property=\"og:title\" content=\"Se registran m\u00e1s casos de tendinitis en pulgares, contracturas y problemas de columna\" \/>\n<meta property=\"og:description\" content=\"Por el trabajo desde casa, los kinesi\u00f3logos registran m\u00e1s casos de tendinitis en los pulgares, contracturas y problemas de columna. Estas afecciones se agravaron con la pandemia y la permanencia en casa por las cuarentenas. Pero era una tendencia que ven\u00eda en crecimiento. Los kinesi\u00f3logos recomiendan tips para el uso adecuado de dispositivos (www.dekhnews.com) El [&hellip;]\" \/>\n<meta property=\"og:url\" content=\"https:\/\/noticiasmercedinas.com\/site\/2022\/06\/20\/se-registran-mas-casos-de-tendinitis-en-pulgares-contracturas-y-problemas-de-columna\/\" \/>\n<meta property=\"og:site_name\" content=\"NOTICIASMERCEDINAS.COM\" \/>\n<meta property=\"article:publisher\" content=\"https:\/\/www.facebook.com\/noticiasmercedinas\/\" \/>\n<meta property=\"article:published_time\" content=\"2022-06-20T14:01:13+00:00\" \/>\n<meta property=\"og:image\" content=\"https:\/\/noticiasmercedinas.com\/site\/wp-content\/uploads\/2022\/06\/02d60180-bcf0-4650-9f6c-8de54b56ffaf.jpg\" \/>\n\t<meta property=\"og:image:width\" content=\"414\" \/>\n\t<meta property=\"og:image:height\" content=\"311\" \/>\n\t<meta property=\"og:image:type\" content=\"image\/jpeg\" \/>\n<meta name=\"author\" content=\"NOTICIASMERCEDINAS.COM\" \/>\n<meta name=\"twitter:card\" content=\"summary_large_image\" \/>\n<meta name=\"twitter:creator\" content=\"@notmercedinas\" \/>\n<meta name=\"twitter:site\" content=\"@notmercedinas\" \/>\n<meta name=\"twitter:label1\" content=\"Escrito por\" \/>\n\t<meta name=\"twitter:data1\" content=\"NOTICIASMERCEDINAS.COM\" \/>\n\t<meta name=\"twitter:label2\" content=\"Tiempo de lectura\" \/>\n\t<meta name=\"twitter:data2\" content=\"6 minutos\" \/>\n<script type=\"application\/ld+json\" class=\"yoast-schema-graph\">{\"@context\":\"https:\\\/\\\/schema.org\",\"@graph\":[{\"@type\":\"Article\",\"@id\":\"https:\\\/\\\/noticiasmercedinas.com\\\/site\\\/2022\\\/06\\\/20\\\/se-registran-mas-casos-de-tendinitis-en-pulgares-contracturas-y-problemas-de-columna\\\/#article\",\"isPartOf\":{\"@id\":\"https:\\\/\\\/noticiasmercedinas.com\\\/site\\\/2022\\\/06\\\/20\\\/se-registran-mas-casos-de-tendinitis-en-pulgares-contracturas-y-problemas-de-columna\\\/\"},\"author\":{\"name\":\"NOTICIASMERCEDINAS.COM\",\"@id\":\"https:\\\/\\\/noticiasmercedinas.com\\\/site\\\/#\\\/schema\\\/person\\\/84b59c099c28ff2e8b77d4ceec5d8063\"},\"headline\":\"Se registran m\u00e1s casos de tendinitis en pulgares, contracturas y problemas de columna\",\"datePublished\":\"2022-06-20T14:01:13+00:00\",\"mainEntityOfPage\":{\"@id\":\"https:\\\/\\\/noticiasmercedinas.com\\\/site\\\/2022\\\/06\\\/20\\\/se-registran-mas-casos-de-tendinitis-en-pulgares-contracturas-y-problemas-de-columna\\\/\"},\"wordCount\":1198,\"commentCount\":0,\"publisher\":{\"@id\":\"https:\\\/\\\/noticiasmercedinas.com\\\/site\\\/#organization\"},\"image\":{\"@id\":\"https:\\\/\\\/noticiasmercedinas.com\\\/site\\\/2022\\\/06\\\/20\\\/se-registran-mas-casos-de-tendinitis-en-pulgares-contracturas-y-problemas-de-columna\\\/#primaryimage\"},\"thumbnailUrl\":\"https:\\\/\\\/noticiasmercedinas.com\\\/site\\\/wp-content\\\/uploads\\\/2022\\\/06\\\/02d60180-bcf0-4650-9f6c-8de54b56ffaf.jpg\",\"articleSection\":[\"Bienestar\"],\"inLanguage\":\"es\",\"potentialAction\":[{\"@type\":\"CommentAction\",\"name\":\"Comment\",\"target\":[\"https:\\\/\\\/noticiasmercedinas.com\\\/site\\\/2022\\\/06\\\/20\\\/se-registran-mas-casos-de-tendinitis-en-pulgares-contracturas-y-problemas-de-columna\\\/#respond\"]}]},{\"@type\":\"WebPage\",\"@id\":\"https:\\\/\\\/noticiasmercedinas.com\\\/site\\\/2022\\\/06\\\/20\\\/se-registran-mas-casos-de-tendinitis-en-pulgares-contracturas-y-problemas-de-columna\\\/\",\"url\":\"https:\\\/\\\/noticiasmercedinas.com\\\/site\\\/2022\\\/06\\\/20\\\/se-registran-mas-casos-de-tendinitis-en-pulgares-contracturas-y-problemas-de-columna\\\/\",\"name\":\"Se registran m\u00e1s casos de tendinitis en pulgares, contracturas y problemas de columna\",\"isPartOf\":{\"@id\":\"https:\\\/\\\/noticiasmercedinas.com\\\/site\\\/#website\"},\"primaryImageOfPage\":{\"@id\":\"https:\\\/\\\/noticiasmercedinas.com\\\/site\\\/2022\\\/06\\\/20\\\/se-registran-mas-casos-de-tendinitis-en-pulgares-contracturas-y-problemas-de-columna\\\/#primaryimage\"},\"image\":{\"@id\":\"https:\\\/\\\/noticiasmercedinas.com\\\/site\\\/2022\\\/06\\\/20\\\/se-registran-mas-casos-de-tendinitis-en-pulgares-contracturas-y-problemas-de-columna\\\/#primaryimage\"},\"thumbnailUrl\":\"https:\\\/\\\/noticiasmercedinas.com\\\/site\\\/wp-content\\\/uploads\\\/2022\\\/06\\\/02d60180-bcf0-4650-9f6c-8de54b56ffaf.jpg\",\"datePublished\":\"2022-06-20T14:01:13+00:00\",\"breadcrumb\":{\"@id\":\"https:\\\/\\\/noticiasmercedinas.com\\\/site\\\/2022\\\/06\\\/20\\\/se-registran-mas-casos-de-tendinitis-en-pulgares-contracturas-y-problemas-de-columna\\\/#breadcrumb\"},\"inLanguage\":\"es\",\"potentialAction\":[{\"@type\":\"ReadAction\",\"target\":[\"https:\\\/\\\/noticiasmercedinas.com\\\/site\\\/2022\\\/06\\\/20\\\/se-registran-mas-casos-de-tendinitis-en-pulgares-contracturas-y-problemas-de-columna\\\/\"]}]},{\"@type\":\"ImageObject\",\"inLanguage\":\"es\",\"@id\":\"https:\\\/\\\/noticiasmercedinas.com\\\/site\\\/2022\\\/06\\\/20\\\/se-registran-mas-casos-de-tendinitis-en-pulgares-contracturas-y-problemas-de-columna\\\/#primaryimage\",\"url\":\"https:\\\/\\\/noticiasmercedinas.com\\\/site\\\/wp-content\\\/uploads\\\/2022\\\/06\\\/02d60180-bcf0-4650-9f6c-8de54b56ffaf.jpg\",\"contentUrl\":\"https:\\\/\\\/noticiasmercedinas.com\\\/site\\\/wp-content\\\/uploads\\\/2022\\\/06\\\/02d60180-bcf0-4650-9f6c-8de54b56ffaf.jpg\",\"width\":414,\"height\":311},{\"@type\":\"BreadcrumbList\",\"@id\":\"https:\\\/\\\/noticiasmercedinas.com\\\/site\\\/2022\\\/06\\\/20\\\/se-registran-mas-casos-de-tendinitis-en-pulgares-contracturas-y-problemas-de-columna\\\/#breadcrumb\",\"itemListElement\":[{\"@type\":\"ListItem\",\"position\":1,\"name\":\"Portada\",\"item\":\"https:\\\/\\\/noticiasmercedinas.com\\\/site\\\/\"},{\"@type\":\"ListItem\",\"position\":2,\"name\":\"Se registran m\u00e1s casos de tendinitis en pulgares, contracturas y problemas de columna\"}]},{\"@type\":\"WebSite\",\"@id\":\"https:\\\/\\\/noticiasmercedinas.com\\\/site\\\/#website\",\"url\":\"https:\\\/\\\/noticiasmercedinas.com\\\/site\\\/\",\"name\":\"NOTICIASMERCEDINAS.COM\",\"description\":\"Mercedes, Buenos Aires, Argentina\",\"publisher\":{\"@id\":\"https:\\\/\\\/noticiasmercedinas.com\\\/site\\\/#organization\"},\"potentialAction\":[{\"@type\":\"SearchAction\",\"target\":{\"@type\":\"EntryPoint\",\"urlTemplate\":\"https:\\\/\\\/noticiasmercedinas.com\\\/site\\\/?s={search_term_string}\"},\"query-input\":{\"@type\":\"PropertyValueSpecification\",\"valueRequired\":true,\"valueName\":\"search_term_string\"}}],\"inLanguage\":\"es\"},{\"@type\":\"Organization\",\"@id\":\"https:\\\/\\\/noticiasmercedinas.com\\\/site\\\/#organization\",\"name\":\"NOTICIASMERCEDINAS.COM\",\"url\":\"https:\\\/\\\/noticiasmercedinas.com\\\/site\\\/\",\"logo\":{\"@type\":\"ImageObject\",\"inLanguage\":\"es\",\"@id\":\"https:\\\/\\\/noticiasmercedinas.com\\\/site\\\/#\\\/schema\\\/logo\\\/image\\\/\",\"url\":\"https:\\\/\\\/noticiasmercedinas.com\\\/site\\\/wp-content\\\/uploads\\\/2020\\\/06\\\/LOGO-512.jpg\",\"contentUrl\":\"https:\\\/\\\/noticiasmercedinas.com\\\/site\\\/wp-content\\\/uploads\\\/2020\\\/06\\\/LOGO-512.jpg\",\"width\":512,\"height\":512,\"caption\":\"NOTICIASMERCEDINAS.COM\"},\"image\":{\"@id\":\"https:\\\/\\\/noticiasmercedinas.com\\\/site\\\/#\\\/schema\\\/logo\\\/image\\\/\"},\"sameAs\":[\"https:\\\/\\\/www.facebook.com\\\/noticiasmercedinas\\\/\",\"https:\\\/\\\/x.com\\\/notmercedinas\",\"https:\\\/\\\/www.instagram.com\\\/noticiasmercedinas\\\/\"]},{\"@type\":\"Person\",\"@id\":\"https:\\\/\\\/noticiasmercedinas.com\\\/site\\\/#\\\/schema\\\/person\\\/84b59c099c28ff2e8b77d4ceec5d8063\",\"name\":\"NOTICIASMERCEDINAS.COM\",\"image\":{\"@type\":\"ImageObject\",\"inLanguage\":\"es\",\"@id\":\"https:\\\/\\\/secure.gravatar.com\\\/avatar\\\/4dfbf16b4d17945bfb6341b2d19043457132fcf478a5ee04f42e959fd8f5df0a?s=96&d=mm&r=g\",\"url\":\"https:\\\/\\\/secure.gravatar.com\\\/avatar\\\/4dfbf16b4d17945bfb6341b2d19043457132fcf478a5ee04f42e959fd8f5df0a?s=96&d=mm&r=g\",\"contentUrl\":\"https:\\\/\\\/secure.gravatar.com\\\/avatar\\\/4dfbf16b4d17945bfb6341b2d19043457132fcf478a5ee04f42e959fd8f5df0a?s=96&d=mm&r=g\",\"caption\":\"NOTICIASMERCEDINAS.COM\"},\"url\":\"https:\\\/\\\/noticiasmercedinas.com\\\/site\\\/author\\\/anonimo\\\/\"}]}<\/script>\n<!-- \/ Yoast SEO plugin. -->","yoast_head_json":{"title":"Se registran m\u00e1s casos de tendinitis en pulgares, contracturas y problemas de columna","robots":{"index":"index","follow":"follow","max-snippet":"max-snippet:-1","max-image-preview":"max-image-preview:large","max-video-preview":"max-video-preview:-1"},"canonical":"https:\/\/noticiasmercedinas.com\/site\/2022\/06\/20\/se-registran-mas-casos-de-tendinitis-en-pulgares-contracturas-y-problemas-de-columna\/","og_locale":"es_ES","og_type":"article","og_title":"Se registran m\u00e1s casos de tendinitis en pulgares, contracturas y problemas de columna","og_description":"Por el trabajo desde casa, los kinesi\u00f3logos registran m\u00e1s casos de tendinitis en los pulgares, contracturas y problemas de columna. Estas afecciones se agravaron con la pandemia y la permanencia en casa por las cuarentenas. Pero era una tendencia que ven\u00eda en crecimiento. Los kinesi\u00f3logos recomiendan tips para el uso adecuado de dispositivos (www.dekhnews.com) El [&hellip;]","og_url":"https:\/\/noticiasmercedinas.com\/site\/2022\/06\/20\/se-registran-mas-casos-de-tendinitis-en-pulgares-contracturas-y-problemas-de-columna\/","og_site_name":"NOTICIASMERCEDINAS.COM","article_publisher":"https:\/\/www.facebook.com\/noticiasmercedinas\/","article_published_time":"2022-06-20T14:01:13+00:00","og_image":[{"width":414,"height":311,"url":"https:\/\/noticiasmercedinas.com\/site\/wp-content\/uploads\/2022\/06\/02d60180-bcf0-4650-9f6c-8de54b56ffaf.jpg","type":"image\/jpeg"}],"author":"NOTICIASMERCEDINAS.COM","twitter_card":"summary_large_image","twitter_creator":"@notmercedinas","twitter_site":"@notmercedinas","twitter_misc":{"Escrito por":"NOTICIASMERCEDINAS.COM","Tiempo de lectura":"6 minutos"},"schema":{"@context":"https:\/\/schema.org","@graph":[{"@type":"Article","@id":"https:\/\/noticiasmercedinas.com\/site\/2022\/06\/20\/se-registran-mas-casos-de-tendinitis-en-pulgares-contracturas-y-problemas-de-columna\/#article","isPartOf":{"@id":"https:\/\/noticiasmercedinas.com\/site\/2022\/06\/20\/se-registran-mas-casos-de-tendinitis-en-pulgares-contracturas-y-problemas-de-columna\/"},"author":{"name":"NOTICIASMERCEDINAS.COM","@id":"https:\/\/noticiasmercedinas.com\/site\/#\/schema\/person\/84b59c099c28ff2e8b77d4ceec5d8063"},"headline":"Se registran m\u00e1s casos de tendinitis en pulgares, contracturas y problemas de columna","datePublished":"2022-06-20T14:01:13+00:00","mainEntityOfPage":{"@id":"https:\/\/noticiasmercedinas.com\/site\/2022\/06\/20\/se-registran-mas-casos-de-tendinitis-en-pulgares-contracturas-y-problemas-de-columna\/"},"wordCount":1198,"commentCount":0,"publisher":{"@id":"https:\/\/noticiasmercedinas.com\/site\/#organization"},"image":{"@id":"https:\/\/noticiasmercedinas.com\/site\/2022\/06\/20\/se-registran-mas-casos-de-tendinitis-en-pulgares-contracturas-y-problemas-de-columna\/#primaryimage"},"thumbnailUrl":"https:\/\/noticiasmercedinas.com\/site\/wp-content\/uploads\/2022\/06\/02d60180-bcf0-4650-9f6c-8de54b56ffaf.jpg","articleSection":["Bienestar"],"inLanguage":"es","potentialAction":[{"@type":"CommentAction","name":"Comment","target":["https:\/\/noticiasmercedinas.com\/site\/2022\/06\/20\/se-registran-mas-casos-de-tendinitis-en-pulgares-contracturas-y-problemas-de-columna\/#respond"]}]},{"@type":"WebPage","@id":"https:\/\/noticiasmercedinas.com\/site\/2022\/06\/20\/se-registran-mas-casos-de-tendinitis-en-pulgares-contracturas-y-problemas-de-columna\/","url":"https:\/\/noticiasmercedinas.com\/site\/2022\/06\/20\/se-registran-mas-casos-de-tendinitis-en-pulgares-contracturas-y-problemas-de-columna\/","name":"Se registran m\u00e1s casos de tendinitis en pulgares, contracturas y problemas de columna","isPartOf":{"@id":"https:\/\/noticiasmercedinas.com\/site\/#website"},"primaryImageOfPage":{"@id":"https:\/\/noticiasmercedinas.com\/site\/2022\/06\/20\/se-registran-mas-casos-de-tendinitis-en-pulgares-contracturas-y-problemas-de-columna\/#primaryimage"},"image":{"@id":"https:\/\/noticiasmercedinas.com\/site\/2022\/06\/20\/se-registran-mas-casos-de-tendinitis-en-pulgares-contracturas-y-problemas-de-columna\/#primaryimage"},"thumbnailUrl":"https:\/\/noticiasmercedinas.com\/site\/wp-content\/uploads\/2022\/06\/02d60180-bcf0-4650-9f6c-8de54b56ffaf.jpg","datePublished":"2022-06-20T14:01:13+00:00","breadcrumb":{"@id":"https:\/\/noticiasmercedinas.com\/site\/2022\/06\/20\/se-registran-mas-casos-de-tendinitis-en-pulgares-contracturas-y-problemas-de-columna\/#breadcrumb"},"inLanguage":"es","potentialAction":[{"@type":"ReadAction","target":["https:\/\/noticiasmercedinas.com\/site\/2022\/06\/20\/se-registran-mas-casos-de-tendinitis-en-pulgares-contracturas-y-problemas-de-columna\/"]}]},{"@type":"ImageObject","inLanguage":"es","@id":"https:\/\/noticiasmercedinas.com\/site\/2022\/06\/20\/se-registran-mas-casos-de-tendinitis-en-pulgares-contracturas-y-problemas-de-columna\/#primaryimage","url":"https:\/\/noticiasmercedinas.com\/site\/wp-content\/uploads\/2022\/06\/02d60180-bcf0-4650-9f6c-8de54b56ffaf.jpg","contentUrl":"https:\/\/noticiasmercedinas.com\/site\/wp-content\/uploads\/2022\/06\/02d60180-bcf0-4650-9f6c-8de54b56ffaf.jpg","width":414,"height":311},{"@type":"BreadcrumbList","@id":"https:\/\/noticiasmercedinas.com\/site\/2022\/06\/20\/se-registran-mas-casos-de-tendinitis-en-pulgares-contracturas-y-problemas-de-columna\/#breadcrumb","itemListElement":[{"@type":"ListItem","position":1,"name":"Portada","item":"https:\/\/noticiasmercedinas.com\/site\/"},{"@type":"ListItem","position":2,"name":"Se registran m\u00e1s casos de tendinitis en pulgares, contracturas y problemas de columna"}]},{"@type":"WebSite","@id":"https:\/\/noticiasmercedinas.com\/site\/#website","url":"https:\/\/noticiasmercedinas.com\/site\/","name":"NOTICIASMERCEDINAS.COM","description":"Mercedes, Buenos Aires, Argentina","publisher":{"@id":"https:\/\/noticiasmercedinas.com\/site\/#organization"},"potentialAction":[{"@type":"SearchAction","target":{"@type":"EntryPoint","urlTemplate":"https:\/\/noticiasmercedinas.com\/site\/?s={search_term_string}"},"query-input":{"@type":"PropertyValueSpecification","valueRequired":true,"valueName":"search_term_string"}}],"inLanguage":"es"},{"@type":"Organization","@id":"https:\/\/noticiasmercedinas.com\/site\/#organization","name":"NOTICIASMERCEDINAS.COM","url":"https:\/\/noticiasmercedinas.com\/site\/","logo":{"@type":"ImageObject","inLanguage":"es","@id":"https:\/\/noticiasmercedinas.com\/site\/#\/schema\/logo\/image\/","url":"https:\/\/noticiasmercedinas.com\/site\/wp-content\/uploads\/2020\/06\/LOGO-512.jpg","contentUrl":"https:\/\/noticiasmercedinas.com\/site\/wp-content\/uploads\/2020\/06\/LOGO-512.jpg","width":512,"height":512,"caption":"NOTICIASMERCEDINAS.COM"},"image":{"@id":"https:\/\/noticiasmercedinas.com\/site\/#\/schema\/logo\/image\/"},"sameAs":["https:\/\/www.facebook.com\/noticiasmercedinas\/","https:\/\/x.com\/notmercedinas","https:\/\/www.instagram.com\/noticiasmercedinas\/"]},{"@type":"Person","@id":"https:\/\/noticiasmercedinas.com\/site\/#\/schema\/person\/84b59c099c28ff2e8b77d4ceec5d8063","name":"NOTICIASMERCEDINAS.COM","image":{"@type":"ImageObject","inLanguage":"es","@id":"https:\/\/secure.gravatar.com\/avatar\/4dfbf16b4d17945bfb6341b2d19043457132fcf478a5ee04f42e959fd8f5df0a?s=96&d=mm&r=g","url":"https:\/\/secure.gravatar.com\/avatar\/4dfbf16b4d17945bfb6341b2d19043457132fcf478a5ee04f42e959fd8f5df0a?s=96&d=mm&r=g","contentUrl":"https:\/\/secure.gravatar.com\/avatar\/4dfbf16b4d17945bfb6341b2d19043457132fcf478a5ee04f42e959fd8f5df0a?s=96&d=mm&r=g","caption":"NOTICIASMERCEDINAS.COM"},"url":"https:\/\/noticiasmercedinas.com\/site\/author\/anonimo\/"}]}},"amp_enabled":true,"_links":{"self":[{"href":"https:\/\/noticiasmercedinas.com\/site\/wp-json\/wp\/v2\/posts\/93421","targetHints":{"allow":["GET"]}}],"collection":[{"href":"https:\/\/noticiasmercedinas.com\/site\/wp-json\/wp\/v2\/posts"}],"about":[{"href":"https:\/\/noticiasmercedinas.com\/site\/wp-json\/wp\/v2\/types\/post"}],"author":[{"embeddable":true,"href":"https:\/\/noticiasmercedinas.com\/site\/wp-json\/wp\/v2\/users\/16"}],"replies":[{"embeddable":true,"href":"https:\/\/noticiasmercedinas.com\/site\/wp-json\/wp\/v2\/comments?post=93421"}],"version-history":[{"count":1,"href":"https:\/\/noticiasmercedinas.com\/site\/wp-json\/wp\/v2\/posts\/93421\/revisions"}],"predecessor-version":[{"id":93425,"href":"https:\/\/noticiasmercedinas.com\/site\/wp-json\/wp\/v2\/posts\/93421\/revisions\/93425"}],"wp:featuredmedia":[{"embeddable":true,"href":"https:\/\/noticiasmercedinas.com\/site\/wp-json\/wp\/v2\/media\/93424"}],"wp:attachment":[{"href":"https:\/\/noticiasmercedinas.com\/site\/wp-json\/wp\/v2\/media?parent=93421"}],"wp:term":[{"taxonomy":"category","embeddable":true,"href":"https:\/\/noticiasmercedinas.com\/site\/wp-json\/wp\/v2\/categories?post=93421"},{"taxonomy":"post_tag","embeddable":true,"href":"https:\/\/noticiasmercedinas.com\/site\/wp-json\/wp\/v2\/tags?post=93421"}],"curies":[{"name":"wp","href":"https:\/\/api.w.org\/{rel}","templated":true}]}}