{"id":93568,"date":"2022-06-22T11:15:59","date_gmt":"2022-06-22T14:15:59","guid":{"rendered":"https:\/\/noticiasmercedinas.com\/site\/?p=93568"},"modified":"2022-06-22T11:28:25","modified_gmt":"2022-06-22T14:28:25","slug":"virginia-altube-y-rulo-godar-tocaran-juntos-en-casa-balero","status":"publish","type":"post","link":"https:\/\/noticiasmercedinas.com\/site\/2022\/06\/22\/virginia-altube-y-rulo-godar-tocaran-juntos-en-casa-balero\/","title":{"rendered":"Virginia Altube y Rulo Godar tocar\u00e1n juntos en Casa Balero"},"content":{"rendered":"<p><img loading=\"lazy\" decoding=\"async\" class=\"alignnone size-large wp-image-93569\" src=\"https:\/\/noticiasmercedinas.com\/site\/wp-content\/uploads\/2022\/06\/2af51536-7265-41a3-9b59-d2897cbfe852-1024x1024.jpg\" alt=\"\" width=\"640\" height=\"640\" srcset=\"https:\/\/noticiasmercedinas.com\/site\/wp-content\/uploads\/2022\/06\/2af51536-7265-41a3-9b59-d2897cbfe852-1024x1024.jpg 1024w, https:\/\/noticiasmercedinas.com\/site\/wp-content\/uploads\/2022\/06\/2af51536-7265-41a3-9b59-d2897cbfe852-300x300.jpg 300w, https:\/\/noticiasmercedinas.com\/site\/wp-content\/uploads\/2022\/06\/2af51536-7265-41a3-9b59-d2897cbfe852-150x150.jpg 150w, https:\/\/noticiasmercedinas.com\/site\/wp-content\/uploads\/2022\/06\/2af51536-7265-41a3-9b59-d2897cbfe852-768x769.jpg 768w, https:\/\/noticiasmercedinas.com\/site\/wp-content\/uploads\/2022\/06\/2af51536-7265-41a3-9b59-d2897cbfe852-640x641.jpg 640w, https:\/\/noticiasmercedinas.com\/site\/wp-content\/uploads\/2022\/06\/2af51536-7265-41a3-9b59-d2897cbfe852-681x682.jpg 681w, https:\/\/noticiasmercedinas.com\/site\/wp-content\/uploads\/2022\/06\/2af51536-7265-41a3-9b59-d2897cbfe852.jpg 1279w\" sizes=\"auto, (max-width: 640px) 100vw, 640px\" \/><\/p>\n<p>El 30 de junio, en Casa Balero, <strong>Virginia Altube<\/strong> y <strong>Rulo Godar<\/strong> se cruzar\u00e1n y har\u00e1n lo que mejor saben: cantar.<\/p>\n<p>Virginia que actualmente vive en Capilla del Monte (C\u00f3rdoba) y Rulo Godar que en unos meses se vuelve a girar por Espa\u00f1a, decidieron encontrarse y recorrer sus repertorios juntos.<\/p>\n<p>Virginia el mes pr\u00f3ximo presenta un EP de 4 canciones que fueron producidas por Rulo Godar, lo que les dio la excusa perfecta para juntarse tambi\u00e9n en el escenario.<\/p>\n<p>\u201cVir es una maestra en todo sentido para m\u00ed, desde que nos conocimos sent\u00ed que ten\u00edamos mucho para hacer juntos, tiene el canto de la tierra en su voz, aprendo mucho trabajando con ella\u201d, dijo Rulo, quien adem\u00e1s presentar\u00e1 el espect\u00e1culo que lo llevar\u00e1 por Espa\u00f1a, un show ac\u00fastico e intimo que recorre sus canciones y algunas versiones de autores latinoamericanos.<\/p>\n<p>\u201cYo hago algunos temas con <strong>Dami\u00e1n Tessore<\/strong>, Rulo algunos con <strong>Franco Dicatarina<\/strong>, y haremos algunos juntos\u201d, indic\u00f3 por su parte Virginia Altube. \u201cSer\u00e1 algo m\u00e1s bien \u00edntimo\u201d, clarific\u00f3.<\/p>\n<p>El encuentro es inminente. El jueves 30 de este mes, el concierto es con el sistema a la gorra y comenzar\u00e1 temprano siendo citado el p\u00fablico a las 19.00. Los que quieran asistir y asegurarse una mesa no dejen de reservar al 2324 50-5675<strong> <\/strong><\/p>\n<p>Casa Balero est\u00e1 en calle 26 esquina 23, Mercedes, Buenos Aires.<\/p>\n<p><img loading=\"lazy\" decoding=\"async\" src=\"https:\/\/noticiasmercedinas.com\/site\/wp-content\/uploads\/2022\/06\/img-20220622-wa0006-1013412395.jpg\" class=\"alignnone size-full wp-image-93572\" width=\"1080\" height=\"1080\" srcset=\"https:\/\/noticiasmercedinas.com\/site\/wp-content\/uploads\/2022\/06\/img-20220622-wa0006-1013412395.jpg 1080w, https:\/\/noticiasmercedinas.com\/site\/wp-content\/uploads\/2022\/06\/img-20220622-wa0006-1013412395-300x300.jpg 300w, https:\/\/noticiasmercedinas.com\/site\/wp-content\/uploads\/2022\/06\/img-20220622-wa0006-1013412395-1024x1024.jpg 1024w, https:\/\/noticiasmercedinas.com\/site\/wp-content\/uploads\/2022\/06\/img-20220622-wa0006-1013412395-150x150.jpg 150w, https:\/\/noticiasmercedinas.com\/site\/wp-content\/uploads\/2022\/06\/img-20220622-wa0006-1013412395-768x768.jpg 768w, https:\/\/noticiasmercedinas.com\/site\/wp-content\/uploads\/2022\/06\/img-20220622-wa0006-1013412395-640x640.jpg 640w, https:\/\/noticiasmercedinas.com\/site\/wp-content\/uploads\/2022\/06\/img-20220622-wa0006-1013412395-681x681.jpg 681w\" sizes=\"auto, (max-width: 1080px) 100vw, 1080px\" \/><\/p>\n","protected":false},"excerpt":{"rendered":"<p>\u25a0 Ser\u00e1n acompa\u00f1ados por Dami\u00e1n Tessore y Franco Dicatarina. El concierto es a la gorra y comenzar\u00e1 a las 19.00, el jueves 30 de junio<\/p>\n","protected":false},"author":2,"featured_media":93569,"comment_status":"open","ping_status":"open","sticky":false,"template":"","format":"standard","meta":{"footnotes":""},"categories":[4],"tags":[1318,714,4175,3802,164],"class_list":["post-93568","post","type-post","status-publish","format-standard","has-post-thumbnail","hentry","category-cultura","tag-casa-balero","tag-damian-tessore","tag-franco-dicatarina","tag-rulo-godar","tag-virginia-altube"],"yoast_head":"<!-- This site is optimized with the Yoast SEO plugin v27.5 - https:\/\/yoast.com\/product\/yoast-seo-wordpress\/ -->\n<title>Virginia Altube y Rulo Godar tocar\u00e1n juntos en Casa Balero<\/title>\n<meta name=\"robots\" content=\"index, follow, max-snippet:-1, max-image-preview:large, max-video-preview:-1\" \/>\n<link rel=\"canonical\" href=\"https:\/\/noticiasmercedinas.com\/site\/2022\/06\/22\/virginia-altube-y-rulo-godar-tocaran-juntos-en-casa-balero\/\" \/>\n<meta property=\"og:locale\" content=\"es_ES\" \/>\n<meta property=\"og:type\" content=\"article\" \/>\n<meta property=\"og:title\" content=\"Virginia Altube y Rulo Godar tocar\u00e1n juntos en Casa Balero\" \/>\n<meta property=\"og:description\" content=\"\u25a0 Ser\u00e1n acompa\u00f1ados por Dami\u00e1n Tessore y Franco Dicatarina. El concierto es a la gorra y comenzar\u00e1 a las 19.00, el jueves 30 de junio\" \/>\n<meta property=\"og:url\" content=\"https:\/\/noticiasmercedinas.com\/site\/2022\/06\/22\/virginia-altube-y-rulo-godar-tocaran-juntos-en-casa-balero\/\" \/>\n<meta property=\"og:site_name\" content=\"NOTICIASMERCEDINAS.COM\" \/>\n<meta property=\"article:publisher\" content=\"https:\/\/www.facebook.com\/noticiasmercedinas\/\" \/>\n<meta property=\"article:author\" content=\"https:\/\/www.facebook.com\/cristian.falabella\" \/>\n<meta property=\"article:published_time\" content=\"2022-06-22T14:15:59+00:00\" \/>\n<meta property=\"article:modified_time\" content=\"2022-06-22T14:28:25+00:00\" \/>\n<meta property=\"og:image\" content=\"https:\/\/noticiasmercedinas.com\/site\/wp-content\/uploads\/2022\/06\/2af51536-7265-41a3-9b59-d2897cbfe852.jpg\" \/>\n\t<meta property=\"og:image:width\" content=\"1279\" \/>\n\t<meta property=\"og:image:height\" content=\"1280\" \/>\n\t<meta property=\"og:image:type\" content=\"image\/jpeg\" \/>\n<meta name=\"author\" content=\"Cristian Falabella NOTICIASMERCEDINAS.COM\" \/>\n<meta name=\"twitter:card\" content=\"summary_large_image\" \/>\n<meta name=\"twitter:creator\" content=\"@https:\/\/twitter.com\/NOTMERCEDINAS\" \/>\n<meta name=\"twitter:site\" content=\"@notmercedinas\" \/>\n<meta name=\"twitter:label1\" content=\"Escrito por\" \/>\n\t<meta name=\"twitter:data1\" content=\"Cristian Falabella NOTICIASMERCEDINAS.COM\" \/>\n\t<meta name=\"twitter:label2\" content=\"Tiempo de lectura\" \/>\n\t<meta name=\"twitter:data2\" content=\"1 minuto\" \/>\n<script type=\"application\/ld+json\" class=\"yoast-schema-graph\">{\"@context\":\"https:\\\/\\\/schema.org\",\"@graph\":[{\"@type\":\"Article\",\"@id\":\"https:\\\/\\\/noticiasmercedinas.com\\\/site\\\/2022\\\/06\\\/22\\\/virginia-altube-y-rulo-godar-tocaran-juntos-en-casa-balero\\\/#article\",\"isPartOf\":{\"@id\":\"https:\\\/\\\/noticiasmercedinas.com\\\/site\\\/2022\\\/06\\\/22\\\/virginia-altube-y-rulo-godar-tocaran-juntos-en-casa-balero\\\/\"},\"author\":{\"name\":\"Cristian Falabella NOTICIASMERCEDINAS.COM\",\"@id\":\"https:\\\/\\\/noticiasmercedinas.com\\\/site\\\/#\\\/schema\\\/person\\\/d481a9696a5feaec13a60e2bbd991a6a\"},\"headline\":\"Virginia Altube y Rulo Godar tocar\u00e1n juntos en Casa Balero\",\"datePublished\":\"2022-06-22T14:15:59+00:00\",\"dateModified\":\"2022-06-22T14:28:25+00:00\",\"mainEntityOfPage\":{\"@id\":\"https:\\\/\\\/noticiasmercedinas.com\\\/site\\\/2022\\\/06\\\/22\\\/virginia-altube-y-rulo-godar-tocaran-juntos-en-casa-balero\\\/\"},\"wordCount\":241,\"commentCount\":0,\"publisher\":{\"@id\":\"https:\\\/\\\/noticiasmercedinas.com\\\/site\\\/#organization\"},\"image\":{\"@id\":\"https:\\\/\\\/noticiasmercedinas.com\\\/site\\\/2022\\\/06\\\/22\\\/virginia-altube-y-rulo-godar-tocaran-juntos-en-casa-balero\\\/#primaryimage\"},\"thumbnailUrl\":\"https:\\\/\\\/noticiasmercedinas.com\\\/site\\\/wp-content\\\/uploads\\\/2022\\\/06\\\/2af51536-7265-41a3-9b59-d2897cbfe852.jpg\",\"keywords\":[\"casa balero\",\"damian tessore\",\"Franco Dicatarina\",\"Rulo Godar\",\"virginia altube\"],\"articleSection\":[\"Cultura\"],\"inLanguage\":\"es\",\"potentialAction\":[{\"@type\":\"CommentAction\",\"name\":\"Comment\",\"target\":[\"https:\\\/\\\/noticiasmercedinas.com\\\/site\\\/2022\\\/06\\\/22\\\/virginia-altube-y-rulo-godar-tocaran-juntos-en-casa-balero\\\/#respond\"]}]},{\"@type\":\"WebPage\",\"@id\":\"https:\\\/\\\/noticiasmercedinas.com\\\/site\\\/2022\\\/06\\\/22\\\/virginia-altube-y-rulo-godar-tocaran-juntos-en-casa-balero\\\/\",\"url\":\"https:\\\/\\\/noticiasmercedinas.com\\\/site\\\/2022\\\/06\\\/22\\\/virginia-altube-y-rulo-godar-tocaran-juntos-en-casa-balero\\\/\",\"name\":\"Virginia Altube y Rulo Godar tocar\u00e1n juntos en Casa Balero\",\"isPartOf\":{\"@id\":\"https:\\\/\\\/noticiasmercedinas.com\\\/site\\\/#website\"},\"primaryImageOfPage\":{\"@id\":\"https:\\\/\\\/noticiasmercedinas.com\\\/site\\\/2022\\\/06\\\/22\\\/virginia-altube-y-rulo-godar-tocaran-juntos-en-casa-balero\\\/#primaryimage\"},\"image\":{\"@id\":\"https:\\\/\\\/noticiasmercedinas.com\\\/site\\\/2022\\\/06\\\/22\\\/virginia-altube-y-rulo-godar-tocaran-juntos-en-casa-balero\\\/#primaryimage\"},\"thumbnailUrl\":\"https:\\\/\\\/noticiasmercedinas.com\\\/site\\\/wp-content\\\/uploads\\\/2022\\\/06\\\/2af51536-7265-41a3-9b59-d2897cbfe852.jpg\",\"datePublished\":\"2022-06-22T14:15:59+00:00\",\"dateModified\":\"2022-06-22T14:28:25+00:00\",\"breadcrumb\":{\"@id\":\"https:\\\/\\\/noticiasmercedinas.com\\\/site\\\/2022\\\/06\\\/22\\\/virginia-altube-y-rulo-godar-tocaran-juntos-en-casa-balero\\\/#breadcrumb\"},\"inLanguage\":\"es\",\"potentialAction\":[{\"@type\":\"ReadAction\",\"target\":[\"https:\\\/\\\/noticiasmercedinas.com\\\/site\\\/2022\\\/06\\\/22\\\/virginia-altube-y-rulo-godar-tocaran-juntos-en-casa-balero\\\/\"]}]},{\"@type\":\"ImageObject\",\"inLanguage\":\"es\",\"@id\":\"https:\\\/\\\/noticiasmercedinas.com\\\/site\\\/2022\\\/06\\\/22\\\/virginia-altube-y-rulo-godar-tocaran-juntos-en-casa-balero\\\/#primaryimage\",\"url\":\"https:\\\/\\\/noticiasmercedinas.com\\\/site\\\/wp-content\\\/uploads\\\/2022\\\/06\\\/2af51536-7265-41a3-9b59-d2897cbfe852.jpg\",\"contentUrl\":\"https:\\\/\\\/noticiasmercedinas.com\\\/site\\\/wp-content\\\/uploads\\\/2022\\\/06\\\/2af51536-7265-41a3-9b59-d2897cbfe852.jpg\",\"width\":1279,\"height\":1280},{\"@type\":\"BreadcrumbList\",\"@id\":\"https:\\\/\\\/noticiasmercedinas.com\\\/site\\\/2022\\\/06\\\/22\\\/virginia-altube-y-rulo-godar-tocaran-juntos-en-casa-balero\\\/#breadcrumb\",\"itemListElement\":[{\"@type\":\"ListItem\",\"position\":1,\"name\":\"Portada\",\"item\":\"https:\\\/\\\/noticiasmercedinas.com\\\/site\\\/\"},{\"@type\":\"ListItem\",\"position\":2,\"name\":\"Virginia Altube y Rulo Godar tocar\u00e1n juntos en Casa Balero\"}]},{\"@type\":\"WebSite\",\"@id\":\"https:\\\/\\\/noticiasmercedinas.com\\\/site\\\/#website\",\"url\":\"https:\\\/\\\/noticiasmercedinas.com\\\/site\\\/\",\"name\":\"NOTICIASMERCEDINAS.COM\",\"description\":\"Mercedes, Buenos Aires, Argentina\",\"publisher\":{\"@id\":\"https:\\\/\\\/noticiasmercedinas.com\\\/site\\\/#organization\"},\"potentialAction\":[{\"@type\":\"SearchAction\",\"target\":{\"@type\":\"EntryPoint\",\"urlTemplate\":\"https:\\\/\\\/noticiasmercedinas.com\\\/site\\\/?s={search_term_string}\"},\"query-input\":{\"@type\":\"PropertyValueSpecification\",\"valueRequired\":true,\"valueName\":\"search_term_string\"}}],\"inLanguage\":\"es\"},{\"@type\":\"Organization\",\"@id\":\"https:\\\/\\\/noticiasmercedinas.com\\\/site\\\/#organization\",\"name\":\"NOTICIASMERCEDINAS.COM\",\"url\":\"https:\\\/\\\/noticiasmercedinas.com\\\/site\\\/\",\"logo\":{\"@type\":\"ImageObject\",\"inLanguage\":\"es\",\"@id\":\"https:\\\/\\\/noticiasmercedinas.com\\\/site\\\/#\\\/schema\\\/logo\\\/image\\\/\",\"url\":\"https:\\\/\\\/noticiasmercedinas.com\\\/site\\\/wp-content\\\/uploads\\\/2020\\\/06\\\/LOGO-512.jpg\",\"contentUrl\":\"https:\\\/\\\/noticiasmercedinas.com\\\/site\\\/wp-content\\\/uploads\\\/2020\\\/06\\\/LOGO-512.jpg\",\"width\":512,\"height\":512,\"caption\":\"NOTICIASMERCEDINAS.COM\"},\"image\":{\"@id\":\"https:\\\/\\\/noticiasmercedinas.com\\\/site\\\/#\\\/schema\\\/logo\\\/image\\\/\"},\"sameAs\":[\"https:\\\/\\\/www.facebook.com\\\/noticiasmercedinas\\\/\",\"https:\\\/\\\/x.com\\\/notmercedinas\",\"https:\\\/\\\/www.instagram.com\\\/noticiasmercedinas\\\/\"]},{\"@type\":\"Person\",\"@id\":\"https:\\\/\\\/noticiasmercedinas.com\\\/site\\\/#\\\/schema\\\/person\\\/d481a9696a5feaec13a60e2bbd991a6a\",\"name\":\"Cristian Falabella NOTICIASMERCEDINAS.COM\",\"image\":{\"@type\":\"ImageObject\",\"inLanguage\":\"es\",\"@id\":\"https:\\\/\\\/secure.gravatar.com\\\/avatar\\\/0dbbfc45970cc46bcd0e57766228574ff3511d6eed045b182f536f0f478c1f06?s=96&d=mm&r=g\",\"url\":\"https:\\\/\\\/secure.gravatar.com\\\/avatar\\\/0dbbfc45970cc46bcd0e57766228574ff3511d6eed045b182f536f0f478c1f06?s=96&d=mm&r=g\",\"contentUrl\":\"https:\\\/\\\/secure.gravatar.com\\\/avatar\\\/0dbbfc45970cc46bcd0e57766228574ff3511d6eed045b182f536f0f478c1f06?s=96&d=mm&r=g\",\"caption\":\"Cristian Falabella NOTICIASMERCEDINAS.COM\"},\"description\":\"Periodista, editor de Noticias Mercedinas. Pas\u00f3 por varias redacciones y emprendimientos de prensa, en distintos formatos y \u00e9pocas. Se especializ\u00f3 --y sigue haci\u00e9ndolo-- en comunicaci\u00f3n en la web y en junio de 2006 fund\u00f3 este diario digital.\",\"sameAs\":[\"https:\\\/\\\/noticiasmercedinas.com\",\"https:\\\/\\\/www.facebook.com\\\/cristian.falabella\",\"https:\\\/\\\/www.instagram.com\\\/noticiasmercedinas\\\/\",\"https:\\\/\\\/x.com\\\/https:\\\/\\\/twitter.com\\\/NOTMERCEDINAS\"],\"url\":\"https:\\\/\\\/noticiasmercedinas.com\\\/site\\\/author\\\/as000384\\\/\"}]}<\/script>\n<!-- \/ Yoast SEO plugin. -->","yoast_head_json":{"title":"Virginia Altube y Rulo Godar tocar\u00e1n juntos en Casa Balero","robots":{"index":"index","follow":"follow","max-snippet":"max-snippet:-1","max-image-preview":"max-image-preview:large","max-video-preview":"max-video-preview:-1"},"canonical":"https:\/\/noticiasmercedinas.com\/site\/2022\/06\/22\/virginia-altube-y-rulo-godar-tocaran-juntos-en-casa-balero\/","og_locale":"es_ES","og_type":"article","og_title":"Virginia Altube y Rulo Godar tocar\u00e1n juntos en Casa Balero","og_description":"\u25a0 Ser\u00e1n acompa\u00f1ados por Dami\u00e1n Tessore y Franco Dicatarina. El concierto es a la gorra y comenzar\u00e1 a las 19.00, el jueves 30 de junio","og_url":"https:\/\/noticiasmercedinas.com\/site\/2022\/06\/22\/virginia-altube-y-rulo-godar-tocaran-juntos-en-casa-balero\/","og_site_name":"NOTICIASMERCEDINAS.COM","article_publisher":"https:\/\/www.facebook.com\/noticiasmercedinas\/","article_author":"https:\/\/www.facebook.com\/cristian.falabella","article_published_time":"2022-06-22T14:15:59+00:00","article_modified_time":"2022-06-22T14:28:25+00:00","og_image":[{"width":1279,"height":1280,"url":"https:\/\/noticiasmercedinas.com\/site\/wp-content\/uploads\/2022\/06\/2af51536-7265-41a3-9b59-d2897cbfe852.jpg","type":"image\/jpeg"}],"author":"Cristian Falabella NOTICIASMERCEDINAS.COM","twitter_card":"summary_large_image","twitter_creator":"@https:\/\/twitter.com\/NOTMERCEDINAS","twitter_site":"@notmercedinas","twitter_misc":{"Escrito por":"Cristian Falabella NOTICIASMERCEDINAS.COM","Tiempo de lectura":"1 minuto"},"schema":{"@context":"https:\/\/schema.org","@graph":[{"@type":"Article","@id":"https:\/\/noticiasmercedinas.com\/site\/2022\/06\/22\/virginia-altube-y-rulo-godar-tocaran-juntos-en-casa-balero\/#article","isPartOf":{"@id":"https:\/\/noticiasmercedinas.com\/site\/2022\/06\/22\/virginia-altube-y-rulo-godar-tocaran-juntos-en-casa-balero\/"},"author":{"name":"Cristian Falabella NOTICIASMERCEDINAS.COM","@id":"https:\/\/noticiasmercedinas.com\/site\/#\/schema\/person\/d481a9696a5feaec13a60e2bbd991a6a"},"headline":"Virginia Altube y Rulo Godar tocar\u00e1n juntos en Casa Balero","datePublished":"2022-06-22T14:15:59+00:00","dateModified":"2022-06-22T14:28:25+00:00","mainEntityOfPage":{"@id":"https:\/\/noticiasmercedinas.com\/site\/2022\/06\/22\/virginia-altube-y-rulo-godar-tocaran-juntos-en-casa-balero\/"},"wordCount":241,"commentCount":0,"publisher":{"@id":"https:\/\/noticiasmercedinas.com\/site\/#organization"},"image":{"@id":"https:\/\/noticiasmercedinas.com\/site\/2022\/06\/22\/virginia-altube-y-rulo-godar-tocaran-juntos-en-casa-balero\/#primaryimage"},"thumbnailUrl":"https:\/\/noticiasmercedinas.com\/site\/wp-content\/uploads\/2022\/06\/2af51536-7265-41a3-9b59-d2897cbfe852.jpg","keywords":["casa balero","damian tessore","Franco Dicatarina","Rulo Godar","virginia altube"],"articleSection":["Cultura"],"inLanguage":"es","potentialAction":[{"@type":"CommentAction","name":"Comment","target":["https:\/\/noticiasmercedinas.com\/site\/2022\/06\/22\/virginia-altube-y-rulo-godar-tocaran-juntos-en-casa-balero\/#respond"]}]},{"@type":"WebPage","@id":"https:\/\/noticiasmercedinas.com\/site\/2022\/06\/22\/virginia-altube-y-rulo-godar-tocaran-juntos-en-casa-balero\/","url":"https:\/\/noticiasmercedinas.com\/site\/2022\/06\/22\/virginia-altube-y-rulo-godar-tocaran-juntos-en-casa-balero\/","name":"Virginia Altube y Rulo Godar tocar\u00e1n juntos en Casa Balero","isPartOf":{"@id":"https:\/\/noticiasmercedinas.com\/site\/#website"},"primaryImageOfPage":{"@id":"https:\/\/noticiasmercedinas.com\/site\/2022\/06\/22\/virginia-altube-y-rulo-godar-tocaran-juntos-en-casa-balero\/#primaryimage"},"image":{"@id":"https:\/\/noticiasmercedinas.com\/site\/2022\/06\/22\/virginia-altube-y-rulo-godar-tocaran-juntos-en-casa-balero\/#primaryimage"},"thumbnailUrl":"https:\/\/noticiasmercedinas.com\/site\/wp-content\/uploads\/2022\/06\/2af51536-7265-41a3-9b59-d2897cbfe852.jpg","datePublished":"2022-06-22T14:15:59+00:00","dateModified":"2022-06-22T14:28:25+00:00","breadcrumb":{"@id":"https:\/\/noticiasmercedinas.com\/site\/2022\/06\/22\/virginia-altube-y-rulo-godar-tocaran-juntos-en-casa-balero\/#breadcrumb"},"inLanguage":"es","potentialAction":[{"@type":"ReadAction","target":["https:\/\/noticiasmercedinas.com\/site\/2022\/06\/22\/virginia-altube-y-rulo-godar-tocaran-juntos-en-casa-balero\/"]}]},{"@type":"ImageObject","inLanguage":"es","@id":"https:\/\/noticiasmercedinas.com\/site\/2022\/06\/22\/virginia-altube-y-rulo-godar-tocaran-juntos-en-casa-balero\/#primaryimage","url":"https:\/\/noticiasmercedinas.com\/site\/wp-content\/uploads\/2022\/06\/2af51536-7265-41a3-9b59-d2897cbfe852.jpg","contentUrl":"https:\/\/noticiasmercedinas.com\/site\/wp-content\/uploads\/2022\/06\/2af51536-7265-41a3-9b59-d2897cbfe852.jpg","width":1279,"height":1280},{"@type":"BreadcrumbList","@id":"https:\/\/noticiasmercedinas.com\/site\/2022\/06\/22\/virginia-altube-y-rulo-godar-tocaran-juntos-en-casa-balero\/#breadcrumb","itemListElement":[{"@type":"ListItem","position":1,"name":"Portada","item":"https:\/\/noticiasmercedinas.com\/site\/"},{"@type":"ListItem","position":2,"name":"Virginia Altube y Rulo Godar tocar\u00e1n juntos en Casa Balero"}]},{"@type":"WebSite","@id":"https:\/\/noticiasmercedinas.com\/site\/#website","url":"https:\/\/noticiasmercedinas.com\/site\/","name":"NOTICIASMERCEDINAS.COM","description":"Mercedes, Buenos Aires, Argentina","publisher":{"@id":"https:\/\/noticiasmercedinas.com\/site\/#organization"},"potentialAction":[{"@type":"SearchAction","target":{"@type":"EntryPoint","urlTemplate":"https:\/\/noticiasmercedinas.com\/site\/?s={search_term_string}"},"query-input":{"@type":"PropertyValueSpecification","valueRequired":true,"valueName":"search_term_string"}}],"inLanguage":"es"},{"@type":"Organization","@id":"https:\/\/noticiasmercedinas.com\/site\/#organization","name":"NOTICIASMERCEDINAS.COM","url":"https:\/\/noticiasmercedinas.com\/site\/","logo":{"@type":"ImageObject","inLanguage":"es","@id":"https:\/\/noticiasmercedinas.com\/site\/#\/schema\/logo\/image\/","url":"https:\/\/noticiasmercedinas.com\/site\/wp-content\/uploads\/2020\/06\/LOGO-512.jpg","contentUrl":"https:\/\/noticiasmercedinas.com\/site\/wp-content\/uploads\/2020\/06\/LOGO-512.jpg","width":512,"height":512,"caption":"NOTICIASMERCEDINAS.COM"},"image":{"@id":"https:\/\/noticiasmercedinas.com\/site\/#\/schema\/logo\/image\/"},"sameAs":["https:\/\/www.facebook.com\/noticiasmercedinas\/","https:\/\/x.com\/notmercedinas","https:\/\/www.instagram.com\/noticiasmercedinas\/"]},{"@type":"Person","@id":"https:\/\/noticiasmercedinas.com\/site\/#\/schema\/person\/d481a9696a5feaec13a60e2bbd991a6a","name":"Cristian Falabella NOTICIASMERCEDINAS.COM","image":{"@type":"ImageObject","inLanguage":"es","@id":"https:\/\/secure.gravatar.com\/avatar\/0dbbfc45970cc46bcd0e57766228574ff3511d6eed045b182f536f0f478c1f06?s=96&d=mm&r=g","url":"https:\/\/secure.gravatar.com\/avatar\/0dbbfc45970cc46bcd0e57766228574ff3511d6eed045b182f536f0f478c1f06?s=96&d=mm&r=g","contentUrl":"https:\/\/secure.gravatar.com\/avatar\/0dbbfc45970cc46bcd0e57766228574ff3511d6eed045b182f536f0f478c1f06?s=96&d=mm&r=g","caption":"Cristian Falabella NOTICIASMERCEDINAS.COM"},"description":"Periodista, editor de Noticias Mercedinas. Pas\u00f3 por varias redacciones y emprendimientos de prensa, en distintos formatos y \u00e9pocas. Se especializ\u00f3 --y sigue haci\u00e9ndolo-- en comunicaci\u00f3n en la web y en junio de 2006 fund\u00f3 este diario digital.","sameAs":["https:\/\/noticiasmercedinas.com","https:\/\/www.facebook.com\/cristian.falabella","https:\/\/www.instagram.com\/noticiasmercedinas\/","https:\/\/x.com\/https:\/\/twitter.com\/NOTMERCEDINAS"],"url":"https:\/\/noticiasmercedinas.com\/site\/author\/as000384\/"}]}},"amp_enabled":true,"_links":{"self":[{"href":"https:\/\/noticiasmercedinas.com\/site\/wp-json\/wp\/v2\/posts\/93568","targetHints":{"allow":["GET"]}}],"collection":[{"href":"https:\/\/noticiasmercedinas.com\/site\/wp-json\/wp\/v2\/posts"}],"about":[{"href":"https:\/\/noticiasmercedinas.com\/site\/wp-json\/wp\/v2\/types\/post"}],"author":[{"embeddable":true,"href":"https:\/\/noticiasmercedinas.com\/site\/wp-json\/wp\/v2\/users\/2"}],"replies":[{"embeddable":true,"href":"https:\/\/noticiasmercedinas.com\/site\/wp-json\/wp\/v2\/comments?post=93568"}],"version-history":[{"count":2,"href":"https:\/\/noticiasmercedinas.com\/site\/wp-json\/wp\/v2\/posts\/93568\/revisions"}],"predecessor-version":[{"id":93573,"href":"https:\/\/noticiasmercedinas.com\/site\/wp-json\/wp\/v2\/posts\/93568\/revisions\/93573"}],"wp:featuredmedia":[{"embeddable":true,"href":"https:\/\/noticiasmercedinas.com\/site\/wp-json\/wp\/v2\/media\/93569"}],"wp:attachment":[{"href":"https:\/\/noticiasmercedinas.com\/site\/wp-json\/wp\/v2\/media?parent=93568"}],"wp:term":[{"taxonomy":"category","embeddable":true,"href":"https:\/\/noticiasmercedinas.com\/site\/wp-json\/wp\/v2\/categories?post=93568"},{"taxonomy":"post_tag","embeddable":true,"href":"https:\/\/noticiasmercedinas.com\/site\/wp-json\/wp\/v2\/tags?post=93568"}],"curies":[{"name":"wp","href":"https:\/\/api.w.org\/{rel}","templated":true}]}}