{"id":93640,"date":"2022-06-23T10:47:08","date_gmt":"2022-06-23T13:47:08","guid":{"rendered":"https:\/\/noticiasmercedinas.com\/site\/?p=93640"},"modified":"2022-06-23T10:47:08","modified_gmt":"2022-06-23T13:47:08","slug":"provincia-puso-en-marcha-el-plan-de-hospitales-sustentables","status":"publish","type":"post","link":"https:\/\/noticiasmercedinas.com\/site\/2022\/06\/23\/provincia-puso-en-marcha-el-plan-de-hospitales-sustentables\/","title":{"rendered":"Provincia puso en marcha el plan de Hospitales Sustentables"},"content":{"rendered":"<p><img loading=\"lazy\" decoding=\"async\" class=\"alignnone size-large wp-image-93641\" src=\"https:\/\/noticiasmercedinas.com\/site\/wp-content\/uploads\/2022\/06\/WhatsApp-Image-2022-06-23-at-9.19.16-AM-1024x683.jpeg\" alt=\"\" width=\"640\" height=\"427\" srcset=\"https:\/\/noticiasmercedinas.com\/site\/wp-content\/uploads\/2022\/06\/WhatsApp-Image-2022-06-23-at-9.19.16-AM-1024x683.jpeg 1024w, https:\/\/noticiasmercedinas.com\/site\/wp-content\/uploads\/2022\/06\/WhatsApp-Image-2022-06-23-at-9.19.16-AM-300x200.jpeg 300w, https:\/\/noticiasmercedinas.com\/site\/wp-content\/uploads\/2022\/06\/WhatsApp-Image-2022-06-23-at-9.19.16-AM-768x512.jpeg 768w, https:\/\/noticiasmercedinas.com\/site\/wp-content\/uploads\/2022\/06\/WhatsApp-Image-2022-06-23-at-9.19.16-AM-1536x1024.jpeg 1536w, https:\/\/noticiasmercedinas.com\/site\/wp-content\/uploads\/2022\/06\/WhatsApp-Image-2022-06-23-at-9.19.16-AM-640x427.jpeg 640w, https:\/\/noticiasmercedinas.com\/site\/wp-content\/uploads\/2022\/06\/WhatsApp-Image-2022-06-23-at-9.19.16-AM-1280x854.jpeg 1280w, https:\/\/noticiasmercedinas.com\/site\/wp-content\/uploads\/2022\/06\/WhatsApp-Image-2022-06-23-at-9.19.16-AM-681x454.jpeg 681w, https:\/\/noticiasmercedinas.com\/site\/wp-content\/uploads\/2022\/06\/WhatsApp-Image-2022-06-23-at-9.19.16-AM-1362x908.jpeg 1362w, https:\/\/noticiasmercedinas.com\/site\/wp-content\/uploads\/2022\/06\/WhatsApp-Image-2022-06-23-at-9.19.16-AM.jpeg 1600w\" sizes=\"auto, (max-width: 640px) 100vw, 640px\" \/><\/p>\n<p>Se estima que un hospital de gran tama\u00f1o puede generar hasta una tonelada de residuos por d\u00eda, frente a esto la Provincia lanz\u00f3 el Plan de Hospitales Sustentables con el objetivo de mejorar la gesti\u00f3n integral de residuos en los establecimientos sanitarios bonaerenses y fomentar la salud ambiental entre las y los trabajadores hospitalarios.<\/p>\n<p>La presentaci\u00f3n de esta iniciativa fue encabezada por el titular de la cartera sanitaria, <strong>Nicol\u00e1s Kreplak<\/strong>, y la ministra de Ambiente de la Provincia, <strong>Daniela Vilar<\/strong>, quienes destacaron la necesidad de desarrollar esta pol\u00edtica p\u00fablica para \u201cseguir construyendo una Provincia m\u00e1s sustentable, cuidando la salud y el entorno\u201d.<\/p>\n<p>\u201cLos hospitales necesitan ser atravesados por las pol\u00edticas ambientales, y eso da justo en el n\u00facleo de la cultura hospitalaria, necesitamos hospitales que se piensen integrados en su comunidad y que, adem\u00e1s, logren ayudar a que las econom\u00edas de sus territorios mejoren\u201d, detall\u00f3 el Ministro Kreplak durante el acto realizado ayer en el hospital \u201cSan Mart\u00edn\u201d de La Plata.<\/p>\n<p>\u201cPor eso -detall\u00f3- en lo concreto necesitamos que los hospitales trabajen mejor la producci\u00f3n de los residuos; que los puedan reducir todo lo necesario y separarlos para trabajar la disposici\u00f3n de los mismos de forma diferencial, de manera tal que lo reciclable se pueda trabajar en conjunto con las cooperativas de reciclado\u201d.<\/p>\n<p>Por su parte, la titular de la cartera de Ambiente bonaerense, Daniela Vilar, remarc\u00f3 que \u201cel Programa de hoy consiste en incorporar la perspectiva ambiental con pol\u00edticas p\u00fablicas espec\u00edficas en t\u00e9rminos de soberan\u00eda alimentaria y producci\u00f3n de alimentos, sana, segura, y soberana, y en t\u00e9rminos de gesti\u00f3n de los residuos, tanto los s\u00f3lidos urbanos como los patog\u00e9nicos; porque sabemos que es una problem\u00e1tica muy grande en todos los efectores de la Provincia\u201d.<\/p>\n<p>De acuerdo al diagn\u00f3stico realizado por ambos ministerios la gesti\u00f3n de los residuos que se realiz\u00f3 en los hospitales bonaerenses durante el 2021, fue moderada y con tendencia a cumplir los requisitos m\u00ednimos en el 30% de los casos.<\/p>\n<p>Ante esa situaci\u00f3n y con el fin de prevenir amenazas que afecten al bienestar y la salud ambiental, como as\u00ed tambi\u00e9n para mitigar su impacto econ\u00f3mico, social y ambiental, el Plan Provincial de Hospitales Sustentables tiene entre sus objetivos generales; el de formar a la comunidad hospitalaria en la gesti\u00f3n y el tratamiento de residuos, crear equipos de trabajo interno, reforzar la separaci\u00f3n en origen, y mejorar los circuitos de recolecci\u00f3n diferenciada interna.<\/p>\n<p>En ese sentido, ya se comenz\u00f3 a trabajar con el hospital San Mart\u00edn de La Plata, donde exist\u00edan galpones hist\u00f3ricos con acopio de residuos. All\u00ed, junto a las cooperativas de reciclado y las y los trabajadores sanitarios, se clasificaron los materiales para garantizar que los residuos reciclables lleguen a las cooperativas de reciclado; los patog\u00e9nicos y peligrosos se monitoreen, gestionen y dispongan con todas las medidas de seguridad necesarias; y los residuos electr\u00f3nicos se reciclen o refuncionalicen.<\/p>\n<p>Por otra parte, para la promoci\u00f3n de la salud ambiental el Programa permitir\u00e1 poner en valor los espacios naturales e incorporar plantas de especies nativas, integrar huertas agroecol\u00f3gicas y composteras comunitarias desde el Programa Cultivar Salud, impulsar la gesti\u00f3n eficiente del agua y la energ\u00eda; y realizar capacitaciones de pr\u00e1cticas sustentables para el personal de salud.<\/p>\n<p>Del acto de lanzamiento participaron tambi\u00e9n el jefe de Gabinete del ministerio de Salud, Salvador Giorgi, la subsecretaria de Gesti\u00f3n de la Informaci\u00f3n, Leticia Ceriani; junto a las subsecretarias de Pol\u00edtica Ambiental, Tamara Basteiro; y de Residuos S\u00f3lidos Urbanos y Econom\u00eda Circular, Jackie Flores, y el subsecretario de Fiscalizaci\u00f3n y Control, Luis Couyuopetru.<\/p>\n","protected":false},"excerpt":{"rendered":"<p>\u25a0 Es una iniciativa de las carteras de Salud y Ambiente para incorporar la perspectiva ambiental y transformar la gesti\u00f3n de residuos en los establecimientos sanitarios.<\/p>\n","protected":false},"author":16,"featured_media":93641,"comment_status":"open","ping_status":"open","sticky":false,"template":"","format":"standard","meta":{"footnotes":""},"categories":[7919],"tags":[224,71],"class_list":["post-93640","post","type-post","status-publish","format-standard","has-post-thumbnail","hentry","category-provinciales","tag-hospital","tag-salud"],"yoast_head":"<!-- This site is optimized with the Yoast SEO plugin v27.5 - https:\/\/yoast.com\/product\/yoast-seo-wordpress\/ -->\n<title>Provincia puso en marcha el plan de Hospitales Sustentables<\/title>\n<meta name=\"robots\" content=\"index, follow, max-snippet:-1, max-image-preview:large, max-video-preview:-1\" \/>\n<link rel=\"canonical\" href=\"https:\/\/noticiasmercedinas.com\/site\/2022\/06\/23\/provincia-puso-en-marcha-el-plan-de-hospitales-sustentables\/\" \/>\n<meta property=\"og:locale\" content=\"es_ES\" \/>\n<meta property=\"og:type\" content=\"article\" \/>\n<meta property=\"og:title\" content=\"Provincia puso en marcha el plan de Hospitales Sustentables\" \/>\n<meta property=\"og:description\" content=\"\u25a0 Es una iniciativa de las carteras de Salud y Ambiente para incorporar la perspectiva ambiental y transformar la gesti\u00f3n de residuos en los establecimientos sanitarios.\" \/>\n<meta property=\"og:url\" content=\"https:\/\/noticiasmercedinas.com\/site\/2022\/06\/23\/provincia-puso-en-marcha-el-plan-de-hospitales-sustentables\/\" \/>\n<meta property=\"og:site_name\" content=\"NOTICIASMERCEDINAS.COM\" \/>\n<meta property=\"article:publisher\" content=\"https:\/\/www.facebook.com\/noticiasmercedinas\/\" \/>\n<meta property=\"article:published_time\" content=\"2022-06-23T13:47:08+00:00\" \/>\n<meta property=\"og:image\" content=\"https:\/\/noticiasmercedinas.com\/site\/wp-content\/uploads\/2022\/06\/WhatsApp-Image-2022-06-23-at-9.19.16-AM.jpeg\" \/>\n\t<meta property=\"og:image:width\" content=\"1600\" \/>\n\t<meta property=\"og:image:height\" content=\"1067\" \/>\n\t<meta property=\"og:image:type\" content=\"image\/jpeg\" \/>\n<meta name=\"author\" content=\"NOTICIASMERCEDINAS.COM\" \/>\n<meta name=\"twitter:card\" content=\"summary_large_image\" \/>\n<meta name=\"twitter:creator\" content=\"@notmercedinas\" \/>\n<meta name=\"twitter:site\" content=\"@notmercedinas\" \/>\n<meta name=\"twitter:label1\" content=\"Escrito por\" \/>\n\t<meta name=\"twitter:data1\" content=\"NOTICIASMERCEDINAS.COM\" \/>\n\t<meta name=\"twitter:label2\" content=\"Tiempo de lectura\" \/>\n\t<meta name=\"twitter:data2\" content=\"3 minutos\" \/>\n<script type=\"application\/ld+json\" class=\"yoast-schema-graph\">{\"@context\":\"https:\\\/\\\/schema.org\",\"@graph\":[{\"@type\":\"Article\",\"@id\":\"https:\\\/\\\/noticiasmercedinas.com\\\/site\\\/2022\\\/06\\\/23\\\/provincia-puso-en-marcha-el-plan-de-hospitales-sustentables\\\/#article\",\"isPartOf\":{\"@id\":\"https:\\\/\\\/noticiasmercedinas.com\\\/site\\\/2022\\\/06\\\/23\\\/provincia-puso-en-marcha-el-plan-de-hospitales-sustentables\\\/\"},\"author\":{\"name\":\"NOTICIASMERCEDINAS.COM\",\"@id\":\"https:\\\/\\\/noticiasmercedinas.com\\\/site\\\/#\\\/schema\\\/person\\\/84b59c099c28ff2e8b77d4ceec5d8063\"},\"headline\":\"Provincia puso en marcha el plan de Hospitales Sustentables\",\"datePublished\":\"2022-06-23T13:47:08+00:00\",\"mainEntityOfPage\":{\"@id\":\"https:\\\/\\\/noticiasmercedinas.com\\\/site\\\/2022\\\/06\\\/23\\\/provincia-puso-en-marcha-el-plan-de-hospitales-sustentables\\\/\"},\"wordCount\":643,\"commentCount\":0,\"publisher\":{\"@id\":\"https:\\\/\\\/noticiasmercedinas.com\\\/site\\\/#organization\"},\"image\":{\"@id\":\"https:\\\/\\\/noticiasmercedinas.com\\\/site\\\/2022\\\/06\\\/23\\\/provincia-puso-en-marcha-el-plan-de-hospitales-sustentables\\\/#primaryimage\"},\"thumbnailUrl\":\"https:\\\/\\\/noticiasmercedinas.com\\\/site\\\/wp-content\\\/uploads\\\/2022\\\/06\\\/WhatsApp-Image-2022-06-23-at-9.19.16-AM.jpeg\",\"keywords\":[\"hospital\",\"salud\"],\"articleSection\":[\"Provinciales\"],\"inLanguage\":\"es\",\"potentialAction\":[{\"@type\":\"CommentAction\",\"name\":\"Comment\",\"target\":[\"https:\\\/\\\/noticiasmercedinas.com\\\/site\\\/2022\\\/06\\\/23\\\/provincia-puso-en-marcha-el-plan-de-hospitales-sustentables\\\/#respond\"]}]},{\"@type\":\"WebPage\",\"@id\":\"https:\\\/\\\/noticiasmercedinas.com\\\/site\\\/2022\\\/06\\\/23\\\/provincia-puso-en-marcha-el-plan-de-hospitales-sustentables\\\/\",\"url\":\"https:\\\/\\\/noticiasmercedinas.com\\\/site\\\/2022\\\/06\\\/23\\\/provincia-puso-en-marcha-el-plan-de-hospitales-sustentables\\\/\",\"name\":\"Provincia puso en marcha el plan de Hospitales Sustentables\",\"isPartOf\":{\"@id\":\"https:\\\/\\\/noticiasmercedinas.com\\\/site\\\/#website\"},\"primaryImageOfPage\":{\"@id\":\"https:\\\/\\\/noticiasmercedinas.com\\\/site\\\/2022\\\/06\\\/23\\\/provincia-puso-en-marcha-el-plan-de-hospitales-sustentables\\\/#primaryimage\"},\"image\":{\"@id\":\"https:\\\/\\\/noticiasmercedinas.com\\\/site\\\/2022\\\/06\\\/23\\\/provincia-puso-en-marcha-el-plan-de-hospitales-sustentables\\\/#primaryimage\"},\"thumbnailUrl\":\"https:\\\/\\\/noticiasmercedinas.com\\\/site\\\/wp-content\\\/uploads\\\/2022\\\/06\\\/WhatsApp-Image-2022-06-23-at-9.19.16-AM.jpeg\",\"datePublished\":\"2022-06-23T13:47:08+00:00\",\"breadcrumb\":{\"@id\":\"https:\\\/\\\/noticiasmercedinas.com\\\/site\\\/2022\\\/06\\\/23\\\/provincia-puso-en-marcha-el-plan-de-hospitales-sustentables\\\/#breadcrumb\"},\"inLanguage\":\"es\",\"potentialAction\":[{\"@type\":\"ReadAction\",\"target\":[\"https:\\\/\\\/noticiasmercedinas.com\\\/site\\\/2022\\\/06\\\/23\\\/provincia-puso-en-marcha-el-plan-de-hospitales-sustentables\\\/\"]}]},{\"@type\":\"ImageObject\",\"inLanguage\":\"es\",\"@id\":\"https:\\\/\\\/noticiasmercedinas.com\\\/site\\\/2022\\\/06\\\/23\\\/provincia-puso-en-marcha-el-plan-de-hospitales-sustentables\\\/#primaryimage\",\"url\":\"https:\\\/\\\/noticiasmercedinas.com\\\/site\\\/wp-content\\\/uploads\\\/2022\\\/06\\\/WhatsApp-Image-2022-06-23-at-9.19.16-AM.jpeg\",\"contentUrl\":\"https:\\\/\\\/noticiasmercedinas.com\\\/site\\\/wp-content\\\/uploads\\\/2022\\\/06\\\/WhatsApp-Image-2022-06-23-at-9.19.16-AM.jpeg\",\"width\":1600,\"height\":1067},{\"@type\":\"BreadcrumbList\",\"@id\":\"https:\\\/\\\/noticiasmercedinas.com\\\/site\\\/2022\\\/06\\\/23\\\/provincia-puso-en-marcha-el-plan-de-hospitales-sustentables\\\/#breadcrumb\",\"itemListElement\":[{\"@type\":\"ListItem\",\"position\":1,\"name\":\"Portada\",\"item\":\"https:\\\/\\\/noticiasmercedinas.com\\\/site\\\/\"},{\"@type\":\"ListItem\",\"position\":2,\"name\":\"Provincia puso en marcha el plan de Hospitales Sustentables\"}]},{\"@type\":\"WebSite\",\"@id\":\"https:\\\/\\\/noticiasmercedinas.com\\\/site\\\/#website\",\"url\":\"https:\\\/\\\/noticiasmercedinas.com\\\/site\\\/\",\"name\":\"NOTICIASMERCEDINAS.COM\",\"description\":\"Mercedes, Buenos Aires, Argentina\",\"publisher\":{\"@id\":\"https:\\\/\\\/noticiasmercedinas.com\\\/site\\\/#organization\"},\"potentialAction\":[{\"@type\":\"SearchAction\",\"target\":{\"@type\":\"EntryPoint\",\"urlTemplate\":\"https:\\\/\\\/noticiasmercedinas.com\\\/site\\\/?s={search_term_string}\"},\"query-input\":{\"@type\":\"PropertyValueSpecification\",\"valueRequired\":true,\"valueName\":\"search_term_string\"}}],\"inLanguage\":\"es\"},{\"@type\":\"Organization\",\"@id\":\"https:\\\/\\\/noticiasmercedinas.com\\\/site\\\/#organization\",\"name\":\"NOTICIASMERCEDINAS.COM\",\"url\":\"https:\\\/\\\/noticiasmercedinas.com\\\/site\\\/\",\"logo\":{\"@type\":\"ImageObject\",\"inLanguage\":\"es\",\"@id\":\"https:\\\/\\\/noticiasmercedinas.com\\\/site\\\/#\\\/schema\\\/logo\\\/image\\\/\",\"url\":\"https:\\\/\\\/noticiasmercedinas.com\\\/site\\\/wp-content\\\/uploads\\\/2020\\\/06\\\/LOGO-512.jpg\",\"contentUrl\":\"https:\\\/\\\/noticiasmercedinas.com\\\/site\\\/wp-content\\\/uploads\\\/2020\\\/06\\\/LOGO-512.jpg\",\"width\":512,\"height\":512,\"caption\":\"NOTICIASMERCEDINAS.COM\"},\"image\":{\"@id\":\"https:\\\/\\\/noticiasmercedinas.com\\\/site\\\/#\\\/schema\\\/logo\\\/image\\\/\"},\"sameAs\":[\"https:\\\/\\\/www.facebook.com\\\/noticiasmercedinas\\\/\",\"https:\\\/\\\/x.com\\\/notmercedinas\",\"https:\\\/\\\/www.instagram.com\\\/noticiasmercedinas\\\/\"]},{\"@type\":\"Person\",\"@id\":\"https:\\\/\\\/noticiasmercedinas.com\\\/site\\\/#\\\/schema\\\/person\\\/84b59c099c28ff2e8b77d4ceec5d8063\",\"name\":\"NOTICIASMERCEDINAS.COM\",\"image\":{\"@type\":\"ImageObject\",\"inLanguage\":\"es\",\"@id\":\"https:\\\/\\\/secure.gravatar.com\\\/avatar\\\/4dfbf16b4d17945bfb6341b2d19043457132fcf478a5ee04f42e959fd8f5df0a?s=96&d=mm&r=g\",\"url\":\"https:\\\/\\\/secure.gravatar.com\\\/avatar\\\/4dfbf16b4d17945bfb6341b2d19043457132fcf478a5ee04f42e959fd8f5df0a?s=96&d=mm&r=g\",\"contentUrl\":\"https:\\\/\\\/secure.gravatar.com\\\/avatar\\\/4dfbf16b4d17945bfb6341b2d19043457132fcf478a5ee04f42e959fd8f5df0a?s=96&d=mm&r=g\",\"caption\":\"NOTICIASMERCEDINAS.COM\"},\"url\":\"https:\\\/\\\/noticiasmercedinas.com\\\/site\\\/author\\\/anonimo\\\/\"}]}<\/script>\n<!-- \/ Yoast SEO plugin. -->","yoast_head_json":{"title":"Provincia puso en marcha el plan de Hospitales Sustentables","robots":{"index":"index","follow":"follow","max-snippet":"max-snippet:-1","max-image-preview":"max-image-preview:large","max-video-preview":"max-video-preview:-1"},"canonical":"https:\/\/noticiasmercedinas.com\/site\/2022\/06\/23\/provincia-puso-en-marcha-el-plan-de-hospitales-sustentables\/","og_locale":"es_ES","og_type":"article","og_title":"Provincia puso en marcha el plan de Hospitales Sustentables","og_description":"\u25a0 Es una iniciativa de las carteras de Salud y Ambiente para incorporar la perspectiva ambiental y transformar la gesti\u00f3n de residuos en los establecimientos sanitarios.","og_url":"https:\/\/noticiasmercedinas.com\/site\/2022\/06\/23\/provincia-puso-en-marcha-el-plan-de-hospitales-sustentables\/","og_site_name":"NOTICIASMERCEDINAS.COM","article_publisher":"https:\/\/www.facebook.com\/noticiasmercedinas\/","article_published_time":"2022-06-23T13:47:08+00:00","og_image":[{"width":1600,"height":1067,"url":"https:\/\/noticiasmercedinas.com\/site\/wp-content\/uploads\/2022\/06\/WhatsApp-Image-2022-06-23-at-9.19.16-AM.jpeg","type":"image\/jpeg"}],"author":"NOTICIASMERCEDINAS.COM","twitter_card":"summary_large_image","twitter_creator":"@notmercedinas","twitter_site":"@notmercedinas","twitter_misc":{"Escrito por":"NOTICIASMERCEDINAS.COM","Tiempo de lectura":"3 minutos"},"schema":{"@context":"https:\/\/schema.org","@graph":[{"@type":"Article","@id":"https:\/\/noticiasmercedinas.com\/site\/2022\/06\/23\/provincia-puso-en-marcha-el-plan-de-hospitales-sustentables\/#article","isPartOf":{"@id":"https:\/\/noticiasmercedinas.com\/site\/2022\/06\/23\/provincia-puso-en-marcha-el-plan-de-hospitales-sustentables\/"},"author":{"name":"NOTICIASMERCEDINAS.COM","@id":"https:\/\/noticiasmercedinas.com\/site\/#\/schema\/person\/84b59c099c28ff2e8b77d4ceec5d8063"},"headline":"Provincia puso en marcha el plan de Hospitales Sustentables","datePublished":"2022-06-23T13:47:08+00:00","mainEntityOfPage":{"@id":"https:\/\/noticiasmercedinas.com\/site\/2022\/06\/23\/provincia-puso-en-marcha-el-plan-de-hospitales-sustentables\/"},"wordCount":643,"commentCount":0,"publisher":{"@id":"https:\/\/noticiasmercedinas.com\/site\/#organization"},"image":{"@id":"https:\/\/noticiasmercedinas.com\/site\/2022\/06\/23\/provincia-puso-en-marcha-el-plan-de-hospitales-sustentables\/#primaryimage"},"thumbnailUrl":"https:\/\/noticiasmercedinas.com\/site\/wp-content\/uploads\/2022\/06\/WhatsApp-Image-2022-06-23-at-9.19.16-AM.jpeg","keywords":["hospital","salud"],"articleSection":["Provinciales"],"inLanguage":"es","potentialAction":[{"@type":"CommentAction","name":"Comment","target":["https:\/\/noticiasmercedinas.com\/site\/2022\/06\/23\/provincia-puso-en-marcha-el-plan-de-hospitales-sustentables\/#respond"]}]},{"@type":"WebPage","@id":"https:\/\/noticiasmercedinas.com\/site\/2022\/06\/23\/provincia-puso-en-marcha-el-plan-de-hospitales-sustentables\/","url":"https:\/\/noticiasmercedinas.com\/site\/2022\/06\/23\/provincia-puso-en-marcha-el-plan-de-hospitales-sustentables\/","name":"Provincia puso en marcha el plan de Hospitales Sustentables","isPartOf":{"@id":"https:\/\/noticiasmercedinas.com\/site\/#website"},"primaryImageOfPage":{"@id":"https:\/\/noticiasmercedinas.com\/site\/2022\/06\/23\/provincia-puso-en-marcha-el-plan-de-hospitales-sustentables\/#primaryimage"},"image":{"@id":"https:\/\/noticiasmercedinas.com\/site\/2022\/06\/23\/provincia-puso-en-marcha-el-plan-de-hospitales-sustentables\/#primaryimage"},"thumbnailUrl":"https:\/\/noticiasmercedinas.com\/site\/wp-content\/uploads\/2022\/06\/WhatsApp-Image-2022-06-23-at-9.19.16-AM.jpeg","datePublished":"2022-06-23T13:47:08+00:00","breadcrumb":{"@id":"https:\/\/noticiasmercedinas.com\/site\/2022\/06\/23\/provincia-puso-en-marcha-el-plan-de-hospitales-sustentables\/#breadcrumb"},"inLanguage":"es","potentialAction":[{"@type":"ReadAction","target":["https:\/\/noticiasmercedinas.com\/site\/2022\/06\/23\/provincia-puso-en-marcha-el-plan-de-hospitales-sustentables\/"]}]},{"@type":"ImageObject","inLanguage":"es","@id":"https:\/\/noticiasmercedinas.com\/site\/2022\/06\/23\/provincia-puso-en-marcha-el-plan-de-hospitales-sustentables\/#primaryimage","url":"https:\/\/noticiasmercedinas.com\/site\/wp-content\/uploads\/2022\/06\/WhatsApp-Image-2022-06-23-at-9.19.16-AM.jpeg","contentUrl":"https:\/\/noticiasmercedinas.com\/site\/wp-content\/uploads\/2022\/06\/WhatsApp-Image-2022-06-23-at-9.19.16-AM.jpeg","width":1600,"height":1067},{"@type":"BreadcrumbList","@id":"https:\/\/noticiasmercedinas.com\/site\/2022\/06\/23\/provincia-puso-en-marcha-el-plan-de-hospitales-sustentables\/#breadcrumb","itemListElement":[{"@type":"ListItem","position":1,"name":"Portada","item":"https:\/\/noticiasmercedinas.com\/site\/"},{"@type":"ListItem","position":2,"name":"Provincia puso en marcha el plan de Hospitales Sustentables"}]},{"@type":"WebSite","@id":"https:\/\/noticiasmercedinas.com\/site\/#website","url":"https:\/\/noticiasmercedinas.com\/site\/","name":"NOTICIASMERCEDINAS.COM","description":"Mercedes, Buenos Aires, Argentina","publisher":{"@id":"https:\/\/noticiasmercedinas.com\/site\/#organization"},"potentialAction":[{"@type":"SearchAction","target":{"@type":"EntryPoint","urlTemplate":"https:\/\/noticiasmercedinas.com\/site\/?s={search_term_string}"},"query-input":{"@type":"PropertyValueSpecification","valueRequired":true,"valueName":"search_term_string"}}],"inLanguage":"es"},{"@type":"Organization","@id":"https:\/\/noticiasmercedinas.com\/site\/#organization","name":"NOTICIASMERCEDINAS.COM","url":"https:\/\/noticiasmercedinas.com\/site\/","logo":{"@type":"ImageObject","inLanguage":"es","@id":"https:\/\/noticiasmercedinas.com\/site\/#\/schema\/logo\/image\/","url":"https:\/\/noticiasmercedinas.com\/site\/wp-content\/uploads\/2020\/06\/LOGO-512.jpg","contentUrl":"https:\/\/noticiasmercedinas.com\/site\/wp-content\/uploads\/2020\/06\/LOGO-512.jpg","width":512,"height":512,"caption":"NOTICIASMERCEDINAS.COM"},"image":{"@id":"https:\/\/noticiasmercedinas.com\/site\/#\/schema\/logo\/image\/"},"sameAs":["https:\/\/www.facebook.com\/noticiasmercedinas\/","https:\/\/x.com\/notmercedinas","https:\/\/www.instagram.com\/noticiasmercedinas\/"]},{"@type":"Person","@id":"https:\/\/noticiasmercedinas.com\/site\/#\/schema\/person\/84b59c099c28ff2e8b77d4ceec5d8063","name":"NOTICIASMERCEDINAS.COM","image":{"@type":"ImageObject","inLanguage":"es","@id":"https:\/\/secure.gravatar.com\/avatar\/4dfbf16b4d17945bfb6341b2d19043457132fcf478a5ee04f42e959fd8f5df0a?s=96&d=mm&r=g","url":"https:\/\/secure.gravatar.com\/avatar\/4dfbf16b4d17945bfb6341b2d19043457132fcf478a5ee04f42e959fd8f5df0a?s=96&d=mm&r=g","contentUrl":"https:\/\/secure.gravatar.com\/avatar\/4dfbf16b4d17945bfb6341b2d19043457132fcf478a5ee04f42e959fd8f5df0a?s=96&d=mm&r=g","caption":"NOTICIASMERCEDINAS.COM"},"url":"https:\/\/noticiasmercedinas.com\/site\/author\/anonimo\/"}]}},"amp_enabled":true,"_links":{"self":[{"href":"https:\/\/noticiasmercedinas.com\/site\/wp-json\/wp\/v2\/posts\/93640","targetHints":{"allow":["GET"]}}],"collection":[{"href":"https:\/\/noticiasmercedinas.com\/site\/wp-json\/wp\/v2\/posts"}],"about":[{"href":"https:\/\/noticiasmercedinas.com\/site\/wp-json\/wp\/v2\/types\/post"}],"author":[{"embeddable":true,"href":"https:\/\/noticiasmercedinas.com\/site\/wp-json\/wp\/v2\/users\/16"}],"replies":[{"embeddable":true,"href":"https:\/\/noticiasmercedinas.com\/site\/wp-json\/wp\/v2\/comments?post=93640"}],"version-history":[{"count":1,"href":"https:\/\/noticiasmercedinas.com\/site\/wp-json\/wp\/v2\/posts\/93640\/revisions"}],"predecessor-version":[{"id":93642,"href":"https:\/\/noticiasmercedinas.com\/site\/wp-json\/wp\/v2\/posts\/93640\/revisions\/93642"}],"wp:featuredmedia":[{"embeddable":true,"href":"https:\/\/noticiasmercedinas.com\/site\/wp-json\/wp\/v2\/media\/93641"}],"wp:attachment":[{"href":"https:\/\/noticiasmercedinas.com\/site\/wp-json\/wp\/v2\/media?parent=93640"}],"wp:term":[{"taxonomy":"category","embeddable":true,"href":"https:\/\/noticiasmercedinas.com\/site\/wp-json\/wp\/v2\/categories?post=93640"},{"taxonomy":"post_tag","embeddable":true,"href":"https:\/\/noticiasmercedinas.com\/site\/wp-json\/wp\/v2\/tags?post=93640"}],"curies":[{"name":"wp","href":"https:\/\/api.w.org\/{rel}","templated":true}]}}