{"id":93849,"date":"2022-06-26T10:29:06","date_gmt":"2022-06-26T13:29:06","guid":{"rendered":"https:\/\/noticiasmercedinas.com\/site\/?p=93849"},"modified":"2022-06-26T10:29:06","modified_gmt":"2022-06-26T13:29:06","slug":"prestamo-internacional-para-avances-en-20-km-de-autopista-mercedes-suipacha","status":"publish","type":"post","link":"https:\/\/noticiasmercedinas.com\/site\/2022\/06\/26\/prestamo-internacional-para-avances-en-20-km-de-autopista-mercedes-suipacha\/","title":{"rendered":"Pr\u00e9stamo internacional para avances en 20 km de autopista Mercedes \u2013 Suipacha"},"content":{"rendered":"<p><img loading=\"lazy\" decoding=\"async\" class=\"alignnone size-large wp-image-60102\" src=\"https:\/\/noticiasmercedinas.com\/site\/wp-content\/uploads\/2021\/01\/Gustavo-Arrieta-superviso-el-avance-de-obras-de-la-Autopista-Pilar-Pergamino-I-1024x576.jpeg\" alt=\"\" width=\"640\" height=\"360\" srcset=\"https:\/\/noticiasmercedinas.com\/site\/wp-content\/uploads\/2021\/01\/Gustavo-Arrieta-superviso-el-avance-de-obras-de-la-Autopista-Pilar-Pergamino-I-1024x576.jpeg 1024w, https:\/\/noticiasmercedinas.com\/site\/wp-content\/uploads\/2021\/01\/Gustavo-Arrieta-superviso-el-avance-de-obras-de-la-Autopista-Pilar-Pergamino-I-300x169.jpeg 300w, https:\/\/noticiasmercedinas.com\/site\/wp-content\/uploads\/2021\/01\/Gustavo-Arrieta-superviso-el-avance-de-obras-de-la-Autopista-Pilar-Pergamino-I-768x432.jpeg 768w, https:\/\/noticiasmercedinas.com\/site\/wp-content\/uploads\/2021\/01\/Gustavo-Arrieta-superviso-el-avance-de-obras-de-la-Autopista-Pilar-Pergamino-I-640x360.jpeg 640w, https:\/\/noticiasmercedinas.com\/site\/wp-content\/uploads\/2021\/01\/Gustavo-Arrieta-superviso-el-avance-de-obras-de-la-Autopista-Pilar-Pergamino-I-681x383.jpeg 681w, https:\/\/noticiasmercedinas.com\/site\/wp-content\/uploads\/2021\/01\/Gustavo-Arrieta-superviso-el-avance-de-obras-de-la-Autopista-Pilar-Pergamino-I.jpeg 1280w\" sizes=\"auto, (max-width: 640px) 100vw, 640px\" \/><\/p>\n<p>El Ministerio de Obras P\u00fablicas firm\u00f3 convenios para concretar pr\u00e9stamos con el Banco de Desarrollo de Am\u00e9rica Latina (CAF), destinados a avanzar con programas de corredores log\u00edsticos de integraci\u00f3n e infraestructura universitaria.<\/p>\n<p>Tal cual se inform\u00f3 oficialmente, en la r\u00fabrica estuvieron presentes el secretario de Asuntos Estrat\u00e9gicos, Gustavo B\u00e9liz; el secretario de Gesti\u00f3n Administrativa del Ministerio de Obras P\u00fablicas, Guillermo Sauro; el presidente del Banco de Desarrollo de Am\u00e9rica Latina (CAF), Sergio D\u00edaz-Granados; y el vicepresidente, Christian Asinelli.<\/p>\n<blockquote><p>El Ministerio de Obras P\u00fablicas lleva adelante 2 proyectos en el marco del Programa de Corredores Log\u00edsticos de Integraci\u00f3n en las localidades de San Miguel del Monte, General Belgrano, Mercedes y Suipacha<\/p><\/blockquote>\n<p>Las obras, que requerir\u00e1n un monto de $35.870 millones en total, son estrat\u00e9gicas para potenciar el desarrollo en todo el pa\u00eds, y estar\u00e1n a cargo de Vialidad Nacional, y la Secretar\u00eda de Obras P\u00fablicas en conjunto con el Ministerio de Educaci\u00f3n.<\/p>\n<p>El Ministerio de Obras P\u00fablicas lleva adelante 2 proyectos en el marco del Programa de Corredores Log\u00edsticos de Integraci\u00f3n en las localidades de San Miguel del Monte, General Belgrano, Mercedes y Suipacha en la provincia de Buenos Aires.<\/p>\n<p>En esas localidades se proyecta la finalizaci\u00f3n de la Variante San Miguel del Monte de la Autopista Ruta Nacional 3, en el Acceso a Gorchs y el inicio de la Variante Suipacha en 20 km de la Autopista de Ruta Nacional 5, entre Mercedes y Suipacha.<\/p>\n<p>El objetivo general del Programa es contribuir a la consolidaci\u00f3n de corredores viales favoreciendo la integraci\u00f3n regional, as\u00ed como ampliar la capacidad de la infraestructura vial existente, reducir el tiempo de viaje de los usuarios de las redes viales, los costos de operaci\u00f3n de los veh\u00edculos y mejorar la seguridad vial.<\/p>\n<p>Asimismo, en el marco del Programa Nacional de Infraestructura Universitaria se financiar\u00e1 una nueva etapa que contempla 70 obras de refacci\u00f3n y ampliaci\u00f3n en 28 universidades de todo el pa\u00eds y 5 intervenciones en escuelas de formaci\u00f3n profesional, que incluyen dotaciones de equipamiento, en articulaci\u00f3n con el Ministerio de Educaci\u00f3n.<\/p>\n<p>Actualmente, se encuentran vigentes 265 obras y proyectos, de las cuales 165 son parte del fortalecimiento de la infraestructura universitaria. Adem\u00e1s, se construir\u00e1n 100 Escuelas T\u00e9cnicas de Educaci\u00f3n Profesional Secundaria.<\/p>\n","protected":false},"excerpt":{"rendered":"<p>\u25a0 Firmaron convenios entre el Ministerio de Obras P\u00fablicas y el Banco de Desarrollo de Am\u00e9rica Latina. Se trata de programas de corredores log\u00edsticos de integraci\u00f3n e infraestructura universitaria.<\/p>\n","protected":false},"author":16,"featured_media":60102,"comment_status":"open","ping_status":"open","sticky":false,"template":"","format":"standard","meta":{"footnotes":""},"categories":[3],"tags":[1314,23,36,1095],"class_list":["post-93849","post","type-post","status-publish","format-standard","has-post-thumbnail","hentry","category-sociedad","tag-autopista-5","tag-mercedes","tag-obras","tag-suipacha"],"yoast_head":"<!-- This site is optimized with the Yoast SEO plugin v27.4 - https:\/\/yoast.com\/product\/yoast-seo-wordpress\/ -->\n<title>Pr\u00e9stamo internacional para avances en 20 km de autopista Mercedes \u2013 Suipacha<\/title>\n<meta name=\"robots\" content=\"index, follow, max-snippet:-1, max-image-preview:large, max-video-preview:-1\" \/>\n<link rel=\"canonical\" href=\"https:\/\/noticiasmercedinas.com\/site\/2022\/06\/26\/prestamo-internacional-para-avances-en-20-km-de-autopista-mercedes-suipacha\/\" \/>\n<meta property=\"og:locale\" content=\"es_ES\" \/>\n<meta property=\"og:type\" content=\"article\" \/>\n<meta property=\"og:title\" content=\"Pr\u00e9stamo internacional para avances en 20 km de autopista Mercedes \u2013 Suipacha\" \/>\n<meta property=\"og:description\" content=\"\u25a0 Firmaron convenios entre el Ministerio de Obras P\u00fablicas y el Banco de Desarrollo de Am\u00e9rica Latina. Se trata de programas de corredores log\u00edsticos de integraci\u00f3n e infraestructura universitaria.\" \/>\n<meta property=\"og:url\" content=\"https:\/\/noticiasmercedinas.com\/site\/2022\/06\/26\/prestamo-internacional-para-avances-en-20-km-de-autopista-mercedes-suipacha\/\" \/>\n<meta property=\"og:site_name\" content=\"NOTICIASMERCEDINAS.COM\" \/>\n<meta property=\"article:publisher\" content=\"https:\/\/www.facebook.com\/noticiasmercedinas\/\" \/>\n<meta property=\"article:published_time\" content=\"2022-06-26T13:29:06+00:00\" \/>\n<meta property=\"og:image\" content=\"https:\/\/noticiasmercedinas.com\/site\/wp-content\/uploads\/2021\/01\/Gustavo-Arrieta-superviso-el-avance-de-obras-de-la-Autopista-Pilar-Pergamino-I.jpeg\" \/>\n\t<meta property=\"og:image:width\" content=\"1280\" \/>\n\t<meta property=\"og:image:height\" content=\"720\" \/>\n\t<meta property=\"og:image:type\" content=\"image\/jpeg\" \/>\n<meta name=\"author\" content=\"NOTICIASMERCEDINAS.COM\" \/>\n<meta name=\"twitter:card\" content=\"summary_large_image\" \/>\n<meta name=\"twitter:creator\" content=\"@notmercedinas\" \/>\n<meta name=\"twitter:site\" content=\"@notmercedinas\" \/>\n<meta name=\"twitter:label1\" content=\"Escrito por\" \/>\n\t<meta name=\"twitter:data1\" content=\"NOTICIASMERCEDINAS.COM\" \/>\n\t<meta name=\"twitter:label2\" content=\"Tiempo de lectura\" \/>\n\t<meta name=\"twitter:data2\" content=\"2 minutos\" \/>\n<script type=\"application\/ld+json\" class=\"yoast-schema-graph\">{\"@context\":\"https:\\\/\\\/schema.org\",\"@graph\":[{\"@type\":\"Article\",\"@id\":\"https:\\\/\\\/noticiasmercedinas.com\\\/site\\\/2022\\\/06\\\/26\\\/prestamo-internacional-para-avances-en-20-km-de-autopista-mercedes-suipacha\\\/#article\",\"isPartOf\":{\"@id\":\"https:\\\/\\\/noticiasmercedinas.com\\\/site\\\/2022\\\/06\\\/26\\\/prestamo-internacional-para-avances-en-20-km-de-autopista-mercedes-suipacha\\\/\"},\"author\":{\"name\":\"NOTICIASMERCEDINAS.COM\",\"@id\":\"https:\\\/\\\/noticiasmercedinas.com\\\/site\\\/#\\\/schema\\\/person\\\/84b59c099c28ff2e8b77d4ceec5d8063\"},\"headline\":\"Pr\u00e9stamo internacional para avances en 20 km de autopista Mercedes \u2013 Suipacha\",\"datePublished\":\"2022-06-26T13:29:06+00:00\",\"mainEntityOfPage\":{\"@id\":\"https:\\\/\\\/noticiasmercedinas.com\\\/site\\\/2022\\\/06\\\/26\\\/prestamo-internacional-para-avances-en-20-km-de-autopista-mercedes-suipacha\\\/\"},\"wordCount\":405,\"commentCount\":0,\"publisher\":{\"@id\":\"https:\\\/\\\/noticiasmercedinas.com\\\/site\\\/#organization\"},\"image\":{\"@id\":\"https:\\\/\\\/noticiasmercedinas.com\\\/site\\\/2022\\\/06\\\/26\\\/prestamo-internacional-para-avances-en-20-km-de-autopista-mercedes-suipacha\\\/#primaryimage\"},\"thumbnailUrl\":\"https:\\\/\\\/noticiasmercedinas.com\\\/site\\\/wp-content\\\/uploads\\\/2021\\\/01\\\/Gustavo-Arrieta-superviso-el-avance-de-obras-de-la-Autopista-Pilar-Pergamino-I.jpeg\",\"keywords\":[\"autopista 5\",\"mercedes\",\"obras\",\"suipacha\"],\"articleSection\":[\"Sociedad\"],\"inLanguage\":\"es\",\"potentialAction\":[{\"@type\":\"CommentAction\",\"name\":\"Comment\",\"target\":[\"https:\\\/\\\/noticiasmercedinas.com\\\/site\\\/2022\\\/06\\\/26\\\/prestamo-internacional-para-avances-en-20-km-de-autopista-mercedes-suipacha\\\/#respond\"]}]},{\"@type\":\"WebPage\",\"@id\":\"https:\\\/\\\/noticiasmercedinas.com\\\/site\\\/2022\\\/06\\\/26\\\/prestamo-internacional-para-avances-en-20-km-de-autopista-mercedes-suipacha\\\/\",\"url\":\"https:\\\/\\\/noticiasmercedinas.com\\\/site\\\/2022\\\/06\\\/26\\\/prestamo-internacional-para-avances-en-20-km-de-autopista-mercedes-suipacha\\\/\",\"name\":\"Pr\u00e9stamo internacional para avances en 20 km de autopista Mercedes \u2013 Suipacha\",\"isPartOf\":{\"@id\":\"https:\\\/\\\/noticiasmercedinas.com\\\/site\\\/#website\"},\"primaryImageOfPage\":{\"@id\":\"https:\\\/\\\/noticiasmercedinas.com\\\/site\\\/2022\\\/06\\\/26\\\/prestamo-internacional-para-avances-en-20-km-de-autopista-mercedes-suipacha\\\/#primaryimage\"},\"image\":{\"@id\":\"https:\\\/\\\/noticiasmercedinas.com\\\/site\\\/2022\\\/06\\\/26\\\/prestamo-internacional-para-avances-en-20-km-de-autopista-mercedes-suipacha\\\/#primaryimage\"},\"thumbnailUrl\":\"https:\\\/\\\/noticiasmercedinas.com\\\/site\\\/wp-content\\\/uploads\\\/2021\\\/01\\\/Gustavo-Arrieta-superviso-el-avance-de-obras-de-la-Autopista-Pilar-Pergamino-I.jpeg\",\"datePublished\":\"2022-06-26T13:29:06+00:00\",\"breadcrumb\":{\"@id\":\"https:\\\/\\\/noticiasmercedinas.com\\\/site\\\/2022\\\/06\\\/26\\\/prestamo-internacional-para-avances-en-20-km-de-autopista-mercedes-suipacha\\\/#breadcrumb\"},\"inLanguage\":\"es\",\"potentialAction\":[{\"@type\":\"ReadAction\",\"target\":[\"https:\\\/\\\/noticiasmercedinas.com\\\/site\\\/2022\\\/06\\\/26\\\/prestamo-internacional-para-avances-en-20-km-de-autopista-mercedes-suipacha\\\/\"]}]},{\"@type\":\"ImageObject\",\"inLanguage\":\"es\",\"@id\":\"https:\\\/\\\/noticiasmercedinas.com\\\/site\\\/2022\\\/06\\\/26\\\/prestamo-internacional-para-avances-en-20-km-de-autopista-mercedes-suipacha\\\/#primaryimage\",\"url\":\"https:\\\/\\\/noticiasmercedinas.com\\\/site\\\/wp-content\\\/uploads\\\/2021\\\/01\\\/Gustavo-Arrieta-superviso-el-avance-de-obras-de-la-Autopista-Pilar-Pergamino-I.jpeg\",\"contentUrl\":\"https:\\\/\\\/noticiasmercedinas.com\\\/site\\\/wp-content\\\/uploads\\\/2021\\\/01\\\/Gustavo-Arrieta-superviso-el-avance-de-obras-de-la-Autopista-Pilar-Pergamino-I.jpeg\",\"width\":1280,\"height\":720},{\"@type\":\"BreadcrumbList\",\"@id\":\"https:\\\/\\\/noticiasmercedinas.com\\\/site\\\/2022\\\/06\\\/26\\\/prestamo-internacional-para-avances-en-20-km-de-autopista-mercedes-suipacha\\\/#breadcrumb\",\"itemListElement\":[{\"@type\":\"ListItem\",\"position\":1,\"name\":\"Portada\",\"item\":\"https:\\\/\\\/noticiasmercedinas.com\\\/site\\\/\"},{\"@type\":\"ListItem\",\"position\":2,\"name\":\"Pr\u00e9stamo internacional para avances en 20 km de autopista Mercedes \u2013 Suipacha\"}]},{\"@type\":\"WebSite\",\"@id\":\"https:\\\/\\\/noticiasmercedinas.com\\\/site\\\/#website\",\"url\":\"https:\\\/\\\/noticiasmercedinas.com\\\/site\\\/\",\"name\":\"NOTICIASMERCEDINAS.COM\",\"description\":\"Mercedes, Buenos Aires, Argentina\",\"publisher\":{\"@id\":\"https:\\\/\\\/noticiasmercedinas.com\\\/site\\\/#organization\"},\"potentialAction\":[{\"@type\":\"SearchAction\",\"target\":{\"@type\":\"EntryPoint\",\"urlTemplate\":\"https:\\\/\\\/noticiasmercedinas.com\\\/site\\\/?s={search_term_string}\"},\"query-input\":{\"@type\":\"PropertyValueSpecification\",\"valueRequired\":true,\"valueName\":\"search_term_string\"}}],\"inLanguage\":\"es\"},{\"@type\":\"Organization\",\"@id\":\"https:\\\/\\\/noticiasmercedinas.com\\\/site\\\/#organization\",\"name\":\"NOTICIASMERCEDINAS.COM\",\"url\":\"https:\\\/\\\/noticiasmercedinas.com\\\/site\\\/\",\"logo\":{\"@type\":\"ImageObject\",\"inLanguage\":\"es\",\"@id\":\"https:\\\/\\\/noticiasmercedinas.com\\\/site\\\/#\\\/schema\\\/logo\\\/image\\\/\",\"url\":\"https:\\\/\\\/noticiasmercedinas.com\\\/site\\\/wp-content\\\/uploads\\\/2020\\\/06\\\/LOGO-512.jpg\",\"contentUrl\":\"https:\\\/\\\/noticiasmercedinas.com\\\/site\\\/wp-content\\\/uploads\\\/2020\\\/06\\\/LOGO-512.jpg\",\"width\":512,\"height\":512,\"caption\":\"NOTICIASMERCEDINAS.COM\"},\"image\":{\"@id\":\"https:\\\/\\\/noticiasmercedinas.com\\\/site\\\/#\\\/schema\\\/logo\\\/image\\\/\"},\"sameAs\":[\"https:\\\/\\\/www.facebook.com\\\/noticiasmercedinas\\\/\",\"https:\\\/\\\/x.com\\\/notmercedinas\",\"https:\\\/\\\/www.instagram.com\\\/noticiasmercedinas\\\/\"]},{\"@type\":\"Person\",\"@id\":\"https:\\\/\\\/noticiasmercedinas.com\\\/site\\\/#\\\/schema\\\/person\\\/84b59c099c28ff2e8b77d4ceec5d8063\",\"name\":\"NOTICIASMERCEDINAS.COM\",\"image\":{\"@type\":\"ImageObject\",\"inLanguage\":\"es\",\"@id\":\"https:\\\/\\\/secure.gravatar.com\\\/avatar\\\/4dfbf16b4d17945bfb6341b2d19043457132fcf478a5ee04f42e959fd8f5df0a?s=96&d=mm&r=g\",\"url\":\"https:\\\/\\\/secure.gravatar.com\\\/avatar\\\/4dfbf16b4d17945bfb6341b2d19043457132fcf478a5ee04f42e959fd8f5df0a?s=96&d=mm&r=g\",\"contentUrl\":\"https:\\\/\\\/secure.gravatar.com\\\/avatar\\\/4dfbf16b4d17945bfb6341b2d19043457132fcf478a5ee04f42e959fd8f5df0a?s=96&d=mm&r=g\",\"caption\":\"NOTICIASMERCEDINAS.COM\"},\"url\":\"https:\\\/\\\/noticiasmercedinas.com\\\/site\\\/author\\\/anonimo\\\/\"}]}<\/script>\n<!-- \/ Yoast SEO plugin. -->","yoast_head_json":{"title":"Pr\u00e9stamo internacional para avances en 20 km de autopista Mercedes \u2013 Suipacha","robots":{"index":"index","follow":"follow","max-snippet":"max-snippet:-1","max-image-preview":"max-image-preview:large","max-video-preview":"max-video-preview:-1"},"canonical":"https:\/\/noticiasmercedinas.com\/site\/2022\/06\/26\/prestamo-internacional-para-avances-en-20-km-de-autopista-mercedes-suipacha\/","og_locale":"es_ES","og_type":"article","og_title":"Pr\u00e9stamo internacional para avances en 20 km de autopista Mercedes \u2013 Suipacha","og_description":"\u25a0 Firmaron convenios entre el Ministerio de Obras P\u00fablicas y el Banco de Desarrollo de Am\u00e9rica Latina. Se trata de programas de corredores log\u00edsticos de integraci\u00f3n e infraestructura universitaria.","og_url":"https:\/\/noticiasmercedinas.com\/site\/2022\/06\/26\/prestamo-internacional-para-avances-en-20-km-de-autopista-mercedes-suipacha\/","og_site_name":"NOTICIASMERCEDINAS.COM","article_publisher":"https:\/\/www.facebook.com\/noticiasmercedinas\/","article_published_time":"2022-06-26T13:29:06+00:00","og_image":[{"width":1280,"height":720,"url":"https:\/\/noticiasmercedinas.com\/site\/wp-content\/uploads\/2021\/01\/Gustavo-Arrieta-superviso-el-avance-de-obras-de-la-Autopista-Pilar-Pergamino-I.jpeg","type":"image\/jpeg"}],"author":"NOTICIASMERCEDINAS.COM","twitter_card":"summary_large_image","twitter_creator":"@notmercedinas","twitter_site":"@notmercedinas","twitter_misc":{"Escrito por":"NOTICIASMERCEDINAS.COM","Tiempo de lectura":"2 minutos"},"schema":{"@context":"https:\/\/schema.org","@graph":[{"@type":"Article","@id":"https:\/\/noticiasmercedinas.com\/site\/2022\/06\/26\/prestamo-internacional-para-avances-en-20-km-de-autopista-mercedes-suipacha\/#article","isPartOf":{"@id":"https:\/\/noticiasmercedinas.com\/site\/2022\/06\/26\/prestamo-internacional-para-avances-en-20-km-de-autopista-mercedes-suipacha\/"},"author":{"name":"NOTICIASMERCEDINAS.COM","@id":"https:\/\/noticiasmercedinas.com\/site\/#\/schema\/person\/84b59c099c28ff2e8b77d4ceec5d8063"},"headline":"Pr\u00e9stamo internacional para avances en 20 km de autopista Mercedes \u2013 Suipacha","datePublished":"2022-06-26T13:29:06+00:00","mainEntityOfPage":{"@id":"https:\/\/noticiasmercedinas.com\/site\/2022\/06\/26\/prestamo-internacional-para-avances-en-20-km-de-autopista-mercedes-suipacha\/"},"wordCount":405,"commentCount":0,"publisher":{"@id":"https:\/\/noticiasmercedinas.com\/site\/#organization"},"image":{"@id":"https:\/\/noticiasmercedinas.com\/site\/2022\/06\/26\/prestamo-internacional-para-avances-en-20-km-de-autopista-mercedes-suipacha\/#primaryimage"},"thumbnailUrl":"https:\/\/noticiasmercedinas.com\/site\/wp-content\/uploads\/2021\/01\/Gustavo-Arrieta-superviso-el-avance-de-obras-de-la-Autopista-Pilar-Pergamino-I.jpeg","keywords":["autopista 5","mercedes","obras","suipacha"],"articleSection":["Sociedad"],"inLanguage":"es","potentialAction":[{"@type":"CommentAction","name":"Comment","target":["https:\/\/noticiasmercedinas.com\/site\/2022\/06\/26\/prestamo-internacional-para-avances-en-20-km-de-autopista-mercedes-suipacha\/#respond"]}]},{"@type":"WebPage","@id":"https:\/\/noticiasmercedinas.com\/site\/2022\/06\/26\/prestamo-internacional-para-avances-en-20-km-de-autopista-mercedes-suipacha\/","url":"https:\/\/noticiasmercedinas.com\/site\/2022\/06\/26\/prestamo-internacional-para-avances-en-20-km-de-autopista-mercedes-suipacha\/","name":"Pr\u00e9stamo internacional para avances en 20 km de autopista Mercedes \u2013 Suipacha","isPartOf":{"@id":"https:\/\/noticiasmercedinas.com\/site\/#website"},"primaryImageOfPage":{"@id":"https:\/\/noticiasmercedinas.com\/site\/2022\/06\/26\/prestamo-internacional-para-avances-en-20-km-de-autopista-mercedes-suipacha\/#primaryimage"},"image":{"@id":"https:\/\/noticiasmercedinas.com\/site\/2022\/06\/26\/prestamo-internacional-para-avances-en-20-km-de-autopista-mercedes-suipacha\/#primaryimage"},"thumbnailUrl":"https:\/\/noticiasmercedinas.com\/site\/wp-content\/uploads\/2021\/01\/Gustavo-Arrieta-superviso-el-avance-de-obras-de-la-Autopista-Pilar-Pergamino-I.jpeg","datePublished":"2022-06-26T13:29:06+00:00","breadcrumb":{"@id":"https:\/\/noticiasmercedinas.com\/site\/2022\/06\/26\/prestamo-internacional-para-avances-en-20-km-de-autopista-mercedes-suipacha\/#breadcrumb"},"inLanguage":"es","potentialAction":[{"@type":"ReadAction","target":["https:\/\/noticiasmercedinas.com\/site\/2022\/06\/26\/prestamo-internacional-para-avances-en-20-km-de-autopista-mercedes-suipacha\/"]}]},{"@type":"ImageObject","inLanguage":"es","@id":"https:\/\/noticiasmercedinas.com\/site\/2022\/06\/26\/prestamo-internacional-para-avances-en-20-km-de-autopista-mercedes-suipacha\/#primaryimage","url":"https:\/\/noticiasmercedinas.com\/site\/wp-content\/uploads\/2021\/01\/Gustavo-Arrieta-superviso-el-avance-de-obras-de-la-Autopista-Pilar-Pergamino-I.jpeg","contentUrl":"https:\/\/noticiasmercedinas.com\/site\/wp-content\/uploads\/2021\/01\/Gustavo-Arrieta-superviso-el-avance-de-obras-de-la-Autopista-Pilar-Pergamino-I.jpeg","width":1280,"height":720},{"@type":"BreadcrumbList","@id":"https:\/\/noticiasmercedinas.com\/site\/2022\/06\/26\/prestamo-internacional-para-avances-en-20-km-de-autopista-mercedes-suipacha\/#breadcrumb","itemListElement":[{"@type":"ListItem","position":1,"name":"Portada","item":"https:\/\/noticiasmercedinas.com\/site\/"},{"@type":"ListItem","position":2,"name":"Pr\u00e9stamo internacional para avances en 20 km de autopista Mercedes \u2013 Suipacha"}]},{"@type":"WebSite","@id":"https:\/\/noticiasmercedinas.com\/site\/#website","url":"https:\/\/noticiasmercedinas.com\/site\/","name":"NOTICIASMERCEDINAS.COM","description":"Mercedes, Buenos Aires, Argentina","publisher":{"@id":"https:\/\/noticiasmercedinas.com\/site\/#organization"},"potentialAction":[{"@type":"SearchAction","target":{"@type":"EntryPoint","urlTemplate":"https:\/\/noticiasmercedinas.com\/site\/?s={search_term_string}"},"query-input":{"@type":"PropertyValueSpecification","valueRequired":true,"valueName":"search_term_string"}}],"inLanguage":"es"},{"@type":"Organization","@id":"https:\/\/noticiasmercedinas.com\/site\/#organization","name":"NOTICIASMERCEDINAS.COM","url":"https:\/\/noticiasmercedinas.com\/site\/","logo":{"@type":"ImageObject","inLanguage":"es","@id":"https:\/\/noticiasmercedinas.com\/site\/#\/schema\/logo\/image\/","url":"https:\/\/noticiasmercedinas.com\/site\/wp-content\/uploads\/2020\/06\/LOGO-512.jpg","contentUrl":"https:\/\/noticiasmercedinas.com\/site\/wp-content\/uploads\/2020\/06\/LOGO-512.jpg","width":512,"height":512,"caption":"NOTICIASMERCEDINAS.COM"},"image":{"@id":"https:\/\/noticiasmercedinas.com\/site\/#\/schema\/logo\/image\/"},"sameAs":["https:\/\/www.facebook.com\/noticiasmercedinas\/","https:\/\/x.com\/notmercedinas","https:\/\/www.instagram.com\/noticiasmercedinas\/"]},{"@type":"Person","@id":"https:\/\/noticiasmercedinas.com\/site\/#\/schema\/person\/84b59c099c28ff2e8b77d4ceec5d8063","name":"NOTICIASMERCEDINAS.COM","image":{"@type":"ImageObject","inLanguage":"es","@id":"https:\/\/secure.gravatar.com\/avatar\/4dfbf16b4d17945bfb6341b2d19043457132fcf478a5ee04f42e959fd8f5df0a?s=96&d=mm&r=g","url":"https:\/\/secure.gravatar.com\/avatar\/4dfbf16b4d17945bfb6341b2d19043457132fcf478a5ee04f42e959fd8f5df0a?s=96&d=mm&r=g","contentUrl":"https:\/\/secure.gravatar.com\/avatar\/4dfbf16b4d17945bfb6341b2d19043457132fcf478a5ee04f42e959fd8f5df0a?s=96&d=mm&r=g","caption":"NOTICIASMERCEDINAS.COM"},"url":"https:\/\/noticiasmercedinas.com\/site\/author\/anonimo\/"}]}},"amp_enabled":true,"_links":{"self":[{"href":"https:\/\/noticiasmercedinas.com\/site\/wp-json\/wp\/v2\/posts\/93849","targetHints":{"allow":["GET"]}}],"collection":[{"href":"https:\/\/noticiasmercedinas.com\/site\/wp-json\/wp\/v2\/posts"}],"about":[{"href":"https:\/\/noticiasmercedinas.com\/site\/wp-json\/wp\/v2\/types\/post"}],"author":[{"embeddable":true,"href":"https:\/\/noticiasmercedinas.com\/site\/wp-json\/wp\/v2\/users\/16"}],"replies":[{"embeddable":true,"href":"https:\/\/noticiasmercedinas.com\/site\/wp-json\/wp\/v2\/comments?post=93849"}],"version-history":[{"count":1,"href":"https:\/\/noticiasmercedinas.com\/site\/wp-json\/wp\/v2\/posts\/93849\/revisions"}],"predecessor-version":[{"id":93850,"href":"https:\/\/noticiasmercedinas.com\/site\/wp-json\/wp\/v2\/posts\/93849\/revisions\/93850"}],"wp:featuredmedia":[{"embeddable":true,"href":"https:\/\/noticiasmercedinas.com\/site\/wp-json\/wp\/v2\/media\/60102"}],"wp:attachment":[{"href":"https:\/\/noticiasmercedinas.com\/site\/wp-json\/wp\/v2\/media?parent=93849"}],"wp:term":[{"taxonomy":"category","embeddable":true,"href":"https:\/\/noticiasmercedinas.com\/site\/wp-json\/wp\/v2\/categories?post=93849"},{"taxonomy":"post_tag","embeddable":true,"href":"https:\/\/noticiasmercedinas.com\/site\/wp-json\/wp\/v2\/tags?post=93849"}],"curies":[{"name":"wp","href":"https:\/\/api.w.org\/{rel}","templated":true}]}}