{"id":93967,"date":"2022-06-27T10:59:53","date_gmt":"2022-06-27T13:59:53","guid":{"rendered":"https:\/\/noticiasmercedinas.com\/site\/?p=93967"},"modified":"2022-06-27T10:59:53","modified_gmt":"2022-06-27T13:59:53","slug":"presentes-en-la-fecha-del-nacional-de-tenis-de-mesa-adaptado","status":"publish","type":"post","link":"https:\/\/noticiasmercedinas.com\/site\/2022\/06\/27\/presentes-en-la-fecha-del-nacional-de-tenis-de-mesa-adaptado\/","title":{"rendered":"Presentes en la fecha del Nacional de Tenis de Mesa Adaptado"},"content":{"rendered":"<figure id=\"attachment_93968\" aria-describedby=\"caption-attachment-93968\" style=\"width: 640px\" class=\"wp-caption alignnone\"><img loading=\"lazy\" decoding=\"async\" class=\"wp-image-93968 size-full\" src=\"https:\/\/noticiasmercedinas.com\/site\/wp-content\/uploads\/2022\/06\/mesa.jpg\" alt=\"\" width=\"640\" height=\"434\" srcset=\"https:\/\/noticiasmercedinas.com\/site\/wp-content\/uploads\/2022\/06\/mesa.jpg 640w, https:\/\/noticiasmercedinas.com\/site\/wp-content\/uploads\/2022\/06\/mesa-300x203.jpg 300w\" sizes=\"auto, (max-width: 640px) 100vw, 640px\" \/><figcaption id=\"caption-attachment-93968\" class=\"wp-caption-text\">Russo, Repetto, Botta y Brandoni en La PLata.<\/figcaption><\/figure>\n<p>Durante el s\u00e1bado 25 de junio se celebr\u00f3 en la ciudad de La Plata, en el Club Libertad, la tercera fecha del Campeonato Nacional de Tenis de Mesa Adaptado, con una aceptable participaci\u00f3n de los mercedinos Nicol\u00e1s Repetto, Alejandro Russo, Facundo Botta,\u00a0 que contaron con el delegado Renzo Brandoni y la compa\u00f1\u00eda de Walter Zunino.<\/p>\n<p>En Primera divisi\u00f3n, Alejandro Russo fue sorteado en el Grupo B ante representantes de CABA, La Plata y Misiones, donde pudo alcanzar una sola victoria que lo dej\u00f3 en la tercera ubicaci\u00f3n en el grupo.<\/p>\n<p>En Tercera divisi\u00f3n se presentaron Facundo Botta y Nicol\u00e1s Repetto, este \u00faltimo se destac\u00f3 nuevamente llegando al podio, comenz\u00f3 su camino en fase de grupos con dos triunfos que lo dejar\u00edan directo en cuartos, ganando 3-0 y su pase a semifinal donde se enfrentar\u00eda al \u00faltimo campe\u00f3n, cayendo 0-3 y logrando la medalla de bronce.<\/p>\n<p>Facundo Botta, por su parte, pudo quedarse con tres partidos en la fase de grupos terminando invicto, pasando como primero de zona a cuartos de final. Donde se enfrentar\u00eda al jugador del Club Ferro, finaliz\u00f3 0-3 en set abajo. De igual manera alcanzando muy buenos puntos para el Ranking Nacional.<\/p>\n","protected":false},"excerpt":{"rendered":"<p>\u25a0 Nicol\u00e1s Repetto, Alejandro Russo, Facundo Botta fueron parte de la tercera fecha en la ciudad de La Plata. Cerraron aceptables actuaciones para hacerse de puntos para el ranking.<\/p>\n","protected":false},"author":6,"featured_media":93968,"comment_status":"open","ping_status":"open","sticky":false,"template":"","format":"standard","meta":{"footnotes":""},"categories":[5],"tags":[8629,14203,14681,111],"class_list":["post-93967","post","type-post","status-publish","format-standard","has-post-thumbnail","hentry","category-deportes","tag-alejandro-russo","tag-facundo-botta","tag-nicolas-repetto","tag-tenis-de-mesa"],"yoast_head":"<!-- This site is optimized with the Yoast SEO plugin v27.4 - https:\/\/yoast.com\/product\/yoast-seo-wordpress\/ -->\n<title>Presentes en la fecha del Nacional de Tenis de Mesa Adaptado<\/title>\n<meta name=\"robots\" content=\"index, follow, max-snippet:-1, max-image-preview:large, max-video-preview:-1\" \/>\n<link rel=\"canonical\" href=\"https:\/\/noticiasmercedinas.com\/site\/2022\/06\/27\/presentes-en-la-fecha-del-nacional-de-tenis-de-mesa-adaptado\/\" \/>\n<meta property=\"og:locale\" content=\"es_ES\" \/>\n<meta property=\"og:type\" content=\"article\" \/>\n<meta property=\"og:title\" content=\"Presentes en la fecha del Nacional de Tenis de Mesa Adaptado\" \/>\n<meta property=\"og:description\" content=\"\u25a0 Nicol\u00e1s Repetto, Alejandro Russo, Facundo Botta fueron parte de la tercera fecha en la ciudad de La Plata. Cerraron aceptables actuaciones para hacerse de puntos para el ranking.\" \/>\n<meta property=\"og:url\" content=\"https:\/\/noticiasmercedinas.com\/site\/2022\/06\/27\/presentes-en-la-fecha-del-nacional-de-tenis-de-mesa-adaptado\/\" \/>\n<meta property=\"og:site_name\" content=\"NOTICIASMERCEDINAS.COM\" \/>\n<meta property=\"article:publisher\" content=\"https:\/\/www.facebook.com\/noticiasmercedinas\/\" \/>\n<meta property=\"article:published_time\" content=\"2022-06-27T13:59:53+00:00\" \/>\n<meta property=\"og:image\" content=\"https:\/\/noticiasmercedinas.com\/site\/wp-content\/uploads\/2022\/06\/mesa.jpg\" \/>\n\t<meta property=\"og:image:width\" content=\"640\" \/>\n\t<meta property=\"og:image:height\" content=\"434\" \/>\n\t<meta property=\"og:image:type\" content=\"image\/jpeg\" \/>\n<meta name=\"author\" content=\"Juan Dagnino NOTICIASMERCEDINAS.COM\" \/>\n<meta name=\"twitter:card\" content=\"summary_large_image\" \/>\n<meta name=\"twitter:creator\" content=\"@notmercedinas\" \/>\n<meta name=\"twitter:site\" content=\"@notmercedinas\" \/>\n<meta name=\"twitter:label1\" content=\"Escrito por\" \/>\n\t<meta name=\"twitter:data1\" content=\"Juan Dagnino NOTICIASMERCEDINAS.COM\" \/>\n\t<meta name=\"twitter:label2\" content=\"Tiempo de lectura\" \/>\n\t<meta name=\"twitter:data2\" content=\"2 minutos\" \/>\n<script type=\"application\/ld+json\" class=\"yoast-schema-graph\">{\"@context\":\"https:\\\/\\\/schema.org\",\"@graph\":[{\"@type\":\"Article\",\"@id\":\"https:\\\/\\\/noticiasmercedinas.com\\\/site\\\/2022\\\/06\\\/27\\\/presentes-en-la-fecha-del-nacional-de-tenis-de-mesa-adaptado\\\/#article\",\"isPartOf\":{\"@id\":\"https:\\\/\\\/noticiasmercedinas.com\\\/site\\\/2022\\\/06\\\/27\\\/presentes-en-la-fecha-del-nacional-de-tenis-de-mesa-adaptado\\\/\"},\"author\":{\"name\":\"Juan Dagnino NOTICIASMERCEDINAS.COM\",\"@id\":\"https:\\\/\\\/noticiasmercedinas.com\\\/site\\\/#\\\/schema\\\/person\\\/8f2f09d666ef40986eba4a5e6f2a06f9\"},\"headline\":\"Presentes en la fecha del Nacional de Tenis de Mesa Adaptado\",\"datePublished\":\"2022-06-27T13:59:53+00:00\",\"mainEntityOfPage\":{\"@id\":\"https:\\\/\\\/noticiasmercedinas.com\\\/site\\\/2022\\\/06\\\/27\\\/presentes-en-la-fecha-del-nacional-de-tenis-de-mesa-adaptado\\\/\"},\"wordCount\":232,\"commentCount\":0,\"publisher\":{\"@id\":\"https:\\\/\\\/noticiasmercedinas.com\\\/site\\\/#organization\"},\"image\":{\"@id\":\"https:\\\/\\\/noticiasmercedinas.com\\\/site\\\/2022\\\/06\\\/27\\\/presentes-en-la-fecha-del-nacional-de-tenis-de-mesa-adaptado\\\/#primaryimage\"},\"thumbnailUrl\":\"https:\\\/\\\/noticiasmercedinas.com\\\/site\\\/wp-content\\\/uploads\\\/2022\\\/06\\\/mesa.jpg\",\"keywords\":[\"Alejandro Russo\",\"facundo botta\",\"Nicolas Repetto\",\"tenis de mesa\"],\"articleSection\":[\"Deportes\"],\"inLanguage\":\"es\",\"potentialAction\":[{\"@type\":\"CommentAction\",\"name\":\"Comment\",\"target\":[\"https:\\\/\\\/noticiasmercedinas.com\\\/site\\\/2022\\\/06\\\/27\\\/presentes-en-la-fecha-del-nacional-de-tenis-de-mesa-adaptado\\\/#respond\"]}]},{\"@type\":\"WebPage\",\"@id\":\"https:\\\/\\\/noticiasmercedinas.com\\\/site\\\/2022\\\/06\\\/27\\\/presentes-en-la-fecha-del-nacional-de-tenis-de-mesa-adaptado\\\/\",\"url\":\"https:\\\/\\\/noticiasmercedinas.com\\\/site\\\/2022\\\/06\\\/27\\\/presentes-en-la-fecha-del-nacional-de-tenis-de-mesa-adaptado\\\/\",\"name\":\"Presentes en la fecha del Nacional de Tenis de Mesa Adaptado\",\"isPartOf\":{\"@id\":\"https:\\\/\\\/noticiasmercedinas.com\\\/site\\\/#website\"},\"primaryImageOfPage\":{\"@id\":\"https:\\\/\\\/noticiasmercedinas.com\\\/site\\\/2022\\\/06\\\/27\\\/presentes-en-la-fecha-del-nacional-de-tenis-de-mesa-adaptado\\\/#primaryimage\"},\"image\":{\"@id\":\"https:\\\/\\\/noticiasmercedinas.com\\\/site\\\/2022\\\/06\\\/27\\\/presentes-en-la-fecha-del-nacional-de-tenis-de-mesa-adaptado\\\/#primaryimage\"},\"thumbnailUrl\":\"https:\\\/\\\/noticiasmercedinas.com\\\/site\\\/wp-content\\\/uploads\\\/2022\\\/06\\\/mesa.jpg\",\"datePublished\":\"2022-06-27T13:59:53+00:00\",\"breadcrumb\":{\"@id\":\"https:\\\/\\\/noticiasmercedinas.com\\\/site\\\/2022\\\/06\\\/27\\\/presentes-en-la-fecha-del-nacional-de-tenis-de-mesa-adaptado\\\/#breadcrumb\"},\"inLanguage\":\"es\",\"potentialAction\":[{\"@type\":\"ReadAction\",\"target\":[\"https:\\\/\\\/noticiasmercedinas.com\\\/site\\\/2022\\\/06\\\/27\\\/presentes-en-la-fecha-del-nacional-de-tenis-de-mesa-adaptado\\\/\"]}]},{\"@type\":\"ImageObject\",\"inLanguage\":\"es\",\"@id\":\"https:\\\/\\\/noticiasmercedinas.com\\\/site\\\/2022\\\/06\\\/27\\\/presentes-en-la-fecha-del-nacional-de-tenis-de-mesa-adaptado\\\/#primaryimage\",\"url\":\"https:\\\/\\\/noticiasmercedinas.com\\\/site\\\/wp-content\\\/uploads\\\/2022\\\/06\\\/mesa.jpg\",\"contentUrl\":\"https:\\\/\\\/noticiasmercedinas.com\\\/site\\\/wp-content\\\/uploads\\\/2022\\\/06\\\/mesa.jpg\",\"width\":640,\"height\":434},{\"@type\":\"BreadcrumbList\",\"@id\":\"https:\\\/\\\/noticiasmercedinas.com\\\/site\\\/2022\\\/06\\\/27\\\/presentes-en-la-fecha-del-nacional-de-tenis-de-mesa-adaptado\\\/#breadcrumb\",\"itemListElement\":[{\"@type\":\"ListItem\",\"position\":1,\"name\":\"Portada\",\"item\":\"https:\\\/\\\/noticiasmercedinas.com\\\/site\\\/\"},{\"@type\":\"ListItem\",\"position\":2,\"name\":\"Presentes en la fecha del Nacional de Tenis de Mesa Adaptado\"}]},{\"@type\":\"WebSite\",\"@id\":\"https:\\\/\\\/noticiasmercedinas.com\\\/site\\\/#website\",\"url\":\"https:\\\/\\\/noticiasmercedinas.com\\\/site\\\/\",\"name\":\"NOTICIASMERCEDINAS.COM\",\"description\":\"Mercedes, Buenos Aires, Argentina\",\"publisher\":{\"@id\":\"https:\\\/\\\/noticiasmercedinas.com\\\/site\\\/#organization\"},\"potentialAction\":[{\"@type\":\"SearchAction\",\"target\":{\"@type\":\"EntryPoint\",\"urlTemplate\":\"https:\\\/\\\/noticiasmercedinas.com\\\/site\\\/?s={search_term_string}\"},\"query-input\":{\"@type\":\"PropertyValueSpecification\",\"valueRequired\":true,\"valueName\":\"search_term_string\"}}],\"inLanguage\":\"es\"},{\"@type\":\"Organization\",\"@id\":\"https:\\\/\\\/noticiasmercedinas.com\\\/site\\\/#organization\",\"name\":\"NOTICIASMERCEDINAS.COM\",\"url\":\"https:\\\/\\\/noticiasmercedinas.com\\\/site\\\/\",\"logo\":{\"@type\":\"ImageObject\",\"inLanguage\":\"es\",\"@id\":\"https:\\\/\\\/noticiasmercedinas.com\\\/site\\\/#\\\/schema\\\/logo\\\/image\\\/\",\"url\":\"https:\\\/\\\/noticiasmercedinas.com\\\/site\\\/wp-content\\\/uploads\\\/2020\\\/06\\\/LOGO-512.jpg\",\"contentUrl\":\"https:\\\/\\\/noticiasmercedinas.com\\\/site\\\/wp-content\\\/uploads\\\/2020\\\/06\\\/LOGO-512.jpg\",\"width\":512,\"height\":512,\"caption\":\"NOTICIASMERCEDINAS.COM\"},\"image\":{\"@id\":\"https:\\\/\\\/noticiasmercedinas.com\\\/site\\\/#\\\/schema\\\/logo\\\/image\\\/\"},\"sameAs\":[\"https:\\\/\\\/www.facebook.com\\\/noticiasmercedinas\\\/\",\"https:\\\/\\\/x.com\\\/notmercedinas\",\"https:\\\/\\\/www.instagram.com\\\/noticiasmercedinas\\\/\"]},{\"@type\":\"Person\",\"@id\":\"https:\\\/\\\/noticiasmercedinas.com\\\/site\\\/#\\\/schema\\\/person\\\/8f2f09d666ef40986eba4a5e6f2a06f9\",\"name\":\"Juan Dagnino NOTICIASMERCEDINAS.COM\",\"image\":{\"@type\":\"ImageObject\",\"inLanguage\":\"es\",\"@id\":\"https:\\\/\\\/secure.gravatar.com\\\/avatar\\\/fc7059a769f5a3cae65fadb228a3e4accf3a64b4b2305020d0a27e6d5333c91b?s=96&d=mm&r=g\",\"url\":\"https:\\\/\\\/secure.gravatar.com\\\/avatar\\\/fc7059a769f5a3cae65fadb228a3e4accf3a64b4b2305020d0a27e6d5333c91b?s=96&d=mm&r=g\",\"contentUrl\":\"https:\\\/\\\/secure.gravatar.com\\\/avatar\\\/fc7059a769f5a3cae65fadb228a3e4accf3a64b4b2305020d0a27e6d5333c91b?s=96&d=mm&r=g\",\"caption\":\"Juan Dagnino NOTICIASMERCEDINAS.COM\"},\"url\":\"https:\\\/\\\/noticiasmercedinas.com\\\/site\\\/author\\\/juandagnino\\\/\"}]}<\/script>\n<!-- \/ Yoast SEO plugin. -->","yoast_head_json":{"title":"Presentes en la fecha del Nacional de Tenis de Mesa Adaptado","robots":{"index":"index","follow":"follow","max-snippet":"max-snippet:-1","max-image-preview":"max-image-preview:large","max-video-preview":"max-video-preview:-1"},"canonical":"https:\/\/noticiasmercedinas.com\/site\/2022\/06\/27\/presentes-en-la-fecha-del-nacional-de-tenis-de-mesa-adaptado\/","og_locale":"es_ES","og_type":"article","og_title":"Presentes en la fecha del Nacional de Tenis de Mesa Adaptado","og_description":"\u25a0 Nicol\u00e1s Repetto, Alejandro Russo, Facundo Botta fueron parte de la tercera fecha en la ciudad de La Plata. Cerraron aceptables actuaciones para hacerse de puntos para el ranking.","og_url":"https:\/\/noticiasmercedinas.com\/site\/2022\/06\/27\/presentes-en-la-fecha-del-nacional-de-tenis-de-mesa-adaptado\/","og_site_name":"NOTICIASMERCEDINAS.COM","article_publisher":"https:\/\/www.facebook.com\/noticiasmercedinas\/","article_published_time":"2022-06-27T13:59:53+00:00","og_image":[{"width":640,"height":434,"url":"https:\/\/noticiasmercedinas.com\/site\/wp-content\/uploads\/2022\/06\/mesa.jpg","type":"image\/jpeg"}],"author":"Juan Dagnino NOTICIASMERCEDINAS.COM","twitter_card":"summary_large_image","twitter_creator":"@notmercedinas","twitter_site":"@notmercedinas","twitter_misc":{"Escrito por":"Juan Dagnino NOTICIASMERCEDINAS.COM","Tiempo de lectura":"2 minutos"},"schema":{"@context":"https:\/\/schema.org","@graph":[{"@type":"Article","@id":"https:\/\/noticiasmercedinas.com\/site\/2022\/06\/27\/presentes-en-la-fecha-del-nacional-de-tenis-de-mesa-adaptado\/#article","isPartOf":{"@id":"https:\/\/noticiasmercedinas.com\/site\/2022\/06\/27\/presentes-en-la-fecha-del-nacional-de-tenis-de-mesa-adaptado\/"},"author":{"name":"Juan Dagnino NOTICIASMERCEDINAS.COM","@id":"https:\/\/noticiasmercedinas.com\/site\/#\/schema\/person\/8f2f09d666ef40986eba4a5e6f2a06f9"},"headline":"Presentes en la fecha del Nacional de Tenis de Mesa Adaptado","datePublished":"2022-06-27T13:59:53+00:00","mainEntityOfPage":{"@id":"https:\/\/noticiasmercedinas.com\/site\/2022\/06\/27\/presentes-en-la-fecha-del-nacional-de-tenis-de-mesa-adaptado\/"},"wordCount":232,"commentCount":0,"publisher":{"@id":"https:\/\/noticiasmercedinas.com\/site\/#organization"},"image":{"@id":"https:\/\/noticiasmercedinas.com\/site\/2022\/06\/27\/presentes-en-la-fecha-del-nacional-de-tenis-de-mesa-adaptado\/#primaryimage"},"thumbnailUrl":"https:\/\/noticiasmercedinas.com\/site\/wp-content\/uploads\/2022\/06\/mesa.jpg","keywords":["Alejandro Russo","facundo botta","Nicolas Repetto","tenis de mesa"],"articleSection":["Deportes"],"inLanguage":"es","potentialAction":[{"@type":"CommentAction","name":"Comment","target":["https:\/\/noticiasmercedinas.com\/site\/2022\/06\/27\/presentes-en-la-fecha-del-nacional-de-tenis-de-mesa-adaptado\/#respond"]}]},{"@type":"WebPage","@id":"https:\/\/noticiasmercedinas.com\/site\/2022\/06\/27\/presentes-en-la-fecha-del-nacional-de-tenis-de-mesa-adaptado\/","url":"https:\/\/noticiasmercedinas.com\/site\/2022\/06\/27\/presentes-en-la-fecha-del-nacional-de-tenis-de-mesa-adaptado\/","name":"Presentes en la fecha del Nacional de Tenis de Mesa Adaptado","isPartOf":{"@id":"https:\/\/noticiasmercedinas.com\/site\/#website"},"primaryImageOfPage":{"@id":"https:\/\/noticiasmercedinas.com\/site\/2022\/06\/27\/presentes-en-la-fecha-del-nacional-de-tenis-de-mesa-adaptado\/#primaryimage"},"image":{"@id":"https:\/\/noticiasmercedinas.com\/site\/2022\/06\/27\/presentes-en-la-fecha-del-nacional-de-tenis-de-mesa-adaptado\/#primaryimage"},"thumbnailUrl":"https:\/\/noticiasmercedinas.com\/site\/wp-content\/uploads\/2022\/06\/mesa.jpg","datePublished":"2022-06-27T13:59:53+00:00","breadcrumb":{"@id":"https:\/\/noticiasmercedinas.com\/site\/2022\/06\/27\/presentes-en-la-fecha-del-nacional-de-tenis-de-mesa-adaptado\/#breadcrumb"},"inLanguage":"es","potentialAction":[{"@type":"ReadAction","target":["https:\/\/noticiasmercedinas.com\/site\/2022\/06\/27\/presentes-en-la-fecha-del-nacional-de-tenis-de-mesa-adaptado\/"]}]},{"@type":"ImageObject","inLanguage":"es","@id":"https:\/\/noticiasmercedinas.com\/site\/2022\/06\/27\/presentes-en-la-fecha-del-nacional-de-tenis-de-mesa-adaptado\/#primaryimage","url":"https:\/\/noticiasmercedinas.com\/site\/wp-content\/uploads\/2022\/06\/mesa.jpg","contentUrl":"https:\/\/noticiasmercedinas.com\/site\/wp-content\/uploads\/2022\/06\/mesa.jpg","width":640,"height":434},{"@type":"BreadcrumbList","@id":"https:\/\/noticiasmercedinas.com\/site\/2022\/06\/27\/presentes-en-la-fecha-del-nacional-de-tenis-de-mesa-adaptado\/#breadcrumb","itemListElement":[{"@type":"ListItem","position":1,"name":"Portada","item":"https:\/\/noticiasmercedinas.com\/site\/"},{"@type":"ListItem","position":2,"name":"Presentes en la fecha del Nacional de Tenis de Mesa Adaptado"}]},{"@type":"WebSite","@id":"https:\/\/noticiasmercedinas.com\/site\/#website","url":"https:\/\/noticiasmercedinas.com\/site\/","name":"NOTICIASMERCEDINAS.COM","description":"Mercedes, Buenos Aires, Argentina","publisher":{"@id":"https:\/\/noticiasmercedinas.com\/site\/#organization"},"potentialAction":[{"@type":"SearchAction","target":{"@type":"EntryPoint","urlTemplate":"https:\/\/noticiasmercedinas.com\/site\/?s={search_term_string}"},"query-input":{"@type":"PropertyValueSpecification","valueRequired":true,"valueName":"search_term_string"}}],"inLanguage":"es"},{"@type":"Organization","@id":"https:\/\/noticiasmercedinas.com\/site\/#organization","name":"NOTICIASMERCEDINAS.COM","url":"https:\/\/noticiasmercedinas.com\/site\/","logo":{"@type":"ImageObject","inLanguage":"es","@id":"https:\/\/noticiasmercedinas.com\/site\/#\/schema\/logo\/image\/","url":"https:\/\/noticiasmercedinas.com\/site\/wp-content\/uploads\/2020\/06\/LOGO-512.jpg","contentUrl":"https:\/\/noticiasmercedinas.com\/site\/wp-content\/uploads\/2020\/06\/LOGO-512.jpg","width":512,"height":512,"caption":"NOTICIASMERCEDINAS.COM"},"image":{"@id":"https:\/\/noticiasmercedinas.com\/site\/#\/schema\/logo\/image\/"},"sameAs":["https:\/\/www.facebook.com\/noticiasmercedinas\/","https:\/\/x.com\/notmercedinas","https:\/\/www.instagram.com\/noticiasmercedinas\/"]},{"@type":"Person","@id":"https:\/\/noticiasmercedinas.com\/site\/#\/schema\/person\/8f2f09d666ef40986eba4a5e6f2a06f9","name":"Juan Dagnino NOTICIASMERCEDINAS.COM","image":{"@type":"ImageObject","inLanguage":"es","@id":"https:\/\/secure.gravatar.com\/avatar\/fc7059a769f5a3cae65fadb228a3e4accf3a64b4b2305020d0a27e6d5333c91b?s=96&d=mm&r=g","url":"https:\/\/secure.gravatar.com\/avatar\/fc7059a769f5a3cae65fadb228a3e4accf3a64b4b2305020d0a27e6d5333c91b?s=96&d=mm&r=g","contentUrl":"https:\/\/secure.gravatar.com\/avatar\/fc7059a769f5a3cae65fadb228a3e4accf3a64b4b2305020d0a27e6d5333c91b?s=96&d=mm&r=g","caption":"Juan Dagnino NOTICIASMERCEDINAS.COM"},"url":"https:\/\/noticiasmercedinas.com\/site\/author\/juandagnino\/"}]}},"amp_enabled":true,"_links":{"self":[{"href":"https:\/\/noticiasmercedinas.com\/site\/wp-json\/wp\/v2\/posts\/93967","targetHints":{"allow":["GET"]}}],"collection":[{"href":"https:\/\/noticiasmercedinas.com\/site\/wp-json\/wp\/v2\/posts"}],"about":[{"href":"https:\/\/noticiasmercedinas.com\/site\/wp-json\/wp\/v2\/types\/post"}],"author":[{"embeddable":true,"href":"https:\/\/noticiasmercedinas.com\/site\/wp-json\/wp\/v2\/users\/6"}],"replies":[{"embeddable":true,"href":"https:\/\/noticiasmercedinas.com\/site\/wp-json\/wp\/v2\/comments?post=93967"}],"version-history":[{"count":1,"href":"https:\/\/noticiasmercedinas.com\/site\/wp-json\/wp\/v2\/posts\/93967\/revisions"}],"predecessor-version":[{"id":93969,"href":"https:\/\/noticiasmercedinas.com\/site\/wp-json\/wp\/v2\/posts\/93967\/revisions\/93969"}],"wp:featuredmedia":[{"embeddable":true,"href":"https:\/\/noticiasmercedinas.com\/site\/wp-json\/wp\/v2\/media\/93968"}],"wp:attachment":[{"href":"https:\/\/noticiasmercedinas.com\/site\/wp-json\/wp\/v2\/media?parent=93967"}],"wp:term":[{"taxonomy":"category","embeddable":true,"href":"https:\/\/noticiasmercedinas.com\/site\/wp-json\/wp\/v2\/categories?post=93967"},{"taxonomy":"post_tag","embeddable":true,"href":"https:\/\/noticiasmercedinas.com\/site\/wp-json\/wp\/v2\/tags?post=93967"}],"curies":[{"name":"wp","href":"https:\/\/api.w.org\/{rel}","templated":true}]}}