{"id":93973,"date":"2022-06-27T11:46:52","date_gmt":"2022-06-27T14:46:52","guid":{"rendered":"https:\/\/noticiasmercedinas.com\/site\/?p=93973"},"modified":"2022-06-27T11:46:52","modified_gmt":"2022-06-27T14:46:52","slug":"pisano-le-contesta-a-lacasa-es-logico-que-este-en-desacuerdo","status":"publish","type":"post","link":"https:\/\/noticiasmercedinas.com\/site\/2022\/06\/27\/pisano-le-contesta-a-lacasa-es-logico-que-este-en-desacuerdo\/","title":{"rendered":"Pisano le contesta a Lacasa: \u00abEs l\u00f3gico que est\u00e9 en desacuerdo\u00bb"},"content":{"rendered":"<p><img loading=\"lazy\" decoding=\"async\" class=\"alignnone size-full wp-image-35802\" src=\"https:\/\/noticiasmercedinas.com\/site\/wp-content\/uploads\/2019\/12\/josipisanoIMG_2015.jpg\" alt=\"\" width=\"640\" height=\"398\" srcset=\"https:\/\/noticiasmercedinas.com\/site\/wp-content\/uploads\/2019\/12\/josipisanoIMG_2015.jpg 640w, https:\/\/noticiasmercedinas.com\/site\/wp-content\/uploads\/2019\/12\/josipisanoIMG_2015-300x187.jpg 300w\" sizes=\"auto, (max-width: 640px) 100vw, 640px\" \/><\/p>\n<p>Tras cuestionamientos recibidos por parte de la concejal de Juntos <strong>D\u00e9bora Lacasa<\/strong>, el presidente del Consejo Escolar, <strong>Jos\u00e9 Luis Pisano<\/strong>, sali\u00f3 a contestarle con sus argumentos. \u201cEs l\u00f3gico que est\u00e9 en desacuerdo, porque que gestionamos de manera diametralmente opuesta a cuando ellos lo hicieron\u201d, dijo en principio.<\/p>\n<p>\u201cSomos conscientes de que quedan cientos de problemas por resolver, viejos y nuevos, y de eso se trata nuestro trabajo, todos los d\u00edas, durante por lo menos los cuatro a\u00f1os que dura nuestro cargo\u201d, destac\u00f3 Pisano con la idea de debatir sobre este tema.<\/p>\n<p>\u201cSiempre es necesario hacer un an\u00e1lisis desde el punto de partida, entonces, le cuento como encontramos el Consejo Escolar el 10 de diciembre de 2019, luego de ser gestionado por una correligionaria suya durante cuatro a\u00f1os\u201d, expres\u00f3. \u201cComo no pod\u00eda ser de otra manera, al igual que como sucedi\u00f3 con el Estado Nacional y provincial luego de su gobierno, lo encontramos extremadamente endeudado, a tal punto que debimos realizar varias mesas de di\u00e1logo con distintos proveedores que hac\u00eda meses no quer\u00edan trabajar m\u00e1s para el Consejo y con obras paralizadas, principalmente de gas, algunas (seis instituciones, EP 4, EP 19, EP 30, Secundaria 7, JI 911 y JI 916) sin gas desde el 2018. S\u00ed: durante dos a\u00f1os, o sea, la mitad de su gesti\u00f3n, estuvieron sin gas. Otro dato importante, durante los dos primeros a\u00f1os ejerc\u00ed la presidencia del Consejo Escolar en minor\u00eda, ya que de 6 consejeros, 4 pertenec\u00edan a su fuerza, desventaja que no impidi\u00f3 comenzar a trabajar, obviamente, a nuestra manera\u201d, ampli\u00f3 Pisano.<\/p>\n<p>\u201cEntonces, los primeros d\u00edas de nuestra gesti\u00f3n se focalizaron en saldar las deudas, recuperar proveedores y comenzar las gestiones para la realizaci\u00f3n de las obras de gas en las escuelas que, insisto, llevaban dos a\u00f1os sin gas y por consecuencia sin comedor, por lo que decidimos incorporar durante el receso por lo menos tubos de gas con instalaciones fuera de las cocinas, como marca la normativa, mientras apur\u00e1bamos las obras, que, dicho sea de paso, no es soplar y hacer botellas. Comenzamos el ciclo lectivo 2020 (esta vez, despu\u00e9s de dos a\u00f1os, con el transporte escolar sin problemas, pero este es otro tema) y a la semana se declara el comienzo de la cuarentena, situaci\u00f3n que modific\u00f3 en su mayor\u00eda las acciones planificadas\u201d, sostuvo el presidente del Consejo Escolar.<\/p>\n<p>Por ora parte Pisano se explay\u00f3 sobre la situaci\u00f3n que se dio en cuarentena por Covid-19: \u201cVengo escuchando y leyendo por ah\u00ed \u201cporque no hicieron las obras mientras no estaban los chicos\u201d. Bueno, comienzo por algo que deber\u00eda ser simple de comprender, pero evidentemente muchos (no es casual quienes) no logran interpretar, la CUARENTENA y el impedimento de salir a la calle fue para el conjunto de los trabajadores, incluidos aquellos obreros que podr\u00edan realizar obras. Pareciera que, para determinado sector, los obreros eran inmunes, por lo tanto, pod\u00edan exponerse a un virus mortal. Por otro lado, y sabiendo que les cuesta reconocer la realidad, si, durante la cuarentena y suspensi\u00f3n de clases hicimos todas las obras necesarias para aquellas escuelas que no ten\u00edan gas, sumadas a otras importantes, pero de diferentes problemas. Esta realidad se puede comprobar de diferentes maneras, pero para que no queden dudas, pueden charlar con sus Consejeros Escolares, y observaran las compras que hicimos apenas se pudo comenzar a comercializar\u201d.<\/p>\n<p>\u201cPasemos al 2021, a\u00f1o en el que con los nuevos protocolos de cuidado, comenzamos con normalidad.\u00a0 Y tambi\u00e9n realizamos obras, muchas, pero para no extenderme, me detengo en particular en la escuela Industrial (EEST N\u00ba 1). All\u00ed, luego de unos cuantos a\u00f1os, incluidos los cuatro en los que gobernaron (y en los que no se la vio ni escuch\u00f3 quejarse), el sector de teor\u00eda contaba con calefactores que NO funcionaban, lo hac\u00edan de manera muy deficiente y totalmente fuera de norma (eran sin salida al exterior, por lo pronto, peligrosos), por lo que en el marco de la planificaci\u00f3n que realizamos el a\u00f1o anterior, instalamos absolutamente TODOS calefactores nuevos, 35 en total. Obviamente no podemos desconocer que hoy este sector se encuentra con el sistema de gas clausurado, a partir de un llamado al sistema de emergencias de la empresa prestataria. Desde el minuto cero estuvimos presentes, y desde el minuto uno comenzamos a planificar las soluciones en etapas, lo inmediato y lo de mediano plazo. Sabiendo que las tareas a realizar para levantar el cepo colocado requieren de mas tiempo que el deseado, y debiendo realizar una adaptaci\u00f3n normativa de un conjunto de espacios donde no se hab\u00edan intervenido, es que decidimos en conjunto, tambi\u00e9n los Consejeros Escolares de su fuerza, realizar una instalaci\u00f3n el\u00e9ctrica alternativa a la actual y colocar caloventores, siendo conscientes que es una soluci\u00f3n temporal. No es la situaci\u00f3n ideal y menos la final, pero fue una respuesta r\u00e1pida que nos permite mantener la presencialidad de los estudiantes\u201d.<\/p>\n<p>\u201cPor otro lado\u201d \u2013sigui\u00f3\u2014\u201cme detengo en el detalle de escuelas que describe en su nota. Una a una le cuento lo que pasa. Veamos:<\/p>\n<ul>\n<li>En la EP 25 venimos llevando adelante una obra impresionante, dej\u00e1ndola casi a nuevo (porque como dije en otro momento, all\u00ed ustedes, no pusieron ni un foco) y que estamos pronto a finalizar. Esta escuela se encuentra funcionado en las instalaciones de la EP 36, que, si sufri\u00f3 el corte de gas y colocaci\u00f3n de cepo, pero que logramos levantar en apenas una semana y dos d\u00edas.<\/li>\n<li>El CENS 451, actualmente funcionando en la EP 2 debido a la clausura de su edificio en 2017 (obra que en tres a\u00f1os ni miraron y que nosotros licitamos y lamentablemente no se presentaron oferentes, pero el presupuesto y la decisi\u00f3n pol\u00edtica de realizarla aun continua, pronto le informaremos m\u00e1s) mantuvo un solo dia de suspensi\u00f3n de clases porque cortamos el gas para realizar reparaciones.<\/li>\n<li>La Escuela 503 nunca tuvo suspensi\u00f3n del gas, si se realiz\u00f3 inspecci\u00f3n y clausura de calefactores y termotanques, situaci\u00f3n solucionada. Pero m\u00e1s all\u00e1 de la cuesti\u00f3n del gas, all\u00ed estamos realizando obras requeridas durante a\u00f1os, principalmente de filtraciones, inclusive le cambiamos todos los vidrios para colocar los de seguridad.<\/li>\n<li>El Centro de atenci\u00f3n temprana contaba con calefactores que ya fueron reparados, no tiene gas cortado.<\/li>\n<li>El Jard\u00edn 904 nunca tuvo el gas cortado y ning\u00fan problema relativo al gas, de hecho, en 2021 realizamos el cambio de los calefactores que necesitaba.<\/li>\n<li>La Escuela de arte tampoco tiene el gas cortado, de hecho, este a\u00f1o incorporamos una cocina y si, tambi\u00e9n caloventores, para espacios donde nunca conto con calefacci\u00f3n\u201d.<\/li>\n<\/ul>\n<p>\u201cPara ir cerrando, le cuento que si planificamos, y es a partir de la planificaci\u00f3n que hoy nos encontramos realizando obras de instalaci\u00f3n de chanchas de gas y sistema de calefacci\u00f3n en escuelas rurales, las mas alejadas, como las Primarias 16, 26, 29, 31 y 32, escuelas que de m\u00ednima tienen 60 a\u00f1os de historia, de hecho, una de ellas, la 29 la mantuvieron cerrada desde el 2017, hasta que en 2020 la reabrimos, la equipamos y hoy triplic\u00f3 su matr\u00edcula, siendo nuestro orgullo\u201d, dijo luego.<\/p>\n<p>\u201cEntiendo perfectamente que est\u00e9 en desacuerdo con la manera de gestionar el Consejo Escolar, es razonable y l\u00f3gico, porque si algo aprendimos de las gestiones realizadas por ustedes es a hacer absolutamente todo lo contrario, porque desde mi humilde opini\u00f3n, nuestra gesti\u00f3n es diametralmente opuesta, partiendo de la base de democratizaci\u00f3n que hemos impulsado, donde las cuentas est\u00e1n al d\u00eda, las sesiones se realizan con normalidad, los Consejeros pueden tomar decisiones sin importar el partido al que pertenezcan, donde a pesar de las diferencias, estamos trabajando en equipo, priorizando sobre todo a la educaci\u00f3n, por eso es poderosamente llamativo\u00a0 que no sean sus Consejeros Escolares los que critican, que no son ni m\u00e1s ni menos que tres, o sea, la mitad del Consejo, a los cuales si tiene propuestas alternativas podr\u00eda pasarle para que lo trabajemos\u201d, complet\u00f3 Pisano.<\/p>\n","protected":false},"excerpt":{"rendered":"<p>\u25a0 El presidente del Consejo Escolar sali\u00f3 a responderle a la concejal de Juntos tras cr\u00edticas recibidas. \u00abGestionamos de manera diametralmente opuesta a cuando ellos lo hicieron\u00bb, dijo<\/p>\n","protected":false},"author":16,"featured_media":35802,"comment_status":"open","ping_status":"open","sticky":false,"template":"","format":"standard","meta":{"footnotes":""},"categories":[16],"tags":[267,12446,38,268,36],"class_list":["post-93973","post","type-post","status-publish","format-standard","has-post-thumbnail","hentry","category-politica","tag-consejo-escolar","tag-debora-lacasa","tag-educacion","tag-jose-luis-pisano","tag-obras"],"yoast_head":"<!-- This site is optimized with the Yoast SEO plugin v27.5 - https:\/\/yoast.com\/product\/yoast-seo-wordpress\/ -->\n<title>Pisano le contesta a Lacasa: &quot;Es l\u00f3gico que est\u00e9 en desacuerdo&quot;<\/title>\n<meta name=\"robots\" content=\"index, follow, max-snippet:-1, max-image-preview:large, max-video-preview:-1\" \/>\n<link rel=\"canonical\" href=\"https:\/\/noticiasmercedinas.com\/site\/2022\/06\/27\/pisano-le-contesta-a-lacasa-es-logico-que-este-en-desacuerdo\/\" \/>\n<meta property=\"og:locale\" content=\"es_ES\" \/>\n<meta property=\"og:type\" content=\"article\" \/>\n<meta property=\"og:title\" content=\"Pisano le contesta a Lacasa: &quot;Es l\u00f3gico que est\u00e9 en desacuerdo&quot;\" \/>\n<meta property=\"og:description\" content=\"\u25a0 El presidente del Consejo Escolar sali\u00f3 a responderle a la concejal de Juntos tras cr\u00edticas recibidas. &quot;Gestionamos de manera diametralmente opuesta a cuando ellos lo hicieron&quot;, dijo\" \/>\n<meta property=\"og:url\" content=\"https:\/\/noticiasmercedinas.com\/site\/2022\/06\/27\/pisano-le-contesta-a-lacasa-es-logico-que-este-en-desacuerdo\/\" \/>\n<meta property=\"og:site_name\" content=\"NOTICIASMERCEDINAS.COM\" \/>\n<meta property=\"article:publisher\" content=\"https:\/\/www.facebook.com\/noticiasmercedinas\/\" \/>\n<meta property=\"article:published_time\" content=\"2022-06-27T14:46:52+00:00\" \/>\n<meta property=\"og:image\" content=\"https:\/\/noticiasmercedinas.com\/site\/wp-content\/uploads\/2019\/12\/josipisanoIMG_2015.jpg\" \/>\n\t<meta property=\"og:image:width\" content=\"640\" \/>\n\t<meta property=\"og:image:height\" content=\"398\" \/>\n\t<meta property=\"og:image:type\" content=\"image\/jpeg\" \/>\n<meta name=\"author\" content=\"NOTICIASMERCEDINAS.COM\" \/>\n<meta name=\"twitter:card\" content=\"summary_large_image\" \/>\n<meta name=\"twitter:creator\" content=\"@notmercedinas\" \/>\n<meta name=\"twitter:site\" content=\"@notmercedinas\" \/>\n<meta name=\"twitter:label1\" content=\"Escrito por\" \/>\n\t<meta name=\"twitter:data1\" content=\"NOTICIASMERCEDINAS.COM\" \/>\n\t<meta name=\"twitter:label2\" content=\"Tiempo de lectura\" \/>\n\t<meta name=\"twitter:data2\" content=\"7 minutos\" \/>\n<script type=\"application\/ld+json\" class=\"yoast-schema-graph\">{\"@context\":\"https:\\\/\\\/schema.org\",\"@graph\":[{\"@type\":\"Article\",\"@id\":\"https:\\\/\\\/noticiasmercedinas.com\\\/site\\\/2022\\\/06\\\/27\\\/pisano-le-contesta-a-lacasa-es-logico-que-este-en-desacuerdo\\\/#article\",\"isPartOf\":{\"@id\":\"https:\\\/\\\/noticiasmercedinas.com\\\/site\\\/2022\\\/06\\\/27\\\/pisano-le-contesta-a-lacasa-es-logico-que-este-en-desacuerdo\\\/\"},\"author\":{\"name\":\"NOTICIASMERCEDINAS.COM\",\"@id\":\"https:\\\/\\\/noticiasmercedinas.com\\\/site\\\/#\\\/schema\\\/person\\\/84b59c099c28ff2e8b77d4ceec5d8063\"},\"headline\":\"Pisano le contesta a Lacasa: \u00abEs l\u00f3gico que est\u00e9 en desacuerdo\u00bb\",\"datePublished\":\"2022-06-27T14:46:52+00:00\",\"mainEntityOfPage\":{\"@id\":\"https:\\\/\\\/noticiasmercedinas.com\\\/site\\\/2022\\\/06\\\/27\\\/pisano-le-contesta-a-lacasa-es-logico-que-este-en-desacuerdo\\\/\"},\"wordCount\":1365,\"commentCount\":0,\"publisher\":{\"@id\":\"https:\\\/\\\/noticiasmercedinas.com\\\/site\\\/#organization\"},\"image\":{\"@id\":\"https:\\\/\\\/noticiasmercedinas.com\\\/site\\\/2022\\\/06\\\/27\\\/pisano-le-contesta-a-lacasa-es-logico-que-este-en-desacuerdo\\\/#primaryimage\"},\"thumbnailUrl\":\"https:\\\/\\\/noticiasmercedinas.com\\\/site\\\/wp-content\\\/uploads\\\/2019\\\/12\\\/josipisanoIMG_2015.jpg\",\"keywords\":[\"consejo escolar\",\"Debora Lacasa\",\"educacion\",\"jose luis pisano\",\"obras\"],\"articleSection\":[\"Politica\"],\"inLanguage\":\"es\",\"potentialAction\":[{\"@type\":\"CommentAction\",\"name\":\"Comment\",\"target\":[\"https:\\\/\\\/noticiasmercedinas.com\\\/site\\\/2022\\\/06\\\/27\\\/pisano-le-contesta-a-lacasa-es-logico-que-este-en-desacuerdo\\\/#respond\"]}]},{\"@type\":\"WebPage\",\"@id\":\"https:\\\/\\\/noticiasmercedinas.com\\\/site\\\/2022\\\/06\\\/27\\\/pisano-le-contesta-a-lacasa-es-logico-que-este-en-desacuerdo\\\/\",\"url\":\"https:\\\/\\\/noticiasmercedinas.com\\\/site\\\/2022\\\/06\\\/27\\\/pisano-le-contesta-a-lacasa-es-logico-que-este-en-desacuerdo\\\/\",\"name\":\"Pisano le contesta a Lacasa: \\\"Es l\u00f3gico que est\u00e9 en desacuerdo\\\"\",\"isPartOf\":{\"@id\":\"https:\\\/\\\/noticiasmercedinas.com\\\/site\\\/#website\"},\"primaryImageOfPage\":{\"@id\":\"https:\\\/\\\/noticiasmercedinas.com\\\/site\\\/2022\\\/06\\\/27\\\/pisano-le-contesta-a-lacasa-es-logico-que-este-en-desacuerdo\\\/#primaryimage\"},\"image\":{\"@id\":\"https:\\\/\\\/noticiasmercedinas.com\\\/site\\\/2022\\\/06\\\/27\\\/pisano-le-contesta-a-lacasa-es-logico-que-este-en-desacuerdo\\\/#primaryimage\"},\"thumbnailUrl\":\"https:\\\/\\\/noticiasmercedinas.com\\\/site\\\/wp-content\\\/uploads\\\/2019\\\/12\\\/josipisanoIMG_2015.jpg\",\"datePublished\":\"2022-06-27T14:46:52+00:00\",\"breadcrumb\":{\"@id\":\"https:\\\/\\\/noticiasmercedinas.com\\\/site\\\/2022\\\/06\\\/27\\\/pisano-le-contesta-a-lacasa-es-logico-que-este-en-desacuerdo\\\/#breadcrumb\"},\"inLanguage\":\"es\",\"potentialAction\":[{\"@type\":\"ReadAction\",\"target\":[\"https:\\\/\\\/noticiasmercedinas.com\\\/site\\\/2022\\\/06\\\/27\\\/pisano-le-contesta-a-lacasa-es-logico-que-este-en-desacuerdo\\\/\"]}]},{\"@type\":\"ImageObject\",\"inLanguage\":\"es\",\"@id\":\"https:\\\/\\\/noticiasmercedinas.com\\\/site\\\/2022\\\/06\\\/27\\\/pisano-le-contesta-a-lacasa-es-logico-que-este-en-desacuerdo\\\/#primaryimage\",\"url\":\"https:\\\/\\\/noticiasmercedinas.com\\\/site\\\/wp-content\\\/uploads\\\/2019\\\/12\\\/josipisanoIMG_2015.jpg\",\"contentUrl\":\"https:\\\/\\\/noticiasmercedinas.com\\\/site\\\/wp-content\\\/uploads\\\/2019\\\/12\\\/josipisanoIMG_2015.jpg\",\"width\":640,\"height\":398},{\"@type\":\"BreadcrumbList\",\"@id\":\"https:\\\/\\\/noticiasmercedinas.com\\\/site\\\/2022\\\/06\\\/27\\\/pisano-le-contesta-a-lacasa-es-logico-que-este-en-desacuerdo\\\/#breadcrumb\",\"itemListElement\":[{\"@type\":\"ListItem\",\"position\":1,\"name\":\"Portada\",\"item\":\"https:\\\/\\\/noticiasmercedinas.com\\\/site\\\/\"},{\"@type\":\"ListItem\",\"position\":2,\"name\":\"Pisano le contesta a Lacasa: \u00abEs l\u00f3gico que est\u00e9 en desacuerdo\u00bb\"}]},{\"@type\":\"WebSite\",\"@id\":\"https:\\\/\\\/noticiasmercedinas.com\\\/site\\\/#website\",\"url\":\"https:\\\/\\\/noticiasmercedinas.com\\\/site\\\/\",\"name\":\"NOTICIASMERCEDINAS.COM\",\"description\":\"Mercedes, Buenos Aires, Argentina\",\"publisher\":{\"@id\":\"https:\\\/\\\/noticiasmercedinas.com\\\/site\\\/#organization\"},\"potentialAction\":[{\"@type\":\"SearchAction\",\"target\":{\"@type\":\"EntryPoint\",\"urlTemplate\":\"https:\\\/\\\/noticiasmercedinas.com\\\/site\\\/?s={search_term_string}\"},\"query-input\":{\"@type\":\"PropertyValueSpecification\",\"valueRequired\":true,\"valueName\":\"search_term_string\"}}],\"inLanguage\":\"es\"},{\"@type\":\"Organization\",\"@id\":\"https:\\\/\\\/noticiasmercedinas.com\\\/site\\\/#organization\",\"name\":\"NOTICIASMERCEDINAS.COM\",\"url\":\"https:\\\/\\\/noticiasmercedinas.com\\\/site\\\/\",\"logo\":{\"@type\":\"ImageObject\",\"inLanguage\":\"es\",\"@id\":\"https:\\\/\\\/noticiasmercedinas.com\\\/site\\\/#\\\/schema\\\/logo\\\/image\\\/\",\"url\":\"https:\\\/\\\/noticiasmercedinas.com\\\/site\\\/wp-content\\\/uploads\\\/2020\\\/06\\\/LOGO-512.jpg\",\"contentUrl\":\"https:\\\/\\\/noticiasmercedinas.com\\\/site\\\/wp-content\\\/uploads\\\/2020\\\/06\\\/LOGO-512.jpg\",\"width\":512,\"height\":512,\"caption\":\"NOTICIASMERCEDINAS.COM\"},\"image\":{\"@id\":\"https:\\\/\\\/noticiasmercedinas.com\\\/site\\\/#\\\/schema\\\/logo\\\/image\\\/\"},\"sameAs\":[\"https:\\\/\\\/www.facebook.com\\\/noticiasmercedinas\\\/\",\"https:\\\/\\\/x.com\\\/notmercedinas\",\"https:\\\/\\\/www.instagram.com\\\/noticiasmercedinas\\\/\"]},{\"@type\":\"Person\",\"@id\":\"https:\\\/\\\/noticiasmercedinas.com\\\/site\\\/#\\\/schema\\\/person\\\/84b59c099c28ff2e8b77d4ceec5d8063\",\"name\":\"NOTICIASMERCEDINAS.COM\",\"image\":{\"@type\":\"ImageObject\",\"inLanguage\":\"es\",\"@id\":\"https:\\\/\\\/secure.gravatar.com\\\/avatar\\\/4dfbf16b4d17945bfb6341b2d19043457132fcf478a5ee04f42e959fd8f5df0a?s=96&d=mm&r=g\",\"url\":\"https:\\\/\\\/secure.gravatar.com\\\/avatar\\\/4dfbf16b4d17945bfb6341b2d19043457132fcf478a5ee04f42e959fd8f5df0a?s=96&d=mm&r=g\",\"contentUrl\":\"https:\\\/\\\/secure.gravatar.com\\\/avatar\\\/4dfbf16b4d17945bfb6341b2d19043457132fcf478a5ee04f42e959fd8f5df0a?s=96&d=mm&r=g\",\"caption\":\"NOTICIASMERCEDINAS.COM\"},\"url\":\"https:\\\/\\\/noticiasmercedinas.com\\\/site\\\/author\\\/anonimo\\\/\"}]}<\/script>\n<!-- \/ Yoast SEO plugin. -->","yoast_head_json":{"title":"Pisano le contesta a Lacasa: \"Es l\u00f3gico que est\u00e9 en desacuerdo\"","robots":{"index":"index","follow":"follow","max-snippet":"max-snippet:-1","max-image-preview":"max-image-preview:large","max-video-preview":"max-video-preview:-1"},"canonical":"https:\/\/noticiasmercedinas.com\/site\/2022\/06\/27\/pisano-le-contesta-a-lacasa-es-logico-que-este-en-desacuerdo\/","og_locale":"es_ES","og_type":"article","og_title":"Pisano le contesta a Lacasa: \"Es l\u00f3gico que est\u00e9 en desacuerdo\"","og_description":"\u25a0 El presidente del Consejo Escolar sali\u00f3 a responderle a la concejal de Juntos tras cr\u00edticas recibidas. \"Gestionamos de manera diametralmente opuesta a cuando ellos lo hicieron\", dijo","og_url":"https:\/\/noticiasmercedinas.com\/site\/2022\/06\/27\/pisano-le-contesta-a-lacasa-es-logico-que-este-en-desacuerdo\/","og_site_name":"NOTICIASMERCEDINAS.COM","article_publisher":"https:\/\/www.facebook.com\/noticiasmercedinas\/","article_published_time":"2022-06-27T14:46:52+00:00","og_image":[{"width":640,"height":398,"url":"https:\/\/noticiasmercedinas.com\/site\/wp-content\/uploads\/2019\/12\/josipisanoIMG_2015.jpg","type":"image\/jpeg"}],"author":"NOTICIASMERCEDINAS.COM","twitter_card":"summary_large_image","twitter_creator":"@notmercedinas","twitter_site":"@notmercedinas","twitter_misc":{"Escrito por":"NOTICIASMERCEDINAS.COM","Tiempo de lectura":"7 minutos"},"schema":{"@context":"https:\/\/schema.org","@graph":[{"@type":"Article","@id":"https:\/\/noticiasmercedinas.com\/site\/2022\/06\/27\/pisano-le-contesta-a-lacasa-es-logico-que-este-en-desacuerdo\/#article","isPartOf":{"@id":"https:\/\/noticiasmercedinas.com\/site\/2022\/06\/27\/pisano-le-contesta-a-lacasa-es-logico-que-este-en-desacuerdo\/"},"author":{"name":"NOTICIASMERCEDINAS.COM","@id":"https:\/\/noticiasmercedinas.com\/site\/#\/schema\/person\/84b59c099c28ff2e8b77d4ceec5d8063"},"headline":"Pisano le contesta a Lacasa: \u00abEs l\u00f3gico que est\u00e9 en desacuerdo\u00bb","datePublished":"2022-06-27T14:46:52+00:00","mainEntityOfPage":{"@id":"https:\/\/noticiasmercedinas.com\/site\/2022\/06\/27\/pisano-le-contesta-a-lacasa-es-logico-que-este-en-desacuerdo\/"},"wordCount":1365,"commentCount":0,"publisher":{"@id":"https:\/\/noticiasmercedinas.com\/site\/#organization"},"image":{"@id":"https:\/\/noticiasmercedinas.com\/site\/2022\/06\/27\/pisano-le-contesta-a-lacasa-es-logico-que-este-en-desacuerdo\/#primaryimage"},"thumbnailUrl":"https:\/\/noticiasmercedinas.com\/site\/wp-content\/uploads\/2019\/12\/josipisanoIMG_2015.jpg","keywords":["consejo escolar","Debora Lacasa","educacion","jose luis pisano","obras"],"articleSection":["Politica"],"inLanguage":"es","potentialAction":[{"@type":"CommentAction","name":"Comment","target":["https:\/\/noticiasmercedinas.com\/site\/2022\/06\/27\/pisano-le-contesta-a-lacasa-es-logico-que-este-en-desacuerdo\/#respond"]}]},{"@type":"WebPage","@id":"https:\/\/noticiasmercedinas.com\/site\/2022\/06\/27\/pisano-le-contesta-a-lacasa-es-logico-que-este-en-desacuerdo\/","url":"https:\/\/noticiasmercedinas.com\/site\/2022\/06\/27\/pisano-le-contesta-a-lacasa-es-logico-que-este-en-desacuerdo\/","name":"Pisano le contesta a Lacasa: \"Es l\u00f3gico que est\u00e9 en desacuerdo\"","isPartOf":{"@id":"https:\/\/noticiasmercedinas.com\/site\/#website"},"primaryImageOfPage":{"@id":"https:\/\/noticiasmercedinas.com\/site\/2022\/06\/27\/pisano-le-contesta-a-lacasa-es-logico-que-este-en-desacuerdo\/#primaryimage"},"image":{"@id":"https:\/\/noticiasmercedinas.com\/site\/2022\/06\/27\/pisano-le-contesta-a-lacasa-es-logico-que-este-en-desacuerdo\/#primaryimage"},"thumbnailUrl":"https:\/\/noticiasmercedinas.com\/site\/wp-content\/uploads\/2019\/12\/josipisanoIMG_2015.jpg","datePublished":"2022-06-27T14:46:52+00:00","breadcrumb":{"@id":"https:\/\/noticiasmercedinas.com\/site\/2022\/06\/27\/pisano-le-contesta-a-lacasa-es-logico-que-este-en-desacuerdo\/#breadcrumb"},"inLanguage":"es","potentialAction":[{"@type":"ReadAction","target":["https:\/\/noticiasmercedinas.com\/site\/2022\/06\/27\/pisano-le-contesta-a-lacasa-es-logico-que-este-en-desacuerdo\/"]}]},{"@type":"ImageObject","inLanguage":"es","@id":"https:\/\/noticiasmercedinas.com\/site\/2022\/06\/27\/pisano-le-contesta-a-lacasa-es-logico-que-este-en-desacuerdo\/#primaryimage","url":"https:\/\/noticiasmercedinas.com\/site\/wp-content\/uploads\/2019\/12\/josipisanoIMG_2015.jpg","contentUrl":"https:\/\/noticiasmercedinas.com\/site\/wp-content\/uploads\/2019\/12\/josipisanoIMG_2015.jpg","width":640,"height":398},{"@type":"BreadcrumbList","@id":"https:\/\/noticiasmercedinas.com\/site\/2022\/06\/27\/pisano-le-contesta-a-lacasa-es-logico-que-este-en-desacuerdo\/#breadcrumb","itemListElement":[{"@type":"ListItem","position":1,"name":"Portada","item":"https:\/\/noticiasmercedinas.com\/site\/"},{"@type":"ListItem","position":2,"name":"Pisano le contesta a Lacasa: \u00abEs l\u00f3gico que est\u00e9 en desacuerdo\u00bb"}]},{"@type":"WebSite","@id":"https:\/\/noticiasmercedinas.com\/site\/#website","url":"https:\/\/noticiasmercedinas.com\/site\/","name":"NOTICIASMERCEDINAS.COM","description":"Mercedes, Buenos Aires, Argentina","publisher":{"@id":"https:\/\/noticiasmercedinas.com\/site\/#organization"},"potentialAction":[{"@type":"SearchAction","target":{"@type":"EntryPoint","urlTemplate":"https:\/\/noticiasmercedinas.com\/site\/?s={search_term_string}"},"query-input":{"@type":"PropertyValueSpecification","valueRequired":true,"valueName":"search_term_string"}}],"inLanguage":"es"},{"@type":"Organization","@id":"https:\/\/noticiasmercedinas.com\/site\/#organization","name":"NOTICIASMERCEDINAS.COM","url":"https:\/\/noticiasmercedinas.com\/site\/","logo":{"@type":"ImageObject","inLanguage":"es","@id":"https:\/\/noticiasmercedinas.com\/site\/#\/schema\/logo\/image\/","url":"https:\/\/noticiasmercedinas.com\/site\/wp-content\/uploads\/2020\/06\/LOGO-512.jpg","contentUrl":"https:\/\/noticiasmercedinas.com\/site\/wp-content\/uploads\/2020\/06\/LOGO-512.jpg","width":512,"height":512,"caption":"NOTICIASMERCEDINAS.COM"},"image":{"@id":"https:\/\/noticiasmercedinas.com\/site\/#\/schema\/logo\/image\/"},"sameAs":["https:\/\/www.facebook.com\/noticiasmercedinas\/","https:\/\/x.com\/notmercedinas","https:\/\/www.instagram.com\/noticiasmercedinas\/"]},{"@type":"Person","@id":"https:\/\/noticiasmercedinas.com\/site\/#\/schema\/person\/84b59c099c28ff2e8b77d4ceec5d8063","name":"NOTICIASMERCEDINAS.COM","image":{"@type":"ImageObject","inLanguage":"es","@id":"https:\/\/secure.gravatar.com\/avatar\/4dfbf16b4d17945bfb6341b2d19043457132fcf478a5ee04f42e959fd8f5df0a?s=96&d=mm&r=g","url":"https:\/\/secure.gravatar.com\/avatar\/4dfbf16b4d17945bfb6341b2d19043457132fcf478a5ee04f42e959fd8f5df0a?s=96&d=mm&r=g","contentUrl":"https:\/\/secure.gravatar.com\/avatar\/4dfbf16b4d17945bfb6341b2d19043457132fcf478a5ee04f42e959fd8f5df0a?s=96&d=mm&r=g","caption":"NOTICIASMERCEDINAS.COM"},"url":"https:\/\/noticiasmercedinas.com\/site\/author\/anonimo\/"}]}},"amp_enabled":true,"_links":{"self":[{"href":"https:\/\/noticiasmercedinas.com\/site\/wp-json\/wp\/v2\/posts\/93973","targetHints":{"allow":["GET"]}}],"collection":[{"href":"https:\/\/noticiasmercedinas.com\/site\/wp-json\/wp\/v2\/posts"}],"about":[{"href":"https:\/\/noticiasmercedinas.com\/site\/wp-json\/wp\/v2\/types\/post"}],"author":[{"embeddable":true,"href":"https:\/\/noticiasmercedinas.com\/site\/wp-json\/wp\/v2\/users\/16"}],"replies":[{"embeddable":true,"href":"https:\/\/noticiasmercedinas.com\/site\/wp-json\/wp\/v2\/comments?post=93973"}],"version-history":[{"count":1,"href":"https:\/\/noticiasmercedinas.com\/site\/wp-json\/wp\/v2\/posts\/93973\/revisions"}],"predecessor-version":[{"id":93974,"href":"https:\/\/noticiasmercedinas.com\/site\/wp-json\/wp\/v2\/posts\/93973\/revisions\/93974"}],"wp:featuredmedia":[{"embeddable":true,"href":"https:\/\/noticiasmercedinas.com\/site\/wp-json\/wp\/v2\/media\/35802"}],"wp:attachment":[{"href":"https:\/\/noticiasmercedinas.com\/site\/wp-json\/wp\/v2\/media?parent=93973"}],"wp:term":[{"taxonomy":"category","embeddable":true,"href":"https:\/\/noticiasmercedinas.com\/site\/wp-json\/wp\/v2\/categories?post=93973"},{"taxonomy":"post_tag","embeddable":true,"href":"https:\/\/noticiasmercedinas.com\/site\/wp-json\/wp\/v2\/tags?post=93973"}],"curies":[{"name":"wp","href":"https:\/\/api.w.org\/{rel}","templated":true}]}}