{"id":94077,"date":"2022-06-28T14:26:51","date_gmt":"2022-06-28T17:26:51","guid":{"rendered":"https:\/\/noticiasmercedinas.com\/site\/?p=94077"},"modified":"2022-06-28T14:26:51","modified_gmt":"2022-06-28T17:26:51","slug":"con-la-incorporacion-de-gowland-habra-otro-torneo","status":"publish","type":"post","link":"https:\/\/noticiasmercedinas.com\/site\/2022\/06\/28\/con-la-incorporacion-de-gowland-habra-otro-torneo\/","title":{"rendered":"Con la incorporaci\u00f3n de Gowland habr\u00e1 otro torneo"},"content":{"rendered":"<figure id=\"attachment_94078\" aria-describedby=\"caption-attachment-94078\" style=\"width: 640px\" class=\"wp-caption alignnone\"><img loading=\"lazy\" decoding=\"async\" class=\"wp-image-94078 size-full\" src=\"https:\/\/noticiasmercedinas.com\/site\/wp-content\/uploads\/2022\/06\/IMG_5306.jpg\" alt=\"\" width=\"640\" height=\"414\" srcset=\"https:\/\/noticiasmercedinas.com\/site\/wp-content\/uploads\/2022\/06\/IMG_5306.jpg 640w, https:\/\/noticiasmercedinas.com\/site\/wp-content\/uploads\/2022\/06\/IMG_5306-300x194.jpg 300w, https:\/\/noticiasmercedinas.com\/site\/wp-content\/uploads\/2022\/06\/IMG_5306-600x388.jpg 600w, https:\/\/noticiasmercedinas.com\/site\/wp-content\/uploads\/2022\/06\/IMG_5306-341x220.jpg 341w\" sizes=\"auto, (max-width: 640px) 100vw, 640px\" \/><figcaption id=\"caption-attachment-94078\" class=\"wp-caption-text\">Este fin de semana se reanuda el f\u00fatbol femenino de Primera.<\/figcaption><\/figure>\n<p>En la noche del pasado lunes 28, en sede de la Liga Mercedina de F\u00fatbol, se concret\u00f3 una reuni\u00f3n de delegados para dar tratamiento a la continuidad del F\u00fatbol Femenino de Primera divisi\u00f3n, certamen finalizado d\u00edas atr\u00e1s donde El Front\u00f3n de San Andr\u00e9s de Giles se coron\u00f3 en la finales de la Copa de Oro ante El Tim\u00f3n de J\u00e1uregui<\/p>\n<p>El presidente Esteban Marcelo y el vicepresidente Jorge Cerfoglio acordaron junto a los representantes de los clubes Flandria, Los Carteros, El Front\u00f3n, El Tim\u00f3n, Palometas, Club Mercedes, Deportivo Gowland, V\u00e9lez Sarsfield, Estudiantes, Trocha y Defensores Juniors poner en macha el certamen este fin de semana. Ausentes, aunque tomar\u00e1n parte, estuvieron Pabell\u00f3n Argentino, Atl\u00e9tico Marcos Paz y AMEFIP San Mart\u00edn.<\/p>\n<p>El torneo ser\u00e1 con la participaci\u00f3n de 15 equipos, divididos en tres zonas de cinco conjuntos cada una. A la segunda fase clasificar\u00e1n ingresar\u00e1n los dos primeros de cada grupo y los dos mejores terceros. En cada una de las zonas se disputar\u00e1n partidos de ida y vuelta. Lo que hace un total de 10 fechas para el f\u00fatbol femenino de Primera divisi\u00f3n, que se celebra en la modalidad once.<\/p>\n<p><img loading=\"lazy\" decoding=\"async\" class=\"alignnone size-full wp-image-94079\" src=\"https:\/\/noticiasmercedinas.com\/site\/wp-content\/uploads\/2022\/06\/fixture.jpg\" alt=\"\" width=\"640\" height=\"454\" srcset=\"https:\/\/noticiasmercedinas.com\/site\/wp-content\/uploads\/2022\/06\/fixture.jpg 640w, https:\/\/noticiasmercedinas.com\/site\/wp-content\/uploads\/2022\/06\/fixture-300x213.jpg 300w\" sizes=\"auto, (max-width: 640px) 100vw, 640px\" \/><\/p>\n","protected":false},"excerpt":{"rendered":"<p>\u25a0 La Primera divisi\u00f3n del f\u00fatbol femenino ya tiene su fixture tras la reuni\u00f3n realizada anoche en sede de la Liga. Habr\u00e1 un total de 15 participantes que se dividir\u00e1n en tres zonas. La primera fecha ser\u00e1 el fin de semana.<\/p>\n","protected":false},"author":6,"featured_media":94078,"comment_status":"open","ping_status":"open","sticky":false,"template":"","format":"standard","meta":{"footnotes":""},"categories":[5],"tags":[751,3346,14177],"class_list":["post-94077","post","type-post","status-publish","format-standard","has-post-thumbnail","hentry","category-deportes","tag-futbol-femenino","tag-liga-mercedina-de-futbol","tag-primera-division"],"yoast_head":"<!-- This site is optimized with the Yoast SEO plugin v27.4 - https:\/\/yoast.com\/product\/yoast-seo-wordpress\/ -->\n<title>Con la incorporaci\u00f3n de Gowland habr\u00e1 otro torneo<\/title>\n<meta name=\"robots\" content=\"index, follow, max-snippet:-1, max-image-preview:large, max-video-preview:-1\" \/>\n<link rel=\"canonical\" href=\"https:\/\/noticiasmercedinas.com\/site\/2022\/06\/28\/con-la-incorporacion-de-gowland-habra-otro-torneo\/\" \/>\n<meta property=\"og:locale\" content=\"es_ES\" \/>\n<meta property=\"og:type\" content=\"article\" \/>\n<meta property=\"og:title\" content=\"Con la incorporaci\u00f3n de Gowland habr\u00e1 otro torneo\" \/>\n<meta property=\"og:description\" content=\"\u25a0 La Primera divisi\u00f3n del f\u00fatbol femenino ya tiene su fixture tras la reuni\u00f3n realizada anoche en sede de la Liga. Habr\u00e1 un total de 15 participantes que se dividir\u00e1n en tres zonas. La primera fecha ser\u00e1 el fin de semana.\" \/>\n<meta property=\"og:url\" content=\"https:\/\/noticiasmercedinas.com\/site\/2022\/06\/28\/con-la-incorporacion-de-gowland-habra-otro-torneo\/\" \/>\n<meta property=\"og:site_name\" content=\"NOTICIASMERCEDINAS.COM\" \/>\n<meta property=\"article:publisher\" content=\"https:\/\/www.facebook.com\/noticiasmercedinas\/\" \/>\n<meta property=\"article:published_time\" content=\"2022-06-28T17:26:51+00:00\" \/>\n<meta property=\"og:image\" content=\"https:\/\/noticiasmercedinas.com\/site\/wp-content\/uploads\/2022\/06\/IMG_5306.jpg\" \/>\n\t<meta property=\"og:image:width\" content=\"640\" \/>\n\t<meta property=\"og:image:height\" content=\"414\" \/>\n\t<meta property=\"og:image:type\" content=\"image\/jpeg\" \/>\n<meta name=\"author\" content=\"Juan Dagnino NOTICIASMERCEDINAS.COM\" \/>\n<meta name=\"twitter:card\" content=\"summary_large_image\" \/>\n<meta name=\"twitter:creator\" content=\"@notmercedinas\" \/>\n<meta name=\"twitter:site\" content=\"@notmercedinas\" \/>\n<meta name=\"twitter:label1\" content=\"Escrito por\" \/>\n\t<meta name=\"twitter:data1\" content=\"Juan Dagnino NOTICIASMERCEDINAS.COM\" \/>\n\t<meta name=\"twitter:label2\" content=\"Tiempo de lectura\" \/>\n\t<meta name=\"twitter:data2\" content=\"2 minutos\" \/>\n<script type=\"application\/ld+json\" class=\"yoast-schema-graph\">{\"@context\":\"https:\\\/\\\/schema.org\",\"@graph\":[{\"@type\":\"Article\",\"@id\":\"https:\\\/\\\/noticiasmercedinas.com\\\/site\\\/2022\\\/06\\\/28\\\/con-la-incorporacion-de-gowland-habra-otro-torneo\\\/#article\",\"isPartOf\":{\"@id\":\"https:\\\/\\\/noticiasmercedinas.com\\\/site\\\/2022\\\/06\\\/28\\\/con-la-incorporacion-de-gowland-habra-otro-torneo\\\/\"},\"author\":{\"name\":\"Juan Dagnino NOTICIASMERCEDINAS.COM\",\"@id\":\"https:\\\/\\\/noticiasmercedinas.com\\\/site\\\/#\\\/schema\\\/person\\\/8f2f09d666ef40986eba4a5e6f2a06f9\"},\"headline\":\"Con la incorporaci\u00f3n de Gowland habr\u00e1 otro torneo\",\"datePublished\":\"2022-06-28T17:26:51+00:00\",\"mainEntityOfPage\":{\"@id\":\"https:\\\/\\\/noticiasmercedinas.com\\\/site\\\/2022\\\/06\\\/28\\\/con-la-incorporacion-de-gowland-habra-otro-torneo\\\/\"},\"wordCount\":237,\"commentCount\":0,\"publisher\":{\"@id\":\"https:\\\/\\\/noticiasmercedinas.com\\\/site\\\/#organization\"},\"image\":{\"@id\":\"https:\\\/\\\/noticiasmercedinas.com\\\/site\\\/2022\\\/06\\\/28\\\/con-la-incorporacion-de-gowland-habra-otro-torneo\\\/#primaryimage\"},\"thumbnailUrl\":\"https:\\\/\\\/noticiasmercedinas.com\\\/site\\\/wp-content\\\/uploads\\\/2022\\\/06\\\/IMG_5306.jpg\",\"keywords\":[\"f\u00fatbol femenino\",\"Liga Mercedina de F\u00fatbol\",\"primera divisi\u00f3n\"],\"articleSection\":[\"Deportes\"],\"inLanguage\":\"es\",\"potentialAction\":[{\"@type\":\"CommentAction\",\"name\":\"Comment\",\"target\":[\"https:\\\/\\\/noticiasmercedinas.com\\\/site\\\/2022\\\/06\\\/28\\\/con-la-incorporacion-de-gowland-habra-otro-torneo\\\/#respond\"]}]},{\"@type\":\"WebPage\",\"@id\":\"https:\\\/\\\/noticiasmercedinas.com\\\/site\\\/2022\\\/06\\\/28\\\/con-la-incorporacion-de-gowland-habra-otro-torneo\\\/\",\"url\":\"https:\\\/\\\/noticiasmercedinas.com\\\/site\\\/2022\\\/06\\\/28\\\/con-la-incorporacion-de-gowland-habra-otro-torneo\\\/\",\"name\":\"Con la incorporaci\u00f3n de Gowland habr\u00e1 otro torneo\",\"isPartOf\":{\"@id\":\"https:\\\/\\\/noticiasmercedinas.com\\\/site\\\/#website\"},\"primaryImageOfPage\":{\"@id\":\"https:\\\/\\\/noticiasmercedinas.com\\\/site\\\/2022\\\/06\\\/28\\\/con-la-incorporacion-de-gowland-habra-otro-torneo\\\/#primaryimage\"},\"image\":{\"@id\":\"https:\\\/\\\/noticiasmercedinas.com\\\/site\\\/2022\\\/06\\\/28\\\/con-la-incorporacion-de-gowland-habra-otro-torneo\\\/#primaryimage\"},\"thumbnailUrl\":\"https:\\\/\\\/noticiasmercedinas.com\\\/site\\\/wp-content\\\/uploads\\\/2022\\\/06\\\/IMG_5306.jpg\",\"datePublished\":\"2022-06-28T17:26:51+00:00\",\"breadcrumb\":{\"@id\":\"https:\\\/\\\/noticiasmercedinas.com\\\/site\\\/2022\\\/06\\\/28\\\/con-la-incorporacion-de-gowland-habra-otro-torneo\\\/#breadcrumb\"},\"inLanguage\":\"es\",\"potentialAction\":[{\"@type\":\"ReadAction\",\"target\":[\"https:\\\/\\\/noticiasmercedinas.com\\\/site\\\/2022\\\/06\\\/28\\\/con-la-incorporacion-de-gowland-habra-otro-torneo\\\/\"]}]},{\"@type\":\"ImageObject\",\"inLanguage\":\"es\",\"@id\":\"https:\\\/\\\/noticiasmercedinas.com\\\/site\\\/2022\\\/06\\\/28\\\/con-la-incorporacion-de-gowland-habra-otro-torneo\\\/#primaryimage\",\"url\":\"https:\\\/\\\/noticiasmercedinas.com\\\/site\\\/wp-content\\\/uploads\\\/2022\\\/06\\\/IMG_5306.jpg\",\"contentUrl\":\"https:\\\/\\\/noticiasmercedinas.com\\\/site\\\/wp-content\\\/uploads\\\/2022\\\/06\\\/IMG_5306.jpg\",\"width\":640,\"height\":414},{\"@type\":\"BreadcrumbList\",\"@id\":\"https:\\\/\\\/noticiasmercedinas.com\\\/site\\\/2022\\\/06\\\/28\\\/con-la-incorporacion-de-gowland-habra-otro-torneo\\\/#breadcrumb\",\"itemListElement\":[{\"@type\":\"ListItem\",\"position\":1,\"name\":\"Portada\",\"item\":\"https:\\\/\\\/noticiasmercedinas.com\\\/site\\\/\"},{\"@type\":\"ListItem\",\"position\":2,\"name\":\"Con la incorporaci\u00f3n de Gowland habr\u00e1 otro torneo\"}]},{\"@type\":\"WebSite\",\"@id\":\"https:\\\/\\\/noticiasmercedinas.com\\\/site\\\/#website\",\"url\":\"https:\\\/\\\/noticiasmercedinas.com\\\/site\\\/\",\"name\":\"NOTICIASMERCEDINAS.COM\",\"description\":\"Mercedes, Buenos Aires, Argentina\",\"publisher\":{\"@id\":\"https:\\\/\\\/noticiasmercedinas.com\\\/site\\\/#organization\"},\"potentialAction\":[{\"@type\":\"SearchAction\",\"target\":{\"@type\":\"EntryPoint\",\"urlTemplate\":\"https:\\\/\\\/noticiasmercedinas.com\\\/site\\\/?s={search_term_string}\"},\"query-input\":{\"@type\":\"PropertyValueSpecification\",\"valueRequired\":true,\"valueName\":\"search_term_string\"}}],\"inLanguage\":\"es\"},{\"@type\":\"Organization\",\"@id\":\"https:\\\/\\\/noticiasmercedinas.com\\\/site\\\/#organization\",\"name\":\"NOTICIASMERCEDINAS.COM\",\"url\":\"https:\\\/\\\/noticiasmercedinas.com\\\/site\\\/\",\"logo\":{\"@type\":\"ImageObject\",\"inLanguage\":\"es\",\"@id\":\"https:\\\/\\\/noticiasmercedinas.com\\\/site\\\/#\\\/schema\\\/logo\\\/image\\\/\",\"url\":\"https:\\\/\\\/noticiasmercedinas.com\\\/site\\\/wp-content\\\/uploads\\\/2020\\\/06\\\/LOGO-512.jpg\",\"contentUrl\":\"https:\\\/\\\/noticiasmercedinas.com\\\/site\\\/wp-content\\\/uploads\\\/2020\\\/06\\\/LOGO-512.jpg\",\"width\":512,\"height\":512,\"caption\":\"NOTICIASMERCEDINAS.COM\"},\"image\":{\"@id\":\"https:\\\/\\\/noticiasmercedinas.com\\\/site\\\/#\\\/schema\\\/logo\\\/image\\\/\"},\"sameAs\":[\"https:\\\/\\\/www.facebook.com\\\/noticiasmercedinas\\\/\",\"https:\\\/\\\/x.com\\\/notmercedinas\",\"https:\\\/\\\/www.instagram.com\\\/noticiasmercedinas\\\/\"]},{\"@type\":\"Person\",\"@id\":\"https:\\\/\\\/noticiasmercedinas.com\\\/site\\\/#\\\/schema\\\/person\\\/8f2f09d666ef40986eba4a5e6f2a06f9\",\"name\":\"Juan Dagnino NOTICIASMERCEDINAS.COM\",\"image\":{\"@type\":\"ImageObject\",\"inLanguage\":\"es\",\"@id\":\"https:\\\/\\\/secure.gravatar.com\\\/avatar\\\/fc7059a769f5a3cae65fadb228a3e4accf3a64b4b2305020d0a27e6d5333c91b?s=96&d=mm&r=g\",\"url\":\"https:\\\/\\\/secure.gravatar.com\\\/avatar\\\/fc7059a769f5a3cae65fadb228a3e4accf3a64b4b2305020d0a27e6d5333c91b?s=96&d=mm&r=g\",\"contentUrl\":\"https:\\\/\\\/secure.gravatar.com\\\/avatar\\\/fc7059a769f5a3cae65fadb228a3e4accf3a64b4b2305020d0a27e6d5333c91b?s=96&d=mm&r=g\",\"caption\":\"Juan Dagnino NOTICIASMERCEDINAS.COM\"},\"url\":\"https:\\\/\\\/noticiasmercedinas.com\\\/site\\\/author\\\/juandagnino\\\/\"}]}<\/script>\n<!-- \/ Yoast SEO plugin. -->","yoast_head_json":{"title":"Con la incorporaci\u00f3n de Gowland habr\u00e1 otro torneo","robots":{"index":"index","follow":"follow","max-snippet":"max-snippet:-1","max-image-preview":"max-image-preview:large","max-video-preview":"max-video-preview:-1"},"canonical":"https:\/\/noticiasmercedinas.com\/site\/2022\/06\/28\/con-la-incorporacion-de-gowland-habra-otro-torneo\/","og_locale":"es_ES","og_type":"article","og_title":"Con la incorporaci\u00f3n de Gowland habr\u00e1 otro torneo","og_description":"\u25a0 La Primera divisi\u00f3n del f\u00fatbol femenino ya tiene su fixture tras la reuni\u00f3n realizada anoche en sede de la Liga. Habr\u00e1 un total de 15 participantes que se dividir\u00e1n en tres zonas. La primera fecha ser\u00e1 el fin de semana.","og_url":"https:\/\/noticiasmercedinas.com\/site\/2022\/06\/28\/con-la-incorporacion-de-gowland-habra-otro-torneo\/","og_site_name":"NOTICIASMERCEDINAS.COM","article_publisher":"https:\/\/www.facebook.com\/noticiasmercedinas\/","article_published_time":"2022-06-28T17:26:51+00:00","og_image":[{"width":640,"height":414,"url":"https:\/\/noticiasmercedinas.com\/site\/wp-content\/uploads\/2022\/06\/IMG_5306.jpg","type":"image\/jpeg"}],"author":"Juan Dagnino NOTICIASMERCEDINAS.COM","twitter_card":"summary_large_image","twitter_creator":"@notmercedinas","twitter_site":"@notmercedinas","twitter_misc":{"Escrito por":"Juan Dagnino NOTICIASMERCEDINAS.COM","Tiempo de lectura":"2 minutos"},"schema":{"@context":"https:\/\/schema.org","@graph":[{"@type":"Article","@id":"https:\/\/noticiasmercedinas.com\/site\/2022\/06\/28\/con-la-incorporacion-de-gowland-habra-otro-torneo\/#article","isPartOf":{"@id":"https:\/\/noticiasmercedinas.com\/site\/2022\/06\/28\/con-la-incorporacion-de-gowland-habra-otro-torneo\/"},"author":{"name":"Juan Dagnino NOTICIASMERCEDINAS.COM","@id":"https:\/\/noticiasmercedinas.com\/site\/#\/schema\/person\/8f2f09d666ef40986eba4a5e6f2a06f9"},"headline":"Con la incorporaci\u00f3n de Gowland habr\u00e1 otro torneo","datePublished":"2022-06-28T17:26:51+00:00","mainEntityOfPage":{"@id":"https:\/\/noticiasmercedinas.com\/site\/2022\/06\/28\/con-la-incorporacion-de-gowland-habra-otro-torneo\/"},"wordCount":237,"commentCount":0,"publisher":{"@id":"https:\/\/noticiasmercedinas.com\/site\/#organization"},"image":{"@id":"https:\/\/noticiasmercedinas.com\/site\/2022\/06\/28\/con-la-incorporacion-de-gowland-habra-otro-torneo\/#primaryimage"},"thumbnailUrl":"https:\/\/noticiasmercedinas.com\/site\/wp-content\/uploads\/2022\/06\/IMG_5306.jpg","keywords":["f\u00fatbol femenino","Liga Mercedina de F\u00fatbol","primera divisi\u00f3n"],"articleSection":["Deportes"],"inLanguage":"es","potentialAction":[{"@type":"CommentAction","name":"Comment","target":["https:\/\/noticiasmercedinas.com\/site\/2022\/06\/28\/con-la-incorporacion-de-gowland-habra-otro-torneo\/#respond"]}]},{"@type":"WebPage","@id":"https:\/\/noticiasmercedinas.com\/site\/2022\/06\/28\/con-la-incorporacion-de-gowland-habra-otro-torneo\/","url":"https:\/\/noticiasmercedinas.com\/site\/2022\/06\/28\/con-la-incorporacion-de-gowland-habra-otro-torneo\/","name":"Con la incorporaci\u00f3n de Gowland habr\u00e1 otro torneo","isPartOf":{"@id":"https:\/\/noticiasmercedinas.com\/site\/#website"},"primaryImageOfPage":{"@id":"https:\/\/noticiasmercedinas.com\/site\/2022\/06\/28\/con-la-incorporacion-de-gowland-habra-otro-torneo\/#primaryimage"},"image":{"@id":"https:\/\/noticiasmercedinas.com\/site\/2022\/06\/28\/con-la-incorporacion-de-gowland-habra-otro-torneo\/#primaryimage"},"thumbnailUrl":"https:\/\/noticiasmercedinas.com\/site\/wp-content\/uploads\/2022\/06\/IMG_5306.jpg","datePublished":"2022-06-28T17:26:51+00:00","breadcrumb":{"@id":"https:\/\/noticiasmercedinas.com\/site\/2022\/06\/28\/con-la-incorporacion-de-gowland-habra-otro-torneo\/#breadcrumb"},"inLanguage":"es","potentialAction":[{"@type":"ReadAction","target":["https:\/\/noticiasmercedinas.com\/site\/2022\/06\/28\/con-la-incorporacion-de-gowland-habra-otro-torneo\/"]}]},{"@type":"ImageObject","inLanguage":"es","@id":"https:\/\/noticiasmercedinas.com\/site\/2022\/06\/28\/con-la-incorporacion-de-gowland-habra-otro-torneo\/#primaryimage","url":"https:\/\/noticiasmercedinas.com\/site\/wp-content\/uploads\/2022\/06\/IMG_5306.jpg","contentUrl":"https:\/\/noticiasmercedinas.com\/site\/wp-content\/uploads\/2022\/06\/IMG_5306.jpg","width":640,"height":414},{"@type":"BreadcrumbList","@id":"https:\/\/noticiasmercedinas.com\/site\/2022\/06\/28\/con-la-incorporacion-de-gowland-habra-otro-torneo\/#breadcrumb","itemListElement":[{"@type":"ListItem","position":1,"name":"Portada","item":"https:\/\/noticiasmercedinas.com\/site\/"},{"@type":"ListItem","position":2,"name":"Con la incorporaci\u00f3n de Gowland habr\u00e1 otro torneo"}]},{"@type":"WebSite","@id":"https:\/\/noticiasmercedinas.com\/site\/#website","url":"https:\/\/noticiasmercedinas.com\/site\/","name":"NOTICIASMERCEDINAS.COM","description":"Mercedes, Buenos Aires, Argentina","publisher":{"@id":"https:\/\/noticiasmercedinas.com\/site\/#organization"},"potentialAction":[{"@type":"SearchAction","target":{"@type":"EntryPoint","urlTemplate":"https:\/\/noticiasmercedinas.com\/site\/?s={search_term_string}"},"query-input":{"@type":"PropertyValueSpecification","valueRequired":true,"valueName":"search_term_string"}}],"inLanguage":"es"},{"@type":"Organization","@id":"https:\/\/noticiasmercedinas.com\/site\/#organization","name":"NOTICIASMERCEDINAS.COM","url":"https:\/\/noticiasmercedinas.com\/site\/","logo":{"@type":"ImageObject","inLanguage":"es","@id":"https:\/\/noticiasmercedinas.com\/site\/#\/schema\/logo\/image\/","url":"https:\/\/noticiasmercedinas.com\/site\/wp-content\/uploads\/2020\/06\/LOGO-512.jpg","contentUrl":"https:\/\/noticiasmercedinas.com\/site\/wp-content\/uploads\/2020\/06\/LOGO-512.jpg","width":512,"height":512,"caption":"NOTICIASMERCEDINAS.COM"},"image":{"@id":"https:\/\/noticiasmercedinas.com\/site\/#\/schema\/logo\/image\/"},"sameAs":["https:\/\/www.facebook.com\/noticiasmercedinas\/","https:\/\/x.com\/notmercedinas","https:\/\/www.instagram.com\/noticiasmercedinas\/"]},{"@type":"Person","@id":"https:\/\/noticiasmercedinas.com\/site\/#\/schema\/person\/8f2f09d666ef40986eba4a5e6f2a06f9","name":"Juan Dagnino NOTICIASMERCEDINAS.COM","image":{"@type":"ImageObject","inLanguage":"es","@id":"https:\/\/secure.gravatar.com\/avatar\/fc7059a769f5a3cae65fadb228a3e4accf3a64b4b2305020d0a27e6d5333c91b?s=96&d=mm&r=g","url":"https:\/\/secure.gravatar.com\/avatar\/fc7059a769f5a3cae65fadb228a3e4accf3a64b4b2305020d0a27e6d5333c91b?s=96&d=mm&r=g","contentUrl":"https:\/\/secure.gravatar.com\/avatar\/fc7059a769f5a3cae65fadb228a3e4accf3a64b4b2305020d0a27e6d5333c91b?s=96&d=mm&r=g","caption":"Juan Dagnino NOTICIASMERCEDINAS.COM"},"url":"https:\/\/noticiasmercedinas.com\/site\/author\/juandagnino\/"}]}},"amp_enabled":true,"_links":{"self":[{"href":"https:\/\/noticiasmercedinas.com\/site\/wp-json\/wp\/v2\/posts\/94077","targetHints":{"allow":["GET"]}}],"collection":[{"href":"https:\/\/noticiasmercedinas.com\/site\/wp-json\/wp\/v2\/posts"}],"about":[{"href":"https:\/\/noticiasmercedinas.com\/site\/wp-json\/wp\/v2\/types\/post"}],"author":[{"embeddable":true,"href":"https:\/\/noticiasmercedinas.com\/site\/wp-json\/wp\/v2\/users\/6"}],"replies":[{"embeddable":true,"href":"https:\/\/noticiasmercedinas.com\/site\/wp-json\/wp\/v2\/comments?post=94077"}],"version-history":[{"count":1,"href":"https:\/\/noticiasmercedinas.com\/site\/wp-json\/wp\/v2\/posts\/94077\/revisions"}],"predecessor-version":[{"id":94080,"href":"https:\/\/noticiasmercedinas.com\/site\/wp-json\/wp\/v2\/posts\/94077\/revisions\/94080"}],"wp:featuredmedia":[{"embeddable":true,"href":"https:\/\/noticiasmercedinas.com\/site\/wp-json\/wp\/v2\/media\/94078"}],"wp:attachment":[{"href":"https:\/\/noticiasmercedinas.com\/site\/wp-json\/wp\/v2\/media?parent=94077"}],"wp:term":[{"taxonomy":"category","embeddable":true,"href":"https:\/\/noticiasmercedinas.com\/site\/wp-json\/wp\/v2\/categories?post=94077"},{"taxonomy":"post_tag","embeddable":true,"href":"https:\/\/noticiasmercedinas.com\/site\/wp-json\/wp\/v2\/tags?post=94077"}],"curies":[{"name":"wp","href":"https:\/\/api.w.org\/{rel}","templated":true}]}}