{"id":94163,"date":"2022-06-29T17:59:20","date_gmt":"2022-06-29T20:59:20","guid":{"rendered":"https:\/\/noticiasmercedinas.com\/site\/?p=94163"},"modified":"2022-06-29T17:59:20","modified_gmt":"2022-06-29T20:59:20","slug":"telecom-organiza-actividades-de-tecnologia-y-creatividad-para-chicos-chicas-y-adolescentes","status":"publish","type":"post","link":"https:\/\/noticiasmercedinas.com\/site\/2022\/06\/29\/telecom-organiza-actividades-de-tecnologia-y-creatividad-para-chicos-chicas-y-adolescentes\/","title":{"rendered":"Telecom organiza actividades de tecnolog\u00eda y creatividad para chicos, chicas y adolescentes"},"content":{"rendered":"<p><img loading=\"lazy\" decoding=\"async\" class=\"alignnone size-large wp-image-94164\" src=\"https:\/\/noticiasmercedinas.com\/site\/wp-content\/uploads\/2022\/06\/unnamed-25-e1656536293788-1024x660.jpg\" alt=\"\" width=\"640\" height=\"413\" \/><\/p>\n<p>Telecom inicia un nuevo ciclo de talleres para chicos, chicas y adolescentes de 9 a 15 a\u00f1os, con una variedad de tem\u00e1ticas ideales para explorar la creatividad junto a todas las posibilidades que brinda el mundo digital.<\/p>\n<p>Esta propuesta de actividades para hacer en casa forma parte del programa de sustentabilidad \u201cNuestro Lugar\u201d, que renueva sus actividades cada a\u00f1o, manteniendo siempre el foco en la promoci\u00f3n del uso responsable, positivo y creativo de la tecnolog\u00eda.<\/p>\n<p>Las actividades son virtuales y gratuitas y se desarrollar\u00e1n durante los meses de julio y agosto. En la web del programa se encuentra disponible la agenda del mes de julio.<\/p>\n<p><strong>Mi\u00e9rcoles 6 de julio 18 H \u2013 Program\u00e1 un videojuego de otro planeta<\/strong><br \/>\nPropuesta para aprender a programar un videojuego espacial en el que se utilizar\u00e1 el lenguaje de programaci\u00f3n por bloques Scratch.<\/p>\n<p><strong>Mi\u00e9rcoles 13 de julio 18 H &#8211; Mi Vida es un Comic<\/strong><br \/>\nActividad que invita a explorar el mundo del comic y la novela gr\u00e1fica, creando un comic propio con aplicaciones gratuitas.<\/p>\n<p><strong>Mi\u00e9rcoles 20 de julio 18 H &#8211; Cre\u00e1 tu propio Meme<\/strong><br \/>\nPropuesta creativa que invita a pensar ideas para convertirlas en meme y hacerlas virales.<\/p>\n<p><strong>Mi\u00e9rcoles 27 de julio 18 H- Inteligencia Artificial en mi propia casa<\/strong><br \/>\nTaller donde chicos y chicas van a aprender a ense\u00f1arle a sus computadoras a reconocer diferentes objetos a partir de im\u00e1genes o sonidos desde archivos de audio.<\/p>\n<p>La inscripci\u00f3n a las actividades se realiza a trav\u00e9s de la web <a href=\"https:\/\/www.nuestrolugar.com.ar\">www.nuestrolugar.com.ar.<\/a> All\u00ed podr\u00e1n seguir las pr\u00f3ximas actividades del ciclo y tambi\u00e9n revivir y compartir los webinarios de ediciones anteriores.<\/p>\n<p>\u201cNuestro Lugar\u201d (www.nuestrolugar.com.ar) es un proyecto integral que promueve el uso positivo, responsable y creativo de la tecnolog\u00eda entre ni\u00f1os, ni\u00f1as y adolescentes, a trav\u00e9s de talleres de ciberciudadan\u00eda que trabajan sobre la protecci\u00f3n de los derechos de la ni\u00f1ez en entornos digitales. Para las familias se desarrolla el \u201cCiclo en casa\u201d donde a trav\u00e9s de webinarios educativos se promueve el uso l\u00fadico de las tecnolog\u00edas. Adem\u00e1s, el programa contribuye a la formaci\u00f3n docente en el uso pedag\u00f3gico de las tecnolog\u00edas digitales en ambientes educativos.<\/p>\n<p>Desde su creaci\u00f3n en 2015, Telecom ya realiz\u00f3 m\u00e1s de 500 talleres en 75 localidades de todo el pa\u00eds; y capacit\u00f3 alrededor de 23.000 alumnos\/as y m\u00e1s de 10.000 docentes. En 2017, el programa fue declarado de inter\u00e9s educativo por el Ministerio de Educaci\u00f3n de la Naci\u00f3n, y la compa\u00f1\u00eda fue reconocida en el Global Child Forum, en Brasil, por su aporte a los derechos de la infancia a trav\u00e9s del programa \u201cNuestro Lugar\u201d. Los talleres \u201cNuestro Lugar\u201d son dise\u00f1ados junto a la Asociaci\u00f3n Civil Chicos.net, organizaci\u00f3n especializada en temas de ciudadan\u00eda digital y uso responsable de las TIC.<\/p>\n","protected":false},"excerpt":{"rendered":"<p>Telecom inicia un nuevo ciclo de talleres para chicos, chicas y adolescentes de 9 a 15 a\u00f1os, con una variedad de tem\u00e1ticas ideales para explorar la creatividad junto a todas las posibilidades que brinda el mundo digital. Esta propuesta de actividades para hacer en casa forma parte del programa de sustentabilidad \u201cNuestro Lugar\u201d, que renueva [&hellip;]<\/p>\n","protected":false},"author":16,"featured_media":94164,"comment_status":"open","ping_status":"open","sticky":false,"template":"","format":"standard","meta":{"footnotes":""},"categories":[74],"tags":[1448,7100,3118,38,24],"class_list":["post-94163","post","type-post","status-publish","format-standard","has-post-thumbnail","hentry","category-emprendimientos","tag-adolescentes","tag-chicas","tag-chicos","tag-educacion","tag-telecom"],"yoast_head":"<!-- This site is optimized with the Yoast SEO plugin v27.4 - https:\/\/yoast.com\/product\/yoast-seo-wordpress\/ -->\n<title>Telecom organiza actividades de tecnolog\u00eda y creatividad para chicos, chicas y adolescentes<\/title>\n<meta name=\"robots\" content=\"index, follow, max-snippet:-1, max-image-preview:large, max-video-preview:-1\" \/>\n<link rel=\"canonical\" href=\"https:\/\/noticiasmercedinas.com\/site\/2022\/06\/29\/telecom-organiza-actividades-de-tecnologia-y-creatividad-para-chicos-chicas-y-adolescentes\/\" \/>\n<meta property=\"og:locale\" content=\"es_ES\" \/>\n<meta property=\"og:type\" content=\"article\" \/>\n<meta property=\"og:title\" content=\"Telecom organiza actividades de tecnolog\u00eda y creatividad para chicos, chicas y adolescentes\" \/>\n<meta property=\"og:description\" content=\"Telecom inicia un nuevo ciclo de talleres para chicos, chicas y adolescentes de 9 a 15 a\u00f1os, con una variedad de tem\u00e1ticas ideales para explorar la creatividad junto a todas las posibilidades que brinda el mundo digital. Esta propuesta de actividades para hacer en casa forma parte del programa de sustentabilidad \u201cNuestro Lugar\u201d, que renueva [&hellip;]\" \/>\n<meta property=\"og:url\" content=\"https:\/\/noticiasmercedinas.com\/site\/2022\/06\/29\/telecom-organiza-actividades-de-tecnologia-y-creatividad-para-chicos-chicas-y-adolescentes\/\" \/>\n<meta property=\"og:site_name\" content=\"NOTICIASMERCEDINAS.COM\" \/>\n<meta property=\"article:publisher\" content=\"https:\/\/www.facebook.com\/noticiasmercedinas\/\" \/>\n<meta property=\"article:published_time\" content=\"2022-06-29T20:59:20+00:00\" \/>\n<meta property=\"og:image\" content=\"https:\/\/noticiasmercedinas.com\/site\/wp-content\/uploads\/2022\/06\/unnamed-25-e1656536309767.jpg\" \/>\n\t<meta property=\"og:image:width\" content=\"640\" \/>\n\t<meta property=\"og:image:height\" content=\"413\" \/>\n\t<meta property=\"og:image:type\" content=\"image\/jpeg\" \/>\n<meta name=\"author\" content=\"NOTICIASMERCEDINAS.COM\" \/>\n<meta name=\"twitter:card\" content=\"summary_large_image\" \/>\n<meta name=\"twitter:creator\" content=\"@notmercedinas\" \/>\n<meta name=\"twitter:site\" content=\"@notmercedinas\" \/>\n<meta name=\"twitter:label1\" content=\"Escrito por\" \/>\n\t<meta name=\"twitter:data1\" content=\"NOTICIASMERCEDINAS.COM\" \/>\n\t<meta name=\"twitter:label2\" content=\"Tiempo de lectura\" \/>\n\t<meta name=\"twitter:data2\" content=\"2 minutos\" \/>\n<script type=\"application\/ld+json\" class=\"yoast-schema-graph\">{\"@context\":\"https:\\\/\\\/schema.org\",\"@graph\":[{\"@type\":\"Article\",\"@id\":\"https:\\\/\\\/noticiasmercedinas.com\\\/site\\\/2022\\\/06\\\/29\\\/telecom-organiza-actividades-de-tecnologia-y-creatividad-para-chicos-chicas-y-adolescentes\\\/#article\",\"isPartOf\":{\"@id\":\"https:\\\/\\\/noticiasmercedinas.com\\\/site\\\/2022\\\/06\\\/29\\\/telecom-organiza-actividades-de-tecnologia-y-creatividad-para-chicos-chicas-y-adolescentes\\\/\"},\"author\":{\"name\":\"NOTICIASMERCEDINAS.COM\",\"@id\":\"https:\\\/\\\/noticiasmercedinas.com\\\/site\\\/#\\\/schema\\\/person\\\/84b59c099c28ff2e8b77d4ceec5d8063\"},\"headline\":\"Telecom organiza actividades de tecnolog\u00eda y creatividad para chicos, chicas y adolescentes\",\"datePublished\":\"2022-06-29T20:59:20+00:00\",\"mainEntityOfPage\":{\"@id\":\"https:\\\/\\\/noticiasmercedinas.com\\\/site\\\/2022\\\/06\\\/29\\\/telecom-organiza-actividades-de-tecnologia-y-creatividad-para-chicos-chicas-y-adolescentes\\\/\"},\"wordCount\":499,\"commentCount\":0,\"publisher\":{\"@id\":\"https:\\\/\\\/noticiasmercedinas.com\\\/site\\\/#organization\"},\"image\":{\"@id\":\"https:\\\/\\\/noticiasmercedinas.com\\\/site\\\/2022\\\/06\\\/29\\\/telecom-organiza-actividades-de-tecnologia-y-creatividad-para-chicos-chicas-y-adolescentes\\\/#primaryimage\"},\"thumbnailUrl\":\"https:\\\/\\\/noticiasmercedinas.com\\\/site\\\/wp-content\\\/uploads\\\/2022\\\/06\\\/unnamed-25-e1656536309767.jpg\",\"keywords\":[\"adolescentes\",\"chicas\",\"chicos\",\"educacion\",\"telecom\"],\"articleSection\":[\"Emprendimientos\"],\"inLanguage\":\"es\",\"potentialAction\":[{\"@type\":\"CommentAction\",\"name\":\"Comment\",\"target\":[\"https:\\\/\\\/noticiasmercedinas.com\\\/site\\\/2022\\\/06\\\/29\\\/telecom-organiza-actividades-de-tecnologia-y-creatividad-para-chicos-chicas-y-adolescentes\\\/#respond\"]}]},{\"@type\":\"WebPage\",\"@id\":\"https:\\\/\\\/noticiasmercedinas.com\\\/site\\\/2022\\\/06\\\/29\\\/telecom-organiza-actividades-de-tecnologia-y-creatividad-para-chicos-chicas-y-adolescentes\\\/\",\"url\":\"https:\\\/\\\/noticiasmercedinas.com\\\/site\\\/2022\\\/06\\\/29\\\/telecom-organiza-actividades-de-tecnologia-y-creatividad-para-chicos-chicas-y-adolescentes\\\/\",\"name\":\"Telecom organiza actividades de tecnolog\u00eda y creatividad para chicos, chicas y adolescentes\",\"isPartOf\":{\"@id\":\"https:\\\/\\\/noticiasmercedinas.com\\\/site\\\/#website\"},\"primaryImageOfPage\":{\"@id\":\"https:\\\/\\\/noticiasmercedinas.com\\\/site\\\/2022\\\/06\\\/29\\\/telecom-organiza-actividades-de-tecnologia-y-creatividad-para-chicos-chicas-y-adolescentes\\\/#primaryimage\"},\"image\":{\"@id\":\"https:\\\/\\\/noticiasmercedinas.com\\\/site\\\/2022\\\/06\\\/29\\\/telecom-organiza-actividades-de-tecnologia-y-creatividad-para-chicos-chicas-y-adolescentes\\\/#primaryimage\"},\"thumbnailUrl\":\"https:\\\/\\\/noticiasmercedinas.com\\\/site\\\/wp-content\\\/uploads\\\/2022\\\/06\\\/unnamed-25-e1656536309767.jpg\",\"datePublished\":\"2022-06-29T20:59:20+00:00\",\"breadcrumb\":{\"@id\":\"https:\\\/\\\/noticiasmercedinas.com\\\/site\\\/2022\\\/06\\\/29\\\/telecom-organiza-actividades-de-tecnologia-y-creatividad-para-chicos-chicas-y-adolescentes\\\/#breadcrumb\"},\"inLanguage\":\"es\",\"potentialAction\":[{\"@type\":\"ReadAction\",\"target\":[\"https:\\\/\\\/noticiasmercedinas.com\\\/site\\\/2022\\\/06\\\/29\\\/telecom-organiza-actividades-de-tecnologia-y-creatividad-para-chicos-chicas-y-adolescentes\\\/\"]}]},{\"@type\":\"ImageObject\",\"inLanguage\":\"es\",\"@id\":\"https:\\\/\\\/noticiasmercedinas.com\\\/site\\\/2022\\\/06\\\/29\\\/telecom-organiza-actividades-de-tecnologia-y-creatividad-para-chicos-chicas-y-adolescentes\\\/#primaryimage\",\"url\":\"https:\\\/\\\/noticiasmercedinas.com\\\/site\\\/wp-content\\\/uploads\\\/2022\\\/06\\\/unnamed-25-e1656536309767.jpg\",\"contentUrl\":\"https:\\\/\\\/noticiasmercedinas.com\\\/site\\\/wp-content\\\/uploads\\\/2022\\\/06\\\/unnamed-25-e1656536309767.jpg\",\"width\":640,\"height\":413},{\"@type\":\"BreadcrumbList\",\"@id\":\"https:\\\/\\\/noticiasmercedinas.com\\\/site\\\/2022\\\/06\\\/29\\\/telecom-organiza-actividades-de-tecnologia-y-creatividad-para-chicos-chicas-y-adolescentes\\\/#breadcrumb\",\"itemListElement\":[{\"@type\":\"ListItem\",\"position\":1,\"name\":\"Portada\",\"item\":\"https:\\\/\\\/noticiasmercedinas.com\\\/site\\\/\"},{\"@type\":\"ListItem\",\"position\":2,\"name\":\"Telecom organiza actividades de tecnolog\u00eda y creatividad para chicos, chicas y adolescentes\"}]},{\"@type\":\"WebSite\",\"@id\":\"https:\\\/\\\/noticiasmercedinas.com\\\/site\\\/#website\",\"url\":\"https:\\\/\\\/noticiasmercedinas.com\\\/site\\\/\",\"name\":\"NOTICIASMERCEDINAS.COM\",\"description\":\"Mercedes, Buenos Aires, Argentina\",\"publisher\":{\"@id\":\"https:\\\/\\\/noticiasmercedinas.com\\\/site\\\/#organization\"},\"potentialAction\":[{\"@type\":\"SearchAction\",\"target\":{\"@type\":\"EntryPoint\",\"urlTemplate\":\"https:\\\/\\\/noticiasmercedinas.com\\\/site\\\/?s={search_term_string}\"},\"query-input\":{\"@type\":\"PropertyValueSpecification\",\"valueRequired\":true,\"valueName\":\"search_term_string\"}}],\"inLanguage\":\"es\"},{\"@type\":\"Organization\",\"@id\":\"https:\\\/\\\/noticiasmercedinas.com\\\/site\\\/#organization\",\"name\":\"NOTICIASMERCEDINAS.COM\",\"url\":\"https:\\\/\\\/noticiasmercedinas.com\\\/site\\\/\",\"logo\":{\"@type\":\"ImageObject\",\"inLanguage\":\"es\",\"@id\":\"https:\\\/\\\/noticiasmercedinas.com\\\/site\\\/#\\\/schema\\\/logo\\\/image\\\/\",\"url\":\"https:\\\/\\\/noticiasmercedinas.com\\\/site\\\/wp-content\\\/uploads\\\/2020\\\/06\\\/LOGO-512.jpg\",\"contentUrl\":\"https:\\\/\\\/noticiasmercedinas.com\\\/site\\\/wp-content\\\/uploads\\\/2020\\\/06\\\/LOGO-512.jpg\",\"width\":512,\"height\":512,\"caption\":\"NOTICIASMERCEDINAS.COM\"},\"image\":{\"@id\":\"https:\\\/\\\/noticiasmercedinas.com\\\/site\\\/#\\\/schema\\\/logo\\\/image\\\/\"},\"sameAs\":[\"https:\\\/\\\/www.facebook.com\\\/noticiasmercedinas\\\/\",\"https:\\\/\\\/x.com\\\/notmercedinas\",\"https:\\\/\\\/www.instagram.com\\\/noticiasmercedinas\\\/\"]},{\"@type\":\"Person\",\"@id\":\"https:\\\/\\\/noticiasmercedinas.com\\\/site\\\/#\\\/schema\\\/person\\\/84b59c099c28ff2e8b77d4ceec5d8063\",\"name\":\"NOTICIASMERCEDINAS.COM\",\"image\":{\"@type\":\"ImageObject\",\"inLanguage\":\"es\",\"@id\":\"https:\\\/\\\/secure.gravatar.com\\\/avatar\\\/4dfbf16b4d17945bfb6341b2d19043457132fcf478a5ee04f42e959fd8f5df0a?s=96&d=mm&r=g\",\"url\":\"https:\\\/\\\/secure.gravatar.com\\\/avatar\\\/4dfbf16b4d17945bfb6341b2d19043457132fcf478a5ee04f42e959fd8f5df0a?s=96&d=mm&r=g\",\"contentUrl\":\"https:\\\/\\\/secure.gravatar.com\\\/avatar\\\/4dfbf16b4d17945bfb6341b2d19043457132fcf478a5ee04f42e959fd8f5df0a?s=96&d=mm&r=g\",\"caption\":\"NOTICIASMERCEDINAS.COM\"},\"url\":\"https:\\\/\\\/noticiasmercedinas.com\\\/site\\\/author\\\/anonimo\\\/\"}]}<\/script>\n<!-- \/ Yoast SEO plugin. -->","yoast_head_json":{"title":"Telecom organiza actividades de tecnolog\u00eda y creatividad para chicos, chicas y adolescentes","robots":{"index":"index","follow":"follow","max-snippet":"max-snippet:-1","max-image-preview":"max-image-preview:large","max-video-preview":"max-video-preview:-1"},"canonical":"https:\/\/noticiasmercedinas.com\/site\/2022\/06\/29\/telecom-organiza-actividades-de-tecnologia-y-creatividad-para-chicos-chicas-y-adolescentes\/","og_locale":"es_ES","og_type":"article","og_title":"Telecom organiza actividades de tecnolog\u00eda y creatividad para chicos, chicas y adolescentes","og_description":"Telecom inicia un nuevo ciclo de talleres para chicos, chicas y adolescentes de 9 a 15 a\u00f1os, con una variedad de tem\u00e1ticas ideales para explorar la creatividad junto a todas las posibilidades que brinda el mundo digital. Esta propuesta de actividades para hacer en casa forma parte del programa de sustentabilidad \u201cNuestro Lugar\u201d, que renueva [&hellip;]","og_url":"https:\/\/noticiasmercedinas.com\/site\/2022\/06\/29\/telecom-organiza-actividades-de-tecnologia-y-creatividad-para-chicos-chicas-y-adolescentes\/","og_site_name":"NOTICIASMERCEDINAS.COM","article_publisher":"https:\/\/www.facebook.com\/noticiasmercedinas\/","article_published_time":"2022-06-29T20:59:20+00:00","og_image":[{"width":640,"height":413,"url":"https:\/\/noticiasmercedinas.com\/site\/wp-content\/uploads\/2022\/06\/unnamed-25-e1656536309767.jpg","type":"image\/jpeg"}],"author":"NOTICIASMERCEDINAS.COM","twitter_card":"summary_large_image","twitter_creator":"@notmercedinas","twitter_site":"@notmercedinas","twitter_misc":{"Escrito por":"NOTICIASMERCEDINAS.COM","Tiempo de lectura":"2 minutos"},"schema":{"@context":"https:\/\/schema.org","@graph":[{"@type":"Article","@id":"https:\/\/noticiasmercedinas.com\/site\/2022\/06\/29\/telecom-organiza-actividades-de-tecnologia-y-creatividad-para-chicos-chicas-y-adolescentes\/#article","isPartOf":{"@id":"https:\/\/noticiasmercedinas.com\/site\/2022\/06\/29\/telecom-organiza-actividades-de-tecnologia-y-creatividad-para-chicos-chicas-y-adolescentes\/"},"author":{"name":"NOTICIASMERCEDINAS.COM","@id":"https:\/\/noticiasmercedinas.com\/site\/#\/schema\/person\/84b59c099c28ff2e8b77d4ceec5d8063"},"headline":"Telecom organiza actividades de tecnolog\u00eda y creatividad para chicos, chicas y adolescentes","datePublished":"2022-06-29T20:59:20+00:00","mainEntityOfPage":{"@id":"https:\/\/noticiasmercedinas.com\/site\/2022\/06\/29\/telecom-organiza-actividades-de-tecnologia-y-creatividad-para-chicos-chicas-y-adolescentes\/"},"wordCount":499,"commentCount":0,"publisher":{"@id":"https:\/\/noticiasmercedinas.com\/site\/#organization"},"image":{"@id":"https:\/\/noticiasmercedinas.com\/site\/2022\/06\/29\/telecom-organiza-actividades-de-tecnologia-y-creatividad-para-chicos-chicas-y-adolescentes\/#primaryimage"},"thumbnailUrl":"https:\/\/noticiasmercedinas.com\/site\/wp-content\/uploads\/2022\/06\/unnamed-25-e1656536309767.jpg","keywords":["adolescentes","chicas","chicos","educacion","telecom"],"articleSection":["Emprendimientos"],"inLanguage":"es","potentialAction":[{"@type":"CommentAction","name":"Comment","target":["https:\/\/noticiasmercedinas.com\/site\/2022\/06\/29\/telecom-organiza-actividades-de-tecnologia-y-creatividad-para-chicos-chicas-y-adolescentes\/#respond"]}]},{"@type":"WebPage","@id":"https:\/\/noticiasmercedinas.com\/site\/2022\/06\/29\/telecom-organiza-actividades-de-tecnologia-y-creatividad-para-chicos-chicas-y-adolescentes\/","url":"https:\/\/noticiasmercedinas.com\/site\/2022\/06\/29\/telecom-organiza-actividades-de-tecnologia-y-creatividad-para-chicos-chicas-y-adolescentes\/","name":"Telecom organiza actividades de tecnolog\u00eda y creatividad para chicos, chicas y adolescentes","isPartOf":{"@id":"https:\/\/noticiasmercedinas.com\/site\/#website"},"primaryImageOfPage":{"@id":"https:\/\/noticiasmercedinas.com\/site\/2022\/06\/29\/telecom-organiza-actividades-de-tecnologia-y-creatividad-para-chicos-chicas-y-adolescentes\/#primaryimage"},"image":{"@id":"https:\/\/noticiasmercedinas.com\/site\/2022\/06\/29\/telecom-organiza-actividades-de-tecnologia-y-creatividad-para-chicos-chicas-y-adolescentes\/#primaryimage"},"thumbnailUrl":"https:\/\/noticiasmercedinas.com\/site\/wp-content\/uploads\/2022\/06\/unnamed-25-e1656536309767.jpg","datePublished":"2022-06-29T20:59:20+00:00","breadcrumb":{"@id":"https:\/\/noticiasmercedinas.com\/site\/2022\/06\/29\/telecom-organiza-actividades-de-tecnologia-y-creatividad-para-chicos-chicas-y-adolescentes\/#breadcrumb"},"inLanguage":"es","potentialAction":[{"@type":"ReadAction","target":["https:\/\/noticiasmercedinas.com\/site\/2022\/06\/29\/telecom-organiza-actividades-de-tecnologia-y-creatividad-para-chicos-chicas-y-adolescentes\/"]}]},{"@type":"ImageObject","inLanguage":"es","@id":"https:\/\/noticiasmercedinas.com\/site\/2022\/06\/29\/telecom-organiza-actividades-de-tecnologia-y-creatividad-para-chicos-chicas-y-adolescentes\/#primaryimage","url":"https:\/\/noticiasmercedinas.com\/site\/wp-content\/uploads\/2022\/06\/unnamed-25-e1656536309767.jpg","contentUrl":"https:\/\/noticiasmercedinas.com\/site\/wp-content\/uploads\/2022\/06\/unnamed-25-e1656536309767.jpg","width":640,"height":413},{"@type":"BreadcrumbList","@id":"https:\/\/noticiasmercedinas.com\/site\/2022\/06\/29\/telecom-organiza-actividades-de-tecnologia-y-creatividad-para-chicos-chicas-y-adolescentes\/#breadcrumb","itemListElement":[{"@type":"ListItem","position":1,"name":"Portada","item":"https:\/\/noticiasmercedinas.com\/site\/"},{"@type":"ListItem","position":2,"name":"Telecom organiza actividades de tecnolog\u00eda y creatividad para chicos, chicas y adolescentes"}]},{"@type":"WebSite","@id":"https:\/\/noticiasmercedinas.com\/site\/#website","url":"https:\/\/noticiasmercedinas.com\/site\/","name":"NOTICIASMERCEDINAS.COM","description":"Mercedes, Buenos Aires, Argentina","publisher":{"@id":"https:\/\/noticiasmercedinas.com\/site\/#organization"},"potentialAction":[{"@type":"SearchAction","target":{"@type":"EntryPoint","urlTemplate":"https:\/\/noticiasmercedinas.com\/site\/?s={search_term_string}"},"query-input":{"@type":"PropertyValueSpecification","valueRequired":true,"valueName":"search_term_string"}}],"inLanguage":"es"},{"@type":"Organization","@id":"https:\/\/noticiasmercedinas.com\/site\/#organization","name":"NOTICIASMERCEDINAS.COM","url":"https:\/\/noticiasmercedinas.com\/site\/","logo":{"@type":"ImageObject","inLanguage":"es","@id":"https:\/\/noticiasmercedinas.com\/site\/#\/schema\/logo\/image\/","url":"https:\/\/noticiasmercedinas.com\/site\/wp-content\/uploads\/2020\/06\/LOGO-512.jpg","contentUrl":"https:\/\/noticiasmercedinas.com\/site\/wp-content\/uploads\/2020\/06\/LOGO-512.jpg","width":512,"height":512,"caption":"NOTICIASMERCEDINAS.COM"},"image":{"@id":"https:\/\/noticiasmercedinas.com\/site\/#\/schema\/logo\/image\/"},"sameAs":["https:\/\/www.facebook.com\/noticiasmercedinas\/","https:\/\/x.com\/notmercedinas","https:\/\/www.instagram.com\/noticiasmercedinas\/"]},{"@type":"Person","@id":"https:\/\/noticiasmercedinas.com\/site\/#\/schema\/person\/84b59c099c28ff2e8b77d4ceec5d8063","name":"NOTICIASMERCEDINAS.COM","image":{"@type":"ImageObject","inLanguage":"es","@id":"https:\/\/secure.gravatar.com\/avatar\/4dfbf16b4d17945bfb6341b2d19043457132fcf478a5ee04f42e959fd8f5df0a?s=96&d=mm&r=g","url":"https:\/\/secure.gravatar.com\/avatar\/4dfbf16b4d17945bfb6341b2d19043457132fcf478a5ee04f42e959fd8f5df0a?s=96&d=mm&r=g","contentUrl":"https:\/\/secure.gravatar.com\/avatar\/4dfbf16b4d17945bfb6341b2d19043457132fcf478a5ee04f42e959fd8f5df0a?s=96&d=mm&r=g","caption":"NOTICIASMERCEDINAS.COM"},"url":"https:\/\/noticiasmercedinas.com\/site\/author\/anonimo\/"}]}},"amp_enabled":true,"_links":{"self":[{"href":"https:\/\/noticiasmercedinas.com\/site\/wp-json\/wp\/v2\/posts\/94163","targetHints":{"allow":["GET"]}}],"collection":[{"href":"https:\/\/noticiasmercedinas.com\/site\/wp-json\/wp\/v2\/posts"}],"about":[{"href":"https:\/\/noticiasmercedinas.com\/site\/wp-json\/wp\/v2\/types\/post"}],"author":[{"embeddable":true,"href":"https:\/\/noticiasmercedinas.com\/site\/wp-json\/wp\/v2\/users\/16"}],"replies":[{"embeddable":true,"href":"https:\/\/noticiasmercedinas.com\/site\/wp-json\/wp\/v2\/comments?post=94163"}],"version-history":[{"count":1,"href":"https:\/\/noticiasmercedinas.com\/site\/wp-json\/wp\/v2\/posts\/94163\/revisions"}],"predecessor-version":[{"id":94165,"href":"https:\/\/noticiasmercedinas.com\/site\/wp-json\/wp\/v2\/posts\/94163\/revisions\/94165"}],"wp:featuredmedia":[{"embeddable":true,"href":"https:\/\/noticiasmercedinas.com\/site\/wp-json\/wp\/v2\/media\/94164"}],"wp:attachment":[{"href":"https:\/\/noticiasmercedinas.com\/site\/wp-json\/wp\/v2\/media?parent=94163"}],"wp:term":[{"taxonomy":"category","embeddable":true,"href":"https:\/\/noticiasmercedinas.com\/site\/wp-json\/wp\/v2\/categories?post=94163"},{"taxonomy":"post_tag","embeddable":true,"href":"https:\/\/noticiasmercedinas.com\/site\/wp-json\/wp\/v2\/tags?post=94163"}],"curies":[{"name":"wp","href":"https:\/\/api.w.org\/{rel}","templated":true}]}}