{"id":94173,"date":"2022-06-29T20:10:04","date_gmt":"2022-06-29T23:10:04","guid":{"rendered":"https:\/\/noticiasmercedinas.com\/site\/?p=94173"},"modified":"2022-06-29T20:10:04","modified_gmt":"2022-06-29T23:10:04","slug":"gimnasia-acerto-y-flandria-quedo-muy-cerca","status":"publish","type":"post","link":"https:\/\/noticiasmercedinas.com\/site\/2022\/06\/29\/gimnasia-acerto-y-flandria-quedo-muy-cerca\/","title":{"rendered":"Gimnasia acert\u00f3 y Flandria qued\u00f3 muy cerca"},"content":{"rendered":"<figure id=\"attachment_94174\" aria-describedby=\"caption-attachment-94174\" style=\"width: 1280px\" class=\"wp-caption alignnone\"><img loading=\"lazy\" decoding=\"async\" class=\"wp-image-94174 size-full\" src=\"https:\/\/noticiasmercedinas.com\/site\/wp-content\/uploads\/2022\/06\/FWc8OSRXEAAm34C.jpg\" alt=\"\" width=\"1280\" height=\"853\" srcset=\"https:\/\/noticiasmercedinas.com\/site\/wp-content\/uploads\/2022\/06\/FWc8OSRXEAAm34C.jpg 1280w, https:\/\/noticiasmercedinas.com\/site\/wp-content\/uploads\/2022\/06\/FWc8OSRXEAAm34C-300x200.jpg 300w, https:\/\/noticiasmercedinas.com\/site\/wp-content\/uploads\/2022\/06\/FWc8OSRXEAAm34C-1024x682.jpg 1024w, https:\/\/noticiasmercedinas.com\/site\/wp-content\/uploads\/2022\/06\/FWc8OSRXEAAm34C-768x512.jpg 768w, https:\/\/noticiasmercedinas.com\/site\/wp-content\/uploads\/2022\/06\/FWc8OSRXEAAm34C-640x427.jpg 640w, https:\/\/noticiasmercedinas.com\/site\/wp-content\/uploads\/2022\/06\/FWc8OSRXEAAm34C-681x454.jpg 681w\" sizes=\"auto, (max-width: 1280px) 100vw, 1280px\" \/><figcaption id=\"caption-attachment-94174\" class=\"wp-caption-text\">Flandria y Gimnasia jugaron en Rafaela (Foto Copa Argentina).<\/figcaption><\/figure>\n<p>Este mi\u00e9rcoles, por la tarde noche, en cancha de Atl\u00e9tico Rafael jugaron por la Copa Argentina los equipos de Gimnasia y Esgrima (La Plata) y el Club Social y Deportivo Flandria en la instancia de los 16avos de final. Tras eliminar a Sarmiento los de J\u00e1uregui volv\u00edan a enfrentar a un equipo de categor\u00eda superior.<\/p>\n<p>El juego mostr\u00f3 a un \u201cLobo\u201d siendo m\u00e1s a la hora del ataque, complic\u00f3 a Flandria donde en el arco supo responder Lungarzo. Hasta que a los 33\u2019 de la primera parte Franco Soldano pis\u00f3 el \u00e1rea para sacar un remate cruzado de derecha que tuvo destino de red, 1-0 para Gimnasia. Sin un orden en defensa Flandria sufr\u00eda.<\/p>\n<p>Las complicaciones aumentaron con la lesi\u00f3n de Joaqu\u00edn Ib\u00e1\u00f1ez, ingresando Franco Tisera en 36\u2019, con el marcador 1-0 se iban al descanso. Quedando en claro hasta ese entonces la diferencia de categor\u00eda, en las tribunas el panorama fue otro con el p\u00fablico llegado de J\u00e1uregui y otros puntos alentando, viviendo la pasi\u00f3n en su m\u00e1xima expresi\u00f3n.<\/p>\n<p>El arranque del complemento tendr\u00eda mejor a Flandria, la m\u00e1s clara la tuvo en una pelota en el travesa\u00f1o y en el revote de demor\u00f3 en resolver Tolosa. Una m\u00e1s iba a tener Tisera, triangulaci\u00f3n y disparo que supo controlar Rey.\u00a0 Poco Despu\u00e9s Borasi iba a tener su chance, que se fue muy cerca, m\u00e1s que merecimientos para el empate que no se capitalizaba.<\/p>\n<p>Rey terminar\u00eda siendo la figura de Gimnasia, le dijo no ha Borasi ya en una noche donde los de La Plata terminaron aguantando el resultado. Sin continuidad en la Copa Argentina se qued\u00f3 Flandria, que fue de menor a mayor, dejando una buena imagen. Fue un 2-0 con el cabezazo de Soldano a los 40\u2019.<\/p>\n<p>De esta manera Gimnasia enfrentar\u00e1 a Patronato que viene de eliminar a Col\u00f3n de Santa Fe en la Copa Argentina. Lo que viene para el \u201cCanario\u201d es la Primera Nacional este domingo 3 de julio a las 15.30 horas, la visita ser\u00e1 Deportivo Mor\u00f3n. El \u201cGallo\u201d llega con 23 puntos mientras que el equipo de Andr\u00e9s Montenegro acumula 19 unidades.<\/p>\n","protected":false},"excerpt":{"rendered":"<p>\u25a0 Fue 2-0 para el \u201cLobo\u201d en la Copa Argentina este mi\u00e9rcoles en Rafaela. Tras estar abajo en el marcador el \u201cCanario\u201d tuvo sus chances y estuvo muy cerca del empate. El domingo recibe a Mor\u00f3n en J\u00e1uregui por la Primera Nacional.<\/p>\n","protected":false},"author":16,"featured_media":94174,"comment_status":"open","ping_status":"open","sticky":false,"template":"","format":"standard","meta":{"footnotes":""},"categories":[5],"tags":[3526,13508],"class_list":["post-94173","post","type-post","status-publish","format-standard","has-post-thumbnail","hentry","category-deportes","tag-club-flandria","tag-copa-argentina"],"yoast_head":"<!-- This site is optimized with the Yoast SEO plugin v27.4 - https:\/\/yoast.com\/product\/yoast-seo-wordpress\/ -->\n<title>Gimnasia acert\u00f3 y Flandria qued\u00f3 muy cerca<\/title>\n<meta name=\"robots\" content=\"index, follow, max-snippet:-1, max-image-preview:large, max-video-preview:-1\" \/>\n<link rel=\"canonical\" href=\"https:\/\/noticiasmercedinas.com\/site\/2022\/06\/29\/gimnasia-acerto-y-flandria-quedo-muy-cerca\/\" \/>\n<meta property=\"og:locale\" content=\"es_ES\" \/>\n<meta property=\"og:type\" content=\"article\" \/>\n<meta property=\"og:title\" content=\"Gimnasia acert\u00f3 y Flandria qued\u00f3 muy cerca\" \/>\n<meta property=\"og:description\" content=\"\u25a0 Fue 2-0 para el \u201cLobo\u201d en la Copa Argentina este mi\u00e9rcoles en Rafaela. Tras estar abajo en el marcador el \u201cCanario\u201d tuvo sus chances y estuvo muy cerca del empate. El domingo recibe a Mor\u00f3n en J\u00e1uregui por la Primera Nacional.\" \/>\n<meta property=\"og:url\" content=\"https:\/\/noticiasmercedinas.com\/site\/2022\/06\/29\/gimnasia-acerto-y-flandria-quedo-muy-cerca\/\" \/>\n<meta property=\"og:site_name\" content=\"NOTICIASMERCEDINAS.COM\" \/>\n<meta property=\"article:publisher\" content=\"https:\/\/www.facebook.com\/noticiasmercedinas\/\" \/>\n<meta property=\"article:published_time\" content=\"2022-06-29T23:10:04+00:00\" \/>\n<meta property=\"og:image\" content=\"https:\/\/noticiasmercedinas.com\/site\/wp-content\/uploads\/2022\/06\/FWc8OSRXEAAm34C.jpg\" \/>\n\t<meta property=\"og:image:width\" content=\"1280\" \/>\n\t<meta property=\"og:image:height\" content=\"853\" \/>\n\t<meta property=\"og:image:type\" content=\"image\/jpeg\" \/>\n<meta name=\"author\" content=\"NOTICIASMERCEDINAS.COM\" \/>\n<meta name=\"twitter:card\" content=\"summary_large_image\" \/>\n<meta name=\"twitter:creator\" content=\"@notmercedinas\" \/>\n<meta name=\"twitter:site\" content=\"@notmercedinas\" \/>\n<meta name=\"twitter:label1\" content=\"Escrito por\" \/>\n\t<meta name=\"twitter:data1\" content=\"NOTICIASMERCEDINAS.COM\" \/>\n\t<meta name=\"twitter:label2\" content=\"Tiempo de lectura\" \/>\n\t<meta name=\"twitter:data2\" content=\"2 minutos\" \/>\n<script type=\"application\/ld+json\" class=\"yoast-schema-graph\">{\"@context\":\"https:\\\/\\\/schema.org\",\"@graph\":[{\"@type\":\"Article\",\"@id\":\"https:\\\/\\\/noticiasmercedinas.com\\\/site\\\/2022\\\/06\\\/29\\\/gimnasia-acerto-y-flandria-quedo-muy-cerca\\\/#article\",\"isPartOf\":{\"@id\":\"https:\\\/\\\/noticiasmercedinas.com\\\/site\\\/2022\\\/06\\\/29\\\/gimnasia-acerto-y-flandria-quedo-muy-cerca\\\/\"},\"author\":{\"name\":\"NOTICIASMERCEDINAS.COM\",\"@id\":\"https:\\\/\\\/noticiasmercedinas.com\\\/site\\\/#\\\/schema\\\/person\\\/84b59c099c28ff2e8b77d4ceec5d8063\"},\"headline\":\"Gimnasia acert\u00f3 y Flandria qued\u00f3 muy cerca\",\"datePublished\":\"2022-06-29T23:10:04+00:00\",\"mainEntityOfPage\":{\"@id\":\"https:\\\/\\\/noticiasmercedinas.com\\\/site\\\/2022\\\/06\\\/29\\\/gimnasia-acerto-y-flandria-quedo-muy-cerca\\\/\"},\"wordCount\":392,\"commentCount\":0,\"publisher\":{\"@id\":\"https:\\\/\\\/noticiasmercedinas.com\\\/site\\\/#organization\"},\"image\":{\"@id\":\"https:\\\/\\\/noticiasmercedinas.com\\\/site\\\/2022\\\/06\\\/29\\\/gimnasia-acerto-y-flandria-quedo-muy-cerca\\\/#primaryimage\"},\"thumbnailUrl\":\"https:\\\/\\\/noticiasmercedinas.com\\\/site\\\/wp-content\\\/uploads\\\/2022\\\/06\\\/FWc8OSRXEAAm34C.jpg\",\"keywords\":[\"Club Flandria\",\"copa argentina\"],\"articleSection\":[\"Deportes\"],\"inLanguage\":\"es\",\"potentialAction\":[{\"@type\":\"CommentAction\",\"name\":\"Comment\",\"target\":[\"https:\\\/\\\/noticiasmercedinas.com\\\/site\\\/2022\\\/06\\\/29\\\/gimnasia-acerto-y-flandria-quedo-muy-cerca\\\/#respond\"]}]},{\"@type\":\"WebPage\",\"@id\":\"https:\\\/\\\/noticiasmercedinas.com\\\/site\\\/2022\\\/06\\\/29\\\/gimnasia-acerto-y-flandria-quedo-muy-cerca\\\/\",\"url\":\"https:\\\/\\\/noticiasmercedinas.com\\\/site\\\/2022\\\/06\\\/29\\\/gimnasia-acerto-y-flandria-quedo-muy-cerca\\\/\",\"name\":\"Gimnasia acert\u00f3 y Flandria qued\u00f3 muy cerca\",\"isPartOf\":{\"@id\":\"https:\\\/\\\/noticiasmercedinas.com\\\/site\\\/#website\"},\"primaryImageOfPage\":{\"@id\":\"https:\\\/\\\/noticiasmercedinas.com\\\/site\\\/2022\\\/06\\\/29\\\/gimnasia-acerto-y-flandria-quedo-muy-cerca\\\/#primaryimage\"},\"image\":{\"@id\":\"https:\\\/\\\/noticiasmercedinas.com\\\/site\\\/2022\\\/06\\\/29\\\/gimnasia-acerto-y-flandria-quedo-muy-cerca\\\/#primaryimage\"},\"thumbnailUrl\":\"https:\\\/\\\/noticiasmercedinas.com\\\/site\\\/wp-content\\\/uploads\\\/2022\\\/06\\\/FWc8OSRXEAAm34C.jpg\",\"datePublished\":\"2022-06-29T23:10:04+00:00\",\"breadcrumb\":{\"@id\":\"https:\\\/\\\/noticiasmercedinas.com\\\/site\\\/2022\\\/06\\\/29\\\/gimnasia-acerto-y-flandria-quedo-muy-cerca\\\/#breadcrumb\"},\"inLanguage\":\"es\",\"potentialAction\":[{\"@type\":\"ReadAction\",\"target\":[\"https:\\\/\\\/noticiasmercedinas.com\\\/site\\\/2022\\\/06\\\/29\\\/gimnasia-acerto-y-flandria-quedo-muy-cerca\\\/\"]}]},{\"@type\":\"ImageObject\",\"inLanguage\":\"es\",\"@id\":\"https:\\\/\\\/noticiasmercedinas.com\\\/site\\\/2022\\\/06\\\/29\\\/gimnasia-acerto-y-flandria-quedo-muy-cerca\\\/#primaryimage\",\"url\":\"https:\\\/\\\/noticiasmercedinas.com\\\/site\\\/wp-content\\\/uploads\\\/2022\\\/06\\\/FWc8OSRXEAAm34C.jpg\",\"contentUrl\":\"https:\\\/\\\/noticiasmercedinas.com\\\/site\\\/wp-content\\\/uploads\\\/2022\\\/06\\\/FWc8OSRXEAAm34C.jpg\",\"width\":1280,\"height\":853},{\"@type\":\"BreadcrumbList\",\"@id\":\"https:\\\/\\\/noticiasmercedinas.com\\\/site\\\/2022\\\/06\\\/29\\\/gimnasia-acerto-y-flandria-quedo-muy-cerca\\\/#breadcrumb\",\"itemListElement\":[{\"@type\":\"ListItem\",\"position\":1,\"name\":\"Portada\",\"item\":\"https:\\\/\\\/noticiasmercedinas.com\\\/site\\\/\"},{\"@type\":\"ListItem\",\"position\":2,\"name\":\"Gimnasia acert\u00f3 y Flandria qued\u00f3 muy cerca\"}]},{\"@type\":\"WebSite\",\"@id\":\"https:\\\/\\\/noticiasmercedinas.com\\\/site\\\/#website\",\"url\":\"https:\\\/\\\/noticiasmercedinas.com\\\/site\\\/\",\"name\":\"NOTICIASMERCEDINAS.COM\",\"description\":\"Mercedes, Buenos Aires, Argentina\",\"publisher\":{\"@id\":\"https:\\\/\\\/noticiasmercedinas.com\\\/site\\\/#organization\"},\"potentialAction\":[{\"@type\":\"SearchAction\",\"target\":{\"@type\":\"EntryPoint\",\"urlTemplate\":\"https:\\\/\\\/noticiasmercedinas.com\\\/site\\\/?s={search_term_string}\"},\"query-input\":{\"@type\":\"PropertyValueSpecification\",\"valueRequired\":true,\"valueName\":\"search_term_string\"}}],\"inLanguage\":\"es\"},{\"@type\":\"Organization\",\"@id\":\"https:\\\/\\\/noticiasmercedinas.com\\\/site\\\/#organization\",\"name\":\"NOTICIASMERCEDINAS.COM\",\"url\":\"https:\\\/\\\/noticiasmercedinas.com\\\/site\\\/\",\"logo\":{\"@type\":\"ImageObject\",\"inLanguage\":\"es\",\"@id\":\"https:\\\/\\\/noticiasmercedinas.com\\\/site\\\/#\\\/schema\\\/logo\\\/image\\\/\",\"url\":\"https:\\\/\\\/noticiasmercedinas.com\\\/site\\\/wp-content\\\/uploads\\\/2020\\\/06\\\/LOGO-512.jpg\",\"contentUrl\":\"https:\\\/\\\/noticiasmercedinas.com\\\/site\\\/wp-content\\\/uploads\\\/2020\\\/06\\\/LOGO-512.jpg\",\"width\":512,\"height\":512,\"caption\":\"NOTICIASMERCEDINAS.COM\"},\"image\":{\"@id\":\"https:\\\/\\\/noticiasmercedinas.com\\\/site\\\/#\\\/schema\\\/logo\\\/image\\\/\"},\"sameAs\":[\"https:\\\/\\\/www.facebook.com\\\/noticiasmercedinas\\\/\",\"https:\\\/\\\/x.com\\\/notmercedinas\",\"https:\\\/\\\/www.instagram.com\\\/noticiasmercedinas\\\/\"]},{\"@type\":\"Person\",\"@id\":\"https:\\\/\\\/noticiasmercedinas.com\\\/site\\\/#\\\/schema\\\/person\\\/84b59c099c28ff2e8b77d4ceec5d8063\",\"name\":\"NOTICIASMERCEDINAS.COM\",\"image\":{\"@type\":\"ImageObject\",\"inLanguage\":\"es\",\"@id\":\"https:\\\/\\\/secure.gravatar.com\\\/avatar\\\/4dfbf16b4d17945bfb6341b2d19043457132fcf478a5ee04f42e959fd8f5df0a?s=96&d=mm&r=g\",\"url\":\"https:\\\/\\\/secure.gravatar.com\\\/avatar\\\/4dfbf16b4d17945bfb6341b2d19043457132fcf478a5ee04f42e959fd8f5df0a?s=96&d=mm&r=g\",\"contentUrl\":\"https:\\\/\\\/secure.gravatar.com\\\/avatar\\\/4dfbf16b4d17945bfb6341b2d19043457132fcf478a5ee04f42e959fd8f5df0a?s=96&d=mm&r=g\",\"caption\":\"NOTICIASMERCEDINAS.COM\"},\"url\":\"https:\\\/\\\/noticiasmercedinas.com\\\/site\\\/author\\\/anonimo\\\/\"}]}<\/script>\n<!-- \/ Yoast SEO plugin. -->","yoast_head_json":{"title":"Gimnasia acert\u00f3 y Flandria qued\u00f3 muy cerca","robots":{"index":"index","follow":"follow","max-snippet":"max-snippet:-1","max-image-preview":"max-image-preview:large","max-video-preview":"max-video-preview:-1"},"canonical":"https:\/\/noticiasmercedinas.com\/site\/2022\/06\/29\/gimnasia-acerto-y-flandria-quedo-muy-cerca\/","og_locale":"es_ES","og_type":"article","og_title":"Gimnasia acert\u00f3 y Flandria qued\u00f3 muy cerca","og_description":"\u25a0 Fue 2-0 para el \u201cLobo\u201d en la Copa Argentina este mi\u00e9rcoles en Rafaela. Tras estar abajo en el marcador el \u201cCanario\u201d tuvo sus chances y estuvo muy cerca del empate. El domingo recibe a Mor\u00f3n en J\u00e1uregui por la Primera Nacional.","og_url":"https:\/\/noticiasmercedinas.com\/site\/2022\/06\/29\/gimnasia-acerto-y-flandria-quedo-muy-cerca\/","og_site_name":"NOTICIASMERCEDINAS.COM","article_publisher":"https:\/\/www.facebook.com\/noticiasmercedinas\/","article_published_time":"2022-06-29T23:10:04+00:00","og_image":[{"width":1280,"height":853,"url":"https:\/\/noticiasmercedinas.com\/site\/wp-content\/uploads\/2022\/06\/FWc8OSRXEAAm34C.jpg","type":"image\/jpeg"}],"author":"NOTICIASMERCEDINAS.COM","twitter_card":"summary_large_image","twitter_creator":"@notmercedinas","twitter_site":"@notmercedinas","twitter_misc":{"Escrito por":"NOTICIASMERCEDINAS.COM","Tiempo de lectura":"2 minutos"},"schema":{"@context":"https:\/\/schema.org","@graph":[{"@type":"Article","@id":"https:\/\/noticiasmercedinas.com\/site\/2022\/06\/29\/gimnasia-acerto-y-flandria-quedo-muy-cerca\/#article","isPartOf":{"@id":"https:\/\/noticiasmercedinas.com\/site\/2022\/06\/29\/gimnasia-acerto-y-flandria-quedo-muy-cerca\/"},"author":{"name":"NOTICIASMERCEDINAS.COM","@id":"https:\/\/noticiasmercedinas.com\/site\/#\/schema\/person\/84b59c099c28ff2e8b77d4ceec5d8063"},"headline":"Gimnasia acert\u00f3 y Flandria qued\u00f3 muy cerca","datePublished":"2022-06-29T23:10:04+00:00","mainEntityOfPage":{"@id":"https:\/\/noticiasmercedinas.com\/site\/2022\/06\/29\/gimnasia-acerto-y-flandria-quedo-muy-cerca\/"},"wordCount":392,"commentCount":0,"publisher":{"@id":"https:\/\/noticiasmercedinas.com\/site\/#organization"},"image":{"@id":"https:\/\/noticiasmercedinas.com\/site\/2022\/06\/29\/gimnasia-acerto-y-flandria-quedo-muy-cerca\/#primaryimage"},"thumbnailUrl":"https:\/\/noticiasmercedinas.com\/site\/wp-content\/uploads\/2022\/06\/FWc8OSRXEAAm34C.jpg","keywords":["Club Flandria","copa argentina"],"articleSection":["Deportes"],"inLanguage":"es","potentialAction":[{"@type":"CommentAction","name":"Comment","target":["https:\/\/noticiasmercedinas.com\/site\/2022\/06\/29\/gimnasia-acerto-y-flandria-quedo-muy-cerca\/#respond"]}]},{"@type":"WebPage","@id":"https:\/\/noticiasmercedinas.com\/site\/2022\/06\/29\/gimnasia-acerto-y-flandria-quedo-muy-cerca\/","url":"https:\/\/noticiasmercedinas.com\/site\/2022\/06\/29\/gimnasia-acerto-y-flandria-quedo-muy-cerca\/","name":"Gimnasia acert\u00f3 y Flandria qued\u00f3 muy cerca","isPartOf":{"@id":"https:\/\/noticiasmercedinas.com\/site\/#website"},"primaryImageOfPage":{"@id":"https:\/\/noticiasmercedinas.com\/site\/2022\/06\/29\/gimnasia-acerto-y-flandria-quedo-muy-cerca\/#primaryimage"},"image":{"@id":"https:\/\/noticiasmercedinas.com\/site\/2022\/06\/29\/gimnasia-acerto-y-flandria-quedo-muy-cerca\/#primaryimage"},"thumbnailUrl":"https:\/\/noticiasmercedinas.com\/site\/wp-content\/uploads\/2022\/06\/FWc8OSRXEAAm34C.jpg","datePublished":"2022-06-29T23:10:04+00:00","breadcrumb":{"@id":"https:\/\/noticiasmercedinas.com\/site\/2022\/06\/29\/gimnasia-acerto-y-flandria-quedo-muy-cerca\/#breadcrumb"},"inLanguage":"es","potentialAction":[{"@type":"ReadAction","target":["https:\/\/noticiasmercedinas.com\/site\/2022\/06\/29\/gimnasia-acerto-y-flandria-quedo-muy-cerca\/"]}]},{"@type":"ImageObject","inLanguage":"es","@id":"https:\/\/noticiasmercedinas.com\/site\/2022\/06\/29\/gimnasia-acerto-y-flandria-quedo-muy-cerca\/#primaryimage","url":"https:\/\/noticiasmercedinas.com\/site\/wp-content\/uploads\/2022\/06\/FWc8OSRXEAAm34C.jpg","contentUrl":"https:\/\/noticiasmercedinas.com\/site\/wp-content\/uploads\/2022\/06\/FWc8OSRXEAAm34C.jpg","width":1280,"height":853},{"@type":"BreadcrumbList","@id":"https:\/\/noticiasmercedinas.com\/site\/2022\/06\/29\/gimnasia-acerto-y-flandria-quedo-muy-cerca\/#breadcrumb","itemListElement":[{"@type":"ListItem","position":1,"name":"Portada","item":"https:\/\/noticiasmercedinas.com\/site\/"},{"@type":"ListItem","position":2,"name":"Gimnasia acert\u00f3 y Flandria qued\u00f3 muy cerca"}]},{"@type":"WebSite","@id":"https:\/\/noticiasmercedinas.com\/site\/#website","url":"https:\/\/noticiasmercedinas.com\/site\/","name":"NOTICIASMERCEDINAS.COM","description":"Mercedes, Buenos Aires, Argentina","publisher":{"@id":"https:\/\/noticiasmercedinas.com\/site\/#organization"},"potentialAction":[{"@type":"SearchAction","target":{"@type":"EntryPoint","urlTemplate":"https:\/\/noticiasmercedinas.com\/site\/?s={search_term_string}"},"query-input":{"@type":"PropertyValueSpecification","valueRequired":true,"valueName":"search_term_string"}}],"inLanguage":"es"},{"@type":"Organization","@id":"https:\/\/noticiasmercedinas.com\/site\/#organization","name":"NOTICIASMERCEDINAS.COM","url":"https:\/\/noticiasmercedinas.com\/site\/","logo":{"@type":"ImageObject","inLanguage":"es","@id":"https:\/\/noticiasmercedinas.com\/site\/#\/schema\/logo\/image\/","url":"https:\/\/noticiasmercedinas.com\/site\/wp-content\/uploads\/2020\/06\/LOGO-512.jpg","contentUrl":"https:\/\/noticiasmercedinas.com\/site\/wp-content\/uploads\/2020\/06\/LOGO-512.jpg","width":512,"height":512,"caption":"NOTICIASMERCEDINAS.COM"},"image":{"@id":"https:\/\/noticiasmercedinas.com\/site\/#\/schema\/logo\/image\/"},"sameAs":["https:\/\/www.facebook.com\/noticiasmercedinas\/","https:\/\/x.com\/notmercedinas","https:\/\/www.instagram.com\/noticiasmercedinas\/"]},{"@type":"Person","@id":"https:\/\/noticiasmercedinas.com\/site\/#\/schema\/person\/84b59c099c28ff2e8b77d4ceec5d8063","name":"NOTICIASMERCEDINAS.COM","image":{"@type":"ImageObject","inLanguage":"es","@id":"https:\/\/secure.gravatar.com\/avatar\/4dfbf16b4d17945bfb6341b2d19043457132fcf478a5ee04f42e959fd8f5df0a?s=96&d=mm&r=g","url":"https:\/\/secure.gravatar.com\/avatar\/4dfbf16b4d17945bfb6341b2d19043457132fcf478a5ee04f42e959fd8f5df0a?s=96&d=mm&r=g","contentUrl":"https:\/\/secure.gravatar.com\/avatar\/4dfbf16b4d17945bfb6341b2d19043457132fcf478a5ee04f42e959fd8f5df0a?s=96&d=mm&r=g","caption":"NOTICIASMERCEDINAS.COM"},"url":"https:\/\/noticiasmercedinas.com\/site\/author\/anonimo\/"}]}},"amp_enabled":true,"_links":{"self":[{"href":"https:\/\/noticiasmercedinas.com\/site\/wp-json\/wp\/v2\/posts\/94173","targetHints":{"allow":["GET"]}}],"collection":[{"href":"https:\/\/noticiasmercedinas.com\/site\/wp-json\/wp\/v2\/posts"}],"about":[{"href":"https:\/\/noticiasmercedinas.com\/site\/wp-json\/wp\/v2\/types\/post"}],"author":[{"embeddable":true,"href":"https:\/\/noticiasmercedinas.com\/site\/wp-json\/wp\/v2\/users\/16"}],"replies":[{"embeddable":true,"href":"https:\/\/noticiasmercedinas.com\/site\/wp-json\/wp\/v2\/comments?post=94173"}],"version-history":[{"count":1,"href":"https:\/\/noticiasmercedinas.com\/site\/wp-json\/wp\/v2\/posts\/94173\/revisions"}],"predecessor-version":[{"id":94175,"href":"https:\/\/noticiasmercedinas.com\/site\/wp-json\/wp\/v2\/posts\/94173\/revisions\/94175"}],"wp:featuredmedia":[{"embeddable":true,"href":"https:\/\/noticiasmercedinas.com\/site\/wp-json\/wp\/v2\/media\/94174"}],"wp:attachment":[{"href":"https:\/\/noticiasmercedinas.com\/site\/wp-json\/wp\/v2\/media?parent=94173"}],"wp:term":[{"taxonomy":"category","embeddable":true,"href":"https:\/\/noticiasmercedinas.com\/site\/wp-json\/wp\/v2\/categories?post=94173"},{"taxonomy":"post_tag","embeddable":true,"href":"https:\/\/noticiasmercedinas.com\/site\/wp-json\/wp\/v2\/tags?post=94173"}],"curies":[{"name":"wp","href":"https:\/\/api.w.org\/{rel}","templated":true}]}}