{"id":94295,"date":"2022-07-01T14:08:32","date_gmt":"2022-07-01T17:08:32","guid":{"rendered":"https:\/\/noticiasmercedinas.com\/site\/?p=94295"},"modified":"2022-07-01T14:08:32","modified_gmt":"2022-07-01T17:08:32","slug":"club-mercedes-y-cambaceres-una-de-las-atracciones-de-la-primera-d","status":"publish","type":"post","link":"https:\/\/noticiasmercedinas.com\/site\/2022\/07\/01\/club-mercedes-y-cambaceres-una-de-las-atracciones-de-la-primera-d\/","title":{"rendered":"Club Mercedes y Cambaceres una de las atracciones de la Primera D"},"content":{"rendered":"<figure id=\"attachment_94296\" aria-describedby=\"caption-attachment-94296\" style=\"width: 640px\" class=\"wp-caption alignnone\"><img loading=\"lazy\" decoding=\"async\" class=\"wp-image-94296 size-full\" src=\"https:\/\/noticiasmercedinas.com\/site\/wp-content\/uploads\/2022\/07\/IMG_7849.jpg\" alt=\"\" width=\"640\" height=\"359\" srcset=\"https:\/\/noticiasmercedinas.com\/site\/wp-content\/uploads\/2022\/07\/IMG_7849.jpg 640w, https:\/\/noticiasmercedinas.com\/site\/wp-content\/uploads\/2022\/07\/IMG_7849-300x168.jpg 300w\" sizes=\"auto, (max-width: 640px) 100vw, 640px\" \/><figcaption id=\"caption-attachment-94296\" class=\"wp-caption-text\">Club Mercedes viene de visitar a Lugano.<\/figcaption><\/figure>\n<p>La Primera D de la AFA afrontar\u00e1 este s\u00e1bado 2 de julio la novena fecha, donde Club Mercedes en cancha de la Liga recibir\u00e1 a Defensores de Cambaceres. Una condici\u00f3n que lo mantiene invicto al \u201cBlanquinegro\u201d que viene de tropezar en Tapiales ante Lugano por 3 a 0 jugando buena parte del partido con 10 hombres ante la expulsi\u00f3n de Francisco Bidone, que ser\u00e1 la \u00fanica baja para el partido que se viene, fue sancionado con s\u00f3lo una fecha.<\/p>\n<p>El \u201cRojo\u201d de Ensenada viene de ganarle 3-2 a Deportivo Paraguayo y en el torneo acumula 12 puntos en 7 partidos jugados de los que 3 son ganados (5-0-0 a Ballester y Juventud 1-0)\u00a0 y otros 3 empatados (Lugano 0-0, Barracas 1-1 y Mu\u00f1iz 1-1) y s\u00f3lo uno perdido (Argentino 2-1). Cuenta con 12 goles a favor y 6 en contra, en la tabla marcha tercero.<\/p>\n<p>Club Mercedes, con su p\u00fablico, aguarda por el partido del s\u00e1bado y para ello se entren\u00f3 de buena manera en la semana. Para lo que vendr\u00e1 Walter D\u00edaz a dispuesto este once inicial: Rodrigo Nicasio en el arco, en defensa El\u00edas Collazo, Domingo de Paola, Juan Pedro Gatti y Blas De Los Santos. La zona de volantes Nicol\u00e1s Contardi y Laureano Torres, por derecha Juan Cabrera y la izquierda Ignacio Martina. En el ataque Nahuel Menseguez y Franco Gatti.<br \/>\n<strong><br \/>\nS\u00e1bado 2 de julio.<br \/>\nCancha:<\/strong> Liga Mercedina.<br \/>\nA las 15.30 Club Mercedes vs. Defensores de Cambaceres.<br \/>\n<strong>Arbitro:<\/strong> Gabriel Guti\u00e9rrez.<br \/>\n<strong>Asistente 1:<\/strong> Maximiliano Montenegro.<br \/>\n<strong>Asistente 2:<\/strong> Leonardo Aprea.<br \/>\n<strong>Cuarto \u00e1rbitro:<\/strong> Nicol\u00e1s Mastroieni.<br \/>\n<strong><br \/>\nCancha:<\/strong> Yupanqui.<br \/>\nA las 15.30 Yupanqui vs. Argentino de Rosario.<br \/>\n<strong>Arbitro:<\/strong> Brian Rodr\u00edguez.<\/p>\n<p><strong>Cancha:<\/strong> Ituzaing\u00f3.<br \/>\nA las 15.30 Centro Espa\u00f1ol vs. Lugano.<br \/>\n<strong>Arbitro:<\/strong> Maximiliano L\u00f3pez Monti.<\/p>\n<p><strong>Cancha:<\/strong> Lugano.<br \/>\nA las 15.30 Deportivo Paraguayo vs. Sportivo Barracas.<br \/>\n<strong>Arbitro:<\/strong> Diego Torres.<\/p>\n<p><strong>Cancha:<\/strong> Atlas.<br \/>\nA las 15.30 Deportivo Mu\u00f1iz vs. Juventud Unida.<br \/>\n<strong>Arbitro:<\/strong> Adri\u00e1n N\u00fa\u00f1ez Rodr\u00edguez.<\/p>\n<p><img loading=\"lazy\" decoding=\"async\" class=\"alignnone size-full wp-image-94297\" src=\"https:\/\/noticiasmercedinas.com\/site\/wp-content\/uploads\/2022\/07\/Primera-Dl.jpg\" alt=\"\" width=\"640\" height=\"362\" srcset=\"https:\/\/noticiasmercedinas.com\/site\/wp-content\/uploads\/2022\/07\/Primera-Dl.jpg 640w, https:\/\/noticiasmercedinas.com\/site\/wp-content\/uploads\/2022\/07\/Primera-Dl-300x170.jpg 300w\" sizes=\"auto, (max-width: 640px) 100vw, 640px\" \/><br \/>\n<strong><br \/>\nLocalidades<\/strong><br \/>\nLas entradas se estuvieron vendiendo y lo seguir\u00e1n haciendo \u00fanicamente de manera anticipada, el jueves y viernes en Una Pasi\u00f3n de calle 25 entre 24 y 22. Otro punto para adquirirlas ser\u00e1 la parada de diarios y revistas El Bander\u00edn de Avenida 17 esquina 20. Ya el s\u00e1bado desde las 12 en campo de deportes de H\u00e9roes de Malvinas. No se podr\u00e1n comprar localidades en cancha de la Liga por una disposici\u00f3n de seguridad.<\/p>\n","protected":false},"excerpt":{"rendered":"<p>\u25a0 Se jugar\u00e1 este s\u00e1bado 2 en la Liga desde las 15.30. El cruce pasa a tener importancia en la definici\u00f3n de la primera rueda donde lidera Centro Espa\u00f1ol. Las entradas se venden desde el jueves y se extender\u00e1 hasta el d\u00eda del juego.  <\/p>\n","protected":false},"author":6,"featured_media":94296,"comment_status":"open","ping_status":"open","sticky":false,"template":"","format":"standard","meta":{"footnotes":""},"categories":[5],"tags":[6424,135,14747,11935],"class_list":["post-94295","post","type-post","status-publish","format-standard","has-post-thumbnail","hentry","category-deportes","tag-afa","tag-club-mercedes","tag-defensores-de-cambaceres","tag-primera-d"],"yoast_head":"<!-- This site is optimized with the Yoast SEO plugin v27.5 - https:\/\/yoast.com\/product\/yoast-seo-wordpress\/ -->\n<title>Club Mercedes y Cambaceres una de las atracciones de la Primera D<\/title>\n<meta name=\"robots\" content=\"index, follow, max-snippet:-1, max-image-preview:large, max-video-preview:-1\" \/>\n<link rel=\"canonical\" href=\"https:\/\/noticiasmercedinas.com\/site\/2022\/07\/01\/club-mercedes-y-cambaceres-una-de-las-atracciones-de-la-primera-d\/\" \/>\n<meta property=\"og:locale\" content=\"es_ES\" \/>\n<meta property=\"og:type\" content=\"article\" \/>\n<meta property=\"og:title\" content=\"Club Mercedes y Cambaceres una de las atracciones de la Primera D\" \/>\n<meta property=\"og:description\" content=\"\u25a0 Se jugar\u00e1 este s\u00e1bado 2 en la Liga desde las 15.30. El cruce pasa a tener importancia en la definici\u00f3n de la primera rueda donde lidera Centro Espa\u00f1ol. Las entradas se venden desde el jueves y se extender\u00e1 hasta el d\u00eda del juego.\" \/>\n<meta property=\"og:url\" content=\"https:\/\/noticiasmercedinas.com\/site\/2022\/07\/01\/club-mercedes-y-cambaceres-una-de-las-atracciones-de-la-primera-d\/\" \/>\n<meta property=\"og:site_name\" content=\"NOTICIASMERCEDINAS.COM\" \/>\n<meta property=\"article:publisher\" content=\"https:\/\/www.facebook.com\/noticiasmercedinas\/\" \/>\n<meta property=\"article:published_time\" content=\"2022-07-01T17:08:32+00:00\" \/>\n<meta property=\"og:image\" content=\"https:\/\/noticiasmercedinas.com\/site\/wp-content\/uploads\/2022\/07\/IMG_7849.jpg\" \/>\n\t<meta property=\"og:image:width\" content=\"640\" \/>\n\t<meta property=\"og:image:height\" content=\"359\" \/>\n\t<meta property=\"og:image:type\" content=\"image\/jpeg\" \/>\n<meta name=\"author\" content=\"Juan Dagnino NOTICIASMERCEDINAS.COM\" \/>\n<meta name=\"twitter:card\" content=\"summary_large_image\" \/>\n<meta name=\"twitter:creator\" content=\"@notmercedinas\" \/>\n<meta name=\"twitter:site\" content=\"@notmercedinas\" \/>\n<meta name=\"twitter:label1\" content=\"Escrito por\" \/>\n\t<meta name=\"twitter:data1\" content=\"Juan Dagnino NOTICIASMERCEDINAS.COM\" \/>\n\t<meta name=\"twitter:label2\" content=\"Tiempo de lectura\" \/>\n\t<meta name=\"twitter:data2\" content=\"3 minutos\" \/>\n<script type=\"application\/ld+json\" class=\"yoast-schema-graph\">{\"@context\":\"https:\\\/\\\/schema.org\",\"@graph\":[{\"@type\":\"Article\",\"@id\":\"https:\\\/\\\/noticiasmercedinas.com\\\/site\\\/2022\\\/07\\\/01\\\/club-mercedes-y-cambaceres-una-de-las-atracciones-de-la-primera-d\\\/#article\",\"isPartOf\":{\"@id\":\"https:\\\/\\\/noticiasmercedinas.com\\\/site\\\/2022\\\/07\\\/01\\\/club-mercedes-y-cambaceres-una-de-las-atracciones-de-la-primera-d\\\/\"},\"author\":{\"name\":\"Juan Dagnino NOTICIASMERCEDINAS.COM\",\"@id\":\"https:\\\/\\\/noticiasmercedinas.com\\\/site\\\/#\\\/schema\\\/person\\\/8f2f09d666ef40986eba4a5e6f2a06f9\"},\"headline\":\"Club Mercedes y Cambaceres una de las atracciones de la Primera D\",\"datePublished\":\"2022-07-01T17:08:32+00:00\",\"mainEntityOfPage\":{\"@id\":\"https:\\\/\\\/noticiasmercedinas.com\\\/site\\\/2022\\\/07\\\/01\\\/club-mercedes-y-cambaceres-una-de-las-atracciones-de-la-primera-d\\\/\"},\"wordCount\":414,\"commentCount\":0,\"publisher\":{\"@id\":\"https:\\\/\\\/noticiasmercedinas.com\\\/site\\\/#organization\"},\"image\":{\"@id\":\"https:\\\/\\\/noticiasmercedinas.com\\\/site\\\/2022\\\/07\\\/01\\\/club-mercedes-y-cambaceres-una-de-las-atracciones-de-la-primera-d\\\/#primaryimage\"},\"thumbnailUrl\":\"https:\\\/\\\/noticiasmercedinas.com\\\/site\\\/wp-content\\\/uploads\\\/2022\\\/07\\\/IMG_7849.jpg\",\"keywords\":[\"AFA\",\"club mercedes\",\"Defensores de Cambaceres\",\"Primera D\"],\"articleSection\":[\"Deportes\"],\"inLanguage\":\"es\",\"potentialAction\":[{\"@type\":\"CommentAction\",\"name\":\"Comment\",\"target\":[\"https:\\\/\\\/noticiasmercedinas.com\\\/site\\\/2022\\\/07\\\/01\\\/club-mercedes-y-cambaceres-una-de-las-atracciones-de-la-primera-d\\\/#respond\"]}]},{\"@type\":\"WebPage\",\"@id\":\"https:\\\/\\\/noticiasmercedinas.com\\\/site\\\/2022\\\/07\\\/01\\\/club-mercedes-y-cambaceres-una-de-las-atracciones-de-la-primera-d\\\/\",\"url\":\"https:\\\/\\\/noticiasmercedinas.com\\\/site\\\/2022\\\/07\\\/01\\\/club-mercedes-y-cambaceres-una-de-las-atracciones-de-la-primera-d\\\/\",\"name\":\"Club Mercedes y Cambaceres una de las atracciones de la Primera D\",\"isPartOf\":{\"@id\":\"https:\\\/\\\/noticiasmercedinas.com\\\/site\\\/#website\"},\"primaryImageOfPage\":{\"@id\":\"https:\\\/\\\/noticiasmercedinas.com\\\/site\\\/2022\\\/07\\\/01\\\/club-mercedes-y-cambaceres-una-de-las-atracciones-de-la-primera-d\\\/#primaryimage\"},\"image\":{\"@id\":\"https:\\\/\\\/noticiasmercedinas.com\\\/site\\\/2022\\\/07\\\/01\\\/club-mercedes-y-cambaceres-una-de-las-atracciones-de-la-primera-d\\\/#primaryimage\"},\"thumbnailUrl\":\"https:\\\/\\\/noticiasmercedinas.com\\\/site\\\/wp-content\\\/uploads\\\/2022\\\/07\\\/IMG_7849.jpg\",\"datePublished\":\"2022-07-01T17:08:32+00:00\",\"breadcrumb\":{\"@id\":\"https:\\\/\\\/noticiasmercedinas.com\\\/site\\\/2022\\\/07\\\/01\\\/club-mercedes-y-cambaceres-una-de-las-atracciones-de-la-primera-d\\\/#breadcrumb\"},\"inLanguage\":\"es\",\"potentialAction\":[{\"@type\":\"ReadAction\",\"target\":[\"https:\\\/\\\/noticiasmercedinas.com\\\/site\\\/2022\\\/07\\\/01\\\/club-mercedes-y-cambaceres-una-de-las-atracciones-de-la-primera-d\\\/\"]}]},{\"@type\":\"ImageObject\",\"inLanguage\":\"es\",\"@id\":\"https:\\\/\\\/noticiasmercedinas.com\\\/site\\\/2022\\\/07\\\/01\\\/club-mercedes-y-cambaceres-una-de-las-atracciones-de-la-primera-d\\\/#primaryimage\",\"url\":\"https:\\\/\\\/noticiasmercedinas.com\\\/site\\\/wp-content\\\/uploads\\\/2022\\\/07\\\/IMG_7849.jpg\",\"contentUrl\":\"https:\\\/\\\/noticiasmercedinas.com\\\/site\\\/wp-content\\\/uploads\\\/2022\\\/07\\\/IMG_7849.jpg\",\"width\":640,\"height\":359},{\"@type\":\"BreadcrumbList\",\"@id\":\"https:\\\/\\\/noticiasmercedinas.com\\\/site\\\/2022\\\/07\\\/01\\\/club-mercedes-y-cambaceres-una-de-las-atracciones-de-la-primera-d\\\/#breadcrumb\",\"itemListElement\":[{\"@type\":\"ListItem\",\"position\":1,\"name\":\"Portada\",\"item\":\"https:\\\/\\\/noticiasmercedinas.com\\\/site\\\/\"},{\"@type\":\"ListItem\",\"position\":2,\"name\":\"Club Mercedes y Cambaceres una de las atracciones de la Primera D\"}]},{\"@type\":\"WebSite\",\"@id\":\"https:\\\/\\\/noticiasmercedinas.com\\\/site\\\/#website\",\"url\":\"https:\\\/\\\/noticiasmercedinas.com\\\/site\\\/\",\"name\":\"NOTICIASMERCEDINAS.COM\",\"description\":\"Mercedes, Buenos Aires, Argentina\",\"publisher\":{\"@id\":\"https:\\\/\\\/noticiasmercedinas.com\\\/site\\\/#organization\"},\"potentialAction\":[{\"@type\":\"SearchAction\",\"target\":{\"@type\":\"EntryPoint\",\"urlTemplate\":\"https:\\\/\\\/noticiasmercedinas.com\\\/site\\\/?s={search_term_string}\"},\"query-input\":{\"@type\":\"PropertyValueSpecification\",\"valueRequired\":true,\"valueName\":\"search_term_string\"}}],\"inLanguage\":\"es\"},{\"@type\":\"Organization\",\"@id\":\"https:\\\/\\\/noticiasmercedinas.com\\\/site\\\/#organization\",\"name\":\"NOTICIASMERCEDINAS.COM\",\"url\":\"https:\\\/\\\/noticiasmercedinas.com\\\/site\\\/\",\"logo\":{\"@type\":\"ImageObject\",\"inLanguage\":\"es\",\"@id\":\"https:\\\/\\\/noticiasmercedinas.com\\\/site\\\/#\\\/schema\\\/logo\\\/image\\\/\",\"url\":\"https:\\\/\\\/noticiasmercedinas.com\\\/site\\\/wp-content\\\/uploads\\\/2020\\\/06\\\/LOGO-512.jpg\",\"contentUrl\":\"https:\\\/\\\/noticiasmercedinas.com\\\/site\\\/wp-content\\\/uploads\\\/2020\\\/06\\\/LOGO-512.jpg\",\"width\":512,\"height\":512,\"caption\":\"NOTICIASMERCEDINAS.COM\"},\"image\":{\"@id\":\"https:\\\/\\\/noticiasmercedinas.com\\\/site\\\/#\\\/schema\\\/logo\\\/image\\\/\"},\"sameAs\":[\"https:\\\/\\\/www.facebook.com\\\/noticiasmercedinas\\\/\",\"https:\\\/\\\/x.com\\\/notmercedinas\",\"https:\\\/\\\/www.instagram.com\\\/noticiasmercedinas\\\/\"]},{\"@type\":\"Person\",\"@id\":\"https:\\\/\\\/noticiasmercedinas.com\\\/site\\\/#\\\/schema\\\/person\\\/8f2f09d666ef40986eba4a5e6f2a06f9\",\"name\":\"Juan Dagnino NOTICIASMERCEDINAS.COM\",\"image\":{\"@type\":\"ImageObject\",\"inLanguage\":\"es\",\"@id\":\"https:\\\/\\\/secure.gravatar.com\\\/avatar\\\/fc7059a769f5a3cae65fadb228a3e4accf3a64b4b2305020d0a27e6d5333c91b?s=96&d=mm&r=g\",\"url\":\"https:\\\/\\\/secure.gravatar.com\\\/avatar\\\/fc7059a769f5a3cae65fadb228a3e4accf3a64b4b2305020d0a27e6d5333c91b?s=96&d=mm&r=g\",\"contentUrl\":\"https:\\\/\\\/secure.gravatar.com\\\/avatar\\\/fc7059a769f5a3cae65fadb228a3e4accf3a64b4b2305020d0a27e6d5333c91b?s=96&d=mm&r=g\",\"caption\":\"Juan Dagnino NOTICIASMERCEDINAS.COM\"},\"url\":\"https:\\\/\\\/noticiasmercedinas.com\\\/site\\\/author\\\/juandagnino\\\/\"}]}<\/script>\n<!-- \/ Yoast SEO plugin. -->","yoast_head_json":{"title":"Club Mercedes y Cambaceres una de las atracciones de la Primera D","robots":{"index":"index","follow":"follow","max-snippet":"max-snippet:-1","max-image-preview":"max-image-preview:large","max-video-preview":"max-video-preview:-1"},"canonical":"https:\/\/noticiasmercedinas.com\/site\/2022\/07\/01\/club-mercedes-y-cambaceres-una-de-las-atracciones-de-la-primera-d\/","og_locale":"es_ES","og_type":"article","og_title":"Club Mercedes y Cambaceres una de las atracciones de la Primera D","og_description":"\u25a0 Se jugar\u00e1 este s\u00e1bado 2 en la Liga desde las 15.30. El cruce pasa a tener importancia en la definici\u00f3n de la primera rueda donde lidera Centro Espa\u00f1ol. Las entradas se venden desde el jueves y se extender\u00e1 hasta el d\u00eda del juego.","og_url":"https:\/\/noticiasmercedinas.com\/site\/2022\/07\/01\/club-mercedes-y-cambaceres-una-de-las-atracciones-de-la-primera-d\/","og_site_name":"NOTICIASMERCEDINAS.COM","article_publisher":"https:\/\/www.facebook.com\/noticiasmercedinas\/","article_published_time":"2022-07-01T17:08:32+00:00","og_image":[{"width":640,"height":359,"url":"https:\/\/noticiasmercedinas.com\/site\/wp-content\/uploads\/2022\/07\/IMG_7849.jpg","type":"image\/jpeg"}],"author":"Juan Dagnino NOTICIASMERCEDINAS.COM","twitter_card":"summary_large_image","twitter_creator":"@notmercedinas","twitter_site":"@notmercedinas","twitter_misc":{"Escrito por":"Juan Dagnino NOTICIASMERCEDINAS.COM","Tiempo de lectura":"3 minutos"},"schema":{"@context":"https:\/\/schema.org","@graph":[{"@type":"Article","@id":"https:\/\/noticiasmercedinas.com\/site\/2022\/07\/01\/club-mercedes-y-cambaceres-una-de-las-atracciones-de-la-primera-d\/#article","isPartOf":{"@id":"https:\/\/noticiasmercedinas.com\/site\/2022\/07\/01\/club-mercedes-y-cambaceres-una-de-las-atracciones-de-la-primera-d\/"},"author":{"name":"Juan Dagnino NOTICIASMERCEDINAS.COM","@id":"https:\/\/noticiasmercedinas.com\/site\/#\/schema\/person\/8f2f09d666ef40986eba4a5e6f2a06f9"},"headline":"Club Mercedes y Cambaceres una de las atracciones de la Primera D","datePublished":"2022-07-01T17:08:32+00:00","mainEntityOfPage":{"@id":"https:\/\/noticiasmercedinas.com\/site\/2022\/07\/01\/club-mercedes-y-cambaceres-una-de-las-atracciones-de-la-primera-d\/"},"wordCount":414,"commentCount":0,"publisher":{"@id":"https:\/\/noticiasmercedinas.com\/site\/#organization"},"image":{"@id":"https:\/\/noticiasmercedinas.com\/site\/2022\/07\/01\/club-mercedes-y-cambaceres-una-de-las-atracciones-de-la-primera-d\/#primaryimage"},"thumbnailUrl":"https:\/\/noticiasmercedinas.com\/site\/wp-content\/uploads\/2022\/07\/IMG_7849.jpg","keywords":["AFA","club mercedes","Defensores de Cambaceres","Primera D"],"articleSection":["Deportes"],"inLanguage":"es","potentialAction":[{"@type":"CommentAction","name":"Comment","target":["https:\/\/noticiasmercedinas.com\/site\/2022\/07\/01\/club-mercedes-y-cambaceres-una-de-las-atracciones-de-la-primera-d\/#respond"]}]},{"@type":"WebPage","@id":"https:\/\/noticiasmercedinas.com\/site\/2022\/07\/01\/club-mercedes-y-cambaceres-una-de-las-atracciones-de-la-primera-d\/","url":"https:\/\/noticiasmercedinas.com\/site\/2022\/07\/01\/club-mercedes-y-cambaceres-una-de-las-atracciones-de-la-primera-d\/","name":"Club Mercedes y Cambaceres una de las atracciones de la Primera D","isPartOf":{"@id":"https:\/\/noticiasmercedinas.com\/site\/#website"},"primaryImageOfPage":{"@id":"https:\/\/noticiasmercedinas.com\/site\/2022\/07\/01\/club-mercedes-y-cambaceres-una-de-las-atracciones-de-la-primera-d\/#primaryimage"},"image":{"@id":"https:\/\/noticiasmercedinas.com\/site\/2022\/07\/01\/club-mercedes-y-cambaceres-una-de-las-atracciones-de-la-primera-d\/#primaryimage"},"thumbnailUrl":"https:\/\/noticiasmercedinas.com\/site\/wp-content\/uploads\/2022\/07\/IMG_7849.jpg","datePublished":"2022-07-01T17:08:32+00:00","breadcrumb":{"@id":"https:\/\/noticiasmercedinas.com\/site\/2022\/07\/01\/club-mercedes-y-cambaceres-una-de-las-atracciones-de-la-primera-d\/#breadcrumb"},"inLanguage":"es","potentialAction":[{"@type":"ReadAction","target":["https:\/\/noticiasmercedinas.com\/site\/2022\/07\/01\/club-mercedes-y-cambaceres-una-de-las-atracciones-de-la-primera-d\/"]}]},{"@type":"ImageObject","inLanguage":"es","@id":"https:\/\/noticiasmercedinas.com\/site\/2022\/07\/01\/club-mercedes-y-cambaceres-una-de-las-atracciones-de-la-primera-d\/#primaryimage","url":"https:\/\/noticiasmercedinas.com\/site\/wp-content\/uploads\/2022\/07\/IMG_7849.jpg","contentUrl":"https:\/\/noticiasmercedinas.com\/site\/wp-content\/uploads\/2022\/07\/IMG_7849.jpg","width":640,"height":359},{"@type":"BreadcrumbList","@id":"https:\/\/noticiasmercedinas.com\/site\/2022\/07\/01\/club-mercedes-y-cambaceres-una-de-las-atracciones-de-la-primera-d\/#breadcrumb","itemListElement":[{"@type":"ListItem","position":1,"name":"Portada","item":"https:\/\/noticiasmercedinas.com\/site\/"},{"@type":"ListItem","position":2,"name":"Club Mercedes y Cambaceres una de las atracciones de la Primera D"}]},{"@type":"WebSite","@id":"https:\/\/noticiasmercedinas.com\/site\/#website","url":"https:\/\/noticiasmercedinas.com\/site\/","name":"NOTICIASMERCEDINAS.COM","description":"Mercedes, Buenos Aires, Argentina","publisher":{"@id":"https:\/\/noticiasmercedinas.com\/site\/#organization"},"potentialAction":[{"@type":"SearchAction","target":{"@type":"EntryPoint","urlTemplate":"https:\/\/noticiasmercedinas.com\/site\/?s={search_term_string}"},"query-input":{"@type":"PropertyValueSpecification","valueRequired":true,"valueName":"search_term_string"}}],"inLanguage":"es"},{"@type":"Organization","@id":"https:\/\/noticiasmercedinas.com\/site\/#organization","name":"NOTICIASMERCEDINAS.COM","url":"https:\/\/noticiasmercedinas.com\/site\/","logo":{"@type":"ImageObject","inLanguage":"es","@id":"https:\/\/noticiasmercedinas.com\/site\/#\/schema\/logo\/image\/","url":"https:\/\/noticiasmercedinas.com\/site\/wp-content\/uploads\/2020\/06\/LOGO-512.jpg","contentUrl":"https:\/\/noticiasmercedinas.com\/site\/wp-content\/uploads\/2020\/06\/LOGO-512.jpg","width":512,"height":512,"caption":"NOTICIASMERCEDINAS.COM"},"image":{"@id":"https:\/\/noticiasmercedinas.com\/site\/#\/schema\/logo\/image\/"},"sameAs":["https:\/\/www.facebook.com\/noticiasmercedinas\/","https:\/\/x.com\/notmercedinas","https:\/\/www.instagram.com\/noticiasmercedinas\/"]},{"@type":"Person","@id":"https:\/\/noticiasmercedinas.com\/site\/#\/schema\/person\/8f2f09d666ef40986eba4a5e6f2a06f9","name":"Juan Dagnino NOTICIASMERCEDINAS.COM","image":{"@type":"ImageObject","inLanguage":"es","@id":"https:\/\/secure.gravatar.com\/avatar\/fc7059a769f5a3cae65fadb228a3e4accf3a64b4b2305020d0a27e6d5333c91b?s=96&d=mm&r=g","url":"https:\/\/secure.gravatar.com\/avatar\/fc7059a769f5a3cae65fadb228a3e4accf3a64b4b2305020d0a27e6d5333c91b?s=96&d=mm&r=g","contentUrl":"https:\/\/secure.gravatar.com\/avatar\/fc7059a769f5a3cae65fadb228a3e4accf3a64b4b2305020d0a27e6d5333c91b?s=96&d=mm&r=g","caption":"Juan Dagnino NOTICIASMERCEDINAS.COM"},"url":"https:\/\/noticiasmercedinas.com\/site\/author\/juandagnino\/"}]}},"amp_enabled":true,"_links":{"self":[{"href":"https:\/\/noticiasmercedinas.com\/site\/wp-json\/wp\/v2\/posts\/94295","targetHints":{"allow":["GET"]}}],"collection":[{"href":"https:\/\/noticiasmercedinas.com\/site\/wp-json\/wp\/v2\/posts"}],"about":[{"href":"https:\/\/noticiasmercedinas.com\/site\/wp-json\/wp\/v2\/types\/post"}],"author":[{"embeddable":true,"href":"https:\/\/noticiasmercedinas.com\/site\/wp-json\/wp\/v2\/users\/6"}],"replies":[{"embeddable":true,"href":"https:\/\/noticiasmercedinas.com\/site\/wp-json\/wp\/v2\/comments?post=94295"}],"version-history":[{"count":1,"href":"https:\/\/noticiasmercedinas.com\/site\/wp-json\/wp\/v2\/posts\/94295\/revisions"}],"predecessor-version":[{"id":94298,"href":"https:\/\/noticiasmercedinas.com\/site\/wp-json\/wp\/v2\/posts\/94295\/revisions\/94298"}],"wp:featuredmedia":[{"embeddable":true,"href":"https:\/\/noticiasmercedinas.com\/site\/wp-json\/wp\/v2\/media\/94296"}],"wp:attachment":[{"href":"https:\/\/noticiasmercedinas.com\/site\/wp-json\/wp\/v2\/media?parent=94295"}],"wp:term":[{"taxonomy":"category","embeddable":true,"href":"https:\/\/noticiasmercedinas.com\/site\/wp-json\/wp\/v2\/categories?post=94295"},{"taxonomy":"post_tag","embeddable":true,"href":"https:\/\/noticiasmercedinas.com\/site\/wp-json\/wp\/v2\/tags?post=94295"}],"curies":[{"name":"wp","href":"https:\/\/api.w.org\/{rel}","templated":true}]}}