{"id":94521,"date":"2022-07-04T20:03:35","date_gmt":"2022-07-04T23:03:35","guid":{"rendered":"https:\/\/noticiasmercedinas.com\/site\/?p=94521"},"modified":"2022-07-04T20:04:43","modified_gmt":"2022-07-04T23:04:43","slug":"desde-juntos-celebran-aporte-estatal-al-jardin-madre-antonia-cerini","status":"publish","type":"post","link":"https:\/\/noticiasmercedinas.com\/site\/2022\/07\/04\/desde-juntos-celebran-aporte-estatal-al-jardin-madre-antonia-cerini\/","title":{"rendered":"Desde Juntos celebran aporte estatal al Jard\u00edn \u201cMadre Antonia Cerini\u201d"},"content":{"rendered":"<p><img loading=\"lazy\" decoding=\"async\" class=\"alignnone size-large wp-image-94522\" src=\"https:\/\/noticiasmercedinas.com\/site\/wp-content\/uploads\/2022\/07\/290747044_10228901802234116_1461639501219526916_n-1024x576.jpg\" alt=\"\" width=\"640\" height=\"360\" srcset=\"https:\/\/noticiasmercedinas.com\/site\/wp-content\/uploads\/2022\/07\/290747044_10228901802234116_1461639501219526916_n-1024x576.jpg 1024w, https:\/\/noticiasmercedinas.com\/site\/wp-content\/uploads\/2022\/07\/290747044_10228901802234116_1461639501219526916_n-300x169.jpg 300w, https:\/\/noticiasmercedinas.com\/site\/wp-content\/uploads\/2022\/07\/290747044_10228901802234116_1461639501219526916_n-768x432.jpg 768w, https:\/\/noticiasmercedinas.com\/site\/wp-content\/uploads\/2022\/07\/290747044_10228901802234116_1461639501219526916_n-640x360.jpg 640w, https:\/\/noticiasmercedinas.com\/site\/wp-content\/uploads\/2022\/07\/290747044_10228901802234116_1461639501219526916_n-1280x720.jpg 1280w, https:\/\/noticiasmercedinas.com\/site\/wp-content\/uploads\/2022\/07\/290747044_10228901802234116_1461639501219526916_n-681x383.jpg 681w, https:\/\/noticiasmercedinas.com\/site\/wp-content\/uploads\/2022\/07\/290747044_10228901802234116_1461639501219526916_n-1362x766.jpg 1362w, https:\/\/noticiasmercedinas.com\/site\/wp-content\/uploads\/2022\/07\/290747044_10228901802234116_1461639501219526916_n.jpg 1440w\" sizes=\"auto, (max-width: 640px) 100vw, 640px\" \/><\/p>\n<p>D\u00edas pasados se supo que mediante una resoluci\u00f3n el Jard\u00edn \u201cMadre Antonia Cerini\u201d, del Colegio San Antonio de Padua, pasaba a recibir aporte estatal, algo que los integrantes de Juntos, <strong>D\u00e9bora Lacasa<\/strong> y <strong>Daniel Ivaldis<\/strong>, celebraron.<\/p>\n<p>En este sentido se supo que la concejala y el consejero escolar llevaron el decreto respectivo a los integrantes de la comunidad educativa.<\/p>\n<p>Al respecto, D\u00e9bora Lacasa coment\u00f3 sobre este hecho, al ser consultada por este medio: \u201cNos lleg\u00f3 la informaci\u00f3n de La Plata que hab\u00eda salido. Hac\u00eda mucho tiempo que lo estaban gestionando. Cuando nos mandaron el decreto fuimos a llev\u00e1rselo porque sab\u00edamos que les iba a dar una alegr\u00eda muy grande, es un tr\u00e1mite que llev\u00f3 mucho tiempo pero ha concluido por estos d\u00edas\u201d<\/p>\n<p>En referencia al expediente que se inici\u00f3 comuna resoluci\u00f3n de 2014, Lacasa valor\u00f3: \u201cLlega en un buen momento para afrontar los gastos que tienen, deben presentar papeles a\u00fan para obtener esta subvenci\u00f3n pero en un breve plazo ser\u00e1 un alivio\u201d.<\/p>\n<p>\u201cLos integrantes de la comunidad educativa estaban re contentos. Nosotros simplemente les acercamos el resultado en este decreto\u201d, destac\u00f3 Lacasa.<\/p>\n<p>Lo que se subvencionar\u00e1 al Jard\u00edn de Infantes DIEGEP 7940 del distrito de Mercedes ser\u00e1n los cargos de directora, maestra secretaria, dos maestras inicial y un preceptor a partir del 1 de junio de 2022.<\/p>\n<p><a href=\"https:\/\/noticiasmercedinas.com\/site\/wp-content\/uploads\/2022\/07\/JI-MADRE-ANTONIA-CERINI.-MERCEDES-Mario-Rivas-Diego-Martinez.pdf\">JI MADRE ANTONIA CERINI. MERCEDES- Mario Rivas- Diego Martinez<\/a><\/p>\n","protected":false},"excerpt":{"rendered":"<p>\u25a0 El Inicial de San Antonio, luego de un largo tr\u00e1mite, consigue subvenci\u00f3n para varios cargos. \u00abLlega en un buen momento para afrontar los gastos que tienen\u00bb, desatac\u00f3 D\u00e9bora Lacasa<\/p>\n","protected":false},"author":16,"featured_media":94522,"comment_status":"open","ping_status":"open","sticky":false,"template":"","format":"standard","meta":{"footnotes":""},"categories":[16],"tags":[5431,12446,12447,3643],"class_list":["post-94521","post","type-post","status-publish","format-standard","has-post-thumbnail","hentry","category-politica","tag-daniel-ivaldis","tag-debora-lacasa","tag-juntos","tag-san-antonio"],"yoast_head":"<!-- This site is optimized with the Yoast SEO plugin v27.4 - https:\/\/yoast.com\/product\/yoast-seo-wordpress\/ -->\n<title>Desde Juntos celebran aporte estatal al Jard\u00edn \u201cMadre Antonia Cerini\u201d<\/title>\n<meta name=\"robots\" content=\"index, follow, max-snippet:-1, max-image-preview:large, max-video-preview:-1\" \/>\n<link rel=\"canonical\" href=\"https:\/\/noticiasmercedinas.com\/site\/2022\/07\/04\/desde-juntos-celebran-aporte-estatal-al-jardin-madre-antonia-cerini\/\" \/>\n<meta property=\"og:locale\" content=\"es_ES\" \/>\n<meta property=\"og:type\" content=\"article\" \/>\n<meta property=\"og:title\" content=\"Desde Juntos celebran aporte estatal al Jard\u00edn \u201cMadre Antonia Cerini\u201d\" \/>\n<meta property=\"og:description\" content=\"\u25a0 El Inicial de San Antonio, luego de un largo tr\u00e1mite, consigue subvenci\u00f3n para varios cargos. &quot;Llega en un buen momento para afrontar los gastos que tienen&quot;, desatac\u00f3 D\u00e9bora Lacasa\" \/>\n<meta property=\"og:url\" content=\"https:\/\/noticiasmercedinas.com\/site\/2022\/07\/04\/desde-juntos-celebran-aporte-estatal-al-jardin-madre-antonia-cerini\/\" \/>\n<meta property=\"og:site_name\" content=\"NOTICIASMERCEDINAS.COM\" \/>\n<meta property=\"article:publisher\" content=\"https:\/\/www.facebook.com\/noticiasmercedinas\/\" \/>\n<meta property=\"article:published_time\" content=\"2022-07-04T23:03:35+00:00\" \/>\n<meta property=\"article:modified_time\" content=\"2022-07-04T23:04:43+00:00\" \/>\n<meta property=\"og:image\" content=\"https:\/\/noticiasmercedinas.com\/site\/wp-content\/uploads\/2022\/07\/290747044_10228901802234116_1461639501219526916_n.jpg\" \/>\n\t<meta property=\"og:image:width\" content=\"1440\" \/>\n\t<meta property=\"og:image:height\" content=\"810\" \/>\n\t<meta property=\"og:image:type\" content=\"image\/jpeg\" \/>\n<meta name=\"author\" content=\"NOTICIASMERCEDINAS.COM\" \/>\n<meta name=\"twitter:card\" content=\"summary_large_image\" \/>\n<meta name=\"twitter:creator\" content=\"@notmercedinas\" \/>\n<meta name=\"twitter:site\" content=\"@notmercedinas\" \/>\n<meta name=\"twitter:label1\" content=\"Escrito por\" \/>\n\t<meta name=\"twitter:data1\" content=\"NOTICIASMERCEDINAS.COM\" \/>\n\t<meta name=\"twitter:label2\" content=\"Tiempo de lectura\" \/>\n\t<meta name=\"twitter:data2\" content=\"2 minutos\" \/>\n<script type=\"application\/ld+json\" class=\"yoast-schema-graph\">{\"@context\":\"https:\\\/\\\/schema.org\",\"@graph\":[{\"@type\":\"Article\",\"@id\":\"https:\\\/\\\/noticiasmercedinas.com\\\/site\\\/2022\\\/07\\\/04\\\/desde-juntos-celebran-aporte-estatal-al-jardin-madre-antonia-cerini\\\/#article\",\"isPartOf\":{\"@id\":\"https:\\\/\\\/noticiasmercedinas.com\\\/site\\\/2022\\\/07\\\/04\\\/desde-juntos-celebran-aporte-estatal-al-jardin-madre-antonia-cerini\\\/\"},\"author\":{\"name\":\"NOTICIASMERCEDINAS.COM\",\"@id\":\"https:\\\/\\\/noticiasmercedinas.com\\\/site\\\/#\\\/schema\\\/person\\\/84b59c099c28ff2e8b77d4ceec5d8063\"},\"headline\":\"Desde Juntos celebran aporte estatal al Jard\u00edn \u201cMadre Antonia Cerini\u201d\",\"datePublished\":\"2022-07-04T23:03:35+00:00\",\"dateModified\":\"2022-07-04T23:04:43+00:00\",\"mainEntityOfPage\":{\"@id\":\"https:\\\/\\\/noticiasmercedinas.com\\\/site\\\/2022\\\/07\\\/04\\\/desde-juntos-celebran-aporte-estatal-al-jardin-madre-antonia-cerini\\\/\"},\"wordCount\":251,\"commentCount\":0,\"publisher\":{\"@id\":\"https:\\\/\\\/noticiasmercedinas.com\\\/site\\\/#organization\"},\"image\":{\"@id\":\"https:\\\/\\\/noticiasmercedinas.com\\\/site\\\/2022\\\/07\\\/04\\\/desde-juntos-celebran-aporte-estatal-al-jardin-madre-antonia-cerini\\\/#primaryimage\"},\"thumbnailUrl\":\"https:\\\/\\\/noticiasmercedinas.com\\\/site\\\/wp-content\\\/uploads\\\/2022\\\/07\\\/290747044_10228901802234116_1461639501219526916_n.jpg\",\"keywords\":[\"Daniel Ivaldis\",\"Debora Lacasa\",\"Juntos\",\"San Antonio\"],\"articleSection\":[\"Politica\"],\"inLanguage\":\"es\",\"potentialAction\":[{\"@type\":\"CommentAction\",\"name\":\"Comment\",\"target\":[\"https:\\\/\\\/noticiasmercedinas.com\\\/site\\\/2022\\\/07\\\/04\\\/desde-juntos-celebran-aporte-estatal-al-jardin-madre-antonia-cerini\\\/#respond\"]}]},{\"@type\":\"WebPage\",\"@id\":\"https:\\\/\\\/noticiasmercedinas.com\\\/site\\\/2022\\\/07\\\/04\\\/desde-juntos-celebran-aporte-estatal-al-jardin-madre-antonia-cerini\\\/\",\"url\":\"https:\\\/\\\/noticiasmercedinas.com\\\/site\\\/2022\\\/07\\\/04\\\/desde-juntos-celebran-aporte-estatal-al-jardin-madre-antonia-cerini\\\/\",\"name\":\"Desde Juntos celebran aporte estatal al Jard\u00edn \u201cMadre Antonia Cerini\u201d\",\"isPartOf\":{\"@id\":\"https:\\\/\\\/noticiasmercedinas.com\\\/site\\\/#website\"},\"primaryImageOfPage\":{\"@id\":\"https:\\\/\\\/noticiasmercedinas.com\\\/site\\\/2022\\\/07\\\/04\\\/desde-juntos-celebran-aporte-estatal-al-jardin-madre-antonia-cerini\\\/#primaryimage\"},\"image\":{\"@id\":\"https:\\\/\\\/noticiasmercedinas.com\\\/site\\\/2022\\\/07\\\/04\\\/desde-juntos-celebran-aporte-estatal-al-jardin-madre-antonia-cerini\\\/#primaryimage\"},\"thumbnailUrl\":\"https:\\\/\\\/noticiasmercedinas.com\\\/site\\\/wp-content\\\/uploads\\\/2022\\\/07\\\/290747044_10228901802234116_1461639501219526916_n.jpg\",\"datePublished\":\"2022-07-04T23:03:35+00:00\",\"dateModified\":\"2022-07-04T23:04:43+00:00\",\"breadcrumb\":{\"@id\":\"https:\\\/\\\/noticiasmercedinas.com\\\/site\\\/2022\\\/07\\\/04\\\/desde-juntos-celebran-aporte-estatal-al-jardin-madre-antonia-cerini\\\/#breadcrumb\"},\"inLanguage\":\"es\",\"potentialAction\":[{\"@type\":\"ReadAction\",\"target\":[\"https:\\\/\\\/noticiasmercedinas.com\\\/site\\\/2022\\\/07\\\/04\\\/desde-juntos-celebran-aporte-estatal-al-jardin-madre-antonia-cerini\\\/\"]}]},{\"@type\":\"ImageObject\",\"inLanguage\":\"es\",\"@id\":\"https:\\\/\\\/noticiasmercedinas.com\\\/site\\\/2022\\\/07\\\/04\\\/desde-juntos-celebran-aporte-estatal-al-jardin-madre-antonia-cerini\\\/#primaryimage\",\"url\":\"https:\\\/\\\/noticiasmercedinas.com\\\/site\\\/wp-content\\\/uploads\\\/2022\\\/07\\\/290747044_10228901802234116_1461639501219526916_n.jpg\",\"contentUrl\":\"https:\\\/\\\/noticiasmercedinas.com\\\/site\\\/wp-content\\\/uploads\\\/2022\\\/07\\\/290747044_10228901802234116_1461639501219526916_n.jpg\",\"width\":1440,\"height\":810},{\"@type\":\"BreadcrumbList\",\"@id\":\"https:\\\/\\\/noticiasmercedinas.com\\\/site\\\/2022\\\/07\\\/04\\\/desde-juntos-celebran-aporte-estatal-al-jardin-madre-antonia-cerini\\\/#breadcrumb\",\"itemListElement\":[{\"@type\":\"ListItem\",\"position\":1,\"name\":\"Portada\",\"item\":\"https:\\\/\\\/noticiasmercedinas.com\\\/site\\\/\"},{\"@type\":\"ListItem\",\"position\":2,\"name\":\"Desde Juntos celebran aporte estatal al Jard\u00edn \u201cMadre Antonia Cerini\u201d\"}]},{\"@type\":\"WebSite\",\"@id\":\"https:\\\/\\\/noticiasmercedinas.com\\\/site\\\/#website\",\"url\":\"https:\\\/\\\/noticiasmercedinas.com\\\/site\\\/\",\"name\":\"NOTICIASMERCEDINAS.COM\",\"description\":\"Mercedes, Buenos Aires, Argentina\",\"publisher\":{\"@id\":\"https:\\\/\\\/noticiasmercedinas.com\\\/site\\\/#organization\"},\"potentialAction\":[{\"@type\":\"SearchAction\",\"target\":{\"@type\":\"EntryPoint\",\"urlTemplate\":\"https:\\\/\\\/noticiasmercedinas.com\\\/site\\\/?s={search_term_string}\"},\"query-input\":{\"@type\":\"PropertyValueSpecification\",\"valueRequired\":true,\"valueName\":\"search_term_string\"}}],\"inLanguage\":\"es\"},{\"@type\":\"Organization\",\"@id\":\"https:\\\/\\\/noticiasmercedinas.com\\\/site\\\/#organization\",\"name\":\"NOTICIASMERCEDINAS.COM\",\"url\":\"https:\\\/\\\/noticiasmercedinas.com\\\/site\\\/\",\"logo\":{\"@type\":\"ImageObject\",\"inLanguage\":\"es\",\"@id\":\"https:\\\/\\\/noticiasmercedinas.com\\\/site\\\/#\\\/schema\\\/logo\\\/image\\\/\",\"url\":\"https:\\\/\\\/noticiasmercedinas.com\\\/site\\\/wp-content\\\/uploads\\\/2020\\\/06\\\/LOGO-512.jpg\",\"contentUrl\":\"https:\\\/\\\/noticiasmercedinas.com\\\/site\\\/wp-content\\\/uploads\\\/2020\\\/06\\\/LOGO-512.jpg\",\"width\":512,\"height\":512,\"caption\":\"NOTICIASMERCEDINAS.COM\"},\"image\":{\"@id\":\"https:\\\/\\\/noticiasmercedinas.com\\\/site\\\/#\\\/schema\\\/logo\\\/image\\\/\"},\"sameAs\":[\"https:\\\/\\\/www.facebook.com\\\/noticiasmercedinas\\\/\",\"https:\\\/\\\/x.com\\\/notmercedinas\",\"https:\\\/\\\/www.instagram.com\\\/noticiasmercedinas\\\/\"]},{\"@type\":\"Person\",\"@id\":\"https:\\\/\\\/noticiasmercedinas.com\\\/site\\\/#\\\/schema\\\/person\\\/84b59c099c28ff2e8b77d4ceec5d8063\",\"name\":\"NOTICIASMERCEDINAS.COM\",\"image\":{\"@type\":\"ImageObject\",\"inLanguage\":\"es\",\"@id\":\"https:\\\/\\\/secure.gravatar.com\\\/avatar\\\/4dfbf16b4d17945bfb6341b2d19043457132fcf478a5ee04f42e959fd8f5df0a?s=96&d=mm&r=g\",\"url\":\"https:\\\/\\\/secure.gravatar.com\\\/avatar\\\/4dfbf16b4d17945bfb6341b2d19043457132fcf478a5ee04f42e959fd8f5df0a?s=96&d=mm&r=g\",\"contentUrl\":\"https:\\\/\\\/secure.gravatar.com\\\/avatar\\\/4dfbf16b4d17945bfb6341b2d19043457132fcf478a5ee04f42e959fd8f5df0a?s=96&d=mm&r=g\",\"caption\":\"NOTICIASMERCEDINAS.COM\"},\"url\":\"https:\\\/\\\/noticiasmercedinas.com\\\/site\\\/author\\\/anonimo\\\/\"}]}<\/script>\n<!-- \/ Yoast SEO plugin. -->","yoast_head_json":{"title":"Desde Juntos celebran aporte estatal al Jard\u00edn \u201cMadre Antonia Cerini\u201d","robots":{"index":"index","follow":"follow","max-snippet":"max-snippet:-1","max-image-preview":"max-image-preview:large","max-video-preview":"max-video-preview:-1"},"canonical":"https:\/\/noticiasmercedinas.com\/site\/2022\/07\/04\/desde-juntos-celebran-aporte-estatal-al-jardin-madre-antonia-cerini\/","og_locale":"es_ES","og_type":"article","og_title":"Desde Juntos celebran aporte estatal al Jard\u00edn \u201cMadre Antonia Cerini\u201d","og_description":"\u25a0 El Inicial de San Antonio, luego de un largo tr\u00e1mite, consigue subvenci\u00f3n para varios cargos. \"Llega en un buen momento para afrontar los gastos que tienen\", desatac\u00f3 D\u00e9bora Lacasa","og_url":"https:\/\/noticiasmercedinas.com\/site\/2022\/07\/04\/desde-juntos-celebran-aporte-estatal-al-jardin-madre-antonia-cerini\/","og_site_name":"NOTICIASMERCEDINAS.COM","article_publisher":"https:\/\/www.facebook.com\/noticiasmercedinas\/","article_published_time":"2022-07-04T23:03:35+00:00","article_modified_time":"2022-07-04T23:04:43+00:00","og_image":[{"width":1440,"height":810,"url":"https:\/\/noticiasmercedinas.com\/site\/wp-content\/uploads\/2022\/07\/290747044_10228901802234116_1461639501219526916_n.jpg","type":"image\/jpeg"}],"author":"NOTICIASMERCEDINAS.COM","twitter_card":"summary_large_image","twitter_creator":"@notmercedinas","twitter_site":"@notmercedinas","twitter_misc":{"Escrito por":"NOTICIASMERCEDINAS.COM","Tiempo de lectura":"2 minutos"},"schema":{"@context":"https:\/\/schema.org","@graph":[{"@type":"Article","@id":"https:\/\/noticiasmercedinas.com\/site\/2022\/07\/04\/desde-juntos-celebran-aporte-estatal-al-jardin-madre-antonia-cerini\/#article","isPartOf":{"@id":"https:\/\/noticiasmercedinas.com\/site\/2022\/07\/04\/desde-juntos-celebran-aporte-estatal-al-jardin-madre-antonia-cerini\/"},"author":{"name":"NOTICIASMERCEDINAS.COM","@id":"https:\/\/noticiasmercedinas.com\/site\/#\/schema\/person\/84b59c099c28ff2e8b77d4ceec5d8063"},"headline":"Desde Juntos celebran aporte estatal al Jard\u00edn \u201cMadre Antonia Cerini\u201d","datePublished":"2022-07-04T23:03:35+00:00","dateModified":"2022-07-04T23:04:43+00:00","mainEntityOfPage":{"@id":"https:\/\/noticiasmercedinas.com\/site\/2022\/07\/04\/desde-juntos-celebran-aporte-estatal-al-jardin-madre-antonia-cerini\/"},"wordCount":251,"commentCount":0,"publisher":{"@id":"https:\/\/noticiasmercedinas.com\/site\/#organization"},"image":{"@id":"https:\/\/noticiasmercedinas.com\/site\/2022\/07\/04\/desde-juntos-celebran-aporte-estatal-al-jardin-madre-antonia-cerini\/#primaryimage"},"thumbnailUrl":"https:\/\/noticiasmercedinas.com\/site\/wp-content\/uploads\/2022\/07\/290747044_10228901802234116_1461639501219526916_n.jpg","keywords":["Daniel Ivaldis","Debora Lacasa","Juntos","San Antonio"],"articleSection":["Politica"],"inLanguage":"es","potentialAction":[{"@type":"CommentAction","name":"Comment","target":["https:\/\/noticiasmercedinas.com\/site\/2022\/07\/04\/desde-juntos-celebran-aporte-estatal-al-jardin-madre-antonia-cerini\/#respond"]}]},{"@type":"WebPage","@id":"https:\/\/noticiasmercedinas.com\/site\/2022\/07\/04\/desde-juntos-celebran-aporte-estatal-al-jardin-madre-antonia-cerini\/","url":"https:\/\/noticiasmercedinas.com\/site\/2022\/07\/04\/desde-juntos-celebran-aporte-estatal-al-jardin-madre-antonia-cerini\/","name":"Desde Juntos celebran aporte estatal al Jard\u00edn \u201cMadre Antonia Cerini\u201d","isPartOf":{"@id":"https:\/\/noticiasmercedinas.com\/site\/#website"},"primaryImageOfPage":{"@id":"https:\/\/noticiasmercedinas.com\/site\/2022\/07\/04\/desde-juntos-celebran-aporte-estatal-al-jardin-madre-antonia-cerini\/#primaryimage"},"image":{"@id":"https:\/\/noticiasmercedinas.com\/site\/2022\/07\/04\/desde-juntos-celebran-aporte-estatal-al-jardin-madre-antonia-cerini\/#primaryimage"},"thumbnailUrl":"https:\/\/noticiasmercedinas.com\/site\/wp-content\/uploads\/2022\/07\/290747044_10228901802234116_1461639501219526916_n.jpg","datePublished":"2022-07-04T23:03:35+00:00","dateModified":"2022-07-04T23:04:43+00:00","breadcrumb":{"@id":"https:\/\/noticiasmercedinas.com\/site\/2022\/07\/04\/desde-juntos-celebran-aporte-estatal-al-jardin-madre-antonia-cerini\/#breadcrumb"},"inLanguage":"es","potentialAction":[{"@type":"ReadAction","target":["https:\/\/noticiasmercedinas.com\/site\/2022\/07\/04\/desde-juntos-celebran-aporte-estatal-al-jardin-madre-antonia-cerini\/"]}]},{"@type":"ImageObject","inLanguage":"es","@id":"https:\/\/noticiasmercedinas.com\/site\/2022\/07\/04\/desde-juntos-celebran-aporte-estatal-al-jardin-madre-antonia-cerini\/#primaryimage","url":"https:\/\/noticiasmercedinas.com\/site\/wp-content\/uploads\/2022\/07\/290747044_10228901802234116_1461639501219526916_n.jpg","contentUrl":"https:\/\/noticiasmercedinas.com\/site\/wp-content\/uploads\/2022\/07\/290747044_10228901802234116_1461639501219526916_n.jpg","width":1440,"height":810},{"@type":"BreadcrumbList","@id":"https:\/\/noticiasmercedinas.com\/site\/2022\/07\/04\/desde-juntos-celebran-aporte-estatal-al-jardin-madre-antonia-cerini\/#breadcrumb","itemListElement":[{"@type":"ListItem","position":1,"name":"Portada","item":"https:\/\/noticiasmercedinas.com\/site\/"},{"@type":"ListItem","position":2,"name":"Desde Juntos celebran aporte estatal al Jard\u00edn \u201cMadre Antonia Cerini\u201d"}]},{"@type":"WebSite","@id":"https:\/\/noticiasmercedinas.com\/site\/#website","url":"https:\/\/noticiasmercedinas.com\/site\/","name":"NOTICIASMERCEDINAS.COM","description":"Mercedes, Buenos Aires, Argentina","publisher":{"@id":"https:\/\/noticiasmercedinas.com\/site\/#organization"},"potentialAction":[{"@type":"SearchAction","target":{"@type":"EntryPoint","urlTemplate":"https:\/\/noticiasmercedinas.com\/site\/?s={search_term_string}"},"query-input":{"@type":"PropertyValueSpecification","valueRequired":true,"valueName":"search_term_string"}}],"inLanguage":"es"},{"@type":"Organization","@id":"https:\/\/noticiasmercedinas.com\/site\/#organization","name":"NOTICIASMERCEDINAS.COM","url":"https:\/\/noticiasmercedinas.com\/site\/","logo":{"@type":"ImageObject","inLanguage":"es","@id":"https:\/\/noticiasmercedinas.com\/site\/#\/schema\/logo\/image\/","url":"https:\/\/noticiasmercedinas.com\/site\/wp-content\/uploads\/2020\/06\/LOGO-512.jpg","contentUrl":"https:\/\/noticiasmercedinas.com\/site\/wp-content\/uploads\/2020\/06\/LOGO-512.jpg","width":512,"height":512,"caption":"NOTICIASMERCEDINAS.COM"},"image":{"@id":"https:\/\/noticiasmercedinas.com\/site\/#\/schema\/logo\/image\/"},"sameAs":["https:\/\/www.facebook.com\/noticiasmercedinas\/","https:\/\/x.com\/notmercedinas","https:\/\/www.instagram.com\/noticiasmercedinas\/"]},{"@type":"Person","@id":"https:\/\/noticiasmercedinas.com\/site\/#\/schema\/person\/84b59c099c28ff2e8b77d4ceec5d8063","name":"NOTICIASMERCEDINAS.COM","image":{"@type":"ImageObject","inLanguage":"es","@id":"https:\/\/secure.gravatar.com\/avatar\/4dfbf16b4d17945bfb6341b2d19043457132fcf478a5ee04f42e959fd8f5df0a?s=96&d=mm&r=g","url":"https:\/\/secure.gravatar.com\/avatar\/4dfbf16b4d17945bfb6341b2d19043457132fcf478a5ee04f42e959fd8f5df0a?s=96&d=mm&r=g","contentUrl":"https:\/\/secure.gravatar.com\/avatar\/4dfbf16b4d17945bfb6341b2d19043457132fcf478a5ee04f42e959fd8f5df0a?s=96&d=mm&r=g","caption":"NOTICIASMERCEDINAS.COM"},"url":"https:\/\/noticiasmercedinas.com\/site\/author\/anonimo\/"}]}},"amp_enabled":true,"_links":{"self":[{"href":"https:\/\/noticiasmercedinas.com\/site\/wp-json\/wp\/v2\/posts\/94521","targetHints":{"allow":["GET"]}}],"collection":[{"href":"https:\/\/noticiasmercedinas.com\/site\/wp-json\/wp\/v2\/posts"}],"about":[{"href":"https:\/\/noticiasmercedinas.com\/site\/wp-json\/wp\/v2\/types\/post"}],"author":[{"embeddable":true,"href":"https:\/\/noticiasmercedinas.com\/site\/wp-json\/wp\/v2\/users\/16"}],"replies":[{"embeddable":true,"href":"https:\/\/noticiasmercedinas.com\/site\/wp-json\/wp\/v2\/comments?post=94521"}],"version-history":[{"count":1,"href":"https:\/\/noticiasmercedinas.com\/site\/wp-json\/wp\/v2\/posts\/94521\/revisions"}],"predecessor-version":[{"id":94524,"href":"https:\/\/noticiasmercedinas.com\/site\/wp-json\/wp\/v2\/posts\/94521\/revisions\/94524"}],"wp:featuredmedia":[{"embeddable":true,"href":"https:\/\/noticiasmercedinas.com\/site\/wp-json\/wp\/v2\/media\/94522"}],"wp:attachment":[{"href":"https:\/\/noticiasmercedinas.com\/site\/wp-json\/wp\/v2\/media?parent=94521"}],"wp:term":[{"taxonomy":"category","embeddable":true,"href":"https:\/\/noticiasmercedinas.com\/site\/wp-json\/wp\/v2\/categories?post=94521"},{"taxonomy":"post_tag","embeddable":true,"href":"https:\/\/noticiasmercedinas.com\/site\/wp-json\/wp\/v2\/tags?post=94521"}],"curies":[{"name":"wp","href":"https:\/\/api.w.org\/{rel}","templated":true}]}}