{"id":94600,"date":"2022-07-05T18:11:11","date_gmt":"2022-07-05T21:11:11","guid":{"rendered":"https:\/\/noticiasmercedinas.com\/site\/?p=94600"},"modified":"2022-07-05T18:11:11","modified_gmt":"2022-07-05T21:11:11","slug":"bronquiolitis-en-la-infancia-como-prevenirla","status":"publish","type":"post","link":"https:\/\/noticiasmercedinas.com\/site\/2022\/07\/05\/bronquiolitis-en-la-infancia-como-prevenirla\/","title":{"rendered":"Bronquiolitis en la infancia: \u00bfc\u00f3mo prevenirla?"},"content":{"rendered":"<p><img loading=\"lazy\" decoding=\"async\" class=\"alignnone size-full wp-image-94601\" src=\"https:\/\/noticiasmercedinas.com\/site\/wp-content\/uploads\/2022\/07\/bronquiolitis_imagen-2.webp\" alt=\"\" width=\"680\" height=\"370\" srcset=\"https:\/\/noticiasmercedinas.com\/site\/wp-content\/uploads\/2022\/07\/bronquiolitis_imagen-2.webp 680w, https:\/\/noticiasmercedinas.com\/site\/wp-content\/uploads\/2022\/07\/bronquiolitis_imagen-2-300x163.webp 300w, https:\/\/noticiasmercedinas.com\/site\/wp-content\/uploads\/2022\/07\/bronquiolitis_imagen-2-640x348.webp 640w\" sizes=\"auto, (max-width: 680px) 100vw, 680px\" \/><\/p>\n<p>La bronquiolitis es una de las enfermedades m\u00e1s comunes en la infancia y es m\u00e1s recurrente en \u00e9pocas de bajas temperaturas. La Dra. Valeria El Haj, Directora M\u00e9dica Nacional de OSPEDYC, desarrolla sobre la patolog\u00eda y explica c\u00f3mo prevenirla.<\/p>\n<p>Ante la aparici\u00f3n de los primeros d\u00edas de fr\u00edo invernal aumenta el riesgo de contraer algunas enfermedades respiratorias causadas por virus o bacterias que afectan sobre todo a los ni\u00f1os: gripe, faringitis, amigdalitis, otitis, laringitis, neumon\u00eda y bronquiolitis son algunas de las patolog\u00edas m\u00e1s comunes que comprometen la salud de los m\u00e1s peque\u00f1os.<\/p>\n<p>El riesgo de enfermar en esta \u00e9poca del a\u00f1o aumenta por diferentes motivos, uno de ellos es que las defensas naturales del cuerpo bajan y, por otro lado, ciertos virus, como por ejemplo el de la gripe, resisten al fr\u00edo y pueden trasladarse con mayor facilidad de una persona a otra. \u201cUn factor clave que facilita el contagio de estas enfermedades es la contaminaci\u00f3n domiciliaria, provocada por la falta de ventilaci\u00f3n, la permanencia prolongada en espacios cerrados y el contacto de los ni\u00f1os con personas adultas o enfermas\u201d, explica la Dra. Valeria El Haj, Directora M\u00e9dica Nacional de OSPEDYC.<\/p>\n<p><strong>\u00bfCu\u00e1les son los s\u00edntomas m\u00e1s frecuentes de la bronquiolitis?<\/strong><\/p>\n<p>La bronquiolitis es una infecci\u00f3n respiratoria aguda que ocurre con mayor frecuencia en los meses de oto\u00f1o-invierno y afecta sobre todo a los menores de 1 a\u00f1o. Puede ser causada por distintos virus; el m\u00e1s com\u00fan es el Virus Sincicial Respiratorio (VSR).<\/p>\n<p>Los signos y s\u00edntomas iniciales son: catarro, congesti\u00f3n nasal, tos y fiebre leve que puede no estar presente. Cuando el virus avanza, se pueden comprometer las v\u00edas a\u00e9reas m\u00e1s peque\u00f1as, generando la inflamaci\u00f3n de los bronquiolos y provocando distintos grados de dificultad respiratoria.<\/p>\n<p>Es muy importante solicitar una consulta m\u00e9dica de urgencia, si se observa respiraci\u00f3n r\u00e1pida, aleteo de la nariz, hundimiento entre las costillas al respirar, quejido respiratorio, rechazo a la alimentaci\u00f3n o presencia de color azulado en la piel, u\u00f1as o labios.<\/p>\n<p>Asimismo, existen grupos de mayor riesgo, entre ellos los ni\u00f1os menores de 3 meses, los reci\u00e9n nacidos prematuros y aquellos que tienen problemas cr\u00f3nicos de salud, como cardiopat\u00eda y enfermedades pulmonares cr\u00f3nicas o autoinmunes.<\/p>\n<p><strong>\u00bfCu\u00e1l es el tratamiento de esta enfermedad?<\/strong><\/p>\n<p>\u201cNo existe un tratamiento espec\u00edfico para este virus. La buena evoluci\u00f3n de los pacientes depender\u00e1 del mantenimiento de una adecuada oxigenaci\u00f3n y de las medidas de apoyo respiratorio que se adopten, como la suplementaci\u00f3n de ox\u00edgeno mediante c\u00e1nulas, mascarillas u otros m\u00e9todos seg\u00fan indicaci\u00f3n m\u00e9dica\u201d, se\u00f1ala la Dra. El Haj.<\/p>\n<p>Adem\u00e1s, se debe asegurar una correcta hidrataci\u00f3n y alimentaci\u00f3n del paciente, y el tratamiento de cualquier complicaci\u00f3n que pudiera surgir en la evoluci\u00f3n que dura aproximadamente unas dos semanas.<\/p>\n<p>Hoy en d\u00eda se dispone de un anticuerpo especial que se aplica durante los meses del invierno, para prevenir internaciones en los ni\u00f1os menores de 1 a\u00f1o que fueron prematuros de muy bajo peso al nacer y en aquellos con cardiopat\u00edas cong\u00e9nitas.<\/p>\n<p><strong>\u00bfC\u00f3mo se puede prevenir la bronquiolitis?<\/strong><\/p>\n<p>La profesional de OSPEDYC desarrolla que, las infecciones respiratorias frecuentes en ni\u00f1os peque\u00f1os, tales como la bronquiolitis, se pueden prevenir adoptando las siguientes medidas:<\/p>\n<p>\u25cf Mantener la lactancia materna.<\/p>\n<p>\u25cf Cumplir con el Calendario Nacional de Vacunaci\u00f3n.<\/p>\n<p>\u25cf No exponer a los ni\u00f1os al humo del cigarrillo ni de braseros o estufas a le\u00f1a.<\/p>\n<p>\u25cf Higienizar frecuentemente, con agua y jab\u00f3n, los elementos del beb\u00e9 (chupetes, juguetes) y las superficies donde se lo cambia o donde se preparan sus alimentos.<\/p>\n<p>\u25cf Practicar el lavado de manos frecuente, a los ni\u00f1os y a los convivientes, con agua y jab\u00f3n. Se puede reforzar la higiene con alcohol en gel.<\/p>\n<p>\u25cf Ventilar los ambientes de la casa al menos una vez al d\u00eda.<\/p>\n<p>\u25cf Mantener alejados a los beb\u00e9s de las personas que est\u00e1n resfriadas o tienen tos.<\/p>\n<p>\u25cf Si los cuidadores principales tienen alguna infecci\u00f3n de las v\u00edas respiratorias deben lavarse las manos, especialmente antes de alzar, cambiar o alimentar al beb\u00e9. Pueden usar el tapaboca como medida de apoyo, para evitar el contagio por secreciones.<\/p>\n<p>\u25cf No se debe colocar tapabocas en los ni\u00f1os menores de 2 a\u00f1os.<\/p>\n<p>\u25cf En los ni\u00f1os con m\u00e1s riesgo de bronquiolitis grave (menores de 3 meses, prematuros, con enfermedades cr\u00f3nicas) no est\u00e1 recomendada la asistencia al jard\u00edn maternal.<\/p>\n<p>Los virus que causan infecci\u00f3n respiratoria aguda se transmiten de una persona a otra por el contacto directo entre las manos y superficies contaminadas, y a trav\u00e9s de las secreciones nasales o las gotitas de saliva que viajan por el aire cuando una persona enferma habla, estornuda o tose.<\/p>\n<p><strong>Pron\u00f3stico de los ni\u00f1os que desarrollan esta enfermedad<\/strong><\/p>\n<p>\u201cEl pron\u00f3stico de la mayor\u00eda de los ni\u00f1os que desarrollan bronquiolitis aguda es muy bueno con una mortalidad &lt; 1%. La mortalidad de los ni\u00f1os previamente sanos es muy baja, pero en aquellos con factores de riesgo es elevada, habiendo llegado en cardiopat\u00edas cong\u00e9nitas al 37%, aunque actualmente y gracias a los avances en las t\u00e9cnicas de soporte es &lt; 4, finaliza la especialista de OSPEDYC. Y agrega que, \u201cla morbilidad a largo plazo es muy variable pero algunas publicaciones sugieren que entre el 30 y el 60% de los ni\u00f1os con bronquiolitis desarrollan tos y sibilancias en los a\u00f1os subsecuentes\u201d.<\/p>\n<p><strong>Sobre OSPEDYC<\/strong><\/p>\n<p>OSPEDYC es una obra social con origen en UTEDYC &#8211; Uni\u00f3n Trabajadores de Entidades Deportivas y Civiles -,creada con el objetivo de brindar una nueva alternativa de seguridad social orientada a satisfacer las necesidades de las personas beneficiarias; convirti\u00e9ndose, gracias al compromiso con la salud y el bienestar, en una de las obras sociales m\u00e1s importantes del pa\u00eds.<\/p>\n<p>Con m\u00e1s de 120 mil personas afiliadas, 12 Centros M\u00e9dicos Propios y un desarrollo continuo en materia de infraestructura, servicios, equipamiento tecnol\u00f3gico y recursos humanos, OSPEDYC sigue creciendo sobre los pilares de la solidaridad y pol\u00edticas de mejoras contin\u00faas centradas en las personas beneficiarias, dando respuesta a todos los segmentos de la poblaci\u00f3n a trav\u00e9s de la m\u00e1s amplia cobertura nacional. M\u00e1s informaci\u00f3n en: https:\/\/www.ospedyc.org.ar\/<\/p>\n","protected":false},"excerpt":{"rendered":"<p>La bronquiolitis es una de las enfermedades m\u00e1s comunes en la infancia y es m\u00e1s recurrente en \u00e9pocas de bajas temperaturas. La Dra. Valeria El Haj, Directora M\u00e9dica Nacional de OSPEDYC, desarrolla sobre la patolog\u00eda y explica c\u00f3mo prevenirla. Ante la aparici\u00f3n de los primeros d\u00edas de fr\u00edo invernal aumenta el riesgo de contraer algunas [&hellip;]<\/p>\n","protected":false},"author":16,"featured_media":94601,"comment_status":"open","ping_status":"open","sticky":false,"template":"","format":"standard","meta":{"footnotes":""},"categories":[8992],"tags":[14778,12470,71],"class_list":["post-94600","post","type-post","status-publish","format-standard","has-post-thumbnail","hentry","category-bienestar","tag-bronquiolitis","tag-ospedyc","tag-salud"],"yoast_head":"<!-- This site is optimized with the Yoast SEO plugin v27.5 - https:\/\/yoast.com\/product\/yoast-seo-wordpress\/ -->\n<title>Bronquiolitis en la infancia: \u00bfc\u00f3mo prevenirla?<\/title>\n<meta name=\"robots\" content=\"index, follow, max-snippet:-1, max-image-preview:large, max-video-preview:-1\" \/>\n<link rel=\"canonical\" href=\"https:\/\/noticiasmercedinas.com\/site\/2022\/07\/05\/bronquiolitis-en-la-infancia-como-prevenirla\/\" \/>\n<meta property=\"og:locale\" content=\"es_ES\" \/>\n<meta property=\"og:type\" content=\"article\" \/>\n<meta property=\"og:title\" content=\"Bronquiolitis en la infancia: \u00bfc\u00f3mo prevenirla?\" \/>\n<meta property=\"og:description\" content=\"La bronquiolitis es una de las enfermedades m\u00e1s comunes en la infancia y es m\u00e1s recurrente en \u00e9pocas de bajas temperaturas. La Dra. Valeria El Haj, Directora M\u00e9dica Nacional de OSPEDYC, desarrolla sobre la patolog\u00eda y explica c\u00f3mo prevenirla. Ante la aparici\u00f3n de los primeros d\u00edas de fr\u00edo invernal aumenta el riesgo de contraer algunas [&hellip;]\" \/>\n<meta property=\"og:url\" content=\"https:\/\/noticiasmercedinas.com\/site\/2022\/07\/05\/bronquiolitis-en-la-infancia-como-prevenirla\/\" \/>\n<meta property=\"og:site_name\" content=\"NOTICIASMERCEDINAS.COM\" \/>\n<meta property=\"article:publisher\" content=\"https:\/\/www.facebook.com\/noticiasmercedinas\/\" \/>\n<meta property=\"article:published_time\" content=\"2022-07-05T21:11:11+00:00\" \/>\n<meta property=\"og:image\" content=\"https:\/\/noticiasmercedinas.com\/site\/wp-content\/uploads\/2022\/07\/bronquiolitis_imagen-2.webp\" \/>\n\t<meta property=\"og:image:width\" content=\"680\" \/>\n\t<meta property=\"og:image:height\" content=\"370\" \/>\n\t<meta property=\"og:image:type\" content=\"image\/webp\" \/>\n<meta name=\"author\" content=\"NOTICIASMERCEDINAS.COM\" \/>\n<meta name=\"twitter:card\" content=\"summary_large_image\" \/>\n<meta name=\"twitter:creator\" content=\"@notmercedinas\" \/>\n<meta name=\"twitter:site\" content=\"@notmercedinas\" \/>\n<meta name=\"twitter:label1\" content=\"Escrito por\" \/>\n\t<meta name=\"twitter:data1\" content=\"NOTICIASMERCEDINAS.COM\" \/>\n\t<meta name=\"twitter:label2\" content=\"Tiempo de lectura\" \/>\n\t<meta name=\"twitter:data2\" content=\"5 minutos\" \/>\n<script type=\"application\/ld+json\" class=\"yoast-schema-graph\">{\"@context\":\"https:\\\/\\\/schema.org\",\"@graph\":[{\"@type\":\"Article\",\"@id\":\"https:\\\/\\\/noticiasmercedinas.com\\\/site\\\/2022\\\/07\\\/05\\\/bronquiolitis-en-la-infancia-como-prevenirla\\\/#article\",\"isPartOf\":{\"@id\":\"https:\\\/\\\/noticiasmercedinas.com\\\/site\\\/2022\\\/07\\\/05\\\/bronquiolitis-en-la-infancia-como-prevenirla\\\/\"},\"author\":{\"name\":\"NOTICIASMERCEDINAS.COM\",\"@id\":\"https:\\\/\\\/noticiasmercedinas.com\\\/site\\\/#\\\/schema\\\/person\\\/84b59c099c28ff2e8b77d4ceec5d8063\"},\"headline\":\"Bronquiolitis en la infancia: \u00bfc\u00f3mo prevenirla?\",\"datePublished\":\"2022-07-05T21:11:11+00:00\",\"mainEntityOfPage\":{\"@id\":\"https:\\\/\\\/noticiasmercedinas.com\\\/site\\\/2022\\\/07\\\/05\\\/bronquiolitis-en-la-infancia-como-prevenirla\\\/\"},\"wordCount\":1094,\"commentCount\":0,\"publisher\":{\"@id\":\"https:\\\/\\\/noticiasmercedinas.com\\\/site\\\/#organization\"},\"image\":{\"@id\":\"https:\\\/\\\/noticiasmercedinas.com\\\/site\\\/2022\\\/07\\\/05\\\/bronquiolitis-en-la-infancia-como-prevenirla\\\/#primaryimage\"},\"thumbnailUrl\":\"https:\\\/\\\/noticiasmercedinas.com\\\/site\\\/wp-content\\\/uploads\\\/2022\\\/07\\\/bronquiolitis_imagen-2.webp\",\"keywords\":[\"bronquiolitis\",\"OSPEDYC\",\"salud\"],\"articleSection\":[\"Bienestar\"],\"inLanguage\":\"es\",\"potentialAction\":[{\"@type\":\"CommentAction\",\"name\":\"Comment\",\"target\":[\"https:\\\/\\\/noticiasmercedinas.com\\\/site\\\/2022\\\/07\\\/05\\\/bronquiolitis-en-la-infancia-como-prevenirla\\\/#respond\"]}]},{\"@type\":\"WebPage\",\"@id\":\"https:\\\/\\\/noticiasmercedinas.com\\\/site\\\/2022\\\/07\\\/05\\\/bronquiolitis-en-la-infancia-como-prevenirla\\\/\",\"url\":\"https:\\\/\\\/noticiasmercedinas.com\\\/site\\\/2022\\\/07\\\/05\\\/bronquiolitis-en-la-infancia-como-prevenirla\\\/\",\"name\":\"Bronquiolitis en la infancia: \u00bfc\u00f3mo prevenirla?\",\"isPartOf\":{\"@id\":\"https:\\\/\\\/noticiasmercedinas.com\\\/site\\\/#website\"},\"primaryImageOfPage\":{\"@id\":\"https:\\\/\\\/noticiasmercedinas.com\\\/site\\\/2022\\\/07\\\/05\\\/bronquiolitis-en-la-infancia-como-prevenirla\\\/#primaryimage\"},\"image\":{\"@id\":\"https:\\\/\\\/noticiasmercedinas.com\\\/site\\\/2022\\\/07\\\/05\\\/bronquiolitis-en-la-infancia-como-prevenirla\\\/#primaryimage\"},\"thumbnailUrl\":\"https:\\\/\\\/noticiasmercedinas.com\\\/site\\\/wp-content\\\/uploads\\\/2022\\\/07\\\/bronquiolitis_imagen-2.webp\",\"datePublished\":\"2022-07-05T21:11:11+00:00\",\"breadcrumb\":{\"@id\":\"https:\\\/\\\/noticiasmercedinas.com\\\/site\\\/2022\\\/07\\\/05\\\/bronquiolitis-en-la-infancia-como-prevenirla\\\/#breadcrumb\"},\"inLanguage\":\"es\",\"potentialAction\":[{\"@type\":\"ReadAction\",\"target\":[\"https:\\\/\\\/noticiasmercedinas.com\\\/site\\\/2022\\\/07\\\/05\\\/bronquiolitis-en-la-infancia-como-prevenirla\\\/\"]}]},{\"@type\":\"ImageObject\",\"inLanguage\":\"es\",\"@id\":\"https:\\\/\\\/noticiasmercedinas.com\\\/site\\\/2022\\\/07\\\/05\\\/bronquiolitis-en-la-infancia-como-prevenirla\\\/#primaryimage\",\"url\":\"https:\\\/\\\/noticiasmercedinas.com\\\/site\\\/wp-content\\\/uploads\\\/2022\\\/07\\\/bronquiolitis_imagen-2.webp\",\"contentUrl\":\"https:\\\/\\\/noticiasmercedinas.com\\\/site\\\/wp-content\\\/uploads\\\/2022\\\/07\\\/bronquiolitis_imagen-2.webp\",\"width\":680,\"height\":370},{\"@type\":\"BreadcrumbList\",\"@id\":\"https:\\\/\\\/noticiasmercedinas.com\\\/site\\\/2022\\\/07\\\/05\\\/bronquiolitis-en-la-infancia-como-prevenirla\\\/#breadcrumb\",\"itemListElement\":[{\"@type\":\"ListItem\",\"position\":1,\"name\":\"Portada\",\"item\":\"https:\\\/\\\/noticiasmercedinas.com\\\/site\\\/\"},{\"@type\":\"ListItem\",\"position\":2,\"name\":\"Bronquiolitis en la infancia: \u00bfc\u00f3mo prevenirla?\"}]},{\"@type\":\"WebSite\",\"@id\":\"https:\\\/\\\/noticiasmercedinas.com\\\/site\\\/#website\",\"url\":\"https:\\\/\\\/noticiasmercedinas.com\\\/site\\\/\",\"name\":\"NOTICIASMERCEDINAS.COM\",\"description\":\"Mercedes, Buenos Aires, Argentina\",\"publisher\":{\"@id\":\"https:\\\/\\\/noticiasmercedinas.com\\\/site\\\/#organization\"},\"potentialAction\":[{\"@type\":\"SearchAction\",\"target\":{\"@type\":\"EntryPoint\",\"urlTemplate\":\"https:\\\/\\\/noticiasmercedinas.com\\\/site\\\/?s={search_term_string}\"},\"query-input\":{\"@type\":\"PropertyValueSpecification\",\"valueRequired\":true,\"valueName\":\"search_term_string\"}}],\"inLanguage\":\"es\"},{\"@type\":\"Organization\",\"@id\":\"https:\\\/\\\/noticiasmercedinas.com\\\/site\\\/#organization\",\"name\":\"NOTICIASMERCEDINAS.COM\",\"url\":\"https:\\\/\\\/noticiasmercedinas.com\\\/site\\\/\",\"logo\":{\"@type\":\"ImageObject\",\"inLanguage\":\"es\",\"@id\":\"https:\\\/\\\/noticiasmercedinas.com\\\/site\\\/#\\\/schema\\\/logo\\\/image\\\/\",\"url\":\"https:\\\/\\\/noticiasmercedinas.com\\\/site\\\/wp-content\\\/uploads\\\/2020\\\/06\\\/LOGO-512.jpg\",\"contentUrl\":\"https:\\\/\\\/noticiasmercedinas.com\\\/site\\\/wp-content\\\/uploads\\\/2020\\\/06\\\/LOGO-512.jpg\",\"width\":512,\"height\":512,\"caption\":\"NOTICIASMERCEDINAS.COM\"},\"image\":{\"@id\":\"https:\\\/\\\/noticiasmercedinas.com\\\/site\\\/#\\\/schema\\\/logo\\\/image\\\/\"},\"sameAs\":[\"https:\\\/\\\/www.facebook.com\\\/noticiasmercedinas\\\/\",\"https:\\\/\\\/x.com\\\/notmercedinas\",\"https:\\\/\\\/www.instagram.com\\\/noticiasmercedinas\\\/\"]},{\"@type\":\"Person\",\"@id\":\"https:\\\/\\\/noticiasmercedinas.com\\\/site\\\/#\\\/schema\\\/person\\\/84b59c099c28ff2e8b77d4ceec5d8063\",\"name\":\"NOTICIASMERCEDINAS.COM\",\"image\":{\"@type\":\"ImageObject\",\"inLanguage\":\"es\",\"@id\":\"https:\\\/\\\/secure.gravatar.com\\\/avatar\\\/4dfbf16b4d17945bfb6341b2d19043457132fcf478a5ee04f42e959fd8f5df0a?s=96&d=mm&r=g\",\"url\":\"https:\\\/\\\/secure.gravatar.com\\\/avatar\\\/4dfbf16b4d17945bfb6341b2d19043457132fcf478a5ee04f42e959fd8f5df0a?s=96&d=mm&r=g\",\"contentUrl\":\"https:\\\/\\\/secure.gravatar.com\\\/avatar\\\/4dfbf16b4d17945bfb6341b2d19043457132fcf478a5ee04f42e959fd8f5df0a?s=96&d=mm&r=g\",\"caption\":\"NOTICIASMERCEDINAS.COM\"},\"url\":\"https:\\\/\\\/noticiasmercedinas.com\\\/site\\\/author\\\/anonimo\\\/\"}]}<\/script>\n<!-- \/ Yoast SEO plugin. -->","yoast_head_json":{"title":"Bronquiolitis en la infancia: \u00bfc\u00f3mo prevenirla?","robots":{"index":"index","follow":"follow","max-snippet":"max-snippet:-1","max-image-preview":"max-image-preview:large","max-video-preview":"max-video-preview:-1"},"canonical":"https:\/\/noticiasmercedinas.com\/site\/2022\/07\/05\/bronquiolitis-en-la-infancia-como-prevenirla\/","og_locale":"es_ES","og_type":"article","og_title":"Bronquiolitis en la infancia: \u00bfc\u00f3mo prevenirla?","og_description":"La bronquiolitis es una de las enfermedades m\u00e1s comunes en la infancia y es m\u00e1s recurrente en \u00e9pocas de bajas temperaturas. La Dra. Valeria El Haj, Directora M\u00e9dica Nacional de OSPEDYC, desarrolla sobre la patolog\u00eda y explica c\u00f3mo prevenirla. Ante la aparici\u00f3n de los primeros d\u00edas de fr\u00edo invernal aumenta el riesgo de contraer algunas [&hellip;]","og_url":"https:\/\/noticiasmercedinas.com\/site\/2022\/07\/05\/bronquiolitis-en-la-infancia-como-prevenirla\/","og_site_name":"NOTICIASMERCEDINAS.COM","article_publisher":"https:\/\/www.facebook.com\/noticiasmercedinas\/","article_published_time":"2022-07-05T21:11:11+00:00","og_image":[{"width":680,"height":370,"url":"https:\/\/noticiasmercedinas.com\/site\/wp-content\/uploads\/2022\/07\/bronquiolitis_imagen-2.webp","type":"image\/webp"}],"author":"NOTICIASMERCEDINAS.COM","twitter_card":"summary_large_image","twitter_creator":"@notmercedinas","twitter_site":"@notmercedinas","twitter_misc":{"Escrito por":"NOTICIASMERCEDINAS.COM","Tiempo de lectura":"5 minutos"},"schema":{"@context":"https:\/\/schema.org","@graph":[{"@type":"Article","@id":"https:\/\/noticiasmercedinas.com\/site\/2022\/07\/05\/bronquiolitis-en-la-infancia-como-prevenirla\/#article","isPartOf":{"@id":"https:\/\/noticiasmercedinas.com\/site\/2022\/07\/05\/bronquiolitis-en-la-infancia-como-prevenirla\/"},"author":{"name":"NOTICIASMERCEDINAS.COM","@id":"https:\/\/noticiasmercedinas.com\/site\/#\/schema\/person\/84b59c099c28ff2e8b77d4ceec5d8063"},"headline":"Bronquiolitis en la infancia: \u00bfc\u00f3mo prevenirla?","datePublished":"2022-07-05T21:11:11+00:00","mainEntityOfPage":{"@id":"https:\/\/noticiasmercedinas.com\/site\/2022\/07\/05\/bronquiolitis-en-la-infancia-como-prevenirla\/"},"wordCount":1094,"commentCount":0,"publisher":{"@id":"https:\/\/noticiasmercedinas.com\/site\/#organization"},"image":{"@id":"https:\/\/noticiasmercedinas.com\/site\/2022\/07\/05\/bronquiolitis-en-la-infancia-como-prevenirla\/#primaryimage"},"thumbnailUrl":"https:\/\/noticiasmercedinas.com\/site\/wp-content\/uploads\/2022\/07\/bronquiolitis_imagen-2.webp","keywords":["bronquiolitis","OSPEDYC","salud"],"articleSection":["Bienestar"],"inLanguage":"es","potentialAction":[{"@type":"CommentAction","name":"Comment","target":["https:\/\/noticiasmercedinas.com\/site\/2022\/07\/05\/bronquiolitis-en-la-infancia-como-prevenirla\/#respond"]}]},{"@type":"WebPage","@id":"https:\/\/noticiasmercedinas.com\/site\/2022\/07\/05\/bronquiolitis-en-la-infancia-como-prevenirla\/","url":"https:\/\/noticiasmercedinas.com\/site\/2022\/07\/05\/bronquiolitis-en-la-infancia-como-prevenirla\/","name":"Bronquiolitis en la infancia: \u00bfc\u00f3mo prevenirla?","isPartOf":{"@id":"https:\/\/noticiasmercedinas.com\/site\/#website"},"primaryImageOfPage":{"@id":"https:\/\/noticiasmercedinas.com\/site\/2022\/07\/05\/bronquiolitis-en-la-infancia-como-prevenirla\/#primaryimage"},"image":{"@id":"https:\/\/noticiasmercedinas.com\/site\/2022\/07\/05\/bronquiolitis-en-la-infancia-como-prevenirla\/#primaryimage"},"thumbnailUrl":"https:\/\/noticiasmercedinas.com\/site\/wp-content\/uploads\/2022\/07\/bronquiolitis_imagen-2.webp","datePublished":"2022-07-05T21:11:11+00:00","breadcrumb":{"@id":"https:\/\/noticiasmercedinas.com\/site\/2022\/07\/05\/bronquiolitis-en-la-infancia-como-prevenirla\/#breadcrumb"},"inLanguage":"es","potentialAction":[{"@type":"ReadAction","target":["https:\/\/noticiasmercedinas.com\/site\/2022\/07\/05\/bronquiolitis-en-la-infancia-como-prevenirla\/"]}]},{"@type":"ImageObject","inLanguage":"es","@id":"https:\/\/noticiasmercedinas.com\/site\/2022\/07\/05\/bronquiolitis-en-la-infancia-como-prevenirla\/#primaryimage","url":"https:\/\/noticiasmercedinas.com\/site\/wp-content\/uploads\/2022\/07\/bronquiolitis_imagen-2.webp","contentUrl":"https:\/\/noticiasmercedinas.com\/site\/wp-content\/uploads\/2022\/07\/bronquiolitis_imagen-2.webp","width":680,"height":370},{"@type":"BreadcrumbList","@id":"https:\/\/noticiasmercedinas.com\/site\/2022\/07\/05\/bronquiolitis-en-la-infancia-como-prevenirla\/#breadcrumb","itemListElement":[{"@type":"ListItem","position":1,"name":"Portada","item":"https:\/\/noticiasmercedinas.com\/site\/"},{"@type":"ListItem","position":2,"name":"Bronquiolitis en la infancia: \u00bfc\u00f3mo prevenirla?"}]},{"@type":"WebSite","@id":"https:\/\/noticiasmercedinas.com\/site\/#website","url":"https:\/\/noticiasmercedinas.com\/site\/","name":"NOTICIASMERCEDINAS.COM","description":"Mercedes, Buenos Aires, Argentina","publisher":{"@id":"https:\/\/noticiasmercedinas.com\/site\/#organization"},"potentialAction":[{"@type":"SearchAction","target":{"@type":"EntryPoint","urlTemplate":"https:\/\/noticiasmercedinas.com\/site\/?s={search_term_string}"},"query-input":{"@type":"PropertyValueSpecification","valueRequired":true,"valueName":"search_term_string"}}],"inLanguage":"es"},{"@type":"Organization","@id":"https:\/\/noticiasmercedinas.com\/site\/#organization","name":"NOTICIASMERCEDINAS.COM","url":"https:\/\/noticiasmercedinas.com\/site\/","logo":{"@type":"ImageObject","inLanguage":"es","@id":"https:\/\/noticiasmercedinas.com\/site\/#\/schema\/logo\/image\/","url":"https:\/\/noticiasmercedinas.com\/site\/wp-content\/uploads\/2020\/06\/LOGO-512.jpg","contentUrl":"https:\/\/noticiasmercedinas.com\/site\/wp-content\/uploads\/2020\/06\/LOGO-512.jpg","width":512,"height":512,"caption":"NOTICIASMERCEDINAS.COM"},"image":{"@id":"https:\/\/noticiasmercedinas.com\/site\/#\/schema\/logo\/image\/"},"sameAs":["https:\/\/www.facebook.com\/noticiasmercedinas\/","https:\/\/x.com\/notmercedinas","https:\/\/www.instagram.com\/noticiasmercedinas\/"]},{"@type":"Person","@id":"https:\/\/noticiasmercedinas.com\/site\/#\/schema\/person\/84b59c099c28ff2e8b77d4ceec5d8063","name":"NOTICIASMERCEDINAS.COM","image":{"@type":"ImageObject","inLanguage":"es","@id":"https:\/\/secure.gravatar.com\/avatar\/4dfbf16b4d17945bfb6341b2d19043457132fcf478a5ee04f42e959fd8f5df0a?s=96&d=mm&r=g","url":"https:\/\/secure.gravatar.com\/avatar\/4dfbf16b4d17945bfb6341b2d19043457132fcf478a5ee04f42e959fd8f5df0a?s=96&d=mm&r=g","contentUrl":"https:\/\/secure.gravatar.com\/avatar\/4dfbf16b4d17945bfb6341b2d19043457132fcf478a5ee04f42e959fd8f5df0a?s=96&d=mm&r=g","caption":"NOTICIASMERCEDINAS.COM"},"url":"https:\/\/noticiasmercedinas.com\/site\/author\/anonimo\/"}]}},"amp_enabled":true,"_links":{"self":[{"href":"https:\/\/noticiasmercedinas.com\/site\/wp-json\/wp\/v2\/posts\/94600","targetHints":{"allow":["GET"]}}],"collection":[{"href":"https:\/\/noticiasmercedinas.com\/site\/wp-json\/wp\/v2\/posts"}],"about":[{"href":"https:\/\/noticiasmercedinas.com\/site\/wp-json\/wp\/v2\/types\/post"}],"author":[{"embeddable":true,"href":"https:\/\/noticiasmercedinas.com\/site\/wp-json\/wp\/v2\/users\/16"}],"replies":[{"embeddable":true,"href":"https:\/\/noticiasmercedinas.com\/site\/wp-json\/wp\/v2\/comments?post=94600"}],"version-history":[{"count":1,"href":"https:\/\/noticiasmercedinas.com\/site\/wp-json\/wp\/v2\/posts\/94600\/revisions"}],"predecessor-version":[{"id":94602,"href":"https:\/\/noticiasmercedinas.com\/site\/wp-json\/wp\/v2\/posts\/94600\/revisions\/94602"}],"wp:featuredmedia":[{"embeddable":true,"href":"https:\/\/noticiasmercedinas.com\/site\/wp-json\/wp\/v2\/media\/94601"}],"wp:attachment":[{"href":"https:\/\/noticiasmercedinas.com\/site\/wp-json\/wp\/v2\/media?parent=94600"}],"wp:term":[{"taxonomy":"category","embeddable":true,"href":"https:\/\/noticiasmercedinas.com\/site\/wp-json\/wp\/v2\/categories?post=94600"},{"taxonomy":"post_tag","embeddable":true,"href":"https:\/\/noticiasmercedinas.com\/site\/wp-json\/wp\/v2\/tags?post=94600"}],"curies":[{"name":"wp","href":"https:\/\/api.w.org\/{rel}","templated":true}]}}