{"id":94729,"date":"2022-07-08T07:49:19","date_gmt":"2022-07-08T10:49:19","guid":{"rendered":"https:\/\/noticiasmercedinas.com\/site\/?p=94729"},"modified":"2022-07-08T07:49:19","modified_gmt":"2022-07-08T10:49:19","slug":"se-reunio-la-mesa-regional-de-produccion-con-presencia-local","status":"publish","type":"post","link":"https:\/\/noticiasmercedinas.com\/site\/2022\/07\/08\/se-reunio-la-mesa-regional-de-produccion-con-presencia-local\/","title":{"rendered":"Se reuni\u00f3 la Mesa Regional de Producci\u00f3n, con presencia local"},"content":{"rendered":"<p><img loading=\"lazy\" decoding=\"async\" class=\"alignnone size-large wp-image-94730\" src=\"https:\/\/noticiasmercedinas.com\/site\/wp-content\/uploads\/2022\/07\/WhatsApp-Image-2022-07-07-at-1.44.28-PM-1024x768.jpeg\" alt=\"\" width=\"640\" height=\"480\" srcset=\"https:\/\/noticiasmercedinas.com\/site\/wp-content\/uploads\/2022\/07\/WhatsApp-Image-2022-07-07-at-1.44.28-PM-1024x768.jpeg 1024w, https:\/\/noticiasmercedinas.com\/site\/wp-content\/uploads\/2022\/07\/WhatsApp-Image-2022-07-07-at-1.44.28-PM-300x225.jpeg 300w, https:\/\/noticiasmercedinas.com\/site\/wp-content\/uploads\/2022\/07\/WhatsApp-Image-2022-07-07-at-1.44.28-PM-768x576.jpeg 768w, https:\/\/noticiasmercedinas.com\/site\/wp-content\/uploads\/2022\/07\/WhatsApp-Image-2022-07-07-at-1.44.28-PM-80x60.jpeg 80w, https:\/\/noticiasmercedinas.com\/site\/wp-content\/uploads\/2022\/07\/WhatsApp-Image-2022-07-07-at-1.44.28-PM-160x120.jpeg 160w, https:\/\/noticiasmercedinas.com\/site\/wp-content\/uploads\/2022\/07\/WhatsApp-Image-2022-07-07-at-1.44.28-PM-100x75.jpeg 100w, https:\/\/noticiasmercedinas.com\/site\/wp-content\/uploads\/2022\/07\/WhatsApp-Image-2022-07-07-at-1.44.28-PM-200x150.jpeg 200w, https:\/\/noticiasmercedinas.com\/site\/wp-content\/uploads\/2022\/07\/WhatsApp-Image-2022-07-07-at-1.44.28-PM-180x135.jpeg 180w, https:\/\/noticiasmercedinas.com\/site\/wp-content\/uploads\/2022\/07\/WhatsApp-Image-2022-07-07-at-1.44.28-PM-360x270.jpeg 360w, https:\/\/noticiasmercedinas.com\/site\/wp-content\/uploads\/2022\/07\/WhatsApp-Image-2022-07-07-at-1.44.28-PM-238x178.jpeg 238w, https:\/\/noticiasmercedinas.com\/site\/wp-content\/uploads\/2022\/07\/WhatsApp-Image-2022-07-07-at-1.44.28-PM-476x356.jpeg 476w, https:\/\/noticiasmercedinas.com\/site\/wp-content\/uploads\/2022\/07\/WhatsApp-Image-2022-07-07-at-1.44.28-PM-640x480.jpeg 640w, https:\/\/noticiasmercedinas.com\/site\/wp-content\/uploads\/2022\/07\/WhatsApp-Image-2022-07-07-at-1.44.28-PM-681x511.jpeg 681w, https:\/\/noticiasmercedinas.com\/site\/wp-content\/uploads\/2022\/07\/WhatsApp-Image-2022-07-07-at-1.44.28-PM.jpeg 1040w\" sizes=\"auto, (max-width: 640px) 100vw, 640px\" \/><\/p>\n<p>En la jornada de este jueves 7, el m\u00e1ximo responsable del \u00e1rea de Producci\u00f3n de la Municipalidad de Mercedes, <strong>Patricio Ballesty<\/strong>, fue parte de un encuentro de la Mesa Regional de Producci\u00f3n, que tuvo lugar en la ciudad de Carlos Casares.<\/p>\n<p>La reuni\u00f3n fue encabezada por la Subsecretaria de Industria, Pymes y Cooperativas, <strong>Mariela Bembi<\/strong> y el Director Provincial de Desarrollo Territorial y Pymes, <strong>Ariel Aguilar<\/strong>, junto a integrantes de distintos organismos provinciales.<\/p>\n<p>Estuvieron representados los municipios de Alberti, Bragado, Carlos Casares, Chivilcoy, General Las Heras, General Viamonte, Mercedes, Navarro, Nueve de Julio, Pehuaj\u00f3, Pellegrini, Salliquel\u00f3, Suipacha, Trenque Lauquen y Tres Lomas.<\/p>\n<p>Se supo que la actividad conjunta sirvi\u00f3 para que se volcaran inquietudes relacionadas con los temas productivos de cada uno de los distritos.<\/p>\n<p><img loading=\"lazy\" decoding=\"async\" class=\"alignnone size-full wp-image-94731\" src=\"https:\/\/noticiasmercedinas.com\/site\/wp-content\/uploads\/2022\/07\/casares-1.jpeg\" alt=\"\" width=\"777\" height=\"424\" srcset=\"https:\/\/noticiasmercedinas.com\/site\/wp-content\/uploads\/2022\/07\/casares-1.jpeg 777w, https:\/\/noticiasmercedinas.com\/site\/wp-content\/uploads\/2022\/07\/casares-1-300x164.jpeg 300w, https:\/\/noticiasmercedinas.com\/site\/wp-content\/uploads\/2022\/07\/casares-1-768x419.jpeg 768w, https:\/\/noticiasmercedinas.com\/site\/wp-content\/uploads\/2022\/07\/casares-1-640x349.jpeg 640w, https:\/\/noticiasmercedinas.com\/site\/wp-content\/uploads\/2022\/07\/casares-1-681x372.jpeg 681w\" sizes=\"auto, (max-width: 777px) 100vw, 777px\" \/><\/p>\n","protected":false},"excerpt":{"rendered":"<p>\u25a0 El m\u00e1ximo responsable del \u00e1rea de Producci\u00f3n de la Municipalidad, Patricio Ballesty, fue parte de un encuentro de la Mesa Regional de Producci\u00f3n, que tuvo lugar en la ciudad de Carlos Casares.<\/p>\n","protected":false},"author":16,"featured_media":94730,"comment_status":"open","ping_status":"open","sticky":false,"template":"","format":"standard","meta":{"footnotes":""},"categories":[3],"tags":[2741,1869,1872,203,5626,6773,23,253,5634,11279,404,1873,32,2982,1095,1334,2294],"class_list":["post-94729","post","type-post","status-publish","format-standard","has-post-thumbnail","hentry","category-sociedad","tag-alberti","tag-bragado","tag-carlos-casares","tag-chivilcoy","tag-general-las-heras","tag-general-viamonte","tag-mercedes","tag-navarro","tag-nueve-de-julio","tag-patricio-ballesty","tag-pehuajo","tag-pellegrini","tag-produccion","tag-salliquelo","tag-suipacha","tag-trenque-lauquen","tag-tres-lomas"],"yoast_head":"<!-- This site is optimized with the Yoast SEO plugin v27.4 - https:\/\/yoast.com\/product\/yoast-seo-wordpress\/ -->\n<title>Se reuni\u00f3 la Mesa Regional de Producci\u00f3n, con presencia local<\/title>\n<meta name=\"robots\" content=\"index, follow, max-snippet:-1, max-image-preview:large, max-video-preview:-1\" \/>\n<link rel=\"canonical\" href=\"https:\/\/noticiasmercedinas.com\/site\/2022\/07\/08\/se-reunio-la-mesa-regional-de-produccion-con-presencia-local\/\" \/>\n<meta property=\"og:locale\" content=\"es_ES\" \/>\n<meta property=\"og:type\" content=\"article\" \/>\n<meta property=\"og:title\" content=\"Se reuni\u00f3 la Mesa Regional de Producci\u00f3n, con presencia local\" \/>\n<meta property=\"og:description\" content=\"\u25a0 El m\u00e1ximo responsable del \u00e1rea de Producci\u00f3n de la Municipalidad, Patricio Ballesty, fue parte de un encuentro de la Mesa Regional de Producci\u00f3n, que tuvo lugar en la ciudad de Carlos Casares.\" \/>\n<meta property=\"og:url\" content=\"https:\/\/noticiasmercedinas.com\/site\/2022\/07\/08\/se-reunio-la-mesa-regional-de-produccion-con-presencia-local\/\" \/>\n<meta property=\"og:site_name\" content=\"NOTICIASMERCEDINAS.COM\" \/>\n<meta property=\"article:publisher\" content=\"https:\/\/www.facebook.com\/noticiasmercedinas\/\" \/>\n<meta property=\"article:published_time\" content=\"2022-07-08T10:49:19+00:00\" \/>\n<meta property=\"og:image\" content=\"https:\/\/noticiasmercedinas.com\/site\/wp-content\/uploads\/2022\/07\/WhatsApp-Image-2022-07-07-at-1.44.28-PM.jpeg\" \/>\n\t<meta property=\"og:image:width\" content=\"1040\" \/>\n\t<meta property=\"og:image:height\" content=\"780\" \/>\n\t<meta property=\"og:image:type\" content=\"image\/jpeg\" \/>\n<meta name=\"author\" content=\"NOTICIASMERCEDINAS.COM\" \/>\n<meta name=\"twitter:card\" content=\"summary_large_image\" \/>\n<meta name=\"twitter:creator\" content=\"@notmercedinas\" \/>\n<meta name=\"twitter:site\" content=\"@notmercedinas\" \/>\n<meta name=\"twitter:label1\" content=\"Escrito por\" \/>\n\t<meta name=\"twitter:data1\" content=\"NOTICIASMERCEDINAS.COM\" \/>\n\t<meta name=\"twitter:label2\" content=\"Tiempo de lectura\" \/>\n\t<meta name=\"twitter:data2\" content=\"1 minuto\" \/>\n<script type=\"application\/ld+json\" class=\"yoast-schema-graph\">{\"@context\":\"https:\\\/\\\/schema.org\",\"@graph\":[{\"@type\":\"Article\",\"@id\":\"https:\\\/\\\/noticiasmercedinas.com\\\/site\\\/2022\\\/07\\\/08\\\/se-reunio-la-mesa-regional-de-produccion-con-presencia-local\\\/#article\",\"isPartOf\":{\"@id\":\"https:\\\/\\\/noticiasmercedinas.com\\\/site\\\/2022\\\/07\\\/08\\\/se-reunio-la-mesa-regional-de-produccion-con-presencia-local\\\/\"},\"author\":{\"name\":\"NOTICIASMERCEDINAS.COM\",\"@id\":\"https:\\\/\\\/noticiasmercedinas.com\\\/site\\\/#\\\/schema\\\/person\\\/84b59c099c28ff2e8b77d4ceec5d8063\"},\"headline\":\"Se reuni\u00f3 la Mesa Regional de Producci\u00f3n, con presencia local\",\"datePublished\":\"2022-07-08T10:49:19+00:00\",\"mainEntityOfPage\":{\"@id\":\"https:\\\/\\\/noticiasmercedinas.com\\\/site\\\/2022\\\/07\\\/08\\\/se-reunio-la-mesa-regional-de-produccion-con-presencia-local\\\/\"},\"wordCount\":139,\"commentCount\":0,\"publisher\":{\"@id\":\"https:\\\/\\\/noticiasmercedinas.com\\\/site\\\/#organization\"},\"image\":{\"@id\":\"https:\\\/\\\/noticiasmercedinas.com\\\/site\\\/2022\\\/07\\\/08\\\/se-reunio-la-mesa-regional-de-produccion-con-presencia-local\\\/#primaryimage\"},\"thumbnailUrl\":\"https:\\\/\\\/noticiasmercedinas.com\\\/site\\\/wp-content\\\/uploads\\\/2022\\\/07\\\/WhatsApp-Image-2022-07-07-at-1.44.28-PM.jpeg\",\"keywords\":[\"Alberti\",\"Bragado\",\"carlos casares\",\"chivilcoy\",\"General Las Heras\",\"General Viamonte\",\"mercedes\",\"navarro\",\"Nueve de Julio\",\"patricio ballesty\",\"pehuajo\",\"pellegrini\",\"produccion\",\"Salliquel\u00f3\",\"suipacha\",\"trenque lauquen\",\"Tres Lomas\"],\"articleSection\":[\"Sociedad\"],\"inLanguage\":\"es\",\"potentialAction\":[{\"@type\":\"CommentAction\",\"name\":\"Comment\",\"target\":[\"https:\\\/\\\/noticiasmercedinas.com\\\/site\\\/2022\\\/07\\\/08\\\/se-reunio-la-mesa-regional-de-produccion-con-presencia-local\\\/#respond\"]}]},{\"@type\":\"WebPage\",\"@id\":\"https:\\\/\\\/noticiasmercedinas.com\\\/site\\\/2022\\\/07\\\/08\\\/se-reunio-la-mesa-regional-de-produccion-con-presencia-local\\\/\",\"url\":\"https:\\\/\\\/noticiasmercedinas.com\\\/site\\\/2022\\\/07\\\/08\\\/se-reunio-la-mesa-regional-de-produccion-con-presencia-local\\\/\",\"name\":\"Se reuni\u00f3 la Mesa Regional de Producci\u00f3n, con presencia local\",\"isPartOf\":{\"@id\":\"https:\\\/\\\/noticiasmercedinas.com\\\/site\\\/#website\"},\"primaryImageOfPage\":{\"@id\":\"https:\\\/\\\/noticiasmercedinas.com\\\/site\\\/2022\\\/07\\\/08\\\/se-reunio-la-mesa-regional-de-produccion-con-presencia-local\\\/#primaryimage\"},\"image\":{\"@id\":\"https:\\\/\\\/noticiasmercedinas.com\\\/site\\\/2022\\\/07\\\/08\\\/se-reunio-la-mesa-regional-de-produccion-con-presencia-local\\\/#primaryimage\"},\"thumbnailUrl\":\"https:\\\/\\\/noticiasmercedinas.com\\\/site\\\/wp-content\\\/uploads\\\/2022\\\/07\\\/WhatsApp-Image-2022-07-07-at-1.44.28-PM.jpeg\",\"datePublished\":\"2022-07-08T10:49:19+00:00\",\"breadcrumb\":{\"@id\":\"https:\\\/\\\/noticiasmercedinas.com\\\/site\\\/2022\\\/07\\\/08\\\/se-reunio-la-mesa-regional-de-produccion-con-presencia-local\\\/#breadcrumb\"},\"inLanguage\":\"es\",\"potentialAction\":[{\"@type\":\"ReadAction\",\"target\":[\"https:\\\/\\\/noticiasmercedinas.com\\\/site\\\/2022\\\/07\\\/08\\\/se-reunio-la-mesa-regional-de-produccion-con-presencia-local\\\/\"]}]},{\"@type\":\"ImageObject\",\"inLanguage\":\"es\",\"@id\":\"https:\\\/\\\/noticiasmercedinas.com\\\/site\\\/2022\\\/07\\\/08\\\/se-reunio-la-mesa-regional-de-produccion-con-presencia-local\\\/#primaryimage\",\"url\":\"https:\\\/\\\/noticiasmercedinas.com\\\/site\\\/wp-content\\\/uploads\\\/2022\\\/07\\\/WhatsApp-Image-2022-07-07-at-1.44.28-PM.jpeg\",\"contentUrl\":\"https:\\\/\\\/noticiasmercedinas.com\\\/site\\\/wp-content\\\/uploads\\\/2022\\\/07\\\/WhatsApp-Image-2022-07-07-at-1.44.28-PM.jpeg\",\"width\":1040,\"height\":780},{\"@type\":\"BreadcrumbList\",\"@id\":\"https:\\\/\\\/noticiasmercedinas.com\\\/site\\\/2022\\\/07\\\/08\\\/se-reunio-la-mesa-regional-de-produccion-con-presencia-local\\\/#breadcrumb\",\"itemListElement\":[{\"@type\":\"ListItem\",\"position\":1,\"name\":\"Portada\",\"item\":\"https:\\\/\\\/noticiasmercedinas.com\\\/site\\\/\"},{\"@type\":\"ListItem\",\"position\":2,\"name\":\"Se reuni\u00f3 la Mesa Regional de Producci\u00f3n, con presencia local\"}]},{\"@type\":\"WebSite\",\"@id\":\"https:\\\/\\\/noticiasmercedinas.com\\\/site\\\/#website\",\"url\":\"https:\\\/\\\/noticiasmercedinas.com\\\/site\\\/\",\"name\":\"NOTICIASMERCEDINAS.COM\",\"description\":\"Mercedes, Buenos Aires, Argentina\",\"publisher\":{\"@id\":\"https:\\\/\\\/noticiasmercedinas.com\\\/site\\\/#organization\"},\"potentialAction\":[{\"@type\":\"SearchAction\",\"target\":{\"@type\":\"EntryPoint\",\"urlTemplate\":\"https:\\\/\\\/noticiasmercedinas.com\\\/site\\\/?s={search_term_string}\"},\"query-input\":{\"@type\":\"PropertyValueSpecification\",\"valueRequired\":true,\"valueName\":\"search_term_string\"}}],\"inLanguage\":\"es\"},{\"@type\":\"Organization\",\"@id\":\"https:\\\/\\\/noticiasmercedinas.com\\\/site\\\/#organization\",\"name\":\"NOTICIASMERCEDINAS.COM\",\"url\":\"https:\\\/\\\/noticiasmercedinas.com\\\/site\\\/\",\"logo\":{\"@type\":\"ImageObject\",\"inLanguage\":\"es\",\"@id\":\"https:\\\/\\\/noticiasmercedinas.com\\\/site\\\/#\\\/schema\\\/logo\\\/image\\\/\",\"url\":\"https:\\\/\\\/noticiasmercedinas.com\\\/site\\\/wp-content\\\/uploads\\\/2020\\\/06\\\/LOGO-512.jpg\",\"contentUrl\":\"https:\\\/\\\/noticiasmercedinas.com\\\/site\\\/wp-content\\\/uploads\\\/2020\\\/06\\\/LOGO-512.jpg\",\"width\":512,\"height\":512,\"caption\":\"NOTICIASMERCEDINAS.COM\"},\"image\":{\"@id\":\"https:\\\/\\\/noticiasmercedinas.com\\\/site\\\/#\\\/schema\\\/logo\\\/image\\\/\"},\"sameAs\":[\"https:\\\/\\\/www.facebook.com\\\/noticiasmercedinas\\\/\",\"https:\\\/\\\/x.com\\\/notmercedinas\",\"https:\\\/\\\/www.instagram.com\\\/noticiasmercedinas\\\/\"]},{\"@type\":\"Person\",\"@id\":\"https:\\\/\\\/noticiasmercedinas.com\\\/site\\\/#\\\/schema\\\/person\\\/84b59c099c28ff2e8b77d4ceec5d8063\",\"name\":\"NOTICIASMERCEDINAS.COM\",\"image\":{\"@type\":\"ImageObject\",\"inLanguage\":\"es\",\"@id\":\"https:\\\/\\\/secure.gravatar.com\\\/avatar\\\/4dfbf16b4d17945bfb6341b2d19043457132fcf478a5ee04f42e959fd8f5df0a?s=96&d=mm&r=g\",\"url\":\"https:\\\/\\\/secure.gravatar.com\\\/avatar\\\/4dfbf16b4d17945bfb6341b2d19043457132fcf478a5ee04f42e959fd8f5df0a?s=96&d=mm&r=g\",\"contentUrl\":\"https:\\\/\\\/secure.gravatar.com\\\/avatar\\\/4dfbf16b4d17945bfb6341b2d19043457132fcf478a5ee04f42e959fd8f5df0a?s=96&d=mm&r=g\",\"caption\":\"NOTICIASMERCEDINAS.COM\"},\"url\":\"https:\\\/\\\/noticiasmercedinas.com\\\/site\\\/author\\\/anonimo\\\/\"}]}<\/script>\n<!-- \/ Yoast SEO plugin. -->","yoast_head_json":{"title":"Se reuni\u00f3 la Mesa Regional de Producci\u00f3n, con presencia local","robots":{"index":"index","follow":"follow","max-snippet":"max-snippet:-1","max-image-preview":"max-image-preview:large","max-video-preview":"max-video-preview:-1"},"canonical":"https:\/\/noticiasmercedinas.com\/site\/2022\/07\/08\/se-reunio-la-mesa-regional-de-produccion-con-presencia-local\/","og_locale":"es_ES","og_type":"article","og_title":"Se reuni\u00f3 la Mesa Regional de Producci\u00f3n, con presencia local","og_description":"\u25a0 El m\u00e1ximo responsable del \u00e1rea de Producci\u00f3n de la Municipalidad, Patricio Ballesty, fue parte de un encuentro de la Mesa Regional de Producci\u00f3n, que tuvo lugar en la ciudad de Carlos Casares.","og_url":"https:\/\/noticiasmercedinas.com\/site\/2022\/07\/08\/se-reunio-la-mesa-regional-de-produccion-con-presencia-local\/","og_site_name":"NOTICIASMERCEDINAS.COM","article_publisher":"https:\/\/www.facebook.com\/noticiasmercedinas\/","article_published_time":"2022-07-08T10:49:19+00:00","og_image":[{"width":1040,"height":780,"url":"https:\/\/noticiasmercedinas.com\/site\/wp-content\/uploads\/2022\/07\/WhatsApp-Image-2022-07-07-at-1.44.28-PM.jpeg","type":"image\/jpeg"}],"author":"NOTICIASMERCEDINAS.COM","twitter_card":"summary_large_image","twitter_creator":"@notmercedinas","twitter_site":"@notmercedinas","twitter_misc":{"Escrito por":"NOTICIASMERCEDINAS.COM","Tiempo de lectura":"1 minuto"},"schema":{"@context":"https:\/\/schema.org","@graph":[{"@type":"Article","@id":"https:\/\/noticiasmercedinas.com\/site\/2022\/07\/08\/se-reunio-la-mesa-regional-de-produccion-con-presencia-local\/#article","isPartOf":{"@id":"https:\/\/noticiasmercedinas.com\/site\/2022\/07\/08\/se-reunio-la-mesa-regional-de-produccion-con-presencia-local\/"},"author":{"name":"NOTICIASMERCEDINAS.COM","@id":"https:\/\/noticiasmercedinas.com\/site\/#\/schema\/person\/84b59c099c28ff2e8b77d4ceec5d8063"},"headline":"Se reuni\u00f3 la Mesa Regional de Producci\u00f3n, con presencia local","datePublished":"2022-07-08T10:49:19+00:00","mainEntityOfPage":{"@id":"https:\/\/noticiasmercedinas.com\/site\/2022\/07\/08\/se-reunio-la-mesa-regional-de-produccion-con-presencia-local\/"},"wordCount":139,"commentCount":0,"publisher":{"@id":"https:\/\/noticiasmercedinas.com\/site\/#organization"},"image":{"@id":"https:\/\/noticiasmercedinas.com\/site\/2022\/07\/08\/se-reunio-la-mesa-regional-de-produccion-con-presencia-local\/#primaryimage"},"thumbnailUrl":"https:\/\/noticiasmercedinas.com\/site\/wp-content\/uploads\/2022\/07\/WhatsApp-Image-2022-07-07-at-1.44.28-PM.jpeg","keywords":["Alberti","Bragado","carlos casares","chivilcoy","General Las Heras","General Viamonte","mercedes","navarro","Nueve de Julio","patricio ballesty","pehuajo","pellegrini","produccion","Salliquel\u00f3","suipacha","trenque lauquen","Tres Lomas"],"articleSection":["Sociedad"],"inLanguage":"es","potentialAction":[{"@type":"CommentAction","name":"Comment","target":["https:\/\/noticiasmercedinas.com\/site\/2022\/07\/08\/se-reunio-la-mesa-regional-de-produccion-con-presencia-local\/#respond"]}]},{"@type":"WebPage","@id":"https:\/\/noticiasmercedinas.com\/site\/2022\/07\/08\/se-reunio-la-mesa-regional-de-produccion-con-presencia-local\/","url":"https:\/\/noticiasmercedinas.com\/site\/2022\/07\/08\/se-reunio-la-mesa-regional-de-produccion-con-presencia-local\/","name":"Se reuni\u00f3 la Mesa Regional de Producci\u00f3n, con presencia local","isPartOf":{"@id":"https:\/\/noticiasmercedinas.com\/site\/#website"},"primaryImageOfPage":{"@id":"https:\/\/noticiasmercedinas.com\/site\/2022\/07\/08\/se-reunio-la-mesa-regional-de-produccion-con-presencia-local\/#primaryimage"},"image":{"@id":"https:\/\/noticiasmercedinas.com\/site\/2022\/07\/08\/se-reunio-la-mesa-regional-de-produccion-con-presencia-local\/#primaryimage"},"thumbnailUrl":"https:\/\/noticiasmercedinas.com\/site\/wp-content\/uploads\/2022\/07\/WhatsApp-Image-2022-07-07-at-1.44.28-PM.jpeg","datePublished":"2022-07-08T10:49:19+00:00","breadcrumb":{"@id":"https:\/\/noticiasmercedinas.com\/site\/2022\/07\/08\/se-reunio-la-mesa-regional-de-produccion-con-presencia-local\/#breadcrumb"},"inLanguage":"es","potentialAction":[{"@type":"ReadAction","target":["https:\/\/noticiasmercedinas.com\/site\/2022\/07\/08\/se-reunio-la-mesa-regional-de-produccion-con-presencia-local\/"]}]},{"@type":"ImageObject","inLanguage":"es","@id":"https:\/\/noticiasmercedinas.com\/site\/2022\/07\/08\/se-reunio-la-mesa-regional-de-produccion-con-presencia-local\/#primaryimage","url":"https:\/\/noticiasmercedinas.com\/site\/wp-content\/uploads\/2022\/07\/WhatsApp-Image-2022-07-07-at-1.44.28-PM.jpeg","contentUrl":"https:\/\/noticiasmercedinas.com\/site\/wp-content\/uploads\/2022\/07\/WhatsApp-Image-2022-07-07-at-1.44.28-PM.jpeg","width":1040,"height":780},{"@type":"BreadcrumbList","@id":"https:\/\/noticiasmercedinas.com\/site\/2022\/07\/08\/se-reunio-la-mesa-regional-de-produccion-con-presencia-local\/#breadcrumb","itemListElement":[{"@type":"ListItem","position":1,"name":"Portada","item":"https:\/\/noticiasmercedinas.com\/site\/"},{"@type":"ListItem","position":2,"name":"Se reuni\u00f3 la Mesa Regional de Producci\u00f3n, con presencia local"}]},{"@type":"WebSite","@id":"https:\/\/noticiasmercedinas.com\/site\/#website","url":"https:\/\/noticiasmercedinas.com\/site\/","name":"NOTICIASMERCEDINAS.COM","description":"Mercedes, Buenos Aires, Argentina","publisher":{"@id":"https:\/\/noticiasmercedinas.com\/site\/#organization"},"potentialAction":[{"@type":"SearchAction","target":{"@type":"EntryPoint","urlTemplate":"https:\/\/noticiasmercedinas.com\/site\/?s={search_term_string}"},"query-input":{"@type":"PropertyValueSpecification","valueRequired":true,"valueName":"search_term_string"}}],"inLanguage":"es"},{"@type":"Organization","@id":"https:\/\/noticiasmercedinas.com\/site\/#organization","name":"NOTICIASMERCEDINAS.COM","url":"https:\/\/noticiasmercedinas.com\/site\/","logo":{"@type":"ImageObject","inLanguage":"es","@id":"https:\/\/noticiasmercedinas.com\/site\/#\/schema\/logo\/image\/","url":"https:\/\/noticiasmercedinas.com\/site\/wp-content\/uploads\/2020\/06\/LOGO-512.jpg","contentUrl":"https:\/\/noticiasmercedinas.com\/site\/wp-content\/uploads\/2020\/06\/LOGO-512.jpg","width":512,"height":512,"caption":"NOTICIASMERCEDINAS.COM"},"image":{"@id":"https:\/\/noticiasmercedinas.com\/site\/#\/schema\/logo\/image\/"},"sameAs":["https:\/\/www.facebook.com\/noticiasmercedinas\/","https:\/\/x.com\/notmercedinas","https:\/\/www.instagram.com\/noticiasmercedinas\/"]},{"@type":"Person","@id":"https:\/\/noticiasmercedinas.com\/site\/#\/schema\/person\/84b59c099c28ff2e8b77d4ceec5d8063","name":"NOTICIASMERCEDINAS.COM","image":{"@type":"ImageObject","inLanguage":"es","@id":"https:\/\/secure.gravatar.com\/avatar\/4dfbf16b4d17945bfb6341b2d19043457132fcf478a5ee04f42e959fd8f5df0a?s=96&d=mm&r=g","url":"https:\/\/secure.gravatar.com\/avatar\/4dfbf16b4d17945bfb6341b2d19043457132fcf478a5ee04f42e959fd8f5df0a?s=96&d=mm&r=g","contentUrl":"https:\/\/secure.gravatar.com\/avatar\/4dfbf16b4d17945bfb6341b2d19043457132fcf478a5ee04f42e959fd8f5df0a?s=96&d=mm&r=g","caption":"NOTICIASMERCEDINAS.COM"},"url":"https:\/\/noticiasmercedinas.com\/site\/author\/anonimo\/"}]}},"amp_enabled":true,"_links":{"self":[{"href":"https:\/\/noticiasmercedinas.com\/site\/wp-json\/wp\/v2\/posts\/94729","targetHints":{"allow":["GET"]}}],"collection":[{"href":"https:\/\/noticiasmercedinas.com\/site\/wp-json\/wp\/v2\/posts"}],"about":[{"href":"https:\/\/noticiasmercedinas.com\/site\/wp-json\/wp\/v2\/types\/post"}],"author":[{"embeddable":true,"href":"https:\/\/noticiasmercedinas.com\/site\/wp-json\/wp\/v2\/users\/16"}],"replies":[{"embeddable":true,"href":"https:\/\/noticiasmercedinas.com\/site\/wp-json\/wp\/v2\/comments?post=94729"}],"version-history":[{"count":1,"href":"https:\/\/noticiasmercedinas.com\/site\/wp-json\/wp\/v2\/posts\/94729\/revisions"}],"predecessor-version":[{"id":94732,"href":"https:\/\/noticiasmercedinas.com\/site\/wp-json\/wp\/v2\/posts\/94729\/revisions\/94732"}],"wp:featuredmedia":[{"embeddable":true,"href":"https:\/\/noticiasmercedinas.com\/site\/wp-json\/wp\/v2\/media\/94730"}],"wp:attachment":[{"href":"https:\/\/noticiasmercedinas.com\/site\/wp-json\/wp\/v2\/media?parent=94729"}],"wp:term":[{"taxonomy":"category","embeddable":true,"href":"https:\/\/noticiasmercedinas.com\/site\/wp-json\/wp\/v2\/categories?post=94729"},{"taxonomy":"post_tag","embeddable":true,"href":"https:\/\/noticiasmercedinas.com\/site\/wp-json\/wp\/v2\/tags?post=94729"}],"curies":[{"name":"wp","href":"https:\/\/api.w.org\/{rel}","templated":true}]}}