{"id":94952,"date":"2022-07-11T09:57:02","date_gmt":"2022-07-11T12:57:02","guid":{"rendered":"https:\/\/noticiasmercedinas.com\/site\/?p=94952"},"modified":"2022-07-11T09:57:02","modified_gmt":"2022-07-11T12:57:02","slug":"ruralistas-exigen-menos-intervenciones-daninas-y-que-se-baje-el-gasto-publico","status":"publish","type":"post","link":"https:\/\/noticiasmercedinas.com\/site\/2022\/07\/11\/ruralistas-exigen-menos-intervenciones-daninas-y-que-se-baje-el-gasto-publico\/","title":{"rendered":"Ruralistas exigen \u201cmenos intervenciones da\u00f1inas\u201d y \u201cque se baje el gasto p\u00fablico\u201d"},"content":{"rendered":"<p><img loading=\"lazy\" decoding=\"async\" class=\"alignnone size-full wp-image-94954\" src=\"https:\/\/noticiasmercedinas.com\/site\/wp-content\/uploads\/2022\/07\/CAPOO-e1657544201685.jpg\" alt=\"\" width=\"640\" height=\"365\" srcset=\"https:\/\/noticiasmercedinas.com\/site\/wp-content\/uploads\/2022\/07\/CAPOO-e1657544201685.jpg 640w, https:\/\/noticiasmercedinas.com\/site\/wp-content\/uploads\/2022\/07\/CAPOO-e1657544201685-300x171.jpg 300w\" sizes=\"auto, (max-width: 640px) 100vw, 640px\" \/><\/p>\n<p>La Sociedad Rural Regional de Mercedes ser\u00e1 parte de una Jornada Federal de Protesta que se llevar\u00e1 adelante este mi\u00e9rcoles 13 de julio en el marco de su pertenencia a la Confederaci\u00f3n de Asociaciones Rurales de Buenos Aires y La Pampa (CARBAP).<\/p>\n<p>La Jornada Federal de Protesta ser\u00e1 el mi\u00e9rcoles 13 de julio y los ruralistas confederados se manifestar\u00e1n en distintos puntos de Buenos Aires y La Pampa a partir de las 10 horas.<\/p>\n<p>Los puntos de encuentro son Azul, Pehuaj\u00f3, San Pedro, Chivilcoy, Tres Arroyos, Las Armas, Chascom\u00fas, Santa Rosa y Guamin\u00ed, y la consigna es pedir por \u201cuna Argentina en crecimiento\u201d.<\/p>\n<p>Se supo que en el marco de la protesta no se cortar\u00e1n las rutas y los manifestantes distribuir\u00e1n a la ciudadan\u00eda un documento en el que se plantea que \u201cresulta urgente el acceso al gasoil y a los fertilizantes para evitar una par\u00e1lisis total del aparato productivo\u201d.<\/p>\n<p>Adem\u00e1s, las entidades piden que \u201chaya menos intervenciones da\u00f1inas, que se baje el gasto p\u00fablico y que se ponga fin a la crisis energ\u00e9tica, para hacerlo posible\u201d.<\/p>\n<p>Como parte de CARBAP, desde la Sociedad Rural de Mercedes se suman a la movilizaci\u00f3n con punto de concentraci\u00f3n en la intersecci\u00f3n de las rutas nacional 5 y provincial 30, en Chivilcoy.<\/p>\n<p>CARBAP est\u00e1 formada por Asociaciones Rurales que impulsan el desarrollo de la ganader\u00eda, agricultura, e industrias afines. Actualmente agrupa a 114 entidades de base ubicadas en el territorio de las provincias de Buenos Aires y La Pampa, que representan a m\u00e1s de 34.000 productores de toda la pampa h\u00fameda.<\/p>\n<p><img loading=\"lazy\" decoding=\"async\" class=\"alignnone size-large wp-image-94953\" src=\"https:\/\/noticiasmercedinas.com\/site\/wp-content\/uploads\/2022\/07\/292070401_2385709804913708_2388030679703966401_n-1024x1024.jpg\" alt=\"\" width=\"640\" height=\"640\" srcset=\"https:\/\/noticiasmercedinas.com\/site\/wp-content\/uploads\/2022\/07\/292070401_2385709804913708_2388030679703966401_n-1024x1024.jpg 1024w, https:\/\/noticiasmercedinas.com\/site\/wp-content\/uploads\/2022\/07\/292070401_2385709804913708_2388030679703966401_n-300x300.jpg 300w, https:\/\/noticiasmercedinas.com\/site\/wp-content\/uploads\/2022\/07\/292070401_2385709804913708_2388030679703966401_n-150x150.jpg 150w, https:\/\/noticiasmercedinas.com\/site\/wp-content\/uploads\/2022\/07\/292070401_2385709804913708_2388030679703966401_n-768x768.jpg 768w, https:\/\/noticiasmercedinas.com\/site\/wp-content\/uploads\/2022\/07\/292070401_2385709804913708_2388030679703966401_n-640x640.jpg 640w, https:\/\/noticiasmercedinas.com\/site\/wp-content\/uploads\/2022\/07\/292070401_2385709804913708_2388030679703966401_n-681x681.jpg 681w, https:\/\/noticiasmercedinas.com\/site\/wp-content\/uploads\/2022\/07\/292070401_2385709804913708_2388030679703966401_n.jpg 1080w\" sizes=\"auto, (max-width: 640px) 100vw, 640px\" \/><\/p>\n","protected":false},"excerpt":{"rendered":"<p>\u25a0 Llevar\u00e1n adelante este mi\u00e9rcoles una jornada de protesta. La Sociedad Rural Regional de Mercedes se suma a la concentraci\u00f3n que se har\u00e1 en rutas 5 y 30, Chivilcoy.<\/p>\n","protected":false},"author":16,"featured_media":94954,"comment_status":"open","ping_status":"open","sticky":false,"template":"","format":"standard","meta":{"footnotes":""},"categories":[16],"tags":[3887,3019,14811,1272],"class_list":["post-94952","post","type-post","status-publish","format-standard","has-post-thumbnail","hentry","category-politica","tag-campo","tag-carbap","tag-jornada-federal-de-demanda","tag-sociedad-rural-mercedes"],"yoast_head":"<!-- This site is optimized with the Yoast SEO plugin v27.4 - https:\/\/yoast.com\/product\/yoast-seo-wordpress\/ -->\n<title>Ruralistas exigen \u201cmenos intervenciones da\u00f1inas\u201d y \u201cque se baje el gasto p\u00fablico\u201d<\/title>\n<meta name=\"robots\" content=\"index, follow, max-snippet:-1, max-image-preview:large, max-video-preview:-1\" \/>\n<link rel=\"canonical\" href=\"https:\/\/noticiasmercedinas.com\/site\/2022\/07\/11\/ruralistas-exigen-menos-intervenciones-daninas-y-que-se-baje-el-gasto-publico\/\" \/>\n<meta property=\"og:locale\" content=\"es_ES\" \/>\n<meta property=\"og:type\" content=\"article\" \/>\n<meta property=\"og:title\" content=\"Ruralistas exigen \u201cmenos intervenciones da\u00f1inas\u201d y \u201cque se baje el gasto p\u00fablico\u201d\" \/>\n<meta property=\"og:description\" content=\"\u25a0 Llevar\u00e1n adelante este mi\u00e9rcoles una jornada de protesta. La Sociedad Rural Regional de Mercedes se suma a la concentraci\u00f3n que se har\u00e1 en rutas 5 y 30, Chivilcoy.\" \/>\n<meta property=\"og:url\" content=\"https:\/\/noticiasmercedinas.com\/site\/2022\/07\/11\/ruralistas-exigen-menos-intervenciones-daninas-y-que-se-baje-el-gasto-publico\/\" \/>\n<meta property=\"og:site_name\" content=\"NOTICIASMERCEDINAS.COM\" \/>\n<meta property=\"article:publisher\" content=\"https:\/\/www.facebook.com\/noticiasmercedinas\/\" \/>\n<meta property=\"article:published_time\" content=\"2022-07-11T12:57:02+00:00\" \/>\n<meta property=\"og:image\" content=\"https:\/\/noticiasmercedinas.com\/site\/wp-content\/uploads\/2022\/07\/CAPOO-e1657544201685.jpg\" \/>\n\t<meta property=\"og:image:width\" content=\"640\" \/>\n\t<meta property=\"og:image:height\" content=\"365\" \/>\n\t<meta property=\"og:image:type\" content=\"image\/jpeg\" \/>\n<meta name=\"author\" content=\"NOTICIASMERCEDINAS.COM\" \/>\n<meta name=\"twitter:card\" content=\"summary_large_image\" \/>\n<meta name=\"twitter:creator\" content=\"@notmercedinas\" \/>\n<meta name=\"twitter:site\" content=\"@notmercedinas\" \/>\n<meta name=\"twitter:label1\" content=\"Escrito por\" \/>\n\t<meta name=\"twitter:data1\" content=\"NOTICIASMERCEDINAS.COM\" \/>\n\t<meta name=\"twitter:label2\" content=\"Tiempo de lectura\" \/>\n\t<meta name=\"twitter:data2\" content=\"2 minutos\" \/>\n<script type=\"application\/ld+json\" class=\"yoast-schema-graph\">{\"@context\":\"https:\\\/\\\/schema.org\",\"@graph\":[{\"@type\":\"Article\",\"@id\":\"https:\\\/\\\/noticiasmercedinas.com\\\/site\\\/2022\\\/07\\\/11\\\/ruralistas-exigen-menos-intervenciones-daninas-y-que-se-baje-el-gasto-publico\\\/#article\",\"isPartOf\":{\"@id\":\"https:\\\/\\\/noticiasmercedinas.com\\\/site\\\/2022\\\/07\\\/11\\\/ruralistas-exigen-menos-intervenciones-daninas-y-que-se-baje-el-gasto-publico\\\/\"},\"author\":{\"name\":\"NOTICIASMERCEDINAS.COM\",\"@id\":\"https:\\\/\\\/noticiasmercedinas.com\\\/site\\\/#\\\/schema\\\/person\\\/84b59c099c28ff2e8b77d4ceec5d8063\"},\"headline\":\"Ruralistas exigen \u201cmenos intervenciones da\u00f1inas\u201d y \u201cque se baje el gasto p\u00fablico\u201d\",\"datePublished\":\"2022-07-11T12:57:02+00:00\",\"mainEntityOfPage\":{\"@id\":\"https:\\\/\\\/noticiasmercedinas.com\\\/site\\\/2022\\\/07\\\/11\\\/ruralistas-exigen-menos-intervenciones-daninas-y-que-se-baje-el-gasto-publico\\\/\"},\"wordCount\":284,\"commentCount\":0,\"publisher\":{\"@id\":\"https:\\\/\\\/noticiasmercedinas.com\\\/site\\\/#organization\"},\"image\":{\"@id\":\"https:\\\/\\\/noticiasmercedinas.com\\\/site\\\/2022\\\/07\\\/11\\\/ruralistas-exigen-menos-intervenciones-daninas-y-que-se-baje-el-gasto-publico\\\/#primaryimage\"},\"thumbnailUrl\":\"https:\\\/\\\/noticiasmercedinas.com\\\/site\\\/wp-content\\\/uploads\\\/2022\\\/07\\\/CAPOO-e1657544201685.jpg\",\"keywords\":[\"campo\",\"carbap\",\"jornada federal de demanda\",\"Sociedad Rural Mercedes\"],\"articleSection\":[\"Politica\"],\"inLanguage\":\"es\",\"potentialAction\":[{\"@type\":\"CommentAction\",\"name\":\"Comment\",\"target\":[\"https:\\\/\\\/noticiasmercedinas.com\\\/site\\\/2022\\\/07\\\/11\\\/ruralistas-exigen-menos-intervenciones-daninas-y-que-se-baje-el-gasto-publico\\\/#respond\"]}]},{\"@type\":\"WebPage\",\"@id\":\"https:\\\/\\\/noticiasmercedinas.com\\\/site\\\/2022\\\/07\\\/11\\\/ruralistas-exigen-menos-intervenciones-daninas-y-que-se-baje-el-gasto-publico\\\/\",\"url\":\"https:\\\/\\\/noticiasmercedinas.com\\\/site\\\/2022\\\/07\\\/11\\\/ruralistas-exigen-menos-intervenciones-daninas-y-que-se-baje-el-gasto-publico\\\/\",\"name\":\"Ruralistas exigen \u201cmenos intervenciones da\u00f1inas\u201d y \u201cque se baje el gasto p\u00fablico\u201d\",\"isPartOf\":{\"@id\":\"https:\\\/\\\/noticiasmercedinas.com\\\/site\\\/#website\"},\"primaryImageOfPage\":{\"@id\":\"https:\\\/\\\/noticiasmercedinas.com\\\/site\\\/2022\\\/07\\\/11\\\/ruralistas-exigen-menos-intervenciones-daninas-y-que-se-baje-el-gasto-publico\\\/#primaryimage\"},\"image\":{\"@id\":\"https:\\\/\\\/noticiasmercedinas.com\\\/site\\\/2022\\\/07\\\/11\\\/ruralistas-exigen-menos-intervenciones-daninas-y-que-se-baje-el-gasto-publico\\\/#primaryimage\"},\"thumbnailUrl\":\"https:\\\/\\\/noticiasmercedinas.com\\\/site\\\/wp-content\\\/uploads\\\/2022\\\/07\\\/CAPOO-e1657544201685.jpg\",\"datePublished\":\"2022-07-11T12:57:02+00:00\",\"breadcrumb\":{\"@id\":\"https:\\\/\\\/noticiasmercedinas.com\\\/site\\\/2022\\\/07\\\/11\\\/ruralistas-exigen-menos-intervenciones-daninas-y-que-se-baje-el-gasto-publico\\\/#breadcrumb\"},\"inLanguage\":\"es\",\"potentialAction\":[{\"@type\":\"ReadAction\",\"target\":[\"https:\\\/\\\/noticiasmercedinas.com\\\/site\\\/2022\\\/07\\\/11\\\/ruralistas-exigen-menos-intervenciones-daninas-y-que-se-baje-el-gasto-publico\\\/\"]}]},{\"@type\":\"ImageObject\",\"inLanguage\":\"es\",\"@id\":\"https:\\\/\\\/noticiasmercedinas.com\\\/site\\\/2022\\\/07\\\/11\\\/ruralistas-exigen-menos-intervenciones-daninas-y-que-se-baje-el-gasto-publico\\\/#primaryimage\",\"url\":\"https:\\\/\\\/noticiasmercedinas.com\\\/site\\\/wp-content\\\/uploads\\\/2022\\\/07\\\/CAPOO-e1657544201685.jpg\",\"contentUrl\":\"https:\\\/\\\/noticiasmercedinas.com\\\/site\\\/wp-content\\\/uploads\\\/2022\\\/07\\\/CAPOO-e1657544201685.jpg\",\"width\":640,\"height\":365},{\"@type\":\"BreadcrumbList\",\"@id\":\"https:\\\/\\\/noticiasmercedinas.com\\\/site\\\/2022\\\/07\\\/11\\\/ruralistas-exigen-menos-intervenciones-daninas-y-que-se-baje-el-gasto-publico\\\/#breadcrumb\",\"itemListElement\":[{\"@type\":\"ListItem\",\"position\":1,\"name\":\"Portada\",\"item\":\"https:\\\/\\\/noticiasmercedinas.com\\\/site\\\/\"},{\"@type\":\"ListItem\",\"position\":2,\"name\":\"Ruralistas exigen \u201cmenos intervenciones da\u00f1inas\u201d y \u201cque se baje el gasto p\u00fablico\u201d\"}]},{\"@type\":\"WebSite\",\"@id\":\"https:\\\/\\\/noticiasmercedinas.com\\\/site\\\/#website\",\"url\":\"https:\\\/\\\/noticiasmercedinas.com\\\/site\\\/\",\"name\":\"NOTICIASMERCEDINAS.COM\",\"description\":\"Mercedes, Buenos Aires, Argentina\",\"publisher\":{\"@id\":\"https:\\\/\\\/noticiasmercedinas.com\\\/site\\\/#organization\"},\"potentialAction\":[{\"@type\":\"SearchAction\",\"target\":{\"@type\":\"EntryPoint\",\"urlTemplate\":\"https:\\\/\\\/noticiasmercedinas.com\\\/site\\\/?s={search_term_string}\"},\"query-input\":{\"@type\":\"PropertyValueSpecification\",\"valueRequired\":true,\"valueName\":\"search_term_string\"}}],\"inLanguage\":\"es\"},{\"@type\":\"Organization\",\"@id\":\"https:\\\/\\\/noticiasmercedinas.com\\\/site\\\/#organization\",\"name\":\"NOTICIASMERCEDINAS.COM\",\"url\":\"https:\\\/\\\/noticiasmercedinas.com\\\/site\\\/\",\"logo\":{\"@type\":\"ImageObject\",\"inLanguage\":\"es\",\"@id\":\"https:\\\/\\\/noticiasmercedinas.com\\\/site\\\/#\\\/schema\\\/logo\\\/image\\\/\",\"url\":\"https:\\\/\\\/noticiasmercedinas.com\\\/site\\\/wp-content\\\/uploads\\\/2020\\\/06\\\/LOGO-512.jpg\",\"contentUrl\":\"https:\\\/\\\/noticiasmercedinas.com\\\/site\\\/wp-content\\\/uploads\\\/2020\\\/06\\\/LOGO-512.jpg\",\"width\":512,\"height\":512,\"caption\":\"NOTICIASMERCEDINAS.COM\"},\"image\":{\"@id\":\"https:\\\/\\\/noticiasmercedinas.com\\\/site\\\/#\\\/schema\\\/logo\\\/image\\\/\"},\"sameAs\":[\"https:\\\/\\\/www.facebook.com\\\/noticiasmercedinas\\\/\",\"https:\\\/\\\/x.com\\\/notmercedinas\",\"https:\\\/\\\/www.instagram.com\\\/noticiasmercedinas\\\/\"]},{\"@type\":\"Person\",\"@id\":\"https:\\\/\\\/noticiasmercedinas.com\\\/site\\\/#\\\/schema\\\/person\\\/84b59c099c28ff2e8b77d4ceec5d8063\",\"name\":\"NOTICIASMERCEDINAS.COM\",\"image\":{\"@type\":\"ImageObject\",\"inLanguage\":\"es\",\"@id\":\"https:\\\/\\\/secure.gravatar.com\\\/avatar\\\/4dfbf16b4d17945bfb6341b2d19043457132fcf478a5ee04f42e959fd8f5df0a?s=96&d=mm&r=g\",\"url\":\"https:\\\/\\\/secure.gravatar.com\\\/avatar\\\/4dfbf16b4d17945bfb6341b2d19043457132fcf478a5ee04f42e959fd8f5df0a?s=96&d=mm&r=g\",\"contentUrl\":\"https:\\\/\\\/secure.gravatar.com\\\/avatar\\\/4dfbf16b4d17945bfb6341b2d19043457132fcf478a5ee04f42e959fd8f5df0a?s=96&d=mm&r=g\",\"caption\":\"NOTICIASMERCEDINAS.COM\"},\"url\":\"https:\\\/\\\/noticiasmercedinas.com\\\/site\\\/author\\\/anonimo\\\/\"}]}<\/script>\n<!-- \/ Yoast SEO plugin. -->","yoast_head_json":{"title":"Ruralistas exigen \u201cmenos intervenciones da\u00f1inas\u201d y \u201cque se baje el gasto p\u00fablico\u201d","robots":{"index":"index","follow":"follow","max-snippet":"max-snippet:-1","max-image-preview":"max-image-preview:large","max-video-preview":"max-video-preview:-1"},"canonical":"https:\/\/noticiasmercedinas.com\/site\/2022\/07\/11\/ruralistas-exigen-menos-intervenciones-daninas-y-que-se-baje-el-gasto-publico\/","og_locale":"es_ES","og_type":"article","og_title":"Ruralistas exigen \u201cmenos intervenciones da\u00f1inas\u201d y \u201cque se baje el gasto p\u00fablico\u201d","og_description":"\u25a0 Llevar\u00e1n adelante este mi\u00e9rcoles una jornada de protesta. La Sociedad Rural Regional de Mercedes se suma a la concentraci\u00f3n que se har\u00e1 en rutas 5 y 30, Chivilcoy.","og_url":"https:\/\/noticiasmercedinas.com\/site\/2022\/07\/11\/ruralistas-exigen-menos-intervenciones-daninas-y-que-se-baje-el-gasto-publico\/","og_site_name":"NOTICIASMERCEDINAS.COM","article_publisher":"https:\/\/www.facebook.com\/noticiasmercedinas\/","article_published_time":"2022-07-11T12:57:02+00:00","og_image":[{"width":640,"height":365,"url":"https:\/\/noticiasmercedinas.com\/site\/wp-content\/uploads\/2022\/07\/CAPOO-e1657544201685.jpg","type":"image\/jpeg"}],"author":"NOTICIASMERCEDINAS.COM","twitter_card":"summary_large_image","twitter_creator":"@notmercedinas","twitter_site":"@notmercedinas","twitter_misc":{"Escrito por":"NOTICIASMERCEDINAS.COM","Tiempo de lectura":"2 minutos"},"schema":{"@context":"https:\/\/schema.org","@graph":[{"@type":"Article","@id":"https:\/\/noticiasmercedinas.com\/site\/2022\/07\/11\/ruralistas-exigen-menos-intervenciones-daninas-y-que-se-baje-el-gasto-publico\/#article","isPartOf":{"@id":"https:\/\/noticiasmercedinas.com\/site\/2022\/07\/11\/ruralistas-exigen-menos-intervenciones-daninas-y-que-se-baje-el-gasto-publico\/"},"author":{"name":"NOTICIASMERCEDINAS.COM","@id":"https:\/\/noticiasmercedinas.com\/site\/#\/schema\/person\/84b59c099c28ff2e8b77d4ceec5d8063"},"headline":"Ruralistas exigen \u201cmenos intervenciones da\u00f1inas\u201d y \u201cque se baje el gasto p\u00fablico\u201d","datePublished":"2022-07-11T12:57:02+00:00","mainEntityOfPage":{"@id":"https:\/\/noticiasmercedinas.com\/site\/2022\/07\/11\/ruralistas-exigen-menos-intervenciones-daninas-y-que-se-baje-el-gasto-publico\/"},"wordCount":284,"commentCount":0,"publisher":{"@id":"https:\/\/noticiasmercedinas.com\/site\/#organization"},"image":{"@id":"https:\/\/noticiasmercedinas.com\/site\/2022\/07\/11\/ruralistas-exigen-menos-intervenciones-daninas-y-que-se-baje-el-gasto-publico\/#primaryimage"},"thumbnailUrl":"https:\/\/noticiasmercedinas.com\/site\/wp-content\/uploads\/2022\/07\/CAPOO-e1657544201685.jpg","keywords":["campo","carbap","jornada federal de demanda","Sociedad Rural Mercedes"],"articleSection":["Politica"],"inLanguage":"es","potentialAction":[{"@type":"CommentAction","name":"Comment","target":["https:\/\/noticiasmercedinas.com\/site\/2022\/07\/11\/ruralistas-exigen-menos-intervenciones-daninas-y-que-se-baje-el-gasto-publico\/#respond"]}]},{"@type":"WebPage","@id":"https:\/\/noticiasmercedinas.com\/site\/2022\/07\/11\/ruralistas-exigen-menos-intervenciones-daninas-y-que-se-baje-el-gasto-publico\/","url":"https:\/\/noticiasmercedinas.com\/site\/2022\/07\/11\/ruralistas-exigen-menos-intervenciones-daninas-y-que-se-baje-el-gasto-publico\/","name":"Ruralistas exigen \u201cmenos intervenciones da\u00f1inas\u201d y \u201cque se baje el gasto p\u00fablico\u201d","isPartOf":{"@id":"https:\/\/noticiasmercedinas.com\/site\/#website"},"primaryImageOfPage":{"@id":"https:\/\/noticiasmercedinas.com\/site\/2022\/07\/11\/ruralistas-exigen-menos-intervenciones-daninas-y-que-se-baje-el-gasto-publico\/#primaryimage"},"image":{"@id":"https:\/\/noticiasmercedinas.com\/site\/2022\/07\/11\/ruralistas-exigen-menos-intervenciones-daninas-y-que-se-baje-el-gasto-publico\/#primaryimage"},"thumbnailUrl":"https:\/\/noticiasmercedinas.com\/site\/wp-content\/uploads\/2022\/07\/CAPOO-e1657544201685.jpg","datePublished":"2022-07-11T12:57:02+00:00","breadcrumb":{"@id":"https:\/\/noticiasmercedinas.com\/site\/2022\/07\/11\/ruralistas-exigen-menos-intervenciones-daninas-y-que-se-baje-el-gasto-publico\/#breadcrumb"},"inLanguage":"es","potentialAction":[{"@type":"ReadAction","target":["https:\/\/noticiasmercedinas.com\/site\/2022\/07\/11\/ruralistas-exigen-menos-intervenciones-daninas-y-que-se-baje-el-gasto-publico\/"]}]},{"@type":"ImageObject","inLanguage":"es","@id":"https:\/\/noticiasmercedinas.com\/site\/2022\/07\/11\/ruralistas-exigen-menos-intervenciones-daninas-y-que-se-baje-el-gasto-publico\/#primaryimage","url":"https:\/\/noticiasmercedinas.com\/site\/wp-content\/uploads\/2022\/07\/CAPOO-e1657544201685.jpg","contentUrl":"https:\/\/noticiasmercedinas.com\/site\/wp-content\/uploads\/2022\/07\/CAPOO-e1657544201685.jpg","width":640,"height":365},{"@type":"BreadcrumbList","@id":"https:\/\/noticiasmercedinas.com\/site\/2022\/07\/11\/ruralistas-exigen-menos-intervenciones-daninas-y-que-se-baje-el-gasto-publico\/#breadcrumb","itemListElement":[{"@type":"ListItem","position":1,"name":"Portada","item":"https:\/\/noticiasmercedinas.com\/site\/"},{"@type":"ListItem","position":2,"name":"Ruralistas exigen \u201cmenos intervenciones da\u00f1inas\u201d y \u201cque se baje el gasto p\u00fablico\u201d"}]},{"@type":"WebSite","@id":"https:\/\/noticiasmercedinas.com\/site\/#website","url":"https:\/\/noticiasmercedinas.com\/site\/","name":"NOTICIASMERCEDINAS.COM","description":"Mercedes, Buenos Aires, Argentina","publisher":{"@id":"https:\/\/noticiasmercedinas.com\/site\/#organization"},"potentialAction":[{"@type":"SearchAction","target":{"@type":"EntryPoint","urlTemplate":"https:\/\/noticiasmercedinas.com\/site\/?s={search_term_string}"},"query-input":{"@type":"PropertyValueSpecification","valueRequired":true,"valueName":"search_term_string"}}],"inLanguage":"es"},{"@type":"Organization","@id":"https:\/\/noticiasmercedinas.com\/site\/#organization","name":"NOTICIASMERCEDINAS.COM","url":"https:\/\/noticiasmercedinas.com\/site\/","logo":{"@type":"ImageObject","inLanguage":"es","@id":"https:\/\/noticiasmercedinas.com\/site\/#\/schema\/logo\/image\/","url":"https:\/\/noticiasmercedinas.com\/site\/wp-content\/uploads\/2020\/06\/LOGO-512.jpg","contentUrl":"https:\/\/noticiasmercedinas.com\/site\/wp-content\/uploads\/2020\/06\/LOGO-512.jpg","width":512,"height":512,"caption":"NOTICIASMERCEDINAS.COM"},"image":{"@id":"https:\/\/noticiasmercedinas.com\/site\/#\/schema\/logo\/image\/"},"sameAs":["https:\/\/www.facebook.com\/noticiasmercedinas\/","https:\/\/x.com\/notmercedinas","https:\/\/www.instagram.com\/noticiasmercedinas\/"]},{"@type":"Person","@id":"https:\/\/noticiasmercedinas.com\/site\/#\/schema\/person\/84b59c099c28ff2e8b77d4ceec5d8063","name":"NOTICIASMERCEDINAS.COM","image":{"@type":"ImageObject","inLanguage":"es","@id":"https:\/\/secure.gravatar.com\/avatar\/4dfbf16b4d17945bfb6341b2d19043457132fcf478a5ee04f42e959fd8f5df0a?s=96&d=mm&r=g","url":"https:\/\/secure.gravatar.com\/avatar\/4dfbf16b4d17945bfb6341b2d19043457132fcf478a5ee04f42e959fd8f5df0a?s=96&d=mm&r=g","contentUrl":"https:\/\/secure.gravatar.com\/avatar\/4dfbf16b4d17945bfb6341b2d19043457132fcf478a5ee04f42e959fd8f5df0a?s=96&d=mm&r=g","caption":"NOTICIASMERCEDINAS.COM"},"url":"https:\/\/noticiasmercedinas.com\/site\/author\/anonimo\/"}]}},"amp_enabled":true,"_links":{"self":[{"href":"https:\/\/noticiasmercedinas.com\/site\/wp-json\/wp\/v2\/posts\/94952","targetHints":{"allow":["GET"]}}],"collection":[{"href":"https:\/\/noticiasmercedinas.com\/site\/wp-json\/wp\/v2\/posts"}],"about":[{"href":"https:\/\/noticiasmercedinas.com\/site\/wp-json\/wp\/v2\/types\/post"}],"author":[{"embeddable":true,"href":"https:\/\/noticiasmercedinas.com\/site\/wp-json\/wp\/v2\/users\/16"}],"replies":[{"embeddable":true,"href":"https:\/\/noticiasmercedinas.com\/site\/wp-json\/wp\/v2\/comments?post=94952"}],"version-history":[{"count":1,"href":"https:\/\/noticiasmercedinas.com\/site\/wp-json\/wp\/v2\/posts\/94952\/revisions"}],"predecessor-version":[{"id":94955,"href":"https:\/\/noticiasmercedinas.com\/site\/wp-json\/wp\/v2\/posts\/94952\/revisions\/94955"}],"wp:featuredmedia":[{"embeddable":true,"href":"https:\/\/noticiasmercedinas.com\/site\/wp-json\/wp\/v2\/media\/94954"}],"wp:attachment":[{"href":"https:\/\/noticiasmercedinas.com\/site\/wp-json\/wp\/v2\/media?parent=94952"}],"wp:term":[{"taxonomy":"category","embeddable":true,"href":"https:\/\/noticiasmercedinas.com\/site\/wp-json\/wp\/v2\/categories?post=94952"},{"taxonomy":"post_tag","embeddable":true,"href":"https:\/\/noticiasmercedinas.com\/site\/wp-json\/wp\/v2\/tags?post=94952"}],"curies":[{"name":"wp","href":"https:\/\/api.w.org\/{rel}","templated":true}]}}