{"id":95131,"date":"2022-07-13T17:06:56","date_gmt":"2022-07-13T20:06:56","guid":{"rendered":"https:\/\/noticiasmercedinas.com\/site\/?p=95131"},"modified":"2022-07-13T17:16:41","modified_gmt":"2022-07-13T20:16:41","slug":"un-paro-de-atilra-paraliza-produccion-de-la-suipachense","status":"publish","type":"post","link":"https:\/\/noticiasmercedinas.com\/site\/2022\/07\/13\/un-paro-de-atilra-paraliza-produccion-de-la-suipachense\/","title":{"rendered":"Medida de Atilra paraliza producci\u00f3n de \u00abLa Suipachense\u00bb"},"content":{"rendered":"<p><img loading=\"lazy\" decoding=\"async\" class=\"alignnone size-full wp-image-95132\" src=\"https:\/\/noticiasmercedinas.com\/site\/wp-content\/uploads\/2022\/07\/129315484_105605721402064_5835539668350398939_n.jpg\" alt=\"\" width=\"960\" height=\"570\" srcset=\"https:\/\/noticiasmercedinas.com\/site\/wp-content\/uploads\/2022\/07\/129315484_105605721402064_5835539668350398939_n.jpg 960w, https:\/\/noticiasmercedinas.com\/site\/wp-content\/uploads\/2022\/07\/129315484_105605721402064_5835539668350398939_n-300x178.jpg 300w, https:\/\/noticiasmercedinas.com\/site\/wp-content\/uploads\/2022\/07\/129315484_105605721402064_5835539668350398939_n-768x456.jpg 768w, https:\/\/noticiasmercedinas.com\/site\/wp-content\/uploads\/2022\/07\/129315484_105605721402064_5835539668350398939_n-640x380.jpg 640w, https:\/\/noticiasmercedinas.com\/site\/wp-content\/uploads\/2022\/07\/129315484_105605721402064_5835539668350398939_n-681x404.jpg 681w\" sizes=\"auto, (max-width: 960px) 100vw, 960px\" \/><\/p>\n<p>La planta fabril de \u00abLa Suipachense\u00bb &#8211; Lacteos Cono Sur, en la vecina ciudad de Suipacha, se vio afectada por un paro dictaminado por Atilra.<\/p>\n<p>Al igual que otras industrias del rubro lechero asentadas en C\u00f3rdoba y Lincoln, la reconocida planta de Suipacha se qued\u00f3 inactiva en atenci\u00f3n a una medida del gremio Atilra en reclamo de pagos atrasados y fuera de t\u00e9rmino.<\/p>\n<p>Miembros de la Asociaci\u00f3n de Trabajadores de la Industria Lechera de la Rep\u00fablica Argentina (Atilra) paralizaron por 24 horas las actividades dos plantas l\u00e1cteas de la firma ARSA (Alimentos Refrigerados S.A) en Lincoln, provincia de Buenos Aires y C\u00f3rdoba, y otra de La Suipachense.<\/p>\n<p>Los motivos que aducen los trabajadores de Atilra son pago fuera de t\u00e9rmino y en cuotas, deuda de aguinaldo y retenci\u00f3n de aportes de la seguridad social.<\/p>\n<p>Previamente, los trabajadores hab\u00edan realizado asambleas para \u00abalertar a la empresa para que atienda los reclamos gremiales por atacar condiciones laborales y para que cese con hostigamiento\u00bb. Al considerar que no hubo respuestas de la patronal, \u00abel Consejo Directivo Nacional resolvi\u00f3 realizar un paro total de actividades den las plantas de Suipacha, Arenaza y C\u00f3rdoba a partir de la cero hora del martes 12 del corriente con el objetivo de resolver las cuestiones ya planteadas en las asambleas\u00bb, indicaron desde Atilra. \u00abEs de suma importancia mantener la unidad y solidaridad en este momento, acompa\u00f1ando la medida con total acatamiento, en busca de preservar nuestros derechos y condiciones laborales\u00bb, reza el comunicado emitido a los trabajadores por el gremio.<\/p>\n<p>Seg\u00fan La Suipachense, el verdadero motivo de la medida de fuerza es presionar a la empresa para que reincorporen a dos trabajadores contratados cuyos convenios temporales fueron cancelados \u00abpor tema Covid\u00bb, seg\u00fan indic\u00f3 el portal Mundo Gremial.<\/p>\n<p>Esta paralizaci\u00f3n, seg\u00fan la firma, \u00abse traduce que un 10% de la gente no tendr\u00e1 leche porque la producci\u00f3n se hace de un d\u00eda para el otro. La situaci\u00f3n es muy compleja y los gremios siguen apretando por deudas gremiales que son insostenibles de pagar\u00bb.<\/p>\n","protected":false},"excerpt":{"rendered":"<p>La planta fabril de \u00abLa Suipachense\u00bb &#8211; Lacteos Cono Sur, en la vecina ciudad de Suipacha, se vio afectada por un paro dictaminado por Atilra. Al igual que otras industrias del rubro lechero asentadas en C\u00f3rdoba y Lincoln, la reconocida planta de Suipacha se qued\u00f3 inactiva en atenci\u00f3n a una medida del gremio Atilra en [&hellip;]<\/p>\n","protected":false},"author":16,"featured_media":95132,"comment_status":"open","ping_status":"open","sticky":false,"template":"","format":"standard","meta":{"footnotes":""},"categories":[139],"tags":[3580,10475,1095],"class_list":["post-95131","post","type-post","status-publish","format-standard","has-post-thumbnail","hentry","category-regionales","tag-atilra","tag-la-suipachense","tag-suipacha"],"yoast_head":"<!-- This site is optimized with the Yoast SEO plugin v27.5 - https:\/\/yoast.com\/product\/yoast-seo-wordpress\/ -->\n<title>Medida de Atilra paraliza producci\u00f3n de &quot;La Suipachense&quot;<\/title>\n<meta name=\"robots\" content=\"index, follow, max-snippet:-1, max-image-preview:large, max-video-preview:-1\" \/>\n<link rel=\"canonical\" href=\"https:\/\/noticiasmercedinas.com\/site\/2022\/07\/13\/un-paro-de-atilra-paraliza-produccion-de-la-suipachense\/\" \/>\n<meta property=\"og:locale\" content=\"es_ES\" \/>\n<meta property=\"og:type\" content=\"article\" \/>\n<meta property=\"og:title\" content=\"Medida de Atilra paraliza producci\u00f3n de &quot;La Suipachense&quot;\" \/>\n<meta property=\"og:description\" content=\"La planta fabril de \u00abLa Suipachense\u00bb &#8211; Lacteos Cono Sur, en la vecina ciudad de Suipacha, se vio afectada por un paro dictaminado por Atilra. Al igual que otras industrias del rubro lechero asentadas en C\u00f3rdoba y Lincoln, la reconocida planta de Suipacha se qued\u00f3 inactiva en atenci\u00f3n a una medida del gremio Atilra en [&hellip;]\" \/>\n<meta property=\"og:url\" content=\"https:\/\/noticiasmercedinas.com\/site\/2022\/07\/13\/un-paro-de-atilra-paraliza-produccion-de-la-suipachense\/\" \/>\n<meta property=\"og:site_name\" content=\"NOTICIASMERCEDINAS.COM\" \/>\n<meta property=\"article:publisher\" content=\"https:\/\/www.facebook.com\/noticiasmercedinas\/\" \/>\n<meta property=\"article:published_time\" content=\"2022-07-13T20:06:56+00:00\" \/>\n<meta property=\"article:modified_time\" content=\"2022-07-13T20:16:41+00:00\" \/>\n<meta property=\"og:image\" content=\"https:\/\/noticiasmercedinas.com\/site\/wp-content\/uploads\/2022\/07\/129315484_105605721402064_5835539668350398939_n.jpg\" \/>\n\t<meta property=\"og:image:width\" content=\"960\" \/>\n\t<meta property=\"og:image:height\" content=\"570\" \/>\n\t<meta property=\"og:image:type\" content=\"image\/jpeg\" \/>\n<meta name=\"author\" content=\"NOTICIASMERCEDINAS.COM\" \/>\n<meta name=\"twitter:card\" content=\"summary_large_image\" \/>\n<meta name=\"twitter:creator\" content=\"@notmercedinas\" \/>\n<meta name=\"twitter:site\" content=\"@notmercedinas\" \/>\n<meta name=\"twitter:label1\" content=\"Escrito por\" \/>\n\t<meta name=\"twitter:data1\" content=\"NOTICIASMERCEDINAS.COM\" \/>\n\t<meta name=\"twitter:label2\" content=\"Tiempo de lectura\" \/>\n\t<meta name=\"twitter:data2\" content=\"2 minutos\" \/>\n<script type=\"application\/ld+json\" class=\"yoast-schema-graph\">{\"@context\":\"https:\\\/\\\/schema.org\",\"@graph\":[{\"@type\":\"Article\",\"@id\":\"https:\\\/\\\/noticiasmercedinas.com\\\/site\\\/2022\\\/07\\\/13\\\/un-paro-de-atilra-paraliza-produccion-de-la-suipachense\\\/#article\",\"isPartOf\":{\"@id\":\"https:\\\/\\\/noticiasmercedinas.com\\\/site\\\/2022\\\/07\\\/13\\\/un-paro-de-atilra-paraliza-produccion-de-la-suipachense\\\/\"},\"author\":{\"name\":\"NOTICIASMERCEDINAS.COM\",\"@id\":\"https:\\\/\\\/noticiasmercedinas.com\\\/site\\\/#\\\/schema\\\/person\\\/84b59c099c28ff2e8b77d4ceec5d8063\"},\"headline\":\"Medida de Atilra paraliza producci\u00f3n de \u00abLa Suipachense\u00bb\",\"datePublished\":\"2022-07-13T20:06:56+00:00\",\"dateModified\":\"2022-07-13T20:16:41+00:00\",\"mainEntityOfPage\":{\"@id\":\"https:\\\/\\\/noticiasmercedinas.com\\\/site\\\/2022\\\/07\\\/13\\\/un-paro-de-atilra-paraliza-produccion-de-la-suipachense\\\/\"},\"wordCount\":360,\"commentCount\":0,\"publisher\":{\"@id\":\"https:\\\/\\\/noticiasmercedinas.com\\\/site\\\/#organization\"},\"image\":{\"@id\":\"https:\\\/\\\/noticiasmercedinas.com\\\/site\\\/2022\\\/07\\\/13\\\/un-paro-de-atilra-paraliza-produccion-de-la-suipachense\\\/#primaryimage\"},\"thumbnailUrl\":\"https:\\\/\\\/noticiasmercedinas.com\\\/site\\\/wp-content\\\/uploads\\\/2022\\\/07\\\/129315484_105605721402064_5835539668350398939_n.jpg\",\"keywords\":[\"ATILRA\",\"La Suipachense\",\"suipacha\"],\"articleSection\":[\"Regionales\"],\"inLanguage\":\"es\",\"potentialAction\":[{\"@type\":\"CommentAction\",\"name\":\"Comment\",\"target\":[\"https:\\\/\\\/noticiasmercedinas.com\\\/site\\\/2022\\\/07\\\/13\\\/un-paro-de-atilra-paraliza-produccion-de-la-suipachense\\\/#respond\"]}]},{\"@type\":\"WebPage\",\"@id\":\"https:\\\/\\\/noticiasmercedinas.com\\\/site\\\/2022\\\/07\\\/13\\\/un-paro-de-atilra-paraliza-produccion-de-la-suipachense\\\/\",\"url\":\"https:\\\/\\\/noticiasmercedinas.com\\\/site\\\/2022\\\/07\\\/13\\\/un-paro-de-atilra-paraliza-produccion-de-la-suipachense\\\/\",\"name\":\"Medida de Atilra paraliza producci\u00f3n de \\\"La Suipachense\\\"\",\"isPartOf\":{\"@id\":\"https:\\\/\\\/noticiasmercedinas.com\\\/site\\\/#website\"},\"primaryImageOfPage\":{\"@id\":\"https:\\\/\\\/noticiasmercedinas.com\\\/site\\\/2022\\\/07\\\/13\\\/un-paro-de-atilra-paraliza-produccion-de-la-suipachense\\\/#primaryimage\"},\"image\":{\"@id\":\"https:\\\/\\\/noticiasmercedinas.com\\\/site\\\/2022\\\/07\\\/13\\\/un-paro-de-atilra-paraliza-produccion-de-la-suipachense\\\/#primaryimage\"},\"thumbnailUrl\":\"https:\\\/\\\/noticiasmercedinas.com\\\/site\\\/wp-content\\\/uploads\\\/2022\\\/07\\\/129315484_105605721402064_5835539668350398939_n.jpg\",\"datePublished\":\"2022-07-13T20:06:56+00:00\",\"dateModified\":\"2022-07-13T20:16:41+00:00\",\"breadcrumb\":{\"@id\":\"https:\\\/\\\/noticiasmercedinas.com\\\/site\\\/2022\\\/07\\\/13\\\/un-paro-de-atilra-paraliza-produccion-de-la-suipachense\\\/#breadcrumb\"},\"inLanguage\":\"es\",\"potentialAction\":[{\"@type\":\"ReadAction\",\"target\":[\"https:\\\/\\\/noticiasmercedinas.com\\\/site\\\/2022\\\/07\\\/13\\\/un-paro-de-atilra-paraliza-produccion-de-la-suipachense\\\/\"]}]},{\"@type\":\"ImageObject\",\"inLanguage\":\"es\",\"@id\":\"https:\\\/\\\/noticiasmercedinas.com\\\/site\\\/2022\\\/07\\\/13\\\/un-paro-de-atilra-paraliza-produccion-de-la-suipachense\\\/#primaryimage\",\"url\":\"https:\\\/\\\/noticiasmercedinas.com\\\/site\\\/wp-content\\\/uploads\\\/2022\\\/07\\\/129315484_105605721402064_5835539668350398939_n.jpg\",\"contentUrl\":\"https:\\\/\\\/noticiasmercedinas.com\\\/site\\\/wp-content\\\/uploads\\\/2022\\\/07\\\/129315484_105605721402064_5835539668350398939_n.jpg\",\"width\":960,\"height\":570},{\"@type\":\"BreadcrumbList\",\"@id\":\"https:\\\/\\\/noticiasmercedinas.com\\\/site\\\/2022\\\/07\\\/13\\\/un-paro-de-atilra-paraliza-produccion-de-la-suipachense\\\/#breadcrumb\",\"itemListElement\":[{\"@type\":\"ListItem\",\"position\":1,\"name\":\"Portada\",\"item\":\"https:\\\/\\\/noticiasmercedinas.com\\\/site\\\/\"},{\"@type\":\"ListItem\",\"position\":2,\"name\":\"Medida de Atilra paraliza producci\u00f3n de \u00abLa Suipachense\u00bb\"}]},{\"@type\":\"WebSite\",\"@id\":\"https:\\\/\\\/noticiasmercedinas.com\\\/site\\\/#website\",\"url\":\"https:\\\/\\\/noticiasmercedinas.com\\\/site\\\/\",\"name\":\"NOTICIASMERCEDINAS.COM\",\"description\":\"Mercedes, Buenos Aires, Argentina\",\"publisher\":{\"@id\":\"https:\\\/\\\/noticiasmercedinas.com\\\/site\\\/#organization\"},\"potentialAction\":[{\"@type\":\"SearchAction\",\"target\":{\"@type\":\"EntryPoint\",\"urlTemplate\":\"https:\\\/\\\/noticiasmercedinas.com\\\/site\\\/?s={search_term_string}\"},\"query-input\":{\"@type\":\"PropertyValueSpecification\",\"valueRequired\":true,\"valueName\":\"search_term_string\"}}],\"inLanguage\":\"es\"},{\"@type\":\"Organization\",\"@id\":\"https:\\\/\\\/noticiasmercedinas.com\\\/site\\\/#organization\",\"name\":\"NOTICIASMERCEDINAS.COM\",\"url\":\"https:\\\/\\\/noticiasmercedinas.com\\\/site\\\/\",\"logo\":{\"@type\":\"ImageObject\",\"inLanguage\":\"es\",\"@id\":\"https:\\\/\\\/noticiasmercedinas.com\\\/site\\\/#\\\/schema\\\/logo\\\/image\\\/\",\"url\":\"https:\\\/\\\/noticiasmercedinas.com\\\/site\\\/wp-content\\\/uploads\\\/2020\\\/06\\\/LOGO-512.jpg\",\"contentUrl\":\"https:\\\/\\\/noticiasmercedinas.com\\\/site\\\/wp-content\\\/uploads\\\/2020\\\/06\\\/LOGO-512.jpg\",\"width\":512,\"height\":512,\"caption\":\"NOTICIASMERCEDINAS.COM\"},\"image\":{\"@id\":\"https:\\\/\\\/noticiasmercedinas.com\\\/site\\\/#\\\/schema\\\/logo\\\/image\\\/\"},\"sameAs\":[\"https:\\\/\\\/www.facebook.com\\\/noticiasmercedinas\\\/\",\"https:\\\/\\\/x.com\\\/notmercedinas\",\"https:\\\/\\\/www.instagram.com\\\/noticiasmercedinas\\\/\"]},{\"@type\":\"Person\",\"@id\":\"https:\\\/\\\/noticiasmercedinas.com\\\/site\\\/#\\\/schema\\\/person\\\/84b59c099c28ff2e8b77d4ceec5d8063\",\"name\":\"NOTICIASMERCEDINAS.COM\",\"image\":{\"@type\":\"ImageObject\",\"inLanguage\":\"es\",\"@id\":\"https:\\\/\\\/secure.gravatar.com\\\/avatar\\\/4dfbf16b4d17945bfb6341b2d19043457132fcf478a5ee04f42e959fd8f5df0a?s=96&d=mm&r=g\",\"url\":\"https:\\\/\\\/secure.gravatar.com\\\/avatar\\\/4dfbf16b4d17945bfb6341b2d19043457132fcf478a5ee04f42e959fd8f5df0a?s=96&d=mm&r=g\",\"contentUrl\":\"https:\\\/\\\/secure.gravatar.com\\\/avatar\\\/4dfbf16b4d17945bfb6341b2d19043457132fcf478a5ee04f42e959fd8f5df0a?s=96&d=mm&r=g\",\"caption\":\"NOTICIASMERCEDINAS.COM\"},\"url\":\"https:\\\/\\\/noticiasmercedinas.com\\\/site\\\/author\\\/anonimo\\\/\"}]}<\/script>\n<!-- \/ Yoast SEO plugin. -->","yoast_head_json":{"title":"Medida de Atilra paraliza producci\u00f3n de \"La Suipachense\"","robots":{"index":"index","follow":"follow","max-snippet":"max-snippet:-1","max-image-preview":"max-image-preview:large","max-video-preview":"max-video-preview:-1"},"canonical":"https:\/\/noticiasmercedinas.com\/site\/2022\/07\/13\/un-paro-de-atilra-paraliza-produccion-de-la-suipachense\/","og_locale":"es_ES","og_type":"article","og_title":"Medida de Atilra paraliza producci\u00f3n de \"La Suipachense\"","og_description":"La planta fabril de \u00abLa Suipachense\u00bb &#8211; Lacteos Cono Sur, en la vecina ciudad de Suipacha, se vio afectada por un paro dictaminado por Atilra. Al igual que otras industrias del rubro lechero asentadas en C\u00f3rdoba y Lincoln, la reconocida planta de Suipacha se qued\u00f3 inactiva en atenci\u00f3n a una medida del gremio Atilra en [&hellip;]","og_url":"https:\/\/noticiasmercedinas.com\/site\/2022\/07\/13\/un-paro-de-atilra-paraliza-produccion-de-la-suipachense\/","og_site_name":"NOTICIASMERCEDINAS.COM","article_publisher":"https:\/\/www.facebook.com\/noticiasmercedinas\/","article_published_time":"2022-07-13T20:06:56+00:00","article_modified_time":"2022-07-13T20:16:41+00:00","og_image":[{"width":960,"height":570,"url":"https:\/\/noticiasmercedinas.com\/site\/wp-content\/uploads\/2022\/07\/129315484_105605721402064_5835539668350398939_n.jpg","type":"image\/jpeg"}],"author":"NOTICIASMERCEDINAS.COM","twitter_card":"summary_large_image","twitter_creator":"@notmercedinas","twitter_site":"@notmercedinas","twitter_misc":{"Escrito por":"NOTICIASMERCEDINAS.COM","Tiempo de lectura":"2 minutos"},"schema":{"@context":"https:\/\/schema.org","@graph":[{"@type":"Article","@id":"https:\/\/noticiasmercedinas.com\/site\/2022\/07\/13\/un-paro-de-atilra-paraliza-produccion-de-la-suipachense\/#article","isPartOf":{"@id":"https:\/\/noticiasmercedinas.com\/site\/2022\/07\/13\/un-paro-de-atilra-paraliza-produccion-de-la-suipachense\/"},"author":{"name":"NOTICIASMERCEDINAS.COM","@id":"https:\/\/noticiasmercedinas.com\/site\/#\/schema\/person\/84b59c099c28ff2e8b77d4ceec5d8063"},"headline":"Medida de Atilra paraliza producci\u00f3n de \u00abLa Suipachense\u00bb","datePublished":"2022-07-13T20:06:56+00:00","dateModified":"2022-07-13T20:16:41+00:00","mainEntityOfPage":{"@id":"https:\/\/noticiasmercedinas.com\/site\/2022\/07\/13\/un-paro-de-atilra-paraliza-produccion-de-la-suipachense\/"},"wordCount":360,"commentCount":0,"publisher":{"@id":"https:\/\/noticiasmercedinas.com\/site\/#organization"},"image":{"@id":"https:\/\/noticiasmercedinas.com\/site\/2022\/07\/13\/un-paro-de-atilra-paraliza-produccion-de-la-suipachense\/#primaryimage"},"thumbnailUrl":"https:\/\/noticiasmercedinas.com\/site\/wp-content\/uploads\/2022\/07\/129315484_105605721402064_5835539668350398939_n.jpg","keywords":["ATILRA","La Suipachense","suipacha"],"articleSection":["Regionales"],"inLanguage":"es","potentialAction":[{"@type":"CommentAction","name":"Comment","target":["https:\/\/noticiasmercedinas.com\/site\/2022\/07\/13\/un-paro-de-atilra-paraliza-produccion-de-la-suipachense\/#respond"]}]},{"@type":"WebPage","@id":"https:\/\/noticiasmercedinas.com\/site\/2022\/07\/13\/un-paro-de-atilra-paraliza-produccion-de-la-suipachense\/","url":"https:\/\/noticiasmercedinas.com\/site\/2022\/07\/13\/un-paro-de-atilra-paraliza-produccion-de-la-suipachense\/","name":"Medida de Atilra paraliza producci\u00f3n de \"La Suipachense\"","isPartOf":{"@id":"https:\/\/noticiasmercedinas.com\/site\/#website"},"primaryImageOfPage":{"@id":"https:\/\/noticiasmercedinas.com\/site\/2022\/07\/13\/un-paro-de-atilra-paraliza-produccion-de-la-suipachense\/#primaryimage"},"image":{"@id":"https:\/\/noticiasmercedinas.com\/site\/2022\/07\/13\/un-paro-de-atilra-paraliza-produccion-de-la-suipachense\/#primaryimage"},"thumbnailUrl":"https:\/\/noticiasmercedinas.com\/site\/wp-content\/uploads\/2022\/07\/129315484_105605721402064_5835539668350398939_n.jpg","datePublished":"2022-07-13T20:06:56+00:00","dateModified":"2022-07-13T20:16:41+00:00","breadcrumb":{"@id":"https:\/\/noticiasmercedinas.com\/site\/2022\/07\/13\/un-paro-de-atilra-paraliza-produccion-de-la-suipachense\/#breadcrumb"},"inLanguage":"es","potentialAction":[{"@type":"ReadAction","target":["https:\/\/noticiasmercedinas.com\/site\/2022\/07\/13\/un-paro-de-atilra-paraliza-produccion-de-la-suipachense\/"]}]},{"@type":"ImageObject","inLanguage":"es","@id":"https:\/\/noticiasmercedinas.com\/site\/2022\/07\/13\/un-paro-de-atilra-paraliza-produccion-de-la-suipachense\/#primaryimage","url":"https:\/\/noticiasmercedinas.com\/site\/wp-content\/uploads\/2022\/07\/129315484_105605721402064_5835539668350398939_n.jpg","contentUrl":"https:\/\/noticiasmercedinas.com\/site\/wp-content\/uploads\/2022\/07\/129315484_105605721402064_5835539668350398939_n.jpg","width":960,"height":570},{"@type":"BreadcrumbList","@id":"https:\/\/noticiasmercedinas.com\/site\/2022\/07\/13\/un-paro-de-atilra-paraliza-produccion-de-la-suipachense\/#breadcrumb","itemListElement":[{"@type":"ListItem","position":1,"name":"Portada","item":"https:\/\/noticiasmercedinas.com\/site\/"},{"@type":"ListItem","position":2,"name":"Medida de Atilra paraliza producci\u00f3n de \u00abLa Suipachense\u00bb"}]},{"@type":"WebSite","@id":"https:\/\/noticiasmercedinas.com\/site\/#website","url":"https:\/\/noticiasmercedinas.com\/site\/","name":"NOTICIASMERCEDINAS.COM","description":"Mercedes, Buenos Aires, Argentina","publisher":{"@id":"https:\/\/noticiasmercedinas.com\/site\/#organization"},"potentialAction":[{"@type":"SearchAction","target":{"@type":"EntryPoint","urlTemplate":"https:\/\/noticiasmercedinas.com\/site\/?s={search_term_string}"},"query-input":{"@type":"PropertyValueSpecification","valueRequired":true,"valueName":"search_term_string"}}],"inLanguage":"es"},{"@type":"Organization","@id":"https:\/\/noticiasmercedinas.com\/site\/#organization","name":"NOTICIASMERCEDINAS.COM","url":"https:\/\/noticiasmercedinas.com\/site\/","logo":{"@type":"ImageObject","inLanguage":"es","@id":"https:\/\/noticiasmercedinas.com\/site\/#\/schema\/logo\/image\/","url":"https:\/\/noticiasmercedinas.com\/site\/wp-content\/uploads\/2020\/06\/LOGO-512.jpg","contentUrl":"https:\/\/noticiasmercedinas.com\/site\/wp-content\/uploads\/2020\/06\/LOGO-512.jpg","width":512,"height":512,"caption":"NOTICIASMERCEDINAS.COM"},"image":{"@id":"https:\/\/noticiasmercedinas.com\/site\/#\/schema\/logo\/image\/"},"sameAs":["https:\/\/www.facebook.com\/noticiasmercedinas\/","https:\/\/x.com\/notmercedinas","https:\/\/www.instagram.com\/noticiasmercedinas\/"]},{"@type":"Person","@id":"https:\/\/noticiasmercedinas.com\/site\/#\/schema\/person\/84b59c099c28ff2e8b77d4ceec5d8063","name":"NOTICIASMERCEDINAS.COM","image":{"@type":"ImageObject","inLanguage":"es","@id":"https:\/\/secure.gravatar.com\/avatar\/4dfbf16b4d17945bfb6341b2d19043457132fcf478a5ee04f42e959fd8f5df0a?s=96&d=mm&r=g","url":"https:\/\/secure.gravatar.com\/avatar\/4dfbf16b4d17945bfb6341b2d19043457132fcf478a5ee04f42e959fd8f5df0a?s=96&d=mm&r=g","contentUrl":"https:\/\/secure.gravatar.com\/avatar\/4dfbf16b4d17945bfb6341b2d19043457132fcf478a5ee04f42e959fd8f5df0a?s=96&d=mm&r=g","caption":"NOTICIASMERCEDINAS.COM"},"url":"https:\/\/noticiasmercedinas.com\/site\/author\/anonimo\/"}]}},"amp_enabled":true,"_links":{"self":[{"href":"https:\/\/noticiasmercedinas.com\/site\/wp-json\/wp\/v2\/posts\/95131","targetHints":{"allow":["GET"]}}],"collection":[{"href":"https:\/\/noticiasmercedinas.com\/site\/wp-json\/wp\/v2\/posts"}],"about":[{"href":"https:\/\/noticiasmercedinas.com\/site\/wp-json\/wp\/v2\/types\/post"}],"author":[{"embeddable":true,"href":"https:\/\/noticiasmercedinas.com\/site\/wp-json\/wp\/v2\/users\/16"}],"replies":[{"embeddable":true,"href":"https:\/\/noticiasmercedinas.com\/site\/wp-json\/wp\/v2\/comments?post=95131"}],"version-history":[{"count":2,"href":"https:\/\/noticiasmercedinas.com\/site\/wp-json\/wp\/v2\/posts\/95131\/revisions"}],"predecessor-version":[{"id":95136,"href":"https:\/\/noticiasmercedinas.com\/site\/wp-json\/wp\/v2\/posts\/95131\/revisions\/95136"}],"wp:featuredmedia":[{"embeddable":true,"href":"https:\/\/noticiasmercedinas.com\/site\/wp-json\/wp\/v2\/media\/95132"}],"wp:attachment":[{"href":"https:\/\/noticiasmercedinas.com\/site\/wp-json\/wp\/v2\/media?parent=95131"}],"wp:term":[{"taxonomy":"category","embeddable":true,"href":"https:\/\/noticiasmercedinas.com\/site\/wp-json\/wp\/v2\/categories?post=95131"},{"taxonomy":"post_tag","embeddable":true,"href":"https:\/\/noticiasmercedinas.com\/site\/wp-json\/wp\/v2\/tags?post=95131"}],"curies":[{"name":"wp","href":"https:\/\/api.w.org\/{rel}","templated":true}]}}