{"id":95311,"date":"2022-07-15T21:32:08","date_gmt":"2022-07-16T00:32:08","guid":{"rendered":"https:\/\/noticiasmercedinas.com\/site\/?p=95311"},"modified":"2022-07-15T21:32:08","modified_gmt":"2022-07-16T00:32:08","slug":"club-mercedes-defiende-su-invicto-ante-juventud-unida","status":"publish","type":"post","link":"https:\/\/noticiasmercedinas.com\/site\/2022\/07\/15\/club-mercedes-defiende-su-invicto-ante-juventud-unida\/","title":{"rendered":"Club Mercedes defiende su invicto ante Juventud Unida"},"content":{"rendered":"<figure id=\"attachment_95312\" aria-describedby=\"caption-attachment-95312\" style=\"width: 640px\" class=\"wp-caption alignnone\"><img loading=\"lazy\" decoding=\"async\" class=\"wp-image-95312 size-full\" src=\"https:\/\/noticiasmercedinas.com\/site\/wp-content\/uploads\/2022\/07\/IMG_8386.jpg\" alt=\"\" width=\"640\" height=\"405\" srcset=\"https:\/\/noticiasmercedinas.com\/site\/wp-content\/uploads\/2022\/07\/IMG_8386.jpg 640w, https:\/\/noticiasmercedinas.com\/site\/wp-content\/uploads\/2022\/07\/IMG_8386-300x190.jpg 300w\" sizes=\"auto, (max-width: 640px) 100vw, 640px\" \/><figcaption id=\"caption-attachment-95312\" class=\"wp-caption-text\">Mercedes viene de visitar a Barracas.<\/figcaption><\/figure>\n<p>La Primera D de la AFA tendr\u00e1 este s\u00e1bado 16 la disputa de la und\u00e9cima y \u00faltima fecha, libre quedar\u00e1 Argentino de Rosario en un certamen donde Centro Espa\u00f1ol ya gan\u00f3 la primera rueda. Mientras tanto, Club Mercedes vuelve a presentarse como local, donde marcha invicto, teniendo al visita de Juventud Unida (San Miguel) al que lo separan tres puntos en la tabla de posiciones.<\/p>\n<p>El \u201cRayo Rojo\u201d viene de caer 3 a 2 frente a Deportivo Paraguayo luego de estar arriba del marcador, el \u201cBlanquinegro\u201d el lunes tropez\u00f3 por 3-0 en su vista a Barracas en cancha de Deportivo Mor\u00f3n. En medio de una semana corta Walter D\u00edaz y su cuerpo t\u00e9cnico han preparado el partido para lo que vendr\u00e1, con la pr\u00e1ctica de f\u00fatbol el jueves y este viernes se trabaj\u00f3 en los \u00faltimos aspectos.<\/p>\n<p>El once inicial tendr\u00e1 cambios, saliendo Ignacio Rodr\u00edguez y Ricardo Barrientos, si se toma el once que par\u00f3 el entrenador. Jugaron Rodrigo Nicasio, El\u00edas Collazo, Domingo de Paola, Juan Pedro Gatti y Blas De Los Santos. Una zona media con Nicol\u00e1s Contardi, por derecha Laureano Torres y en la izquierda Juan Dematei, quedando para la ofensiva Franco Gatti, Nahuel Menseguez y El\u00edas Vel\u00e1zquez.<\/p>\n<p>Tras esta primera rueda no habr\u00e1 descanso y Mercedes como los restantes participantes encarar\u00e1n la segunda parte, invirti\u00e9ndose las local\u00edas. Por lo tanto, el \u201cBlanquinegro\u201d volver\u00e1 a ser local en la Liga, ser\u00e1 frente al Deportivo Mu\u00f1iz. Antes de este juego cerrar\u00e1 el fichaje de hasta cuatro jugadores, al momento no hay confirmaciones al respecto en Mercedes.<\/p>\n<p>Las localidades para el partido de Club Mercedes y Juventud Unida se han estado vendiendo en Una Pasi\u00f3n y El Bander\u00edn, este s\u00e1bado desde las 12 se podr\u00e1n conseguir en el campo de deportes de H\u00e9roes de Malvinas y 60.<\/p>\n<p><img loading=\"lazy\" decoding=\"async\" class=\"alignnone size-full wp-image-95313\" src=\"https:\/\/noticiasmercedinas.com\/site\/wp-content\/uploads\/2022\/07\/Primera-D-3.jpg\" alt=\"\" width=\"640\" height=\"374\" srcset=\"https:\/\/noticiasmercedinas.com\/site\/wp-content\/uploads\/2022\/07\/Primera-D-3.jpg 640w, https:\/\/noticiasmercedinas.com\/site\/wp-content\/uploads\/2022\/07\/Primera-D-3-300x175.jpg 300w\" sizes=\"auto, (max-width: 640px) 100vw, 640px\" \/><br \/>\n<strong><br \/>\nS\u00e1bado 16<\/strong><br \/>\nClub Mercedes ve. Juventud Unida.<br \/>\n<strong>Cancha: <\/strong>Liga Mercedina.<br \/>\n<strong>\u00c1rbitro:<\/strong> Brian Rodr\u00edguez.<br \/>\n<strong>Asistente 1: <\/strong>Jonathan Florent\u00edn.<br \/>\n<strong>Asistente 2: <\/strong>Mat\u00edas Cantero.<br \/>\n<strong>Cuarto \u00e1rbitro:<\/strong> Diego Torres.<\/p>\n<p>Yupanqui vs. Cambaceres.<br \/>\n<strong>\u00c1rbitro:<\/strong> Francisco Varano.<\/p>\n<p>Central Ballester vs. Lugano.<br \/>\n<strong>\u00c1rbitro: <\/strong>A. N\u00fa\u00f1ez Rodr\u00edguez.<\/p>\n<p>Deportivo Paraguayo vs. \u00a0Deportivo Mu\u00f1iz.<br \/>\n<strong>Cancha:<\/strong> Lugano.<br \/>\n<strong>\u00c1rbitro:<\/strong> N\u00e9stor Barrios.<\/p>\n<p>Centro Espa\u00f1ol vs. Sportivo Barracas.<br \/>\n<strong>Cancha:<\/strong> Ituzaing\u00f3.<br \/>\n<strong>\u00c1rbitro:<\/strong> David Cornejo.<\/p>\n","protected":false},"excerpt":{"rendered":"<p>\u25a0 Como local es donde el equipo se hace fuerte en la Primera D. Este s\u00e1bado jugar\u00e1 desde la 15.30 cerrando la primera rueda. La venta de entradas sigue siendo por fuera de la cancha de la Liga.<\/p>\n","protected":false},"author":6,"featured_media":95312,"comment_status":"open","ping_status":"open","sticky":false,"template":"","format":"standard","meta":{"footnotes":""},"categories":[5],"tags":[6424,135,11317,11935],"class_list":["post-95311","post","type-post","status-publish","format-standard","has-post-thumbnail","hentry","category-deportes","tag-afa","tag-club-mercedes","tag-juventud-unida","tag-primera-d"],"yoast_head":"<!-- This site is optimized with the Yoast SEO plugin v27.5 - https:\/\/yoast.com\/product\/yoast-seo-wordpress\/ -->\n<title>Club Mercedes defiende su invicto ante Juventud Unida<\/title>\n<meta name=\"robots\" content=\"index, follow, max-snippet:-1, max-image-preview:large, max-video-preview:-1\" \/>\n<link rel=\"canonical\" href=\"https:\/\/noticiasmercedinas.com\/site\/2022\/07\/15\/club-mercedes-defiende-su-invicto-ante-juventud-unida\/\" \/>\n<meta property=\"og:locale\" content=\"es_ES\" \/>\n<meta property=\"og:type\" content=\"article\" \/>\n<meta property=\"og:title\" content=\"Club Mercedes defiende su invicto ante Juventud Unida\" \/>\n<meta property=\"og:description\" content=\"\u25a0 Como local es donde el equipo se hace fuerte en la Primera D. Este s\u00e1bado jugar\u00e1 desde la 15.30 cerrando la primera rueda. La venta de entradas sigue siendo por fuera de la cancha de la Liga.\" \/>\n<meta property=\"og:url\" content=\"https:\/\/noticiasmercedinas.com\/site\/2022\/07\/15\/club-mercedes-defiende-su-invicto-ante-juventud-unida\/\" \/>\n<meta property=\"og:site_name\" content=\"NOTICIASMERCEDINAS.COM\" \/>\n<meta property=\"article:publisher\" content=\"https:\/\/www.facebook.com\/noticiasmercedinas\/\" \/>\n<meta property=\"article:published_time\" content=\"2022-07-16T00:32:08+00:00\" \/>\n<meta property=\"og:image\" content=\"https:\/\/noticiasmercedinas.com\/site\/wp-content\/uploads\/2022\/07\/IMG_8386.jpg\" \/>\n\t<meta property=\"og:image:width\" content=\"640\" \/>\n\t<meta property=\"og:image:height\" content=\"405\" \/>\n\t<meta property=\"og:image:type\" content=\"image\/jpeg\" \/>\n<meta name=\"author\" content=\"Juan Dagnino NOTICIASMERCEDINAS.COM\" \/>\n<meta name=\"twitter:card\" content=\"summary_large_image\" \/>\n<meta name=\"twitter:creator\" content=\"@notmercedinas\" \/>\n<meta name=\"twitter:site\" content=\"@notmercedinas\" \/>\n<meta name=\"twitter:label1\" content=\"Escrito por\" \/>\n\t<meta name=\"twitter:data1\" content=\"Juan Dagnino NOTICIASMERCEDINAS.COM\" \/>\n\t<meta name=\"twitter:label2\" content=\"Tiempo de lectura\" \/>\n\t<meta name=\"twitter:data2\" content=\"3 minutos\" \/>\n<script type=\"application\/ld+json\" class=\"yoast-schema-graph\">{\"@context\":\"https:\\\/\\\/schema.org\",\"@graph\":[{\"@type\":\"Article\",\"@id\":\"https:\\\/\\\/noticiasmercedinas.com\\\/site\\\/2022\\\/07\\\/15\\\/club-mercedes-defiende-su-invicto-ante-juventud-unida\\\/#article\",\"isPartOf\":{\"@id\":\"https:\\\/\\\/noticiasmercedinas.com\\\/site\\\/2022\\\/07\\\/15\\\/club-mercedes-defiende-su-invicto-ante-juventud-unida\\\/\"},\"author\":{\"name\":\"Juan Dagnino NOTICIASMERCEDINAS.COM\",\"@id\":\"https:\\\/\\\/noticiasmercedinas.com\\\/site\\\/#\\\/schema\\\/person\\\/8f2f09d666ef40986eba4a5e6f2a06f9\"},\"headline\":\"Club Mercedes defiende su invicto ante Juventud Unida\",\"datePublished\":\"2022-07-16T00:32:08+00:00\",\"mainEntityOfPage\":{\"@id\":\"https:\\\/\\\/noticiasmercedinas.com\\\/site\\\/2022\\\/07\\\/15\\\/club-mercedes-defiende-su-invicto-ante-juventud-unida\\\/\"},\"wordCount\":400,\"commentCount\":0,\"publisher\":{\"@id\":\"https:\\\/\\\/noticiasmercedinas.com\\\/site\\\/#organization\"},\"image\":{\"@id\":\"https:\\\/\\\/noticiasmercedinas.com\\\/site\\\/2022\\\/07\\\/15\\\/club-mercedes-defiende-su-invicto-ante-juventud-unida\\\/#primaryimage\"},\"thumbnailUrl\":\"https:\\\/\\\/noticiasmercedinas.com\\\/site\\\/wp-content\\\/uploads\\\/2022\\\/07\\\/IMG_8386.jpg\",\"keywords\":[\"AFA\",\"club mercedes\",\"juventud unida\",\"Primera D\"],\"articleSection\":[\"Deportes\"],\"inLanguage\":\"es\",\"potentialAction\":[{\"@type\":\"CommentAction\",\"name\":\"Comment\",\"target\":[\"https:\\\/\\\/noticiasmercedinas.com\\\/site\\\/2022\\\/07\\\/15\\\/club-mercedes-defiende-su-invicto-ante-juventud-unida\\\/#respond\"]}]},{\"@type\":\"WebPage\",\"@id\":\"https:\\\/\\\/noticiasmercedinas.com\\\/site\\\/2022\\\/07\\\/15\\\/club-mercedes-defiende-su-invicto-ante-juventud-unida\\\/\",\"url\":\"https:\\\/\\\/noticiasmercedinas.com\\\/site\\\/2022\\\/07\\\/15\\\/club-mercedes-defiende-su-invicto-ante-juventud-unida\\\/\",\"name\":\"Club Mercedes defiende su invicto ante Juventud Unida\",\"isPartOf\":{\"@id\":\"https:\\\/\\\/noticiasmercedinas.com\\\/site\\\/#website\"},\"primaryImageOfPage\":{\"@id\":\"https:\\\/\\\/noticiasmercedinas.com\\\/site\\\/2022\\\/07\\\/15\\\/club-mercedes-defiende-su-invicto-ante-juventud-unida\\\/#primaryimage\"},\"image\":{\"@id\":\"https:\\\/\\\/noticiasmercedinas.com\\\/site\\\/2022\\\/07\\\/15\\\/club-mercedes-defiende-su-invicto-ante-juventud-unida\\\/#primaryimage\"},\"thumbnailUrl\":\"https:\\\/\\\/noticiasmercedinas.com\\\/site\\\/wp-content\\\/uploads\\\/2022\\\/07\\\/IMG_8386.jpg\",\"datePublished\":\"2022-07-16T00:32:08+00:00\",\"breadcrumb\":{\"@id\":\"https:\\\/\\\/noticiasmercedinas.com\\\/site\\\/2022\\\/07\\\/15\\\/club-mercedes-defiende-su-invicto-ante-juventud-unida\\\/#breadcrumb\"},\"inLanguage\":\"es\",\"potentialAction\":[{\"@type\":\"ReadAction\",\"target\":[\"https:\\\/\\\/noticiasmercedinas.com\\\/site\\\/2022\\\/07\\\/15\\\/club-mercedes-defiende-su-invicto-ante-juventud-unida\\\/\"]}]},{\"@type\":\"ImageObject\",\"inLanguage\":\"es\",\"@id\":\"https:\\\/\\\/noticiasmercedinas.com\\\/site\\\/2022\\\/07\\\/15\\\/club-mercedes-defiende-su-invicto-ante-juventud-unida\\\/#primaryimage\",\"url\":\"https:\\\/\\\/noticiasmercedinas.com\\\/site\\\/wp-content\\\/uploads\\\/2022\\\/07\\\/IMG_8386.jpg\",\"contentUrl\":\"https:\\\/\\\/noticiasmercedinas.com\\\/site\\\/wp-content\\\/uploads\\\/2022\\\/07\\\/IMG_8386.jpg\",\"width\":640,\"height\":405},{\"@type\":\"BreadcrumbList\",\"@id\":\"https:\\\/\\\/noticiasmercedinas.com\\\/site\\\/2022\\\/07\\\/15\\\/club-mercedes-defiende-su-invicto-ante-juventud-unida\\\/#breadcrumb\",\"itemListElement\":[{\"@type\":\"ListItem\",\"position\":1,\"name\":\"Portada\",\"item\":\"https:\\\/\\\/noticiasmercedinas.com\\\/site\\\/\"},{\"@type\":\"ListItem\",\"position\":2,\"name\":\"Club Mercedes defiende su invicto ante Juventud Unida\"}]},{\"@type\":\"WebSite\",\"@id\":\"https:\\\/\\\/noticiasmercedinas.com\\\/site\\\/#website\",\"url\":\"https:\\\/\\\/noticiasmercedinas.com\\\/site\\\/\",\"name\":\"NOTICIASMERCEDINAS.COM\",\"description\":\"Mercedes, Buenos Aires, Argentina\",\"publisher\":{\"@id\":\"https:\\\/\\\/noticiasmercedinas.com\\\/site\\\/#organization\"},\"potentialAction\":[{\"@type\":\"SearchAction\",\"target\":{\"@type\":\"EntryPoint\",\"urlTemplate\":\"https:\\\/\\\/noticiasmercedinas.com\\\/site\\\/?s={search_term_string}\"},\"query-input\":{\"@type\":\"PropertyValueSpecification\",\"valueRequired\":true,\"valueName\":\"search_term_string\"}}],\"inLanguage\":\"es\"},{\"@type\":\"Organization\",\"@id\":\"https:\\\/\\\/noticiasmercedinas.com\\\/site\\\/#organization\",\"name\":\"NOTICIASMERCEDINAS.COM\",\"url\":\"https:\\\/\\\/noticiasmercedinas.com\\\/site\\\/\",\"logo\":{\"@type\":\"ImageObject\",\"inLanguage\":\"es\",\"@id\":\"https:\\\/\\\/noticiasmercedinas.com\\\/site\\\/#\\\/schema\\\/logo\\\/image\\\/\",\"url\":\"https:\\\/\\\/noticiasmercedinas.com\\\/site\\\/wp-content\\\/uploads\\\/2020\\\/06\\\/LOGO-512.jpg\",\"contentUrl\":\"https:\\\/\\\/noticiasmercedinas.com\\\/site\\\/wp-content\\\/uploads\\\/2020\\\/06\\\/LOGO-512.jpg\",\"width\":512,\"height\":512,\"caption\":\"NOTICIASMERCEDINAS.COM\"},\"image\":{\"@id\":\"https:\\\/\\\/noticiasmercedinas.com\\\/site\\\/#\\\/schema\\\/logo\\\/image\\\/\"},\"sameAs\":[\"https:\\\/\\\/www.facebook.com\\\/noticiasmercedinas\\\/\",\"https:\\\/\\\/x.com\\\/notmercedinas\",\"https:\\\/\\\/www.instagram.com\\\/noticiasmercedinas\\\/\"]},{\"@type\":\"Person\",\"@id\":\"https:\\\/\\\/noticiasmercedinas.com\\\/site\\\/#\\\/schema\\\/person\\\/8f2f09d666ef40986eba4a5e6f2a06f9\",\"name\":\"Juan Dagnino NOTICIASMERCEDINAS.COM\",\"image\":{\"@type\":\"ImageObject\",\"inLanguage\":\"es\",\"@id\":\"https:\\\/\\\/secure.gravatar.com\\\/avatar\\\/fc7059a769f5a3cae65fadb228a3e4accf3a64b4b2305020d0a27e6d5333c91b?s=96&d=mm&r=g\",\"url\":\"https:\\\/\\\/secure.gravatar.com\\\/avatar\\\/fc7059a769f5a3cae65fadb228a3e4accf3a64b4b2305020d0a27e6d5333c91b?s=96&d=mm&r=g\",\"contentUrl\":\"https:\\\/\\\/secure.gravatar.com\\\/avatar\\\/fc7059a769f5a3cae65fadb228a3e4accf3a64b4b2305020d0a27e6d5333c91b?s=96&d=mm&r=g\",\"caption\":\"Juan Dagnino NOTICIASMERCEDINAS.COM\"},\"url\":\"https:\\\/\\\/noticiasmercedinas.com\\\/site\\\/author\\\/juandagnino\\\/\"}]}<\/script>\n<!-- \/ Yoast SEO plugin. -->","yoast_head_json":{"title":"Club Mercedes defiende su invicto ante Juventud Unida","robots":{"index":"index","follow":"follow","max-snippet":"max-snippet:-1","max-image-preview":"max-image-preview:large","max-video-preview":"max-video-preview:-1"},"canonical":"https:\/\/noticiasmercedinas.com\/site\/2022\/07\/15\/club-mercedes-defiende-su-invicto-ante-juventud-unida\/","og_locale":"es_ES","og_type":"article","og_title":"Club Mercedes defiende su invicto ante Juventud Unida","og_description":"\u25a0 Como local es donde el equipo se hace fuerte en la Primera D. Este s\u00e1bado jugar\u00e1 desde la 15.30 cerrando la primera rueda. La venta de entradas sigue siendo por fuera de la cancha de la Liga.","og_url":"https:\/\/noticiasmercedinas.com\/site\/2022\/07\/15\/club-mercedes-defiende-su-invicto-ante-juventud-unida\/","og_site_name":"NOTICIASMERCEDINAS.COM","article_publisher":"https:\/\/www.facebook.com\/noticiasmercedinas\/","article_published_time":"2022-07-16T00:32:08+00:00","og_image":[{"width":640,"height":405,"url":"https:\/\/noticiasmercedinas.com\/site\/wp-content\/uploads\/2022\/07\/IMG_8386.jpg","type":"image\/jpeg"}],"author":"Juan Dagnino NOTICIASMERCEDINAS.COM","twitter_card":"summary_large_image","twitter_creator":"@notmercedinas","twitter_site":"@notmercedinas","twitter_misc":{"Escrito por":"Juan Dagnino NOTICIASMERCEDINAS.COM","Tiempo de lectura":"3 minutos"},"schema":{"@context":"https:\/\/schema.org","@graph":[{"@type":"Article","@id":"https:\/\/noticiasmercedinas.com\/site\/2022\/07\/15\/club-mercedes-defiende-su-invicto-ante-juventud-unida\/#article","isPartOf":{"@id":"https:\/\/noticiasmercedinas.com\/site\/2022\/07\/15\/club-mercedes-defiende-su-invicto-ante-juventud-unida\/"},"author":{"name":"Juan Dagnino NOTICIASMERCEDINAS.COM","@id":"https:\/\/noticiasmercedinas.com\/site\/#\/schema\/person\/8f2f09d666ef40986eba4a5e6f2a06f9"},"headline":"Club Mercedes defiende su invicto ante Juventud Unida","datePublished":"2022-07-16T00:32:08+00:00","mainEntityOfPage":{"@id":"https:\/\/noticiasmercedinas.com\/site\/2022\/07\/15\/club-mercedes-defiende-su-invicto-ante-juventud-unida\/"},"wordCount":400,"commentCount":0,"publisher":{"@id":"https:\/\/noticiasmercedinas.com\/site\/#organization"},"image":{"@id":"https:\/\/noticiasmercedinas.com\/site\/2022\/07\/15\/club-mercedes-defiende-su-invicto-ante-juventud-unida\/#primaryimage"},"thumbnailUrl":"https:\/\/noticiasmercedinas.com\/site\/wp-content\/uploads\/2022\/07\/IMG_8386.jpg","keywords":["AFA","club mercedes","juventud unida","Primera D"],"articleSection":["Deportes"],"inLanguage":"es","potentialAction":[{"@type":"CommentAction","name":"Comment","target":["https:\/\/noticiasmercedinas.com\/site\/2022\/07\/15\/club-mercedes-defiende-su-invicto-ante-juventud-unida\/#respond"]}]},{"@type":"WebPage","@id":"https:\/\/noticiasmercedinas.com\/site\/2022\/07\/15\/club-mercedes-defiende-su-invicto-ante-juventud-unida\/","url":"https:\/\/noticiasmercedinas.com\/site\/2022\/07\/15\/club-mercedes-defiende-su-invicto-ante-juventud-unida\/","name":"Club Mercedes defiende su invicto ante Juventud Unida","isPartOf":{"@id":"https:\/\/noticiasmercedinas.com\/site\/#website"},"primaryImageOfPage":{"@id":"https:\/\/noticiasmercedinas.com\/site\/2022\/07\/15\/club-mercedes-defiende-su-invicto-ante-juventud-unida\/#primaryimage"},"image":{"@id":"https:\/\/noticiasmercedinas.com\/site\/2022\/07\/15\/club-mercedes-defiende-su-invicto-ante-juventud-unida\/#primaryimage"},"thumbnailUrl":"https:\/\/noticiasmercedinas.com\/site\/wp-content\/uploads\/2022\/07\/IMG_8386.jpg","datePublished":"2022-07-16T00:32:08+00:00","breadcrumb":{"@id":"https:\/\/noticiasmercedinas.com\/site\/2022\/07\/15\/club-mercedes-defiende-su-invicto-ante-juventud-unida\/#breadcrumb"},"inLanguage":"es","potentialAction":[{"@type":"ReadAction","target":["https:\/\/noticiasmercedinas.com\/site\/2022\/07\/15\/club-mercedes-defiende-su-invicto-ante-juventud-unida\/"]}]},{"@type":"ImageObject","inLanguage":"es","@id":"https:\/\/noticiasmercedinas.com\/site\/2022\/07\/15\/club-mercedes-defiende-su-invicto-ante-juventud-unida\/#primaryimage","url":"https:\/\/noticiasmercedinas.com\/site\/wp-content\/uploads\/2022\/07\/IMG_8386.jpg","contentUrl":"https:\/\/noticiasmercedinas.com\/site\/wp-content\/uploads\/2022\/07\/IMG_8386.jpg","width":640,"height":405},{"@type":"BreadcrumbList","@id":"https:\/\/noticiasmercedinas.com\/site\/2022\/07\/15\/club-mercedes-defiende-su-invicto-ante-juventud-unida\/#breadcrumb","itemListElement":[{"@type":"ListItem","position":1,"name":"Portada","item":"https:\/\/noticiasmercedinas.com\/site\/"},{"@type":"ListItem","position":2,"name":"Club Mercedes defiende su invicto ante Juventud Unida"}]},{"@type":"WebSite","@id":"https:\/\/noticiasmercedinas.com\/site\/#website","url":"https:\/\/noticiasmercedinas.com\/site\/","name":"NOTICIASMERCEDINAS.COM","description":"Mercedes, Buenos Aires, Argentina","publisher":{"@id":"https:\/\/noticiasmercedinas.com\/site\/#organization"},"potentialAction":[{"@type":"SearchAction","target":{"@type":"EntryPoint","urlTemplate":"https:\/\/noticiasmercedinas.com\/site\/?s={search_term_string}"},"query-input":{"@type":"PropertyValueSpecification","valueRequired":true,"valueName":"search_term_string"}}],"inLanguage":"es"},{"@type":"Organization","@id":"https:\/\/noticiasmercedinas.com\/site\/#organization","name":"NOTICIASMERCEDINAS.COM","url":"https:\/\/noticiasmercedinas.com\/site\/","logo":{"@type":"ImageObject","inLanguage":"es","@id":"https:\/\/noticiasmercedinas.com\/site\/#\/schema\/logo\/image\/","url":"https:\/\/noticiasmercedinas.com\/site\/wp-content\/uploads\/2020\/06\/LOGO-512.jpg","contentUrl":"https:\/\/noticiasmercedinas.com\/site\/wp-content\/uploads\/2020\/06\/LOGO-512.jpg","width":512,"height":512,"caption":"NOTICIASMERCEDINAS.COM"},"image":{"@id":"https:\/\/noticiasmercedinas.com\/site\/#\/schema\/logo\/image\/"},"sameAs":["https:\/\/www.facebook.com\/noticiasmercedinas\/","https:\/\/x.com\/notmercedinas","https:\/\/www.instagram.com\/noticiasmercedinas\/"]},{"@type":"Person","@id":"https:\/\/noticiasmercedinas.com\/site\/#\/schema\/person\/8f2f09d666ef40986eba4a5e6f2a06f9","name":"Juan Dagnino NOTICIASMERCEDINAS.COM","image":{"@type":"ImageObject","inLanguage":"es","@id":"https:\/\/secure.gravatar.com\/avatar\/fc7059a769f5a3cae65fadb228a3e4accf3a64b4b2305020d0a27e6d5333c91b?s=96&d=mm&r=g","url":"https:\/\/secure.gravatar.com\/avatar\/fc7059a769f5a3cae65fadb228a3e4accf3a64b4b2305020d0a27e6d5333c91b?s=96&d=mm&r=g","contentUrl":"https:\/\/secure.gravatar.com\/avatar\/fc7059a769f5a3cae65fadb228a3e4accf3a64b4b2305020d0a27e6d5333c91b?s=96&d=mm&r=g","caption":"Juan Dagnino NOTICIASMERCEDINAS.COM"},"url":"https:\/\/noticiasmercedinas.com\/site\/author\/juandagnino\/"}]}},"amp_enabled":true,"_links":{"self":[{"href":"https:\/\/noticiasmercedinas.com\/site\/wp-json\/wp\/v2\/posts\/95311","targetHints":{"allow":["GET"]}}],"collection":[{"href":"https:\/\/noticiasmercedinas.com\/site\/wp-json\/wp\/v2\/posts"}],"about":[{"href":"https:\/\/noticiasmercedinas.com\/site\/wp-json\/wp\/v2\/types\/post"}],"author":[{"embeddable":true,"href":"https:\/\/noticiasmercedinas.com\/site\/wp-json\/wp\/v2\/users\/6"}],"replies":[{"embeddable":true,"href":"https:\/\/noticiasmercedinas.com\/site\/wp-json\/wp\/v2\/comments?post=95311"}],"version-history":[{"count":1,"href":"https:\/\/noticiasmercedinas.com\/site\/wp-json\/wp\/v2\/posts\/95311\/revisions"}],"predecessor-version":[{"id":95314,"href":"https:\/\/noticiasmercedinas.com\/site\/wp-json\/wp\/v2\/posts\/95311\/revisions\/95314"}],"wp:featuredmedia":[{"embeddable":true,"href":"https:\/\/noticiasmercedinas.com\/site\/wp-json\/wp\/v2\/media\/95312"}],"wp:attachment":[{"href":"https:\/\/noticiasmercedinas.com\/site\/wp-json\/wp\/v2\/media?parent=95311"}],"wp:term":[{"taxonomy":"category","embeddable":true,"href":"https:\/\/noticiasmercedinas.com\/site\/wp-json\/wp\/v2\/categories?post=95311"},{"taxonomy":"post_tag","embeddable":true,"href":"https:\/\/noticiasmercedinas.com\/site\/wp-json\/wp\/v2\/tags?post=95311"}],"curies":[{"name":"wp","href":"https:\/\/api.w.org\/{rel}","templated":true}]}}