{"id":95375,"date":"2022-07-17T09:25:22","date_gmt":"2022-07-17T12:25:22","guid":{"rendered":"https:\/\/noticiasmercedinas.com\/site\/?p=95375"},"modified":"2022-07-17T09:25:22","modified_gmt":"2022-07-17T12:25:22","slug":"observatorio-vial-informa-mayor-uso-de-casco-en-motos","status":"publish","type":"post","link":"https:\/\/noticiasmercedinas.com\/site\/2022\/07\/17\/observatorio-vial-informa-mayor-uso-de-casco-en-motos\/","title":{"rendered":"Observatorio Vial informa mayor uso de casco en motos"},"content":{"rendered":"<p><a href=\"https:\/\/noticiasmercedinas.com\/site\/wp-content\/uploads\/2019\/04\/use-casco-cuando-viaje-en-moto.jpg\"><img loading=\"lazy\" decoding=\"async\" class=\"alignnone size-full wp-image-16698\" src=\"https:\/\/noticiasmercedinas.com\/site\/wp-content\/uploads\/2019\/04\/use-casco-cuando-viaje-en-moto.jpg\" alt=\"\" width=\"710\" height=\"400\" srcset=\"https:\/\/noticiasmercedinas.com\/site\/wp-content\/uploads\/2019\/04\/use-casco-cuando-viaje-en-moto.jpg 710w, https:\/\/noticiasmercedinas.com\/site\/wp-content\/uploads\/2019\/04\/use-casco-cuando-viaje-en-moto-300x169.jpg 300w, https:\/\/noticiasmercedinas.com\/site\/wp-content\/uploads\/2019\/04\/use-casco-cuando-viaje-en-moto-640x361.jpg 640w, https:\/\/noticiasmercedinas.com\/site\/wp-content\/uploads\/2019\/04\/use-casco-cuando-viaje-en-moto-681x384.jpg 681w\" sizes=\"auto, (max-width: 710px) 100vw, 710px\" \/><\/a><\/p>\n<p>El 35 por ciento de las motos que circulan en Mercedes trasladan a su conductor y acompa\u00f1antes con casco colocado, seg\u00fan un informe presentado por el Observatorio de Seguridad Vial dependiente de la Secretar\u00eda de Seguridad del Municipio.<\/p>\n<p>La medici\u00f3n efectuada en 2022 revela un fuerte aumento del uso de la protecci\u00f3n, ya que en los 2021 y 2022 s\u00f3lo alcanzaba al 22 por ciento de los motociclistas, inform\u00f3 J\u00e9sica Azar, soci\u00f3loga y metod\u00f3loga, responsable de la Direcci\u00f3n de Investigaci\u00f3n Accidentol\u00f3gica del Observatorio.<\/p>\n<p>Azar destac\u00f3 que en el caso espec\u00edfico del conductor del veh\u00edculo se registr\u00f3 un salto del 22 al 38 por ciento, mientras que en el caso de los acompa\u00f1antes subi\u00f3 del 9 al 15 por ciento. \u201cSe increment\u00f3 de manera pareja, tanto en hombres como en mujeres\u201d, detall\u00f3 Azar.<\/p>\n<p><a href=\"https:\/\/noticiasmercedinas.com\/site\/wp-content\/uploads\/2022\/07\/DSC08995.jpg\"><img loading=\"lazy\" decoding=\"async\" class=\"alignnone size-full wp-image-95376\" src=\"https:\/\/noticiasmercedinas.com\/site\/wp-content\/uploads\/2022\/07\/DSC08995.jpg\" alt=\"\" width=\"922\" height=\"615\" srcset=\"https:\/\/noticiasmercedinas.com\/site\/wp-content\/uploads\/2022\/07\/DSC08995.jpg 922w, https:\/\/noticiasmercedinas.com\/site\/wp-content\/uploads\/2022\/07\/DSC08995-300x200.jpg 300w, https:\/\/noticiasmercedinas.com\/site\/wp-content\/uploads\/2022\/07\/DSC08995-768x512.jpg 768w, https:\/\/noticiasmercedinas.com\/site\/wp-content\/uploads\/2022\/07\/DSC08995-640x427.jpg 640w, https:\/\/noticiasmercedinas.com\/site\/wp-content\/uploads\/2022\/07\/DSC08995-681x454.jpg 681w\" sizes=\"auto, (max-width: 922px) 100vw, 922px\" \/><\/a><\/p>\n<blockquote><p>En el caso de los acompa\u00f1antes el uso del casco subi\u00f3 del 9 al 15 por ciento.<\/p><\/blockquote>\n<p>La mejora alcanz\u00f3 a todas las franjas etarias: en el rango que va de los 15 a los 44 a\u00f1os pas\u00f3 del 12 al 25 por ciento y las motos que trasladan a menores de 15 a\u00f1os aumentaron el uso del casco del 11 al 17 por ciento, \u201cun dato importante en cuanto a la problem\u00e1tica infantil\u201d.<\/p>\n<p>\u201cLos datos son fluctuantes, por eso es fundamental tener siempre presente y activas las campa\u00f1as de educaci\u00f3n vial\u201d, advirti\u00f3 la especialista en una presentaci\u00f3n con funcionarios municipales y de la Agencia Nacional de Seguridad Vial.<\/p>\n<p>El secretario de seguridad, Gonzalo Anselmo, se\u00f1al\u00f3 que \u201ca\u00fan no estamos en valores ideales\u201d. \u201cSi bien estamos contentos con los resultados, debemos tomarlo con los cuidados que el caso amerita\u201d, explic\u00f3 el funcionario.<\/p>\n<p>Por su parte, Nancy Okos, coordinadora de Seguridad, resalt\u00f3 que \u201cse est\u00e1n realizando operativos a diario, el Estado est\u00e1 presente, elabora pol\u00edticas p\u00fablicas, prevenci\u00f3n, formaci\u00f3n, educaci\u00f3n, est\u00e1 el control, pero si cada uno de nosotros como responsables primarios no tomamos el contexto de gravedad de lo que puede pasar, es m\u00e1s complicado\u201d.<\/p>\n<p>En tanto, Jorge Rabino, de la Agencia de Seguridad Vial se\u00f1al\u00f3 que \u201chan logrado que el casco pase del codo a la cabeza, en el primer informe fue del 10% y ahora se ha bajado al 2%, eso significa que el control es efectivo\u201d.<\/p>\n<p><a href=\"https:\/\/noticiasmercedinas.com\/site\/wp-content\/uploads\/2022\/07\/DSC09021.jpg\"><img loading=\"lazy\" decoding=\"async\" class=\"alignnone size-full wp-image-95377\" src=\"https:\/\/noticiasmercedinas.com\/site\/wp-content\/uploads\/2022\/07\/DSC09021.jpg\" alt=\"\" width=\"922\" height=\"615\" srcset=\"https:\/\/noticiasmercedinas.com\/site\/wp-content\/uploads\/2022\/07\/DSC09021.jpg 922w, https:\/\/noticiasmercedinas.com\/site\/wp-content\/uploads\/2022\/07\/DSC09021-300x200.jpg 300w, https:\/\/noticiasmercedinas.com\/site\/wp-content\/uploads\/2022\/07\/DSC09021-768x512.jpg 768w, https:\/\/noticiasmercedinas.com\/site\/wp-content\/uploads\/2022\/07\/DSC09021-640x427.jpg 640w, https:\/\/noticiasmercedinas.com\/site\/wp-content\/uploads\/2022\/07\/DSC09021-681x454.jpg 681w\" sizes=\"auto, (max-width: 922px) 100vw, 922px\" \/><\/a><\/p>\n","protected":false},"excerpt":{"rendered":"<p>\u25a0 Pas\u00f3 del 22 al 38 por ciento entre los conductores, en el marco de un incremento general para 2022. Destacan importancia de las campa\u00f1as de educaci\u00f3n vial.<\/p>\n","protected":false},"author":16,"featured_media":16698,"comment_status":"open","ping_status":"open","sticky":false,"template":"","format":"standard","meta":{"footnotes":""},"categories":[7],"tags":[704,10088,14846],"class_list":["post-95375","post","type-post","status-publish","format-standard","has-post-thumbnail","hentry","category-policiales","tag-casco","tag-motocicletas","tag-observatorio-de-seguridad-vial"],"yoast_head":"<!-- This site is optimized with the Yoast SEO plugin v27.5 - https:\/\/yoast.com\/product\/yoast-seo-wordpress\/ -->\n<title>Observatorio Vial informa mayor uso de casco en motos<\/title>\n<meta name=\"robots\" content=\"index, follow, max-snippet:-1, max-image-preview:large, max-video-preview:-1\" \/>\n<link rel=\"canonical\" href=\"https:\/\/noticiasmercedinas.com\/site\/2022\/07\/17\/observatorio-vial-informa-mayor-uso-de-casco-en-motos\/\" \/>\n<meta property=\"og:locale\" content=\"es_ES\" \/>\n<meta property=\"og:type\" content=\"article\" \/>\n<meta property=\"og:title\" content=\"Observatorio Vial informa mayor uso de casco en motos\" \/>\n<meta property=\"og:description\" content=\"\u25a0 Pas\u00f3 del 22 al 38 por ciento entre los conductores, en el marco de un incremento general para 2022. Destacan importancia de las campa\u00f1as de educaci\u00f3n vial.\" \/>\n<meta property=\"og:url\" content=\"https:\/\/noticiasmercedinas.com\/site\/2022\/07\/17\/observatorio-vial-informa-mayor-uso-de-casco-en-motos\/\" \/>\n<meta property=\"og:site_name\" content=\"NOTICIASMERCEDINAS.COM\" \/>\n<meta property=\"article:publisher\" content=\"https:\/\/www.facebook.com\/noticiasmercedinas\/\" \/>\n<meta property=\"article:published_time\" content=\"2022-07-17T12:25:22+00:00\" \/>\n<meta property=\"og:image\" content=\"https:\/\/noticiasmercedinas.com\/site\/wp-content\/uploads\/2019\/04\/use-casco-cuando-viaje-en-moto.jpg\" \/>\n\t<meta property=\"og:image:width\" content=\"710\" \/>\n\t<meta property=\"og:image:height\" content=\"400\" \/>\n\t<meta property=\"og:image:type\" content=\"image\/jpeg\" \/>\n<meta name=\"author\" content=\"NOTICIASMERCEDINAS.COM\" \/>\n<meta name=\"twitter:card\" content=\"summary_large_image\" \/>\n<meta name=\"twitter:creator\" content=\"@notmercedinas\" \/>\n<meta name=\"twitter:site\" content=\"@notmercedinas\" \/>\n<meta name=\"twitter:label1\" content=\"Escrito por\" \/>\n\t<meta name=\"twitter:data1\" content=\"NOTICIASMERCEDINAS.COM\" \/>\n\t<meta name=\"twitter:label2\" content=\"Tiempo de lectura\" \/>\n\t<meta name=\"twitter:data2\" content=\"3 minutos\" \/>\n<script type=\"application\/ld+json\" class=\"yoast-schema-graph\">{\"@context\":\"https:\\\/\\\/schema.org\",\"@graph\":[{\"@type\":\"Article\",\"@id\":\"https:\\\/\\\/noticiasmercedinas.com\\\/site\\\/2022\\\/07\\\/17\\\/observatorio-vial-informa-mayor-uso-de-casco-en-motos\\\/#article\",\"isPartOf\":{\"@id\":\"https:\\\/\\\/noticiasmercedinas.com\\\/site\\\/2022\\\/07\\\/17\\\/observatorio-vial-informa-mayor-uso-de-casco-en-motos\\\/\"},\"author\":{\"name\":\"NOTICIASMERCEDINAS.COM\",\"@id\":\"https:\\\/\\\/noticiasmercedinas.com\\\/site\\\/#\\\/schema\\\/person\\\/84b59c099c28ff2e8b77d4ceec5d8063\"},\"headline\":\"Observatorio Vial informa mayor uso de casco en motos\",\"datePublished\":\"2022-07-17T12:25:22+00:00\",\"mainEntityOfPage\":{\"@id\":\"https:\\\/\\\/noticiasmercedinas.com\\\/site\\\/2022\\\/07\\\/17\\\/observatorio-vial-informa-mayor-uso-de-casco-en-motos\\\/\"},\"wordCount\":391,\"commentCount\":0,\"publisher\":{\"@id\":\"https:\\\/\\\/noticiasmercedinas.com\\\/site\\\/#organization\"},\"image\":{\"@id\":\"https:\\\/\\\/noticiasmercedinas.com\\\/site\\\/2022\\\/07\\\/17\\\/observatorio-vial-informa-mayor-uso-de-casco-en-motos\\\/#primaryimage\"},\"thumbnailUrl\":\"https:\\\/\\\/noticiasmercedinas.com\\\/site\\\/wp-content\\\/uploads\\\/2019\\\/04\\\/use-casco-cuando-viaje-en-moto.jpg\",\"keywords\":[\"casco\",\"motocicletas\",\"Observatorio de Seguridad Vial\"],\"articleSection\":[\"Seguridad\"],\"inLanguage\":\"es\",\"potentialAction\":[{\"@type\":\"CommentAction\",\"name\":\"Comment\",\"target\":[\"https:\\\/\\\/noticiasmercedinas.com\\\/site\\\/2022\\\/07\\\/17\\\/observatorio-vial-informa-mayor-uso-de-casco-en-motos\\\/#respond\"]}]},{\"@type\":\"WebPage\",\"@id\":\"https:\\\/\\\/noticiasmercedinas.com\\\/site\\\/2022\\\/07\\\/17\\\/observatorio-vial-informa-mayor-uso-de-casco-en-motos\\\/\",\"url\":\"https:\\\/\\\/noticiasmercedinas.com\\\/site\\\/2022\\\/07\\\/17\\\/observatorio-vial-informa-mayor-uso-de-casco-en-motos\\\/\",\"name\":\"Observatorio Vial informa mayor uso de casco en motos\",\"isPartOf\":{\"@id\":\"https:\\\/\\\/noticiasmercedinas.com\\\/site\\\/#website\"},\"primaryImageOfPage\":{\"@id\":\"https:\\\/\\\/noticiasmercedinas.com\\\/site\\\/2022\\\/07\\\/17\\\/observatorio-vial-informa-mayor-uso-de-casco-en-motos\\\/#primaryimage\"},\"image\":{\"@id\":\"https:\\\/\\\/noticiasmercedinas.com\\\/site\\\/2022\\\/07\\\/17\\\/observatorio-vial-informa-mayor-uso-de-casco-en-motos\\\/#primaryimage\"},\"thumbnailUrl\":\"https:\\\/\\\/noticiasmercedinas.com\\\/site\\\/wp-content\\\/uploads\\\/2019\\\/04\\\/use-casco-cuando-viaje-en-moto.jpg\",\"datePublished\":\"2022-07-17T12:25:22+00:00\",\"breadcrumb\":{\"@id\":\"https:\\\/\\\/noticiasmercedinas.com\\\/site\\\/2022\\\/07\\\/17\\\/observatorio-vial-informa-mayor-uso-de-casco-en-motos\\\/#breadcrumb\"},\"inLanguage\":\"es\",\"potentialAction\":[{\"@type\":\"ReadAction\",\"target\":[\"https:\\\/\\\/noticiasmercedinas.com\\\/site\\\/2022\\\/07\\\/17\\\/observatorio-vial-informa-mayor-uso-de-casco-en-motos\\\/\"]}]},{\"@type\":\"ImageObject\",\"inLanguage\":\"es\",\"@id\":\"https:\\\/\\\/noticiasmercedinas.com\\\/site\\\/2022\\\/07\\\/17\\\/observatorio-vial-informa-mayor-uso-de-casco-en-motos\\\/#primaryimage\",\"url\":\"https:\\\/\\\/noticiasmercedinas.com\\\/site\\\/wp-content\\\/uploads\\\/2019\\\/04\\\/use-casco-cuando-viaje-en-moto.jpg\",\"contentUrl\":\"https:\\\/\\\/noticiasmercedinas.com\\\/site\\\/wp-content\\\/uploads\\\/2019\\\/04\\\/use-casco-cuando-viaje-en-moto.jpg\",\"width\":710,\"height\":400},{\"@type\":\"BreadcrumbList\",\"@id\":\"https:\\\/\\\/noticiasmercedinas.com\\\/site\\\/2022\\\/07\\\/17\\\/observatorio-vial-informa-mayor-uso-de-casco-en-motos\\\/#breadcrumb\",\"itemListElement\":[{\"@type\":\"ListItem\",\"position\":1,\"name\":\"Portada\",\"item\":\"https:\\\/\\\/noticiasmercedinas.com\\\/site\\\/\"},{\"@type\":\"ListItem\",\"position\":2,\"name\":\"Observatorio Vial informa mayor uso de casco en motos\"}]},{\"@type\":\"WebSite\",\"@id\":\"https:\\\/\\\/noticiasmercedinas.com\\\/site\\\/#website\",\"url\":\"https:\\\/\\\/noticiasmercedinas.com\\\/site\\\/\",\"name\":\"NOTICIASMERCEDINAS.COM\",\"description\":\"Mercedes, Buenos Aires, Argentina\",\"publisher\":{\"@id\":\"https:\\\/\\\/noticiasmercedinas.com\\\/site\\\/#organization\"},\"potentialAction\":[{\"@type\":\"SearchAction\",\"target\":{\"@type\":\"EntryPoint\",\"urlTemplate\":\"https:\\\/\\\/noticiasmercedinas.com\\\/site\\\/?s={search_term_string}\"},\"query-input\":{\"@type\":\"PropertyValueSpecification\",\"valueRequired\":true,\"valueName\":\"search_term_string\"}}],\"inLanguage\":\"es\"},{\"@type\":\"Organization\",\"@id\":\"https:\\\/\\\/noticiasmercedinas.com\\\/site\\\/#organization\",\"name\":\"NOTICIASMERCEDINAS.COM\",\"url\":\"https:\\\/\\\/noticiasmercedinas.com\\\/site\\\/\",\"logo\":{\"@type\":\"ImageObject\",\"inLanguage\":\"es\",\"@id\":\"https:\\\/\\\/noticiasmercedinas.com\\\/site\\\/#\\\/schema\\\/logo\\\/image\\\/\",\"url\":\"https:\\\/\\\/noticiasmercedinas.com\\\/site\\\/wp-content\\\/uploads\\\/2020\\\/06\\\/LOGO-512.jpg\",\"contentUrl\":\"https:\\\/\\\/noticiasmercedinas.com\\\/site\\\/wp-content\\\/uploads\\\/2020\\\/06\\\/LOGO-512.jpg\",\"width\":512,\"height\":512,\"caption\":\"NOTICIASMERCEDINAS.COM\"},\"image\":{\"@id\":\"https:\\\/\\\/noticiasmercedinas.com\\\/site\\\/#\\\/schema\\\/logo\\\/image\\\/\"},\"sameAs\":[\"https:\\\/\\\/www.facebook.com\\\/noticiasmercedinas\\\/\",\"https:\\\/\\\/x.com\\\/notmercedinas\",\"https:\\\/\\\/www.instagram.com\\\/noticiasmercedinas\\\/\"]},{\"@type\":\"Person\",\"@id\":\"https:\\\/\\\/noticiasmercedinas.com\\\/site\\\/#\\\/schema\\\/person\\\/84b59c099c28ff2e8b77d4ceec5d8063\",\"name\":\"NOTICIASMERCEDINAS.COM\",\"image\":{\"@type\":\"ImageObject\",\"inLanguage\":\"es\",\"@id\":\"https:\\\/\\\/secure.gravatar.com\\\/avatar\\\/4dfbf16b4d17945bfb6341b2d19043457132fcf478a5ee04f42e959fd8f5df0a?s=96&d=mm&r=g\",\"url\":\"https:\\\/\\\/secure.gravatar.com\\\/avatar\\\/4dfbf16b4d17945bfb6341b2d19043457132fcf478a5ee04f42e959fd8f5df0a?s=96&d=mm&r=g\",\"contentUrl\":\"https:\\\/\\\/secure.gravatar.com\\\/avatar\\\/4dfbf16b4d17945bfb6341b2d19043457132fcf478a5ee04f42e959fd8f5df0a?s=96&d=mm&r=g\",\"caption\":\"NOTICIASMERCEDINAS.COM\"},\"url\":\"https:\\\/\\\/noticiasmercedinas.com\\\/site\\\/author\\\/anonimo\\\/\"}]}<\/script>\n<!-- \/ Yoast SEO plugin. -->","yoast_head_json":{"title":"Observatorio Vial informa mayor uso de casco en motos","robots":{"index":"index","follow":"follow","max-snippet":"max-snippet:-1","max-image-preview":"max-image-preview:large","max-video-preview":"max-video-preview:-1"},"canonical":"https:\/\/noticiasmercedinas.com\/site\/2022\/07\/17\/observatorio-vial-informa-mayor-uso-de-casco-en-motos\/","og_locale":"es_ES","og_type":"article","og_title":"Observatorio Vial informa mayor uso de casco en motos","og_description":"\u25a0 Pas\u00f3 del 22 al 38 por ciento entre los conductores, en el marco de un incremento general para 2022. Destacan importancia de las campa\u00f1as de educaci\u00f3n vial.","og_url":"https:\/\/noticiasmercedinas.com\/site\/2022\/07\/17\/observatorio-vial-informa-mayor-uso-de-casco-en-motos\/","og_site_name":"NOTICIASMERCEDINAS.COM","article_publisher":"https:\/\/www.facebook.com\/noticiasmercedinas\/","article_published_time":"2022-07-17T12:25:22+00:00","og_image":[{"width":710,"height":400,"url":"https:\/\/noticiasmercedinas.com\/site\/wp-content\/uploads\/2019\/04\/use-casco-cuando-viaje-en-moto.jpg","type":"image\/jpeg"}],"author":"NOTICIASMERCEDINAS.COM","twitter_card":"summary_large_image","twitter_creator":"@notmercedinas","twitter_site":"@notmercedinas","twitter_misc":{"Escrito por":"NOTICIASMERCEDINAS.COM","Tiempo de lectura":"3 minutos"},"schema":{"@context":"https:\/\/schema.org","@graph":[{"@type":"Article","@id":"https:\/\/noticiasmercedinas.com\/site\/2022\/07\/17\/observatorio-vial-informa-mayor-uso-de-casco-en-motos\/#article","isPartOf":{"@id":"https:\/\/noticiasmercedinas.com\/site\/2022\/07\/17\/observatorio-vial-informa-mayor-uso-de-casco-en-motos\/"},"author":{"name":"NOTICIASMERCEDINAS.COM","@id":"https:\/\/noticiasmercedinas.com\/site\/#\/schema\/person\/84b59c099c28ff2e8b77d4ceec5d8063"},"headline":"Observatorio Vial informa mayor uso de casco en motos","datePublished":"2022-07-17T12:25:22+00:00","mainEntityOfPage":{"@id":"https:\/\/noticiasmercedinas.com\/site\/2022\/07\/17\/observatorio-vial-informa-mayor-uso-de-casco-en-motos\/"},"wordCount":391,"commentCount":0,"publisher":{"@id":"https:\/\/noticiasmercedinas.com\/site\/#organization"},"image":{"@id":"https:\/\/noticiasmercedinas.com\/site\/2022\/07\/17\/observatorio-vial-informa-mayor-uso-de-casco-en-motos\/#primaryimage"},"thumbnailUrl":"https:\/\/noticiasmercedinas.com\/site\/wp-content\/uploads\/2019\/04\/use-casco-cuando-viaje-en-moto.jpg","keywords":["casco","motocicletas","Observatorio de Seguridad Vial"],"articleSection":["Seguridad"],"inLanguage":"es","potentialAction":[{"@type":"CommentAction","name":"Comment","target":["https:\/\/noticiasmercedinas.com\/site\/2022\/07\/17\/observatorio-vial-informa-mayor-uso-de-casco-en-motos\/#respond"]}]},{"@type":"WebPage","@id":"https:\/\/noticiasmercedinas.com\/site\/2022\/07\/17\/observatorio-vial-informa-mayor-uso-de-casco-en-motos\/","url":"https:\/\/noticiasmercedinas.com\/site\/2022\/07\/17\/observatorio-vial-informa-mayor-uso-de-casco-en-motos\/","name":"Observatorio Vial informa mayor uso de casco en motos","isPartOf":{"@id":"https:\/\/noticiasmercedinas.com\/site\/#website"},"primaryImageOfPage":{"@id":"https:\/\/noticiasmercedinas.com\/site\/2022\/07\/17\/observatorio-vial-informa-mayor-uso-de-casco-en-motos\/#primaryimage"},"image":{"@id":"https:\/\/noticiasmercedinas.com\/site\/2022\/07\/17\/observatorio-vial-informa-mayor-uso-de-casco-en-motos\/#primaryimage"},"thumbnailUrl":"https:\/\/noticiasmercedinas.com\/site\/wp-content\/uploads\/2019\/04\/use-casco-cuando-viaje-en-moto.jpg","datePublished":"2022-07-17T12:25:22+00:00","breadcrumb":{"@id":"https:\/\/noticiasmercedinas.com\/site\/2022\/07\/17\/observatorio-vial-informa-mayor-uso-de-casco-en-motos\/#breadcrumb"},"inLanguage":"es","potentialAction":[{"@type":"ReadAction","target":["https:\/\/noticiasmercedinas.com\/site\/2022\/07\/17\/observatorio-vial-informa-mayor-uso-de-casco-en-motos\/"]}]},{"@type":"ImageObject","inLanguage":"es","@id":"https:\/\/noticiasmercedinas.com\/site\/2022\/07\/17\/observatorio-vial-informa-mayor-uso-de-casco-en-motos\/#primaryimage","url":"https:\/\/noticiasmercedinas.com\/site\/wp-content\/uploads\/2019\/04\/use-casco-cuando-viaje-en-moto.jpg","contentUrl":"https:\/\/noticiasmercedinas.com\/site\/wp-content\/uploads\/2019\/04\/use-casco-cuando-viaje-en-moto.jpg","width":710,"height":400},{"@type":"BreadcrumbList","@id":"https:\/\/noticiasmercedinas.com\/site\/2022\/07\/17\/observatorio-vial-informa-mayor-uso-de-casco-en-motos\/#breadcrumb","itemListElement":[{"@type":"ListItem","position":1,"name":"Portada","item":"https:\/\/noticiasmercedinas.com\/site\/"},{"@type":"ListItem","position":2,"name":"Observatorio Vial informa mayor uso de casco en motos"}]},{"@type":"WebSite","@id":"https:\/\/noticiasmercedinas.com\/site\/#website","url":"https:\/\/noticiasmercedinas.com\/site\/","name":"NOTICIASMERCEDINAS.COM","description":"Mercedes, Buenos Aires, Argentina","publisher":{"@id":"https:\/\/noticiasmercedinas.com\/site\/#organization"},"potentialAction":[{"@type":"SearchAction","target":{"@type":"EntryPoint","urlTemplate":"https:\/\/noticiasmercedinas.com\/site\/?s={search_term_string}"},"query-input":{"@type":"PropertyValueSpecification","valueRequired":true,"valueName":"search_term_string"}}],"inLanguage":"es"},{"@type":"Organization","@id":"https:\/\/noticiasmercedinas.com\/site\/#organization","name":"NOTICIASMERCEDINAS.COM","url":"https:\/\/noticiasmercedinas.com\/site\/","logo":{"@type":"ImageObject","inLanguage":"es","@id":"https:\/\/noticiasmercedinas.com\/site\/#\/schema\/logo\/image\/","url":"https:\/\/noticiasmercedinas.com\/site\/wp-content\/uploads\/2020\/06\/LOGO-512.jpg","contentUrl":"https:\/\/noticiasmercedinas.com\/site\/wp-content\/uploads\/2020\/06\/LOGO-512.jpg","width":512,"height":512,"caption":"NOTICIASMERCEDINAS.COM"},"image":{"@id":"https:\/\/noticiasmercedinas.com\/site\/#\/schema\/logo\/image\/"},"sameAs":["https:\/\/www.facebook.com\/noticiasmercedinas\/","https:\/\/x.com\/notmercedinas","https:\/\/www.instagram.com\/noticiasmercedinas\/"]},{"@type":"Person","@id":"https:\/\/noticiasmercedinas.com\/site\/#\/schema\/person\/84b59c099c28ff2e8b77d4ceec5d8063","name":"NOTICIASMERCEDINAS.COM","image":{"@type":"ImageObject","inLanguage":"es","@id":"https:\/\/secure.gravatar.com\/avatar\/4dfbf16b4d17945bfb6341b2d19043457132fcf478a5ee04f42e959fd8f5df0a?s=96&d=mm&r=g","url":"https:\/\/secure.gravatar.com\/avatar\/4dfbf16b4d17945bfb6341b2d19043457132fcf478a5ee04f42e959fd8f5df0a?s=96&d=mm&r=g","contentUrl":"https:\/\/secure.gravatar.com\/avatar\/4dfbf16b4d17945bfb6341b2d19043457132fcf478a5ee04f42e959fd8f5df0a?s=96&d=mm&r=g","caption":"NOTICIASMERCEDINAS.COM"},"url":"https:\/\/noticiasmercedinas.com\/site\/author\/anonimo\/"}]}},"amp_enabled":true,"_links":{"self":[{"href":"https:\/\/noticiasmercedinas.com\/site\/wp-json\/wp\/v2\/posts\/95375","targetHints":{"allow":["GET"]}}],"collection":[{"href":"https:\/\/noticiasmercedinas.com\/site\/wp-json\/wp\/v2\/posts"}],"about":[{"href":"https:\/\/noticiasmercedinas.com\/site\/wp-json\/wp\/v2\/types\/post"}],"author":[{"embeddable":true,"href":"https:\/\/noticiasmercedinas.com\/site\/wp-json\/wp\/v2\/users\/16"}],"replies":[{"embeddable":true,"href":"https:\/\/noticiasmercedinas.com\/site\/wp-json\/wp\/v2\/comments?post=95375"}],"version-history":[{"count":1,"href":"https:\/\/noticiasmercedinas.com\/site\/wp-json\/wp\/v2\/posts\/95375\/revisions"}],"predecessor-version":[{"id":95378,"href":"https:\/\/noticiasmercedinas.com\/site\/wp-json\/wp\/v2\/posts\/95375\/revisions\/95378"}],"wp:featuredmedia":[{"embeddable":true,"href":"https:\/\/noticiasmercedinas.com\/site\/wp-json\/wp\/v2\/media\/16698"}],"wp:attachment":[{"href":"https:\/\/noticiasmercedinas.com\/site\/wp-json\/wp\/v2\/media?parent=95375"}],"wp:term":[{"taxonomy":"category","embeddable":true,"href":"https:\/\/noticiasmercedinas.com\/site\/wp-json\/wp\/v2\/categories?post=95375"},{"taxonomy":"post_tag","embeddable":true,"href":"https:\/\/noticiasmercedinas.com\/site\/wp-json\/wp\/v2\/tags?post=95375"}],"curies":[{"name":"wp","href":"https:\/\/api.w.org\/{rel}","templated":true}]}}