{"id":95454,"date":"2022-07-18T09:22:12","date_gmt":"2022-07-18T12:22:12","guid":{"rendered":"https:\/\/noticiasmercedinas.com\/site\/?p=95454"},"modified":"2022-07-18T09:22:12","modified_gmt":"2022-07-18T12:22:12","slug":"tenis-grado-5-pedro-tipitto-campeon-y-tomas-pescio-subcampeon-en-lujan","status":"publish","type":"post","link":"https:\/\/noticiasmercedinas.com\/site\/2022\/07\/18\/tenis-grado-5-pedro-tipitto-campeon-y-tomas-pescio-subcampeon-en-lujan\/","title":{"rendered":"Tenis Grado 5: Pedro Tipitto campe\u00f3n y Tomas Pescio subcampe\u00f3n en Luj\u00e1n"},"content":{"rendered":"<p><img loading=\"lazy\" decoding=\"async\" class=\"alignnone size-large wp-image-95455\" src=\"https:\/\/noticiasmercedinas.com\/site\/wp-content\/uploads\/2022\/07\/20220716_161231-1024x782.jpg\" alt=\"\" width=\"640\" height=\"489\" \/><\/p>\n<p>En la inestable y fr\u00eda ma\u00f1ana del s\u00e1bado, 13 jugadores de tenis de nuestra ciudad se hicieron presente en la localidad vecina de Luj\u00e1n para participar del tercer Promocional de Grado 5.<\/p>\n<p>Fue una muy buena experiencia para los ni\u00f1os enfrentando pares de varias ciudades.<\/p>\n<p>El torneo se llev\u00f3 adelante en la canchas del Club Din\u00e1mica y fue dirigido \u00fanicamente para las categor\u00edas de varones sub 14, sub 16 y sub 18, dejando para el pr\u00f3ximo s\u00e1bado sub 10 y 12 varones y todas las de damas.<\/p>\n<p>En Sub 16 la sorpresa la dio <strong>Pedro Tipitto<\/strong>, al adjudicarse el t\u00edtulo de campe\u00f3n por primera vez en torneo fuera de nuestra ciudad. En tanto <strong>Sim\u00f3n Quiroga<\/strong> trep\u00f3 hasta semifinales mientras que <strong>Ian Almeida<\/strong> estuvo cerca de clasificar dejando una gran imagen por su gran car\u00e1cter y lucha.<\/p>\n<p><img loading=\"lazy\" decoding=\"async\" class=\"alignnone size-large wp-image-95456\" src=\"https:\/\/noticiasmercedinas.com\/site\/wp-content\/uploads\/2022\/07\/20220716_161126-scaled-e1658146814324-926x1024.jpg\" alt=\"\" width=\"640\" height=\"708\" srcset=\"https:\/\/noticiasmercedinas.com\/site\/wp-content\/uploads\/2022\/07\/20220716_161126-scaled-e1658146814324-926x1024.jpg 926w, https:\/\/noticiasmercedinas.com\/site\/wp-content\/uploads\/2022\/07\/20220716_161126-scaled-e1658146814324-271x300.jpg 271w, https:\/\/noticiasmercedinas.com\/site\/wp-content\/uploads\/2022\/07\/20220716_161126-scaled-e1658146814324-768x850.jpg 768w, https:\/\/noticiasmercedinas.com\/site\/wp-content\/uploads\/2022\/07\/20220716_161126-scaled-e1658146814324-1388x1536.jpg 1388w, https:\/\/noticiasmercedinas.com\/site\/wp-content\/uploads\/2022\/07\/20220716_161126-scaled-e1658146814324-1851x2048.jpg 1851w, https:\/\/noticiasmercedinas.com\/site\/wp-content\/uploads\/2022\/07\/20220716_161126-scaled-e1658146814324-640x708.jpg 640w, https:\/\/noticiasmercedinas.com\/site\/wp-content\/uploads\/2022\/07\/20220716_161126-scaled-e1658146814324-1280x1416.jpg 1280w, https:\/\/noticiasmercedinas.com\/site\/wp-content\/uploads\/2022\/07\/20220716_161126-scaled-e1658146814324-681x753.jpg 681w, https:\/\/noticiasmercedinas.com\/site\/wp-content\/uploads\/2022\/07\/20220716_161126-scaled-e1658146814324-1362x1507.jpg 1362w, https:\/\/noticiasmercedinas.com\/site\/wp-content\/uploads\/2022\/07\/20220716_161126-scaled-e1658146814324.jpg 1920w\" sizes=\"auto, (max-width: 640px) 100vw, 640px\" \/><\/p>\n<p>En categor\u00eda Sub 14 el gran <strong>Tom\u00e1s Pescio<\/strong> (es sub 12) cay\u00f3 en la final en un gran encuentro. Fue superado claramente por su rival pero \u00abPomi\u00bb hizo un gran partido a pesar de ser 2 a\u00f1os menor que su rival. En la misma categor\u00eda se destacaron <strong>Juan Pescio<\/strong> (alcanz\u00f3 las semifinales), <strong>Bautista Ricaldoni<\/strong>, <strong>Ger\u00f3nimo Valle<\/strong> y <strong>Lorenzo \u00abLolo\u00bb Rossello<\/strong> alcanzaron los cuartos y no pudieron clasificar aunque estuvieron muy cerca: <strong>Felipe Ustarroz<\/strong> y <strong>Manuel Quintana<\/strong><\/p>\n<p>Y por \u00faltimo la categor\u00eda sub 18<strong> Tobias Buscalia<\/strong> alcanz\u00f3 las semifinales cayendo en un gran encuentro, <strong>Mateo Vigolongo<\/strong> perdi\u00f3 en cuartos y despu\u00e9s de una larga ausencia volvi\u00f3 a entrenar y participar de torneos <strong>Sim\u00f3n Vita<\/strong> que no logr\u00f3 superar la clasificaci\u00f3n pero dej\u00f3 gran imagen.<\/p>\n<p>El plantel de profesores expres\u00f3 sus felicitaciones a la legi\u00f3n mercedina: \u00abNos hicieron quedar muy bien tanto dentro c\u00f3mo fuera de la cancha. A seguir entrenando para la pr\u00f3xima\u00bb, dijeron.<\/p>\n<p><img loading=\"lazy\" decoding=\"async\" class=\"alignnone size-large wp-image-95457\" src=\"https:\/\/noticiasmercedinas.com\/site\/wp-content\/uploads\/2022\/07\/20220716_161056-768x1024.jpg\" alt=\"\" width=\"640\" height=\"853\" srcset=\"https:\/\/noticiasmercedinas.com\/site\/wp-content\/uploads\/2022\/07\/20220716_161056-768x1024.jpg 768w, https:\/\/noticiasmercedinas.com\/site\/wp-content\/uploads\/2022\/07\/20220716_161056-225x300.jpg 225w, https:\/\/noticiasmercedinas.com\/site\/wp-content\/uploads\/2022\/07\/20220716_161056-1152x1536.jpg 1152w, https:\/\/noticiasmercedinas.com\/site\/wp-content\/uploads\/2022\/07\/20220716_161056-1536x2048.jpg 1536w, https:\/\/noticiasmercedinas.com\/site\/wp-content\/uploads\/2022\/07\/20220716_161056-640x853.jpg 640w, https:\/\/noticiasmercedinas.com\/site\/wp-content\/uploads\/2022\/07\/20220716_161056-1280x1707.jpg 1280w, https:\/\/noticiasmercedinas.com\/site\/wp-content\/uploads\/2022\/07\/20220716_161056-681x908.jpg 681w, https:\/\/noticiasmercedinas.com\/site\/wp-content\/uploads\/2022\/07\/20220716_161056-1362x1816.jpg 1362w, https:\/\/noticiasmercedinas.com\/site\/wp-content\/uploads\/2022\/07\/20220716_161056-scaled.jpg 1920w\" sizes=\"auto, (max-width: 640px) 100vw, 640px\" \/><\/p>\n<p>&nbsp;<\/p>\n<p>&nbsp;<\/p>\n","protected":false},"excerpt":{"rendered":"<p>\u25a0 La legi\u00f3n mercedina tuvo grandes destacados en la fr\u00eda ma\u00f1ana del s\u00e1bado. \u00abNos hicieron quedar muy bien tanto dentro c\u00f3mo fuera de la cancha\u00bb, destacaron los profesores<\/p>\n","protected":false},"author":16,"featured_media":95455,"comment_status":"open","ping_status":"open","sticky":false,"template":"","format":"standard","meta":{"footnotes":""},"categories":[5],"tags":[14855,133,13965],"class_list":["post-95454","post","type-post","status-publish","format-standard","has-post-thumbnail","hentry","category-deportes","tag-pedro-tipitto","tag-tenis","tag-tomas-pescio"],"yoast_head":"<!-- This site is optimized with the Yoast SEO plugin v27.4 - https:\/\/yoast.com\/product\/yoast-seo-wordpress\/ -->\n<title>Tenis Grado 5: Pedro Tipitto campe\u00f3n y Tomas Pescio subcampe\u00f3n en Luj\u00e1n<\/title>\n<meta name=\"robots\" content=\"index, follow, max-snippet:-1, max-image-preview:large, max-video-preview:-1\" \/>\n<link rel=\"canonical\" href=\"https:\/\/noticiasmercedinas.com\/site\/2022\/07\/18\/tenis-grado-5-pedro-tipitto-campeon-y-tomas-pescio-subcampeon-en-lujan\/\" \/>\n<meta property=\"og:locale\" content=\"es_ES\" \/>\n<meta property=\"og:type\" content=\"article\" \/>\n<meta property=\"og:title\" content=\"Tenis Grado 5: Pedro Tipitto campe\u00f3n y Tomas Pescio subcampe\u00f3n en Luj\u00e1n\" \/>\n<meta property=\"og:description\" content=\"\u25a0 La legi\u00f3n mercedina tuvo grandes destacados en la fr\u00eda ma\u00f1ana del s\u00e1bado. &quot;Nos hicieron quedar muy bien tanto dentro c\u00f3mo fuera de la cancha&quot;, destacaron los profesores\" \/>\n<meta property=\"og:url\" content=\"https:\/\/noticiasmercedinas.com\/site\/2022\/07\/18\/tenis-grado-5-pedro-tipitto-campeon-y-tomas-pescio-subcampeon-en-lujan\/\" \/>\n<meta property=\"og:site_name\" content=\"NOTICIASMERCEDINAS.COM\" \/>\n<meta property=\"article:publisher\" content=\"https:\/\/www.facebook.com\/noticiasmercedinas\/\" \/>\n<meta property=\"article:published_time\" content=\"2022-07-18T12:22:12+00:00\" \/>\n<meta property=\"og:image\" content=\"https:\/\/noticiasmercedinas.com\/site\/wp-content\/uploads\/2022\/07\/20220716_161231-scaled-e1658146630885.jpg\" \/>\n\t<meta property=\"og:image:width\" content=\"640\" \/>\n\t<meta property=\"og:image:height\" content=\"488\" \/>\n\t<meta property=\"og:image:type\" content=\"image\/jpeg\" \/>\n<meta name=\"author\" content=\"NOTICIASMERCEDINAS.COM\" \/>\n<meta name=\"twitter:card\" content=\"summary_large_image\" \/>\n<meta name=\"twitter:creator\" content=\"@notmercedinas\" \/>\n<meta name=\"twitter:site\" content=\"@notmercedinas\" \/>\n<meta name=\"twitter:label1\" content=\"Escrito por\" \/>\n\t<meta name=\"twitter:data1\" content=\"NOTICIASMERCEDINAS.COM\" \/>\n\t<meta name=\"twitter:label2\" content=\"Tiempo de lectura\" \/>\n\t<meta name=\"twitter:data2\" content=\"2 minutos\" \/>\n<script type=\"application\/ld+json\" class=\"yoast-schema-graph\">{\"@context\":\"https:\\\/\\\/schema.org\",\"@graph\":[{\"@type\":\"Article\",\"@id\":\"https:\\\/\\\/noticiasmercedinas.com\\\/site\\\/2022\\\/07\\\/18\\\/tenis-grado-5-pedro-tipitto-campeon-y-tomas-pescio-subcampeon-en-lujan\\\/#article\",\"isPartOf\":{\"@id\":\"https:\\\/\\\/noticiasmercedinas.com\\\/site\\\/2022\\\/07\\\/18\\\/tenis-grado-5-pedro-tipitto-campeon-y-tomas-pescio-subcampeon-en-lujan\\\/\"},\"author\":{\"name\":\"NOTICIASMERCEDINAS.COM\",\"@id\":\"https:\\\/\\\/noticiasmercedinas.com\\\/site\\\/#\\\/schema\\\/person\\\/84b59c099c28ff2e8b77d4ceec5d8063\"},\"headline\":\"Tenis Grado 5: Pedro Tipitto campe\u00f3n y Tomas Pescio subcampe\u00f3n en Luj\u00e1n\",\"datePublished\":\"2022-07-18T12:22:12+00:00\",\"mainEntityOfPage\":{\"@id\":\"https:\\\/\\\/noticiasmercedinas.com\\\/site\\\/2022\\\/07\\\/18\\\/tenis-grado-5-pedro-tipitto-campeon-y-tomas-pescio-subcampeon-en-lujan\\\/\"},\"wordCount\":318,\"commentCount\":0,\"publisher\":{\"@id\":\"https:\\\/\\\/noticiasmercedinas.com\\\/site\\\/#organization\"},\"image\":{\"@id\":\"https:\\\/\\\/noticiasmercedinas.com\\\/site\\\/2022\\\/07\\\/18\\\/tenis-grado-5-pedro-tipitto-campeon-y-tomas-pescio-subcampeon-en-lujan\\\/#primaryimage\"},\"thumbnailUrl\":\"https:\\\/\\\/noticiasmercedinas.com\\\/site\\\/wp-content\\\/uploads\\\/2022\\\/07\\\/20220716_161231-scaled-e1658146630885.jpg\",\"keywords\":[\"pedro tipitto\",\"tenis\",\"tomas pescio\"],\"articleSection\":[\"Deportes\"],\"inLanguage\":\"es\",\"potentialAction\":[{\"@type\":\"CommentAction\",\"name\":\"Comment\",\"target\":[\"https:\\\/\\\/noticiasmercedinas.com\\\/site\\\/2022\\\/07\\\/18\\\/tenis-grado-5-pedro-tipitto-campeon-y-tomas-pescio-subcampeon-en-lujan\\\/#respond\"]}]},{\"@type\":\"WebPage\",\"@id\":\"https:\\\/\\\/noticiasmercedinas.com\\\/site\\\/2022\\\/07\\\/18\\\/tenis-grado-5-pedro-tipitto-campeon-y-tomas-pescio-subcampeon-en-lujan\\\/\",\"url\":\"https:\\\/\\\/noticiasmercedinas.com\\\/site\\\/2022\\\/07\\\/18\\\/tenis-grado-5-pedro-tipitto-campeon-y-tomas-pescio-subcampeon-en-lujan\\\/\",\"name\":\"Tenis Grado 5: Pedro Tipitto campe\u00f3n y Tomas Pescio subcampe\u00f3n en Luj\u00e1n\",\"isPartOf\":{\"@id\":\"https:\\\/\\\/noticiasmercedinas.com\\\/site\\\/#website\"},\"primaryImageOfPage\":{\"@id\":\"https:\\\/\\\/noticiasmercedinas.com\\\/site\\\/2022\\\/07\\\/18\\\/tenis-grado-5-pedro-tipitto-campeon-y-tomas-pescio-subcampeon-en-lujan\\\/#primaryimage\"},\"image\":{\"@id\":\"https:\\\/\\\/noticiasmercedinas.com\\\/site\\\/2022\\\/07\\\/18\\\/tenis-grado-5-pedro-tipitto-campeon-y-tomas-pescio-subcampeon-en-lujan\\\/#primaryimage\"},\"thumbnailUrl\":\"https:\\\/\\\/noticiasmercedinas.com\\\/site\\\/wp-content\\\/uploads\\\/2022\\\/07\\\/20220716_161231-scaled-e1658146630885.jpg\",\"datePublished\":\"2022-07-18T12:22:12+00:00\",\"breadcrumb\":{\"@id\":\"https:\\\/\\\/noticiasmercedinas.com\\\/site\\\/2022\\\/07\\\/18\\\/tenis-grado-5-pedro-tipitto-campeon-y-tomas-pescio-subcampeon-en-lujan\\\/#breadcrumb\"},\"inLanguage\":\"es\",\"potentialAction\":[{\"@type\":\"ReadAction\",\"target\":[\"https:\\\/\\\/noticiasmercedinas.com\\\/site\\\/2022\\\/07\\\/18\\\/tenis-grado-5-pedro-tipitto-campeon-y-tomas-pescio-subcampeon-en-lujan\\\/\"]}]},{\"@type\":\"ImageObject\",\"inLanguage\":\"es\",\"@id\":\"https:\\\/\\\/noticiasmercedinas.com\\\/site\\\/2022\\\/07\\\/18\\\/tenis-grado-5-pedro-tipitto-campeon-y-tomas-pescio-subcampeon-en-lujan\\\/#primaryimage\",\"url\":\"https:\\\/\\\/noticiasmercedinas.com\\\/site\\\/wp-content\\\/uploads\\\/2022\\\/07\\\/20220716_161231-scaled-e1658146630885.jpg\",\"contentUrl\":\"https:\\\/\\\/noticiasmercedinas.com\\\/site\\\/wp-content\\\/uploads\\\/2022\\\/07\\\/20220716_161231-scaled-e1658146630885.jpg\",\"width\":640,\"height\":488},{\"@type\":\"BreadcrumbList\",\"@id\":\"https:\\\/\\\/noticiasmercedinas.com\\\/site\\\/2022\\\/07\\\/18\\\/tenis-grado-5-pedro-tipitto-campeon-y-tomas-pescio-subcampeon-en-lujan\\\/#breadcrumb\",\"itemListElement\":[{\"@type\":\"ListItem\",\"position\":1,\"name\":\"Portada\",\"item\":\"https:\\\/\\\/noticiasmercedinas.com\\\/site\\\/\"},{\"@type\":\"ListItem\",\"position\":2,\"name\":\"Tenis Grado 5: Pedro Tipitto campe\u00f3n y Tomas Pescio subcampe\u00f3n en Luj\u00e1n\"}]},{\"@type\":\"WebSite\",\"@id\":\"https:\\\/\\\/noticiasmercedinas.com\\\/site\\\/#website\",\"url\":\"https:\\\/\\\/noticiasmercedinas.com\\\/site\\\/\",\"name\":\"NOTICIASMERCEDINAS.COM\",\"description\":\"Mercedes, Buenos Aires, Argentina\",\"publisher\":{\"@id\":\"https:\\\/\\\/noticiasmercedinas.com\\\/site\\\/#organization\"},\"potentialAction\":[{\"@type\":\"SearchAction\",\"target\":{\"@type\":\"EntryPoint\",\"urlTemplate\":\"https:\\\/\\\/noticiasmercedinas.com\\\/site\\\/?s={search_term_string}\"},\"query-input\":{\"@type\":\"PropertyValueSpecification\",\"valueRequired\":true,\"valueName\":\"search_term_string\"}}],\"inLanguage\":\"es\"},{\"@type\":\"Organization\",\"@id\":\"https:\\\/\\\/noticiasmercedinas.com\\\/site\\\/#organization\",\"name\":\"NOTICIASMERCEDINAS.COM\",\"url\":\"https:\\\/\\\/noticiasmercedinas.com\\\/site\\\/\",\"logo\":{\"@type\":\"ImageObject\",\"inLanguage\":\"es\",\"@id\":\"https:\\\/\\\/noticiasmercedinas.com\\\/site\\\/#\\\/schema\\\/logo\\\/image\\\/\",\"url\":\"https:\\\/\\\/noticiasmercedinas.com\\\/site\\\/wp-content\\\/uploads\\\/2020\\\/06\\\/LOGO-512.jpg\",\"contentUrl\":\"https:\\\/\\\/noticiasmercedinas.com\\\/site\\\/wp-content\\\/uploads\\\/2020\\\/06\\\/LOGO-512.jpg\",\"width\":512,\"height\":512,\"caption\":\"NOTICIASMERCEDINAS.COM\"},\"image\":{\"@id\":\"https:\\\/\\\/noticiasmercedinas.com\\\/site\\\/#\\\/schema\\\/logo\\\/image\\\/\"},\"sameAs\":[\"https:\\\/\\\/www.facebook.com\\\/noticiasmercedinas\\\/\",\"https:\\\/\\\/x.com\\\/notmercedinas\",\"https:\\\/\\\/www.instagram.com\\\/noticiasmercedinas\\\/\"]},{\"@type\":\"Person\",\"@id\":\"https:\\\/\\\/noticiasmercedinas.com\\\/site\\\/#\\\/schema\\\/person\\\/84b59c099c28ff2e8b77d4ceec5d8063\",\"name\":\"NOTICIASMERCEDINAS.COM\",\"image\":{\"@type\":\"ImageObject\",\"inLanguage\":\"es\",\"@id\":\"https:\\\/\\\/secure.gravatar.com\\\/avatar\\\/4dfbf16b4d17945bfb6341b2d19043457132fcf478a5ee04f42e959fd8f5df0a?s=96&d=mm&r=g\",\"url\":\"https:\\\/\\\/secure.gravatar.com\\\/avatar\\\/4dfbf16b4d17945bfb6341b2d19043457132fcf478a5ee04f42e959fd8f5df0a?s=96&d=mm&r=g\",\"contentUrl\":\"https:\\\/\\\/secure.gravatar.com\\\/avatar\\\/4dfbf16b4d17945bfb6341b2d19043457132fcf478a5ee04f42e959fd8f5df0a?s=96&d=mm&r=g\",\"caption\":\"NOTICIASMERCEDINAS.COM\"},\"url\":\"https:\\\/\\\/noticiasmercedinas.com\\\/site\\\/author\\\/anonimo\\\/\"}]}<\/script>\n<!-- \/ Yoast SEO plugin. -->","yoast_head_json":{"title":"Tenis Grado 5: Pedro Tipitto campe\u00f3n y Tomas Pescio subcampe\u00f3n en Luj\u00e1n","robots":{"index":"index","follow":"follow","max-snippet":"max-snippet:-1","max-image-preview":"max-image-preview:large","max-video-preview":"max-video-preview:-1"},"canonical":"https:\/\/noticiasmercedinas.com\/site\/2022\/07\/18\/tenis-grado-5-pedro-tipitto-campeon-y-tomas-pescio-subcampeon-en-lujan\/","og_locale":"es_ES","og_type":"article","og_title":"Tenis Grado 5: Pedro Tipitto campe\u00f3n y Tomas Pescio subcampe\u00f3n en Luj\u00e1n","og_description":"\u25a0 La legi\u00f3n mercedina tuvo grandes destacados en la fr\u00eda ma\u00f1ana del s\u00e1bado. \"Nos hicieron quedar muy bien tanto dentro c\u00f3mo fuera de la cancha\", destacaron los profesores","og_url":"https:\/\/noticiasmercedinas.com\/site\/2022\/07\/18\/tenis-grado-5-pedro-tipitto-campeon-y-tomas-pescio-subcampeon-en-lujan\/","og_site_name":"NOTICIASMERCEDINAS.COM","article_publisher":"https:\/\/www.facebook.com\/noticiasmercedinas\/","article_published_time":"2022-07-18T12:22:12+00:00","og_image":[{"width":640,"height":488,"url":"https:\/\/noticiasmercedinas.com\/site\/wp-content\/uploads\/2022\/07\/20220716_161231-scaled-e1658146630885.jpg","type":"image\/jpeg"}],"author":"NOTICIASMERCEDINAS.COM","twitter_card":"summary_large_image","twitter_creator":"@notmercedinas","twitter_site":"@notmercedinas","twitter_misc":{"Escrito por":"NOTICIASMERCEDINAS.COM","Tiempo de lectura":"2 minutos"},"schema":{"@context":"https:\/\/schema.org","@graph":[{"@type":"Article","@id":"https:\/\/noticiasmercedinas.com\/site\/2022\/07\/18\/tenis-grado-5-pedro-tipitto-campeon-y-tomas-pescio-subcampeon-en-lujan\/#article","isPartOf":{"@id":"https:\/\/noticiasmercedinas.com\/site\/2022\/07\/18\/tenis-grado-5-pedro-tipitto-campeon-y-tomas-pescio-subcampeon-en-lujan\/"},"author":{"name":"NOTICIASMERCEDINAS.COM","@id":"https:\/\/noticiasmercedinas.com\/site\/#\/schema\/person\/84b59c099c28ff2e8b77d4ceec5d8063"},"headline":"Tenis Grado 5: Pedro Tipitto campe\u00f3n y Tomas Pescio subcampe\u00f3n en Luj\u00e1n","datePublished":"2022-07-18T12:22:12+00:00","mainEntityOfPage":{"@id":"https:\/\/noticiasmercedinas.com\/site\/2022\/07\/18\/tenis-grado-5-pedro-tipitto-campeon-y-tomas-pescio-subcampeon-en-lujan\/"},"wordCount":318,"commentCount":0,"publisher":{"@id":"https:\/\/noticiasmercedinas.com\/site\/#organization"},"image":{"@id":"https:\/\/noticiasmercedinas.com\/site\/2022\/07\/18\/tenis-grado-5-pedro-tipitto-campeon-y-tomas-pescio-subcampeon-en-lujan\/#primaryimage"},"thumbnailUrl":"https:\/\/noticiasmercedinas.com\/site\/wp-content\/uploads\/2022\/07\/20220716_161231-scaled-e1658146630885.jpg","keywords":["pedro tipitto","tenis","tomas pescio"],"articleSection":["Deportes"],"inLanguage":"es","potentialAction":[{"@type":"CommentAction","name":"Comment","target":["https:\/\/noticiasmercedinas.com\/site\/2022\/07\/18\/tenis-grado-5-pedro-tipitto-campeon-y-tomas-pescio-subcampeon-en-lujan\/#respond"]}]},{"@type":"WebPage","@id":"https:\/\/noticiasmercedinas.com\/site\/2022\/07\/18\/tenis-grado-5-pedro-tipitto-campeon-y-tomas-pescio-subcampeon-en-lujan\/","url":"https:\/\/noticiasmercedinas.com\/site\/2022\/07\/18\/tenis-grado-5-pedro-tipitto-campeon-y-tomas-pescio-subcampeon-en-lujan\/","name":"Tenis Grado 5: Pedro Tipitto campe\u00f3n y Tomas Pescio subcampe\u00f3n en Luj\u00e1n","isPartOf":{"@id":"https:\/\/noticiasmercedinas.com\/site\/#website"},"primaryImageOfPage":{"@id":"https:\/\/noticiasmercedinas.com\/site\/2022\/07\/18\/tenis-grado-5-pedro-tipitto-campeon-y-tomas-pescio-subcampeon-en-lujan\/#primaryimage"},"image":{"@id":"https:\/\/noticiasmercedinas.com\/site\/2022\/07\/18\/tenis-grado-5-pedro-tipitto-campeon-y-tomas-pescio-subcampeon-en-lujan\/#primaryimage"},"thumbnailUrl":"https:\/\/noticiasmercedinas.com\/site\/wp-content\/uploads\/2022\/07\/20220716_161231-scaled-e1658146630885.jpg","datePublished":"2022-07-18T12:22:12+00:00","breadcrumb":{"@id":"https:\/\/noticiasmercedinas.com\/site\/2022\/07\/18\/tenis-grado-5-pedro-tipitto-campeon-y-tomas-pescio-subcampeon-en-lujan\/#breadcrumb"},"inLanguage":"es","potentialAction":[{"@type":"ReadAction","target":["https:\/\/noticiasmercedinas.com\/site\/2022\/07\/18\/tenis-grado-5-pedro-tipitto-campeon-y-tomas-pescio-subcampeon-en-lujan\/"]}]},{"@type":"ImageObject","inLanguage":"es","@id":"https:\/\/noticiasmercedinas.com\/site\/2022\/07\/18\/tenis-grado-5-pedro-tipitto-campeon-y-tomas-pescio-subcampeon-en-lujan\/#primaryimage","url":"https:\/\/noticiasmercedinas.com\/site\/wp-content\/uploads\/2022\/07\/20220716_161231-scaled-e1658146630885.jpg","contentUrl":"https:\/\/noticiasmercedinas.com\/site\/wp-content\/uploads\/2022\/07\/20220716_161231-scaled-e1658146630885.jpg","width":640,"height":488},{"@type":"BreadcrumbList","@id":"https:\/\/noticiasmercedinas.com\/site\/2022\/07\/18\/tenis-grado-5-pedro-tipitto-campeon-y-tomas-pescio-subcampeon-en-lujan\/#breadcrumb","itemListElement":[{"@type":"ListItem","position":1,"name":"Portada","item":"https:\/\/noticiasmercedinas.com\/site\/"},{"@type":"ListItem","position":2,"name":"Tenis Grado 5: Pedro Tipitto campe\u00f3n y Tomas Pescio subcampe\u00f3n en Luj\u00e1n"}]},{"@type":"WebSite","@id":"https:\/\/noticiasmercedinas.com\/site\/#website","url":"https:\/\/noticiasmercedinas.com\/site\/","name":"NOTICIASMERCEDINAS.COM","description":"Mercedes, Buenos Aires, Argentina","publisher":{"@id":"https:\/\/noticiasmercedinas.com\/site\/#organization"},"potentialAction":[{"@type":"SearchAction","target":{"@type":"EntryPoint","urlTemplate":"https:\/\/noticiasmercedinas.com\/site\/?s={search_term_string}"},"query-input":{"@type":"PropertyValueSpecification","valueRequired":true,"valueName":"search_term_string"}}],"inLanguage":"es"},{"@type":"Organization","@id":"https:\/\/noticiasmercedinas.com\/site\/#organization","name":"NOTICIASMERCEDINAS.COM","url":"https:\/\/noticiasmercedinas.com\/site\/","logo":{"@type":"ImageObject","inLanguage":"es","@id":"https:\/\/noticiasmercedinas.com\/site\/#\/schema\/logo\/image\/","url":"https:\/\/noticiasmercedinas.com\/site\/wp-content\/uploads\/2020\/06\/LOGO-512.jpg","contentUrl":"https:\/\/noticiasmercedinas.com\/site\/wp-content\/uploads\/2020\/06\/LOGO-512.jpg","width":512,"height":512,"caption":"NOTICIASMERCEDINAS.COM"},"image":{"@id":"https:\/\/noticiasmercedinas.com\/site\/#\/schema\/logo\/image\/"},"sameAs":["https:\/\/www.facebook.com\/noticiasmercedinas\/","https:\/\/x.com\/notmercedinas","https:\/\/www.instagram.com\/noticiasmercedinas\/"]},{"@type":"Person","@id":"https:\/\/noticiasmercedinas.com\/site\/#\/schema\/person\/84b59c099c28ff2e8b77d4ceec5d8063","name":"NOTICIASMERCEDINAS.COM","image":{"@type":"ImageObject","inLanguage":"es","@id":"https:\/\/secure.gravatar.com\/avatar\/4dfbf16b4d17945bfb6341b2d19043457132fcf478a5ee04f42e959fd8f5df0a?s=96&d=mm&r=g","url":"https:\/\/secure.gravatar.com\/avatar\/4dfbf16b4d17945bfb6341b2d19043457132fcf478a5ee04f42e959fd8f5df0a?s=96&d=mm&r=g","contentUrl":"https:\/\/secure.gravatar.com\/avatar\/4dfbf16b4d17945bfb6341b2d19043457132fcf478a5ee04f42e959fd8f5df0a?s=96&d=mm&r=g","caption":"NOTICIASMERCEDINAS.COM"},"url":"https:\/\/noticiasmercedinas.com\/site\/author\/anonimo\/"}]}},"amp_enabled":true,"_links":{"self":[{"href":"https:\/\/noticiasmercedinas.com\/site\/wp-json\/wp\/v2\/posts\/95454","targetHints":{"allow":["GET"]}}],"collection":[{"href":"https:\/\/noticiasmercedinas.com\/site\/wp-json\/wp\/v2\/posts"}],"about":[{"href":"https:\/\/noticiasmercedinas.com\/site\/wp-json\/wp\/v2\/types\/post"}],"author":[{"embeddable":true,"href":"https:\/\/noticiasmercedinas.com\/site\/wp-json\/wp\/v2\/users\/16"}],"replies":[{"embeddable":true,"href":"https:\/\/noticiasmercedinas.com\/site\/wp-json\/wp\/v2\/comments?post=95454"}],"version-history":[{"count":1,"href":"https:\/\/noticiasmercedinas.com\/site\/wp-json\/wp\/v2\/posts\/95454\/revisions"}],"predecessor-version":[{"id":95458,"href":"https:\/\/noticiasmercedinas.com\/site\/wp-json\/wp\/v2\/posts\/95454\/revisions\/95458"}],"wp:featuredmedia":[{"embeddable":true,"href":"https:\/\/noticiasmercedinas.com\/site\/wp-json\/wp\/v2\/media\/95455"}],"wp:attachment":[{"href":"https:\/\/noticiasmercedinas.com\/site\/wp-json\/wp\/v2\/media?parent=95454"}],"wp:term":[{"taxonomy":"category","embeddable":true,"href":"https:\/\/noticiasmercedinas.com\/site\/wp-json\/wp\/v2\/categories?post=95454"},{"taxonomy":"post_tag","embeddable":true,"href":"https:\/\/noticiasmercedinas.com\/site\/wp-json\/wp\/v2\/tags?post=95454"}],"curies":[{"name":"wp","href":"https:\/\/api.w.org\/{rel}","templated":true}]}}