{"id":95495,"date":"2022-07-18T19:28:55","date_gmt":"2022-07-18T22:28:55","guid":{"rendered":"https:\/\/noticiasmercedinas.com\/site\/?p=95495"},"modified":"2022-07-18T19:34:44","modified_gmt":"2022-07-18T22:34:44","slug":"vialidad-firmo-en-mercedes-contrato-por-obras-en-ruta-5-hasta-suipacha","status":"publish","type":"post","link":"https:\/\/noticiasmercedinas.com\/site\/2022\/07\/18\/vialidad-firmo-en-mercedes-contrato-por-obras-en-ruta-5-hasta-suipacha\/","title":{"rendered":"Vialidad firm\u00f3 en Mercedes contrato por obras en ruta 5 hasta Suipacha"},"content":{"rendered":"<p><img loading=\"lazy\" decoding=\"async\" class=\"alignnone size-large wp-image-95496\" src=\"https:\/\/noticiasmercedinas.com\/site\/wp-content\/uploads\/2022\/07\/Gustavo-Arrieta-y-Juan-Ignacio-Ustarroz-firmaron-el-contrato-para-dar-inicio-a-la-obra-en-la-RN-5-1024x679.jpg\" alt=\"\" width=\"640\" height=\"424\" srcset=\"https:\/\/noticiasmercedinas.com\/site\/wp-content\/uploads\/2022\/07\/Gustavo-Arrieta-y-Juan-Ignacio-Ustarroz-firmaron-el-contrato-para-dar-inicio-a-la-obra-en-la-RN-5-1024x679.jpg 1024w, https:\/\/noticiasmercedinas.com\/site\/wp-content\/uploads\/2022\/07\/Gustavo-Arrieta-y-Juan-Ignacio-Ustarroz-firmaron-el-contrato-para-dar-inicio-a-la-obra-en-la-RN-5-300x199.jpg 300w, https:\/\/noticiasmercedinas.com\/site\/wp-content\/uploads\/2022\/07\/Gustavo-Arrieta-y-Juan-Ignacio-Ustarroz-firmaron-el-contrato-para-dar-inicio-a-la-obra-en-la-RN-5-768x509.jpg 768w, https:\/\/noticiasmercedinas.com\/site\/wp-content\/uploads\/2022\/07\/Gustavo-Arrieta-y-Juan-Ignacio-Ustarroz-firmaron-el-contrato-para-dar-inicio-a-la-obra-en-la-RN-5-1536x1018.jpg 1536w, https:\/\/noticiasmercedinas.com\/site\/wp-content\/uploads\/2022\/07\/Gustavo-Arrieta-y-Juan-Ignacio-Ustarroz-firmaron-el-contrato-para-dar-inicio-a-la-obra-en-la-RN-5-2048x1358.jpg 2048w, https:\/\/noticiasmercedinas.com\/site\/wp-content\/uploads\/2022\/07\/Gustavo-Arrieta-y-Juan-Ignacio-Ustarroz-firmaron-el-contrato-para-dar-inicio-a-la-obra-en-la-RN-5-640x424.jpg 640w, https:\/\/noticiasmercedinas.com\/site\/wp-content\/uploads\/2022\/07\/Gustavo-Arrieta-y-Juan-Ignacio-Ustarroz-firmaron-el-contrato-para-dar-inicio-a-la-obra-en-la-RN-5-1280x849.jpg 1280w, https:\/\/noticiasmercedinas.com\/site\/wp-content\/uploads\/2022\/07\/Gustavo-Arrieta-y-Juan-Ignacio-Ustarroz-firmaron-el-contrato-para-dar-inicio-a-la-obra-en-la-RN-5-681x451.jpg 681w, https:\/\/noticiasmercedinas.com\/site\/wp-content\/uploads\/2022\/07\/Gustavo-Arrieta-y-Juan-Ignacio-Ustarroz-firmaron-el-contrato-para-dar-inicio-a-la-obra-en-la-RN-5-1362x903.jpg 1362w\" sizes=\"auto, (max-width: 640px) 100vw, 640px\" \/><\/p>\n<p>El administrador general de Vialidad Nacional, <strong>Gustavo Arrieta<\/strong>, y el intendente de Mercedes, <strong>Juan Ignacio Ustarroz<\/strong>, suscribieron esta tarde el contrato para dar inicio a la obra de transformaci\u00f3n en autopista de la Ruta Nacional 5 entre Mercedes y el inicio de la variante Suipacha. La firma fue realizada en la sede del Honorable Concejo Deliberante\u00a0 de Mercedes, donde tambi\u00e9n estuvieron presentes los intendentes de Suipacha, <strong>Alejandro Federico<\/strong>; Chivilcoy, <strong>Guillermo Britos<\/strong>; Alberti, <strong>Germ\u00e1n Lagos<\/strong>; Bragado, <strong>Vicente Gatica<\/strong>; 9 de Julio,<strong> Mariano Barroso<\/strong>; y Carlos Casares, <strong>Daniel Stadnik<\/strong>.<\/p>\n<p>La obra, que comenzar\u00e1 en el mes de agosto, se extender\u00e1 a lo largo de 20 kil\u00f3metros, entre el Km 104 y el Km 124 de la RN 5, y demandar\u00e1 una inversi\u00f3n de $4.300 millones por parte del Ministerio de Obras P\u00fablicas, a trav\u00e9s de Vialidad Nacional. Su ejecuci\u00f3n estar\u00e1 a cargo de la Uni\u00f3n Transitoria de Empresas (U.T.E) conformada por CPC S.A. y Vial Agro S.A., ganadoras del proceso de licitaci\u00f3n al cual se hab\u00edan presentado once oferentes.<\/p>\n<blockquote><p>Estuvieron presentes los intendentes de Suipacha, Alejandro Federico; Chivilcoy, Guillermo Britos; Alberti, Germ\u00e1n Lagos; Bragado, Vicente Gatica; 9 de Julio, Mariano Barroso; y Carlos Casares, Daniel Stadnik<\/p><\/blockquote>\n<p>La obra de transformaci\u00f3n en autopista de la RN 5 formaba parte del fracasado esquema de Participaci\u00f3n P\u00fablico Privada (PPP) ideado por la gesti\u00f3n de gobierno anterior, cuyo incumplimiento y endeudamiento llevaron a la actual administraci\u00f3n a rescindir aquellos contratos con empresas privadas y dar curso a nuevas licitaciones para poder efectivizar las obras no iniciadas. Antes de la apertura de los procesos licitatorios, result\u00f3 necesario revisar y volver a aprobar el proyecto ejecutivo.<\/p>\n<p>\u201cDesde que llegamos a Vialidad Nacional, los intendentes nos empezaron a plantear el tema de la agenda pendiente de la Ruta 5 y de otras rutas como la 3, la 205, la 9. Todas estaban dentro de un formato jur\u00eddico y de obra que se denominaban las PPP\u201d, explic\u00f3 el titular de Vialidad Nacional. \u201cHubo un equipo de ingenieros e ingenieras, de abogados y abogadas, con quienes pudimos resolver los contratos por 13 mil millones de d\u00f3lares. Tomamos los proyectos que hab\u00eda de la Ruta 5 y el m\u00e1s avanzado que encontramos fue el de Mercedes-Suipacha\u201d, se\u00f1al\u00f3.<\/p>\n<p><img loading=\"lazy\" decoding=\"async\" class=\"alignnone size-large wp-image-95498\" src=\"https:\/\/noticiasmercedinas.com\/site\/wp-content\/uploads\/2022\/07\/Gustavo-Arrieta-junto-a-funcionarios-de-Vialidad-Nacional-1024x559.jpg\" alt=\"\" width=\"640\" height=\"349\" srcset=\"https:\/\/noticiasmercedinas.com\/site\/wp-content\/uploads\/2022\/07\/Gustavo-Arrieta-junto-a-funcionarios-de-Vialidad-Nacional-1024x559.jpg 1024w, https:\/\/noticiasmercedinas.com\/site\/wp-content\/uploads\/2022\/07\/Gustavo-Arrieta-junto-a-funcionarios-de-Vialidad-Nacional-300x164.jpg 300w, https:\/\/noticiasmercedinas.com\/site\/wp-content\/uploads\/2022\/07\/Gustavo-Arrieta-junto-a-funcionarios-de-Vialidad-Nacional-768x419.jpg 768w, https:\/\/noticiasmercedinas.com\/site\/wp-content\/uploads\/2022\/07\/Gustavo-Arrieta-junto-a-funcionarios-de-Vialidad-Nacional-1536x838.jpg 1536w, https:\/\/noticiasmercedinas.com\/site\/wp-content\/uploads\/2022\/07\/Gustavo-Arrieta-junto-a-funcionarios-de-Vialidad-Nacional-2048x1117.jpg 2048w, https:\/\/noticiasmercedinas.com\/site\/wp-content\/uploads\/2022\/07\/Gustavo-Arrieta-junto-a-funcionarios-de-Vialidad-Nacional-640x349.jpg 640w, https:\/\/noticiasmercedinas.com\/site\/wp-content\/uploads\/2022\/07\/Gustavo-Arrieta-junto-a-funcionarios-de-Vialidad-Nacional-1280x698.jpg 1280w, https:\/\/noticiasmercedinas.com\/site\/wp-content\/uploads\/2022\/07\/Gustavo-Arrieta-junto-a-funcionarios-de-Vialidad-Nacional-681x371.jpg 681w, https:\/\/noticiasmercedinas.com\/site\/wp-content\/uploads\/2022\/07\/Gustavo-Arrieta-junto-a-funcionarios-de-Vialidad-Nacional-1362x743.jpg 1362w\" sizes=\"auto, (max-width: 640px) 100vw, 640px\" \/><\/p>\n<p>En relaci\u00f3n a esta obra, Gustavo Arrieta destac\u00f3 que \u201ctiene un monto de origen de $4.300 millones y el costo de origen por PPP de esta misma obra era de $11.000 millones de pesos\u201d. Es decir, \u201cel Estado, por ley de obra p\u00fablica, lo licit\u00f3 y lo adjudic\u00f3 al 30 por ciento del valor que ten\u00eda en las Participaciones P\u00fablico-Privadas\u201d, manifest\u00f3.<\/p>\n<p>Al finalizar, el administrador general de Vialidad Nacional agradeci\u00f3 el \u201cesfuerzo presupuestario para concretar obras viales en todo el territorio argentino gracias al compromiso del presidente de la Naci\u00f3n, Alberto Fern\u00e1ndez, y del ministro de Obras P\u00fablicas, Gabriel Katopodis\u201d. Asimismo, valor\u00f3 la gesti\u00f3n de los intendentes, que \u201ctienen la tarea de ser la expresi\u00f3n de las inquietudes, de las tensiones, aspiraciones, ambiciones y frustraciones de cada uno de los territorios\u201d. Junto a su equipo de trabajo, Gustavo Arrieta contin\u00faa manteniendo una comunicaci\u00f3n directa y permanente con los intendentes de la regi\u00f3n, concejales y legisladores, para seguir avanzando en las obras de la Ruta Nacional 5.<\/p>\n<p>Por su parte, el intendente de Mercedes, Juan Ignacio Ustarroz, ponder\u00f3 la gesti\u00f3n de Gustavo Arrieta al frente de Vialidad Nacional: \u201cNo obstante la pandemia, \u00e9l y sus equipos siguieron trabajando y le dieron respuesta al pueblo de Mercedes\u201d, afirm\u00f3. \u201cCuando uno toca puertas, y esas puertas se abren, sucede esto. Hoy la obra p\u00fablica llega a todas las localidades y es el motor de desarrollo de nuestras comunidades\u201d, remarc\u00f3 el funcionario municipal. Y a\u00f1adi\u00f3: \u201cEn el interior, si no tenemos el acompa\u00f1amiento del Estado nacional y del provincial, las obras estructurales son muy dif\u00edciles de llevar adelante porque exceden la capacidad presupuestaria de los municipios\u201d.<\/p>\n<p><img loading=\"lazy\" decoding=\"async\" class=\"alignnone size-full wp-image-95500\" src=\"https:\/\/noticiasmercedinas.com\/site\/wp-content\/uploads\/2022\/07\/f4ca4880-42b4-4f91-8d97-3358af717bf4.jpg\" alt=\"\" width=\"922\" height=\"615\" srcset=\"https:\/\/noticiasmercedinas.com\/site\/wp-content\/uploads\/2022\/07\/f4ca4880-42b4-4f91-8d97-3358af717bf4.jpg 922w, https:\/\/noticiasmercedinas.com\/site\/wp-content\/uploads\/2022\/07\/f4ca4880-42b4-4f91-8d97-3358af717bf4-300x200.jpg 300w, https:\/\/noticiasmercedinas.com\/site\/wp-content\/uploads\/2022\/07\/f4ca4880-42b4-4f91-8d97-3358af717bf4-768x512.jpg 768w, https:\/\/noticiasmercedinas.com\/site\/wp-content\/uploads\/2022\/07\/f4ca4880-42b4-4f91-8d97-3358af717bf4-640x427.jpg 640w, https:\/\/noticiasmercedinas.com\/site\/wp-content\/uploads\/2022\/07\/f4ca4880-42b4-4f91-8d97-3358af717bf4-681x454.jpg 681w\" sizes=\"auto, (max-width: 922px) 100vw, 922px\" \/><\/p>\n<p>Para concluir, indic\u00f3: \u201cS\u00e9 del esfuerzo, la capacidad, el enorme trabajo que viene realizando Vialidad Nacional. Poder visualizar \u2013despu\u00e9s de tanto tiempo\u2014 que hay un contrato, que va a haber un inicio de obra\u2026 esto nos debe servir para seguir impulsando nuestro pa\u00eds, nuestra provincia y cada uno de nuestros municipios\u201d.<\/p>\n<p>En el acto en Mercedes tambi\u00e9n estuvieron presentes la gerenta ejecutiva de Planeamiento y Concesiones de Vialidad Nacional, Emma Albrieu; los gerentes ejecutivos de Recursos Humanos, Jorge Ruesga, y de Proyectos y Obras, V\u00edctor Farre; la jefa del 1\u00b0 Distrito Buenos Aires, Mar\u00eda Alicia Rivero; y el asesor en Asuntos Municipales del organismo vial nacional, Marcelo Sosa; la diputada nacional por la provincia de Buenos Aires, Constanza Alonso; el subsecretario de Asuntos Municipales de la provincia de Buenos Aires, Santiago R\u00e9vora; el concejal de Suipacha, Juan Luis Mancini; y concejales del Frente de Todos en Bragado y 9 de Julio, entre otros funcionarios nacionales, provinciales y municipales.<\/p>\n<p>La transformaci\u00f3n en autopista de la RN 5 es sumamente importante para la regi\u00f3n del noreste de la provincia de Buenos Aires, cuyos habitantes se ver\u00e1n directamente beneficiados a partir de las mejoras en las condiciones de seguridad y de transitabilidad en este corredor. La intensa actividad agr\u00edcola e industrial que se desarrolla en la regi\u00f3n genera un caudal de tr\u00e1nsito muy importante. La ejecuci\u00f3n de esta obra ahorrar\u00e1 los costos log\u00edsticos del traslado de la producci\u00f3n y se ahorrar\u00e1n tiempos de viaje del transporte de carga y de veh\u00edculos particulares.<\/p>\n<p><img loading=\"lazy\" decoding=\"async\" class=\"alignnone size-large wp-image-95501\" src=\"https:\/\/noticiasmercedinas.com\/site\/wp-content\/uploads\/2022\/07\/9f1fcc44-e1dd-4c1b-97d7-c9d06433de4a-1024x603.jpg\" alt=\"\" width=\"640\" height=\"377\" srcset=\"https:\/\/noticiasmercedinas.com\/site\/wp-content\/uploads\/2022\/07\/9f1fcc44-e1dd-4c1b-97d7-c9d06433de4a-1024x603.jpg 1024w, https:\/\/noticiasmercedinas.com\/site\/wp-content\/uploads\/2022\/07\/9f1fcc44-e1dd-4c1b-97d7-c9d06433de4a-300x177.jpg 300w, https:\/\/noticiasmercedinas.com\/site\/wp-content\/uploads\/2022\/07\/9f1fcc44-e1dd-4c1b-97d7-c9d06433de4a-768x453.jpg 768w, https:\/\/noticiasmercedinas.com\/site\/wp-content\/uploads\/2022\/07\/9f1fcc44-e1dd-4c1b-97d7-c9d06433de4a-640x377.jpg 640w, https:\/\/noticiasmercedinas.com\/site\/wp-content\/uploads\/2022\/07\/9f1fcc44-e1dd-4c1b-97d7-c9d06433de4a-681x400.jpg 681w, https:\/\/noticiasmercedinas.com\/site\/wp-content\/uploads\/2022\/07\/9f1fcc44-e1dd-4c1b-97d7-c9d06433de4a.jpg 1042w\" sizes=\"auto, (max-width: 640px) 100vw, 640px\" \/><\/p>\n<p><img loading=\"lazy\" decoding=\"async\" class=\"alignnone size-large wp-image-95497\" src=\"https:\/\/noticiasmercedinas.com\/site\/wp-content\/uploads\/2022\/07\/Mapa-obra-autopista-Ruta-Nacional-5-entre-Mercedes-y-el-inicio-de-la-variante-Suipacha-726x1024.jpg\" alt=\"\" width=\"640\" height=\"903\" srcset=\"https:\/\/noticiasmercedinas.com\/site\/wp-content\/uploads\/2022\/07\/Mapa-obra-autopista-Ruta-Nacional-5-entre-Mercedes-y-el-inicio-de-la-variante-Suipacha-726x1024.jpg 726w, https:\/\/noticiasmercedinas.com\/site\/wp-content\/uploads\/2022\/07\/Mapa-obra-autopista-Ruta-Nacional-5-entre-Mercedes-y-el-inicio-de-la-variante-Suipacha-213x300.jpg 213w, https:\/\/noticiasmercedinas.com\/site\/wp-content\/uploads\/2022\/07\/Mapa-obra-autopista-Ruta-Nacional-5-entre-Mercedes-y-el-inicio-de-la-variante-Suipacha-768x1084.jpg 768w, https:\/\/noticiasmercedinas.com\/site\/wp-content\/uploads\/2022\/07\/Mapa-obra-autopista-Ruta-Nacional-5-entre-Mercedes-y-el-inicio-de-la-variante-Suipacha-1088x1536.jpg 1088w, https:\/\/noticiasmercedinas.com\/site\/wp-content\/uploads\/2022\/07\/Mapa-obra-autopista-Ruta-Nacional-5-entre-Mercedes-y-el-inicio-de-la-variante-Suipacha-1451x2048.jpg 1451w, https:\/\/noticiasmercedinas.com\/site\/wp-content\/uploads\/2022\/07\/Mapa-obra-autopista-Ruta-Nacional-5-entre-Mercedes-y-el-inicio-de-la-variante-Suipacha-640x903.jpg 640w, https:\/\/noticiasmercedinas.com\/site\/wp-content\/uploads\/2022\/07\/Mapa-obra-autopista-Ruta-Nacional-5-entre-Mercedes-y-el-inicio-de-la-variante-Suipacha-1280x1806.jpg 1280w, https:\/\/noticiasmercedinas.com\/site\/wp-content\/uploads\/2022\/07\/Mapa-obra-autopista-Ruta-Nacional-5-entre-Mercedes-y-el-inicio-de-la-variante-Suipacha-681x961.jpg 681w, https:\/\/noticiasmercedinas.com\/site\/wp-content\/uploads\/2022\/07\/Mapa-obra-autopista-Ruta-Nacional-5-entre-Mercedes-y-el-inicio-de-la-variante-Suipacha-1362x1922.jpg 1362w, https:\/\/noticiasmercedinas.com\/site\/wp-content\/uploads\/2022\/07\/Mapa-obra-autopista-Ruta-Nacional-5-entre-Mercedes-y-el-inicio-de-la-variante-Suipacha-scaled.jpg 1814w\" sizes=\"auto, (max-width: 640px) 100vw, 640px\" \/><\/p>\n<p>&nbsp;<\/p>\n","protected":false},"excerpt":{"rendered":"<p>\u25a0 Ser\u00e1n 20 kil\u00f3metros entre el acceso a Mercedes y el inicio de la variante Suipacha e implicar\u00e1 una inversi\u00f3n de $4.300 millones. El proyecto forma parte del fallido esquema de Participaci\u00f3n P\u00fablico Privada (PPP) de la gesti\u00f3n anterior.<\/p>\n","protected":false},"author":16,"featured_media":95496,"comment_status":"open","ping_status":"open","sticky":false,"template":"","format":"standard","meta":{"footnotes":""},"categories":[3],"tags":[1097,1229,14859,837,835,1077,14860,665,667],"class_list":["post-95495","post","type-post","status-publish","format-standard","has-post-thumbnail","hentry","category-sociedad","tag-alejandro-federico","tag-autopista","tag-daniel-stadnik","tag-guillermo-britos","tag-gustavo-arrieta","tag-juan-ustarroz","tag-mariano-barroso","tag-ruta-5","tag-vialidad-nacional"],"yoast_head":"<!-- This site is optimized with the Yoast SEO plugin v27.5 - https:\/\/yoast.com\/product\/yoast-seo-wordpress\/ -->\n<title>Vialidad firm\u00f3 en Mercedes contrato por obras en ruta 5 hasta Suipacha<\/title>\n<meta name=\"robots\" content=\"index, follow, max-snippet:-1, max-image-preview:large, max-video-preview:-1\" \/>\n<link rel=\"canonical\" href=\"https:\/\/noticiasmercedinas.com\/site\/2022\/07\/18\/vialidad-firmo-en-mercedes-contrato-por-obras-en-ruta-5-hasta-suipacha\/\" \/>\n<meta property=\"og:locale\" content=\"es_ES\" \/>\n<meta property=\"og:type\" content=\"article\" \/>\n<meta property=\"og:title\" content=\"Vialidad firm\u00f3 en Mercedes contrato por obras en ruta 5 hasta Suipacha\" \/>\n<meta property=\"og:description\" content=\"\u25a0 Ser\u00e1n 20 kil\u00f3metros entre el acceso a Mercedes y el inicio de la variante Suipacha e implicar\u00e1 una inversi\u00f3n de $4.300 millones. El proyecto forma parte del fallido esquema de Participaci\u00f3n P\u00fablico Privada (PPP) de la gesti\u00f3n anterior.\" \/>\n<meta property=\"og:url\" content=\"https:\/\/noticiasmercedinas.com\/site\/2022\/07\/18\/vialidad-firmo-en-mercedes-contrato-por-obras-en-ruta-5-hasta-suipacha\/\" \/>\n<meta property=\"og:site_name\" content=\"NOTICIASMERCEDINAS.COM\" \/>\n<meta property=\"article:publisher\" content=\"https:\/\/www.facebook.com\/noticiasmercedinas\/\" \/>\n<meta property=\"article:published_time\" content=\"2022-07-18T22:28:55+00:00\" \/>\n<meta property=\"article:modified_time\" content=\"2022-07-18T22:34:44+00:00\" \/>\n<meta property=\"og:image\" content=\"https:\/\/noticiasmercedinas.com\/site\/wp-content\/uploads\/2022\/07\/Gustavo-Arrieta-y-Juan-Ignacio-Ustarroz-firmaron-el-contrato-para-dar-inicio-a-la-obra-en-la-RN-5.jpg\" \/>\n\t<meta property=\"og:image:width\" content=\"2299\" \/>\n\t<meta property=\"og:image:height\" content=\"1524\" \/>\n\t<meta property=\"og:image:type\" content=\"image\/jpeg\" \/>\n<meta name=\"author\" content=\"NOTICIASMERCEDINAS.COM\" \/>\n<meta name=\"twitter:card\" content=\"summary_large_image\" \/>\n<meta name=\"twitter:creator\" content=\"@notmercedinas\" \/>\n<meta name=\"twitter:site\" content=\"@notmercedinas\" \/>\n<meta name=\"twitter:label1\" content=\"Escrito por\" \/>\n\t<meta name=\"twitter:data1\" content=\"NOTICIASMERCEDINAS.COM\" \/>\n\t<meta name=\"twitter:label2\" content=\"Tiempo de lectura\" \/>\n\t<meta name=\"twitter:data2\" content=\"5 minutos\" \/>\n<script type=\"application\/ld+json\" class=\"yoast-schema-graph\">{\"@context\":\"https:\\\/\\\/schema.org\",\"@graph\":[{\"@type\":\"Article\",\"@id\":\"https:\\\/\\\/noticiasmercedinas.com\\\/site\\\/2022\\\/07\\\/18\\\/vialidad-firmo-en-mercedes-contrato-por-obras-en-ruta-5-hasta-suipacha\\\/#article\",\"isPartOf\":{\"@id\":\"https:\\\/\\\/noticiasmercedinas.com\\\/site\\\/2022\\\/07\\\/18\\\/vialidad-firmo-en-mercedes-contrato-por-obras-en-ruta-5-hasta-suipacha\\\/\"},\"author\":{\"name\":\"NOTICIASMERCEDINAS.COM\",\"@id\":\"https:\\\/\\\/noticiasmercedinas.com\\\/site\\\/#\\\/schema\\\/person\\\/84b59c099c28ff2e8b77d4ceec5d8063\"},\"headline\":\"Vialidad firm\u00f3 en Mercedes contrato por obras en ruta 5 hasta Suipacha\",\"datePublished\":\"2022-07-18T22:28:55+00:00\",\"dateModified\":\"2022-07-18T22:34:44+00:00\",\"mainEntityOfPage\":{\"@id\":\"https:\\\/\\\/noticiasmercedinas.com\\\/site\\\/2022\\\/07\\\/18\\\/vialidad-firmo-en-mercedes-contrato-por-obras-en-ruta-5-hasta-suipacha\\\/\"},\"wordCount\":936,\"commentCount\":0,\"publisher\":{\"@id\":\"https:\\\/\\\/noticiasmercedinas.com\\\/site\\\/#organization\"},\"image\":{\"@id\":\"https:\\\/\\\/noticiasmercedinas.com\\\/site\\\/2022\\\/07\\\/18\\\/vialidad-firmo-en-mercedes-contrato-por-obras-en-ruta-5-hasta-suipacha\\\/#primaryimage\"},\"thumbnailUrl\":\"https:\\\/\\\/noticiasmercedinas.com\\\/site\\\/wp-content\\\/uploads\\\/2022\\\/07\\\/Gustavo-Arrieta-y-Juan-Ignacio-Ustarroz-firmaron-el-contrato-para-dar-inicio-a-la-obra-en-la-RN-5.jpg\",\"keywords\":[\"alejandro federico\",\"autopista\",\"Daniel Stadnik\",\"Guillermo Britos\",\"Gustavo Arrieta\",\"Juan Ustarroz\",\"mariano barroso\",\"ruta 5\",\"vialidad nacional\"],\"articleSection\":[\"Sociedad\"],\"inLanguage\":\"es\",\"potentialAction\":[{\"@type\":\"CommentAction\",\"name\":\"Comment\",\"target\":[\"https:\\\/\\\/noticiasmercedinas.com\\\/site\\\/2022\\\/07\\\/18\\\/vialidad-firmo-en-mercedes-contrato-por-obras-en-ruta-5-hasta-suipacha\\\/#respond\"]}]},{\"@type\":\"WebPage\",\"@id\":\"https:\\\/\\\/noticiasmercedinas.com\\\/site\\\/2022\\\/07\\\/18\\\/vialidad-firmo-en-mercedes-contrato-por-obras-en-ruta-5-hasta-suipacha\\\/\",\"url\":\"https:\\\/\\\/noticiasmercedinas.com\\\/site\\\/2022\\\/07\\\/18\\\/vialidad-firmo-en-mercedes-contrato-por-obras-en-ruta-5-hasta-suipacha\\\/\",\"name\":\"Vialidad firm\u00f3 en Mercedes contrato por obras en ruta 5 hasta Suipacha\",\"isPartOf\":{\"@id\":\"https:\\\/\\\/noticiasmercedinas.com\\\/site\\\/#website\"},\"primaryImageOfPage\":{\"@id\":\"https:\\\/\\\/noticiasmercedinas.com\\\/site\\\/2022\\\/07\\\/18\\\/vialidad-firmo-en-mercedes-contrato-por-obras-en-ruta-5-hasta-suipacha\\\/#primaryimage\"},\"image\":{\"@id\":\"https:\\\/\\\/noticiasmercedinas.com\\\/site\\\/2022\\\/07\\\/18\\\/vialidad-firmo-en-mercedes-contrato-por-obras-en-ruta-5-hasta-suipacha\\\/#primaryimage\"},\"thumbnailUrl\":\"https:\\\/\\\/noticiasmercedinas.com\\\/site\\\/wp-content\\\/uploads\\\/2022\\\/07\\\/Gustavo-Arrieta-y-Juan-Ignacio-Ustarroz-firmaron-el-contrato-para-dar-inicio-a-la-obra-en-la-RN-5.jpg\",\"datePublished\":\"2022-07-18T22:28:55+00:00\",\"dateModified\":\"2022-07-18T22:34:44+00:00\",\"breadcrumb\":{\"@id\":\"https:\\\/\\\/noticiasmercedinas.com\\\/site\\\/2022\\\/07\\\/18\\\/vialidad-firmo-en-mercedes-contrato-por-obras-en-ruta-5-hasta-suipacha\\\/#breadcrumb\"},\"inLanguage\":\"es\",\"potentialAction\":[{\"@type\":\"ReadAction\",\"target\":[\"https:\\\/\\\/noticiasmercedinas.com\\\/site\\\/2022\\\/07\\\/18\\\/vialidad-firmo-en-mercedes-contrato-por-obras-en-ruta-5-hasta-suipacha\\\/\"]}]},{\"@type\":\"ImageObject\",\"inLanguage\":\"es\",\"@id\":\"https:\\\/\\\/noticiasmercedinas.com\\\/site\\\/2022\\\/07\\\/18\\\/vialidad-firmo-en-mercedes-contrato-por-obras-en-ruta-5-hasta-suipacha\\\/#primaryimage\",\"url\":\"https:\\\/\\\/noticiasmercedinas.com\\\/site\\\/wp-content\\\/uploads\\\/2022\\\/07\\\/Gustavo-Arrieta-y-Juan-Ignacio-Ustarroz-firmaron-el-contrato-para-dar-inicio-a-la-obra-en-la-RN-5.jpg\",\"contentUrl\":\"https:\\\/\\\/noticiasmercedinas.com\\\/site\\\/wp-content\\\/uploads\\\/2022\\\/07\\\/Gustavo-Arrieta-y-Juan-Ignacio-Ustarroz-firmaron-el-contrato-para-dar-inicio-a-la-obra-en-la-RN-5.jpg\",\"width\":2299,\"height\":1524},{\"@type\":\"BreadcrumbList\",\"@id\":\"https:\\\/\\\/noticiasmercedinas.com\\\/site\\\/2022\\\/07\\\/18\\\/vialidad-firmo-en-mercedes-contrato-por-obras-en-ruta-5-hasta-suipacha\\\/#breadcrumb\",\"itemListElement\":[{\"@type\":\"ListItem\",\"position\":1,\"name\":\"Portada\",\"item\":\"https:\\\/\\\/noticiasmercedinas.com\\\/site\\\/\"},{\"@type\":\"ListItem\",\"position\":2,\"name\":\"Vialidad firm\u00f3 en Mercedes contrato por obras en ruta 5 hasta Suipacha\"}]},{\"@type\":\"WebSite\",\"@id\":\"https:\\\/\\\/noticiasmercedinas.com\\\/site\\\/#website\",\"url\":\"https:\\\/\\\/noticiasmercedinas.com\\\/site\\\/\",\"name\":\"NOTICIASMERCEDINAS.COM\",\"description\":\"Mercedes, Buenos Aires, Argentina\",\"publisher\":{\"@id\":\"https:\\\/\\\/noticiasmercedinas.com\\\/site\\\/#organization\"},\"potentialAction\":[{\"@type\":\"SearchAction\",\"target\":{\"@type\":\"EntryPoint\",\"urlTemplate\":\"https:\\\/\\\/noticiasmercedinas.com\\\/site\\\/?s={search_term_string}\"},\"query-input\":{\"@type\":\"PropertyValueSpecification\",\"valueRequired\":true,\"valueName\":\"search_term_string\"}}],\"inLanguage\":\"es\"},{\"@type\":\"Organization\",\"@id\":\"https:\\\/\\\/noticiasmercedinas.com\\\/site\\\/#organization\",\"name\":\"NOTICIASMERCEDINAS.COM\",\"url\":\"https:\\\/\\\/noticiasmercedinas.com\\\/site\\\/\",\"logo\":{\"@type\":\"ImageObject\",\"inLanguage\":\"es\",\"@id\":\"https:\\\/\\\/noticiasmercedinas.com\\\/site\\\/#\\\/schema\\\/logo\\\/image\\\/\",\"url\":\"https:\\\/\\\/noticiasmercedinas.com\\\/site\\\/wp-content\\\/uploads\\\/2020\\\/06\\\/LOGO-512.jpg\",\"contentUrl\":\"https:\\\/\\\/noticiasmercedinas.com\\\/site\\\/wp-content\\\/uploads\\\/2020\\\/06\\\/LOGO-512.jpg\",\"width\":512,\"height\":512,\"caption\":\"NOTICIASMERCEDINAS.COM\"},\"image\":{\"@id\":\"https:\\\/\\\/noticiasmercedinas.com\\\/site\\\/#\\\/schema\\\/logo\\\/image\\\/\"},\"sameAs\":[\"https:\\\/\\\/www.facebook.com\\\/noticiasmercedinas\\\/\",\"https:\\\/\\\/x.com\\\/notmercedinas\",\"https:\\\/\\\/www.instagram.com\\\/noticiasmercedinas\\\/\"]},{\"@type\":\"Person\",\"@id\":\"https:\\\/\\\/noticiasmercedinas.com\\\/site\\\/#\\\/schema\\\/person\\\/84b59c099c28ff2e8b77d4ceec5d8063\",\"name\":\"NOTICIASMERCEDINAS.COM\",\"image\":{\"@type\":\"ImageObject\",\"inLanguage\":\"es\",\"@id\":\"https:\\\/\\\/secure.gravatar.com\\\/avatar\\\/4dfbf16b4d17945bfb6341b2d19043457132fcf478a5ee04f42e959fd8f5df0a?s=96&d=mm&r=g\",\"url\":\"https:\\\/\\\/secure.gravatar.com\\\/avatar\\\/4dfbf16b4d17945bfb6341b2d19043457132fcf478a5ee04f42e959fd8f5df0a?s=96&d=mm&r=g\",\"contentUrl\":\"https:\\\/\\\/secure.gravatar.com\\\/avatar\\\/4dfbf16b4d17945bfb6341b2d19043457132fcf478a5ee04f42e959fd8f5df0a?s=96&d=mm&r=g\",\"caption\":\"NOTICIASMERCEDINAS.COM\"},\"url\":\"https:\\\/\\\/noticiasmercedinas.com\\\/site\\\/author\\\/anonimo\\\/\"}]}<\/script>\n<!-- \/ Yoast SEO plugin. -->","yoast_head_json":{"title":"Vialidad firm\u00f3 en Mercedes contrato por obras en ruta 5 hasta Suipacha","robots":{"index":"index","follow":"follow","max-snippet":"max-snippet:-1","max-image-preview":"max-image-preview:large","max-video-preview":"max-video-preview:-1"},"canonical":"https:\/\/noticiasmercedinas.com\/site\/2022\/07\/18\/vialidad-firmo-en-mercedes-contrato-por-obras-en-ruta-5-hasta-suipacha\/","og_locale":"es_ES","og_type":"article","og_title":"Vialidad firm\u00f3 en Mercedes contrato por obras en ruta 5 hasta Suipacha","og_description":"\u25a0 Ser\u00e1n 20 kil\u00f3metros entre el acceso a Mercedes y el inicio de la variante Suipacha e implicar\u00e1 una inversi\u00f3n de $4.300 millones. El proyecto forma parte del fallido esquema de Participaci\u00f3n P\u00fablico Privada (PPP) de la gesti\u00f3n anterior.","og_url":"https:\/\/noticiasmercedinas.com\/site\/2022\/07\/18\/vialidad-firmo-en-mercedes-contrato-por-obras-en-ruta-5-hasta-suipacha\/","og_site_name":"NOTICIASMERCEDINAS.COM","article_publisher":"https:\/\/www.facebook.com\/noticiasmercedinas\/","article_published_time":"2022-07-18T22:28:55+00:00","article_modified_time":"2022-07-18T22:34:44+00:00","og_image":[{"width":2299,"height":1524,"url":"https:\/\/noticiasmercedinas.com\/site\/wp-content\/uploads\/2022\/07\/Gustavo-Arrieta-y-Juan-Ignacio-Ustarroz-firmaron-el-contrato-para-dar-inicio-a-la-obra-en-la-RN-5.jpg","type":"image\/jpeg"}],"author":"NOTICIASMERCEDINAS.COM","twitter_card":"summary_large_image","twitter_creator":"@notmercedinas","twitter_site":"@notmercedinas","twitter_misc":{"Escrito por":"NOTICIASMERCEDINAS.COM","Tiempo de lectura":"5 minutos"},"schema":{"@context":"https:\/\/schema.org","@graph":[{"@type":"Article","@id":"https:\/\/noticiasmercedinas.com\/site\/2022\/07\/18\/vialidad-firmo-en-mercedes-contrato-por-obras-en-ruta-5-hasta-suipacha\/#article","isPartOf":{"@id":"https:\/\/noticiasmercedinas.com\/site\/2022\/07\/18\/vialidad-firmo-en-mercedes-contrato-por-obras-en-ruta-5-hasta-suipacha\/"},"author":{"name":"NOTICIASMERCEDINAS.COM","@id":"https:\/\/noticiasmercedinas.com\/site\/#\/schema\/person\/84b59c099c28ff2e8b77d4ceec5d8063"},"headline":"Vialidad firm\u00f3 en Mercedes contrato por obras en ruta 5 hasta Suipacha","datePublished":"2022-07-18T22:28:55+00:00","dateModified":"2022-07-18T22:34:44+00:00","mainEntityOfPage":{"@id":"https:\/\/noticiasmercedinas.com\/site\/2022\/07\/18\/vialidad-firmo-en-mercedes-contrato-por-obras-en-ruta-5-hasta-suipacha\/"},"wordCount":936,"commentCount":0,"publisher":{"@id":"https:\/\/noticiasmercedinas.com\/site\/#organization"},"image":{"@id":"https:\/\/noticiasmercedinas.com\/site\/2022\/07\/18\/vialidad-firmo-en-mercedes-contrato-por-obras-en-ruta-5-hasta-suipacha\/#primaryimage"},"thumbnailUrl":"https:\/\/noticiasmercedinas.com\/site\/wp-content\/uploads\/2022\/07\/Gustavo-Arrieta-y-Juan-Ignacio-Ustarroz-firmaron-el-contrato-para-dar-inicio-a-la-obra-en-la-RN-5.jpg","keywords":["alejandro federico","autopista","Daniel Stadnik","Guillermo Britos","Gustavo Arrieta","Juan Ustarroz","mariano barroso","ruta 5","vialidad nacional"],"articleSection":["Sociedad"],"inLanguage":"es","potentialAction":[{"@type":"CommentAction","name":"Comment","target":["https:\/\/noticiasmercedinas.com\/site\/2022\/07\/18\/vialidad-firmo-en-mercedes-contrato-por-obras-en-ruta-5-hasta-suipacha\/#respond"]}]},{"@type":"WebPage","@id":"https:\/\/noticiasmercedinas.com\/site\/2022\/07\/18\/vialidad-firmo-en-mercedes-contrato-por-obras-en-ruta-5-hasta-suipacha\/","url":"https:\/\/noticiasmercedinas.com\/site\/2022\/07\/18\/vialidad-firmo-en-mercedes-contrato-por-obras-en-ruta-5-hasta-suipacha\/","name":"Vialidad firm\u00f3 en Mercedes contrato por obras en ruta 5 hasta Suipacha","isPartOf":{"@id":"https:\/\/noticiasmercedinas.com\/site\/#website"},"primaryImageOfPage":{"@id":"https:\/\/noticiasmercedinas.com\/site\/2022\/07\/18\/vialidad-firmo-en-mercedes-contrato-por-obras-en-ruta-5-hasta-suipacha\/#primaryimage"},"image":{"@id":"https:\/\/noticiasmercedinas.com\/site\/2022\/07\/18\/vialidad-firmo-en-mercedes-contrato-por-obras-en-ruta-5-hasta-suipacha\/#primaryimage"},"thumbnailUrl":"https:\/\/noticiasmercedinas.com\/site\/wp-content\/uploads\/2022\/07\/Gustavo-Arrieta-y-Juan-Ignacio-Ustarroz-firmaron-el-contrato-para-dar-inicio-a-la-obra-en-la-RN-5.jpg","datePublished":"2022-07-18T22:28:55+00:00","dateModified":"2022-07-18T22:34:44+00:00","breadcrumb":{"@id":"https:\/\/noticiasmercedinas.com\/site\/2022\/07\/18\/vialidad-firmo-en-mercedes-contrato-por-obras-en-ruta-5-hasta-suipacha\/#breadcrumb"},"inLanguage":"es","potentialAction":[{"@type":"ReadAction","target":["https:\/\/noticiasmercedinas.com\/site\/2022\/07\/18\/vialidad-firmo-en-mercedes-contrato-por-obras-en-ruta-5-hasta-suipacha\/"]}]},{"@type":"ImageObject","inLanguage":"es","@id":"https:\/\/noticiasmercedinas.com\/site\/2022\/07\/18\/vialidad-firmo-en-mercedes-contrato-por-obras-en-ruta-5-hasta-suipacha\/#primaryimage","url":"https:\/\/noticiasmercedinas.com\/site\/wp-content\/uploads\/2022\/07\/Gustavo-Arrieta-y-Juan-Ignacio-Ustarroz-firmaron-el-contrato-para-dar-inicio-a-la-obra-en-la-RN-5.jpg","contentUrl":"https:\/\/noticiasmercedinas.com\/site\/wp-content\/uploads\/2022\/07\/Gustavo-Arrieta-y-Juan-Ignacio-Ustarroz-firmaron-el-contrato-para-dar-inicio-a-la-obra-en-la-RN-5.jpg","width":2299,"height":1524},{"@type":"BreadcrumbList","@id":"https:\/\/noticiasmercedinas.com\/site\/2022\/07\/18\/vialidad-firmo-en-mercedes-contrato-por-obras-en-ruta-5-hasta-suipacha\/#breadcrumb","itemListElement":[{"@type":"ListItem","position":1,"name":"Portada","item":"https:\/\/noticiasmercedinas.com\/site\/"},{"@type":"ListItem","position":2,"name":"Vialidad firm\u00f3 en Mercedes contrato por obras en ruta 5 hasta Suipacha"}]},{"@type":"WebSite","@id":"https:\/\/noticiasmercedinas.com\/site\/#website","url":"https:\/\/noticiasmercedinas.com\/site\/","name":"NOTICIASMERCEDINAS.COM","description":"Mercedes, Buenos Aires, Argentina","publisher":{"@id":"https:\/\/noticiasmercedinas.com\/site\/#organization"},"potentialAction":[{"@type":"SearchAction","target":{"@type":"EntryPoint","urlTemplate":"https:\/\/noticiasmercedinas.com\/site\/?s={search_term_string}"},"query-input":{"@type":"PropertyValueSpecification","valueRequired":true,"valueName":"search_term_string"}}],"inLanguage":"es"},{"@type":"Organization","@id":"https:\/\/noticiasmercedinas.com\/site\/#organization","name":"NOTICIASMERCEDINAS.COM","url":"https:\/\/noticiasmercedinas.com\/site\/","logo":{"@type":"ImageObject","inLanguage":"es","@id":"https:\/\/noticiasmercedinas.com\/site\/#\/schema\/logo\/image\/","url":"https:\/\/noticiasmercedinas.com\/site\/wp-content\/uploads\/2020\/06\/LOGO-512.jpg","contentUrl":"https:\/\/noticiasmercedinas.com\/site\/wp-content\/uploads\/2020\/06\/LOGO-512.jpg","width":512,"height":512,"caption":"NOTICIASMERCEDINAS.COM"},"image":{"@id":"https:\/\/noticiasmercedinas.com\/site\/#\/schema\/logo\/image\/"},"sameAs":["https:\/\/www.facebook.com\/noticiasmercedinas\/","https:\/\/x.com\/notmercedinas","https:\/\/www.instagram.com\/noticiasmercedinas\/"]},{"@type":"Person","@id":"https:\/\/noticiasmercedinas.com\/site\/#\/schema\/person\/84b59c099c28ff2e8b77d4ceec5d8063","name":"NOTICIASMERCEDINAS.COM","image":{"@type":"ImageObject","inLanguage":"es","@id":"https:\/\/secure.gravatar.com\/avatar\/4dfbf16b4d17945bfb6341b2d19043457132fcf478a5ee04f42e959fd8f5df0a?s=96&d=mm&r=g","url":"https:\/\/secure.gravatar.com\/avatar\/4dfbf16b4d17945bfb6341b2d19043457132fcf478a5ee04f42e959fd8f5df0a?s=96&d=mm&r=g","contentUrl":"https:\/\/secure.gravatar.com\/avatar\/4dfbf16b4d17945bfb6341b2d19043457132fcf478a5ee04f42e959fd8f5df0a?s=96&d=mm&r=g","caption":"NOTICIASMERCEDINAS.COM"},"url":"https:\/\/noticiasmercedinas.com\/site\/author\/anonimo\/"}]}},"amp_enabled":true,"_links":{"self":[{"href":"https:\/\/noticiasmercedinas.com\/site\/wp-json\/wp\/v2\/posts\/95495","targetHints":{"allow":["GET"]}}],"collection":[{"href":"https:\/\/noticiasmercedinas.com\/site\/wp-json\/wp\/v2\/posts"}],"about":[{"href":"https:\/\/noticiasmercedinas.com\/site\/wp-json\/wp\/v2\/types\/post"}],"author":[{"embeddable":true,"href":"https:\/\/noticiasmercedinas.com\/site\/wp-json\/wp\/v2\/users\/16"}],"replies":[{"embeddable":true,"href":"https:\/\/noticiasmercedinas.com\/site\/wp-json\/wp\/v2\/comments?post=95495"}],"version-history":[{"count":2,"href":"https:\/\/noticiasmercedinas.com\/site\/wp-json\/wp\/v2\/posts\/95495\/revisions"}],"predecessor-version":[{"id":95502,"href":"https:\/\/noticiasmercedinas.com\/site\/wp-json\/wp\/v2\/posts\/95495\/revisions\/95502"}],"wp:featuredmedia":[{"embeddable":true,"href":"https:\/\/noticiasmercedinas.com\/site\/wp-json\/wp\/v2\/media\/95496"}],"wp:attachment":[{"href":"https:\/\/noticiasmercedinas.com\/site\/wp-json\/wp\/v2\/media?parent=95495"}],"wp:term":[{"taxonomy":"category","embeddable":true,"href":"https:\/\/noticiasmercedinas.com\/site\/wp-json\/wp\/v2\/categories?post=95495"},{"taxonomy":"post_tag","embeddable":true,"href":"https:\/\/noticiasmercedinas.com\/site\/wp-json\/wp\/v2\/tags?post=95495"}],"curies":[{"name":"wp","href":"https:\/\/api.w.org\/{rel}","templated":true}]}}