{"id":9553,"date":"2018-12-21T11:04:43","date_gmt":"2018-12-21T14:04:43","guid":{"rendered":"https:\/\/noticiasmercedinas.com\/site\/2018\/12\/21\/tocando-suenos-cierra-otro-ano-con-todo-este-sabado-y-domingo\/"},"modified":"2018-12-21T11:04:43","modified_gmt":"2018-12-21T14:04:43","slug":"tocando-suenos-cierra-otro-ano-con-todo-este-sabado-y-domingo","status":"publish","type":"post","link":"https:\/\/noticiasmercedinas.com\/site\/2018\/12\/21\/tocando-suenos-cierra-otro-ano-con-todo-este-sabado-y-domingo\/","title":{"rendered":"Tocando sue\u00f1os cierra otro a\u00f1o con todo, este s\u00e1bado y domingo"},"content":{"rendered":"<p><img loading=\"lazy\" decoding=\"async\" class=\"alignnone size-full wp-image-9551\" src=\"https:\/\/noticiasmercedinas.com\/site\/wp-content\/uploads\/2018\/12\/IMG-20181221-WA0012.jpg\" width=\"552\" height=\"367\" srcset=\"https:\/\/noticiasmercedinas.com\/site\/wp-content\/uploads\/2018\/12\/IMG-20181221-WA0012.jpg 552w, https:\/\/noticiasmercedinas.com\/site\/wp-content\/uploads\/2018\/12\/IMG-20181221-WA0012-300x199.jpg 300w\" sizes=\"auto, (max-width: 552px) 100vw, 552px\" \/><\/p>\n<p>El Centro Musical Tocando Sue\u00f1os celebrar\u00e1 este fin de semana su fiesta de fin de a\u00f1o en el Teatro Argentino Julio C\u00e9sar Gioscio, un encuentro con todos los ingredientes de lo cl\u00e1sico en el que confluyen la m\u00fasica, la emoci\u00f3n y la amistad.<\/p>\n<p>A diferencia de a\u00f1os anteriores, y para permitir que tanto los alumnos como sus familias y el p\u00fablico en general puedan disfrutar al m\u00e1ximo, la fiesta se desdoblar\u00e1 en s\u00e1bado y domingo. En ambos casos el inicio del show est\u00e1 previsto para las 20 y el cierre, cerca de las 23.<\/p>\n<p>All\u00ed estar\u00e1n, como de costumbre, los maestros de Tocando Sue\u00f1os: Gustavo Florella (profe de guitarra y bajo), Luis Giorgi (teclados) y Esteban Bojorge (bater\u00eda). Y, con ellos, los amigos e invitados que contribuyen en la organizaci\u00f3n de la fiesta. El repertorio volver\u00e1 a tener cl\u00e1sicos del rock nacional e internacional y algunas sorpresas. Cada canci\u00f3n es elegida por sus int\u00e9rpretes y van desde Charly Garc\u00eda a Pink Floyd; desde Soda St\u00e9reo a The Eagles; desde Los Tipitos a AC DC.<\/p>\n<p>Lo que empez\u00f3 como un sue\u00f1o de Gustavo Florella lleva ya nada menos que 31 a\u00f1os (esta ser\u00e1 la und\u00e9cima fiesta, una iniciativa que fue creciendo cada vez m\u00e1s). Por los salones de Tocando Sue\u00f1os, en la esquina de 31 y 14, fueron pasando muchos de los m\u00fasicos que hoy se presentan en la escena de la ciudad y, tambi\u00e9n, much\u00edsimos otros que encontraron en una guitarra, en un piano o en una bater\u00eda no una carrera -que tampoco era su b\u00fasqueda- sino un espacio de placer, de pasi\u00f3n, de intimidad. El mundo inmenso y personal que se abre con el gesto sencillo de compartir m\u00fasica.<\/p>\n<p>Y esa fue la idea original: tender un puente hacia la cultura y recorrerlo no con la \u00fanica perspectiva de la ejecuci\u00f3n de un instrumento, sino desde la posibilidad de encontrar un lugar de pertenencia. Lo que se ver\u00e1 en el escenario del Teatro Argentino, adem\u00e1s de una serie de canciones aprendidas y ensayadas, un recital siempre disfrutable para m\u00fasicos y espectadores, es tambi\u00e9n eso: la gratitud rec\u00edproca de alumnos y profes, gente de todas las edades mostrando una de las formas de su felicidad.<\/p>\n<p><img loading=\"lazy\" decoding=\"async\" src=\"https:\/\/noticiasmercedinas.com\/site\/wp-content\/uploads\/2018\/12\/IMG-20181221-WA0014.jpg\" class=\"alignnone wp-image-9552 size-full\" width=\"877\" height=\"1240\" srcset=\"https:\/\/noticiasmercedinas.com\/site\/wp-content\/uploads\/2018\/12\/IMG-20181221-WA0014.jpg 877w, https:\/\/noticiasmercedinas.com\/site\/wp-content\/uploads\/2018\/12\/IMG-20181221-WA0014-212x300.jpg 212w, https:\/\/noticiasmercedinas.com\/site\/wp-content\/uploads\/2018\/12\/IMG-20181221-WA0014-768x1086.jpg 768w, https:\/\/noticiasmercedinas.com\/site\/wp-content\/uploads\/2018\/12\/IMG-20181221-WA0014-724x1024.jpg 724w, https:\/\/noticiasmercedinas.com\/site\/wp-content\/uploads\/2018\/12\/IMG-20181221-WA0014-640x905.jpg 640w, https:\/\/noticiasmercedinas.com\/site\/wp-content\/uploads\/2018\/12\/IMG-20181221-WA0014-681x963.jpg 681w\" sizes=\"auto, (max-width: 877px) 100vw, 877px\" \/><\/p>\n","protected":false},"excerpt":{"rendered":"<p>El Centro Musical Tocando Sue\u00f1os celebrar\u00e1 este fin de semana su fiesta de fin de a\u00f1o en el Teatro Argentino Julio C\u00e9sar Gioscio, un encuentro con todos los ingredientes de lo cl\u00e1sico en el que confluyen la m\u00fasica, la emoci\u00f3n y la amistad. A diferencia de a\u00f1os anteriores, y para permitir que tanto los alumnos [&hellip;]<\/p>\n","protected":false},"author":2,"featured_media":9551,"comment_status":"open","ping_status":"open","sticky":false,"template":"","format":"standard","meta":{"footnotes":""},"categories":[4],"tags":[2997,88,2996],"class_list":["post-9553","post","type-post","status-publish","format-standard","has-post-thumbnail","hentry","category-cultura","tag-gustavo-florella","tag-musica","tag-tocando-suenos"],"yoast_head":"<!-- This site is optimized with the Yoast SEO plugin v27.5 - https:\/\/yoast.com\/product\/yoast-seo-wordpress\/ -->\n<title>Tocando sue\u00f1os cierra otro a\u00f1o con todo, este s\u00e1bado y domingo<\/title>\n<meta name=\"robots\" content=\"index, follow, max-snippet:-1, max-image-preview:large, max-video-preview:-1\" \/>\n<link rel=\"canonical\" href=\"https:\/\/noticiasmercedinas.com\/site\/2018\/12\/21\/tocando-suenos-cierra-otro-ano-con-todo-este-sabado-y-domingo\/\" \/>\n<meta property=\"og:locale\" content=\"es_ES\" \/>\n<meta property=\"og:type\" content=\"article\" \/>\n<meta property=\"og:title\" content=\"Tocando sue\u00f1os cierra otro a\u00f1o con todo, este s\u00e1bado y domingo\" \/>\n<meta property=\"og:description\" content=\"El Centro Musical Tocando Sue\u00f1os celebrar\u00e1 este fin de semana su fiesta de fin de a\u00f1o en el Teatro Argentino Julio C\u00e9sar Gioscio, un encuentro con todos los ingredientes de lo cl\u00e1sico en el que confluyen la m\u00fasica, la emoci\u00f3n y la amistad. A diferencia de a\u00f1os anteriores, y para permitir que tanto los alumnos [&hellip;]\" \/>\n<meta property=\"og:url\" content=\"https:\/\/noticiasmercedinas.com\/site\/2018\/12\/21\/tocando-suenos-cierra-otro-ano-con-todo-este-sabado-y-domingo\/\" \/>\n<meta property=\"og:site_name\" content=\"NOTICIASMERCEDINAS.COM\" \/>\n<meta property=\"article:publisher\" content=\"https:\/\/www.facebook.com\/noticiasmercedinas\/\" \/>\n<meta property=\"article:author\" content=\"https:\/\/www.facebook.com\/cristian.falabella\" \/>\n<meta property=\"article:published_time\" content=\"2018-12-21T14:04:43+00:00\" \/>\n<meta property=\"og:image\" content=\"https:\/\/noticiasmercedinas.com\/site\/wp-content\/uploads\/2018\/12\/IMG-20181221-WA0012.jpg\" \/>\n\t<meta property=\"og:image:width\" content=\"552\" \/>\n\t<meta property=\"og:image:height\" content=\"367\" \/>\n\t<meta property=\"og:image:type\" content=\"image\/jpeg\" \/>\n<meta name=\"author\" content=\"Cristian Falabella NOTICIASMERCEDINAS.COM\" \/>\n<meta name=\"twitter:card\" content=\"summary_large_image\" \/>\n<meta name=\"twitter:creator\" content=\"@https:\/\/twitter.com\/NOTMERCEDINAS\" \/>\n<meta name=\"twitter:site\" content=\"@notmercedinas\" \/>\n<meta name=\"twitter:label1\" content=\"Escrito por\" \/>\n\t<meta name=\"twitter:data1\" content=\"Cristian Falabella NOTICIASMERCEDINAS.COM\" \/>\n\t<meta name=\"twitter:label2\" content=\"Tiempo de lectura\" \/>\n\t<meta name=\"twitter:data2\" content=\"2 minutos\" \/>\n<script type=\"application\/ld+json\" class=\"yoast-schema-graph\">{\"@context\":\"https:\\\/\\\/schema.org\",\"@graph\":[{\"@type\":\"Article\",\"@id\":\"https:\\\/\\\/noticiasmercedinas.com\\\/site\\\/2018\\\/12\\\/21\\\/tocando-suenos-cierra-otro-ano-con-todo-este-sabado-y-domingo\\\/#article\",\"isPartOf\":{\"@id\":\"https:\\\/\\\/noticiasmercedinas.com\\\/site\\\/2018\\\/12\\\/21\\\/tocando-suenos-cierra-otro-ano-con-todo-este-sabado-y-domingo\\\/\"},\"author\":{\"name\":\"Cristian Falabella NOTICIASMERCEDINAS.COM\",\"@id\":\"https:\\\/\\\/noticiasmercedinas.com\\\/site\\\/#\\\/schema\\\/person\\\/d481a9696a5feaec13a60e2bbd991a6a\"},\"headline\":\"Tocando sue\u00f1os cierra otro a\u00f1o con todo, este s\u00e1bado y domingo\",\"datePublished\":\"2018-12-21T14:04:43+00:00\",\"mainEntityOfPage\":{\"@id\":\"https:\\\/\\\/noticiasmercedinas.com\\\/site\\\/2018\\\/12\\\/21\\\/tocando-suenos-cierra-otro-ano-con-todo-este-sabado-y-domingo\\\/\"},\"wordCount\":410,\"commentCount\":0,\"publisher\":{\"@id\":\"https:\\\/\\\/noticiasmercedinas.com\\\/site\\\/#organization\"},\"image\":{\"@id\":\"https:\\\/\\\/noticiasmercedinas.com\\\/site\\\/2018\\\/12\\\/21\\\/tocando-suenos-cierra-otro-ano-con-todo-este-sabado-y-domingo\\\/#primaryimage\"},\"thumbnailUrl\":\"https:\\\/\\\/noticiasmercedinas.com\\\/site\\\/wp-content\\\/uploads\\\/2018\\\/12\\\/IMG-20181221-WA0012.jpg\",\"keywords\":[\"gustavo florella\",\"musica\",\"tocando sue\u00f1os\"],\"articleSection\":[\"Cultura\"],\"inLanguage\":\"es\",\"potentialAction\":[{\"@type\":\"CommentAction\",\"name\":\"Comment\",\"target\":[\"https:\\\/\\\/noticiasmercedinas.com\\\/site\\\/2018\\\/12\\\/21\\\/tocando-suenos-cierra-otro-ano-con-todo-este-sabado-y-domingo\\\/#respond\"]}]},{\"@type\":\"WebPage\",\"@id\":\"https:\\\/\\\/noticiasmercedinas.com\\\/site\\\/2018\\\/12\\\/21\\\/tocando-suenos-cierra-otro-ano-con-todo-este-sabado-y-domingo\\\/\",\"url\":\"https:\\\/\\\/noticiasmercedinas.com\\\/site\\\/2018\\\/12\\\/21\\\/tocando-suenos-cierra-otro-ano-con-todo-este-sabado-y-domingo\\\/\",\"name\":\"Tocando sue\u00f1os cierra otro a\u00f1o con todo, este s\u00e1bado y domingo\",\"isPartOf\":{\"@id\":\"https:\\\/\\\/noticiasmercedinas.com\\\/site\\\/#website\"},\"primaryImageOfPage\":{\"@id\":\"https:\\\/\\\/noticiasmercedinas.com\\\/site\\\/2018\\\/12\\\/21\\\/tocando-suenos-cierra-otro-ano-con-todo-este-sabado-y-domingo\\\/#primaryimage\"},\"image\":{\"@id\":\"https:\\\/\\\/noticiasmercedinas.com\\\/site\\\/2018\\\/12\\\/21\\\/tocando-suenos-cierra-otro-ano-con-todo-este-sabado-y-domingo\\\/#primaryimage\"},\"thumbnailUrl\":\"https:\\\/\\\/noticiasmercedinas.com\\\/site\\\/wp-content\\\/uploads\\\/2018\\\/12\\\/IMG-20181221-WA0012.jpg\",\"datePublished\":\"2018-12-21T14:04:43+00:00\",\"breadcrumb\":{\"@id\":\"https:\\\/\\\/noticiasmercedinas.com\\\/site\\\/2018\\\/12\\\/21\\\/tocando-suenos-cierra-otro-ano-con-todo-este-sabado-y-domingo\\\/#breadcrumb\"},\"inLanguage\":\"es\",\"potentialAction\":[{\"@type\":\"ReadAction\",\"target\":[\"https:\\\/\\\/noticiasmercedinas.com\\\/site\\\/2018\\\/12\\\/21\\\/tocando-suenos-cierra-otro-ano-con-todo-este-sabado-y-domingo\\\/\"]}]},{\"@type\":\"ImageObject\",\"inLanguage\":\"es\",\"@id\":\"https:\\\/\\\/noticiasmercedinas.com\\\/site\\\/2018\\\/12\\\/21\\\/tocando-suenos-cierra-otro-ano-con-todo-este-sabado-y-domingo\\\/#primaryimage\",\"url\":\"https:\\\/\\\/noticiasmercedinas.com\\\/site\\\/wp-content\\\/uploads\\\/2018\\\/12\\\/IMG-20181221-WA0012.jpg\",\"contentUrl\":\"https:\\\/\\\/noticiasmercedinas.com\\\/site\\\/wp-content\\\/uploads\\\/2018\\\/12\\\/IMG-20181221-WA0012.jpg\",\"width\":552,\"height\":367},{\"@type\":\"BreadcrumbList\",\"@id\":\"https:\\\/\\\/noticiasmercedinas.com\\\/site\\\/2018\\\/12\\\/21\\\/tocando-suenos-cierra-otro-ano-con-todo-este-sabado-y-domingo\\\/#breadcrumb\",\"itemListElement\":[{\"@type\":\"ListItem\",\"position\":1,\"name\":\"Portada\",\"item\":\"https:\\\/\\\/noticiasmercedinas.com\\\/site\\\/\"},{\"@type\":\"ListItem\",\"position\":2,\"name\":\"Tocando sue\u00f1os cierra otro a\u00f1o con todo, este s\u00e1bado y domingo\"}]},{\"@type\":\"WebSite\",\"@id\":\"https:\\\/\\\/noticiasmercedinas.com\\\/site\\\/#website\",\"url\":\"https:\\\/\\\/noticiasmercedinas.com\\\/site\\\/\",\"name\":\"NOTICIASMERCEDINAS.COM\",\"description\":\"Mercedes, Buenos Aires, Argentina\",\"publisher\":{\"@id\":\"https:\\\/\\\/noticiasmercedinas.com\\\/site\\\/#organization\"},\"potentialAction\":[{\"@type\":\"SearchAction\",\"target\":{\"@type\":\"EntryPoint\",\"urlTemplate\":\"https:\\\/\\\/noticiasmercedinas.com\\\/site\\\/?s={search_term_string}\"},\"query-input\":{\"@type\":\"PropertyValueSpecification\",\"valueRequired\":true,\"valueName\":\"search_term_string\"}}],\"inLanguage\":\"es\"},{\"@type\":\"Organization\",\"@id\":\"https:\\\/\\\/noticiasmercedinas.com\\\/site\\\/#organization\",\"name\":\"NOTICIASMERCEDINAS.COM\",\"url\":\"https:\\\/\\\/noticiasmercedinas.com\\\/site\\\/\",\"logo\":{\"@type\":\"ImageObject\",\"inLanguage\":\"es\",\"@id\":\"https:\\\/\\\/noticiasmercedinas.com\\\/site\\\/#\\\/schema\\\/logo\\\/image\\\/\",\"url\":\"https:\\\/\\\/noticiasmercedinas.com\\\/site\\\/wp-content\\\/uploads\\\/2020\\\/06\\\/LOGO-512.jpg\",\"contentUrl\":\"https:\\\/\\\/noticiasmercedinas.com\\\/site\\\/wp-content\\\/uploads\\\/2020\\\/06\\\/LOGO-512.jpg\",\"width\":512,\"height\":512,\"caption\":\"NOTICIASMERCEDINAS.COM\"},\"image\":{\"@id\":\"https:\\\/\\\/noticiasmercedinas.com\\\/site\\\/#\\\/schema\\\/logo\\\/image\\\/\"},\"sameAs\":[\"https:\\\/\\\/www.facebook.com\\\/noticiasmercedinas\\\/\",\"https:\\\/\\\/x.com\\\/notmercedinas\",\"https:\\\/\\\/www.instagram.com\\\/noticiasmercedinas\\\/\"]},{\"@type\":\"Person\",\"@id\":\"https:\\\/\\\/noticiasmercedinas.com\\\/site\\\/#\\\/schema\\\/person\\\/d481a9696a5feaec13a60e2bbd991a6a\",\"name\":\"Cristian Falabella NOTICIASMERCEDINAS.COM\",\"image\":{\"@type\":\"ImageObject\",\"inLanguage\":\"es\",\"@id\":\"https:\\\/\\\/secure.gravatar.com\\\/avatar\\\/0dbbfc45970cc46bcd0e57766228574ff3511d6eed045b182f536f0f478c1f06?s=96&d=mm&r=g\",\"url\":\"https:\\\/\\\/secure.gravatar.com\\\/avatar\\\/0dbbfc45970cc46bcd0e57766228574ff3511d6eed045b182f536f0f478c1f06?s=96&d=mm&r=g\",\"contentUrl\":\"https:\\\/\\\/secure.gravatar.com\\\/avatar\\\/0dbbfc45970cc46bcd0e57766228574ff3511d6eed045b182f536f0f478c1f06?s=96&d=mm&r=g\",\"caption\":\"Cristian Falabella NOTICIASMERCEDINAS.COM\"},\"description\":\"Periodista, editor de Noticias Mercedinas. Pas\u00f3 por varias redacciones y emprendimientos de prensa, en distintos formatos y \u00e9pocas. Se especializ\u00f3 --y sigue haci\u00e9ndolo-- en comunicaci\u00f3n en la web y en junio de 2006 fund\u00f3 este diario digital.\",\"sameAs\":[\"https:\\\/\\\/noticiasmercedinas.com\",\"https:\\\/\\\/www.facebook.com\\\/cristian.falabella\",\"https:\\\/\\\/www.instagram.com\\\/noticiasmercedinas\\\/\",\"https:\\\/\\\/x.com\\\/https:\\\/\\\/twitter.com\\\/NOTMERCEDINAS\"],\"url\":\"https:\\\/\\\/noticiasmercedinas.com\\\/site\\\/author\\\/as000384\\\/\"}]}<\/script>\n<!-- \/ Yoast SEO plugin. -->","yoast_head_json":{"title":"Tocando sue\u00f1os cierra otro a\u00f1o con todo, este s\u00e1bado y domingo","robots":{"index":"index","follow":"follow","max-snippet":"max-snippet:-1","max-image-preview":"max-image-preview:large","max-video-preview":"max-video-preview:-1"},"canonical":"https:\/\/noticiasmercedinas.com\/site\/2018\/12\/21\/tocando-suenos-cierra-otro-ano-con-todo-este-sabado-y-domingo\/","og_locale":"es_ES","og_type":"article","og_title":"Tocando sue\u00f1os cierra otro a\u00f1o con todo, este s\u00e1bado y domingo","og_description":"El Centro Musical Tocando Sue\u00f1os celebrar\u00e1 este fin de semana su fiesta de fin de a\u00f1o en el Teatro Argentino Julio C\u00e9sar Gioscio, un encuentro con todos los ingredientes de lo cl\u00e1sico en el que confluyen la m\u00fasica, la emoci\u00f3n y la amistad. A diferencia de a\u00f1os anteriores, y para permitir que tanto los alumnos [&hellip;]","og_url":"https:\/\/noticiasmercedinas.com\/site\/2018\/12\/21\/tocando-suenos-cierra-otro-ano-con-todo-este-sabado-y-domingo\/","og_site_name":"NOTICIASMERCEDINAS.COM","article_publisher":"https:\/\/www.facebook.com\/noticiasmercedinas\/","article_author":"https:\/\/www.facebook.com\/cristian.falabella","article_published_time":"2018-12-21T14:04:43+00:00","og_image":[{"width":552,"height":367,"url":"https:\/\/noticiasmercedinas.com\/site\/wp-content\/uploads\/2018\/12\/IMG-20181221-WA0012.jpg","type":"image\/jpeg"}],"author":"Cristian Falabella NOTICIASMERCEDINAS.COM","twitter_card":"summary_large_image","twitter_creator":"@https:\/\/twitter.com\/NOTMERCEDINAS","twitter_site":"@notmercedinas","twitter_misc":{"Escrito por":"Cristian Falabella NOTICIASMERCEDINAS.COM","Tiempo de lectura":"2 minutos"},"schema":{"@context":"https:\/\/schema.org","@graph":[{"@type":"Article","@id":"https:\/\/noticiasmercedinas.com\/site\/2018\/12\/21\/tocando-suenos-cierra-otro-ano-con-todo-este-sabado-y-domingo\/#article","isPartOf":{"@id":"https:\/\/noticiasmercedinas.com\/site\/2018\/12\/21\/tocando-suenos-cierra-otro-ano-con-todo-este-sabado-y-domingo\/"},"author":{"name":"Cristian Falabella NOTICIASMERCEDINAS.COM","@id":"https:\/\/noticiasmercedinas.com\/site\/#\/schema\/person\/d481a9696a5feaec13a60e2bbd991a6a"},"headline":"Tocando sue\u00f1os cierra otro a\u00f1o con todo, este s\u00e1bado y domingo","datePublished":"2018-12-21T14:04:43+00:00","mainEntityOfPage":{"@id":"https:\/\/noticiasmercedinas.com\/site\/2018\/12\/21\/tocando-suenos-cierra-otro-ano-con-todo-este-sabado-y-domingo\/"},"wordCount":410,"commentCount":0,"publisher":{"@id":"https:\/\/noticiasmercedinas.com\/site\/#organization"},"image":{"@id":"https:\/\/noticiasmercedinas.com\/site\/2018\/12\/21\/tocando-suenos-cierra-otro-ano-con-todo-este-sabado-y-domingo\/#primaryimage"},"thumbnailUrl":"https:\/\/noticiasmercedinas.com\/site\/wp-content\/uploads\/2018\/12\/IMG-20181221-WA0012.jpg","keywords":["gustavo florella","musica","tocando sue\u00f1os"],"articleSection":["Cultura"],"inLanguage":"es","potentialAction":[{"@type":"CommentAction","name":"Comment","target":["https:\/\/noticiasmercedinas.com\/site\/2018\/12\/21\/tocando-suenos-cierra-otro-ano-con-todo-este-sabado-y-domingo\/#respond"]}]},{"@type":"WebPage","@id":"https:\/\/noticiasmercedinas.com\/site\/2018\/12\/21\/tocando-suenos-cierra-otro-ano-con-todo-este-sabado-y-domingo\/","url":"https:\/\/noticiasmercedinas.com\/site\/2018\/12\/21\/tocando-suenos-cierra-otro-ano-con-todo-este-sabado-y-domingo\/","name":"Tocando sue\u00f1os cierra otro a\u00f1o con todo, este s\u00e1bado y domingo","isPartOf":{"@id":"https:\/\/noticiasmercedinas.com\/site\/#website"},"primaryImageOfPage":{"@id":"https:\/\/noticiasmercedinas.com\/site\/2018\/12\/21\/tocando-suenos-cierra-otro-ano-con-todo-este-sabado-y-domingo\/#primaryimage"},"image":{"@id":"https:\/\/noticiasmercedinas.com\/site\/2018\/12\/21\/tocando-suenos-cierra-otro-ano-con-todo-este-sabado-y-domingo\/#primaryimage"},"thumbnailUrl":"https:\/\/noticiasmercedinas.com\/site\/wp-content\/uploads\/2018\/12\/IMG-20181221-WA0012.jpg","datePublished":"2018-12-21T14:04:43+00:00","breadcrumb":{"@id":"https:\/\/noticiasmercedinas.com\/site\/2018\/12\/21\/tocando-suenos-cierra-otro-ano-con-todo-este-sabado-y-domingo\/#breadcrumb"},"inLanguage":"es","potentialAction":[{"@type":"ReadAction","target":["https:\/\/noticiasmercedinas.com\/site\/2018\/12\/21\/tocando-suenos-cierra-otro-ano-con-todo-este-sabado-y-domingo\/"]}]},{"@type":"ImageObject","inLanguage":"es","@id":"https:\/\/noticiasmercedinas.com\/site\/2018\/12\/21\/tocando-suenos-cierra-otro-ano-con-todo-este-sabado-y-domingo\/#primaryimage","url":"https:\/\/noticiasmercedinas.com\/site\/wp-content\/uploads\/2018\/12\/IMG-20181221-WA0012.jpg","contentUrl":"https:\/\/noticiasmercedinas.com\/site\/wp-content\/uploads\/2018\/12\/IMG-20181221-WA0012.jpg","width":552,"height":367},{"@type":"BreadcrumbList","@id":"https:\/\/noticiasmercedinas.com\/site\/2018\/12\/21\/tocando-suenos-cierra-otro-ano-con-todo-este-sabado-y-domingo\/#breadcrumb","itemListElement":[{"@type":"ListItem","position":1,"name":"Portada","item":"https:\/\/noticiasmercedinas.com\/site\/"},{"@type":"ListItem","position":2,"name":"Tocando sue\u00f1os cierra otro a\u00f1o con todo, este s\u00e1bado y domingo"}]},{"@type":"WebSite","@id":"https:\/\/noticiasmercedinas.com\/site\/#website","url":"https:\/\/noticiasmercedinas.com\/site\/","name":"NOTICIASMERCEDINAS.COM","description":"Mercedes, Buenos Aires, Argentina","publisher":{"@id":"https:\/\/noticiasmercedinas.com\/site\/#organization"},"potentialAction":[{"@type":"SearchAction","target":{"@type":"EntryPoint","urlTemplate":"https:\/\/noticiasmercedinas.com\/site\/?s={search_term_string}"},"query-input":{"@type":"PropertyValueSpecification","valueRequired":true,"valueName":"search_term_string"}}],"inLanguage":"es"},{"@type":"Organization","@id":"https:\/\/noticiasmercedinas.com\/site\/#organization","name":"NOTICIASMERCEDINAS.COM","url":"https:\/\/noticiasmercedinas.com\/site\/","logo":{"@type":"ImageObject","inLanguage":"es","@id":"https:\/\/noticiasmercedinas.com\/site\/#\/schema\/logo\/image\/","url":"https:\/\/noticiasmercedinas.com\/site\/wp-content\/uploads\/2020\/06\/LOGO-512.jpg","contentUrl":"https:\/\/noticiasmercedinas.com\/site\/wp-content\/uploads\/2020\/06\/LOGO-512.jpg","width":512,"height":512,"caption":"NOTICIASMERCEDINAS.COM"},"image":{"@id":"https:\/\/noticiasmercedinas.com\/site\/#\/schema\/logo\/image\/"},"sameAs":["https:\/\/www.facebook.com\/noticiasmercedinas\/","https:\/\/x.com\/notmercedinas","https:\/\/www.instagram.com\/noticiasmercedinas\/"]},{"@type":"Person","@id":"https:\/\/noticiasmercedinas.com\/site\/#\/schema\/person\/d481a9696a5feaec13a60e2bbd991a6a","name":"Cristian Falabella NOTICIASMERCEDINAS.COM","image":{"@type":"ImageObject","inLanguage":"es","@id":"https:\/\/secure.gravatar.com\/avatar\/0dbbfc45970cc46bcd0e57766228574ff3511d6eed045b182f536f0f478c1f06?s=96&d=mm&r=g","url":"https:\/\/secure.gravatar.com\/avatar\/0dbbfc45970cc46bcd0e57766228574ff3511d6eed045b182f536f0f478c1f06?s=96&d=mm&r=g","contentUrl":"https:\/\/secure.gravatar.com\/avatar\/0dbbfc45970cc46bcd0e57766228574ff3511d6eed045b182f536f0f478c1f06?s=96&d=mm&r=g","caption":"Cristian Falabella NOTICIASMERCEDINAS.COM"},"description":"Periodista, editor de Noticias Mercedinas. Pas\u00f3 por varias redacciones y emprendimientos de prensa, en distintos formatos y \u00e9pocas. Se especializ\u00f3 --y sigue haci\u00e9ndolo-- en comunicaci\u00f3n en la web y en junio de 2006 fund\u00f3 este diario digital.","sameAs":["https:\/\/noticiasmercedinas.com","https:\/\/www.facebook.com\/cristian.falabella","https:\/\/www.instagram.com\/noticiasmercedinas\/","https:\/\/x.com\/https:\/\/twitter.com\/NOTMERCEDINAS"],"url":"https:\/\/noticiasmercedinas.com\/site\/author\/as000384\/"}]}},"amp_enabled":true,"_links":{"self":[{"href":"https:\/\/noticiasmercedinas.com\/site\/wp-json\/wp\/v2\/posts\/9553","targetHints":{"allow":["GET"]}}],"collection":[{"href":"https:\/\/noticiasmercedinas.com\/site\/wp-json\/wp\/v2\/posts"}],"about":[{"href":"https:\/\/noticiasmercedinas.com\/site\/wp-json\/wp\/v2\/types\/post"}],"author":[{"embeddable":true,"href":"https:\/\/noticiasmercedinas.com\/site\/wp-json\/wp\/v2\/users\/2"}],"replies":[{"embeddable":true,"href":"https:\/\/noticiasmercedinas.com\/site\/wp-json\/wp\/v2\/comments?post=9553"}],"version-history":[{"count":0,"href":"https:\/\/noticiasmercedinas.com\/site\/wp-json\/wp\/v2\/posts\/9553\/revisions"}],"wp:featuredmedia":[{"embeddable":true,"href":"https:\/\/noticiasmercedinas.com\/site\/wp-json\/wp\/v2\/media\/9551"}],"wp:attachment":[{"href":"https:\/\/noticiasmercedinas.com\/site\/wp-json\/wp\/v2\/media?parent=9553"}],"wp:term":[{"taxonomy":"category","embeddable":true,"href":"https:\/\/noticiasmercedinas.com\/site\/wp-json\/wp\/v2\/categories?post=9553"},{"taxonomy":"post_tag","embeddable":true,"href":"https:\/\/noticiasmercedinas.com\/site\/wp-json\/wp\/v2\/tags?post=9553"}],"curies":[{"name":"wp","href":"https:\/\/api.w.org\/{rel}","templated":true}]}}