{"id":95560,"date":"2022-07-19T16:42:31","date_gmt":"2022-07-19T19:42:31","guid":{"rendered":"https:\/\/noticiasmercedinas.com\/site\/?p=95560"},"modified":"2022-07-19T16:46:04","modified_gmt":"2022-07-19T19:46:04","slug":"autopista-5-intendente-de-suipacha-destaco-su-importancia","status":"publish","type":"post","link":"https:\/\/noticiasmercedinas.com\/site\/2022\/07\/19\/autopista-5-intendente-de-suipacha-destaco-su-importancia\/","title":{"rendered":"Autopista 5: intendente de Suipacha destac\u00f3 su importancia"},"content":{"rendered":"<figure id=\"attachment_77041\" aria-describedby=\"caption-attachment-77041\" style=\"width: 640px\" class=\"wp-caption alignnone\"><a href=\"https:\/\/noticiasmercedinas.com\/site\/wp-content\/uploads\/2021\/10\/alejandro_federico.jpg\"><img loading=\"lazy\" decoding=\"async\" class=\"size-full wp-image-77041\" src=\"https:\/\/noticiasmercedinas.com\/site\/wp-content\/uploads\/2021\/10\/alejandro_federico.jpg\" alt=\"\" width=\"640\" height=\"368\" srcset=\"https:\/\/noticiasmercedinas.com\/site\/wp-content\/uploads\/2021\/10\/alejandro_federico.jpg 640w, https:\/\/noticiasmercedinas.com\/site\/wp-content\/uploads\/2021\/10\/alejandro_federico-300x173.jpg 300w\" sizes=\"auto, (max-width: 640px) 100vw, 640px\" \/><\/a><figcaption id=\"caption-attachment-77041\" class=\"wp-caption-text\">Alejandro Federico, intendente de Suipacha<\/figcaption><\/figure>\n<p>El intendente de Suipacha, Alejandro Federico, destac\u00f3 la importancia para la seguridad y el transporte de mercanc\u00edas de la reanudaci\u00f3n de la obra de la autopista entre Mercedes y su ciudad, tras la <a href=\"https:\/\/noticiasmercedinas.com\/site\/2022\/07\/18\/vialidad-firmo-en-mercedes-contrato-por-obras-en-ruta-5-hasta-suipacha\/\">firma del contrato<\/a> que se realiz\u00f3 este lunes.<\/p>\n<p>En declaraciones a Noticias Mercedinas el jefe comunal valor\u00f3 la continuidad de los trabajos y se\u00f1al\u00f3 que \u201chemos tenido que lamentar accidentes fatales \u00faltimamente\u201d en ese tramo de la Ruta Nacional N.\u00ba 5.<\/p>\n<p>Indic\u00f3 tambi\u00e9n que \u201cla necesaria doble mano que en alg\u00fan momento llegar\u00e1 a La Pampa\u201d propiciar\u00e1 \u201cun circuito m\u00e1s c\u00f3modo y fluido para el transporte de los productos suipachenses, que son tan importantes para la econom\u00eda.<\/p>\n<p>Federico afirm\u00f3 que la obra, que comenzar\u00e1 en 40 d\u00edas con un plazo de 36 meses, contar\u00e1 con todo el apoyo del Municipio para su concreci\u00f3n, tanto en lo que respecta a Vialidad Nacional como a las empresas adjudicatarias, que montar\u00e1n el obrador en ese distrito.<\/p>\n<audio class=\"wp-audio-shortcode\" id=\"audio-95560-1\" preload=\"none\" style=\"width: 100%;\" controls=\"controls\"><source type=\"audio\/mpeg\" src=\"https:\/\/noticiasmercedinas.com\/site\/wp-content\/uploads\/2022\/07\/220719_federico.mp3?_=1\" \/><a href=\"https:\/\/noticiasmercedinas.com\/site\/wp-content\/uploads\/2022\/07\/220719_federico.mp3\">https:\/\/noticiasmercedinas.com\/site\/wp-content\/uploads\/2022\/07\/220719_federico.mp3<\/a><\/audio>\n<blockquote><p>La obra comenzar\u00e1 en 40 d\u00edas con un plazo de 36 meses.<\/p><\/blockquote>\n<p>Por otra parte, el Intendente coment\u00f3 a Noticias Mercedinas que este martes se ocupaba de diversas gestiones en la ciudad de La Plata, para la puesta en marcha de convenios del Fondo de Infraestructura 2022.<\/p>\n<p>Refiri\u00f3 en este sentido al mantenimiento de calles suburbanas con un mejorado y a la creaci\u00f3n de rotondas en esquinas complicadas, tanto en la ciudad cabecera como en la localidad de General Rivas.<\/p>\n<p>Explic\u00f3 que tambi\u00e9n avanzan las obras para generaci\u00f3n de un nuevo sector destinado a las Peque\u00f1as y Medianas Empresas \u201cpara brindar un mejor servicio a quienes quieren instalar fuentes de trabajo en Suipacha\u201d.<\/p>\n<p>Tambi\u00e9n mantuvo reuniones en la Direcci\u00f3n General de Educaci\u00f3n de la Provincia por proyectos de mejoras en edificios escolares, en particular la ampliaci\u00f3n de la estructura de la Escuela T\u00e9cnica, instituci\u00f3n para la que se eval\u00faa la posibilidad de un nuevo edificio.<\/p>\n","protected":false},"excerpt":{"rendered":"<p>\u25a0 Alejandro Federico afirm\u00f3 que los responsables de los trabajos contar\u00e1n con todo el apoyo de su Municipio. Tambi\u00e9n inform\u00f3 sobre gestiones en La Plata.<\/p>\n","protected":false},"author":16,"featured_media":77041,"comment_status":"open","ping_status":"open","sticky":false,"template":"","format":"standard","meta":{"footnotes":""},"categories":[3],"tags":[1314,1095,667],"class_list":["post-95560","post","type-post","status-publish","format-standard","has-post-thumbnail","hentry","category-sociedad","tag-autopista-5","tag-suipacha","tag-vialidad-nacional"],"yoast_head":"<!-- This site is optimized with the Yoast SEO plugin v27.4 - https:\/\/yoast.com\/product\/yoast-seo-wordpress\/ -->\n<title>Autopista 5: intendente de Suipacha destac\u00f3 su importancia<\/title>\n<meta name=\"robots\" content=\"index, follow, max-snippet:-1, max-image-preview:large, max-video-preview:-1\" \/>\n<link rel=\"canonical\" href=\"https:\/\/noticiasmercedinas.com\/site\/2022\/07\/19\/autopista-5-intendente-de-suipacha-destaco-su-importancia\/\" \/>\n<meta property=\"og:locale\" content=\"es_ES\" \/>\n<meta property=\"og:type\" content=\"article\" \/>\n<meta property=\"og:title\" content=\"Autopista 5: intendente de Suipacha destac\u00f3 su importancia\" \/>\n<meta property=\"og:description\" content=\"\u25a0 Alejandro Federico afirm\u00f3 que los responsables de los trabajos contar\u00e1n con todo el apoyo de su Municipio. Tambi\u00e9n inform\u00f3 sobre gestiones en La Plata.\" \/>\n<meta property=\"og:url\" content=\"https:\/\/noticiasmercedinas.com\/site\/2022\/07\/19\/autopista-5-intendente-de-suipacha-destaco-su-importancia\/\" \/>\n<meta property=\"og:site_name\" content=\"NOTICIASMERCEDINAS.COM\" \/>\n<meta property=\"article:publisher\" content=\"https:\/\/www.facebook.com\/noticiasmercedinas\/\" \/>\n<meta property=\"article:published_time\" content=\"2022-07-19T19:42:31+00:00\" \/>\n<meta property=\"article:modified_time\" content=\"2022-07-19T19:46:04+00:00\" \/>\n<meta property=\"og:image\" content=\"https:\/\/noticiasmercedinas.com\/site\/wp-content\/uploads\/2021\/10\/alejandro_federico.jpg\" \/>\n\t<meta property=\"og:image:width\" content=\"640\" \/>\n\t<meta property=\"og:image:height\" content=\"368\" \/>\n\t<meta property=\"og:image:type\" content=\"image\/jpeg\" \/>\n<meta name=\"author\" content=\"NOTICIASMERCEDINAS.COM\" \/>\n<meta name=\"twitter:card\" content=\"summary_large_image\" \/>\n<meta name=\"twitter:creator\" content=\"@notmercedinas\" \/>\n<meta name=\"twitter:site\" content=\"@notmercedinas\" \/>\n<meta name=\"twitter:label1\" content=\"Escrito por\" \/>\n\t<meta name=\"twitter:data1\" content=\"NOTICIASMERCEDINAS.COM\" \/>\n\t<meta name=\"twitter:label2\" content=\"Tiempo de lectura\" \/>\n\t<meta name=\"twitter:data2\" content=\"2 minutos\" \/>\n<script type=\"application\/ld+json\" class=\"yoast-schema-graph\">{\"@context\":\"https:\\\/\\\/schema.org\",\"@graph\":[{\"@type\":\"Article\",\"@id\":\"https:\\\/\\\/noticiasmercedinas.com\\\/site\\\/2022\\\/07\\\/19\\\/autopista-5-intendente-de-suipacha-destaco-su-importancia\\\/#article\",\"isPartOf\":{\"@id\":\"https:\\\/\\\/noticiasmercedinas.com\\\/site\\\/2022\\\/07\\\/19\\\/autopista-5-intendente-de-suipacha-destaco-su-importancia\\\/\"},\"author\":{\"name\":\"NOTICIASMERCEDINAS.COM\",\"@id\":\"https:\\\/\\\/noticiasmercedinas.com\\\/site\\\/#\\\/schema\\\/person\\\/84b59c099c28ff2e8b77d4ceec5d8063\"},\"headline\":\"Autopista 5: intendente de Suipacha destac\u00f3 su importancia\",\"datePublished\":\"2022-07-19T19:42:31+00:00\",\"dateModified\":\"2022-07-19T19:46:04+00:00\",\"mainEntityOfPage\":{\"@id\":\"https:\\\/\\\/noticiasmercedinas.com\\\/site\\\/2022\\\/07\\\/19\\\/autopista-5-intendente-de-suipacha-destaco-su-importancia\\\/\"},\"wordCount\":358,\"commentCount\":0,\"publisher\":{\"@id\":\"https:\\\/\\\/noticiasmercedinas.com\\\/site\\\/#organization\"},\"image\":{\"@id\":\"https:\\\/\\\/noticiasmercedinas.com\\\/site\\\/2022\\\/07\\\/19\\\/autopista-5-intendente-de-suipacha-destaco-su-importancia\\\/#primaryimage\"},\"thumbnailUrl\":\"https:\\\/\\\/noticiasmercedinas.com\\\/site\\\/wp-content\\\/uploads\\\/2021\\\/10\\\/alejandro_federico.jpg\",\"keywords\":[\"autopista 5\",\"suipacha\",\"vialidad nacional\"],\"articleSection\":[\"Sociedad\"],\"inLanguage\":\"es\",\"potentialAction\":[{\"@type\":\"CommentAction\",\"name\":\"Comment\",\"target\":[\"https:\\\/\\\/noticiasmercedinas.com\\\/site\\\/2022\\\/07\\\/19\\\/autopista-5-intendente-de-suipacha-destaco-su-importancia\\\/#respond\"]}]},{\"@type\":\"WebPage\",\"@id\":\"https:\\\/\\\/noticiasmercedinas.com\\\/site\\\/2022\\\/07\\\/19\\\/autopista-5-intendente-de-suipacha-destaco-su-importancia\\\/\",\"url\":\"https:\\\/\\\/noticiasmercedinas.com\\\/site\\\/2022\\\/07\\\/19\\\/autopista-5-intendente-de-suipacha-destaco-su-importancia\\\/\",\"name\":\"Autopista 5: intendente de Suipacha destac\u00f3 su importancia\",\"isPartOf\":{\"@id\":\"https:\\\/\\\/noticiasmercedinas.com\\\/site\\\/#website\"},\"primaryImageOfPage\":{\"@id\":\"https:\\\/\\\/noticiasmercedinas.com\\\/site\\\/2022\\\/07\\\/19\\\/autopista-5-intendente-de-suipacha-destaco-su-importancia\\\/#primaryimage\"},\"image\":{\"@id\":\"https:\\\/\\\/noticiasmercedinas.com\\\/site\\\/2022\\\/07\\\/19\\\/autopista-5-intendente-de-suipacha-destaco-su-importancia\\\/#primaryimage\"},\"thumbnailUrl\":\"https:\\\/\\\/noticiasmercedinas.com\\\/site\\\/wp-content\\\/uploads\\\/2021\\\/10\\\/alejandro_federico.jpg\",\"datePublished\":\"2022-07-19T19:42:31+00:00\",\"dateModified\":\"2022-07-19T19:46:04+00:00\",\"breadcrumb\":{\"@id\":\"https:\\\/\\\/noticiasmercedinas.com\\\/site\\\/2022\\\/07\\\/19\\\/autopista-5-intendente-de-suipacha-destaco-su-importancia\\\/#breadcrumb\"},\"inLanguage\":\"es\",\"potentialAction\":[{\"@type\":\"ReadAction\",\"target\":[\"https:\\\/\\\/noticiasmercedinas.com\\\/site\\\/2022\\\/07\\\/19\\\/autopista-5-intendente-de-suipacha-destaco-su-importancia\\\/\"]}]},{\"@type\":\"ImageObject\",\"inLanguage\":\"es\",\"@id\":\"https:\\\/\\\/noticiasmercedinas.com\\\/site\\\/2022\\\/07\\\/19\\\/autopista-5-intendente-de-suipacha-destaco-su-importancia\\\/#primaryimage\",\"url\":\"https:\\\/\\\/noticiasmercedinas.com\\\/site\\\/wp-content\\\/uploads\\\/2021\\\/10\\\/alejandro_federico.jpg\",\"contentUrl\":\"https:\\\/\\\/noticiasmercedinas.com\\\/site\\\/wp-content\\\/uploads\\\/2021\\\/10\\\/alejandro_federico.jpg\",\"width\":640,\"height\":368,\"caption\":\"Alejandro Federico, intendente de Suipacha\"},{\"@type\":\"BreadcrumbList\",\"@id\":\"https:\\\/\\\/noticiasmercedinas.com\\\/site\\\/2022\\\/07\\\/19\\\/autopista-5-intendente-de-suipacha-destaco-su-importancia\\\/#breadcrumb\",\"itemListElement\":[{\"@type\":\"ListItem\",\"position\":1,\"name\":\"Portada\",\"item\":\"https:\\\/\\\/noticiasmercedinas.com\\\/site\\\/\"},{\"@type\":\"ListItem\",\"position\":2,\"name\":\"Autopista 5: intendente de Suipacha destac\u00f3 su importancia\"}]},{\"@type\":\"WebSite\",\"@id\":\"https:\\\/\\\/noticiasmercedinas.com\\\/site\\\/#website\",\"url\":\"https:\\\/\\\/noticiasmercedinas.com\\\/site\\\/\",\"name\":\"NOTICIASMERCEDINAS.COM\",\"description\":\"Mercedes, Buenos Aires, Argentina\",\"publisher\":{\"@id\":\"https:\\\/\\\/noticiasmercedinas.com\\\/site\\\/#organization\"},\"potentialAction\":[{\"@type\":\"SearchAction\",\"target\":{\"@type\":\"EntryPoint\",\"urlTemplate\":\"https:\\\/\\\/noticiasmercedinas.com\\\/site\\\/?s={search_term_string}\"},\"query-input\":{\"@type\":\"PropertyValueSpecification\",\"valueRequired\":true,\"valueName\":\"search_term_string\"}}],\"inLanguage\":\"es\"},{\"@type\":\"Organization\",\"@id\":\"https:\\\/\\\/noticiasmercedinas.com\\\/site\\\/#organization\",\"name\":\"NOTICIASMERCEDINAS.COM\",\"url\":\"https:\\\/\\\/noticiasmercedinas.com\\\/site\\\/\",\"logo\":{\"@type\":\"ImageObject\",\"inLanguage\":\"es\",\"@id\":\"https:\\\/\\\/noticiasmercedinas.com\\\/site\\\/#\\\/schema\\\/logo\\\/image\\\/\",\"url\":\"https:\\\/\\\/noticiasmercedinas.com\\\/site\\\/wp-content\\\/uploads\\\/2020\\\/06\\\/LOGO-512.jpg\",\"contentUrl\":\"https:\\\/\\\/noticiasmercedinas.com\\\/site\\\/wp-content\\\/uploads\\\/2020\\\/06\\\/LOGO-512.jpg\",\"width\":512,\"height\":512,\"caption\":\"NOTICIASMERCEDINAS.COM\"},\"image\":{\"@id\":\"https:\\\/\\\/noticiasmercedinas.com\\\/site\\\/#\\\/schema\\\/logo\\\/image\\\/\"},\"sameAs\":[\"https:\\\/\\\/www.facebook.com\\\/noticiasmercedinas\\\/\",\"https:\\\/\\\/x.com\\\/notmercedinas\",\"https:\\\/\\\/www.instagram.com\\\/noticiasmercedinas\\\/\"]},{\"@type\":\"Person\",\"@id\":\"https:\\\/\\\/noticiasmercedinas.com\\\/site\\\/#\\\/schema\\\/person\\\/84b59c099c28ff2e8b77d4ceec5d8063\",\"name\":\"NOTICIASMERCEDINAS.COM\",\"image\":{\"@type\":\"ImageObject\",\"inLanguage\":\"es\",\"@id\":\"https:\\\/\\\/secure.gravatar.com\\\/avatar\\\/4dfbf16b4d17945bfb6341b2d19043457132fcf478a5ee04f42e959fd8f5df0a?s=96&d=mm&r=g\",\"url\":\"https:\\\/\\\/secure.gravatar.com\\\/avatar\\\/4dfbf16b4d17945bfb6341b2d19043457132fcf478a5ee04f42e959fd8f5df0a?s=96&d=mm&r=g\",\"contentUrl\":\"https:\\\/\\\/secure.gravatar.com\\\/avatar\\\/4dfbf16b4d17945bfb6341b2d19043457132fcf478a5ee04f42e959fd8f5df0a?s=96&d=mm&r=g\",\"caption\":\"NOTICIASMERCEDINAS.COM\"},\"url\":\"https:\\\/\\\/noticiasmercedinas.com\\\/site\\\/author\\\/anonimo\\\/\"}]}<\/script>\n<!-- \/ Yoast SEO plugin. -->","yoast_head_json":{"title":"Autopista 5: intendente de Suipacha destac\u00f3 su importancia","robots":{"index":"index","follow":"follow","max-snippet":"max-snippet:-1","max-image-preview":"max-image-preview:large","max-video-preview":"max-video-preview:-1"},"canonical":"https:\/\/noticiasmercedinas.com\/site\/2022\/07\/19\/autopista-5-intendente-de-suipacha-destaco-su-importancia\/","og_locale":"es_ES","og_type":"article","og_title":"Autopista 5: intendente de Suipacha destac\u00f3 su importancia","og_description":"\u25a0 Alejandro Federico afirm\u00f3 que los responsables de los trabajos contar\u00e1n con todo el apoyo de su Municipio. Tambi\u00e9n inform\u00f3 sobre gestiones en La Plata.","og_url":"https:\/\/noticiasmercedinas.com\/site\/2022\/07\/19\/autopista-5-intendente-de-suipacha-destaco-su-importancia\/","og_site_name":"NOTICIASMERCEDINAS.COM","article_publisher":"https:\/\/www.facebook.com\/noticiasmercedinas\/","article_published_time":"2022-07-19T19:42:31+00:00","article_modified_time":"2022-07-19T19:46:04+00:00","og_image":[{"width":640,"height":368,"url":"https:\/\/noticiasmercedinas.com\/site\/wp-content\/uploads\/2021\/10\/alejandro_federico.jpg","type":"image\/jpeg"}],"author":"NOTICIASMERCEDINAS.COM","twitter_card":"summary_large_image","twitter_creator":"@notmercedinas","twitter_site":"@notmercedinas","twitter_misc":{"Escrito por":"NOTICIASMERCEDINAS.COM","Tiempo de lectura":"2 minutos"},"schema":{"@context":"https:\/\/schema.org","@graph":[{"@type":"Article","@id":"https:\/\/noticiasmercedinas.com\/site\/2022\/07\/19\/autopista-5-intendente-de-suipacha-destaco-su-importancia\/#article","isPartOf":{"@id":"https:\/\/noticiasmercedinas.com\/site\/2022\/07\/19\/autopista-5-intendente-de-suipacha-destaco-su-importancia\/"},"author":{"name":"NOTICIASMERCEDINAS.COM","@id":"https:\/\/noticiasmercedinas.com\/site\/#\/schema\/person\/84b59c099c28ff2e8b77d4ceec5d8063"},"headline":"Autopista 5: intendente de Suipacha destac\u00f3 su importancia","datePublished":"2022-07-19T19:42:31+00:00","dateModified":"2022-07-19T19:46:04+00:00","mainEntityOfPage":{"@id":"https:\/\/noticiasmercedinas.com\/site\/2022\/07\/19\/autopista-5-intendente-de-suipacha-destaco-su-importancia\/"},"wordCount":358,"commentCount":0,"publisher":{"@id":"https:\/\/noticiasmercedinas.com\/site\/#organization"},"image":{"@id":"https:\/\/noticiasmercedinas.com\/site\/2022\/07\/19\/autopista-5-intendente-de-suipacha-destaco-su-importancia\/#primaryimage"},"thumbnailUrl":"https:\/\/noticiasmercedinas.com\/site\/wp-content\/uploads\/2021\/10\/alejandro_federico.jpg","keywords":["autopista 5","suipacha","vialidad nacional"],"articleSection":["Sociedad"],"inLanguage":"es","potentialAction":[{"@type":"CommentAction","name":"Comment","target":["https:\/\/noticiasmercedinas.com\/site\/2022\/07\/19\/autopista-5-intendente-de-suipacha-destaco-su-importancia\/#respond"]}]},{"@type":"WebPage","@id":"https:\/\/noticiasmercedinas.com\/site\/2022\/07\/19\/autopista-5-intendente-de-suipacha-destaco-su-importancia\/","url":"https:\/\/noticiasmercedinas.com\/site\/2022\/07\/19\/autopista-5-intendente-de-suipacha-destaco-su-importancia\/","name":"Autopista 5: intendente de Suipacha destac\u00f3 su importancia","isPartOf":{"@id":"https:\/\/noticiasmercedinas.com\/site\/#website"},"primaryImageOfPage":{"@id":"https:\/\/noticiasmercedinas.com\/site\/2022\/07\/19\/autopista-5-intendente-de-suipacha-destaco-su-importancia\/#primaryimage"},"image":{"@id":"https:\/\/noticiasmercedinas.com\/site\/2022\/07\/19\/autopista-5-intendente-de-suipacha-destaco-su-importancia\/#primaryimage"},"thumbnailUrl":"https:\/\/noticiasmercedinas.com\/site\/wp-content\/uploads\/2021\/10\/alejandro_federico.jpg","datePublished":"2022-07-19T19:42:31+00:00","dateModified":"2022-07-19T19:46:04+00:00","breadcrumb":{"@id":"https:\/\/noticiasmercedinas.com\/site\/2022\/07\/19\/autopista-5-intendente-de-suipacha-destaco-su-importancia\/#breadcrumb"},"inLanguage":"es","potentialAction":[{"@type":"ReadAction","target":["https:\/\/noticiasmercedinas.com\/site\/2022\/07\/19\/autopista-5-intendente-de-suipacha-destaco-su-importancia\/"]}]},{"@type":"ImageObject","inLanguage":"es","@id":"https:\/\/noticiasmercedinas.com\/site\/2022\/07\/19\/autopista-5-intendente-de-suipacha-destaco-su-importancia\/#primaryimage","url":"https:\/\/noticiasmercedinas.com\/site\/wp-content\/uploads\/2021\/10\/alejandro_federico.jpg","contentUrl":"https:\/\/noticiasmercedinas.com\/site\/wp-content\/uploads\/2021\/10\/alejandro_federico.jpg","width":640,"height":368,"caption":"Alejandro Federico, intendente de Suipacha"},{"@type":"BreadcrumbList","@id":"https:\/\/noticiasmercedinas.com\/site\/2022\/07\/19\/autopista-5-intendente-de-suipacha-destaco-su-importancia\/#breadcrumb","itemListElement":[{"@type":"ListItem","position":1,"name":"Portada","item":"https:\/\/noticiasmercedinas.com\/site\/"},{"@type":"ListItem","position":2,"name":"Autopista 5: intendente de Suipacha destac\u00f3 su importancia"}]},{"@type":"WebSite","@id":"https:\/\/noticiasmercedinas.com\/site\/#website","url":"https:\/\/noticiasmercedinas.com\/site\/","name":"NOTICIASMERCEDINAS.COM","description":"Mercedes, Buenos Aires, Argentina","publisher":{"@id":"https:\/\/noticiasmercedinas.com\/site\/#organization"},"potentialAction":[{"@type":"SearchAction","target":{"@type":"EntryPoint","urlTemplate":"https:\/\/noticiasmercedinas.com\/site\/?s={search_term_string}"},"query-input":{"@type":"PropertyValueSpecification","valueRequired":true,"valueName":"search_term_string"}}],"inLanguage":"es"},{"@type":"Organization","@id":"https:\/\/noticiasmercedinas.com\/site\/#organization","name":"NOTICIASMERCEDINAS.COM","url":"https:\/\/noticiasmercedinas.com\/site\/","logo":{"@type":"ImageObject","inLanguage":"es","@id":"https:\/\/noticiasmercedinas.com\/site\/#\/schema\/logo\/image\/","url":"https:\/\/noticiasmercedinas.com\/site\/wp-content\/uploads\/2020\/06\/LOGO-512.jpg","contentUrl":"https:\/\/noticiasmercedinas.com\/site\/wp-content\/uploads\/2020\/06\/LOGO-512.jpg","width":512,"height":512,"caption":"NOTICIASMERCEDINAS.COM"},"image":{"@id":"https:\/\/noticiasmercedinas.com\/site\/#\/schema\/logo\/image\/"},"sameAs":["https:\/\/www.facebook.com\/noticiasmercedinas\/","https:\/\/x.com\/notmercedinas","https:\/\/www.instagram.com\/noticiasmercedinas\/"]},{"@type":"Person","@id":"https:\/\/noticiasmercedinas.com\/site\/#\/schema\/person\/84b59c099c28ff2e8b77d4ceec5d8063","name":"NOTICIASMERCEDINAS.COM","image":{"@type":"ImageObject","inLanguage":"es","@id":"https:\/\/secure.gravatar.com\/avatar\/4dfbf16b4d17945bfb6341b2d19043457132fcf478a5ee04f42e959fd8f5df0a?s=96&d=mm&r=g","url":"https:\/\/secure.gravatar.com\/avatar\/4dfbf16b4d17945bfb6341b2d19043457132fcf478a5ee04f42e959fd8f5df0a?s=96&d=mm&r=g","contentUrl":"https:\/\/secure.gravatar.com\/avatar\/4dfbf16b4d17945bfb6341b2d19043457132fcf478a5ee04f42e959fd8f5df0a?s=96&d=mm&r=g","caption":"NOTICIASMERCEDINAS.COM"},"url":"https:\/\/noticiasmercedinas.com\/site\/author\/anonimo\/"}]}},"amp_enabled":true,"_links":{"self":[{"href":"https:\/\/noticiasmercedinas.com\/site\/wp-json\/wp\/v2\/posts\/95560","targetHints":{"allow":["GET"]}}],"collection":[{"href":"https:\/\/noticiasmercedinas.com\/site\/wp-json\/wp\/v2\/posts"}],"about":[{"href":"https:\/\/noticiasmercedinas.com\/site\/wp-json\/wp\/v2\/types\/post"}],"author":[{"embeddable":true,"href":"https:\/\/noticiasmercedinas.com\/site\/wp-json\/wp\/v2\/users\/16"}],"replies":[{"embeddable":true,"href":"https:\/\/noticiasmercedinas.com\/site\/wp-json\/wp\/v2\/comments?post=95560"}],"version-history":[{"count":2,"href":"https:\/\/noticiasmercedinas.com\/site\/wp-json\/wp\/v2\/posts\/95560\/revisions"}],"predecessor-version":[{"id":95563,"href":"https:\/\/noticiasmercedinas.com\/site\/wp-json\/wp\/v2\/posts\/95560\/revisions\/95563"}],"wp:featuredmedia":[{"embeddable":true,"href":"https:\/\/noticiasmercedinas.com\/site\/wp-json\/wp\/v2\/media\/77041"}],"wp:attachment":[{"href":"https:\/\/noticiasmercedinas.com\/site\/wp-json\/wp\/v2\/media?parent=95560"}],"wp:term":[{"taxonomy":"category","embeddable":true,"href":"https:\/\/noticiasmercedinas.com\/site\/wp-json\/wp\/v2\/categories?post=95560"},{"taxonomy":"post_tag","embeddable":true,"href":"https:\/\/noticiasmercedinas.com\/site\/wp-json\/wp\/v2\/tags?post=95560"}],"curies":[{"name":"wp","href":"https:\/\/api.w.org\/{rel}","templated":true}]}}