{"id":957,"date":"2018-09-03T21:06:59","date_gmt":"2018-09-04T00:06:59","guid":{"rendered":"https:\/\/noticiasmercedinas.com\/site\/?p=957"},"modified":"2018-09-03T21:06:59","modified_gmt":"2018-09-04T00:06:59","slug":"eliminacion-del-ministerio-de-salud-lo-rechazamos-como-profesionales","status":"publish","type":"post","link":"https:\/\/noticiasmercedinas.com\/site\/2018\/09\/03\/eliminacion-del-ministerio-de-salud-lo-rechazamos-como-profesionales\/","title":{"rendered":"Eliminaci\u00f3n del Ministerio de Salud: \u201cLo rechazamos como profesionales\u201d"},"content":{"rendered":"<p><strong>Para el doctor Hern\u00e1n Rivero, de la Asociaci\u00f3n de Profesionales del Hospital Dubarry \u201ces una noticia penosa\u201d. \u201cLo quiso llevar a cabo el menemismo, lo quiso llevar a cabo el gobierno militar y Macri lo logr\u00f3\u201d, objet\u00f3<\/strong><\/p>\n<p><img loading=\"lazy\" decoding=\"async\" class=\"alignnone size-full wp-image-219\" src=\"https:\/\/noticiasmercedinas.com\/site\/wp-content\/uploads\/2018\/08\/cicopg.jpg\" alt=\"\" width=\"512\" height=\"341\" srcset=\"https:\/\/noticiasmercedinas.com\/site\/wp-content\/uploads\/2018\/08\/cicopg.jpg 512w, https:\/\/noticiasmercedinas.com\/site\/wp-content\/uploads\/2018\/08\/cicopg-300x200.jpg 300w, https:\/\/noticiasmercedinas.com\/site\/wp-content\/uploads\/2018\/08\/cicopg-511x341.jpg 511w\" sizes=\"auto, (max-width: 512px) 100vw, 512px\" \/><\/p>\n<audio class=\"wp-audio-shortcode\" id=\"audio-957-1\" preload=\"none\" style=\"width: 100%;\" controls=\"controls\"><source type=\"audio\/mpeg\" src=\"https:\/\/noticiasmercedinas.com\/site\/wp-content\/uploads\/2018\/09\/hernanrivero.mp3?_=1\" \/><a href=\"https:\/\/noticiasmercedinas.com\/site\/wp-content\/uploads\/2018\/09\/hernanrivero.mp3\">https:\/\/noticiasmercedinas.com\/site\/wp-content\/uploads\/2018\/09\/hernanrivero.mp3<\/a><\/audio>\n<p>La Federaci\u00f3n Sindical de Profesionales de la Salud de la Rep\u00fablica Argentina (FESPROSA), que agrupa a 30 mil m\u00e9dicos, profesionales y trabajadores del sector tambi\u00e9n sum\u00f3 su \u201cabsoluto rechazo a la posibilidad de que el presidente Mauricio Macri elimine el Ministerio de Salud\u201d. \u201cNo se trata solo de un cambio de denominaci\u00f3n\u201d, sostienen desde ese gremio. En tanto, para el doctor Hern\u00e1n Rivero, de la Asociaci\u00f3n de Profesionales del Hospital Dubarry \u201ces una noticia penosa\u201d.<\/p>\n<p>\u201cEs un retroceso institucional muy grande en salud porque se van a liquidar direcciones, se liquidar\u00e1n presupuestos, recursos humanos, en fin, va a bajar todo lo que respecta a la atenci\u00f3n de los m\u00e1s necesitados\u201d, objet\u00f3 Rivero.<\/p>\n<p>\u201cEsto lo quiso llevar a cabo el menemismo, lo quiso llevar a cabo el gobierno militar y Macri lo logr\u00f3. Nosotros lo rechazamos como profesionales del Hospital Dubarry y como CICOP\u201d, puntualiz\u00f3 el doctor Rivero.<\/p>\n<p>\u201cPor otra parte, lo que vemos es que por ejemplo en el Hospital Posadas, en un marco claro que no se apoya a la salud porque se la lleva secretar\u00eda, est\u00e1n en una grave emergencia edilicia, de personal, con despidos masivos. Y los compa\u00f1eros estar\u00e1n en una ronda de silencio abrazando al hospital y llevando una protesta para que todos los despedidos vuelvan a trabajar. Como CICOP y como asociaci\u00f3n de profesionales acompa\u00f1aremos esta movida y todo lo que decidan los compa\u00f1eros del hospital Posadas\u201d, anunci\u00f3 Rivero.<\/p>\n","protected":false},"excerpt":{"rendered":"<p>Para el doctor Hern\u00e1n Rivero, de la Asociaci\u00f3n de Profesionales del Hospital Dubarry \u201ces una noticia penosa\u201d. \u201cLo quiso llevar a cabo el menemismo, lo quiso llevar a cabo el gobierno militar y Macri lo logr\u00f3\u201d, objet\u00f3 La Federaci\u00f3n Sindical de Profesionales de la Salud de la Rep\u00fablica Argentina (FESPROSA), que agrupa a 30 mil [&hellip;]<\/p>\n","protected":false},"author":2,"featured_media":219,"comment_status":"open","ping_status":"open","sticky":false,"template":"","format":"standard","meta":{"footnotes":""},"categories":[3],"tags":[56,55,254,410,71],"class_list":["post-957","post","type-post","status-publish","format-standard","has-post-thumbnail","hentry","category-sociedad","tag-cicop","tag-hernan-rivero","tag-hospital-posadas","tag-ministerio","tag-salud"],"yoast_head":"<!-- This site is optimized with the Yoast SEO plugin v27.5 - https:\/\/yoast.com\/product\/yoast-seo-wordpress\/ -->\n<title>Eliminaci\u00f3n del Ministerio de Salud: \u201cLo rechazamos como profesionales\u201d<\/title>\n<meta name=\"robots\" content=\"index, follow, max-snippet:-1, max-image-preview:large, max-video-preview:-1\" \/>\n<link rel=\"canonical\" href=\"https:\/\/noticiasmercedinas.com\/site\/2018\/09\/03\/eliminacion-del-ministerio-de-salud-lo-rechazamos-como-profesionales\/\" \/>\n<meta property=\"og:locale\" content=\"es_ES\" \/>\n<meta property=\"og:type\" content=\"article\" \/>\n<meta property=\"og:title\" content=\"Eliminaci\u00f3n del Ministerio de Salud: \u201cLo rechazamos como profesionales\u201d\" \/>\n<meta property=\"og:description\" content=\"Para el doctor Hern\u00e1n Rivero, de la Asociaci\u00f3n de Profesionales del Hospital Dubarry \u201ces una noticia penosa\u201d. \u201cLo quiso llevar a cabo el menemismo, lo quiso llevar a cabo el gobierno militar y Macri lo logr\u00f3\u201d, objet\u00f3 La Federaci\u00f3n Sindical de Profesionales de la Salud de la Rep\u00fablica Argentina (FESPROSA), que agrupa a 30 mil [&hellip;]\" \/>\n<meta property=\"og:url\" content=\"https:\/\/noticiasmercedinas.com\/site\/2018\/09\/03\/eliminacion-del-ministerio-de-salud-lo-rechazamos-como-profesionales\/\" \/>\n<meta property=\"og:site_name\" content=\"NOTICIASMERCEDINAS.COM\" \/>\n<meta property=\"article:publisher\" content=\"https:\/\/www.facebook.com\/noticiasmercedinas\/\" \/>\n<meta property=\"article:author\" content=\"https:\/\/www.facebook.com\/cristian.falabella\" \/>\n<meta property=\"article:published_time\" content=\"2018-09-04T00:06:59+00:00\" \/>\n<meta property=\"og:image\" content=\"https:\/\/noticiasmercedinas.com\/site\/wp-content\/uploads\/2018\/08\/cicopg.jpg\" \/>\n\t<meta property=\"og:image:width\" content=\"512\" \/>\n\t<meta property=\"og:image:height\" content=\"341\" \/>\n\t<meta property=\"og:image:type\" content=\"image\/jpeg\" \/>\n<meta name=\"author\" content=\"Cristian Falabella NOTICIASMERCEDINAS.COM\" \/>\n<meta name=\"twitter:card\" content=\"summary_large_image\" \/>\n<meta name=\"twitter:creator\" content=\"@https:\/\/twitter.com\/NOTMERCEDINAS\" \/>\n<meta name=\"twitter:site\" content=\"@notmercedinas\" \/>\n<meta name=\"twitter:label1\" content=\"Escrito por\" \/>\n\t<meta name=\"twitter:data1\" content=\"Cristian Falabella NOTICIASMERCEDINAS.COM\" \/>\n\t<meta name=\"twitter:label2\" content=\"Tiempo de lectura\" \/>\n\t<meta name=\"twitter:data2\" content=\"2 minutos\" \/>\n<script type=\"application\/ld+json\" class=\"yoast-schema-graph\">{\"@context\":\"https:\\\/\\\/schema.org\",\"@graph\":[{\"@type\":\"Article\",\"@id\":\"https:\\\/\\\/noticiasmercedinas.com\\\/site\\\/2018\\\/09\\\/03\\\/eliminacion-del-ministerio-de-salud-lo-rechazamos-como-profesionales\\\/#article\",\"isPartOf\":{\"@id\":\"https:\\\/\\\/noticiasmercedinas.com\\\/site\\\/2018\\\/09\\\/03\\\/eliminacion-del-ministerio-de-salud-lo-rechazamos-como-profesionales\\\/\"},\"author\":{\"name\":\"Cristian Falabella NOTICIASMERCEDINAS.COM\",\"@id\":\"https:\\\/\\\/noticiasmercedinas.com\\\/site\\\/#\\\/schema\\\/person\\\/d481a9696a5feaec13a60e2bbd991a6a\"},\"headline\":\"Eliminaci\u00f3n del Ministerio de Salud: \u201cLo rechazamos como profesionales\u201d\",\"datePublished\":\"2018-09-04T00:06:59+00:00\",\"mainEntityOfPage\":{\"@id\":\"https:\\\/\\\/noticiasmercedinas.com\\\/site\\\/2018\\\/09\\\/03\\\/eliminacion-del-ministerio-de-salud-lo-rechazamos-como-profesionales\\\/\"},\"wordCount\":310,\"commentCount\":0,\"publisher\":{\"@id\":\"https:\\\/\\\/noticiasmercedinas.com\\\/site\\\/#organization\"},\"image\":{\"@id\":\"https:\\\/\\\/noticiasmercedinas.com\\\/site\\\/2018\\\/09\\\/03\\\/eliminacion-del-ministerio-de-salud-lo-rechazamos-como-profesionales\\\/#primaryimage\"},\"thumbnailUrl\":\"https:\\\/\\\/noticiasmercedinas.com\\\/site\\\/wp-content\\\/uploads\\\/2018\\\/08\\\/cicopg.jpg\",\"keywords\":[\"Cicop\",\"Hernan Rivero\",\"hospital posadas\",\"ministerio\",\"salud\"],\"articleSection\":[\"Sociedad\"],\"inLanguage\":\"es\",\"potentialAction\":[{\"@type\":\"CommentAction\",\"name\":\"Comment\",\"target\":[\"https:\\\/\\\/noticiasmercedinas.com\\\/site\\\/2018\\\/09\\\/03\\\/eliminacion-del-ministerio-de-salud-lo-rechazamos-como-profesionales\\\/#respond\"]}]},{\"@type\":\"WebPage\",\"@id\":\"https:\\\/\\\/noticiasmercedinas.com\\\/site\\\/2018\\\/09\\\/03\\\/eliminacion-del-ministerio-de-salud-lo-rechazamos-como-profesionales\\\/\",\"url\":\"https:\\\/\\\/noticiasmercedinas.com\\\/site\\\/2018\\\/09\\\/03\\\/eliminacion-del-ministerio-de-salud-lo-rechazamos-como-profesionales\\\/\",\"name\":\"Eliminaci\u00f3n del Ministerio de Salud: \u201cLo rechazamos como profesionales\u201d\",\"isPartOf\":{\"@id\":\"https:\\\/\\\/noticiasmercedinas.com\\\/site\\\/#website\"},\"primaryImageOfPage\":{\"@id\":\"https:\\\/\\\/noticiasmercedinas.com\\\/site\\\/2018\\\/09\\\/03\\\/eliminacion-del-ministerio-de-salud-lo-rechazamos-como-profesionales\\\/#primaryimage\"},\"image\":{\"@id\":\"https:\\\/\\\/noticiasmercedinas.com\\\/site\\\/2018\\\/09\\\/03\\\/eliminacion-del-ministerio-de-salud-lo-rechazamos-como-profesionales\\\/#primaryimage\"},\"thumbnailUrl\":\"https:\\\/\\\/noticiasmercedinas.com\\\/site\\\/wp-content\\\/uploads\\\/2018\\\/08\\\/cicopg.jpg\",\"datePublished\":\"2018-09-04T00:06:59+00:00\",\"breadcrumb\":{\"@id\":\"https:\\\/\\\/noticiasmercedinas.com\\\/site\\\/2018\\\/09\\\/03\\\/eliminacion-del-ministerio-de-salud-lo-rechazamos-como-profesionales\\\/#breadcrumb\"},\"inLanguage\":\"es\",\"potentialAction\":[{\"@type\":\"ReadAction\",\"target\":[\"https:\\\/\\\/noticiasmercedinas.com\\\/site\\\/2018\\\/09\\\/03\\\/eliminacion-del-ministerio-de-salud-lo-rechazamos-como-profesionales\\\/\"]}]},{\"@type\":\"ImageObject\",\"inLanguage\":\"es\",\"@id\":\"https:\\\/\\\/noticiasmercedinas.com\\\/site\\\/2018\\\/09\\\/03\\\/eliminacion-del-ministerio-de-salud-lo-rechazamos-como-profesionales\\\/#primaryimage\",\"url\":\"https:\\\/\\\/noticiasmercedinas.com\\\/site\\\/wp-content\\\/uploads\\\/2018\\\/08\\\/cicopg.jpg\",\"contentUrl\":\"https:\\\/\\\/noticiasmercedinas.com\\\/site\\\/wp-content\\\/uploads\\\/2018\\\/08\\\/cicopg.jpg\",\"width\":512,\"height\":341},{\"@type\":\"BreadcrumbList\",\"@id\":\"https:\\\/\\\/noticiasmercedinas.com\\\/site\\\/2018\\\/09\\\/03\\\/eliminacion-del-ministerio-de-salud-lo-rechazamos-como-profesionales\\\/#breadcrumb\",\"itemListElement\":[{\"@type\":\"ListItem\",\"position\":1,\"name\":\"Portada\",\"item\":\"https:\\\/\\\/noticiasmercedinas.com\\\/site\\\/\"},{\"@type\":\"ListItem\",\"position\":2,\"name\":\"Eliminaci\u00f3n del Ministerio de Salud: \u201cLo rechazamos como profesionales\u201d\"}]},{\"@type\":\"WebSite\",\"@id\":\"https:\\\/\\\/noticiasmercedinas.com\\\/site\\\/#website\",\"url\":\"https:\\\/\\\/noticiasmercedinas.com\\\/site\\\/\",\"name\":\"NOTICIASMERCEDINAS.COM\",\"description\":\"Mercedes, Buenos Aires, Argentina\",\"publisher\":{\"@id\":\"https:\\\/\\\/noticiasmercedinas.com\\\/site\\\/#organization\"},\"potentialAction\":[{\"@type\":\"SearchAction\",\"target\":{\"@type\":\"EntryPoint\",\"urlTemplate\":\"https:\\\/\\\/noticiasmercedinas.com\\\/site\\\/?s={search_term_string}\"},\"query-input\":{\"@type\":\"PropertyValueSpecification\",\"valueRequired\":true,\"valueName\":\"search_term_string\"}}],\"inLanguage\":\"es\"},{\"@type\":\"Organization\",\"@id\":\"https:\\\/\\\/noticiasmercedinas.com\\\/site\\\/#organization\",\"name\":\"NOTICIASMERCEDINAS.COM\",\"url\":\"https:\\\/\\\/noticiasmercedinas.com\\\/site\\\/\",\"logo\":{\"@type\":\"ImageObject\",\"inLanguage\":\"es\",\"@id\":\"https:\\\/\\\/noticiasmercedinas.com\\\/site\\\/#\\\/schema\\\/logo\\\/image\\\/\",\"url\":\"https:\\\/\\\/noticiasmercedinas.com\\\/site\\\/wp-content\\\/uploads\\\/2020\\\/06\\\/LOGO-512.jpg\",\"contentUrl\":\"https:\\\/\\\/noticiasmercedinas.com\\\/site\\\/wp-content\\\/uploads\\\/2020\\\/06\\\/LOGO-512.jpg\",\"width\":512,\"height\":512,\"caption\":\"NOTICIASMERCEDINAS.COM\"},\"image\":{\"@id\":\"https:\\\/\\\/noticiasmercedinas.com\\\/site\\\/#\\\/schema\\\/logo\\\/image\\\/\"},\"sameAs\":[\"https:\\\/\\\/www.facebook.com\\\/noticiasmercedinas\\\/\",\"https:\\\/\\\/x.com\\\/notmercedinas\",\"https:\\\/\\\/www.instagram.com\\\/noticiasmercedinas\\\/\"]},{\"@type\":\"Person\",\"@id\":\"https:\\\/\\\/noticiasmercedinas.com\\\/site\\\/#\\\/schema\\\/person\\\/d481a9696a5feaec13a60e2bbd991a6a\",\"name\":\"Cristian Falabella NOTICIASMERCEDINAS.COM\",\"image\":{\"@type\":\"ImageObject\",\"inLanguage\":\"es\",\"@id\":\"https:\\\/\\\/secure.gravatar.com\\\/avatar\\\/0dbbfc45970cc46bcd0e57766228574ff3511d6eed045b182f536f0f478c1f06?s=96&d=mm&r=g\",\"url\":\"https:\\\/\\\/secure.gravatar.com\\\/avatar\\\/0dbbfc45970cc46bcd0e57766228574ff3511d6eed045b182f536f0f478c1f06?s=96&d=mm&r=g\",\"contentUrl\":\"https:\\\/\\\/secure.gravatar.com\\\/avatar\\\/0dbbfc45970cc46bcd0e57766228574ff3511d6eed045b182f536f0f478c1f06?s=96&d=mm&r=g\",\"caption\":\"Cristian Falabella NOTICIASMERCEDINAS.COM\"},\"description\":\"Periodista, editor de Noticias Mercedinas. Pas\u00f3 por varias redacciones y emprendimientos de prensa, en distintos formatos y \u00e9pocas. Se especializ\u00f3 --y sigue haci\u00e9ndolo-- en comunicaci\u00f3n en la web y en junio de 2006 fund\u00f3 este diario digital.\",\"sameAs\":[\"https:\\\/\\\/noticiasmercedinas.com\",\"https:\\\/\\\/www.facebook.com\\\/cristian.falabella\",\"https:\\\/\\\/www.instagram.com\\\/noticiasmercedinas\\\/\",\"https:\\\/\\\/x.com\\\/https:\\\/\\\/twitter.com\\\/NOTMERCEDINAS\"],\"url\":\"https:\\\/\\\/noticiasmercedinas.com\\\/site\\\/author\\\/as000384\\\/\"}]}<\/script>\n<!-- \/ Yoast SEO plugin. -->","yoast_head_json":{"title":"Eliminaci\u00f3n del Ministerio de Salud: \u201cLo rechazamos como profesionales\u201d","robots":{"index":"index","follow":"follow","max-snippet":"max-snippet:-1","max-image-preview":"max-image-preview:large","max-video-preview":"max-video-preview:-1"},"canonical":"https:\/\/noticiasmercedinas.com\/site\/2018\/09\/03\/eliminacion-del-ministerio-de-salud-lo-rechazamos-como-profesionales\/","og_locale":"es_ES","og_type":"article","og_title":"Eliminaci\u00f3n del Ministerio de Salud: \u201cLo rechazamos como profesionales\u201d","og_description":"Para el doctor Hern\u00e1n Rivero, de la Asociaci\u00f3n de Profesionales del Hospital Dubarry \u201ces una noticia penosa\u201d. \u201cLo quiso llevar a cabo el menemismo, lo quiso llevar a cabo el gobierno militar y Macri lo logr\u00f3\u201d, objet\u00f3 La Federaci\u00f3n Sindical de Profesionales de la Salud de la Rep\u00fablica Argentina (FESPROSA), que agrupa a 30 mil [&hellip;]","og_url":"https:\/\/noticiasmercedinas.com\/site\/2018\/09\/03\/eliminacion-del-ministerio-de-salud-lo-rechazamos-como-profesionales\/","og_site_name":"NOTICIASMERCEDINAS.COM","article_publisher":"https:\/\/www.facebook.com\/noticiasmercedinas\/","article_author":"https:\/\/www.facebook.com\/cristian.falabella","article_published_time":"2018-09-04T00:06:59+00:00","og_image":[{"width":512,"height":341,"url":"https:\/\/noticiasmercedinas.com\/site\/wp-content\/uploads\/2018\/08\/cicopg.jpg","type":"image\/jpeg"}],"author":"Cristian Falabella NOTICIASMERCEDINAS.COM","twitter_card":"summary_large_image","twitter_creator":"@https:\/\/twitter.com\/NOTMERCEDINAS","twitter_site":"@notmercedinas","twitter_misc":{"Escrito por":"Cristian Falabella NOTICIASMERCEDINAS.COM","Tiempo de lectura":"2 minutos"},"schema":{"@context":"https:\/\/schema.org","@graph":[{"@type":"Article","@id":"https:\/\/noticiasmercedinas.com\/site\/2018\/09\/03\/eliminacion-del-ministerio-de-salud-lo-rechazamos-como-profesionales\/#article","isPartOf":{"@id":"https:\/\/noticiasmercedinas.com\/site\/2018\/09\/03\/eliminacion-del-ministerio-de-salud-lo-rechazamos-como-profesionales\/"},"author":{"name":"Cristian Falabella NOTICIASMERCEDINAS.COM","@id":"https:\/\/noticiasmercedinas.com\/site\/#\/schema\/person\/d481a9696a5feaec13a60e2bbd991a6a"},"headline":"Eliminaci\u00f3n del Ministerio de Salud: \u201cLo rechazamos como profesionales\u201d","datePublished":"2018-09-04T00:06:59+00:00","mainEntityOfPage":{"@id":"https:\/\/noticiasmercedinas.com\/site\/2018\/09\/03\/eliminacion-del-ministerio-de-salud-lo-rechazamos-como-profesionales\/"},"wordCount":310,"commentCount":0,"publisher":{"@id":"https:\/\/noticiasmercedinas.com\/site\/#organization"},"image":{"@id":"https:\/\/noticiasmercedinas.com\/site\/2018\/09\/03\/eliminacion-del-ministerio-de-salud-lo-rechazamos-como-profesionales\/#primaryimage"},"thumbnailUrl":"https:\/\/noticiasmercedinas.com\/site\/wp-content\/uploads\/2018\/08\/cicopg.jpg","keywords":["Cicop","Hernan Rivero","hospital posadas","ministerio","salud"],"articleSection":["Sociedad"],"inLanguage":"es","potentialAction":[{"@type":"CommentAction","name":"Comment","target":["https:\/\/noticiasmercedinas.com\/site\/2018\/09\/03\/eliminacion-del-ministerio-de-salud-lo-rechazamos-como-profesionales\/#respond"]}]},{"@type":"WebPage","@id":"https:\/\/noticiasmercedinas.com\/site\/2018\/09\/03\/eliminacion-del-ministerio-de-salud-lo-rechazamos-como-profesionales\/","url":"https:\/\/noticiasmercedinas.com\/site\/2018\/09\/03\/eliminacion-del-ministerio-de-salud-lo-rechazamos-como-profesionales\/","name":"Eliminaci\u00f3n del Ministerio de Salud: \u201cLo rechazamos como profesionales\u201d","isPartOf":{"@id":"https:\/\/noticiasmercedinas.com\/site\/#website"},"primaryImageOfPage":{"@id":"https:\/\/noticiasmercedinas.com\/site\/2018\/09\/03\/eliminacion-del-ministerio-de-salud-lo-rechazamos-como-profesionales\/#primaryimage"},"image":{"@id":"https:\/\/noticiasmercedinas.com\/site\/2018\/09\/03\/eliminacion-del-ministerio-de-salud-lo-rechazamos-como-profesionales\/#primaryimage"},"thumbnailUrl":"https:\/\/noticiasmercedinas.com\/site\/wp-content\/uploads\/2018\/08\/cicopg.jpg","datePublished":"2018-09-04T00:06:59+00:00","breadcrumb":{"@id":"https:\/\/noticiasmercedinas.com\/site\/2018\/09\/03\/eliminacion-del-ministerio-de-salud-lo-rechazamos-como-profesionales\/#breadcrumb"},"inLanguage":"es","potentialAction":[{"@type":"ReadAction","target":["https:\/\/noticiasmercedinas.com\/site\/2018\/09\/03\/eliminacion-del-ministerio-de-salud-lo-rechazamos-como-profesionales\/"]}]},{"@type":"ImageObject","inLanguage":"es","@id":"https:\/\/noticiasmercedinas.com\/site\/2018\/09\/03\/eliminacion-del-ministerio-de-salud-lo-rechazamos-como-profesionales\/#primaryimage","url":"https:\/\/noticiasmercedinas.com\/site\/wp-content\/uploads\/2018\/08\/cicopg.jpg","contentUrl":"https:\/\/noticiasmercedinas.com\/site\/wp-content\/uploads\/2018\/08\/cicopg.jpg","width":512,"height":341},{"@type":"BreadcrumbList","@id":"https:\/\/noticiasmercedinas.com\/site\/2018\/09\/03\/eliminacion-del-ministerio-de-salud-lo-rechazamos-como-profesionales\/#breadcrumb","itemListElement":[{"@type":"ListItem","position":1,"name":"Portada","item":"https:\/\/noticiasmercedinas.com\/site\/"},{"@type":"ListItem","position":2,"name":"Eliminaci\u00f3n del Ministerio de Salud: \u201cLo rechazamos como profesionales\u201d"}]},{"@type":"WebSite","@id":"https:\/\/noticiasmercedinas.com\/site\/#website","url":"https:\/\/noticiasmercedinas.com\/site\/","name":"NOTICIASMERCEDINAS.COM","description":"Mercedes, Buenos Aires, Argentina","publisher":{"@id":"https:\/\/noticiasmercedinas.com\/site\/#organization"},"potentialAction":[{"@type":"SearchAction","target":{"@type":"EntryPoint","urlTemplate":"https:\/\/noticiasmercedinas.com\/site\/?s={search_term_string}"},"query-input":{"@type":"PropertyValueSpecification","valueRequired":true,"valueName":"search_term_string"}}],"inLanguage":"es"},{"@type":"Organization","@id":"https:\/\/noticiasmercedinas.com\/site\/#organization","name":"NOTICIASMERCEDINAS.COM","url":"https:\/\/noticiasmercedinas.com\/site\/","logo":{"@type":"ImageObject","inLanguage":"es","@id":"https:\/\/noticiasmercedinas.com\/site\/#\/schema\/logo\/image\/","url":"https:\/\/noticiasmercedinas.com\/site\/wp-content\/uploads\/2020\/06\/LOGO-512.jpg","contentUrl":"https:\/\/noticiasmercedinas.com\/site\/wp-content\/uploads\/2020\/06\/LOGO-512.jpg","width":512,"height":512,"caption":"NOTICIASMERCEDINAS.COM"},"image":{"@id":"https:\/\/noticiasmercedinas.com\/site\/#\/schema\/logo\/image\/"},"sameAs":["https:\/\/www.facebook.com\/noticiasmercedinas\/","https:\/\/x.com\/notmercedinas","https:\/\/www.instagram.com\/noticiasmercedinas\/"]},{"@type":"Person","@id":"https:\/\/noticiasmercedinas.com\/site\/#\/schema\/person\/d481a9696a5feaec13a60e2bbd991a6a","name":"Cristian Falabella NOTICIASMERCEDINAS.COM","image":{"@type":"ImageObject","inLanguage":"es","@id":"https:\/\/secure.gravatar.com\/avatar\/0dbbfc45970cc46bcd0e57766228574ff3511d6eed045b182f536f0f478c1f06?s=96&d=mm&r=g","url":"https:\/\/secure.gravatar.com\/avatar\/0dbbfc45970cc46bcd0e57766228574ff3511d6eed045b182f536f0f478c1f06?s=96&d=mm&r=g","contentUrl":"https:\/\/secure.gravatar.com\/avatar\/0dbbfc45970cc46bcd0e57766228574ff3511d6eed045b182f536f0f478c1f06?s=96&d=mm&r=g","caption":"Cristian Falabella NOTICIASMERCEDINAS.COM"},"description":"Periodista, editor de Noticias Mercedinas. Pas\u00f3 por varias redacciones y emprendimientos de prensa, en distintos formatos y \u00e9pocas. Se especializ\u00f3 --y sigue haci\u00e9ndolo-- en comunicaci\u00f3n en la web y en junio de 2006 fund\u00f3 este diario digital.","sameAs":["https:\/\/noticiasmercedinas.com","https:\/\/www.facebook.com\/cristian.falabella","https:\/\/www.instagram.com\/noticiasmercedinas\/","https:\/\/x.com\/https:\/\/twitter.com\/NOTMERCEDINAS"],"url":"https:\/\/noticiasmercedinas.com\/site\/author\/as000384\/"}]}},"amp_enabled":true,"_links":{"self":[{"href":"https:\/\/noticiasmercedinas.com\/site\/wp-json\/wp\/v2\/posts\/957","targetHints":{"allow":["GET"]}}],"collection":[{"href":"https:\/\/noticiasmercedinas.com\/site\/wp-json\/wp\/v2\/posts"}],"about":[{"href":"https:\/\/noticiasmercedinas.com\/site\/wp-json\/wp\/v2\/types\/post"}],"author":[{"embeddable":true,"href":"https:\/\/noticiasmercedinas.com\/site\/wp-json\/wp\/v2\/users\/2"}],"replies":[{"embeddable":true,"href":"https:\/\/noticiasmercedinas.com\/site\/wp-json\/wp\/v2\/comments?post=957"}],"version-history":[{"count":1,"href":"https:\/\/noticiasmercedinas.com\/site\/wp-json\/wp\/v2\/posts\/957\/revisions"}],"predecessor-version":[{"id":959,"href":"https:\/\/noticiasmercedinas.com\/site\/wp-json\/wp\/v2\/posts\/957\/revisions\/959"}],"wp:featuredmedia":[{"embeddable":true,"href":"https:\/\/noticiasmercedinas.com\/site\/wp-json\/wp\/v2\/media\/219"}],"wp:attachment":[{"href":"https:\/\/noticiasmercedinas.com\/site\/wp-json\/wp\/v2\/media?parent=957"}],"wp:term":[{"taxonomy":"category","embeddable":true,"href":"https:\/\/noticiasmercedinas.com\/site\/wp-json\/wp\/v2\/categories?post=957"},{"taxonomy":"post_tag","embeddable":true,"href":"https:\/\/noticiasmercedinas.com\/site\/wp-json\/wp\/v2\/tags?post=957"}],"curies":[{"name":"wp","href":"https:\/\/api.w.org\/{rel}","templated":true}]}}