{"id":9589,"date":"2018-12-21T22:59:00","date_gmt":"2018-12-22T01:59:00","guid":{"rendered":"https:\/\/noticiasmercedinas.com\/site\/2018\/12\/21\/jubilados-municipales-cerraron-el-ano-con-fiesta\/"},"modified":"2018-12-21T22:59:00","modified_gmt":"2018-12-22T01:59:00","slug":"jubilados-municipales-cerraron-el-ano-con-fiesta","status":"publish","type":"post","link":"https:\/\/noticiasmercedinas.com\/site\/2018\/12\/21\/jubilados-municipales-cerraron-el-ano-con-fiesta\/","title":{"rendered":"Jubilados municipales cerraron el a\u00f1o con fiesta"},"content":{"rendered":"<p><img loading=\"lazy\" decoding=\"async\" class=\"alignnone size-full wp-image-9588\" src=\"https:\/\/noticiasmercedinas.com\/site\/wp-content\/uploads\/2018\/12\/cjDSC_0038.jpg\" width=\"1200\" height=\"800\" srcset=\"https:\/\/noticiasmercedinas.com\/site\/wp-content\/uploads\/2018\/12\/cjDSC_0038.jpg 1200w, https:\/\/noticiasmercedinas.com\/site\/wp-content\/uploads\/2018\/12\/cjDSC_0038-300x200.jpg 300w, https:\/\/noticiasmercedinas.com\/site\/wp-content\/uploads\/2018\/12\/cjDSC_0038-768x512.jpg 768w, https:\/\/noticiasmercedinas.com\/site\/wp-content\/uploads\/2018\/12\/cjDSC_0038-1024x683.jpg 1024w, https:\/\/noticiasmercedinas.com\/site\/wp-content\/uploads\/2018\/12\/cjDSC_0038-640x427.jpg 640w, https:\/\/noticiasmercedinas.com\/site\/wp-content\/uploads\/2018\/12\/cjDSC_0038-681x454.jpg 681w\" sizes=\"auto, (max-width: 1200px) 100vw, 1200px\" \/><\/p>\n<p>Hubo un fin de a\u00f1o a pura fiesta en el Centro de Jubilados Municipales<\/p>\n<p>En la noche de este jueves se llev\u00f3 a cabo la fiesta de fin de a\u00f1o del \u201cCentro de Jubilados Municipales\u201d recientemente creado.<\/p>\n<p>Hubo una cena compartida, show en vivo, sorteos y un encuentro que permiti\u00f3 seguir dialogando y construyendo juntos la sede que est\u00e1 en obra en el predio del ex Instituto Unzu\u00e9.<\/p>\n<p>Encabezados por Victoria Odell el encuentro cont\u00f3 con la participaci\u00f3n del intendente Juan Ignacio Ustarroz y el Jefe de Gabinete Mat\u00edas Dematei.<\/p>\n<p>D\u00edas atr\u00e1s el Jefe Comunal hab\u00eda tenido un encuentro con los jubilados municipales donde por primera vez recibieron un bono de fin de a\u00f1o de 3000 pesos.<\/p>\n<p>\u201cEs un honor estar compartiendo esta cena con ustedes\u201d, afirm\u00f3 Ustarroz ante los presentes y luego remarc\u00f3 que \u201chace poco comentaba a los periodistas que no hay recetas, que ac\u00e1 en realidad es un fuerte trabajo en conjunto, donde se ve tanto trabajo con amor, con todos ustedes presentes y siendo protagonistas de esta linda construcci\u00f3n\u201d y mencion\u00f3 que \u201cse trabaja pensando en el otro, humildemente, y por eso vemos como se avanza con este centro, con lo que ser\u00e1 la casa del jubilado municipal donde todos aportan un granito de arena y quiz\u00e1s lleve m\u00e1s tiempo, pero ser\u00e1 realizado por todos, y eso tendr\u00e1 un gran valor\u201d.<\/p>\n<p>Por su parte, Odell afirm\u00f3 que \u201ces una alegr\u00eda enorme cerrar el a\u00f1o con este hermoso proyecto. Es una propuesta de puertas abiertas que como grupo estamos llevando adelante\u201d en referencia al Centro y dijo: \u201cQuiero rescatar que avanzamos en muchos temas, de manera muy s\u00f3lida, para que el a\u00f1o que viene podamos cumplir todos los sue\u00f1os que ustedes tengan. Esto lo hacen ustedes, con todo su trabajo desinteresado. Es la manera que nos gusta trabajar, juntos, siendo simplemente facilitadores del compromiso enorme que poseen\u201d.<\/p>\n<p>El jefe de Gabinete Mat\u00edas Dematei tambi\u00e9n aprovech\u00f3 a felicitar a \u201ctodos por el esfuerzo cotidiano de realizar muchas actividades hermosa, de encuentro, familiares, de uni\u00f3n, que fomentan en momentos dif\u00edciles estar juntos por proyectos tan lindos como este\u201d.<\/p>\n<p>La noche finaliz\u00f3 a todo baile con tango, latinos y m\u00fasica tropical con un show en vivo, sorteos, brindis y ya entrado en nuevo d\u00eda el compromiso de iniciar este 2019 que se viene con m\u00e1s encuentros y tareas en torno a la constituci\u00f3n del gran proyecto recientemente iniciado del primer Centro de Jubilados Municipales.<\/p>\n<p>El mismo jueves y unas horas antes, desde la Direcci\u00f3n de Adultos Mayores, tambi\u00e9n se celebr\u00f3 el fin de a\u00f1o desde el Hogar Villa Abrile con una gran fiesta al aire libre sobre calle 25 donde ya desde hace mucho tiempo se convierte un centro de baile, m\u00fasica en vivo, murga, sorteos y un brindis compartido entre \u201cnuestros abuelos\u201d, vecinos y familias mercedinas.<\/p>\n","protected":false},"excerpt":{"rendered":"<p>Hubo un fin de a\u00f1o a pura fiesta en el Centro de Jubilados Municipales En la noche de este jueves se llev\u00f3 a cabo la fiesta de fin de a\u00f1o del \u201cCentro de Jubilados Municipales\u201d recientemente creado. Hubo una cena compartida, show en vivo, sorteos y un encuentro que permiti\u00f3 seguir dialogando y construyendo juntos [&hellip;]<\/p>\n","protected":false},"author":2,"featured_media":9588,"comment_status":"open","ping_status":"open","sticky":false,"template":"","format":"standard","meta":{"footnotes":""},"categories":[3],"tags":[3004,160,748],"class_list":["post-9589","post","type-post","status-publish","format-standard","has-post-thumbnail","hentry","category-sociedad","tag-centro-de-jubilados-municipales","tag-jubilados","tag-victoria-odell"],"yoast_head":"<!-- This site is optimized with the Yoast SEO plugin v27.5 - https:\/\/yoast.com\/product\/yoast-seo-wordpress\/ -->\n<title>Jubilados municipales cerraron el a\u00f1o con fiesta<\/title>\n<meta name=\"robots\" content=\"index, follow, max-snippet:-1, max-image-preview:large, max-video-preview:-1\" \/>\n<link rel=\"canonical\" href=\"https:\/\/noticiasmercedinas.com\/site\/2018\/12\/21\/jubilados-municipales-cerraron-el-ano-con-fiesta\/\" \/>\n<meta property=\"og:locale\" content=\"es_ES\" \/>\n<meta property=\"og:type\" content=\"article\" \/>\n<meta property=\"og:title\" content=\"Jubilados municipales cerraron el a\u00f1o con fiesta\" \/>\n<meta property=\"og:description\" content=\"Hubo un fin de a\u00f1o a pura fiesta en el Centro de Jubilados Municipales En la noche de este jueves se llev\u00f3 a cabo la fiesta de fin de a\u00f1o del \u201cCentro de Jubilados Municipales\u201d recientemente creado. Hubo una cena compartida, show en vivo, sorteos y un encuentro que permiti\u00f3 seguir dialogando y construyendo juntos [&hellip;]\" \/>\n<meta property=\"og:url\" content=\"https:\/\/noticiasmercedinas.com\/site\/2018\/12\/21\/jubilados-municipales-cerraron-el-ano-con-fiesta\/\" \/>\n<meta property=\"og:site_name\" content=\"NOTICIASMERCEDINAS.COM\" \/>\n<meta property=\"article:publisher\" content=\"https:\/\/www.facebook.com\/noticiasmercedinas\/\" \/>\n<meta property=\"article:author\" content=\"https:\/\/www.facebook.com\/cristian.falabella\" \/>\n<meta property=\"article:published_time\" content=\"2018-12-22T01:59:00+00:00\" \/>\n<meta property=\"og:image\" content=\"https:\/\/noticiasmercedinas.com\/site\/wp-content\/uploads\/2018\/12\/cjDSC_0038.jpg\" \/>\n\t<meta property=\"og:image:width\" content=\"1200\" \/>\n\t<meta property=\"og:image:height\" content=\"800\" \/>\n\t<meta property=\"og:image:type\" content=\"image\/jpeg\" \/>\n<meta name=\"author\" content=\"Cristian Falabella NOTICIASMERCEDINAS.COM\" \/>\n<meta name=\"twitter:card\" content=\"summary_large_image\" \/>\n<meta name=\"twitter:creator\" content=\"@https:\/\/twitter.com\/NOTMERCEDINAS\" \/>\n<meta name=\"twitter:site\" content=\"@notmercedinas\" \/>\n<meta name=\"twitter:label1\" content=\"Escrito por\" \/>\n\t<meta name=\"twitter:data1\" content=\"Cristian Falabella NOTICIASMERCEDINAS.COM\" \/>\n\t<meta name=\"twitter:label2\" content=\"Tiempo de lectura\" \/>\n\t<meta name=\"twitter:data2\" content=\"2 minutos\" \/>\n<script type=\"application\/ld+json\" class=\"yoast-schema-graph\">{\"@context\":\"https:\\\/\\\/schema.org\",\"@graph\":[{\"@type\":\"Article\",\"@id\":\"https:\\\/\\\/noticiasmercedinas.com\\\/site\\\/2018\\\/12\\\/21\\\/jubilados-municipales-cerraron-el-ano-con-fiesta\\\/#article\",\"isPartOf\":{\"@id\":\"https:\\\/\\\/noticiasmercedinas.com\\\/site\\\/2018\\\/12\\\/21\\\/jubilados-municipales-cerraron-el-ano-con-fiesta\\\/\"},\"author\":{\"name\":\"Cristian Falabella NOTICIASMERCEDINAS.COM\",\"@id\":\"https:\\\/\\\/noticiasmercedinas.com\\\/site\\\/#\\\/schema\\\/person\\\/d481a9696a5feaec13a60e2bbd991a6a\"},\"headline\":\"Jubilados municipales cerraron el a\u00f1o con fiesta\",\"datePublished\":\"2018-12-22T01:59:00+00:00\",\"mainEntityOfPage\":{\"@id\":\"https:\\\/\\\/noticiasmercedinas.com\\\/site\\\/2018\\\/12\\\/21\\\/jubilados-municipales-cerraron-el-ano-con-fiesta\\\/\"},\"wordCount\":500,\"commentCount\":0,\"publisher\":{\"@id\":\"https:\\\/\\\/noticiasmercedinas.com\\\/site\\\/#organization\"},\"image\":{\"@id\":\"https:\\\/\\\/noticiasmercedinas.com\\\/site\\\/2018\\\/12\\\/21\\\/jubilados-municipales-cerraron-el-ano-con-fiesta\\\/#primaryimage\"},\"thumbnailUrl\":\"https:\\\/\\\/noticiasmercedinas.com\\\/site\\\/wp-content\\\/uploads\\\/2018\\\/12\\\/cjDSC_0038.jpg\",\"keywords\":[\"centro de jubilados municipales\",\"jubilados\",\"victoria odell\"],\"articleSection\":[\"Sociedad\"],\"inLanguage\":\"es\",\"potentialAction\":[{\"@type\":\"CommentAction\",\"name\":\"Comment\",\"target\":[\"https:\\\/\\\/noticiasmercedinas.com\\\/site\\\/2018\\\/12\\\/21\\\/jubilados-municipales-cerraron-el-ano-con-fiesta\\\/#respond\"]}]},{\"@type\":\"WebPage\",\"@id\":\"https:\\\/\\\/noticiasmercedinas.com\\\/site\\\/2018\\\/12\\\/21\\\/jubilados-municipales-cerraron-el-ano-con-fiesta\\\/\",\"url\":\"https:\\\/\\\/noticiasmercedinas.com\\\/site\\\/2018\\\/12\\\/21\\\/jubilados-municipales-cerraron-el-ano-con-fiesta\\\/\",\"name\":\"Jubilados municipales cerraron el a\u00f1o con fiesta\",\"isPartOf\":{\"@id\":\"https:\\\/\\\/noticiasmercedinas.com\\\/site\\\/#website\"},\"primaryImageOfPage\":{\"@id\":\"https:\\\/\\\/noticiasmercedinas.com\\\/site\\\/2018\\\/12\\\/21\\\/jubilados-municipales-cerraron-el-ano-con-fiesta\\\/#primaryimage\"},\"image\":{\"@id\":\"https:\\\/\\\/noticiasmercedinas.com\\\/site\\\/2018\\\/12\\\/21\\\/jubilados-municipales-cerraron-el-ano-con-fiesta\\\/#primaryimage\"},\"thumbnailUrl\":\"https:\\\/\\\/noticiasmercedinas.com\\\/site\\\/wp-content\\\/uploads\\\/2018\\\/12\\\/cjDSC_0038.jpg\",\"datePublished\":\"2018-12-22T01:59:00+00:00\",\"breadcrumb\":{\"@id\":\"https:\\\/\\\/noticiasmercedinas.com\\\/site\\\/2018\\\/12\\\/21\\\/jubilados-municipales-cerraron-el-ano-con-fiesta\\\/#breadcrumb\"},\"inLanguage\":\"es\",\"potentialAction\":[{\"@type\":\"ReadAction\",\"target\":[\"https:\\\/\\\/noticiasmercedinas.com\\\/site\\\/2018\\\/12\\\/21\\\/jubilados-municipales-cerraron-el-ano-con-fiesta\\\/\"]}]},{\"@type\":\"ImageObject\",\"inLanguage\":\"es\",\"@id\":\"https:\\\/\\\/noticiasmercedinas.com\\\/site\\\/2018\\\/12\\\/21\\\/jubilados-municipales-cerraron-el-ano-con-fiesta\\\/#primaryimage\",\"url\":\"https:\\\/\\\/noticiasmercedinas.com\\\/site\\\/wp-content\\\/uploads\\\/2018\\\/12\\\/cjDSC_0038.jpg\",\"contentUrl\":\"https:\\\/\\\/noticiasmercedinas.com\\\/site\\\/wp-content\\\/uploads\\\/2018\\\/12\\\/cjDSC_0038.jpg\",\"width\":1200,\"height\":800},{\"@type\":\"BreadcrumbList\",\"@id\":\"https:\\\/\\\/noticiasmercedinas.com\\\/site\\\/2018\\\/12\\\/21\\\/jubilados-municipales-cerraron-el-ano-con-fiesta\\\/#breadcrumb\",\"itemListElement\":[{\"@type\":\"ListItem\",\"position\":1,\"name\":\"Portada\",\"item\":\"https:\\\/\\\/noticiasmercedinas.com\\\/site\\\/\"},{\"@type\":\"ListItem\",\"position\":2,\"name\":\"Jubilados municipales cerraron el a\u00f1o con fiesta\"}]},{\"@type\":\"WebSite\",\"@id\":\"https:\\\/\\\/noticiasmercedinas.com\\\/site\\\/#website\",\"url\":\"https:\\\/\\\/noticiasmercedinas.com\\\/site\\\/\",\"name\":\"NOTICIASMERCEDINAS.COM\",\"description\":\"Mercedes, Buenos Aires, Argentina\",\"publisher\":{\"@id\":\"https:\\\/\\\/noticiasmercedinas.com\\\/site\\\/#organization\"},\"potentialAction\":[{\"@type\":\"SearchAction\",\"target\":{\"@type\":\"EntryPoint\",\"urlTemplate\":\"https:\\\/\\\/noticiasmercedinas.com\\\/site\\\/?s={search_term_string}\"},\"query-input\":{\"@type\":\"PropertyValueSpecification\",\"valueRequired\":true,\"valueName\":\"search_term_string\"}}],\"inLanguage\":\"es\"},{\"@type\":\"Organization\",\"@id\":\"https:\\\/\\\/noticiasmercedinas.com\\\/site\\\/#organization\",\"name\":\"NOTICIASMERCEDINAS.COM\",\"url\":\"https:\\\/\\\/noticiasmercedinas.com\\\/site\\\/\",\"logo\":{\"@type\":\"ImageObject\",\"inLanguage\":\"es\",\"@id\":\"https:\\\/\\\/noticiasmercedinas.com\\\/site\\\/#\\\/schema\\\/logo\\\/image\\\/\",\"url\":\"https:\\\/\\\/noticiasmercedinas.com\\\/site\\\/wp-content\\\/uploads\\\/2020\\\/06\\\/LOGO-512.jpg\",\"contentUrl\":\"https:\\\/\\\/noticiasmercedinas.com\\\/site\\\/wp-content\\\/uploads\\\/2020\\\/06\\\/LOGO-512.jpg\",\"width\":512,\"height\":512,\"caption\":\"NOTICIASMERCEDINAS.COM\"},\"image\":{\"@id\":\"https:\\\/\\\/noticiasmercedinas.com\\\/site\\\/#\\\/schema\\\/logo\\\/image\\\/\"},\"sameAs\":[\"https:\\\/\\\/www.facebook.com\\\/noticiasmercedinas\\\/\",\"https:\\\/\\\/x.com\\\/notmercedinas\",\"https:\\\/\\\/www.instagram.com\\\/noticiasmercedinas\\\/\"]},{\"@type\":\"Person\",\"@id\":\"https:\\\/\\\/noticiasmercedinas.com\\\/site\\\/#\\\/schema\\\/person\\\/d481a9696a5feaec13a60e2bbd991a6a\",\"name\":\"Cristian Falabella NOTICIASMERCEDINAS.COM\",\"image\":{\"@type\":\"ImageObject\",\"inLanguage\":\"es\",\"@id\":\"https:\\\/\\\/secure.gravatar.com\\\/avatar\\\/0dbbfc45970cc46bcd0e57766228574ff3511d6eed045b182f536f0f478c1f06?s=96&d=mm&r=g\",\"url\":\"https:\\\/\\\/secure.gravatar.com\\\/avatar\\\/0dbbfc45970cc46bcd0e57766228574ff3511d6eed045b182f536f0f478c1f06?s=96&d=mm&r=g\",\"contentUrl\":\"https:\\\/\\\/secure.gravatar.com\\\/avatar\\\/0dbbfc45970cc46bcd0e57766228574ff3511d6eed045b182f536f0f478c1f06?s=96&d=mm&r=g\",\"caption\":\"Cristian Falabella NOTICIASMERCEDINAS.COM\"},\"description\":\"Periodista, editor de Noticias Mercedinas. Pas\u00f3 por varias redacciones y emprendimientos de prensa, en distintos formatos y \u00e9pocas. Se especializ\u00f3 --y sigue haci\u00e9ndolo-- en comunicaci\u00f3n en la web y en junio de 2006 fund\u00f3 este diario digital.\",\"sameAs\":[\"https:\\\/\\\/noticiasmercedinas.com\",\"https:\\\/\\\/www.facebook.com\\\/cristian.falabella\",\"https:\\\/\\\/www.instagram.com\\\/noticiasmercedinas\\\/\",\"https:\\\/\\\/x.com\\\/https:\\\/\\\/twitter.com\\\/NOTMERCEDINAS\"],\"url\":\"https:\\\/\\\/noticiasmercedinas.com\\\/site\\\/author\\\/as000384\\\/\"}]}<\/script>\n<!-- \/ Yoast SEO plugin. -->","yoast_head_json":{"title":"Jubilados municipales cerraron el a\u00f1o con fiesta","robots":{"index":"index","follow":"follow","max-snippet":"max-snippet:-1","max-image-preview":"max-image-preview:large","max-video-preview":"max-video-preview:-1"},"canonical":"https:\/\/noticiasmercedinas.com\/site\/2018\/12\/21\/jubilados-municipales-cerraron-el-ano-con-fiesta\/","og_locale":"es_ES","og_type":"article","og_title":"Jubilados municipales cerraron el a\u00f1o con fiesta","og_description":"Hubo un fin de a\u00f1o a pura fiesta en el Centro de Jubilados Municipales En la noche de este jueves se llev\u00f3 a cabo la fiesta de fin de a\u00f1o del \u201cCentro de Jubilados Municipales\u201d recientemente creado. Hubo una cena compartida, show en vivo, sorteos y un encuentro que permiti\u00f3 seguir dialogando y construyendo juntos [&hellip;]","og_url":"https:\/\/noticiasmercedinas.com\/site\/2018\/12\/21\/jubilados-municipales-cerraron-el-ano-con-fiesta\/","og_site_name":"NOTICIASMERCEDINAS.COM","article_publisher":"https:\/\/www.facebook.com\/noticiasmercedinas\/","article_author":"https:\/\/www.facebook.com\/cristian.falabella","article_published_time":"2018-12-22T01:59:00+00:00","og_image":[{"width":1200,"height":800,"url":"https:\/\/noticiasmercedinas.com\/site\/wp-content\/uploads\/2018\/12\/cjDSC_0038.jpg","type":"image\/jpeg"}],"author":"Cristian Falabella NOTICIASMERCEDINAS.COM","twitter_card":"summary_large_image","twitter_creator":"@https:\/\/twitter.com\/NOTMERCEDINAS","twitter_site":"@notmercedinas","twitter_misc":{"Escrito por":"Cristian Falabella NOTICIASMERCEDINAS.COM","Tiempo de lectura":"2 minutos"},"schema":{"@context":"https:\/\/schema.org","@graph":[{"@type":"Article","@id":"https:\/\/noticiasmercedinas.com\/site\/2018\/12\/21\/jubilados-municipales-cerraron-el-ano-con-fiesta\/#article","isPartOf":{"@id":"https:\/\/noticiasmercedinas.com\/site\/2018\/12\/21\/jubilados-municipales-cerraron-el-ano-con-fiesta\/"},"author":{"name":"Cristian Falabella NOTICIASMERCEDINAS.COM","@id":"https:\/\/noticiasmercedinas.com\/site\/#\/schema\/person\/d481a9696a5feaec13a60e2bbd991a6a"},"headline":"Jubilados municipales cerraron el a\u00f1o con fiesta","datePublished":"2018-12-22T01:59:00+00:00","mainEntityOfPage":{"@id":"https:\/\/noticiasmercedinas.com\/site\/2018\/12\/21\/jubilados-municipales-cerraron-el-ano-con-fiesta\/"},"wordCount":500,"commentCount":0,"publisher":{"@id":"https:\/\/noticiasmercedinas.com\/site\/#organization"},"image":{"@id":"https:\/\/noticiasmercedinas.com\/site\/2018\/12\/21\/jubilados-municipales-cerraron-el-ano-con-fiesta\/#primaryimage"},"thumbnailUrl":"https:\/\/noticiasmercedinas.com\/site\/wp-content\/uploads\/2018\/12\/cjDSC_0038.jpg","keywords":["centro de jubilados municipales","jubilados","victoria odell"],"articleSection":["Sociedad"],"inLanguage":"es","potentialAction":[{"@type":"CommentAction","name":"Comment","target":["https:\/\/noticiasmercedinas.com\/site\/2018\/12\/21\/jubilados-municipales-cerraron-el-ano-con-fiesta\/#respond"]}]},{"@type":"WebPage","@id":"https:\/\/noticiasmercedinas.com\/site\/2018\/12\/21\/jubilados-municipales-cerraron-el-ano-con-fiesta\/","url":"https:\/\/noticiasmercedinas.com\/site\/2018\/12\/21\/jubilados-municipales-cerraron-el-ano-con-fiesta\/","name":"Jubilados municipales cerraron el a\u00f1o con fiesta","isPartOf":{"@id":"https:\/\/noticiasmercedinas.com\/site\/#website"},"primaryImageOfPage":{"@id":"https:\/\/noticiasmercedinas.com\/site\/2018\/12\/21\/jubilados-municipales-cerraron-el-ano-con-fiesta\/#primaryimage"},"image":{"@id":"https:\/\/noticiasmercedinas.com\/site\/2018\/12\/21\/jubilados-municipales-cerraron-el-ano-con-fiesta\/#primaryimage"},"thumbnailUrl":"https:\/\/noticiasmercedinas.com\/site\/wp-content\/uploads\/2018\/12\/cjDSC_0038.jpg","datePublished":"2018-12-22T01:59:00+00:00","breadcrumb":{"@id":"https:\/\/noticiasmercedinas.com\/site\/2018\/12\/21\/jubilados-municipales-cerraron-el-ano-con-fiesta\/#breadcrumb"},"inLanguage":"es","potentialAction":[{"@type":"ReadAction","target":["https:\/\/noticiasmercedinas.com\/site\/2018\/12\/21\/jubilados-municipales-cerraron-el-ano-con-fiesta\/"]}]},{"@type":"ImageObject","inLanguage":"es","@id":"https:\/\/noticiasmercedinas.com\/site\/2018\/12\/21\/jubilados-municipales-cerraron-el-ano-con-fiesta\/#primaryimage","url":"https:\/\/noticiasmercedinas.com\/site\/wp-content\/uploads\/2018\/12\/cjDSC_0038.jpg","contentUrl":"https:\/\/noticiasmercedinas.com\/site\/wp-content\/uploads\/2018\/12\/cjDSC_0038.jpg","width":1200,"height":800},{"@type":"BreadcrumbList","@id":"https:\/\/noticiasmercedinas.com\/site\/2018\/12\/21\/jubilados-municipales-cerraron-el-ano-con-fiesta\/#breadcrumb","itemListElement":[{"@type":"ListItem","position":1,"name":"Portada","item":"https:\/\/noticiasmercedinas.com\/site\/"},{"@type":"ListItem","position":2,"name":"Jubilados municipales cerraron el a\u00f1o con fiesta"}]},{"@type":"WebSite","@id":"https:\/\/noticiasmercedinas.com\/site\/#website","url":"https:\/\/noticiasmercedinas.com\/site\/","name":"NOTICIASMERCEDINAS.COM","description":"Mercedes, Buenos Aires, Argentina","publisher":{"@id":"https:\/\/noticiasmercedinas.com\/site\/#organization"},"potentialAction":[{"@type":"SearchAction","target":{"@type":"EntryPoint","urlTemplate":"https:\/\/noticiasmercedinas.com\/site\/?s={search_term_string}"},"query-input":{"@type":"PropertyValueSpecification","valueRequired":true,"valueName":"search_term_string"}}],"inLanguage":"es"},{"@type":"Organization","@id":"https:\/\/noticiasmercedinas.com\/site\/#organization","name":"NOTICIASMERCEDINAS.COM","url":"https:\/\/noticiasmercedinas.com\/site\/","logo":{"@type":"ImageObject","inLanguage":"es","@id":"https:\/\/noticiasmercedinas.com\/site\/#\/schema\/logo\/image\/","url":"https:\/\/noticiasmercedinas.com\/site\/wp-content\/uploads\/2020\/06\/LOGO-512.jpg","contentUrl":"https:\/\/noticiasmercedinas.com\/site\/wp-content\/uploads\/2020\/06\/LOGO-512.jpg","width":512,"height":512,"caption":"NOTICIASMERCEDINAS.COM"},"image":{"@id":"https:\/\/noticiasmercedinas.com\/site\/#\/schema\/logo\/image\/"},"sameAs":["https:\/\/www.facebook.com\/noticiasmercedinas\/","https:\/\/x.com\/notmercedinas","https:\/\/www.instagram.com\/noticiasmercedinas\/"]},{"@type":"Person","@id":"https:\/\/noticiasmercedinas.com\/site\/#\/schema\/person\/d481a9696a5feaec13a60e2bbd991a6a","name":"Cristian Falabella NOTICIASMERCEDINAS.COM","image":{"@type":"ImageObject","inLanguage":"es","@id":"https:\/\/secure.gravatar.com\/avatar\/0dbbfc45970cc46bcd0e57766228574ff3511d6eed045b182f536f0f478c1f06?s=96&d=mm&r=g","url":"https:\/\/secure.gravatar.com\/avatar\/0dbbfc45970cc46bcd0e57766228574ff3511d6eed045b182f536f0f478c1f06?s=96&d=mm&r=g","contentUrl":"https:\/\/secure.gravatar.com\/avatar\/0dbbfc45970cc46bcd0e57766228574ff3511d6eed045b182f536f0f478c1f06?s=96&d=mm&r=g","caption":"Cristian Falabella NOTICIASMERCEDINAS.COM"},"description":"Periodista, editor de Noticias Mercedinas. Pas\u00f3 por varias redacciones y emprendimientos de prensa, en distintos formatos y \u00e9pocas. Se especializ\u00f3 --y sigue haci\u00e9ndolo-- en comunicaci\u00f3n en la web y en junio de 2006 fund\u00f3 este diario digital.","sameAs":["https:\/\/noticiasmercedinas.com","https:\/\/www.facebook.com\/cristian.falabella","https:\/\/www.instagram.com\/noticiasmercedinas\/","https:\/\/x.com\/https:\/\/twitter.com\/NOTMERCEDINAS"],"url":"https:\/\/noticiasmercedinas.com\/site\/author\/as000384\/"}]}},"amp_enabled":true,"_links":{"self":[{"href":"https:\/\/noticiasmercedinas.com\/site\/wp-json\/wp\/v2\/posts\/9589","targetHints":{"allow":["GET"]}}],"collection":[{"href":"https:\/\/noticiasmercedinas.com\/site\/wp-json\/wp\/v2\/posts"}],"about":[{"href":"https:\/\/noticiasmercedinas.com\/site\/wp-json\/wp\/v2\/types\/post"}],"author":[{"embeddable":true,"href":"https:\/\/noticiasmercedinas.com\/site\/wp-json\/wp\/v2\/users\/2"}],"replies":[{"embeddable":true,"href":"https:\/\/noticiasmercedinas.com\/site\/wp-json\/wp\/v2\/comments?post=9589"}],"version-history":[{"count":0,"href":"https:\/\/noticiasmercedinas.com\/site\/wp-json\/wp\/v2\/posts\/9589\/revisions"}],"wp:featuredmedia":[{"embeddable":true,"href":"https:\/\/noticiasmercedinas.com\/site\/wp-json\/wp\/v2\/media\/9588"}],"wp:attachment":[{"href":"https:\/\/noticiasmercedinas.com\/site\/wp-json\/wp\/v2\/media?parent=9589"}],"wp:term":[{"taxonomy":"category","embeddable":true,"href":"https:\/\/noticiasmercedinas.com\/site\/wp-json\/wp\/v2\/categories?post=9589"},{"taxonomy":"post_tag","embeddable":true,"href":"https:\/\/noticiasmercedinas.com\/site\/wp-json\/wp\/v2\/tags?post=9589"}],"curies":[{"name":"wp","href":"https:\/\/api.w.org\/{rel}","templated":true}]}}