{"id":9630,"date":"2018-12-22T20:41:23","date_gmt":"2018-12-22T23:41:23","guid":{"rendered":"https:\/\/noticiasmercedinas.com\/site\/?p=9630"},"modified":"2018-12-22T21:20:33","modified_gmt":"2018-12-23T00:20:33","slug":"paseo-navideno-por-hogares-y-merenderos-de-all-boys-y-gendarmeria","status":"publish","type":"post","link":"https:\/\/noticiasmercedinas.com\/site\/2018\/12\/22\/paseo-navideno-por-hogares-y-merenderos-de-all-boys-y-gendarmeria\/","title":{"rendered":"Paseo navide\u00f1o por hogares y merenderos de All Boys y Gendarmer\u00eda"},"content":{"rendered":"<p><img loading=\"lazy\" decoding=\"async\" class=\"alignnone size-large wp-image-9631\" src=\"https:\/\/noticiasmercedinas.com\/site\/wp-content\/uploads\/2018\/12\/17210317-c162-4dce-81c8-40765c509975-1024x768.jpg\" alt=\"\" width=\"640\" height=\"480\" srcset=\"https:\/\/noticiasmercedinas.com\/site\/wp-content\/uploads\/2018\/12\/17210317-c162-4dce-81c8-40765c509975-1024x768.jpg 1024w, https:\/\/noticiasmercedinas.com\/site\/wp-content\/uploads\/2018\/12\/17210317-c162-4dce-81c8-40765c509975-300x225.jpg 300w, https:\/\/noticiasmercedinas.com\/site\/wp-content\/uploads\/2018\/12\/17210317-c162-4dce-81c8-40765c509975-768x576.jpg 768w, https:\/\/noticiasmercedinas.com\/site\/wp-content\/uploads\/2018\/12\/17210317-c162-4dce-81c8-40765c509975-80x60.jpg 80w, https:\/\/noticiasmercedinas.com\/site\/wp-content\/uploads\/2018\/12\/17210317-c162-4dce-81c8-40765c509975-160x120.jpg 160w, https:\/\/noticiasmercedinas.com\/site\/wp-content\/uploads\/2018\/12\/17210317-c162-4dce-81c8-40765c509975-100x75.jpg 100w, https:\/\/noticiasmercedinas.com\/site\/wp-content\/uploads\/2018\/12\/17210317-c162-4dce-81c8-40765c509975-200x150.jpg 200w, https:\/\/noticiasmercedinas.com\/site\/wp-content\/uploads\/2018\/12\/17210317-c162-4dce-81c8-40765c509975-180x135.jpg 180w, https:\/\/noticiasmercedinas.com\/site\/wp-content\/uploads\/2018\/12\/17210317-c162-4dce-81c8-40765c509975-360x270.jpg 360w, https:\/\/noticiasmercedinas.com\/site\/wp-content\/uploads\/2018\/12\/17210317-c162-4dce-81c8-40765c509975-238x178.jpg 238w, https:\/\/noticiasmercedinas.com\/site\/wp-content\/uploads\/2018\/12\/17210317-c162-4dce-81c8-40765c509975-476x356.jpg 476w, https:\/\/noticiasmercedinas.com\/site\/wp-content\/uploads\/2018\/12\/17210317-c162-4dce-81c8-40765c509975-640x480.jpg 640w, https:\/\/noticiasmercedinas.com\/site\/wp-content\/uploads\/2018\/12\/17210317-c162-4dce-81c8-40765c509975.jpg 1280w, https:\/\/noticiasmercedinas.com\/site\/wp-content\/uploads\/2018\/12\/17210317-c162-4dce-81c8-40765c509975-681x511.jpg 681w\" sizes=\"auto, (max-width: 640px) 100vw, 640px\" \/><\/p>\n<p>All Boys Solidario y Gendarmer\u00eda Nacional Mercedes siguen adelante como todo el a\u00f1o con la tarea de estar al servicio de los dem\u00e1s y en estas navidades, como no pod\u00eda ser de otra manera, hicieron un recorrido aleg\u00f3rico con Pap\u00e1 Noel llevando regalos y alegr\u00edas para ni\u00f1os y ancianos.<\/p>\n<p>Es as\u00ed que este viernes 21 con All Boys Solidario y siempre con el apoyo de GN en un cami\u00f3n Unimog salieron a las 16 horas desde la escuela local, llegaron al Hogar Divina Providencia, llevaron regalos a todos los abuelos, caramelos y Papa Noel cant\u00f3 con los abuelos. Luego partieron rumbo al merendero \u201cGotas de un Diluvio\u201d, de Juan D\u00edaz, donde llevaron regalos y compartieron una merienda con los chicos.<\/p>\n<p>Luego este se s\u00e1bado fueron al merendero y comedor de Paulina Talavera, con regalos para todos y luego a \u201cFelices Los Ni\u00f1os\u201d, de Paula Freytes, donde llevaron regalos y se quedaron a jugar un rato, festejando el cumplea\u00f1os de uno de los chicos.<\/p>\n<p>Los Pap\u00e1 Noel fueron el viernes Carola y Agust\u00edn Tassara y luego el s\u00e1bado Malena y Mateo Del Gi\u00fadice.<\/p>\n<p>El viernes que viene estar\u00e1n continuando la tarea en el merendero \u201cNegrito Manuel\u201d del barrio \u201cLa Toma\u201d, de la localidad de Agote.<\/p>\n<p><img loading=\"lazy\" decoding=\"async\" class=\"alignnone size-large wp-image-9632\" src=\"https:\/\/noticiasmercedinas.com\/site\/wp-content\/uploads\/2018\/12\/9f2d1c4e-41ea-4d4b-b39b-98027fe39fbb-1024x768.jpg\" alt=\"\" width=\"640\" height=\"480\" srcset=\"https:\/\/noticiasmercedinas.com\/site\/wp-content\/uploads\/2018\/12\/9f2d1c4e-41ea-4d4b-b39b-98027fe39fbb-1024x768.jpg 1024w, https:\/\/noticiasmercedinas.com\/site\/wp-content\/uploads\/2018\/12\/9f2d1c4e-41ea-4d4b-b39b-98027fe39fbb-300x225.jpg 300w, https:\/\/noticiasmercedinas.com\/site\/wp-content\/uploads\/2018\/12\/9f2d1c4e-41ea-4d4b-b39b-98027fe39fbb-768x576.jpg 768w, https:\/\/noticiasmercedinas.com\/site\/wp-content\/uploads\/2018\/12\/9f2d1c4e-41ea-4d4b-b39b-98027fe39fbb-80x60.jpg 80w, https:\/\/noticiasmercedinas.com\/site\/wp-content\/uploads\/2018\/12\/9f2d1c4e-41ea-4d4b-b39b-98027fe39fbb-160x120.jpg 160w, https:\/\/noticiasmercedinas.com\/site\/wp-content\/uploads\/2018\/12\/9f2d1c4e-41ea-4d4b-b39b-98027fe39fbb-100x75.jpg 100w, https:\/\/noticiasmercedinas.com\/site\/wp-content\/uploads\/2018\/12\/9f2d1c4e-41ea-4d4b-b39b-98027fe39fbb-200x150.jpg 200w, https:\/\/noticiasmercedinas.com\/site\/wp-content\/uploads\/2018\/12\/9f2d1c4e-41ea-4d4b-b39b-98027fe39fbb-180x135.jpg 180w, https:\/\/noticiasmercedinas.com\/site\/wp-content\/uploads\/2018\/12\/9f2d1c4e-41ea-4d4b-b39b-98027fe39fbb-360x270.jpg 360w, https:\/\/noticiasmercedinas.com\/site\/wp-content\/uploads\/2018\/12\/9f2d1c4e-41ea-4d4b-b39b-98027fe39fbb-238x178.jpg 238w, https:\/\/noticiasmercedinas.com\/site\/wp-content\/uploads\/2018\/12\/9f2d1c4e-41ea-4d4b-b39b-98027fe39fbb-476x356.jpg 476w, https:\/\/noticiasmercedinas.com\/site\/wp-content\/uploads\/2018\/12\/9f2d1c4e-41ea-4d4b-b39b-98027fe39fbb-640x480.jpg 640w, https:\/\/noticiasmercedinas.com\/site\/wp-content\/uploads\/2018\/12\/9f2d1c4e-41ea-4d4b-b39b-98027fe39fbb.jpg 1280w, https:\/\/noticiasmercedinas.com\/site\/wp-content\/uploads\/2018\/12\/9f2d1c4e-41ea-4d4b-b39b-98027fe39fbb-681x511.jpg 681w\" sizes=\"auto, (max-width: 640px) 100vw, 640px\" \/> <img loading=\"lazy\" decoding=\"async\" class=\"alignnone size-large wp-image-9633\" src=\"https:\/\/noticiasmercedinas.com\/site\/wp-content\/uploads\/2018\/12\/fb17b92b-8ede-4424-9f04-df1d782462f0-768x1024.jpg\" alt=\"\" width=\"640\" height=\"853\" srcset=\"https:\/\/noticiasmercedinas.com\/site\/wp-content\/uploads\/2018\/12\/fb17b92b-8ede-4424-9f04-df1d782462f0-768x1024.jpg 768w, https:\/\/noticiasmercedinas.com\/site\/wp-content\/uploads\/2018\/12\/fb17b92b-8ede-4424-9f04-df1d782462f0-225x300.jpg 225w, https:\/\/noticiasmercedinas.com\/site\/wp-content\/uploads\/2018\/12\/fb17b92b-8ede-4424-9f04-df1d782462f0-640x853.jpg 640w, https:\/\/noticiasmercedinas.com\/site\/wp-content\/uploads\/2018\/12\/fb17b92b-8ede-4424-9f04-df1d782462f0-681x908.jpg 681w, https:\/\/noticiasmercedinas.com\/site\/wp-content\/uploads\/2018\/12\/fb17b92b-8ede-4424-9f04-df1d782462f0.jpg 780w\" sizes=\"auto, (max-width: 640px) 100vw, 640px\" \/> <img loading=\"lazy\" decoding=\"async\" class=\"alignnone size-large wp-image-9634\" src=\"https:\/\/noticiasmercedinas.com\/site\/wp-content\/uploads\/2018\/12\/e5fc1687-e2ad-4229-a009-fee2c4bf7771-768x1024.jpg\" alt=\"\" width=\"640\" height=\"853\" srcset=\"https:\/\/noticiasmercedinas.com\/site\/wp-content\/uploads\/2018\/12\/e5fc1687-e2ad-4229-a009-fee2c4bf7771-768x1024.jpg 768w, https:\/\/noticiasmercedinas.com\/site\/wp-content\/uploads\/2018\/12\/e5fc1687-e2ad-4229-a009-fee2c4bf7771-225x300.jpg 225w, https:\/\/noticiasmercedinas.com\/site\/wp-content\/uploads\/2018\/12\/e5fc1687-e2ad-4229-a009-fee2c4bf7771-640x853.jpg 640w, https:\/\/noticiasmercedinas.com\/site\/wp-content\/uploads\/2018\/12\/e5fc1687-e2ad-4229-a009-fee2c4bf7771-681x908.jpg 681w, https:\/\/noticiasmercedinas.com\/site\/wp-content\/uploads\/2018\/12\/e5fc1687-e2ad-4229-a009-fee2c4bf7771.jpg 780w\" sizes=\"auto, (max-width: 640px) 100vw, 640px\" \/><\/p>\n<p class=\"MsoNormal\">\n","protected":false},"excerpt":{"rendered":"<p>All Boys Solidario y Gendarmer\u00eda Nacional Mercedes siguen adelante como todo el a\u00f1o con la tarea de estar al servicio de los dem\u00e1s y en estas navidades, como no pod\u00eda ser de otra manera, hicieron un recorrido aleg\u00f3rico con Pap\u00e1 Noel llevando regalos y alegr\u00edas para ni\u00f1os y ancianos. Es as\u00ed que este viernes 21 [&hellip;]<\/p>\n","protected":false},"author":2,"featured_media":9631,"comment_status":"open","ping_status":"open","sticky":false,"template":"","format":"standard","meta":{"footnotes":""},"categories":[3],"tags":[3017,1955,562,561,2649,3018],"class_list":["post-9630","post","type-post","status-publish","format-standard","has-post-thumbnail","hentry","category-sociedad","tag-all-boys-solidario","tag-felices-los-ninos","tag-gotas-de-un-diluvio","tag-juan-diaz","tag-navidad","tag-paulina-talavera"],"yoast_head":"<!-- This site is optimized with the Yoast SEO plugin v27.5 - https:\/\/yoast.com\/product\/yoast-seo-wordpress\/ -->\n<title>Paseo navide\u00f1o por hogares y merenderos de All Boys y Gendarmer\u00eda<\/title>\n<meta name=\"robots\" content=\"index, follow, max-snippet:-1, max-image-preview:large, max-video-preview:-1\" \/>\n<link rel=\"canonical\" href=\"https:\/\/noticiasmercedinas.com\/site\/2018\/12\/22\/paseo-navideno-por-hogares-y-merenderos-de-all-boys-y-gendarmeria\/\" \/>\n<meta property=\"og:locale\" content=\"es_ES\" \/>\n<meta property=\"og:type\" content=\"article\" \/>\n<meta property=\"og:title\" content=\"Paseo navide\u00f1o por hogares y merenderos de All Boys y Gendarmer\u00eda\" \/>\n<meta property=\"og:description\" content=\"All Boys Solidario y Gendarmer\u00eda Nacional Mercedes siguen adelante como todo el a\u00f1o con la tarea de estar al servicio de los dem\u00e1s y en estas navidades, como no pod\u00eda ser de otra manera, hicieron un recorrido aleg\u00f3rico con Pap\u00e1 Noel llevando regalos y alegr\u00edas para ni\u00f1os y ancianos. Es as\u00ed que este viernes 21 [&hellip;]\" \/>\n<meta property=\"og:url\" content=\"https:\/\/noticiasmercedinas.com\/site\/2018\/12\/22\/paseo-navideno-por-hogares-y-merenderos-de-all-boys-y-gendarmeria\/\" \/>\n<meta property=\"og:site_name\" content=\"NOTICIASMERCEDINAS.COM\" \/>\n<meta property=\"article:publisher\" content=\"https:\/\/www.facebook.com\/noticiasmercedinas\/\" \/>\n<meta property=\"article:author\" content=\"https:\/\/www.facebook.com\/cristian.falabella\" \/>\n<meta property=\"article:published_time\" content=\"2018-12-22T23:41:23+00:00\" \/>\n<meta property=\"article:modified_time\" content=\"2018-12-23T00:20:33+00:00\" \/>\n<meta property=\"og:image\" content=\"https:\/\/noticiasmercedinas.com\/site\/wp-content\/uploads\/2018\/12\/17210317-c162-4dce-81c8-40765c509975.jpg\" \/>\n\t<meta property=\"og:image:width\" content=\"1280\" \/>\n\t<meta property=\"og:image:height\" content=\"960\" \/>\n\t<meta property=\"og:image:type\" content=\"image\/jpeg\" \/>\n<meta name=\"author\" content=\"Cristian Falabella NOTICIASMERCEDINAS.COM\" \/>\n<meta name=\"twitter:card\" content=\"summary_large_image\" \/>\n<meta name=\"twitter:creator\" content=\"@https:\/\/twitter.com\/NOTMERCEDINAS\" \/>\n<meta name=\"twitter:site\" content=\"@notmercedinas\" \/>\n<meta name=\"twitter:label1\" content=\"Escrito por\" \/>\n\t<meta name=\"twitter:data1\" content=\"Cristian Falabella NOTICIASMERCEDINAS.COM\" \/>\n\t<meta name=\"twitter:label2\" content=\"Tiempo de lectura\" \/>\n\t<meta name=\"twitter:data2\" content=\"1 minuto\" \/>\n<script type=\"application\/ld+json\" class=\"yoast-schema-graph\">{\"@context\":\"https:\\\/\\\/schema.org\",\"@graph\":[{\"@type\":\"Article\",\"@id\":\"https:\\\/\\\/noticiasmercedinas.com\\\/site\\\/2018\\\/12\\\/22\\\/paseo-navideno-por-hogares-y-merenderos-de-all-boys-y-gendarmeria\\\/#article\",\"isPartOf\":{\"@id\":\"https:\\\/\\\/noticiasmercedinas.com\\\/site\\\/2018\\\/12\\\/22\\\/paseo-navideno-por-hogares-y-merenderos-de-all-boys-y-gendarmeria\\\/\"},\"author\":{\"name\":\"Cristian Falabella NOTICIASMERCEDINAS.COM\",\"@id\":\"https:\\\/\\\/noticiasmercedinas.com\\\/site\\\/#\\\/schema\\\/person\\\/d481a9696a5feaec13a60e2bbd991a6a\"},\"headline\":\"Paseo navide\u00f1o por hogares y merenderos de All Boys y Gendarmer\u00eda\",\"datePublished\":\"2018-12-22T23:41:23+00:00\",\"dateModified\":\"2018-12-23T00:20:33+00:00\",\"mainEntityOfPage\":{\"@id\":\"https:\\\/\\\/noticiasmercedinas.com\\\/site\\\/2018\\\/12\\\/22\\\/paseo-navideno-por-hogares-y-merenderos-de-all-boys-y-gendarmeria\\\/\"},\"wordCount\":231,\"commentCount\":0,\"publisher\":{\"@id\":\"https:\\\/\\\/noticiasmercedinas.com\\\/site\\\/#organization\"},\"image\":{\"@id\":\"https:\\\/\\\/noticiasmercedinas.com\\\/site\\\/2018\\\/12\\\/22\\\/paseo-navideno-por-hogares-y-merenderos-de-all-boys-y-gendarmeria\\\/#primaryimage\"},\"thumbnailUrl\":\"https:\\\/\\\/noticiasmercedinas.com\\\/site\\\/wp-content\\\/uploads\\\/2018\\\/12\\\/17210317-c162-4dce-81c8-40765c509975.jpg\",\"keywords\":[\"all boys solidario\",\"felices los ni\u00f1os\",\"gotas de un diluvio\",\"juan diaz\",\"navidad\",\"paulina talavera\"],\"articleSection\":[\"Sociedad\"],\"inLanguage\":\"es\",\"potentialAction\":[{\"@type\":\"CommentAction\",\"name\":\"Comment\",\"target\":[\"https:\\\/\\\/noticiasmercedinas.com\\\/site\\\/2018\\\/12\\\/22\\\/paseo-navideno-por-hogares-y-merenderos-de-all-boys-y-gendarmeria\\\/#respond\"]}]},{\"@type\":\"WebPage\",\"@id\":\"https:\\\/\\\/noticiasmercedinas.com\\\/site\\\/2018\\\/12\\\/22\\\/paseo-navideno-por-hogares-y-merenderos-de-all-boys-y-gendarmeria\\\/\",\"url\":\"https:\\\/\\\/noticiasmercedinas.com\\\/site\\\/2018\\\/12\\\/22\\\/paseo-navideno-por-hogares-y-merenderos-de-all-boys-y-gendarmeria\\\/\",\"name\":\"Paseo navide\u00f1o por hogares y merenderos de All Boys y Gendarmer\u00eda\",\"isPartOf\":{\"@id\":\"https:\\\/\\\/noticiasmercedinas.com\\\/site\\\/#website\"},\"primaryImageOfPage\":{\"@id\":\"https:\\\/\\\/noticiasmercedinas.com\\\/site\\\/2018\\\/12\\\/22\\\/paseo-navideno-por-hogares-y-merenderos-de-all-boys-y-gendarmeria\\\/#primaryimage\"},\"image\":{\"@id\":\"https:\\\/\\\/noticiasmercedinas.com\\\/site\\\/2018\\\/12\\\/22\\\/paseo-navideno-por-hogares-y-merenderos-de-all-boys-y-gendarmeria\\\/#primaryimage\"},\"thumbnailUrl\":\"https:\\\/\\\/noticiasmercedinas.com\\\/site\\\/wp-content\\\/uploads\\\/2018\\\/12\\\/17210317-c162-4dce-81c8-40765c509975.jpg\",\"datePublished\":\"2018-12-22T23:41:23+00:00\",\"dateModified\":\"2018-12-23T00:20:33+00:00\",\"breadcrumb\":{\"@id\":\"https:\\\/\\\/noticiasmercedinas.com\\\/site\\\/2018\\\/12\\\/22\\\/paseo-navideno-por-hogares-y-merenderos-de-all-boys-y-gendarmeria\\\/#breadcrumb\"},\"inLanguage\":\"es\",\"potentialAction\":[{\"@type\":\"ReadAction\",\"target\":[\"https:\\\/\\\/noticiasmercedinas.com\\\/site\\\/2018\\\/12\\\/22\\\/paseo-navideno-por-hogares-y-merenderos-de-all-boys-y-gendarmeria\\\/\"]}]},{\"@type\":\"ImageObject\",\"inLanguage\":\"es\",\"@id\":\"https:\\\/\\\/noticiasmercedinas.com\\\/site\\\/2018\\\/12\\\/22\\\/paseo-navideno-por-hogares-y-merenderos-de-all-boys-y-gendarmeria\\\/#primaryimage\",\"url\":\"https:\\\/\\\/noticiasmercedinas.com\\\/site\\\/wp-content\\\/uploads\\\/2018\\\/12\\\/17210317-c162-4dce-81c8-40765c509975.jpg\",\"contentUrl\":\"https:\\\/\\\/noticiasmercedinas.com\\\/site\\\/wp-content\\\/uploads\\\/2018\\\/12\\\/17210317-c162-4dce-81c8-40765c509975.jpg\",\"width\":1280,\"height\":960},{\"@type\":\"BreadcrumbList\",\"@id\":\"https:\\\/\\\/noticiasmercedinas.com\\\/site\\\/2018\\\/12\\\/22\\\/paseo-navideno-por-hogares-y-merenderos-de-all-boys-y-gendarmeria\\\/#breadcrumb\",\"itemListElement\":[{\"@type\":\"ListItem\",\"position\":1,\"name\":\"Portada\",\"item\":\"https:\\\/\\\/noticiasmercedinas.com\\\/site\\\/\"},{\"@type\":\"ListItem\",\"position\":2,\"name\":\"Paseo navide\u00f1o por hogares y merenderos de All Boys y Gendarmer\u00eda\"}]},{\"@type\":\"WebSite\",\"@id\":\"https:\\\/\\\/noticiasmercedinas.com\\\/site\\\/#website\",\"url\":\"https:\\\/\\\/noticiasmercedinas.com\\\/site\\\/\",\"name\":\"NOTICIASMERCEDINAS.COM\",\"description\":\"Mercedes, Buenos Aires, Argentina\",\"publisher\":{\"@id\":\"https:\\\/\\\/noticiasmercedinas.com\\\/site\\\/#organization\"},\"potentialAction\":[{\"@type\":\"SearchAction\",\"target\":{\"@type\":\"EntryPoint\",\"urlTemplate\":\"https:\\\/\\\/noticiasmercedinas.com\\\/site\\\/?s={search_term_string}\"},\"query-input\":{\"@type\":\"PropertyValueSpecification\",\"valueRequired\":true,\"valueName\":\"search_term_string\"}}],\"inLanguage\":\"es\"},{\"@type\":\"Organization\",\"@id\":\"https:\\\/\\\/noticiasmercedinas.com\\\/site\\\/#organization\",\"name\":\"NOTICIASMERCEDINAS.COM\",\"url\":\"https:\\\/\\\/noticiasmercedinas.com\\\/site\\\/\",\"logo\":{\"@type\":\"ImageObject\",\"inLanguage\":\"es\",\"@id\":\"https:\\\/\\\/noticiasmercedinas.com\\\/site\\\/#\\\/schema\\\/logo\\\/image\\\/\",\"url\":\"https:\\\/\\\/noticiasmercedinas.com\\\/site\\\/wp-content\\\/uploads\\\/2020\\\/06\\\/LOGO-512.jpg\",\"contentUrl\":\"https:\\\/\\\/noticiasmercedinas.com\\\/site\\\/wp-content\\\/uploads\\\/2020\\\/06\\\/LOGO-512.jpg\",\"width\":512,\"height\":512,\"caption\":\"NOTICIASMERCEDINAS.COM\"},\"image\":{\"@id\":\"https:\\\/\\\/noticiasmercedinas.com\\\/site\\\/#\\\/schema\\\/logo\\\/image\\\/\"},\"sameAs\":[\"https:\\\/\\\/www.facebook.com\\\/noticiasmercedinas\\\/\",\"https:\\\/\\\/x.com\\\/notmercedinas\",\"https:\\\/\\\/www.instagram.com\\\/noticiasmercedinas\\\/\"]},{\"@type\":\"Person\",\"@id\":\"https:\\\/\\\/noticiasmercedinas.com\\\/site\\\/#\\\/schema\\\/person\\\/d481a9696a5feaec13a60e2bbd991a6a\",\"name\":\"Cristian Falabella NOTICIASMERCEDINAS.COM\",\"image\":{\"@type\":\"ImageObject\",\"inLanguage\":\"es\",\"@id\":\"https:\\\/\\\/secure.gravatar.com\\\/avatar\\\/0dbbfc45970cc46bcd0e57766228574ff3511d6eed045b182f536f0f478c1f06?s=96&d=mm&r=g\",\"url\":\"https:\\\/\\\/secure.gravatar.com\\\/avatar\\\/0dbbfc45970cc46bcd0e57766228574ff3511d6eed045b182f536f0f478c1f06?s=96&d=mm&r=g\",\"contentUrl\":\"https:\\\/\\\/secure.gravatar.com\\\/avatar\\\/0dbbfc45970cc46bcd0e57766228574ff3511d6eed045b182f536f0f478c1f06?s=96&d=mm&r=g\",\"caption\":\"Cristian Falabella NOTICIASMERCEDINAS.COM\"},\"description\":\"Periodista, editor de Noticias Mercedinas. Pas\u00f3 por varias redacciones y emprendimientos de prensa, en distintos formatos y \u00e9pocas. Se especializ\u00f3 --y sigue haci\u00e9ndolo-- en comunicaci\u00f3n en la web y en junio de 2006 fund\u00f3 este diario digital.\",\"sameAs\":[\"https:\\\/\\\/noticiasmercedinas.com\",\"https:\\\/\\\/www.facebook.com\\\/cristian.falabella\",\"https:\\\/\\\/www.instagram.com\\\/noticiasmercedinas\\\/\",\"https:\\\/\\\/x.com\\\/https:\\\/\\\/twitter.com\\\/NOTMERCEDINAS\"],\"url\":\"https:\\\/\\\/noticiasmercedinas.com\\\/site\\\/author\\\/as000384\\\/\"}]}<\/script>\n<!-- \/ Yoast SEO plugin. -->","yoast_head_json":{"title":"Paseo navide\u00f1o por hogares y merenderos de All Boys y Gendarmer\u00eda","robots":{"index":"index","follow":"follow","max-snippet":"max-snippet:-1","max-image-preview":"max-image-preview:large","max-video-preview":"max-video-preview:-1"},"canonical":"https:\/\/noticiasmercedinas.com\/site\/2018\/12\/22\/paseo-navideno-por-hogares-y-merenderos-de-all-boys-y-gendarmeria\/","og_locale":"es_ES","og_type":"article","og_title":"Paseo navide\u00f1o por hogares y merenderos de All Boys y Gendarmer\u00eda","og_description":"All Boys Solidario y Gendarmer\u00eda Nacional Mercedes siguen adelante como todo el a\u00f1o con la tarea de estar al servicio de los dem\u00e1s y en estas navidades, como no pod\u00eda ser de otra manera, hicieron un recorrido aleg\u00f3rico con Pap\u00e1 Noel llevando regalos y alegr\u00edas para ni\u00f1os y ancianos. Es as\u00ed que este viernes 21 [&hellip;]","og_url":"https:\/\/noticiasmercedinas.com\/site\/2018\/12\/22\/paseo-navideno-por-hogares-y-merenderos-de-all-boys-y-gendarmeria\/","og_site_name":"NOTICIASMERCEDINAS.COM","article_publisher":"https:\/\/www.facebook.com\/noticiasmercedinas\/","article_author":"https:\/\/www.facebook.com\/cristian.falabella","article_published_time":"2018-12-22T23:41:23+00:00","article_modified_time":"2018-12-23T00:20:33+00:00","og_image":[{"width":1280,"height":960,"url":"https:\/\/noticiasmercedinas.com\/site\/wp-content\/uploads\/2018\/12\/17210317-c162-4dce-81c8-40765c509975.jpg","type":"image\/jpeg"}],"author":"Cristian Falabella NOTICIASMERCEDINAS.COM","twitter_card":"summary_large_image","twitter_creator":"@https:\/\/twitter.com\/NOTMERCEDINAS","twitter_site":"@notmercedinas","twitter_misc":{"Escrito por":"Cristian Falabella NOTICIASMERCEDINAS.COM","Tiempo de lectura":"1 minuto"},"schema":{"@context":"https:\/\/schema.org","@graph":[{"@type":"Article","@id":"https:\/\/noticiasmercedinas.com\/site\/2018\/12\/22\/paseo-navideno-por-hogares-y-merenderos-de-all-boys-y-gendarmeria\/#article","isPartOf":{"@id":"https:\/\/noticiasmercedinas.com\/site\/2018\/12\/22\/paseo-navideno-por-hogares-y-merenderos-de-all-boys-y-gendarmeria\/"},"author":{"name":"Cristian Falabella NOTICIASMERCEDINAS.COM","@id":"https:\/\/noticiasmercedinas.com\/site\/#\/schema\/person\/d481a9696a5feaec13a60e2bbd991a6a"},"headline":"Paseo navide\u00f1o por hogares y merenderos de All Boys y Gendarmer\u00eda","datePublished":"2018-12-22T23:41:23+00:00","dateModified":"2018-12-23T00:20:33+00:00","mainEntityOfPage":{"@id":"https:\/\/noticiasmercedinas.com\/site\/2018\/12\/22\/paseo-navideno-por-hogares-y-merenderos-de-all-boys-y-gendarmeria\/"},"wordCount":231,"commentCount":0,"publisher":{"@id":"https:\/\/noticiasmercedinas.com\/site\/#organization"},"image":{"@id":"https:\/\/noticiasmercedinas.com\/site\/2018\/12\/22\/paseo-navideno-por-hogares-y-merenderos-de-all-boys-y-gendarmeria\/#primaryimage"},"thumbnailUrl":"https:\/\/noticiasmercedinas.com\/site\/wp-content\/uploads\/2018\/12\/17210317-c162-4dce-81c8-40765c509975.jpg","keywords":["all boys solidario","felices los ni\u00f1os","gotas de un diluvio","juan diaz","navidad","paulina talavera"],"articleSection":["Sociedad"],"inLanguage":"es","potentialAction":[{"@type":"CommentAction","name":"Comment","target":["https:\/\/noticiasmercedinas.com\/site\/2018\/12\/22\/paseo-navideno-por-hogares-y-merenderos-de-all-boys-y-gendarmeria\/#respond"]}]},{"@type":"WebPage","@id":"https:\/\/noticiasmercedinas.com\/site\/2018\/12\/22\/paseo-navideno-por-hogares-y-merenderos-de-all-boys-y-gendarmeria\/","url":"https:\/\/noticiasmercedinas.com\/site\/2018\/12\/22\/paseo-navideno-por-hogares-y-merenderos-de-all-boys-y-gendarmeria\/","name":"Paseo navide\u00f1o por hogares y merenderos de All Boys y Gendarmer\u00eda","isPartOf":{"@id":"https:\/\/noticiasmercedinas.com\/site\/#website"},"primaryImageOfPage":{"@id":"https:\/\/noticiasmercedinas.com\/site\/2018\/12\/22\/paseo-navideno-por-hogares-y-merenderos-de-all-boys-y-gendarmeria\/#primaryimage"},"image":{"@id":"https:\/\/noticiasmercedinas.com\/site\/2018\/12\/22\/paseo-navideno-por-hogares-y-merenderos-de-all-boys-y-gendarmeria\/#primaryimage"},"thumbnailUrl":"https:\/\/noticiasmercedinas.com\/site\/wp-content\/uploads\/2018\/12\/17210317-c162-4dce-81c8-40765c509975.jpg","datePublished":"2018-12-22T23:41:23+00:00","dateModified":"2018-12-23T00:20:33+00:00","breadcrumb":{"@id":"https:\/\/noticiasmercedinas.com\/site\/2018\/12\/22\/paseo-navideno-por-hogares-y-merenderos-de-all-boys-y-gendarmeria\/#breadcrumb"},"inLanguage":"es","potentialAction":[{"@type":"ReadAction","target":["https:\/\/noticiasmercedinas.com\/site\/2018\/12\/22\/paseo-navideno-por-hogares-y-merenderos-de-all-boys-y-gendarmeria\/"]}]},{"@type":"ImageObject","inLanguage":"es","@id":"https:\/\/noticiasmercedinas.com\/site\/2018\/12\/22\/paseo-navideno-por-hogares-y-merenderos-de-all-boys-y-gendarmeria\/#primaryimage","url":"https:\/\/noticiasmercedinas.com\/site\/wp-content\/uploads\/2018\/12\/17210317-c162-4dce-81c8-40765c509975.jpg","contentUrl":"https:\/\/noticiasmercedinas.com\/site\/wp-content\/uploads\/2018\/12\/17210317-c162-4dce-81c8-40765c509975.jpg","width":1280,"height":960},{"@type":"BreadcrumbList","@id":"https:\/\/noticiasmercedinas.com\/site\/2018\/12\/22\/paseo-navideno-por-hogares-y-merenderos-de-all-boys-y-gendarmeria\/#breadcrumb","itemListElement":[{"@type":"ListItem","position":1,"name":"Portada","item":"https:\/\/noticiasmercedinas.com\/site\/"},{"@type":"ListItem","position":2,"name":"Paseo navide\u00f1o por hogares y merenderos de All Boys y Gendarmer\u00eda"}]},{"@type":"WebSite","@id":"https:\/\/noticiasmercedinas.com\/site\/#website","url":"https:\/\/noticiasmercedinas.com\/site\/","name":"NOTICIASMERCEDINAS.COM","description":"Mercedes, Buenos Aires, Argentina","publisher":{"@id":"https:\/\/noticiasmercedinas.com\/site\/#organization"},"potentialAction":[{"@type":"SearchAction","target":{"@type":"EntryPoint","urlTemplate":"https:\/\/noticiasmercedinas.com\/site\/?s={search_term_string}"},"query-input":{"@type":"PropertyValueSpecification","valueRequired":true,"valueName":"search_term_string"}}],"inLanguage":"es"},{"@type":"Organization","@id":"https:\/\/noticiasmercedinas.com\/site\/#organization","name":"NOTICIASMERCEDINAS.COM","url":"https:\/\/noticiasmercedinas.com\/site\/","logo":{"@type":"ImageObject","inLanguage":"es","@id":"https:\/\/noticiasmercedinas.com\/site\/#\/schema\/logo\/image\/","url":"https:\/\/noticiasmercedinas.com\/site\/wp-content\/uploads\/2020\/06\/LOGO-512.jpg","contentUrl":"https:\/\/noticiasmercedinas.com\/site\/wp-content\/uploads\/2020\/06\/LOGO-512.jpg","width":512,"height":512,"caption":"NOTICIASMERCEDINAS.COM"},"image":{"@id":"https:\/\/noticiasmercedinas.com\/site\/#\/schema\/logo\/image\/"},"sameAs":["https:\/\/www.facebook.com\/noticiasmercedinas\/","https:\/\/x.com\/notmercedinas","https:\/\/www.instagram.com\/noticiasmercedinas\/"]},{"@type":"Person","@id":"https:\/\/noticiasmercedinas.com\/site\/#\/schema\/person\/d481a9696a5feaec13a60e2bbd991a6a","name":"Cristian Falabella NOTICIASMERCEDINAS.COM","image":{"@type":"ImageObject","inLanguage":"es","@id":"https:\/\/secure.gravatar.com\/avatar\/0dbbfc45970cc46bcd0e57766228574ff3511d6eed045b182f536f0f478c1f06?s=96&d=mm&r=g","url":"https:\/\/secure.gravatar.com\/avatar\/0dbbfc45970cc46bcd0e57766228574ff3511d6eed045b182f536f0f478c1f06?s=96&d=mm&r=g","contentUrl":"https:\/\/secure.gravatar.com\/avatar\/0dbbfc45970cc46bcd0e57766228574ff3511d6eed045b182f536f0f478c1f06?s=96&d=mm&r=g","caption":"Cristian Falabella NOTICIASMERCEDINAS.COM"},"description":"Periodista, editor de Noticias Mercedinas. Pas\u00f3 por varias redacciones y emprendimientos de prensa, en distintos formatos y \u00e9pocas. Se especializ\u00f3 --y sigue haci\u00e9ndolo-- en comunicaci\u00f3n en la web y en junio de 2006 fund\u00f3 este diario digital.","sameAs":["https:\/\/noticiasmercedinas.com","https:\/\/www.facebook.com\/cristian.falabella","https:\/\/www.instagram.com\/noticiasmercedinas\/","https:\/\/x.com\/https:\/\/twitter.com\/NOTMERCEDINAS"],"url":"https:\/\/noticiasmercedinas.com\/site\/author\/as000384\/"}]}},"amp_enabled":true,"_links":{"self":[{"href":"https:\/\/noticiasmercedinas.com\/site\/wp-json\/wp\/v2\/posts\/9630","targetHints":{"allow":["GET"]}}],"collection":[{"href":"https:\/\/noticiasmercedinas.com\/site\/wp-json\/wp\/v2\/posts"}],"about":[{"href":"https:\/\/noticiasmercedinas.com\/site\/wp-json\/wp\/v2\/types\/post"}],"author":[{"embeddable":true,"href":"https:\/\/noticiasmercedinas.com\/site\/wp-json\/wp\/v2\/users\/2"}],"replies":[{"embeddable":true,"href":"https:\/\/noticiasmercedinas.com\/site\/wp-json\/wp\/v2\/comments?post=9630"}],"version-history":[{"count":2,"href":"https:\/\/noticiasmercedinas.com\/site\/wp-json\/wp\/v2\/posts\/9630\/revisions"}],"predecessor-version":[{"id":9636,"href":"https:\/\/noticiasmercedinas.com\/site\/wp-json\/wp\/v2\/posts\/9630\/revisions\/9636"}],"wp:featuredmedia":[{"embeddable":true,"href":"https:\/\/noticiasmercedinas.com\/site\/wp-json\/wp\/v2\/media\/9631"}],"wp:attachment":[{"href":"https:\/\/noticiasmercedinas.com\/site\/wp-json\/wp\/v2\/media?parent=9630"}],"wp:term":[{"taxonomy":"category","embeddable":true,"href":"https:\/\/noticiasmercedinas.com\/site\/wp-json\/wp\/v2\/categories?post=9630"},{"taxonomy":"post_tag","embeddable":true,"href":"https:\/\/noticiasmercedinas.com\/site\/wp-json\/wp\/v2\/tags?post=9630"}],"curies":[{"name":"wp","href":"https:\/\/api.w.org\/{rel}","templated":true}]}}