{"id":96313,"date":"2022-08-02T13:35:16","date_gmt":"2022-08-02T16:35:16","guid":{"rendered":"https:\/\/noticiasmercedinas.com\/site\/?p=96313"},"modified":"2022-08-02T13:35:16","modified_gmt":"2022-08-02T16:35:16","slug":"sancor-salud-desembarca-en-mercedes-y-consolida-su-presencia-en-mas-de-30-localidades-de-la-provincia","status":"publish","type":"post","link":"https:\/\/noticiasmercedinas.com\/site\/2022\/08\/02\/sancor-salud-desembarca-en-mercedes-y-consolida-su-presencia-en-mas-de-30-localidades-de-la-provincia\/","title":{"rendered":"SanCor Salud desembarca en Mercedes y consolida su presencia en m\u00e1s de 30 localidades de la Provincia\u00a0"},"content":{"rendered":"<p><img loading=\"lazy\" decoding=\"async\" class=\"alignnone size-large wp-image-96314\" src=\"https:\/\/noticiasmercedinas.com\/site\/wp-content\/uploads\/2022\/08\/SanCor-Salud-Mercedes-1024x461.jpeg\" alt=\"\" width=\"640\" height=\"288\" srcset=\"https:\/\/noticiasmercedinas.com\/site\/wp-content\/uploads\/2022\/08\/SanCor-Salud-Mercedes-1024x461.jpeg 1024w, https:\/\/noticiasmercedinas.com\/site\/wp-content\/uploads\/2022\/08\/SanCor-Salud-Mercedes-300x135.jpeg 300w, https:\/\/noticiasmercedinas.com\/site\/wp-content\/uploads\/2022\/08\/SanCor-Salud-Mercedes-768x346.jpeg 768w, https:\/\/noticiasmercedinas.com\/site\/wp-content\/uploads\/2022\/08\/SanCor-Salud-Mercedes-1536x691.jpeg 1536w, https:\/\/noticiasmercedinas.com\/site\/wp-content\/uploads\/2022\/08\/SanCor-Salud-Mercedes-640x288.jpeg 640w, https:\/\/noticiasmercedinas.com\/site\/wp-content\/uploads\/2022\/08\/SanCor-Salud-Mercedes-1280x576.jpeg 1280w, https:\/\/noticiasmercedinas.com\/site\/wp-content\/uploads\/2022\/08\/SanCor-Salud-Mercedes-681x306.jpeg 681w, https:\/\/noticiasmercedinas.com\/site\/wp-content\/uploads\/2022\/08\/SanCor-Salud-Mercedes-1362x613.jpeg 1362w, https:\/\/noticiasmercedinas.com\/site\/wp-content\/uploads\/2022\/08\/SanCor-Salud-Mercedes.jpeg 1600w\" sizes=\"auto, (max-width: 640px) 100vw, 640px\" \/><\/p>\n<p>SanCor Salud abri\u00f3 su nuevo Centro de Atenci\u00f3n en Mercedes, en Calle 20 N\u00ba 627. Con esta apertura, la empresa comenzar\u00e1 a ofrecer su amplia variedad de coberturas de salud a m\u00e1s de 72.000 personas. El anuncio va en l\u00ednea con el desembarco del Grupo en m\u00e1s de 30 localidades de la Provincia de Buenos Aires, que incluyen, entre otras a Chivilcoy, Azul, Lincoln, 25 de Mayo, Los Toldos, Pigu\u00e9, Pringles, Dorrego, Mar de Aj\u00f3, Madariaga, Benito Juarez, Ayacucho y General Belgrano.<\/p>\n<p>Impulsado por la b\u00fasqueda de afianzar la posici\u00f3n de liderazgo, el grupo de medicina prepaga inaugurar\u00e1 treinta puntos de atenci\u00f3n que llevar\u00e1n a nuevos territorios el valor de la cercan\u00eda, presente en el ADN de la compa\u00f1\u00eda.<\/p>\n<p>La serie de inauguraciones en Provincia implica alcanzar un mercado total de m\u00e1s de 360.000 personas a las que la empresa ofrecer\u00e1 su diversidad de productos para cuidar el bienestar.<\/p>\n<p>El Grupo lleva casi 5 d\u00e9cadas dedic\u00e1ndose al cuidado del bienestar desde diversos rubros y ya estaba presente en la Provincia de Buenos Aires y Capital Federal hace m\u00e1s de diez a\u00f1os. Hoy, son m\u00e1s de 220.000 las personas que tienen la cobertura de SanCor Salud en esta zona, lo que representa casi un tercio del total de la cartera de asociados\/as.<\/p>\n<blockquote><p>La actividad acompa\u00f1a el sostenido crecimiento de la empresa de medicina privada, que aument\u00f3 un 39% su cartera de asociados\/as en los \u00faltimos dos a\u00f1os.<\/p><\/blockquote>\n<p>Tras una d\u00e9cada de crecimiento sostenido, este paso abre un nuevo camino para profundizar su presencia en todo el pa\u00eds, e inaugurar una nueva etapa en su evoluci\u00f3n. A nivel comercial, es parte de la estrategia de expansi\u00f3n, con foco en AMBA, Provincia de Buenos Aires, Rosario y la Patagonia, donde el Grupo ya tiene presencia y viene desarrollando una fuerte actividad para asentarse en alcance y territorialidad.<\/p>\n<p>Esta apuesta potencia el crecimiento de la empresa, que tuvo un aumento del 39.15% en su cartera de asociados\/as en los \u00faltimos dos a\u00f1os, lo que la ha llevado al podio de las empresas de medicina privada del pa\u00eds en cantidad de asociados. Hoy en d\u00eda, el Grupo SanCor Salud cuenta con m\u00e1s de 700.000 personas que le conf\u00edan lo m\u00e1s preciado, la salud, y 3.500 clientes de la l\u00ednea corporativa que la eligen para cuidar a sus colaboradores\/as. Recientemente la empresa inaugur\u00f3 su nuevo espacio insignia frente al Obelisco, en la Ciudad de Buenos Aires, ubicado estrat\u00e9gicamente como un hito en la historia de la marca que simboliza la consolidaci\u00f3n de la posici\u00f3n de liderazgo en el rubro.<\/p>\n<p>Para afianzar y profundizar su presencia la compa\u00f1\u00eda trabaja fuertemente en fortalecer el v\u00ednculo cercano con sus afiliados y asegurar una amplia disponibilidad de prestadores y coberturas. \u201cEn los \u00faltimos 5 a\u00f1os tuvimos un gran crecimiento, y actualmente m\u00e1s de 203 mil profesionales de la salud forman parte de nuestra red, la m\u00e1s amplia del pa\u00eds\u201d, coment\u00f3 Jorge Lombardo, Director de Salud del Grupo. \u201cLa cercan\u00eda est\u00e1 en nuestro ADN como empresa que naci\u00f3 en el interior, lo practicamos permanentemente y lo incentivamos en nuestros equipos de trabajo, que hoy en d\u00eda est\u00e1n ubicados en todo el pa\u00eds. Eso te hace diferente en un mercado tan competitivo como el nuestro\u201d, agreg\u00f3 <strong>Fernando Werlen<\/strong>, Director General.<\/p>\n<p>De la mano con el crecimiento del negocio, este desembarco generar\u00e1 nuevas fuentes de empleo de calidad, una actividad que el Grupo viene impulsando hace tiempo. En los \u00faltimos 5 a\u00f1os, SanCor Salud increment\u00f3 un 43% la cantidad de colaboradores\/as, y hoy el equipo est\u00e1 compuesto por m\u00e1s de 2.100 personas de todo el pa\u00eds, en condiciones altamente competitivas para el mercado, en un marco de diversidad y respeto por los derechos humanos.<\/p>\n<p><strong>Sobre Grupo SanCor Salud<\/strong><br \/>\nSomos SanCor Salud, uno de los principales Grupos Empresarios de Medicina Prepaga de capital nacional, l\u00edder en calidad de servicio. Desde nuestros inicios asumimos el compromiso de brindarle a la sociedad un servicio de salud diferencial que cuide a las familias argentinas en los momentos m\u00e1s importantes de su vida. Nuestros m\u00e1s de 300 puntos de atenci\u00f3n en todo el pa\u00eds y la red de profesionales m\u00e1s grande, conformada por m\u00e1s de 203.000 prestadores m\u00e9dico-asistenciales, hacen que alrededor de 700.000 personas y m\u00e1s de 3.500 empresas nos conf\u00edan lo m\u00e1s preciado: su salud y la de los suyos. Para estar cerca, seguimos creciendo y brindando soluciones a trav\u00e9s de diversos productos y coberturas enfocados en proteger el bienestar integral de los diferentes segmentos de la poblaci\u00f3n, individuos y empresas. Nuestros Planes de Salud contemplan desde amplias prestaciones esenciales hasta una L\u00ednea Exclusive, con servicios premium para los m\u00e1s exigentes y nuestra L\u00ednea Empresa enfocada en el segmento corporativo.<\/p>\n","protected":false},"excerpt":{"rendered":"<p>\u25a0 La serie de inauguraciones es parte de una estrategia de expansi\u00f3n en varias plazas como el AMBA y la Provincia de Buenos Aires, que busca fortalecer un mercado llegando a m\u00e1s de 360.000 personas.<\/p>\n","protected":false},"author":16,"featured_media":96314,"comment_status":"open","ping_status":"open","sticky":false,"template":"","format":"standard","meta":{"footnotes":""},"categories":[74],"tags":[1761,690,2963,3869,203,14929,14932,5623,2974,4709,14931,14930,23,3723,14928,71,3200,10958],"class_list":["post-96313","post","type-post","status-publish","format-standard","has-post-thumbnail","hentry","category-emprendimientos","tag-25-de-mayo","tag-ayacucho","tag-azul","tag-benito-juarez","tag-chivilcoy","tag-dorrego","tag-fernando-werlen","tag-general-belgrano","tag-lincoln","tag-los-toldos","tag-madariaga","tag-mar-de-ajo","tag-mercedes","tag-pigue","tag-pringles","tag-salud","tag-sancor-salud","tag-sancor-seguros"],"yoast_head":"<!-- This site is optimized with the Yoast SEO plugin v28.3 - https:\/\/yoast.com\/product\/yoast-seo-wordpress\/ -->\n<title>SanCor Salud desembarca en Mercedes y consolida su presencia en m\u00e1s de 30 localidades de la Provincia\u00a0<\/title>\n<meta name=\"robots\" content=\"index, follow, max-snippet:-1, max-image-preview:large, max-video-preview:-1\" \/>\n<link rel=\"canonical\" href=\"https:\/\/noticiasmercedinas.com\/site\/2022\/08\/02\/sancor-salud-desembarca-en-mercedes-y-consolida-su-presencia-en-mas-de-30-localidades-de-la-provincia\/\" \/>\n<meta property=\"og:locale\" content=\"es_ES\" \/>\n<meta property=\"og:type\" content=\"article\" \/>\n<meta property=\"og:title\" content=\"SanCor Salud desembarca en Mercedes y consolida su presencia en m\u00e1s de 30 localidades de la Provincia\u00a0\" \/>\n<meta property=\"og:description\" content=\"\u25a0 La serie de inauguraciones es parte de una estrategia de expansi\u00f3n en varias plazas como el AMBA y la Provincia de Buenos Aires, que busca fortalecer un mercado llegando a m\u00e1s de 360.000 personas.\" \/>\n<meta property=\"og:url\" content=\"https:\/\/noticiasmercedinas.com\/site\/2022\/08\/02\/sancor-salud-desembarca-en-mercedes-y-consolida-su-presencia-en-mas-de-30-localidades-de-la-provincia\/\" \/>\n<meta property=\"og:site_name\" content=\"NOTICIASMERCEDINAS.COM\" \/>\n<meta property=\"article:publisher\" content=\"https:\/\/www.facebook.com\/noticiasmercedinas\/\" \/>\n<meta property=\"article:published_time\" content=\"2022-08-02T16:35:16+00:00\" \/>\n<meta property=\"og:image\" content=\"https:\/\/noticiasmercedinas.com\/site\/wp-content\/uploads\/2022\/08\/SanCor-Salud-Mercedes.jpeg\" \/>\n\t<meta property=\"og:image:width\" content=\"1600\" \/>\n\t<meta property=\"og:image:height\" content=\"720\" \/>\n\t<meta property=\"og:image:type\" content=\"image\/jpeg\" \/>\n<meta name=\"author\" content=\"NOTICIASMERCEDINAS.COM\" \/>\n<meta name=\"twitter:card\" content=\"summary_large_image\" \/>\n<meta name=\"twitter:creator\" content=\"@notmercedinas\" \/>\n<meta name=\"twitter:site\" content=\"@notmercedinas\" \/>\n<meta name=\"twitter:label1\" content=\"Escrito por\" \/>\n\t<meta name=\"twitter:data1\" content=\"NOTICIASMERCEDINAS.COM\" \/>\n\t<meta name=\"twitter:label2\" content=\"Tiempo de lectura\" \/>\n\t<meta name=\"twitter:data2\" content=\"4 minutos\" \/>\n<script type=\"application\/ld+json\" class=\"yoast-schema-graph\">{\"@context\":\"https:\\\/\\\/schema.org\",\"@graph\":[{\"@type\":\"Article\",\"@id\":\"https:\\\/\\\/noticiasmercedinas.com\\\/site\\\/2022\\\/08\\\/02\\\/sancor-salud-desembarca-en-mercedes-y-consolida-su-presencia-en-mas-de-30-localidades-de-la-provincia\\\/#article\",\"isPartOf\":{\"@id\":\"https:\\\/\\\/noticiasmercedinas.com\\\/site\\\/2022\\\/08\\\/02\\\/sancor-salud-desembarca-en-mercedes-y-consolida-su-presencia-en-mas-de-30-localidades-de-la-provincia\\\/\"},\"author\":{\"name\":\"NOTICIASMERCEDINAS.COM\",\"@id\":\"https:\\\/\\\/noticiasmercedinas.com\\\/site\\\/#\\\/schema\\\/person\\\/84b59c099c28ff2e8b77d4ceec5d8063\"},\"headline\":\"SanCor Salud desembarca en Mercedes y consolida su presencia en m\u00e1s de 30 localidades de la Provincia\u00a0\",\"datePublished\":\"2022-08-02T16:35:16+00:00\",\"mainEntityOfPage\":{\"@id\":\"https:\\\/\\\/noticiasmercedinas.com\\\/site\\\/2022\\\/08\\\/02\\\/sancor-salud-desembarca-en-mercedes-y-consolida-su-presencia-en-mas-de-30-localidades-de-la-provincia\\\/\"},\"wordCount\":835,\"commentCount\":0,\"publisher\":{\"@id\":\"https:\\\/\\\/noticiasmercedinas.com\\\/site\\\/#organization\"},\"image\":{\"@id\":\"https:\\\/\\\/noticiasmercedinas.com\\\/site\\\/2022\\\/08\\\/02\\\/sancor-salud-desembarca-en-mercedes-y-consolida-su-presencia-en-mas-de-30-localidades-de-la-provincia\\\/#primaryimage\"},\"thumbnailUrl\":\"https:\\\/\\\/noticiasmercedinas.com\\\/site\\\/wp-content\\\/uploads\\\/2022\\\/08\\\/SanCor-Salud-Mercedes.jpeg\",\"keywords\":[\"25 de mayo\",\"ayacucho\",\"Azul\",\"benito juarez\",\"chivilcoy\",\"Dorrego\",\"Fernando Werlen\",\"General Belgrano\",\"Lincoln\",\"los toldos\",\"Madariaga\",\"Mar de Aj\u00f3\",\"mercedes\",\"Pig\u00fc\u00e9\",\"Pringles\",\"salud\",\"sancor salud\",\"sancor seguros\"],\"articleSection\":[\"Emprendimientos\"],\"inLanguage\":\"es\",\"potentialAction\":[{\"@type\":\"CommentAction\",\"name\":\"Comment\",\"target\":[\"https:\\\/\\\/noticiasmercedinas.com\\\/site\\\/2022\\\/08\\\/02\\\/sancor-salud-desembarca-en-mercedes-y-consolida-su-presencia-en-mas-de-30-localidades-de-la-provincia\\\/#respond\"]}]},{\"@type\":\"WebPage\",\"@id\":\"https:\\\/\\\/noticiasmercedinas.com\\\/site\\\/2022\\\/08\\\/02\\\/sancor-salud-desembarca-en-mercedes-y-consolida-su-presencia-en-mas-de-30-localidades-de-la-provincia\\\/\",\"url\":\"https:\\\/\\\/noticiasmercedinas.com\\\/site\\\/2022\\\/08\\\/02\\\/sancor-salud-desembarca-en-mercedes-y-consolida-su-presencia-en-mas-de-30-localidades-de-la-provincia\\\/\",\"name\":\"SanCor Salud desembarca en Mercedes y consolida su presencia en m\u00e1s de 30 localidades de la Provincia\u00a0\",\"isPartOf\":{\"@id\":\"https:\\\/\\\/noticiasmercedinas.com\\\/site\\\/#website\"},\"primaryImageOfPage\":{\"@id\":\"https:\\\/\\\/noticiasmercedinas.com\\\/site\\\/2022\\\/08\\\/02\\\/sancor-salud-desembarca-en-mercedes-y-consolida-su-presencia-en-mas-de-30-localidades-de-la-provincia\\\/#primaryimage\"},\"image\":{\"@id\":\"https:\\\/\\\/noticiasmercedinas.com\\\/site\\\/2022\\\/08\\\/02\\\/sancor-salud-desembarca-en-mercedes-y-consolida-su-presencia-en-mas-de-30-localidades-de-la-provincia\\\/#primaryimage\"},\"thumbnailUrl\":\"https:\\\/\\\/noticiasmercedinas.com\\\/site\\\/wp-content\\\/uploads\\\/2022\\\/08\\\/SanCor-Salud-Mercedes.jpeg\",\"datePublished\":\"2022-08-02T16:35:16+00:00\",\"breadcrumb\":{\"@id\":\"https:\\\/\\\/noticiasmercedinas.com\\\/site\\\/2022\\\/08\\\/02\\\/sancor-salud-desembarca-en-mercedes-y-consolida-su-presencia-en-mas-de-30-localidades-de-la-provincia\\\/#breadcrumb\"},\"inLanguage\":\"es\",\"potentialAction\":[{\"@type\":\"ReadAction\",\"target\":[\"https:\\\/\\\/noticiasmercedinas.com\\\/site\\\/2022\\\/08\\\/02\\\/sancor-salud-desembarca-en-mercedes-y-consolida-su-presencia-en-mas-de-30-localidades-de-la-provincia\\\/\"]}]},{\"@type\":\"ImageObject\",\"inLanguage\":\"es\",\"@id\":\"https:\\\/\\\/noticiasmercedinas.com\\\/site\\\/2022\\\/08\\\/02\\\/sancor-salud-desembarca-en-mercedes-y-consolida-su-presencia-en-mas-de-30-localidades-de-la-provincia\\\/#primaryimage\",\"url\":\"https:\\\/\\\/noticiasmercedinas.com\\\/site\\\/wp-content\\\/uploads\\\/2022\\\/08\\\/SanCor-Salud-Mercedes.jpeg\",\"contentUrl\":\"https:\\\/\\\/noticiasmercedinas.com\\\/site\\\/wp-content\\\/uploads\\\/2022\\\/08\\\/SanCor-Salud-Mercedes.jpeg\",\"width\":1600,\"height\":720},{\"@type\":\"BreadcrumbList\",\"@id\":\"https:\\\/\\\/noticiasmercedinas.com\\\/site\\\/2022\\\/08\\\/02\\\/sancor-salud-desembarca-en-mercedes-y-consolida-su-presencia-en-mas-de-30-localidades-de-la-provincia\\\/#breadcrumb\",\"itemListElement\":[{\"@type\":\"ListItem\",\"position\":1,\"name\":\"Portada\",\"item\":\"https:\\\/\\\/noticiasmercedinas.com\\\/site\\\/\"},{\"@type\":\"ListItem\",\"position\":2,\"name\":\"SanCor Salud desembarca en Mercedes y consolida su presencia en m\u00e1s de 30 localidades de la Provincia\u00a0\"}]},{\"@type\":\"WebSite\",\"@id\":\"https:\\\/\\\/noticiasmercedinas.com\\\/site\\\/#website\",\"url\":\"https:\\\/\\\/noticiasmercedinas.com\\\/site\\\/\",\"name\":\"NOTICIASMERCEDINAS.COM\",\"description\":\"Mercedes, Buenos Aires, Argentina\",\"publisher\":{\"@id\":\"https:\\\/\\\/noticiasmercedinas.com\\\/site\\\/#organization\"},\"potentialAction\":[{\"@type\":\"SearchAction\",\"target\":{\"@type\":\"EntryPoint\",\"urlTemplate\":\"https:\\\/\\\/noticiasmercedinas.com\\\/site\\\/?s={search_term_string}\"},\"query-input\":{\"@type\":\"PropertyValueSpecification\",\"valueRequired\":true,\"valueName\":\"search_term_string\"}}],\"inLanguage\":\"es\"},{\"@type\":\"Organization\",\"@id\":\"https:\\\/\\\/noticiasmercedinas.com\\\/site\\\/#organization\",\"name\":\"NOTICIASMERCEDINAS.COM\",\"url\":\"https:\\\/\\\/noticiasmercedinas.com\\\/site\\\/\",\"logo\":{\"@type\":\"ImageObject\",\"inLanguage\":\"es\",\"@id\":\"https:\\\/\\\/noticiasmercedinas.com\\\/site\\\/#\\\/schema\\\/logo\\\/image\\\/\",\"url\":\"https:\\\/\\\/noticiasmercedinas.com\\\/site\\\/wp-content\\\/uploads\\\/2020\\\/06\\\/LOGO-512.jpg\",\"contentUrl\":\"https:\\\/\\\/noticiasmercedinas.com\\\/site\\\/wp-content\\\/uploads\\\/2020\\\/06\\\/LOGO-512.jpg\",\"width\":512,\"height\":512,\"caption\":\"NOTICIASMERCEDINAS.COM\"},\"image\":{\"@id\":\"https:\\\/\\\/noticiasmercedinas.com\\\/site\\\/#\\\/schema\\\/logo\\\/image\\\/\"},\"sameAs\":[\"https:\\\/\\\/www.facebook.com\\\/noticiasmercedinas\\\/\",\"https:\\\/\\\/x.com\\\/notmercedinas\",\"https:\\\/\\\/www.instagram.com\\\/noticiasmercedinas\\\/\"]},{\"@type\":\"Person\",\"@id\":\"https:\\\/\\\/noticiasmercedinas.com\\\/site\\\/#\\\/schema\\\/person\\\/84b59c099c28ff2e8b77d4ceec5d8063\",\"name\":\"NOTICIASMERCEDINAS.COM\",\"image\":{\"@type\":\"ImageObject\",\"inLanguage\":\"es\",\"@id\":\"https:\\\/\\\/secure.gravatar.com\\\/avatar\\\/4dfbf16b4d17945bfb6341b2d19043457132fcf478a5ee04f42e959fd8f5df0a?s=96&d=mm&r=g\",\"url\":\"https:\\\/\\\/secure.gravatar.com\\\/avatar\\\/4dfbf16b4d17945bfb6341b2d19043457132fcf478a5ee04f42e959fd8f5df0a?s=96&d=mm&r=g\",\"contentUrl\":\"https:\\\/\\\/secure.gravatar.com\\\/avatar\\\/4dfbf16b4d17945bfb6341b2d19043457132fcf478a5ee04f42e959fd8f5df0a?s=96&d=mm&r=g\",\"caption\":\"NOTICIASMERCEDINAS.COM\"},\"url\":\"https:\\\/\\\/noticiasmercedinas.com\\\/site\\\/author\\\/anonimo\\\/\"}]}<\/script>\n<!-- \/ Yoast SEO plugin. -->","yoast_head_json":{"title":"SanCor Salud desembarca en Mercedes y consolida su presencia en m\u00e1s de 30 localidades de la Provincia\u00a0","robots":{"index":"index","follow":"follow","max-snippet":"max-snippet:-1","max-image-preview":"max-image-preview:large","max-video-preview":"max-video-preview:-1"},"canonical":"https:\/\/noticiasmercedinas.com\/site\/2022\/08\/02\/sancor-salud-desembarca-en-mercedes-y-consolida-su-presencia-en-mas-de-30-localidades-de-la-provincia\/","og_locale":"es_ES","og_type":"article","og_title":"SanCor Salud desembarca en Mercedes y consolida su presencia en m\u00e1s de 30 localidades de la Provincia\u00a0","og_description":"\u25a0 La serie de inauguraciones es parte de una estrategia de expansi\u00f3n en varias plazas como el AMBA y la Provincia de Buenos Aires, que busca fortalecer un mercado llegando a m\u00e1s de 360.000 personas.","og_url":"https:\/\/noticiasmercedinas.com\/site\/2022\/08\/02\/sancor-salud-desembarca-en-mercedes-y-consolida-su-presencia-en-mas-de-30-localidades-de-la-provincia\/","og_site_name":"NOTICIASMERCEDINAS.COM","article_publisher":"https:\/\/www.facebook.com\/noticiasmercedinas\/","article_published_time":"2022-08-02T16:35:16+00:00","og_image":[{"width":1600,"height":720,"url":"https:\/\/noticiasmercedinas.com\/site\/wp-content\/uploads\/2022\/08\/SanCor-Salud-Mercedes.jpeg","type":"image\/jpeg"}],"author":"NOTICIASMERCEDINAS.COM","twitter_card":"summary_large_image","twitter_creator":"@notmercedinas","twitter_site":"@notmercedinas","twitter_misc":{"Escrito por":"NOTICIASMERCEDINAS.COM","Tiempo de lectura":"4 minutos"},"schema":{"@context":"https:\/\/schema.org","@graph":[{"@type":"Article","@id":"https:\/\/noticiasmercedinas.com\/site\/2022\/08\/02\/sancor-salud-desembarca-en-mercedes-y-consolida-su-presencia-en-mas-de-30-localidades-de-la-provincia\/#article","isPartOf":{"@id":"https:\/\/noticiasmercedinas.com\/site\/2022\/08\/02\/sancor-salud-desembarca-en-mercedes-y-consolida-su-presencia-en-mas-de-30-localidades-de-la-provincia\/"},"author":{"name":"NOTICIASMERCEDINAS.COM","@id":"https:\/\/noticiasmercedinas.com\/site\/#\/schema\/person\/84b59c099c28ff2e8b77d4ceec5d8063"},"headline":"SanCor Salud desembarca en Mercedes y consolida su presencia en m\u00e1s de 30 localidades de la Provincia\u00a0","datePublished":"2022-08-02T16:35:16+00:00","mainEntityOfPage":{"@id":"https:\/\/noticiasmercedinas.com\/site\/2022\/08\/02\/sancor-salud-desembarca-en-mercedes-y-consolida-su-presencia-en-mas-de-30-localidades-de-la-provincia\/"},"wordCount":835,"commentCount":0,"publisher":{"@id":"https:\/\/noticiasmercedinas.com\/site\/#organization"},"image":{"@id":"https:\/\/noticiasmercedinas.com\/site\/2022\/08\/02\/sancor-salud-desembarca-en-mercedes-y-consolida-su-presencia-en-mas-de-30-localidades-de-la-provincia\/#primaryimage"},"thumbnailUrl":"https:\/\/noticiasmercedinas.com\/site\/wp-content\/uploads\/2022\/08\/SanCor-Salud-Mercedes.jpeg","keywords":["25 de mayo","ayacucho","Azul","benito juarez","chivilcoy","Dorrego","Fernando Werlen","General Belgrano","Lincoln","los toldos","Madariaga","Mar de Aj\u00f3","mercedes","Pig\u00fc\u00e9","Pringles","salud","sancor salud","sancor seguros"],"articleSection":["Emprendimientos"],"inLanguage":"es","potentialAction":[{"@type":"CommentAction","name":"Comment","target":["https:\/\/noticiasmercedinas.com\/site\/2022\/08\/02\/sancor-salud-desembarca-en-mercedes-y-consolida-su-presencia-en-mas-de-30-localidades-de-la-provincia\/#respond"]}]},{"@type":"WebPage","@id":"https:\/\/noticiasmercedinas.com\/site\/2022\/08\/02\/sancor-salud-desembarca-en-mercedes-y-consolida-su-presencia-en-mas-de-30-localidades-de-la-provincia\/","url":"https:\/\/noticiasmercedinas.com\/site\/2022\/08\/02\/sancor-salud-desembarca-en-mercedes-y-consolida-su-presencia-en-mas-de-30-localidades-de-la-provincia\/","name":"SanCor Salud desembarca en Mercedes y consolida su presencia en m\u00e1s de 30 localidades de la Provincia\u00a0","isPartOf":{"@id":"https:\/\/noticiasmercedinas.com\/site\/#website"},"primaryImageOfPage":{"@id":"https:\/\/noticiasmercedinas.com\/site\/2022\/08\/02\/sancor-salud-desembarca-en-mercedes-y-consolida-su-presencia-en-mas-de-30-localidades-de-la-provincia\/#primaryimage"},"image":{"@id":"https:\/\/noticiasmercedinas.com\/site\/2022\/08\/02\/sancor-salud-desembarca-en-mercedes-y-consolida-su-presencia-en-mas-de-30-localidades-de-la-provincia\/#primaryimage"},"thumbnailUrl":"https:\/\/noticiasmercedinas.com\/site\/wp-content\/uploads\/2022\/08\/SanCor-Salud-Mercedes.jpeg","datePublished":"2022-08-02T16:35:16+00:00","breadcrumb":{"@id":"https:\/\/noticiasmercedinas.com\/site\/2022\/08\/02\/sancor-salud-desembarca-en-mercedes-y-consolida-su-presencia-en-mas-de-30-localidades-de-la-provincia\/#breadcrumb"},"inLanguage":"es","potentialAction":[{"@type":"ReadAction","target":["https:\/\/noticiasmercedinas.com\/site\/2022\/08\/02\/sancor-salud-desembarca-en-mercedes-y-consolida-su-presencia-en-mas-de-30-localidades-de-la-provincia\/"]}]},{"@type":"ImageObject","inLanguage":"es","@id":"https:\/\/noticiasmercedinas.com\/site\/2022\/08\/02\/sancor-salud-desembarca-en-mercedes-y-consolida-su-presencia-en-mas-de-30-localidades-de-la-provincia\/#primaryimage","url":"https:\/\/noticiasmercedinas.com\/site\/wp-content\/uploads\/2022\/08\/SanCor-Salud-Mercedes.jpeg","contentUrl":"https:\/\/noticiasmercedinas.com\/site\/wp-content\/uploads\/2022\/08\/SanCor-Salud-Mercedes.jpeg","width":1600,"height":720},{"@type":"BreadcrumbList","@id":"https:\/\/noticiasmercedinas.com\/site\/2022\/08\/02\/sancor-salud-desembarca-en-mercedes-y-consolida-su-presencia-en-mas-de-30-localidades-de-la-provincia\/#breadcrumb","itemListElement":[{"@type":"ListItem","position":1,"name":"Portada","item":"https:\/\/noticiasmercedinas.com\/site\/"},{"@type":"ListItem","position":2,"name":"SanCor Salud desembarca en Mercedes y consolida su presencia en m\u00e1s de 30 localidades de la Provincia\u00a0"}]},{"@type":"WebSite","@id":"https:\/\/noticiasmercedinas.com\/site\/#website","url":"https:\/\/noticiasmercedinas.com\/site\/","name":"NOTICIASMERCEDINAS.COM","description":"Mercedes, Buenos Aires, Argentina","publisher":{"@id":"https:\/\/noticiasmercedinas.com\/site\/#organization"},"potentialAction":[{"@type":"SearchAction","target":{"@type":"EntryPoint","urlTemplate":"https:\/\/noticiasmercedinas.com\/site\/?s={search_term_string}"},"query-input":{"@type":"PropertyValueSpecification","valueRequired":true,"valueName":"search_term_string"}}],"inLanguage":"es"},{"@type":"Organization","@id":"https:\/\/noticiasmercedinas.com\/site\/#organization","name":"NOTICIASMERCEDINAS.COM","url":"https:\/\/noticiasmercedinas.com\/site\/","logo":{"@type":"ImageObject","inLanguage":"es","@id":"https:\/\/noticiasmercedinas.com\/site\/#\/schema\/logo\/image\/","url":"https:\/\/noticiasmercedinas.com\/site\/wp-content\/uploads\/2020\/06\/LOGO-512.jpg","contentUrl":"https:\/\/noticiasmercedinas.com\/site\/wp-content\/uploads\/2020\/06\/LOGO-512.jpg","width":512,"height":512,"caption":"NOTICIASMERCEDINAS.COM"},"image":{"@id":"https:\/\/noticiasmercedinas.com\/site\/#\/schema\/logo\/image\/"},"sameAs":["https:\/\/www.facebook.com\/noticiasmercedinas\/","https:\/\/x.com\/notmercedinas","https:\/\/www.instagram.com\/noticiasmercedinas\/"]},{"@type":"Person","@id":"https:\/\/noticiasmercedinas.com\/site\/#\/schema\/person\/84b59c099c28ff2e8b77d4ceec5d8063","name":"NOTICIASMERCEDINAS.COM","image":{"@type":"ImageObject","inLanguage":"es","@id":"https:\/\/secure.gravatar.com\/avatar\/4dfbf16b4d17945bfb6341b2d19043457132fcf478a5ee04f42e959fd8f5df0a?s=96&d=mm&r=g","url":"https:\/\/secure.gravatar.com\/avatar\/4dfbf16b4d17945bfb6341b2d19043457132fcf478a5ee04f42e959fd8f5df0a?s=96&d=mm&r=g","contentUrl":"https:\/\/secure.gravatar.com\/avatar\/4dfbf16b4d17945bfb6341b2d19043457132fcf478a5ee04f42e959fd8f5df0a?s=96&d=mm&r=g","caption":"NOTICIASMERCEDINAS.COM"},"url":"https:\/\/noticiasmercedinas.com\/site\/author\/anonimo\/"}]}},"amp_enabled":true,"_links":{"self":[{"href":"https:\/\/noticiasmercedinas.com\/site\/wp-json\/wp\/v2\/posts\/96313","targetHints":{"allow":["GET"]}}],"collection":[{"href":"https:\/\/noticiasmercedinas.com\/site\/wp-json\/wp\/v2\/posts"}],"about":[{"href":"https:\/\/noticiasmercedinas.com\/site\/wp-json\/wp\/v2\/types\/post"}],"author":[{"embeddable":true,"href":"https:\/\/noticiasmercedinas.com\/site\/wp-json\/wp\/v2\/users\/16"}],"replies":[{"embeddable":true,"href":"https:\/\/noticiasmercedinas.com\/site\/wp-json\/wp\/v2\/comments?post=96313"}],"version-history":[{"count":1,"href":"https:\/\/noticiasmercedinas.com\/site\/wp-json\/wp\/v2\/posts\/96313\/revisions"}],"predecessor-version":[{"id":96315,"href":"https:\/\/noticiasmercedinas.com\/site\/wp-json\/wp\/v2\/posts\/96313\/revisions\/96315"}],"wp:featuredmedia":[{"embeddable":true,"href":"https:\/\/noticiasmercedinas.com\/site\/wp-json\/wp\/v2\/media\/96314"}],"wp:attachment":[{"href":"https:\/\/noticiasmercedinas.com\/site\/wp-json\/wp\/v2\/media?parent=96313"}],"wp:term":[{"taxonomy":"category","embeddable":true,"href":"https:\/\/noticiasmercedinas.com\/site\/wp-json\/wp\/v2\/categories?post=96313"},{"taxonomy":"post_tag","embeddable":true,"href":"https:\/\/noticiasmercedinas.com\/site\/wp-json\/wp\/v2\/tags?post=96313"}],"curies":[{"name":"wp","href":"https:\/\/api.w.org\/{rel}","templated":true}]}}