{"id":96437,"date":"2022-08-04T09:08:52","date_gmt":"2022-08-04T12:08:52","guid":{"rendered":"https:\/\/noticiasmercedinas.com\/site\/?p=96437"},"modified":"2022-08-04T09:11:46","modified_gmt":"2022-08-04T12:11:46","slug":"la-escuela-tecnica-no-1-volvio-a-tener-suministro-de-gas","status":"publish","type":"post","link":"https:\/\/noticiasmercedinas.com\/site\/2022\/08\/04\/la-escuela-tecnica-no-1-volvio-a-tener-suministro-de-gas\/","title":{"rendered":"La Escuela T\u00e9cnica N\u00ba 1 volvi\u00f3 a tener suministro de gas"},"content":{"rendered":"<p><img loading=\"lazy\" decoding=\"async\" class=\"alignnone size-large wp-image-96438\" src=\"https:\/\/noticiasmercedinas.com\/site\/wp-content\/uploads\/2022\/08\/296822223_10225131190899377_8441567585150707708_n-1024x771.jpg\" alt=\"\" width=\"640\" height=\"482\" srcset=\"https:\/\/noticiasmercedinas.com\/site\/wp-content\/uploads\/2022\/08\/296822223_10225131190899377_8441567585150707708_n-1024x771.jpg 1024w, https:\/\/noticiasmercedinas.com\/site\/wp-content\/uploads\/2022\/08\/296822223_10225131190899377_8441567585150707708_n-300x226.jpg 300w, https:\/\/noticiasmercedinas.com\/site\/wp-content\/uploads\/2022\/08\/296822223_10225131190899377_8441567585150707708_n-768x578.jpg 768w, https:\/\/noticiasmercedinas.com\/site\/wp-content\/uploads\/2022\/08\/296822223_10225131190899377_8441567585150707708_n-1536x1157.jpg 1536w, https:\/\/noticiasmercedinas.com\/site\/wp-content\/uploads\/2022\/08\/296822223_10225131190899377_8441567585150707708_n-80x60.jpg 80w, https:\/\/noticiasmercedinas.com\/site\/wp-content\/uploads\/2022\/08\/296822223_10225131190899377_8441567585150707708_n-160x120.jpg 160w, https:\/\/noticiasmercedinas.com\/site\/wp-content\/uploads\/2022\/08\/296822223_10225131190899377_8441567585150707708_n-100x75.jpg 100w, https:\/\/noticiasmercedinas.com\/site\/wp-content\/uploads\/2022\/08\/296822223_10225131190899377_8441567585150707708_n-200x150.jpg 200w, https:\/\/noticiasmercedinas.com\/site\/wp-content\/uploads\/2022\/08\/296822223_10225131190899377_8441567585150707708_n-180x135.jpg 180w, https:\/\/noticiasmercedinas.com\/site\/wp-content\/uploads\/2022\/08\/296822223_10225131190899377_8441567585150707708_n-360x270.jpg 360w, https:\/\/noticiasmercedinas.com\/site\/wp-content\/uploads\/2022\/08\/296822223_10225131190899377_8441567585150707708_n-238x178.jpg 238w, https:\/\/noticiasmercedinas.com\/site\/wp-content\/uploads\/2022\/08\/296822223_10225131190899377_8441567585150707708_n-640x482.jpg 640w, https:\/\/noticiasmercedinas.com\/site\/wp-content\/uploads\/2022\/08\/296822223_10225131190899377_8441567585150707708_n-1280x964.jpg 1280w, https:\/\/noticiasmercedinas.com\/site\/wp-content\/uploads\/2022\/08\/296822223_10225131190899377_8441567585150707708_n-681x513.jpg 681w, https:\/\/noticiasmercedinas.com\/site\/wp-content\/uploads\/2022\/08\/296822223_10225131190899377_8441567585150707708_n-1362x1025.jpg 1362w, https:\/\/noticiasmercedinas.com\/site\/wp-content\/uploads\/2022\/08\/296822223_10225131190899377_8441567585150707708_n.jpg 2048w\" sizes=\"auto, (max-width: 640px) 100vw, 640px\" \/><\/p>\n<p>\u00abTenemos nuevamente gas en la T\u00e9cnica 1\u00bb, anunci\u00f3 con alegr\u00eda el presidente del Consejo Escolar de Mercedes, <strong>Jos\u00e9 Luis Pisano<\/strong>.<\/p>\n<p>Y no es para menos la alegr\u00eda, ya que hubo que hacer muchos trabajos para volver a tener el suministro indispensable en buena parte del viejo edificio, con obras que incluyeron el recambio de ca\u00f1er\u00edas e instalaciones varias.<\/p>\n<p>\u00abEn menos de 2 meses, con un esfuerzo t\u00e9cnico, financiero y f\u00edsico incomparable, durante la ma\u00f1ana de hoy se realiz\u00f3 la inspecci\u00f3n, colocaci\u00f3n de nuevo medidor y puesta en funcionamiento de toda la calefacci\u00f3n\u00bb, confirm\u00f3 Pisano este lunes.<\/p>\n<p>\u00abEn 2021 realizamos una obra millonaria, en la que instalamos calefactores en todos los espacios del \u00e1rea de Teor\u00eda que no funcionaban. Eran unos viejos calefactores catal\u00edticos de mas de 30 a\u00f1os\u00bb, record\u00f3 Pisano este jueves, entrevistado por<em> Noticias Mercedinas. <\/em><\/p>\n<p>\u00abAhora tienen calefactores nuevos en funci\u00f3n de las obras que hab\u00edamos priorizado para Mercedes. Y este a\u00f1o tras una denuncia recibida al sistema de emergencia logramos adaptarnos a las nuevas exigencias que Gas Natural nos impone\u00bb, agreg\u00f3 el presidente de Consejo Escolar de Mercedes.<\/p>\n<p>\u00abDurante este tiempo, como dijimos en su momento, encontramos un soluci\u00f3n temporal a la calefacci\u00f3n que nos permiti\u00f3 proyectar y ejecutar lo necesario y cumplir con el compromiso que asumimos con la comunidad de la escuela\u00bb, destac\u00f3.<\/p>\n","protected":false},"excerpt":{"rendered":"<p>\u25a0 Con un denodado trabajo de varias \u00e1reas, encabezadas por el Consejo Escolar, se lograron adaptar las instalaciones del establecimiento educativo a las exigencias de seguridad que se imponen.<\/p>\n","protected":false},"author":16,"featured_media":96438,"comment_status":"open","ping_status":"open","sticky":false,"template":"","format":"standard","meta":{"footnotes":""},"categories":[3],"tags":[267,2187,336,268],"class_list":["post-96437","post","type-post","status-publish","format-standard","has-post-thumbnail","hentry","category-sociedad","tag-consejo-escolar","tag-escuela-tecnica-1","tag-gas","tag-jose-luis-pisano"],"yoast_head":"<!-- This site is optimized with the Yoast SEO plugin v27.5 - https:\/\/yoast.com\/product\/yoast-seo-wordpress\/ -->\n<title>La Escuela T\u00e9cnica N\u00ba 1 volvi\u00f3 a tener suministro de gas<\/title>\n<meta name=\"robots\" content=\"index, follow, max-snippet:-1, max-image-preview:large, max-video-preview:-1\" \/>\n<link rel=\"canonical\" href=\"https:\/\/noticiasmercedinas.com\/site\/2022\/08\/04\/la-escuela-tecnica-no-1-volvio-a-tener-suministro-de-gas\/\" \/>\n<meta property=\"og:locale\" content=\"es_ES\" \/>\n<meta property=\"og:type\" content=\"article\" \/>\n<meta property=\"og:title\" content=\"La Escuela T\u00e9cnica N\u00ba 1 volvi\u00f3 a tener suministro de gas\" \/>\n<meta property=\"og:description\" content=\"\u25a0 Con un denodado trabajo de varias \u00e1reas, encabezadas por el Consejo Escolar, se lograron adaptar las instalaciones del establecimiento educativo a las exigencias de seguridad que se imponen.\" \/>\n<meta property=\"og:url\" content=\"https:\/\/noticiasmercedinas.com\/site\/2022\/08\/04\/la-escuela-tecnica-no-1-volvio-a-tener-suministro-de-gas\/\" \/>\n<meta property=\"og:site_name\" content=\"NOTICIASMERCEDINAS.COM\" \/>\n<meta property=\"article:publisher\" content=\"https:\/\/www.facebook.com\/noticiasmercedinas\/\" \/>\n<meta property=\"article:published_time\" content=\"2022-08-04T12:08:52+00:00\" \/>\n<meta property=\"article:modified_time\" content=\"2022-08-04T12:11:46+00:00\" \/>\n<meta property=\"og:image\" content=\"https:\/\/noticiasmercedinas.com\/site\/wp-content\/uploads\/2022\/08\/296822223_10225131190899377_8441567585150707708_n.jpg\" \/>\n\t<meta property=\"og:image:width\" content=\"2048\" \/>\n\t<meta property=\"og:image:height\" content=\"1542\" \/>\n\t<meta property=\"og:image:type\" content=\"image\/jpeg\" \/>\n<meta name=\"author\" content=\"NOTICIASMERCEDINAS.COM\" \/>\n<meta name=\"twitter:card\" content=\"summary_large_image\" \/>\n<meta name=\"twitter:creator\" content=\"@notmercedinas\" \/>\n<meta name=\"twitter:site\" content=\"@notmercedinas\" \/>\n<meta name=\"twitter:label1\" content=\"Escrito por\" \/>\n\t<meta name=\"twitter:data1\" content=\"NOTICIASMERCEDINAS.COM\" \/>\n\t<meta name=\"twitter:label2\" content=\"Tiempo de lectura\" \/>\n\t<meta name=\"twitter:data2\" content=\"2 minutos\" \/>\n<script type=\"application\/ld+json\" class=\"yoast-schema-graph\">{\"@context\":\"https:\\\/\\\/schema.org\",\"@graph\":[{\"@type\":\"Article\",\"@id\":\"https:\\\/\\\/noticiasmercedinas.com\\\/site\\\/2022\\\/08\\\/04\\\/la-escuela-tecnica-no-1-volvio-a-tener-suministro-de-gas\\\/#article\",\"isPartOf\":{\"@id\":\"https:\\\/\\\/noticiasmercedinas.com\\\/site\\\/2022\\\/08\\\/04\\\/la-escuela-tecnica-no-1-volvio-a-tener-suministro-de-gas\\\/\"},\"author\":{\"name\":\"NOTICIASMERCEDINAS.COM\",\"@id\":\"https:\\\/\\\/noticiasmercedinas.com\\\/site\\\/#\\\/schema\\\/person\\\/84b59c099c28ff2e8b77d4ceec5d8063\"},\"headline\":\"La Escuela T\u00e9cnica N\u00ba 1 volvi\u00f3 a tener suministro de gas\",\"datePublished\":\"2022-08-04T12:08:52+00:00\",\"dateModified\":\"2022-08-04T12:11:46+00:00\",\"mainEntityOfPage\":{\"@id\":\"https:\\\/\\\/noticiasmercedinas.com\\\/site\\\/2022\\\/08\\\/04\\\/la-escuela-tecnica-no-1-volvio-a-tener-suministro-de-gas\\\/\"},\"wordCount\":243,\"commentCount\":0,\"publisher\":{\"@id\":\"https:\\\/\\\/noticiasmercedinas.com\\\/site\\\/#organization\"},\"image\":{\"@id\":\"https:\\\/\\\/noticiasmercedinas.com\\\/site\\\/2022\\\/08\\\/04\\\/la-escuela-tecnica-no-1-volvio-a-tener-suministro-de-gas\\\/#primaryimage\"},\"thumbnailUrl\":\"https:\\\/\\\/noticiasmercedinas.com\\\/site\\\/wp-content\\\/uploads\\\/2022\\\/08\\\/296822223_10225131190899377_8441567585150707708_n.jpg\",\"keywords\":[\"consejo escolar\",\"escuela tecnica 1\",\"gas\",\"jose luis pisano\"],\"articleSection\":[\"Sociedad\"],\"inLanguage\":\"es\",\"potentialAction\":[{\"@type\":\"CommentAction\",\"name\":\"Comment\",\"target\":[\"https:\\\/\\\/noticiasmercedinas.com\\\/site\\\/2022\\\/08\\\/04\\\/la-escuela-tecnica-no-1-volvio-a-tener-suministro-de-gas\\\/#respond\"]}]},{\"@type\":\"WebPage\",\"@id\":\"https:\\\/\\\/noticiasmercedinas.com\\\/site\\\/2022\\\/08\\\/04\\\/la-escuela-tecnica-no-1-volvio-a-tener-suministro-de-gas\\\/\",\"url\":\"https:\\\/\\\/noticiasmercedinas.com\\\/site\\\/2022\\\/08\\\/04\\\/la-escuela-tecnica-no-1-volvio-a-tener-suministro-de-gas\\\/\",\"name\":\"La Escuela T\u00e9cnica N\u00ba 1 volvi\u00f3 a tener suministro de gas\",\"isPartOf\":{\"@id\":\"https:\\\/\\\/noticiasmercedinas.com\\\/site\\\/#website\"},\"primaryImageOfPage\":{\"@id\":\"https:\\\/\\\/noticiasmercedinas.com\\\/site\\\/2022\\\/08\\\/04\\\/la-escuela-tecnica-no-1-volvio-a-tener-suministro-de-gas\\\/#primaryimage\"},\"image\":{\"@id\":\"https:\\\/\\\/noticiasmercedinas.com\\\/site\\\/2022\\\/08\\\/04\\\/la-escuela-tecnica-no-1-volvio-a-tener-suministro-de-gas\\\/#primaryimage\"},\"thumbnailUrl\":\"https:\\\/\\\/noticiasmercedinas.com\\\/site\\\/wp-content\\\/uploads\\\/2022\\\/08\\\/296822223_10225131190899377_8441567585150707708_n.jpg\",\"datePublished\":\"2022-08-04T12:08:52+00:00\",\"dateModified\":\"2022-08-04T12:11:46+00:00\",\"breadcrumb\":{\"@id\":\"https:\\\/\\\/noticiasmercedinas.com\\\/site\\\/2022\\\/08\\\/04\\\/la-escuela-tecnica-no-1-volvio-a-tener-suministro-de-gas\\\/#breadcrumb\"},\"inLanguage\":\"es\",\"potentialAction\":[{\"@type\":\"ReadAction\",\"target\":[\"https:\\\/\\\/noticiasmercedinas.com\\\/site\\\/2022\\\/08\\\/04\\\/la-escuela-tecnica-no-1-volvio-a-tener-suministro-de-gas\\\/\"]}]},{\"@type\":\"ImageObject\",\"inLanguage\":\"es\",\"@id\":\"https:\\\/\\\/noticiasmercedinas.com\\\/site\\\/2022\\\/08\\\/04\\\/la-escuela-tecnica-no-1-volvio-a-tener-suministro-de-gas\\\/#primaryimage\",\"url\":\"https:\\\/\\\/noticiasmercedinas.com\\\/site\\\/wp-content\\\/uploads\\\/2022\\\/08\\\/296822223_10225131190899377_8441567585150707708_n.jpg\",\"contentUrl\":\"https:\\\/\\\/noticiasmercedinas.com\\\/site\\\/wp-content\\\/uploads\\\/2022\\\/08\\\/296822223_10225131190899377_8441567585150707708_n.jpg\",\"width\":2048,\"height\":1542},{\"@type\":\"BreadcrumbList\",\"@id\":\"https:\\\/\\\/noticiasmercedinas.com\\\/site\\\/2022\\\/08\\\/04\\\/la-escuela-tecnica-no-1-volvio-a-tener-suministro-de-gas\\\/#breadcrumb\",\"itemListElement\":[{\"@type\":\"ListItem\",\"position\":1,\"name\":\"Portada\",\"item\":\"https:\\\/\\\/noticiasmercedinas.com\\\/site\\\/\"},{\"@type\":\"ListItem\",\"position\":2,\"name\":\"La Escuela T\u00e9cnica N\u00ba 1 volvi\u00f3 a tener suministro de gas\"}]},{\"@type\":\"WebSite\",\"@id\":\"https:\\\/\\\/noticiasmercedinas.com\\\/site\\\/#website\",\"url\":\"https:\\\/\\\/noticiasmercedinas.com\\\/site\\\/\",\"name\":\"NOTICIASMERCEDINAS.COM\",\"description\":\"Mercedes, Buenos Aires, Argentina\",\"publisher\":{\"@id\":\"https:\\\/\\\/noticiasmercedinas.com\\\/site\\\/#organization\"},\"potentialAction\":[{\"@type\":\"SearchAction\",\"target\":{\"@type\":\"EntryPoint\",\"urlTemplate\":\"https:\\\/\\\/noticiasmercedinas.com\\\/site\\\/?s={search_term_string}\"},\"query-input\":{\"@type\":\"PropertyValueSpecification\",\"valueRequired\":true,\"valueName\":\"search_term_string\"}}],\"inLanguage\":\"es\"},{\"@type\":\"Organization\",\"@id\":\"https:\\\/\\\/noticiasmercedinas.com\\\/site\\\/#organization\",\"name\":\"NOTICIASMERCEDINAS.COM\",\"url\":\"https:\\\/\\\/noticiasmercedinas.com\\\/site\\\/\",\"logo\":{\"@type\":\"ImageObject\",\"inLanguage\":\"es\",\"@id\":\"https:\\\/\\\/noticiasmercedinas.com\\\/site\\\/#\\\/schema\\\/logo\\\/image\\\/\",\"url\":\"https:\\\/\\\/noticiasmercedinas.com\\\/site\\\/wp-content\\\/uploads\\\/2020\\\/06\\\/LOGO-512.jpg\",\"contentUrl\":\"https:\\\/\\\/noticiasmercedinas.com\\\/site\\\/wp-content\\\/uploads\\\/2020\\\/06\\\/LOGO-512.jpg\",\"width\":512,\"height\":512,\"caption\":\"NOTICIASMERCEDINAS.COM\"},\"image\":{\"@id\":\"https:\\\/\\\/noticiasmercedinas.com\\\/site\\\/#\\\/schema\\\/logo\\\/image\\\/\"},\"sameAs\":[\"https:\\\/\\\/www.facebook.com\\\/noticiasmercedinas\\\/\",\"https:\\\/\\\/x.com\\\/notmercedinas\",\"https:\\\/\\\/www.instagram.com\\\/noticiasmercedinas\\\/\"]},{\"@type\":\"Person\",\"@id\":\"https:\\\/\\\/noticiasmercedinas.com\\\/site\\\/#\\\/schema\\\/person\\\/84b59c099c28ff2e8b77d4ceec5d8063\",\"name\":\"NOTICIASMERCEDINAS.COM\",\"image\":{\"@type\":\"ImageObject\",\"inLanguage\":\"es\",\"@id\":\"https:\\\/\\\/secure.gravatar.com\\\/avatar\\\/4dfbf16b4d17945bfb6341b2d19043457132fcf478a5ee04f42e959fd8f5df0a?s=96&d=mm&r=g\",\"url\":\"https:\\\/\\\/secure.gravatar.com\\\/avatar\\\/4dfbf16b4d17945bfb6341b2d19043457132fcf478a5ee04f42e959fd8f5df0a?s=96&d=mm&r=g\",\"contentUrl\":\"https:\\\/\\\/secure.gravatar.com\\\/avatar\\\/4dfbf16b4d17945bfb6341b2d19043457132fcf478a5ee04f42e959fd8f5df0a?s=96&d=mm&r=g\",\"caption\":\"NOTICIASMERCEDINAS.COM\"},\"url\":\"https:\\\/\\\/noticiasmercedinas.com\\\/site\\\/author\\\/anonimo\\\/\"}]}<\/script>\n<!-- \/ Yoast SEO plugin. -->","yoast_head_json":{"title":"La Escuela T\u00e9cnica N\u00ba 1 volvi\u00f3 a tener suministro de gas","robots":{"index":"index","follow":"follow","max-snippet":"max-snippet:-1","max-image-preview":"max-image-preview:large","max-video-preview":"max-video-preview:-1"},"canonical":"https:\/\/noticiasmercedinas.com\/site\/2022\/08\/04\/la-escuela-tecnica-no-1-volvio-a-tener-suministro-de-gas\/","og_locale":"es_ES","og_type":"article","og_title":"La Escuela T\u00e9cnica N\u00ba 1 volvi\u00f3 a tener suministro de gas","og_description":"\u25a0 Con un denodado trabajo de varias \u00e1reas, encabezadas por el Consejo Escolar, se lograron adaptar las instalaciones del establecimiento educativo a las exigencias de seguridad que se imponen.","og_url":"https:\/\/noticiasmercedinas.com\/site\/2022\/08\/04\/la-escuela-tecnica-no-1-volvio-a-tener-suministro-de-gas\/","og_site_name":"NOTICIASMERCEDINAS.COM","article_publisher":"https:\/\/www.facebook.com\/noticiasmercedinas\/","article_published_time":"2022-08-04T12:08:52+00:00","article_modified_time":"2022-08-04T12:11:46+00:00","og_image":[{"width":2048,"height":1542,"url":"https:\/\/noticiasmercedinas.com\/site\/wp-content\/uploads\/2022\/08\/296822223_10225131190899377_8441567585150707708_n.jpg","type":"image\/jpeg"}],"author":"NOTICIASMERCEDINAS.COM","twitter_card":"summary_large_image","twitter_creator":"@notmercedinas","twitter_site":"@notmercedinas","twitter_misc":{"Escrito por":"NOTICIASMERCEDINAS.COM","Tiempo de lectura":"2 minutos"},"schema":{"@context":"https:\/\/schema.org","@graph":[{"@type":"Article","@id":"https:\/\/noticiasmercedinas.com\/site\/2022\/08\/04\/la-escuela-tecnica-no-1-volvio-a-tener-suministro-de-gas\/#article","isPartOf":{"@id":"https:\/\/noticiasmercedinas.com\/site\/2022\/08\/04\/la-escuela-tecnica-no-1-volvio-a-tener-suministro-de-gas\/"},"author":{"name":"NOTICIASMERCEDINAS.COM","@id":"https:\/\/noticiasmercedinas.com\/site\/#\/schema\/person\/84b59c099c28ff2e8b77d4ceec5d8063"},"headline":"La Escuela T\u00e9cnica N\u00ba 1 volvi\u00f3 a tener suministro de gas","datePublished":"2022-08-04T12:08:52+00:00","dateModified":"2022-08-04T12:11:46+00:00","mainEntityOfPage":{"@id":"https:\/\/noticiasmercedinas.com\/site\/2022\/08\/04\/la-escuela-tecnica-no-1-volvio-a-tener-suministro-de-gas\/"},"wordCount":243,"commentCount":0,"publisher":{"@id":"https:\/\/noticiasmercedinas.com\/site\/#organization"},"image":{"@id":"https:\/\/noticiasmercedinas.com\/site\/2022\/08\/04\/la-escuela-tecnica-no-1-volvio-a-tener-suministro-de-gas\/#primaryimage"},"thumbnailUrl":"https:\/\/noticiasmercedinas.com\/site\/wp-content\/uploads\/2022\/08\/296822223_10225131190899377_8441567585150707708_n.jpg","keywords":["consejo escolar","escuela tecnica 1","gas","jose luis pisano"],"articleSection":["Sociedad"],"inLanguage":"es","potentialAction":[{"@type":"CommentAction","name":"Comment","target":["https:\/\/noticiasmercedinas.com\/site\/2022\/08\/04\/la-escuela-tecnica-no-1-volvio-a-tener-suministro-de-gas\/#respond"]}]},{"@type":"WebPage","@id":"https:\/\/noticiasmercedinas.com\/site\/2022\/08\/04\/la-escuela-tecnica-no-1-volvio-a-tener-suministro-de-gas\/","url":"https:\/\/noticiasmercedinas.com\/site\/2022\/08\/04\/la-escuela-tecnica-no-1-volvio-a-tener-suministro-de-gas\/","name":"La Escuela T\u00e9cnica N\u00ba 1 volvi\u00f3 a tener suministro de gas","isPartOf":{"@id":"https:\/\/noticiasmercedinas.com\/site\/#website"},"primaryImageOfPage":{"@id":"https:\/\/noticiasmercedinas.com\/site\/2022\/08\/04\/la-escuela-tecnica-no-1-volvio-a-tener-suministro-de-gas\/#primaryimage"},"image":{"@id":"https:\/\/noticiasmercedinas.com\/site\/2022\/08\/04\/la-escuela-tecnica-no-1-volvio-a-tener-suministro-de-gas\/#primaryimage"},"thumbnailUrl":"https:\/\/noticiasmercedinas.com\/site\/wp-content\/uploads\/2022\/08\/296822223_10225131190899377_8441567585150707708_n.jpg","datePublished":"2022-08-04T12:08:52+00:00","dateModified":"2022-08-04T12:11:46+00:00","breadcrumb":{"@id":"https:\/\/noticiasmercedinas.com\/site\/2022\/08\/04\/la-escuela-tecnica-no-1-volvio-a-tener-suministro-de-gas\/#breadcrumb"},"inLanguage":"es","potentialAction":[{"@type":"ReadAction","target":["https:\/\/noticiasmercedinas.com\/site\/2022\/08\/04\/la-escuela-tecnica-no-1-volvio-a-tener-suministro-de-gas\/"]}]},{"@type":"ImageObject","inLanguage":"es","@id":"https:\/\/noticiasmercedinas.com\/site\/2022\/08\/04\/la-escuela-tecnica-no-1-volvio-a-tener-suministro-de-gas\/#primaryimage","url":"https:\/\/noticiasmercedinas.com\/site\/wp-content\/uploads\/2022\/08\/296822223_10225131190899377_8441567585150707708_n.jpg","contentUrl":"https:\/\/noticiasmercedinas.com\/site\/wp-content\/uploads\/2022\/08\/296822223_10225131190899377_8441567585150707708_n.jpg","width":2048,"height":1542},{"@type":"BreadcrumbList","@id":"https:\/\/noticiasmercedinas.com\/site\/2022\/08\/04\/la-escuela-tecnica-no-1-volvio-a-tener-suministro-de-gas\/#breadcrumb","itemListElement":[{"@type":"ListItem","position":1,"name":"Portada","item":"https:\/\/noticiasmercedinas.com\/site\/"},{"@type":"ListItem","position":2,"name":"La Escuela T\u00e9cnica N\u00ba 1 volvi\u00f3 a tener suministro de gas"}]},{"@type":"WebSite","@id":"https:\/\/noticiasmercedinas.com\/site\/#website","url":"https:\/\/noticiasmercedinas.com\/site\/","name":"NOTICIASMERCEDINAS.COM","description":"Mercedes, Buenos Aires, Argentina","publisher":{"@id":"https:\/\/noticiasmercedinas.com\/site\/#organization"},"potentialAction":[{"@type":"SearchAction","target":{"@type":"EntryPoint","urlTemplate":"https:\/\/noticiasmercedinas.com\/site\/?s={search_term_string}"},"query-input":{"@type":"PropertyValueSpecification","valueRequired":true,"valueName":"search_term_string"}}],"inLanguage":"es"},{"@type":"Organization","@id":"https:\/\/noticiasmercedinas.com\/site\/#organization","name":"NOTICIASMERCEDINAS.COM","url":"https:\/\/noticiasmercedinas.com\/site\/","logo":{"@type":"ImageObject","inLanguage":"es","@id":"https:\/\/noticiasmercedinas.com\/site\/#\/schema\/logo\/image\/","url":"https:\/\/noticiasmercedinas.com\/site\/wp-content\/uploads\/2020\/06\/LOGO-512.jpg","contentUrl":"https:\/\/noticiasmercedinas.com\/site\/wp-content\/uploads\/2020\/06\/LOGO-512.jpg","width":512,"height":512,"caption":"NOTICIASMERCEDINAS.COM"},"image":{"@id":"https:\/\/noticiasmercedinas.com\/site\/#\/schema\/logo\/image\/"},"sameAs":["https:\/\/www.facebook.com\/noticiasmercedinas\/","https:\/\/x.com\/notmercedinas","https:\/\/www.instagram.com\/noticiasmercedinas\/"]},{"@type":"Person","@id":"https:\/\/noticiasmercedinas.com\/site\/#\/schema\/person\/84b59c099c28ff2e8b77d4ceec5d8063","name":"NOTICIASMERCEDINAS.COM","image":{"@type":"ImageObject","inLanguage":"es","@id":"https:\/\/secure.gravatar.com\/avatar\/4dfbf16b4d17945bfb6341b2d19043457132fcf478a5ee04f42e959fd8f5df0a?s=96&d=mm&r=g","url":"https:\/\/secure.gravatar.com\/avatar\/4dfbf16b4d17945bfb6341b2d19043457132fcf478a5ee04f42e959fd8f5df0a?s=96&d=mm&r=g","contentUrl":"https:\/\/secure.gravatar.com\/avatar\/4dfbf16b4d17945bfb6341b2d19043457132fcf478a5ee04f42e959fd8f5df0a?s=96&d=mm&r=g","caption":"NOTICIASMERCEDINAS.COM"},"url":"https:\/\/noticiasmercedinas.com\/site\/author\/anonimo\/"}]}},"amp_enabled":true,"_links":{"self":[{"href":"https:\/\/noticiasmercedinas.com\/site\/wp-json\/wp\/v2\/posts\/96437","targetHints":{"allow":["GET"]}}],"collection":[{"href":"https:\/\/noticiasmercedinas.com\/site\/wp-json\/wp\/v2\/posts"}],"about":[{"href":"https:\/\/noticiasmercedinas.com\/site\/wp-json\/wp\/v2\/types\/post"}],"author":[{"embeddable":true,"href":"https:\/\/noticiasmercedinas.com\/site\/wp-json\/wp\/v2\/users\/16"}],"replies":[{"embeddable":true,"href":"https:\/\/noticiasmercedinas.com\/site\/wp-json\/wp\/v2\/comments?post=96437"}],"version-history":[{"count":1,"href":"https:\/\/noticiasmercedinas.com\/site\/wp-json\/wp\/v2\/posts\/96437\/revisions"}],"predecessor-version":[{"id":96441,"href":"https:\/\/noticiasmercedinas.com\/site\/wp-json\/wp\/v2\/posts\/96437\/revisions\/96441"}],"wp:featuredmedia":[{"embeddable":true,"href":"https:\/\/noticiasmercedinas.com\/site\/wp-json\/wp\/v2\/media\/96438"}],"wp:attachment":[{"href":"https:\/\/noticiasmercedinas.com\/site\/wp-json\/wp\/v2\/media?parent=96437"}],"wp:term":[{"taxonomy":"category","embeddable":true,"href":"https:\/\/noticiasmercedinas.com\/site\/wp-json\/wp\/v2\/categories?post=96437"},{"taxonomy":"post_tag","embeddable":true,"href":"https:\/\/noticiasmercedinas.com\/site\/wp-json\/wp\/v2\/tags?post=96437"}],"curies":[{"name":"wp","href":"https:\/\/api.w.org\/{rel}","templated":true}]}}