{"id":96720,"date":"2022-08-07T19:58:42","date_gmt":"2022-08-07T22:58:42","guid":{"rendered":"https:\/\/noticiasmercedinas.com\/site\/?p=96720"},"modified":"2022-08-07T19:58:42","modified_gmt":"2022-08-07T22:58:42","slug":"el-fronton-rojo-y-azul-mas-el-timon-lideran-en-el-femenino","status":"publish","type":"post","link":"https:\/\/noticiasmercedinas.com\/site\/2022\/08\/07\/el-fronton-rojo-y-azul-mas-el-timon-lideran-en-el-femenino\/","title":{"rendered":"El Front\u00f3n Rojo y Azul m\u00e1s El Tim\u00f3n lideran en el femenino"},"content":{"rendered":"<figure id=\"attachment_96721\" aria-describedby=\"caption-attachment-96721\" style=\"width: 640px\" class=\"wp-caption alignnone\"><img loading=\"lazy\" decoding=\"async\" class=\"wp-image-96721 size-full\" src=\"https:\/\/noticiasmercedinas.com\/site\/wp-content\/uploads\/2022\/08\/IMG_5510.jpg\" alt=\"\" width=\"640\" height=\"450\" srcset=\"https:\/\/noticiasmercedinas.com\/site\/wp-content\/uploads\/2022\/08\/IMG_5510.jpg 640w, https:\/\/noticiasmercedinas.com\/site\/wp-content\/uploads\/2022\/08\/IMG_5510-300x211.jpg 300w\" sizes=\"auto, (max-width: 640px) 100vw, 640px\" \/><figcaption id=\"caption-attachment-96721\" class=\"wp-caption-text\">El Front\u00f3n Azul, uno de los punteros.<\/figcaption><\/figure>\n<p>Fue el turno de la sexta fecha del f\u00fatbol femenino de Primera divisi\u00f3n, un torneo de la Liga Mercedina que tuvo en la jornada del s\u00e1bado 6 como libres a Club Mercedes, Estudiantes y Los Carteros. Una jornada donde ganaron los dos equipos de El Front\u00f3n, tambi\u00e9n lo hizo Pabell\u00f3n y El Tim\u00f3n mientras que entre Atl\u00e9tico Marcos Paz y Palometas repartieron puntos, vivi\u00e9ndose hasta all\u00ed encuentros en busca de ganar lugares en la tabla.<br \/>\n<strong><br \/>\n<\/strong>El dato negativo de la jornada se dio en el encuentro que afrontaban AMEFIP San Mart\u00edn y Defensores Juniors, reedit\u00e1ndose la final de la Copa de Plata que tuvo el pasado certamen. El juego termin\u00f3 siendo suspendido cuando por causas que se tratan de establecer jugadoras, no todas, se trenzaron en una pelea que termin\u00f3 empa\u00f1ando la jornada. Clave ser\u00e1 el informe del \u00e1rbitro para dilucidar a las participantes del incidente. \u00a0<strong><\/p>\n<p>Trocha 1:<\/strong> Jorgelina Landini.<br \/>\n<strong>El Tim\u00f3n 2<\/strong>.<\/p>\n<p><strong>Atl\u00e9tico Marcos Paz 1: <\/strong>Carolina Acevedo.<strong><br \/>\nPalometas 1:<\/strong> Mariel Crivella.<strong><\/p>\n<p>Pabell\u00f3n 2:<\/strong> Mar\u00eda Rodr\u00edguez Salvado y Josefina Santamar\u00eda.<br \/>\n<strong>Gowland 0<\/strong>.<\/p>\n<p><strong>El Front\u00f3n Rojo 2:<\/strong> Mar\u00edas Funes y Luciana L\u00f3pez.<br \/>\n<strong>V\u00e9lez 0<\/strong>.<\/p>\n<p><strong>El Front\u00f3n Azul 1:<\/strong> Juliana Rojas.<br \/>\n<strong>Flandria 0<\/strong>.<\/p>\n<p><strong>Posiciones<\/strong><strong><br \/>\nZona A:<\/strong>\u00a01\u00b0 El Front\u00f3n Azul 10 puntos, 2\u00b0 AMEFIP San Mart\u00edn 9, 3\u00b0 Flandria 4, 4\u00b0 Defensores y Mercedes 3 unidades.<\/p>\n<p><strong>Zona B:<\/strong>\u00a01\u00b0 El Tim\u00f3n 10 puntos, 2\u00b0 Palometas 5, 3\u00b0 Trocha 4, 4\u00b0 Estudiantes\u00a0 y Atl\u00e9tico Marcos Paz 3 unidades.<\/p>\n<p><strong>Zona C:<\/strong>\u00a01\u00b0 Front\u00f3n Rojo 12 puntos, 2\u00b0 Pabell\u00f3n 9, 3\u00b0 V\u00e9lez 6, 4\u00b0 Gowland 3 y 5\u00b0 Los Carteros 0 unidad.<\/p>\n<p><strong>Pr\u00f3xima fecha<\/strong><br \/>\nFlandria vs. AMEFIP San Mart\u00edn.<br \/>\nClub Mercedes vs. El Front\u00f3n Azul.<br \/>\nEl Tim\u00f3n vs. Atl\u00e9tico Marcos Paz<br \/>\nEstudiante vs. Trocha.<br \/>\nLos Carteros vs. El Front\u00f3n.<br \/>\nV\u00e9lez vs. Pabell\u00f3n.<\/p>\n<p><strong>Libres:<\/strong> Club Mercedes, Palometas y Deportivo Gowland.<\/p>\n","protected":false},"excerpt":{"rendered":"<p>\u25a0 Son los punteros de cada uno de las tres zonas de Primera. Fue suspendido por incidentes entre jugadoras el partido de AMEFIP San Mart\u00edn y Defensores.<\/p>\n","protected":false},"author":6,"featured_media":96721,"comment_status":"open","ping_status":"open","sticky":false,"template":"","format":"standard","meta":{"footnotes":""},"categories":[5],"tags":[751,3346,14177],"class_list":["post-96720","post","type-post","status-publish","format-standard","has-post-thumbnail","hentry","category-deportes","tag-futbol-femenino","tag-liga-mercedina-de-futbol","tag-primera-division"],"yoast_head":"<!-- This site is optimized with the Yoast SEO plugin v27.5 - https:\/\/yoast.com\/product\/yoast-seo-wordpress\/ -->\n<title>El Front\u00f3n Rojo y Azul m\u00e1s El Tim\u00f3n lideran en el femenino<\/title>\n<meta name=\"robots\" content=\"index, follow, max-snippet:-1, max-image-preview:large, max-video-preview:-1\" \/>\n<link rel=\"canonical\" href=\"https:\/\/noticiasmercedinas.com\/site\/2022\/08\/07\/el-fronton-rojo-y-azul-mas-el-timon-lideran-en-el-femenino\/\" \/>\n<meta property=\"og:locale\" content=\"es_ES\" \/>\n<meta property=\"og:type\" content=\"article\" \/>\n<meta property=\"og:title\" content=\"El Front\u00f3n Rojo y Azul m\u00e1s El Tim\u00f3n lideran en el femenino\" \/>\n<meta property=\"og:description\" content=\"\u25a0 Son los punteros de cada uno de las tres zonas de Primera. Fue suspendido por incidentes entre jugadoras el partido de AMEFIP San Mart\u00edn y Defensores.\" \/>\n<meta property=\"og:url\" content=\"https:\/\/noticiasmercedinas.com\/site\/2022\/08\/07\/el-fronton-rojo-y-azul-mas-el-timon-lideran-en-el-femenino\/\" \/>\n<meta property=\"og:site_name\" content=\"NOTICIASMERCEDINAS.COM\" \/>\n<meta property=\"article:publisher\" content=\"https:\/\/www.facebook.com\/noticiasmercedinas\/\" \/>\n<meta property=\"article:published_time\" content=\"2022-08-07T22:58:42+00:00\" \/>\n<meta property=\"og:image\" content=\"https:\/\/noticiasmercedinas.com\/site\/wp-content\/uploads\/2022\/08\/IMG_5510.jpg\" \/>\n\t<meta property=\"og:image:width\" content=\"640\" \/>\n\t<meta property=\"og:image:height\" content=\"450\" \/>\n\t<meta property=\"og:image:type\" content=\"image\/jpeg\" \/>\n<meta name=\"author\" content=\"Juan Dagnino NOTICIASMERCEDINAS.COM\" \/>\n<meta name=\"twitter:card\" content=\"summary_large_image\" \/>\n<meta name=\"twitter:creator\" content=\"@notmercedinas\" \/>\n<meta name=\"twitter:site\" content=\"@notmercedinas\" \/>\n<meta name=\"twitter:label1\" content=\"Escrito por\" \/>\n\t<meta name=\"twitter:data1\" content=\"Juan Dagnino NOTICIASMERCEDINAS.COM\" \/>\n\t<meta name=\"twitter:label2\" content=\"Tiempo de lectura\" \/>\n\t<meta name=\"twitter:data2\" content=\"2 minutos\" \/>\n<script type=\"application\/ld+json\" class=\"yoast-schema-graph\">{\"@context\":\"https:\\\/\\\/schema.org\",\"@graph\":[{\"@type\":\"Article\",\"@id\":\"https:\\\/\\\/noticiasmercedinas.com\\\/site\\\/2022\\\/08\\\/07\\\/el-fronton-rojo-y-azul-mas-el-timon-lideran-en-el-femenino\\\/#article\",\"isPartOf\":{\"@id\":\"https:\\\/\\\/noticiasmercedinas.com\\\/site\\\/2022\\\/08\\\/07\\\/el-fronton-rojo-y-azul-mas-el-timon-lideran-en-el-femenino\\\/\"},\"author\":{\"name\":\"Juan Dagnino NOTICIASMERCEDINAS.COM\",\"@id\":\"https:\\\/\\\/noticiasmercedinas.com\\\/site\\\/#\\\/schema\\\/person\\\/8f2f09d666ef40986eba4a5e6f2a06f9\"},\"headline\":\"El Front\u00f3n Rojo y Azul m\u00e1s El Tim\u00f3n lideran en el femenino\",\"datePublished\":\"2022-08-07T22:58:42+00:00\",\"mainEntityOfPage\":{\"@id\":\"https:\\\/\\\/noticiasmercedinas.com\\\/site\\\/2022\\\/08\\\/07\\\/el-fronton-rojo-y-azul-mas-el-timon-lideran-en-el-femenino\\\/\"},\"wordCount\":326,\"commentCount\":0,\"publisher\":{\"@id\":\"https:\\\/\\\/noticiasmercedinas.com\\\/site\\\/#organization\"},\"image\":{\"@id\":\"https:\\\/\\\/noticiasmercedinas.com\\\/site\\\/2022\\\/08\\\/07\\\/el-fronton-rojo-y-azul-mas-el-timon-lideran-en-el-femenino\\\/#primaryimage\"},\"thumbnailUrl\":\"https:\\\/\\\/noticiasmercedinas.com\\\/site\\\/wp-content\\\/uploads\\\/2022\\\/08\\\/IMG_5510.jpg\",\"keywords\":[\"f\u00fatbol femenino\",\"Liga Mercedina de F\u00fatbol\",\"primera divisi\u00f3n\"],\"articleSection\":[\"Deportes\"],\"inLanguage\":\"es\",\"potentialAction\":[{\"@type\":\"CommentAction\",\"name\":\"Comment\",\"target\":[\"https:\\\/\\\/noticiasmercedinas.com\\\/site\\\/2022\\\/08\\\/07\\\/el-fronton-rojo-y-azul-mas-el-timon-lideran-en-el-femenino\\\/#respond\"]}]},{\"@type\":\"WebPage\",\"@id\":\"https:\\\/\\\/noticiasmercedinas.com\\\/site\\\/2022\\\/08\\\/07\\\/el-fronton-rojo-y-azul-mas-el-timon-lideran-en-el-femenino\\\/\",\"url\":\"https:\\\/\\\/noticiasmercedinas.com\\\/site\\\/2022\\\/08\\\/07\\\/el-fronton-rojo-y-azul-mas-el-timon-lideran-en-el-femenino\\\/\",\"name\":\"El Front\u00f3n Rojo y Azul m\u00e1s El Tim\u00f3n lideran en el femenino\",\"isPartOf\":{\"@id\":\"https:\\\/\\\/noticiasmercedinas.com\\\/site\\\/#website\"},\"primaryImageOfPage\":{\"@id\":\"https:\\\/\\\/noticiasmercedinas.com\\\/site\\\/2022\\\/08\\\/07\\\/el-fronton-rojo-y-azul-mas-el-timon-lideran-en-el-femenino\\\/#primaryimage\"},\"image\":{\"@id\":\"https:\\\/\\\/noticiasmercedinas.com\\\/site\\\/2022\\\/08\\\/07\\\/el-fronton-rojo-y-azul-mas-el-timon-lideran-en-el-femenino\\\/#primaryimage\"},\"thumbnailUrl\":\"https:\\\/\\\/noticiasmercedinas.com\\\/site\\\/wp-content\\\/uploads\\\/2022\\\/08\\\/IMG_5510.jpg\",\"datePublished\":\"2022-08-07T22:58:42+00:00\",\"breadcrumb\":{\"@id\":\"https:\\\/\\\/noticiasmercedinas.com\\\/site\\\/2022\\\/08\\\/07\\\/el-fronton-rojo-y-azul-mas-el-timon-lideran-en-el-femenino\\\/#breadcrumb\"},\"inLanguage\":\"es\",\"potentialAction\":[{\"@type\":\"ReadAction\",\"target\":[\"https:\\\/\\\/noticiasmercedinas.com\\\/site\\\/2022\\\/08\\\/07\\\/el-fronton-rojo-y-azul-mas-el-timon-lideran-en-el-femenino\\\/\"]}]},{\"@type\":\"ImageObject\",\"inLanguage\":\"es\",\"@id\":\"https:\\\/\\\/noticiasmercedinas.com\\\/site\\\/2022\\\/08\\\/07\\\/el-fronton-rojo-y-azul-mas-el-timon-lideran-en-el-femenino\\\/#primaryimage\",\"url\":\"https:\\\/\\\/noticiasmercedinas.com\\\/site\\\/wp-content\\\/uploads\\\/2022\\\/08\\\/IMG_5510.jpg\",\"contentUrl\":\"https:\\\/\\\/noticiasmercedinas.com\\\/site\\\/wp-content\\\/uploads\\\/2022\\\/08\\\/IMG_5510.jpg\",\"width\":640,\"height\":450},{\"@type\":\"BreadcrumbList\",\"@id\":\"https:\\\/\\\/noticiasmercedinas.com\\\/site\\\/2022\\\/08\\\/07\\\/el-fronton-rojo-y-azul-mas-el-timon-lideran-en-el-femenino\\\/#breadcrumb\",\"itemListElement\":[{\"@type\":\"ListItem\",\"position\":1,\"name\":\"Portada\",\"item\":\"https:\\\/\\\/noticiasmercedinas.com\\\/site\\\/\"},{\"@type\":\"ListItem\",\"position\":2,\"name\":\"El Front\u00f3n Rojo y Azul m\u00e1s El Tim\u00f3n lideran en el femenino\"}]},{\"@type\":\"WebSite\",\"@id\":\"https:\\\/\\\/noticiasmercedinas.com\\\/site\\\/#website\",\"url\":\"https:\\\/\\\/noticiasmercedinas.com\\\/site\\\/\",\"name\":\"NOTICIASMERCEDINAS.COM\",\"description\":\"Mercedes, Buenos Aires, Argentina\",\"publisher\":{\"@id\":\"https:\\\/\\\/noticiasmercedinas.com\\\/site\\\/#organization\"},\"potentialAction\":[{\"@type\":\"SearchAction\",\"target\":{\"@type\":\"EntryPoint\",\"urlTemplate\":\"https:\\\/\\\/noticiasmercedinas.com\\\/site\\\/?s={search_term_string}\"},\"query-input\":{\"@type\":\"PropertyValueSpecification\",\"valueRequired\":true,\"valueName\":\"search_term_string\"}}],\"inLanguage\":\"es\"},{\"@type\":\"Organization\",\"@id\":\"https:\\\/\\\/noticiasmercedinas.com\\\/site\\\/#organization\",\"name\":\"NOTICIASMERCEDINAS.COM\",\"url\":\"https:\\\/\\\/noticiasmercedinas.com\\\/site\\\/\",\"logo\":{\"@type\":\"ImageObject\",\"inLanguage\":\"es\",\"@id\":\"https:\\\/\\\/noticiasmercedinas.com\\\/site\\\/#\\\/schema\\\/logo\\\/image\\\/\",\"url\":\"https:\\\/\\\/noticiasmercedinas.com\\\/site\\\/wp-content\\\/uploads\\\/2020\\\/06\\\/LOGO-512.jpg\",\"contentUrl\":\"https:\\\/\\\/noticiasmercedinas.com\\\/site\\\/wp-content\\\/uploads\\\/2020\\\/06\\\/LOGO-512.jpg\",\"width\":512,\"height\":512,\"caption\":\"NOTICIASMERCEDINAS.COM\"},\"image\":{\"@id\":\"https:\\\/\\\/noticiasmercedinas.com\\\/site\\\/#\\\/schema\\\/logo\\\/image\\\/\"},\"sameAs\":[\"https:\\\/\\\/www.facebook.com\\\/noticiasmercedinas\\\/\",\"https:\\\/\\\/x.com\\\/notmercedinas\",\"https:\\\/\\\/www.instagram.com\\\/noticiasmercedinas\\\/\"]},{\"@type\":\"Person\",\"@id\":\"https:\\\/\\\/noticiasmercedinas.com\\\/site\\\/#\\\/schema\\\/person\\\/8f2f09d666ef40986eba4a5e6f2a06f9\",\"name\":\"Juan Dagnino NOTICIASMERCEDINAS.COM\",\"image\":{\"@type\":\"ImageObject\",\"inLanguage\":\"es\",\"@id\":\"https:\\\/\\\/secure.gravatar.com\\\/avatar\\\/fc7059a769f5a3cae65fadb228a3e4accf3a64b4b2305020d0a27e6d5333c91b?s=96&d=mm&r=g\",\"url\":\"https:\\\/\\\/secure.gravatar.com\\\/avatar\\\/fc7059a769f5a3cae65fadb228a3e4accf3a64b4b2305020d0a27e6d5333c91b?s=96&d=mm&r=g\",\"contentUrl\":\"https:\\\/\\\/secure.gravatar.com\\\/avatar\\\/fc7059a769f5a3cae65fadb228a3e4accf3a64b4b2305020d0a27e6d5333c91b?s=96&d=mm&r=g\",\"caption\":\"Juan Dagnino NOTICIASMERCEDINAS.COM\"},\"url\":\"https:\\\/\\\/noticiasmercedinas.com\\\/site\\\/author\\\/juandagnino\\\/\"}]}<\/script>\n<!-- \/ Yoast SEO plugin. -->","yoast_head_json":{"title":"El Front\u00f3n Rojo y Azul m\u00e1s El Tim\u00f3n lideran en el femenino","robots":{"index":"index","follow":"follow","max-snippet":"max-snippet:-1","max-image-preview":"max-image-preview:large","max-video-preview":"max-video-preview:-1"},"canonical":"https:\/\/noticiasmercedinas.com\/site\/2022\/08\/07\/el-fronton-rojo-y-azul-mas-el-timon-lideran-en-el-femenino\/","og_locale":"es_ES","og_type":"article","og_title":"El Front\u00f3n Rojo y Azul m\u00e1s El Tim\u00f3n lideran en el femenino","og_description":"\u25a0 Son los punteros de cada uno de las tres zonas de Primera. Fue suspendido por incidentes entre jugadoras el partido de AMEFIP San Mart\u00edn y Defensores.","og_url":"https:\/\/noticiasmercedinas.com\/site\/2022\/08\/07\/el-fronton-rojo-y-azul-mas-el-timon-lideran-en-el-femenino\/","og_site_name":"NOTICIASMERCEDINAS.COM","article_publisher":"https:\/\/www.facebook.com\/noticiasmercedinas\/","article_published_time":"2022-08-07T22:58:42+00:00","og_image":[{"width":640,"height":450,"url":"https:\/\/noticiasmercedinas.com\/site\/wp-content\/uploads\/2022\/08\/IMG_5510.jpg","type":"image\/jpeg"}],"author":"Juan Dagnino NOTICIASMERCEDINAS.COM","twitter_card":"summary_large_image","twitter_creator":"@notmercedinas","twitter_site":"@notmercedinas","twitter_misc":{"Escrito por":"Juan Dagnino NOTICIASMERCEDINAS.COM","Tiempo de lectura":"2 minutos"},"schema":{"@context":"https:\/\/schema.org","@graph":[{"@type":"Article","@id":"https:\/\/noticiasmercedinas.com\/site\/2022\/08\/07\/el-fronton-rojo-y-azul-mas-el-timon-lideran-en-el-femenino\/#article","isPartOf":{"@id":"https:\/\/noticiasmercedinas.com\/site\/2022\/08\/07\/el-fronton-rojo-y-azul-mas-el-timon-lideran-en-el-femenino\/"},"author":{"name":"Juan Dagnino NOTICIASMERCEDINAS.COM","@id":"https:\/\/noticiasmercedinas.com\/site\/#\/schema\/person\/8f2f09d666ef40986eba4a5e6f2a06f9"},"headline":"El Front\u00f3n Rojo y Azul m\u00e1s El Tim\u00f3n lideran en el femenino","datePublished":"2022-08-07T22:58:42+00:00","mainEntityOfPage":{"@id":"https:\/\/noticiasmercedinas.com\/site\/2022\/08\/07\/el-fronton-rojo-y-azul-mas-el-timon-lideran-en-el-femenino\/"},"wordCount":326,"commentCount":0,"publisher":{"@id":"https:\/\/noticiasmercedinas.com\/site\/#organization"},"image":{"@id":"https:\/\/noticiasmercedinas.com\/site\/2022\/08\/07\/el-fronton-rojo-y-azul-mas-el-timon-lideran-en-el-femenino\/#primaryimage"},"thumbnailUrl":"https:\/\/noticiasmercedinas.com\/site\/wp-content\/uploads\/2022\/08\/IMG_5510.jpg","keywords":["f\u00fatbol femenino","Liga Mercedina de F\u00fatbol","primera divisi\u00f3n"],"articleSection":["Deportes"],"inLanguage":"es","potentialAction":[{"@type":"CommentAction","name":"Comment","target":["https:\/\/noticiasmercedinas.com\/site\/2022\/08\/07\/el-fronton-rojo-y-azul-mas-el-timon-lideran-en-el-femenino\/#respond"]}]},{"@type":"WebPage","@id":"https:\/\/noticiasmercedinas.com\/site\/2022\/08\/07\/el-fronton-rojo-y-azul-mas-el-timon-lideran-en-el-femenino\/","url":"https:\/\/noticiasmercedinas.com\/site\/2022\/08\/07\/el-fronton-rojo-y-azul-mas-el-timon-lideran-en-el-femenino\/","name":"El Front\u00f3n Rojo y Azul m\u00e1s El Tim\u00f3n lideran en el femenino","isPartOf":{"@id":"https:\/\/noticiasmercedinas.com\/site\/#website"},"primaryImageOfPage":{"@id":"https:\/\/noticiasmercedinas.com\/site\/2022\/08\/07\/el-fronton-rojo-y-azul-mas-el-timon-lideran-en-el-femenino\/#primaryimage"},"image":{"@id":"https:\/\/noticiasmercedinas.com\/site\/2022\/08\/07\/el-fronton-rojo-y-azul-mas-el-timon-lideran-en-el-femenino\/#primaryimage"},"thumbnailUrl":"https:\/\/noticiasmercedinas.com\/site\/wp-content\/uploads\/2022\/08\/IMG_5510.jpg","datePublished":"2022-08-07T22:58:42+00:00","breadcrumb":{"@id":"https:\/\/noticiasmercedinas.com\/site\/2022\/08\/07\/el-fronton-rojo-y-azul-mas-el-timon-lideran-en-el-femenino\/#breadcrumb"},"inLanguage":"es","potentialAction":[{"@type":"ReadAction","target":["https:\/\/noticiasmercedinas.com\/site\/2022\/08\/07\/el-fronton-rojo-y-azul-mas-el-timon-lideran-en-el-femenino\/"]}]},{"@type":"ImageObject","inLanguage":"es","@id":"https:\/\/noticiasmercedinas.com\/site\/2022\/08\/07\/el-fronton-rojo-y-azul-mas-el-timon-lideran-en-el-femenino\/#primaryimage","url":"https:\/\/noticiasmercedinas.com\/site\/wp-content\/uploads\/2022\/08\/IMG_5510.jpg","contentUrl":"https:\/\/noticiasmercedinas.com\/site\/wp-content\/uploads\/2022\/08\/IMG_5510.jpg","width":640,"height":450},{"@type":"BreadcrumbList","@id":"https:\/\/noticiasmercedinas.com\/site\/2022\/08\/07\/el-fronton-rojo-y-azul-mas-el-timon-lideran-en-el-femenino\/#breadcrumb","itemListElement":[{"@type":"ListItem","position":1,"name":"Portada","item":"https:\/\/noticiasmercedinas.com\/site\/"},{"@type":"ListItem","position":2,"name":"El Front\u00f3n Rojo y Azul m\u00e1s El Tim\u00f3n lideran en el femenino"}]},{"@type":"WebSite","@id":"https:\/\/noticiasmercedinas.com\/site\/#website","url":"https:\/\/noticiasmercedinas.com\/site\/","name":"NOTICIASMERCEDINAS.COM","description":"Mercedes, Buenos Aires, Argentina","publisher":{"@id":"https:\/\/noticiasmercedinas.com\/site\/#organization"},"potentialAction":[{"@type":"SearchAction","target":{"@type":"EntryPoint","urlTemplate":"https:\/\/noticiasmercedinas.com\/site\/?s={search_term_string}"},"query-input":{"@type":"PropertyValueSpecification","valueRequired":true,"valueName":"search_term_string"}}],"inLanguage":"es"},{"@type":"Organization","@id":"https:\/\/noticiasmercedinas.com\/site\/#organization","name":"NOTICIASMERCEDINAS.COM","url":"https:\/\/noticiasmercedinas.com\/site\/","logo":{"@type":"ImageObject","inLanguage":"es","@id":"https:\/\/noticiasmercedinas.com\/site\/#\/schema\/logo\/image\/","url":"https:\/\/noticiasmercedinas.com\/site\/wp-content\/uploads\/2020\/06\/LOGO-512.jpg","contentUrl":"https:\/\/noticiasmercedinas.com\/site\/wp-content\/uploads\/2020\/06\/LOGO-512.jpg","width":512,"height":512,"caption":"NOTICIASMERCEDINAS.COM"},"image":{"@id":"https:\/\/noticiasmercedinas.com\/site\/#\/schema\/logo\/image\/"},"sameAs":["https:\/\/www.facebook.com\/noticiasmercedinas\/","https:\/\/x.com\/notmercedinas","https:\/\/www.instagram.com\/noticiasmercedinas\/"]},{"@type":"Person","@id":"https:\/\/noticiasmercedinas.com\/site\/#\/schema\/person\/8f2f09d666ef40986eba4a5e6f2a06f9","name":"Juan Dagnino NOTICIASMERCEDINAS.COM","image":{"@type":"ImageObject","inLanguage":"es","@id":"https:\/\/secure.gravatar.com\/avatar\/fc7059a769f5a3cae65fadb228a3e4accf3a64b4b2305020d0a27e6d5333c91b?s=96&d=mm&r=g","url":"https:\/\/secure.gravatar.com\/avatar\/fc7059a769f5a3cae65fadb228a3e4accf3a64b4b2305020d0a27e6d5333c91b?s=96&d=mm&r=g","contentUrl":"https:\/\/secure.gravatar.com\/avatar\/fc7059a769f5a3cae65fadb228a3e4accf3a64b4b2305020d0a27e6d5333c91b?s=96&d=mm&r=g","caption":"Juan Dagnino NOTICIASMERCEDINAS.COM"},"url":"https:\/\/noticiasmercedinas.com\/site\/author\/juandagnino\/"}]}},"amp_enabled":true,"_links":{"self":[{"href":"https:\/\/noticiasmercedinas.com\/site\/wp-json\/wp\/v2\/posts\/96720","targetHints":{"allow":["GET"]}}],"collection":[{"href":"https:\/\/noticiasmercedinas.com\/site\/wp-json\/wp\/v2\/posts"}],"about":[{"href":"https:\/\/noticiasmercedinas.com\/site\/wp-json\/wp\/v2\/types\/post"}],"author":[{"embeddable":true,"href":"https:\/\/noticiasmercedinas.com\/site\/wp-json\/wp\/v2\/users\/6"}],"replies":[{"embeddable":true,"href":"https:\/\/noticiasmercedinas.com\/site\/wp-json\/wp\/v2\/comments?post=96720"}],"version-history":[{"count":1,"href":"https:\/\/noticiasmercedinas.com\/site\/wp-json\/wp\/v2\/posts\/96720\/revisions"}],"predecessor-version":[{"id":96723,"href":"https:\/\/noticiasmercedinas.com\/site\/wp-json\/wp\/v2\/posts\/96720\/revisions\/96723"}],"wp:featuredmedia":[{"embeddable":true,"href":"https:\/\/noticiasmercedinas.com\/site\/wp-json\/wp\/v2\/media\/96721"}],"wp:attachment":[{"href":"https:\/\/noticiasmercedinas.com\/site\/wp-json\/wp\/v2\/media?parent=96720"}],"wp:term":[{"taxonomy":"category","embeddable":true,"href":"https:\/\/noticiasmercedinas.com\/site\/wp-json\/wp\/v2\/categories?post=96720"},{"taxonomy":"post_tag","embeddable":true,"href":"https:\/\/noticiasmercedinas.com\/site\/wp-json\/wp\/v2\/tags?post=96720"}],"curies":[{"name":"wp","href":"https:\/\/api.w.org\/{rel}","templated":true}]}}