{"id":96816,"date":"2022-08-09T07:40:39","date_gmt":"2022-08-09T10:40:39","guid":{"rendered":"https:\/\/noticiasmercedinas.com\/site\/?p=96816"},"modified":"2022-08-09T07:40:39","modified_gmt":"2022-08-09T10:40:39","slug":"presupuesto-participativo-se-viene-un-nuevo-encuentro-de-construccion-colectiva","status":"publish","type":"post","link":"https:\/\/noticiasmercedinas.com\/site\/2022\/08\/09\/presupuesto-participativo-se-viene-un-nuevo-encuentro-de-construccion-colectiva\/","title":{"rendered":"Presupuesto Participativo: se viene un nuevo encuentro de construcci\u00f3n colectiva"},"content":{"rendered":"<p><img loading=\"lazy\" decoding=\"async\" class=\"alignnone size-full wp-image-96817\" src=\"https:\/\/noticiasmercedinas.com\/site\/wp-content\/uploads\/2022\/08\/sanmartin.jpeg\" alt=\"\" width=\"922\" height=\"615\" srcset=\"https:\/\/noticiasmercedinas.com\/site\/wp-content\/uploads\/2022\/08\/sanmartin.jpeg 922w, https:\/\/noticiasmercedinas.com\/site\/wp-content\/uploads\/2022\/08\/sanmartin-300x200.jpeg 300w, https:\/\/noticiasmercedinas.com\/site\/wp-content\/uploads\/2022\/08\/sanmartin-768x512.jpeg 768w, https:\/\/noticiasmercedinas.com\/site\/wp-content\/uploads\/2022\/08\/sanmartin-640x427.jpeg 640w, https:\/\/noticiasmercedinas.com\/site\/wp-content\/uploads\/2022\/08\/sanmartin-681x454.jpeg 681w\" sizes=\"auto, (max-width: 922px) 100vw, 922px\" \/><\/p>\n<p>Se viene un nuevo encuentro por el \u201cPresupuesto Participativo\u201d. Ser\u00e1 en La Trocha el pr\u00f3ximo 10 de agosto a las 18 horas. La intenci\u00f3n es continuar construyendo pol\u00edticas p\u00fablicas transparentes y en unidad de criterios y solidaridad en Mercedes.<\/p>\n<p><strong>Mariana San Mart\u00edn<\/strong>, directora de Relaciones Institucionales, coment\u00f3 al respecto:\u00a0 \u201cEstaremos presentando las actividades que se vienen en el marco del presupuesto participativo y promoviendo una vez m\u00e1s la participaci\u00f3n ciudadana\u201d.<\/p>\n<p>\u201cPara nuestra gesti\u00f3n es fundamental. El intendente Ustarroz tiene una decisi\u00f3n firme de ir en este sentido y lo vemos con tantos programas y proyectos que se efectuaron y efect\u00faan con gran repercusi\u00f3n, como Mil D\u00edas, Esfuerzos Compartidos, Mercedes Aprende Unida, el Comit\u00e9 de Crisis es su momento, las pe\u00f1as solidarias y tantas otras\u201d, expres\u00f3.<\/p>\n<p>\u201cAhora vamos a trabajar una vez m\u00e1s con instituciones, referentes sociales, \u00e1reas de gesti\u00f3n, todos y todas unidas con un mismo objetivo y es la implementaci\u00f3n de pol\u00edticas p\u00fablicas y ejecuci\u00f3n presupuestaria en unidad\u201d, indic\u00f3.<\/p>\n<p>La reuni\u00f3n est\u00e1 prevista para el 10 de agosto y ah\u00ed mismo ya se anunciar\u00e1n las fechas de las pr\u00f3ximas a efectuarse en distintos puntos del Partido<\/p>\n","protected":false},"excerpt":{"rendered":"<p>\u25a0 Ser\u00e1 en La Trocha el pr\u00f3ximo 10 de agosto a las 18 horas. La intenci\u00f3n es continuar construyendo pol\u00edticas p\u00fablicas transparentes y en unidad de criterios y solidaridad en Mercedes.<\/p>\n","protected":false},"author":16,"featured_media":96817,"comment_status":"open","ping_status":"open","sticky":false,"template":"","format":"standard","meta":{"footnotes":""},"categories":[16],"tags":[156,2551],"class_list":["post-96816","post","type-post","status-publish","format-standard","has-post-thumbnail","hentry","category-politica","tag-mariana-san-martin","tag-presupuesto-participativo"],"yoast_head":"<!-- This site is optimized with the Yoast SEO plugin v27.4 - https:\/\/yoast.com\/product\/yoast-seo-wordpress\/ -->\n<title>Presupuesto Participativo: se viene un nuevo encuentro de construcci\u00f3n colectiva<\/title>\n<meta name=\"robots\" content=\"index, follow, max-snippet:-1, max-image-preview:large, max-video-preview:-1\" \/>\n<link rel=\"canonical\" href=\"https:\/\/noticiasmercedinas.com\/site\/2022\/08\/09\/presupuesto-participativo-se-viene-un-nuevo-encuentro-de-construccion-colectiva\/\" \/>\n<meta property=\"og:locale\" content=\"es_ES\" \/>\n<meta property=\"og:type\" content=\"article\" \/>\n<meta property=\"og:title\" content=\"Presupuesto Participativo: se viene un nuevo encuentro de construcci\u00f3n colectiva\" \/>\n<meta property=\"og:description\" content=\"\u25a0 Ser\u00e1 en La Trocha el pr\u00f3ximo 10 de agosto a las 18 horas. La intenci\u00f3n es continuar construyendo pol\u00edticas p\u00fablicas transparentes y en unidad de criterios y solidaridad en Mercedes.\" \/>\n<meta property=\"og:url\" content=\"https:\/\/noticiasmercedinas.com\/site\/2022\/08\/09\/presupuesto-participativo-se-viene-un-nuevo-encuentro-de-construccion-colectiva\/\" \/>\n<meta property=\"og:site_name\" content=\"NOTICIASMERCEDINAS.COM\" \/>\n<meta property=\"article:publisher\" content=\"https:\/\/www.facebook.com\/noticiasmercedinas\/\" \/>\n<meta property=\"article:published_time\" content=\"2022-08-09T10:40:39+00:00\" \/>\n<meta property=\"og:image\" content=\"https:\/\/noticiasmercedinas.com\/site\/wp-content\/uploads\/2022\/08\/sanmartin.jpeg\" \/>\n\t<meta property=\"og:image:width\" content=\"922\" \/>\n\t<meta property=\"og:image:height\" content=\"615\" \/>\n\t<meta property=\"og:image:type\" content=\"image\/jpeg\" \/>\n<meta name=\"author\" content=\"NOTICIASMERCEDINAS.COM\" \/>\n<meta name=\"twitter:card\" content=\"summary_large_image\" \/>\n<meta name=\"twitter:creator\" content=\"@notmercedinas\" \/>\n<meta name=\"twitter:site\" content=\"@notmercedinas\" \/>\n<meta name=\"twitter:label1\" content=\"Escrito por\" \/>\n\t<meta name=\"twitter:data1\" content=\"NOTICIASMERCEDINAS.COM\" \/>\n\t<meta name=\"twitter:label2\" content=\"Tiempo de lectura\" \/>\n\t<meta name=\"twitter:data2\" content=\"2 minutos\" \/>\n<script type=\"application\/ld+json\" class=\"yoast-schema-graph\">{\"@context\":\"https:\\\/\\\/schema.org\",\"@graph\":[{\"@type\":\"Article\",\"@id\":\"https:\\\/\\\/noticiasmercedinas.com\\\/site\\\/2022\\\/08\\\/09\\\/presupuesto-participativo-se-viene-un-nuevo-encuentro-de-construccion-colectiva\\\/#article\",\"isPartOf\":{\"@id\":\"https:\\\/\\\/noticiasmercedinas.com\\\/site\\\/2022\\\/08\\\/09\\\/presupuesto-participativo-se-viene-un-nuevo-encuentro-de-construccion-colectiva\\\/\"},\"author\":{\"name\":\"NOTICIASMERCEDINAS.COM\",\"@id\":\"https:\\\/\\\/noticiasmercedinas.com\\\/site\\\/#\\\/schema\\\/person\\\/84b59c099c28ff2e8b77d4ceec5d8063\"},\"headline\":\"Presupuesto Participativo: se viene un nuevo encuentro de construcci\u00f3n colectiva\",\"datePublished\":\"2022-08-09T10:40:39+00:00\",\"mainEntityOfPage\":{\"@id\":\"https:\\\/\\\/noticiasmercedinas.com\\\/site\\\/2022\\\/08\\\/09\\\/presupuesto-participativo-se-viene-un-nuevo-encuentro-de-construccion-colectiva\\\/\"},\"wordCount\":217,\"commentCount\":0,\"publisher\":{\"@id\":\"https:\\\/\\\/noticiasmercedinas.com\\\/site\\\/#organization\"},\"image\":{\"@id\":\"https:\\\/\\\/noticiasmercedinas.com\\\/site\\\/2022\\\/08\\\/09\\\/presupuesto-participativo-se-viene-un-nuevo-encuentro-de-construccion-colectiva\\\/#primaryimage\"},\"thumbnailUrl\":\"https:\\\/\\\/noticiasmercedinas.com\\\/site\\\/wp-content\\\/uploads\\\/2022\\\/08\\\/sanmartin.jpeg\",\"keywords\":[\"mariana san martin\",\"presupuesto participativo\"],\"articleSection\":[\"Politica\"],\"inLanguage\":\"es\",\"potentialAction\":[{\"@type\":\"CommentAction\",\"name\":\"Comment\",\"target\":[\"https:\\\/\\\/noticiasmercedinas.com\\\/site\\\/2022\\\/08\\\/09\\\/presupuesto-participativo-se-viene-un-nuevo-encuentro-de-construccion-colectiva\\\/#respond\"]}]},{\"@type\":\"WebPage\",\"@id\":\"https:\\\/\\\/noticiasmercedinas.com\\\/site\\\/2022\\\/08\\\/09\\\/presupuesto-participativo-se-viene-un-nuevo-encuentro-de-construccion-colectiva\\\/\",\"url\":\"https:\\\/\\\/noticiasmercedinas.com\\\/site\\\/2022\\\/08\\\/09\\\/presupuesto-participativo-se-viene-un-nuevo-encuentro-de-construccion-colectiva\\\/\",\"name\":\"Presupuesto Participativo: se viene un nuevo encuentro de construcci\u00f3n colectiva\",\"isPartOf\":{\"@id\":\"https:\\\/\\\/noticiasmercedinas.com\\\/site\\\/#website\"},\"primaryImageOfPage\":{\"@id\":\"https:\\\/\\\/noticiasmercedinas.com\\\/site\\\/2022\\\/08\\\/09\\\/presupuesto-participativo-se-viene-un-nuevo-encuentro-de-construccion-colectiva\\\/#primaryimage\"},\"image\":{\"@id\":\"https:\\\/\\\/noticiasmercedinas.com\\\/site\\\/2022\\\/08\\\/09\\\/presupuesto-participativo-se-viene-un-nuevo-encuentro-de-construccion-colectiva\\\/#primaryimage\"},\"thumbnailUrl\":\"https:\\\/\\\/noticiasmercedinas.com\\\/site\\\/wp-content\\\/uploads\\\/2022\\\/08\\\/sanmartin.jpeg\",\"datePublished\":\"2022-08-09T10:40:39+00:00\",\"breadcrumb\":{\"@id\":\"https:\\\/\\\/noticiasmercedinas.com\\\/site\\\/2022\\\/08\\\/09\\\/presupuesto-participativo-se-viene-un-nuevo-encuentro-de-construccion-colectiva\\\/#breadcrumb\"},\"inLanguage\":\"es\",\"potentialAction\":[{\"@type\":\"ReadAction\",\"target\":[\"https:\\\/\\\/noticiasmercedinas.com\\\/site\\\/2022\\\/08\\\/09\\\/presupuesto-participativo-se-viene-un-nuevo-encuentro-de-construccion-colectiva\\\/\"]}]},{\"@type\":\"ImageObject\",\"inLanguage\":\"es\",\"@id\":\"https:\\\/\\\/noticiasmercedinas.com\\\/site\\\/2022\\\/08\\\/09\\\/presupuesto-participativo-se-viene-un-nuevo-encuentro-de-construccion-colectiva\\\/#primaryimage\",\"url\":\"https:\\\/\\\/noticiasmercedinas.com\\\/site\\\/wp-content\\\/uploads\\\/2022\\\/08\\\/sanmartin.jpeg\",\"contentUrl\":\"https:\\\/\\\/noticiasmercedinas.com\\\/site\\\/wp-content\\\/uploads\\\/2022\\\/08\\\/sanmartin.jpeg\",\"width\":922,\"height\":615},{\"@type\":\"BreadcrumbList\",\"@id\":\"https:\\\/\\\/noticiasmercedinas.com\\\/site\\\/2022\\\/08\\\/09\\\/presupuesto-participativo-se-viene-un-nuevo-encuentro-de-construccion-colectiva\\\/#breadcrumb\",\"itemListElement\":[{\"@type\":\"ListItem\",\"position\":1,\"name\":\"Portada\",\"item\":\"https:\\\/\\\/noticiasmercedinas.com\\\/site\\\/\"},{\"@type\":\"ListItem\",\"position\":2,\"name\":\"Presupuesto Participativo: se viene un nuevo encuentro de construcci\u00f3n colectiva\"}]},{\"@type\":\"WebSite\",\"@id\":\"https:\\\/\\\/noticiasmercedinas.com\\\/site\\\/#website\",\"url\":\"https:\\\/\\\/noticiasmercedinas.com\\\/site\\\/\",\"name\":\"NOTICIASMERCEDINAS.COM\",\"description\":\"Mercedes, Buenos Aires, Argentina\",\"publisher\":{\"@id\":\"https:\\\/\\\/noticiasmercedinas.com\\\/site\\\/#organization\"},\"potentialAction\":[{\"@type\":\"SearchAction\",\"target\":{\"@type\":\"EntryPoint\",\"urlTemplate\":\"https:\\\/\\\/noticiasmercedinas.com\\\/site\\\/?s={search_term_string}\"},\"query-input\":{\"@type\":\"PropertyValueSpecification\",\"valueRequired\":true,\"valueName\":\"search_term_string\"}}],\"inLanguage\":\"es\"},{\"@type\":\"Organization\",\"@id\":\"https:\\\/\\\/noticiasmercedinas.com\\\/site\\\/#organization\",\"name\":\"NOTICIASMERCEDINAS.COM\",\"url\":\"https:\\\/\\\/noticiasmercedinas.com\\\/site\\\/\",\"logo\":{\"@type\":\"ImageObject\",\"inLanguage\":\"es\",\"@id\":\"https:\\\/\\\/noticiasmercedinas.com\\\/site\\\/#\\\/schema\\\/logo\\\/image\\\/\",\"url\":\"https:\\\/\\\/noticiasmercedinas.com\\\/site\\\/wp-content\\\/uploads\\\/2020\\\/06\\\/LOGO-512.jpg\",\"contentUrl\":\"https:\\\/\\\/noticiasmercedinas.com\\\/site\\\/wp-content\\\/uploads\\\/2020\\\/06\\\/LOGO-512.jpg\",\"width\":512,\"height\":512,\"caption\":\"NOTICIASMERCEDINAS.COM\"},\"image\":{\"@id\":\"https:\\\/\\\/noticiasmercedinas.com\\\/site\\\/#\\\/schema\\\/logo\\\/image\\\/\"},\"sameAs\":[\"https:\\\/\\\/www.facebook.com\\\/noticiasmercedinas\\\/\",\"https:\\\/\\\/x.com\\\/notmercedinas\",\"https:\\\/\\\/www.instagram.com\\\/noticiasmercedinas\\\/\"]},{\"@type\":\"Person\",\"@id\":\"https:\\\/\\\/noticiasmercedinas.com\\\/site\\\/#\\\/schema\\\/person\\\/84b59c099c28ff2e8b77d4ceec5d8063\",\"name\":\"NOTICIASMERCEDINAS.COM\",\"image\":{\"@type\":\"ImageObject\",\"inLanguage\":\"es\",\"@id\":\"https:\\\/\\\/secure.gravatar.com\\\/avatar\\\/4dfbf16b4d17945bfb6341b2d19043457132fcf478a5ee04f42e959fd8f5df0a?s=96&d=mm&r=g\",\"url\":\"https:\\\/\\\/secure.gravatar.com\\\/avatar\\\/4dfbf16b4d17945bfb6341b2d19043457132fcf478a5ee04f42e959fd8f5df0a?s=96&d=mm&r=g\",\"contentUrl\":\"https:\\\/\\\/secure.gravatar.com\\\/avatar\\\/4dfbf16b4d17945bfb6341b2d19043457132fcf478a5ee04f42e959fd8f5df0a?s=96&d=mm&r=g\",\"caption\":\"NOTICIASMERCEDINAS.COM\"},\"url\":\"https:\\\/\\\/noticiasmercedinas.com\\\/site\\\/author\\\/anonimo\\\/\"}]}<\/script>\n<!-- \/ Yoast SEO plugin. -->","yoast_head_json":{"title":"Presupuesto Participativo: se viene un nuevo encuentro de construcci\u00f3n colectiva","robots":{"index":"index","follow":"follow","max-snippet":"max-snippet:-1","max-image-preview":"max-image-preview:large","max-video-preview":"max-video-preview:-1"},"canonical":"https:\/\/noticiasmercedinas.com\/site\/2022\/08\/09\/presupuesto-participativo-se-viene-un-nuevo-encuentro-de-construccion-colectiva\/","og_locale":"es_ES","og_type":"article","og_title":"Presupuesto Participativo: se viene un nuevo encuentro de construcci\u00f3n colectiva","og_description":"\u25a0 Ser\u00e1 en La Trocha el pr\u00f3ximo 10 de agosto a las 18 horas. La intenci\u00f3n es continuar construyendo pol\u00edticas p\u00fablicas transparentes y en unidad de criterios y solidaridad en Mercedes.","og_url":"https:\/\/noticiasmercedinas.com\/site\/2022\/08\/09\/presupuesto-participativo-se-viene-un-nuevo-encuentro-de-construccion-colectiva\/","og_site_name":"NOTICIASMERCEDINAS.COM","article_publisher":"https:\/\/www.facebook.com\/noticiasmercedinas\/","article_published_time":"2022-08-09T10:40:39+00:00","og_image":[{"width":922,"height":615,"url":"https:\/\/noticiasmercedinas.com\/site\/wp-content\/uploads\/2022\/08\/sanmartin.jpeg","type":"image\/jpeg"}],"author":"NOTICIASMERCEDINAS.COM","twitter_card":"summary_large_image","twitter_creator":"@notmercedinas","twitter_site":"@notmercedinas","twitter_misc":{"Escrito por":"NOTICIASMERCEDINAS.COM","Tiempo de lectura":"2 minutos"},"schema":{"@context":"https:\/\/schema.org","@graph":[{"@type":"Article","@id":"https:\/\/noticiasmercedinas.com\/site\/2022\/08\/09\/presupuesto-participativo-se-viene-un-nuevo-encuentro-de-construccion-colectiva\/#article","isPartOf":{"@id":"https:\/\/noticiasmercedinas.com\/site\/2022\/08\/09\/presupuesto-participativo-se-viene-un-nuevo-encuentro-de-construccion-colectiva\/"},"author":{"name":"NOTICIASMERCEDINAS.COM","@id":"https:\/\/noticiasmercedinas.com\/site\/#\/schema\/person\/84b59c099c28ff2e8b77d4ceec5d8063"},"headline":"Presupuesto Participativo: se viene un nuevo encuentro de construcci\u00f3n colectiva","datePublished":"2022-08-09T10:40:39+00:00","mainEntityOfPage":{"@id":"https:\/\/noticiasmercedinas.com\/site\/2022\/08\/09\/presupuesto-participativo-se-viene-un-nuevo-encuentro-de-construccion-colectiva\/"},"wordCount":217,"commentCount":0,"publisher":{"@id":"https:\/\/noticiasmercedinas.com\/site\/#organization"},"image":{"@id":"https:\/\/noticiasmercedinas.com\/site\/2022\/08\/09\/presupuesto-participativo-se-viene-un-nuevo-encuentro-de-construccion-colectiva\/#primaryimage"},"thumbnailUrl":"https:\/\/noticiasmercedinas.com\/site\/wp-content\/uploads\/2022\/08\/sanmartin.jpeg","keywords":["mariana san martin","presupuesto participativo"],"articleSection":["Politica"],"inLanguage":"es","potentialAction":[{"@type":"CommentAction","name":"Comment","target":["https:\/\/noticiasmercedinas.com\/site\/2022\/08\/09\/presupuesto-participativo-se-viene-un-nuevo-encuentro-de-construccion-colectiva\/#respond"]}]},{"@type":"WebPage","@id":"https:\/\/noticiasmercedinas.com\/site\/2022\/08\/09\/presupuesto-participativo-se-viene-un-nuevo-encuentro-de-construccion-colectiva\/","url":"https:\/\/noticiasmercedinas.com\/site\/2022\/08\/09\/presupuesto-participativo-se-viene-un-nuevo-encuentro-de-construccion-colectiva\/","name":"Presupuesto Participativo: se viene un nuevo encuentro de construcci\u00f3n colectiva","isPartOf":{"@id":"https:\/\/noticiasmercedinas.com\/site\/#website"},"primaryImageOfPage":{"@id":"https:\/\/noticiasmercedinas.com\/site\/2022\/08\/09\/presupuesto-participativo-se-viene-un-nuevo-encuentro-de-construccion-colectiva\/#primaryimage"},"image":{"@id":"https:\/\/noticiasmercedinas.com\/site\/2022\/08\/09\/presupuesto-participativo-se-viene-un-nuevo-encuentro-de-construccion-colectiva\/#primaryimage"},"thumbnailUrl":"https:\/\/noticiasmercedinas.com\/site\/wp-content\/uploads\/2022\/08\/sanmartin.jpeg","datePublished":"2022-08-09T10:40:39+00:00","breadcrumb":{"@id":"https:\/\/noticiasmercedinas.com\/site\/2022\/08\/09\/presupuesto-participativo-se-viene-un-nuevo-encuentro-de-construccion-colectiva\/#breadcrumb"},"inLanguage":"es","potentialAction":[{"@type":"ReadAction","target":["https:\/\/noticiasmercedinas.com\/site\/2022\/08\/09\/presupuesto-participativo-se-viene-un-nuevo-encuentro-de-construccion-colectiva\/"]}]},{"@type":"ImageObject","inLanguage":"es","@id":"https:\/\/noticiasmercedinas.com\/site\/2022\/08\/09\/presupuesto-participativo-se-viene-un-nuevo-encuentro-de-construccion-colectiva\/#primaryimage","url":"https:\/\/noticiasmercedinas.com\/site\/wp-content\/uploads\/2022\/08\/sanmartin.jpeg","contentUrl":"https:\/\/noticiasmercedinas.com\/site\/wp-content\/uploads\/2022\/08\/sanmartin.jpeg","width":922,"height":615},{"@type":"BreadcrumbList","@id":"https:\/\/noticiasmercedinas.com\/site\/2022\/08\/09\/presupuesto-participativo-se-viene-un-nuevo-encuentro-de-construccion-colectiva\/#breadcrumb","itemListElement":[{"@type":"ListItem","position":1,"name":"Portada","item":"https:\/\/noticiasmercedinas.com\/site\/"},{"@type":"ListItem","position":2,"name":"Presupuesto Participativo: se viene un nuevo encuentro de construcci\u00f3n colectiva"}]},{"@type":"WebSite","@id":"https:\/\/noticiasmercedinas.com\/site\/#website","url":"https:\/\/noticiasmercedinas.com\/site\/","name":"NOTICIASMERCEDINAS.COM","description":"Mercedes, Buenos Aires, Argentina","publisher":{"@id":"https:\/\/noticiasmercedinas.com\/site\/#organization"},"potentialAction":[{"@type":"SearchAction","target":{"@type":"EntryPoint","urlTemplate":"https:\/\/noticiasmercedinas.com\/site\/?s={search_term_string}"},"query-input":{"@type":"PropertyValueSpecification","valueRequired":true,"valueName":"search_term_string"}}],"inLanguage":"es"},{"@type":"Organization","@id":"https:\/\/noticiasmercedinas.com\/site\/#organization","name":"NOTICIASMERCEDINAS.COM","url":"https:\/\/noticiasmercedinas.com\/site\/","logo":{"@type":"ImageObject","inLanguage":"es","@id":"https:\/\/noticiasmercedinas.com\/site\/#\/schema\/logo\/image\/","url":"https:\/\/noticiasmercedinas.com\/site\/wp-content\/uploads\/2020\/06\/LOGO-512.jpg","contentUrl":"https:\/\/noticiasmercedinas.com\/site\/wp-content\/uploads\/2020\/06\/LOGO-512.jpg","width":512,"height":512,"caption":"NOTICIASMERCEDINAS.COM"},"image":{"@id":"https:\/\/noticiasmercedinas.com\/site\/#\/schema\/logo\/image\/"},"sameAs":["https:\/\/www.facebook.com\/noticiasmercedinas\/","https:\/\/x.com\/notmercedinas","https:\/\/www.instagram.com\/noticiasmercedinas\/"]},{"@type":"Person","@id":"https:\/\/noticiasmercedinas.com\/site\/#\/schema\/person\/84b59c099c28ff2e8b77d4ceec5d8063","name":"NOTICIASMERCEDINAS.COM","image":{"@type":"ImageObject","inLanguage":"es","@id":"https:\/\/secure.gravatar.com\/avatar\/4dfbf16b4d17945bfb6341b2d19043457132fcf478a5ee04f42e959fd8f5df0a?s=96&d=mm&r=g","url":"https:\/\/secure.gravatar.com\/avatar\/4dfbf16b4d17945bfb6341b2d19043457132fcf478a5ee04f42e959fd8f5df0a?s=96&d=mm&r=g","contentUrl":"https:\/\/secure.gravatar.com\/avatar\/4dfbf16b4d17945bfb6341b2d19043457132fcf478a5ee04f42e959fd8f5df0a?s=96&d=mm&r=g","caption":"NOTICIASMERCEDINAS.COM"},"url":"https:\/\/noticiasmercedinas.com\/site\/author\/anonimo\/"}]}},"amp_enabled":true,"_links":{"self":[{"href":"https:\/\/noticiasmercedinas.com\/site\/wp-json\/wp\/v2\/posts\/96816","targetHints":{"allow":["GET"]}}],"collection":[{"href":"https:\/\/noticiasmercedinas.com\/site\/wp-json\/wp\/v2\/posts"}],"about":[{"href":"https:\/\/noticiasmercedinas.com\/site\/wp-json\/wp\/v2\/types\/post"}],"author":[{"embeddable":true,"href":"https:\/\/noticiasmercedinas.com\/site\/wp-json\/wp\/v2\/users\/16"}],"replies":[{"embeddable":true,"href":"https:\/\/noticiasmercedinas.com\/site\/wp-json\/wp\/v2\/comments?post=96816"}],"version-history":[{"count":1,"href":"https:\/\/noticiasmercedinas.com\/site\/wp-json\/wp\/v2\/posts\/96816\/revisions"}],"predecessor-version":[{"id":96818,"href":"https:\/\/noticiasmercedinas.com\/site\/wp-json\/wp\/v2\/posts\/96816\/revisions\/96818"}],"wp:featuredmedia":[{"embeddable":true,"href":"https:\/\/noticiasmercedinas.com\/site\/wp-json\/wp\/v2\/media\/96817"}],"wp:attachment":[{"href":"https:\/\/noticiasmercedinas.com\/site\/wp-json\/wp\/v2\/media?parent=96816"}],"wp:term":[{"taxonomy":"category","embeddable":true,"href":"https:\/\/noticiasmercedinas.com\/site\/wp-json\/wp\/v2\/categories?post=96816"},{"taxonomy":"post_tag","embeddable":true,"href":"https:\/\/noticiasmercedinas.com\/site\/wp-json\/wp\/v2\/tags?post=96816"}],"curies":[{"name":"wp","href":"https:\/\/api.w.org\/{rel}","templated":true}]}}