{"id":96933,"date":"2022-08-10T17:46:15","date_gmt":"2022-08-10T20:46:15","guid":{"rendered":"https:\/\/noticiasmercedinas.com\/site\/?p=96933"},"modified":"2022-08-10T17:51:36","modified_gmt":"2022-08-10T20:51:36","slug":"con-gran-exito-se-presento-la-variete-de-la-diversidad-en-la-trocha","status":"publish","type":"post","link":"https:\/\/noticiasmercedinas.com\/site\/2022\/08\/10\/con-gran-exito-se-presento-la-variete-de-la-diversidad-en-la-trocha\/","title":{"rendered":"Con gran \u00e9xito se present\u00f3 la \u201cVariet\u00e9 de la Diversidad\u201d en La Trocha"},"content":{"rendered":"<p><img loading=\"lazy\" decoding=\"async\" class=\"alignnone size-full wp-image-96935\" src=\"https:\/\/noticiasmercedinas.com\/site\/wp-content\/uploads\/2022\/08\/variete_diversidad-portada.jpeg\" alt=\"\" width=\"926\" height=\"615\" srcset=\"https:\/\/noticiasmercedinas.com\/site\/wp-content\/uploads\/2022\/08\/variete_diversidad-portada.jpeg 926w, https:\/\/noticiasmercedinas.com\/site\/wp-content\/uploads\/2022\/08\/variete_diversidad-portada-300x199.jpeg 300w, https:\/\/noticiasmercedinas.com\/site\/wp-content\/uploads\/2022\/08\/variete_diversidad-portada-768x510.jpeg 768w, https:\/\/noticiasmercedinas.com\/site\/wp-content\/uploads\/2022\/08\/variete_diversidad-portada-640x425.jpeg 640w, https:\/\/noticiasmercedinas.com\/site\/wp-content\/uploads\/2022\/08\/variete_diversidad-portada-681x452.jpeg 681w\" sizes=\"auto, (max-width: 926px) 100vw, 926px\" \/><\/p>\n<p>En la segunda edici\u00f3n de los Ciclos de la Diversidad que se realizan en el galp\u00f3n del Centro Cultural La Trocha, el pasado 30 de julio se present\u00f3 con gran \u00e9xito la \u201cVariet\u00e9 de la Diversidad\u201d.<\/p>\n<p>En di\u00e1logo con <em>Noticias Mercedinas<\/em>, <strong>Lujan Biaggini<\/strong> una de las actrices cont\u00f3 que la variet\u00e9 surgi\u00f3 en noviembre del a\u00f1o pasado, como parte de las celebraciones por el mes de la diversidad.<\/p>\n<p>\u201cEs una suma de sketchs en tonos de comedia donde la voz de una locutora anuncia que supuestamente va a haber grandes artistas y en cada sketch algo sale mal\u201d, indic\u00f3 y remarc\u00f3 que \u201clos que somos miembros del colectivo decidimos celebrar el orgullo desde el lado de la comedia , es algo que nos divert\u00eda hacer\u201d.<\/p>\n<p><img loading=\"lazy\" decoding=\"async\" class=\"alignnone size-full wp-image-96934\" src=\"https:\/\/noticiasmercedinas.com\/site\/wp-content\/uploads\/2022\/08\/variete_diversidad.jpeg\" alt=\"\" width=\"640\" height=\"425\" srcset=\"https:\/\/noticiasmercedinas.com\/site\/wp-content\/uploads\/2022\/08\/variete_diversidad.jpeg 640w, https:\/\/noticiasmercedinas.com\/site\/wp-content\/uploads\/2022\/08\/variete_diversidad-300x199.jpeg 300w\" sizes=\"auto, (max-width: 640px) 100vw, 640px\" \/><\/p>\n<blockquote><p>Previo a la funci\u00f3n el p\u00fablico disfrut\u00f3 de la banda \u00abPara luego es tarde\u00bb<\/p><\/blockquote>\n<p>El ciclo es organizado por la Direcci\u00f3n de Pol\u00edticas de G\u00e9nero y Diversidades quienes agradecieron \u201ca todas y todos los que lo hicieron posible y a quienes nos acompa\u00f1aron y dieron este marco espectacular, sin olvidar a las y los trabajadores municipales por estar atentos a cada detalle, con compromiso y dedicaci\u00f3n\u201d.<\/p>\n<p>Tambi\u00e9n, destacaron el apoyo del \u201ccolectivo Lgtbi que fecha a fecha redobla esfuerzos para dar atenciones a quienes son parte de las veladas\u201d y adelantaron que \u201cya estamos trabajando para lo que ser\u00e1 la edici\u00f3n de agosto, con muchas sorpresas y propuestas\u201d.<\/p>\n","protected":false},"excerpt":{"rendered":"<p>\u25a0 Fue en el marco de los Ciclos de la Diversidad que organiza la Direcci\u00f3n de Pol\u00edticas de G\u00e9nero, quienes ya preparan la pr\u00f3xima edici\u00f3n de agosto.<\/p>\n","protected":false},"author":8,"featured_media":96935,"comment_status":"open","ping_status":"open","sticky":false,"template":"","format":"standard","meta":{"footnotes":""},"categories":[4],"tags":[14988,14989,1057,1261,9518],"class_list":["post-96933","post","type-post","status-publish","format-standard","has-post-thumbnail","hentry","category-cultura","tag-ciclos-de-la-diversidad","tag-direccion-de-politicas-de-genero-y-diversidades","tag-la-trocha","tag-lujan-biaggini","tag-variete"],"yoast_head":"<!-- This site is optimized with the Yoast SEO plugin v27.4 - https:\/\/yoast.com\/product\/yoast-seo-wordpress\/ -->\n<title>Con gran \u00e9xito se present\u00f3 la \u201cVariet\u00e9 de la Diversidad\u201d en La Trocha<\/title>\n<meta name=\"robots\" content=\"index, follow, max-snippet:-1, max-image-preview:large, max-video-preview:-1\" \/>\n<link rel=\"canonical\" href=\"https:\/\/noticiasmercedinas.com\/site\/2022\/08\/10\/con-gran-exito-se-presento-la-variete-de-la-diversidad-en-la-trocha\/\" \/>\n<meta property=\"og:locale\" content=\"es_ES\" \/>\n<meta property=\"og:type\" content=\"article\" \/>\n<meta property=\"og:title\" content=\"Con gran \u00e9xito se present\u00f3 la \u201cVariet\u00e9 de la Diversidad\u201d en La Trocha\" \/>\n<meta property=\"og:description\" content=\"\u25a0 Fue en el marco de los Ciclos de la Diversidad que organiza la Direcci\u00f3n de Pol\u00edticas de G\u00e9nero, quienes ya preparan la pr\u00f3xima edici\u00f3n de agosto.\" \/>\n<meta property=\"og:url\" content=\"https:\/\/noticiasmercedinas.com\/site\/2022\/08\/10\/con-gran-exito-se-presento-la-variete-de-la-diversidad-en-la-trocha\/\" \/>\n<meta property=\"og:site_name\" content=\"NOTICIASMERCEDINAS.COM\" \/>\n<meta property=\"article:publisher\" content=\"https:\/\/www.facebook.com\/noticiasmercedinas\/\" \/>\n<meta property=\"article:published_time\" content=\"2022-08-10T20:46:15+00:00\" \/>\n<meta property=\"article:modified_time\" content=\"2022-08-10T20:51:36+00:00\" \/>\n<meta property=\"og:image\" content=\"https:\/\/noticiasmercedinas.com\/site\/wp-content\/uploads\/2022\/08\/variete_diversidad-portada.jpeg\" \/>\n\t<meta property=\"og:image:width\" content=\"926\" \/>\n\t<meta property=\"og:image:height\" content=\"615\" \/>\n\t<meta property=\"og:image:type\" content=\"image\/jpeg\" \/>\n<meta name=\"author\" content=\"Betina Abalos NOTICIASMERCEDINAS.COM\" \/>\n<meta name=\"twitter:card\" content=\"summary_large_image\" \/>\n<meta name=\"twitter:creator\" content=\"@notmercedinas\" \/>\n<meta name=\"twitter:site\" content=\"@notmercedinas\" \/>\n<meta name=\"twitter:label1\" content=\"Escrito por\" \/>\n\t<meta name=\"twitter:data1\" content=\"Betina Abalos NOTICIASMERCEDINAS.COM\" \/>\n\t<meta name=\"twitter:label2\" content=\"Tiempo de lectura\" \/>\n\t<meta name=\"twitter:data2\" content=\"2 minutos\" \/>\n<script type=\"application\/ld+json\" class=\"yoast-schema-graph\">{\"@context\":\"https:\\\/\\\/schema.org\",\"@graph\":[{\"@type\":\"Article\",\"@id\":\"https:\\\/\\\/noticiasmercedinas.com\\\/site\\\/2022\\\/08\\\/10\\\/con-gran-exito-se-presento-la-variete-de-la-diversidad-en-la-trocha\\\/#article\",\"isPartOf\":{\"@id\":\"https:\\\/\\\/noticiasmercedinas.com\\\/site\\\/2022\\\/08\\\/10\\\/con-gran-exito-se-presento-la-variete-de-la-diversidad-en-la-trocha\\\/\"},\"author\":{\"name\":\"Betina Abalos NOTICIASMERCEDINAS.COM\",\"@id\":\"https:\\\/\\\/noticiasmercedinas.com\\\/site\\\/#\\\/schema\\\/person\\\/b38ec3ed89a3735ef5fecfc1c9adc560\"},\"headline\":\"Con gran \u00e9xito se present\u00f3 la \u201cVariet\u00e9 de la Diversidad\u201d en La Trocha\",\"datePublished\":\"2022-08-10T20:46:15+00:00\",\"dateModified\":\"2022-08-10T20:51:36+00:00\",\"mainEntityOfPage\":{\"@id\":\"https:\\\/\\\/noticiasmercedinas.com\\\/site\\\/2022\\\/08\\\/10\\\/con-gran-exito-se-presento-la-variete-de-la-diversidad-en-la-trocha\\\/\"},\"wordCount\":258,\"commentCount\":0,\"publisher\":{\"@id\":\"https:\\\/\\\/noticiasmercedinas.com\\\/site\\\/#organization\"},\"image\":{\"@id\":\"https:\\\/\\\/noticiasmercedinas.com\\\/site\\\/2022\\\/08\\\/10\\\/con-gran-exito-se-presento-la-variete-de-la-diversidad-en-la-trocha\\\/#primaryimage\"},\"thumbnailUrl\":\"https:\\\/\\\/noticiasmercedinas.com\\\/site\\\/wp-content\\\/uploads\\\/2022\\\/08\\\/variete_diversidad-portada.jpeg\",\"keywords\":[\"Ciclos de la Diversidad\",\"Direcci\u00f3n de Pol\u00edticas de G\u00e9nero y Diversidades\",\"la trocha\",\"lujan biaggini\",\"variete\"],\"articleSection\":[\"Cultura\"],\"inLanguage\":\"es\",\"potentialAction\":[{\"@type\":\"CommentAction\",\"name\":\"Comment\",\"target\":[\"https:\\\/\\\/noticiasmercedinas.com\\\/site\\\/2022\\\/08\\\/10\\\/con-gran-exito-se-presento-la-variete-de-la-diversidad-en-la-trocha\\\/#respond\"]}]},{\"@type\":\"WebPage\",\"@id\":\"https:\\\/\\\/noticiasmercedinas.com\\\/site\\\/2022\\\/08\\\/10\\\/con-gran-exito-se-presento-la-variete-de-la-diversidad-en-la-trocha\\\/\",\"url\":\"https:\\\/\\\/noticiasmercedinas.com\\\/site\\\/2022\\\/08\\\/10\\\/con-gran-exito-se-presento-la-variete-de-la-diversidad-en-la-trocha\\\/\",\"name\":\"Con gran \u00e9xito se present\u00f3 la \u201cVariet\u00e9 de la Diversidad\u201d en La Trocha\",\"isPartOf\":{\"@id\":\"https:\\\/\\\/noticiasmercedinas.com\\\/site\\\/#website\"},\"primaryImageOfPage\":{\"@id\":\"https:\\\/\\\/noticiasmercedinas.com\\\/site\\\/2022\\\/08\\\/10\\\/con-gran-exito-se-presento-la-variete-de-la-diversidad-en-la-trocha\\\/#primaryimage\"},\"image\":{\"@id\":\"https:\\\/\\\/noticiasmercedinas.com\\\/site\\\/2022\\\/08\\\/10\\\/con-gran-exito-se-presento-la-variete-de-la-diversidad-en-la-trocha\\\/#primaryimage\"},\"thumbnailUrl\":\"https:\\\/\\\/noticiasmercedinas.com\\\/site\\\/wp-content\\\/uploads\\\/2022\\\/08\\\/variete_diversidad-portada.jpeg\",\"datePublished\":\"2022-08-10T20:46:15+00:00\",\"dateModified\":\"2022-08-10T20:51:36+00:00\",\"breadcrumb\":{\"@id\":\"https:\\\/\\\/noticiasmercedinas.com\\\/site\\\/2022\\\/08\\\/10\\\/con-gran-exito-se-presento-la-variete-de-la-diversidad-en-la-trocha\\\/#breadcrumb\"},\"inLanguage\":\"es\",\"potentialAction\":[{\"@type\":\"ReadAction\",\"target\":[\"https:\\\/\\\/noticiasmercedinas.com\\\/site\\\/2022\\\/08\\\/10\\\/con-gran-exito-se-presento-la-variete-de-la-diversidad-en-la-trocha\\\/\"]}]},{\"@type\":\"ImageObject\",\"inLanguage\":\"es\",\"@id\":\"https:\\\/\\\/noticiasmercedinas.com\\\/site\\\/2022\\\/08\\\/10\\\/con-gran-exito-se-presento-la-variete-de-la-diversidad-en-la-trocha\\\/#primaryimage\",\"url\":\"https:\\\/\\\/noticiasmercedinas.com\\\/site\\\/wp-content\\\/uploads\\\/2022\\\/08\\\/variete_diversidad-portada.jpeg\",\"contentUrl\":\"https:\\\/\\\/noticiasmercedinas.com\\\/site\\\/wp-content\\\/uploads\\\/2022\\\/08\\\/variete_diversidad-portada.jpeg\",\"width\":926,\"height\":615},{\"@type\":\"BreadcrumbList\",\"@id\":\"https:\\\/\\\/noticiasmercedinas.com\\\/site\\\/2022\\\/08\\\/10\\\/con-gran-exito-se-presento-la-variete-de-la-diversidad-en-la-trocha\\\/#breadcrumb\",\"itemListElement\":[{\"@type\":\"ListItem\",\"position\":1,\"name\":\"Portada\",\"item\":\"https:\\\/\\\/noticiasmercedinas.com\\\/site\\\/\"},{\"@type\":\"ListItem\",\"position\":2,\"name\":\"Con gran \u00e9xito se present\u00f3 la \u201cVariet\u00e9 de la Diversidad\u201d en La Trocha\"}]},{\"@type\":\"WebSite\",\"@id\":\"https:\\\/\\\/noticiasmercedinas.com\\\/site\\\/#website\",\"url\":\"https:\\\/\\\/noticiasmercedinas.com\\\/site\\\/\",\"name\":\"NOTICIASMERCEDINAS.COM\",\"description\":\"Mercedes, Buenos Aires, Argentina\",\"publisher\":{\"@id\":\"https:\\\/\\\/noticiasmercedinas.com\\\/site\\\/#organization\"},\"potentialAction\":[{\"@type\":\"SearchAction\",\"target\":{\"@type\":\"EntryPoint\",\"urlTemplate\":\"https:\\\/\\\/noticiasmercedinas.com\\\/site\\\/?s={search_term_string}\"},\"query-input\":{\"@type\":\"PropertyValueSpecification\",\"valueRequired\":true,\"valueName\":\"search_term_string\"}}],\"inLanguage\":\"es\"},{\"@type\":\"Organization\",\"@id\":\"https:\\\/\\\/noticiasmercedinas.com\\\/site\\\/#organization\",\"name\":\"NOTICIASMERCEDINAS.COM\",\"url\":\"https:\\\/\\\/noticiasmercedinas.com\\\/site\\\/\",\"logo\":{\"@type\":\"ImageObject\",\"inLanguage\":\"es\",\"@id\":\"https:\\\/\\\/noticiasmercedinas.com\\\/site\\\/#\\\/schema\\\/logo\\\/image\\\/\",\"url\":\"https:\\\/\\\/noticiasmercedinas.com\\\/site\\\/wp-content\\\/uploads\\\/2020\\\/06\\\/LOGO-512.jpg\",\"contentUrl\":\"https:\\\/\\\/noticiasmercedinas.com\\\/site\\\/wp-content\\\/uploads\\\/2020\\\/06\\\/LOGO-512.jpg\",\"width\":512,\"height\":512,\"caption\":\"NOTICIASMERCEDINAS.COM\"},\"image\":{\"@id\":\"https:\\\/\\\/noticiasmercedinas.com\\\/site\\\/#\\\/schema\\\/logo\\\/image\\\/\"},\"sameAs\":[\"https:\\\/\\\/www.facebook.com\\\/noticiasmercedinas\\\/\",\"https:\\\/\\\/x.com\\\/notmercedinas\",\"https:\\\/\\\/www.instagram.com\\\/noticiasmercedinas\\\/\"]},{\"@type\":\"Person\",\"@id\":\"https:\\\/\\\/noticiasmercedinas.com\\\/site\\\/#\\\/schema\\\/person\\\/b38ec3ed89a3735ef5fecfc1c9adc560\",\"name\":\"Betina Abalos NOTICIASMERCEDINAS.COM\",\"image\":{\"@type\":\"ImageObject\",\"inLanguage\":\"es\",\"@id\":\"https:\\\/\\\/secure.gravatar.com\\\/avatar\\\/8c86fde6c3b4a08aabce60929a23fa91235f414626598c992897a3e4b0679f33?s=96&d=mm&r=g\",\"url\":\"https:\\\/\\\/secure.gravatar.com\\\/avatar\\\/8c86fde6c3b4a08aabce60929a23fa91235f414626598c992897a3e4b0679f33?s=96&d=mm&r=g\",\"contentUrl\":\"https:\\\/\\\/secure.gravatar.com\\\/avatar\\\/8c86fde6c3b4a08aabce60929a23fa91235f414626598c992897a3e4b0679f33?s=96&d=mm&r=g\",\"caption\":\"Betina Abalos NOTICIASMERCEDINAS.COM\"},\"url\":\"https:\\\/\\\/noticiasmercedinas.com\\\/site\\\/author\\\/betina\\\/\"}]}<\/script>\n<!-- \/ Yoast SEO plugin. -->","yoast_head_json":{"title":"Con gran \u00e9xito se present\u00f3 la \u201cVariet\u00e9 de la Diversidad\u201d en La Trocha","robots":{"index":"index","follow":"follow","max-snippet":"max-snippet:-1","max-image-preview":"max-image-preview:large","max-video-preview":"max-video-preview:-1"},"canonical":"https:\/\/noticiasmercedinas.com\/site\/2022\/08\/10\/con-gran-exito-se-presento-la-variete-de-la-diversidad-en-la-trocha\/","og_locale":"es_ES","og_type":"article","og_title":"Con gran \u00e9xito se present\u00f3 la \u201cVariet\u00e9 de la Diversidad\u201d en La Trocha","og_description":"\u25a0 Fue en el marco de los Ciclos de la Diversidad que organiza la Direcci\u00f3n de Pol\u00edticas de G\u00e9nero, quienes ya preparan la pr\u00f3xima edici\u00f3n de agosto.","og_url":"https:\/\/noticiasmercedinas.com\/site\/2022\/08\/10\/con-gran-exito-se-presento-la-variete-de-la-diversidad-en-la-trocha\/","og_site_name":"NOTICIASMERCEDINAS.COM","article_publisher":"https:\/\/www.facebook.com\/noticiasmercedinas\/","article_published_time":"2022-08-10T20:46:15+00:00","article_modified_time":"2022-08-10T20:51:36+00:00","og_image":[{"width":926,"height":615,"url":"https:\/\/noticiasmercedinas.com\/site\/wp-content\/uploads\/2022\/08\/variete_diversidad-portada.jpeg","type":"image\/jpeg"}],"author":"Betina Abalos NOTICIASMERCEDINAS.COM","twitter_card":"summary_large_image","twitter_creator":"@notmercedinas","twitter_site":"@notmercedinas","twitter_misc":{"Escrito por":"Betina Abalos NOTICIASMERCEDINAS.COM","Tiempo de lectura":"2 minutos"},"schema":{"@context":"https:\/\/schema.org","@graph":[{"@type":"Article","@id":"https:\/\/noticiasmercedinas.com\/site\/2022\/08\/10\/con-gran-exito-se-presento-la-variete-de-la-diversidad-en-la-trocha\/#article","isPartOf":{"@id":"https:\/\/noticiasmercedinas.com\/site\/2022\/08\/10\/con-gran-exito-se-presento-la-variete-de-la-diversidad-en-la-trocha\/"},"author":{"name":"Betina Abalos NOTICIASMERCEDINAS.COM","@id":"https:\/\/noticiasmercedinas.com\/site\/#\/schema\/person\/b38ec3ed89a3735ef5fecfc1c9adc560"},"headline":"Con gran \u00e9xito se present\u00f3 la \u201cVariet\u00e9 de la Diversidad\u201d en La Trocha","datePublished":"2022-08-10T20:46:15+00:00","dateModified":"2022-08-10T20:51:36+00:00","mainEntityOfPage":{"@id":"https:\/\/noticiasmercedinas.com\/site\/2022\/08\/10\/con-gran-exito-se-presento-la-variete-de-la-diversidad-en-la-trocha\/"},"wordCount":258,"commentCount":0,"publisher":{"@id":"https:\/\/noticiasmercedinas.com\/site\/#organization"},"image":{"@id":"https:\/\/noticiasmercedinas.com\/site\/2022\/08\/10\/con-gran-exito-se-presento-la-variete-de-la-diversidad-en-la-trocha\/#primaryimage"},"thumbnailUrl":"https:\/\/noticiasmercedinas.com\/site\/wp-content\/uploads\/2022\/08\/variete_diversidad-portada.jpeg","keywords":["Ciclos de la Diversidad","Direcci\u00f3n de Pol\u00edticas de G\u00e9nero y Diversidades","la trocha","lujan biaggini","variete"],"articleSection":["Cultura"],"inLanguage":"es","potentialAction":[{"@type":"CommentAction","name":"Comment","target":["https:\/\/noticiasmercedinas.com\/site\/2022\/08\/10\/con-gran-exito-se-presento-la-variete-de-la-diversidad-en-la-trocha\/#respond"]}]},{"@type":"WebPage","@id":"https:\/\/noticiasmercedinas.com\/site\/2022\/08\/10\/con-gran-exito-se-presento-la-variete-de-la-diversidad-en-la-trocha\/","url":"https:\/\/noticiasmercedinas.com\/site\/2022\/08\/10\/con-gran-exito-se-presento-la-variete-de-la-diversidad-en-la-trocha\/","name":"Con gran \u00e9xito se present\u00f3 la \u201cVariet\u00e9 de la Diversidad\u201d en La Trocha","isPartOf":{"@id":"https:\/\/noticiasmercedinas.com\/site\/#website"},"primaryImageOfPage":{"@id":"https:\/\/noticiasmercedinas.com\/site\/2022\/08\/10\/con-gran-exito-se-presento-la-variete-de-la-diversidad-en-la-trocha\/#primaryimage"},"image":{"@id":"https:\/\/noticiasmercedinas.com\/site\/2022\/08\/10\/con-gran-exito-se-presento-la-variete-de-la-diversidad-en-la-trocha\/#primaryimage"},"thumbnailUrl":"https:\/\/noticiasmercedinas.com\/site\/wp-content\/uploads\/2022\/08\/variete_diversidad-portada.jpeg","datePublished":"2022-08-10T20:46:15+00:00","dateModified":"2022-08-10T20:51:36+00:00","breadcrumb":{"@id":"https:\/\/noticiasmercedinas.com\/site\/2022\/08\/10\/con-gran-exito-se-presento-la-variete-de-la-diversidad-en-la-trocha\/#breadcrumb"},"inLanguage":"es","potentialAction":[{"@type":"ReadAction","target":["https:\/\/noticiasmercedinas.com\/site\/2022\/08\/10\/con-gran-exito-se-presento-la-variete-de-la-diversidad-en-la-trocha\/"]}]},{"@type":"ImageObject","inLanguage":"es","@id":"https:\/\/noticiasmercedinas.com\/site\/2022\/08\/10\/con-gran-exito-se-presento-la-variete-de-la-diversidad-en-la-trocha\/#primaryimage","url":"https:\/\/noticiasmercedinas.com\/site\/wp-content\/uploads\/2022\/08\/variete_diversidad-portada.jpeg","contentUrl":"https:\/\/noticiasmercedinas.com\/site\/wp-content\/uploads\/2022\/08\/variete_diversidad-portada.jpeg","width":926,"height":615},{"@type":"BreadcrumbList","@id":"https:\/\/noticiasmercedinas.com\/site\/2022\/08\/10\/con-gran-exito-se-presento-la-variete-de-la-diversidad-en-la-trocha\/#breadcrumb","itemListElement":[{"@type":"ListItem","position":1,"name":"Portada","item":"https:\/\/noticiasmercedinas.com\/site\/"},{"@type":"ListItem","position":2,"name":"Con gran \u00e9xito se present\u00f3 la \u201cVariet\u00e9 de la Diversidad\u201d en La Trocha"}]},{"@type":"WebSite","@id":"https:\/\/noticiasmercedinas.com\/site\/#website","url":"https:\/\/noticiasmercedinas.com\/site\/","name":"NOTICIASMERCEDINAS.COM","description":"Mercedes, Buenos Aires, Argentina","publisher":{"@id":"https:\/\/noticiasmercedinas.com\/site\/#organization"},"potentialAction":[{"@type":"SearchAction","target":{"@type":"EntryPoint","urlTemplate":"https:\/\/noticiasmercedinas.com\/site\/?s={search_term_string}"},"query-input":{"@type":"PropertyValueSpecification","valueRequired":true,"valueName":"search_term_string"}}],"inLanguage":"es"},{"@type":"Organization","@id":"https:\/\/noticiasmercedinas.com\/site\/#organization","name":"NOTICIASMERCEDINAS.COM","url":"https:\/\/noticiasmercedinas.com\/site\/","logo":{"@type":"ImageObject","inLanguage":"es","@id":"https:\/\/noticiasmercedinas.com\/site\/#\/schema\/logo\/image\/","url":"https:\/\/noticiasmercedinas.com\/site\/wp-content\/uploads\/2020\/06\/LOGO-512.jpg","contentUrl":"https:\/\/noticiasmercedinas.com\/site\/wp-content\/uploads\/2020\/06\/LOGO-512.jpg","width":512,"height":512,"caption":"NOTICIASMERCEDINAS.COM"},"image":{"@id":"https:\/\/noticiasmercedinas.com\/site\/#\/schema\/logo\/image\/"},"sameAs":["https:\/\/www.facebook.com\/noticiasmercedinas\/","https:\/\/x.com\/notmercedinas","https:\/\/www.instagram.com\/noticiasmercedinas\/"]},{"@type":"Person","@id":"https:\/\/noticiasmercedinas.com\/site\/#\/schema\/person\/b38ec3ed89a3735ef5fecfc1c9adc560","name":"Betina Abalos NOTICIASMERCEDINAS.COM","image":{"@type":"ImageObject","inLanguage":"es","@id":"https:\/\/secure.gravatar.com\/avatar\/8c86fde6c3b4a08aabce60929a23fa91235f414626598c992897a3e4b0679f33?s=96&d=mm&r=g","url":"https:\/\/secure.gravatar.com\/avatar\/8c86fde6c3b4a08aabce60929a23fa91235f414626598c992897a3e4b0679f33?s=96&d=mm&r=g","contentUrl":"https:\/\/secure.gravatar.com\/avatar\/8c86fde6c3b4a08aabce60929a23fa91235f414626598c992897a3e4b0679f33?s=96&d=mm&r=g","caption":"Betina Abalos NOTICIASMERCEDINAS.COM"},"url":"https:\/\/noticiasmercedinas.com\/site\/author\/betina\/"}]}},"amp_enabled":true,"_links":{"self":[{"href":"https:\/\/noticiasmercedinas.com\/site\/wp-json\/wp\/v2\/posts\/96933","targetHints":{"allow":["GET"]}}],"collection":[{"href":"https:\/\/noticiasmercedinas.com\/site\/wp-json\/wp\/v2\/posts"}],"about":[{"href":"https:\/\/noticiasmercedinas.com\/site\/wp-json\/wp\/v2\/types\/post"}],"author":[{"embeddable":true,"href":"https:\/\/noticiasmercedinas.com\/site\/wp-json\/wp\/v2\/users\/8"}],"replies":[{"embeddable":true,"href":"https:\/\/noticiasmercedinas.com\/site\/wp-json\/wp\/v2\/comments?post=96933"}],"version-history":[{"count":2,"href":"https:\/\/noticiasmercedinas.com\/site\/wp-json\/wp\/v2\/posts\/96933\/revisions"}],"predecessor-version":[{"id":96937,"href":"https:\/\/noticiasmercedinas.com\/site\/wp-json\/wp\/v2\/posts\/96933\/revisions\/96937"}],"wp:featuredmedia":[{"embeddable":true,"href":"https:\/\/noticiasmercedinas.com\/site\/wp-json\/wp\/v2\/media\/96935"}],"wp:attachment":[{"href":"https:\/\/noticiasmercedinas.com\/site\/wp-json\/wp\/v2\/media?parent=96933"}],"wp:term":[{"taxonomy":"category","embeddable":true,"href":"https:\/\/noticiasmercedinas.com\/site\/wp-json\/wp\/v2\/categories?post=96933"},{"taxonomy":"post_tag","embeddable":true,"href":"https:\/\/noticiasmercedinas.com\/site\/wp-json\/wp\/v2\/tags?post=96933"}],"curies":[{"name":"wp","href":"https:\/\/api.w.org\/{rel}","templated":true}]}}