{"id":96956,"date":"2022-08-11T08:34:49","date_gmt":"2022-08-11T11:34:49","guid":{"rendered":"https:\/\/noticiasmercedinas.com\/site\/?p=96956"},"modified":"2022-08-11T08:39:54","modified_gmt":"2022-08-11T11:39:54","slug":"triunfo-de-ateneo-mas-empates-por-permanencia-y-campeonato","status":"publish","type":"post","link":"https:\/\/noticiasmercedinas.com\/site\/2022\/08\/11\/triunfo-de-ateneo-mas-empates-por-permanencia-y-campeonato\/","title":{"rendered":"Triunfo de Ateneo m\u00e1s empates por Permanencia y Campeonato"},"content":{"rendered":"<figure id=\"attachment_96957\" aria-describedby=\"caption-attachment-96957\" style=\"width: 640px\" class=\"wp-caption alignnone\"><img loading=\"lazy\" decoding=\"async\" class=\"wp-image-96957 size-full\" src=\"https:\/\/noticiasmercedinas.com\/site\/wp-content\/uploads\/2022\/08\/IMG_9079.jpg\" alt=\"\" width=\"640\" height=\"382\" srcset=\"https:\/\/noticiasmercedinas.com\/site\/wp-content\/uploads\/2022\/08\/IMG_9079.jpg 640w, https:\/\/noticiasmercedinas.com\/site\/wp-content\/uploads\/2022\/08\/IMG_9079-300x179.jpg 300w\" sizes=\"auto, (max-width: 640px) 100vw, 640px\" \/><figcaption id=\"caption-attachment-96957\" class=\"wp-caption-text\">Del Vento, le dio por partida doble la victoria a Ateneo sobre Defensores.<\/figcaption><\/figure>\n<p>La Liga Mercedina de F\u00fatbol vivi\u00f3 un mi\u00e9rcoles con tres instancias, por la Segunda Divisi\u00f3n se jugaron los 15 minutos pendientes entre Ateneo y Defensores Juniors. Encuentro que ya no tuvo p\u00fablico y se dividi\u00f3 en dos tiempos de 8 minutos, donde el \u201cCeleste\u201d sali\u00f3 a jugar con 9 hombres al tener dos expulsados en el momento que jugaban por la primera fecha de las revanchas.<\/p>\n<p>Con los once Ateneo aprovech\u00f3 cada pelota que tuvo y se termin\u00f3 quedando con el resultado, un gol en la agon\u00eda del primer tiempo y otro ya casi sobre el final. Tres puntos m\u00e1s que festejados al achicar la diferencia con el \u201cCeleste\u201d sabiendo adem\u00e1s que tendr\u00e1n por delante un partido con La Tijera. Defensores sigue segundo y el marcador en cierta forma favorece a los de Suipacha, aunque queda fixture por delante.<\/p>\n<p><strong>Ateneo 2:<\/strong> Agust\u00edn Pi\u00f1ero, Nicol\u00e1s Subigaray, Manuel Culicigno, Mariano Villone, Agust\u00edn Flaherty, Leandro Tosoroni, Facundo P\u00e9rez, Leonardo Chaparro, Leonardo Chaparro, Ger\u00f3nimo Puricelli y Francisco Del Vento. <strong>DT:<\/strong> Mariano Villone. <strong>Relevos:<\/strong> Daniel Rossi, Bruno G\u00f3mez, Mat\u00edas Dono, Mateo Apestegu\u00eda, Maximiliano Arzani y Franco Solivella.<\/p>\n<p><strong>Defensores Juniors 0:<\/strong> Maximiliano Gim\u00e9nez, Mauricio Pereyra, Sebasti\u00e1n Casco, Mart\u00edn Ag\u00fcero, Pablo Barraza, C\u00e9sar Douat, Angel Far\u00edas, Juli\u00e1n Vita y Braian Lucero. <strong>DT:<\/strong> Carlos Molina. <strong>Relevo:<\/strong> Jorge Casas.<br \/>\n<strong>Goles:<\/strong> Del Vento 2 para Ateneo.<br \/>\n<strong>Cambios:<\/strong> Pablo D\u00edaz por Douat en Defensores.<br \/>\n<strong>Arbitro:<\/strong> Rom\u00e1n Grande (AAM).<\/p>\n<p><img loading=\"lazy\" decoding=\"async\" class=\"alignnone size-full wp-image-96958\" src=\"https:\/\/noticiasmercedinas.com\/site\/wp-content\/uploads\/2022\/08\/Segunda-division-A-3.jpg\" alt=\"\" width=\"640\" height=\"336\" srcset=\"https:\/\/noticiasmercedinas.com\/site\/wp-content\/uploads\/2022\/08\/Segunda-division-A-3.jpg 640w, https:\/\/noticiasmercedinas.com\/site\/wp-content\/uploads\/2022\/08\/Segunda-division-A-3-300x158.jpg 300w\" sizes=\"auto, (max-width: 640px) 100vw, 640px\" \/><\/p>\n<p>El otro partido jugado, ya con dos tiempos de 45\u2019, correspondi\u00f3 a la primera fecha de la Liguilla correspondiente a la Zona Permanencia, donde tras el triangular de ida y vuelta uno se quedar\u00e1 en Primera y dos equipos pasar\u00e1n a jugar en Segunda. Sobre lo sucedido en cancha, Uni\u00f3n se adelant\u00f3 en una salida apresurada del arquero Scorini para definir de cabeza Ludue\u00f1a. No tardar\u00eda en llegar la respuesta de Palomeas, pelota para y de cabeza Randazzo dej\u00f3 las cosas 1 a 1 en la primera parte.<br \/>\n<strong><br \/>\n<\/strong>Lo que continu\u00f3 mostrando el partido fue con dos conjuntos volcados a salir adelante, algo m\u00e1s termin\u00f3 siendo el \u201cGranate\u201d sin poder capitalizar en la red sus intenciones. Uni\u00f3n, ya logrando reunir a buena parte de su plantel mostr\u00f3 actitud y dej\u00f3 en claro que presentar\u00e1 batalla en esta instancia que presenta el certamen de Primera. El pr\u00f3ximo domingo jugar\u00e1 su primer encuentro Estudiantes que estar\u00e1 enfrentando a Uni\u00f3n.<\/p>\n<p><strong><img loading=\"lazy\" decoding=\"async\" class=\"alignnone size-full wp-image-96961\" src=\"https:\/\/noticiasmercedinas.com\/site\/wp-content\/uploads\/2022\/08\/Permanencia.jpg\" alt=\"\" width=\"966\" height=\"235\" srcset=\"https:\/\/noticiasmercedinas.com\/site\/wp-content\/uploads\/2022\/08\/Permanencia.jpg 966w, https:\/\/noticiasmercedinas.com\/site\/wp-content\/uploads\/2022\/08\/Permanencia-300x73.jpg 300w, https:\/\/noticiasmercedinas.com\/site\/wp-content\/uploads\/2022\/08\/Permanencia-768x187.jpg 768w, https:\/\/noticiasmercedinas.com\/site\/wp-content\/uploads\/2022\/08\/Permanencia-640x156.jpg 640w, https:\/\/noticiasmercedinas.com\/site\/wp-content\/uploads\/2022\/08\/Permanencia-681x166.jpg 681w\" sizes=\"auto, (max-width: 966px) 100vw, 966px\" \/><\/strong><\/p>\n<p>Uni\u00f3n 1: Daniel Buzzi, Pablo Adorno, Lucas Ortiz, Leonel Ayala, Carlos Cardozo, N\u00e9stor Curima, Jonathan Ullua, Lucas Biglia, Diego Ludue\u00f1a, Wilson Alcaraz y Leonardo Romero. <strong>DT:<\/strong> Diego Torres. <strong>Relevos:<\/strong> Juan Acosta y Jonatan Solivella.<\/p>\n<p><strong>Palometas 1:<\/strong> Tob\u00edas Scorini, Nicol\u00e1s Randazzo, Thom\u00e1s Pinto, Juli\u00e1n Olveira, Mart\u00edn Pastor, Marcos Z\u00e1rate, Valent\u00edn Russi, Nicol\u00e1s Aranda, Mat\u00edas Paolacci, Wilfredo Acu\u00f1a y David Bertera. <strong>DT:<\/strong> Maximiliano Scorini. <strong>Relevos:<\/strong> Agust\u00edn P\u00f3rfido y Tom\u00e1s Melo.<\/p>\n<p><strong>Goles en el PT:<\/strong> A los 13\u2019 Ludue\u00f1a para Uni\u00f3n y a los 23\u2019 Randazzo para Palometas.<br \/>\n<strong>Cambios:<\/strong> Pocaressi por Cardozo, Nicol\u00e1s Balbi por Ludue\u00f1a, Pablo Monz\u00f3n por Adorno y Ramiro D\u00edaz por Biglia en Uni\u00f3n.\u00a0 Felipe Aschero por Pinto, Gustavo Miranda por Russi y Manuel Ricci por Bertera en Palometas.<br \/>\n<strong>Arbitro:<\/strong> Roa (AAM).<\/p>\n<p><img loading=\"lazy\" decoding=\"async\" class=\"alignnone size-full wp-image-96959\" src=\"https:\/\/noticiasmercedinas.com\/site\/wp-content\/uploads\/2022\/08\/IMG_9094.jpg\" alt=\"\" width=\"640\" height=\"387\" srcset=\"https:\/\/noticiasmercedinas.com\/site\/wp-content\/uploads\/2022\/08\/IMG_9094.jpg 640w, https:\/\/noticiasmercedinas.com\/site\/wp-content\/uploads\/2022\/08\/IMG_9094-300x181.jpg 300w\" sizes=\"auto, (max-width: 640px) 100vw, 640px\" \/><\/p>\n<p>Ya por la Zona Campeonato cerraron la noche AMEFIP San Mart\u00edn y Col\u00f3n, que contaron, uno y otro, con unas pocas chances de gol que se vieron frustradas por el palo u arqueros que cerraron sus arcos. Lo dem\u00e1s fueron intentos que no alcanzaron para sacar el resultado adelante, el pr\u00f3ximo lunes se volver\u00e1n a enfrentar donde no habr\u00e1 ventaja deportiva y en caso de empate se patear\u00e1n penales.<\/p>\n<p><strong>AMEFIP San Mart\u00edn 0:<\/strong> Joaqu\u00edn Jim\u00e9nez, Mauro Pintos, Mario Ramos, Federico Blanco, Mariano Ramos, Christian Salvatierra, Juan Ram\u00edrez, Lucas Falcone, Marcos Camargo, Enzo Cobuccio y Enzo Parada. <strong>DT:<\/strong> Nicol\u00e1s Serebrinsky. <strong>Relevos:<\/strong> Diego Villareal, Alex Ivachich y Lautaro Mart\u00ednez.<\/p>\n<p><strong>Col\u00f3n 0:<\/strong> Augusto Rodr\u00edguez, Braian Petraglia, Rom\u00e1n Busto, Lucas Pitronaci, Mart\u00edn Verd\u00fan, Agust\u00edn De La Cuesta, Gonzalo Espinosa, Dami\u00e1n Gonz\u00e1lez, Franco Lucci, Ricardo Mart\u00ednez e Ignacio Sacanelles. <strong>DT:<\/strong> Fernando Mainelli. <strong>Relevos:<\/strong> Ariel Rivero y Franco Manso.<\/p>\n<p><strong>Cambios:<\/strong> Juli\u00e1n Almir\u00f3n por Ramos y Albano Mart\u00ednez por Ram\u00edrez en AMEFIP San Mart\u00edn. Juan Castro por Petraglia y Nahuel Sorocca por Lucci en Col\u00f3n.<br \/>\n<strong>Arbitro:<\/strong> Rom\u00e1n Grande (AAM).<\/p>\n<p><img loading=\"lazy\" decoding=\"async\" class=\"alignnone size-full wp-image-96960\" src=\"https:\/\/noticiasmercedinas.com\/site\/wp-content\/uploads\/2022\/08\/IMG_9096.jpg\" alt=\"\" width=\"640\" height=\"381\" srcset=\"https:\/\/noticiasmercedinas.com\/site\/wp-content\/uploads\/2022\/08\/IMG_9096.jpg 640w, https:\/\/noticiasmercedinas.com\/site\/wp-content\/uploads\/2022\/08\/IMG_9096-300x179.jpg 300w\" sizes=\"auto, (max-width: 640px) 100vw, 640px\" \/><\/p>\n<p><strong>Jueves 11<br \/>\nCancha:<\/strong>\u00a0Liga.<br \/>\nA las 19.30 Los Carteros vs. El Front\u00f3n<\/p>\n<p><strong>Zona Campeonato<br \/>\nJueves 11<br \/>\nCancha:<\/strong>\u00a0Liga.<br \/>\nA las 21.30 Quilmes vs. El Tim\u00f3n.<\/p>\n","protected":false},"excerpt":{"rendered":"<p>\u25a0 En los 15 pendiente se impuso por 2 a 0 por el torneo de Segunda. Uni\u00f3n y Palometas dejaron un 1 a 1 en el inicio de la Liguilla. Fue 0 a 0 entre AMEFIP San Mart\u00edn y Col\u00f3n por lo que es la instancia por el t\u00edtulo de Primera.<\/p>\n","protected":false},"author":6,"featured_media":96957,"comment_status":"open","ping_status":"open","sticky":false,"template":"","format":"standard","meta":{"footnotes":""},"categories":[5],"tags":[4852,14140,14141],"class_list":["post-96956","post","type-post","status-publish","format-standard","has-post-thumbnail","hentry","category-deportes","tag-liga-meercedina-de-futbol","tag-primera-division-a","tag-segunda-division-a"],"yoast_head":"<!-- This site is optimized with the Yoast SEO plugin v27.5 - https:\/\/yoast.com\/product\/yoast-seo-wordpress\/ -->\n<title>Triunfo de Ateneo m\u00e1s empates por Permanencia y Campeonato<\/title>\n<meta name=\"robots\" content=\"index, follow, max-snippet:-1, max-image-preview:large, max-video-preview:-1\" \/>\n<link rel=\"canonical\" href=\"https:\/\/noticiasmercedinas.com\/site\/2022\/08\/11\/triunfo-de-ateneo-mas-empates-por-permanencia-y-campeonato\/\" \/>\n<meta property=\"og:locale\" content=\"es_ES\" \/>\n<meta property=\"og:type\" content=\"article\" \/>\n<meta property=\"og:title\" content=\"Triunfo de Ateneo m\u00e1s empates por Permanencia y Campeonato\" \/>\n<meta property=\"og:description\" content=\"\u25a0 En los 15 pendiente se impuso por 2 a 0 por el torneo de Segunda. Uni\u00f3n y Palometas dejaron un 1 a 1 en el inicio de la Liguilla. Fue 0 a 0 entre AMEFIP San Mart\u00edn y Col\u00f3n por lo que es la instancia por el t\u00edtulo de Primera.\" \/>\n<meta property=\"og:url\" content=\"https:\/\/noticiasmercedinas.com\/site\/2022\/08\/11\/triunfo-de-ateneo-mas-empates-por-permanencia-y-campeonato\/\" \/>\n<meta property=\"og:site_name\" content=\"NOTICIASMERCEDINAS.COM\" \/>\n<meta property=\"article:publisher\" content=\"https:\/\/www.facebook.com\/noticiasmercedinas\/\" \/>\n<meta property=\"article:published_time\" content=\"2022-08-11T11:34:49+00:00\" \/>\n<meta property=\"article:modified_time\" content=\"2022-08-11T11:39:54+00:00\" \/>\n<meta property=\"og:image\" content=\"https:\/\/noticiasmercedinas.com\/site\/wp-content\/uploads\/2022\/08\/IMG_9079.jpg\" \/>\n\t<meta property=\"og:image:width\" content=\"640\" \/>\n\t<meta property=\"og:image:height\" content=\"382\" \/>\n\t<meta property=\"og:image:type\" content=\"image\/jpeg\" \/>\n<meta name=\"author\" content=\"Juan Dagnino NOTICIASMERCEDINAS.COM\" \/>\n<meta name=\"twitter:card\" content=\"summary_large_image\" \/>\n<meta name=\"twitter:creator\" content=\"@notmercedinas\" \/>\n<meta name=\"twitter:site\" content=\"@notmercedinas\" \/>\n<meta name=\"twitter:label1\" content=\"Escrito por\" \/>\n\t<meta name=\"twitter:data1\" content=\"Juan Dagnino NOTICIASMERCEDINAS.COM\" \/>\n\t<meta name=\"twitter:label2\" content=\"Tiempo de lectura\" \/>\n\t<meta name=\"twitter:data2\" content=\"5 minutos\" \/>\n<script type=\"application\/ld+json\" class=\"yoast-schema-graph\">{\"@context\":\"https:\\\/\\\/schema.org\",\"@graph\":[{\"@type\":\"Article\",\"@id\":\"https:\\\/\\\/noticiasmercedinas.com\\\/site\\\/2022\\\/08\\\/11\\\/triunfo-de-ateneo-mas-empates-por-permanencia-y-campeonato\\\/#article\",\"isPartOf\":{\"@id\":\"https:\\\/\\\/noticiasmercedinas.com\\\/site\\\/2022\\\/08\\\/11\\\/triunfo-de-ateneo-mas-empates-por-permanencia-y-campeonato\\\/\"},\"author\":{\"name\":\"Juan Dagnino NOTICIASMERCEDINAS.COM\",\"@id\":\"https:\\\/\\\/noticiasmercedinas.com\\\/site\\\/#\\\/schema\\\/person\\\/8f2f09d666ef40986eba4a5e6f2a06f9\"},\"headline\":\"Triunfo de Ateneo m\u00e1s empates por Permanencia y Campeonato\",\"datePublished\":\"2022-08-11T11:34:49+00:00\",\"dateModified\":\"2022-08-11T11:39:54+00:00\",\"mainEntityOfPage\":{\"@id\":\"https:\\\/\\\/noticiasmercedinas.com\\\/site\\\/2022\\\/08\\\/11\\\/triunfo-de-ateneo-mas-empates-por-permanencia-y-campeonato\\\/\"},\"wordCount\":801,\"commentCount\":0,\"publisher\":{\"@id\":\"https:\\\/\\\/noticiasmercedinas.com\\\/site\\\/#organization\"},\"image\":{\"@id\":\"https:\\\/\\\/noticiasmercedinas.com\\\/site\\\/2022\\\/08\\\/11\\\/triunfo-de-ateneo-mas-empates-por-permanencia-y-campeonato\\\/#primaryimage\"},\"thumbnailUrl\":\"https:\\\/\\\/noticiasmercedinas.com\\\/site\\\/wp-content\\\/uploads\\\/2022\\\/08\\\/IMG_9079.jpg\",\"keywords\":[\"Liga Meercedina de F\u00fatbol\",\"primera divisi\u00f3n a\",\"segunda divisi\u00f3n a\"],\"articleSection\":[\"Deportes\"],\"inLanguage\":\"es\",\"potentialAction\":[{\"@type\":\"CommentAction\",\"name\":\"Comment\",\"target\":[\"https:\\\/\\\/noticiasmercedinas.com\\\/site\\\/2022\\\/08\\\/11\\\/triunfo-de-ateneo-mas-empates-por-permanencia-y-campeonato\\\/#respond\"]}]},{\"@type\":\"WebPage\",\"@id\":\"https:\\\/\\\/noticiasmercedinas.com\\\/site\\\/2022\\\/08\\\/11\\\/triunfo-de-ateneo-mas-empates-por-permanencia-y-campeonato\\\/\",\"url\":\"https:\\\/\\\/noticiasmercedinas.com\\\/site\\\/2022\\\/08\\\/11\\\/triunfo-de-ateneo-mas-empates-por-permanencia-y-campeonato\\\/\",\"name\":\"Triunfo de Ateneo m\u00e1s empates por Permanencia y Campeonato\",\"isPartOf\":{\"@id\":\"https:\\\/\\\/noticiasmercedinas.com\\\/site\\\/#website\"},\"primaryImageOfPage\":{\"@id\":\"https:\\\/\\\/noticiasmercedinas.com\\\/site\\\/2022\\\/08\\\/11\\\/triunfo-de-ateneo-mas-empates-por-permanencia-y-campeonato\\\/#primaryimage\"},\"image\":{\"@id\":\"https:\\\/\\\/noticiasmercedinas.com\\\/site\\\/2022\\\/08\\\/11\\\/triunfo-de-ateneo-mas-empates-por-permanencia-y-campeonato\\\/#primaryimage\"},\"thumbnailUrl\":\"https:\\\/\\\/noticiasmercedinas.com\\\/site\\\/wp-content\\\/uploads\\\/2022\\\/08\\\/IMG_9079.jpg\",\"datePublished\":\"2022-08-11T11:34:49+00:00\",\"dateModified\":\"2022-08-11T11:39:54+00:00\",\"breadcrumb\":{\"@id\":\"https:\\\/\\\/noticiasmercedinas.com\\\/site\\\/2022\\\/08\\\/11\\\/triunfo-de-ateneo-mas-empates-por-permanencia-y-campeonato\\\/#breadcrumb\"},\"inLanguage\":\"es\",\"potentialAction\":[{\"@type\":\"ReadAction\",\"target\":[\"https:\\\/\\\/noticiasmercedinas.com\\\/site\\\/2022\\\/08\\\/11\\\/triunfo-de-ateneo-mas-empates-por-permanencia-y-campeonato\\\/\"]}]},{\"@type\":\"ImageObject\",\"inLanguage\":\"es\",\"@id\":\"https:\\\/\\\/noticiasmercedinas.com\\\/site\\\/2022\\\/08\\\/11\\\/triunfo-de-ateneo-mas-empates-por-permanencia-y-campeonato\\\/#primaryimage\",\"url\":\"https:\\\/\\\/noticiasmercedinas.com\\\/site\\\/wp-content\\\/uploads\\\/2022\\\/08\\\/IMG_9079.jpg\",\"contentUrl\":\"https:\\\/\\\/noticiasmercedinas.com\\\/site\\\/wp-content\\\/uploads\\\/2022\\\/08\\\/IMG_9079.jpg\",\"width\":640,\"height\":382},{\"@type\":\"BreadcrumbList\",\"@id\":\"https:\\\/\\\/noticiasmercedinas.com\\\/site\\\/2022\\\/08\\\/11\\\/triunfo-de-ateneo-mas-empates-por-permanencia-y-campeonato\\\/#breadcrumb\",\"itemListElement\":[{\"@type\":\"ListItem\",\"position\":1,\"name\":\"Portada\",\"item\":\"https:\\\/\\\/noticiasmercedinas.com\\\/site\\\/\"},{\"@type\":\"ListItem\",\"position\":2,\"name\":\"Triunfo de Ateneo m\u00e1s empates por Permanencia y Campeonato\"}]},{\"@type\":\"WebSite\",\"@id\":\"https:\\\/\\\/noticiasmercedinas.com\\\/site\\\/#website\",\"url\":\"https:\\\/\\\/noticiasmercedinas.com\\\/site\\\/\",\"name\":\"NOTICIASMERCEDINAS.COM\",\"description\":\"Mercedes, Buenos Aires, Argentina\",\"publisher\":{\"@id\":\"https:\\\/\\\/noticiasmercedinas.com\\\/site\\\/#organization\"},\"potentialAction\":[{\"@type\":\"SearchAction\",\"target\":{\"@type\":\"EntryPoint\",\"urlTemplate\":\"https:\\\/\\\/noticiasmercedinas.com\\\/site\\\/?s={search_term_string}\"},\"query-input\":{\"@type\":\"PropertyValueSpecification\",\"valueRequired\":true,\"valueName\":\"search_term_string\"}}],\"inLanguage\":\"es\"},{\"@type\":\"Organization\",\"@id\":\"https:\\\/\\\/noticiasmercedinas.com\\\/site\\\/#organization\",\"name\":\"NOTICIASMERCEDINAS.COM\",\"url\":\"https:\\\/\\\/noticiasmercedinas.com\\\/site\\\/\",\"logo\":{\"@type\":\"ImageObject\",\"inLanguage\":\"es\",\"@id\":\"https:\\\/\\\/noticiasmercedinas.com\\\/site\\\/#\\\/schema\\\/logo\\\/image\\\/\",\"url\":\"https:\\\/\\\/noticiasmercedinas.com\\\/site\\\/wp-content\\\/uploads\\\/2020\\\/06\\\/LOGO-512.jpg\",\"contentUrl\":\"https:\\\/\\\/noticiasmercedinas.com\\\/site\\\/wp-content\\\/uploads\\\/2020\\\/06\\\/LOGO-512.jpg\",\"width\":512,\"height\":512,\"caption\":\"NOTICIASMERCEDINAS.COM\"},\"image\":{\"@id\":\"https:\\\/\\\/noticiasmercedinas.com\\\/site\\\/#\\\/schema\\\/logo\\\/image\\\/\"},\"sameAs\":[\"https:\\\/\\\/www.facebook.com\\\/noticiasmercedinas\\\/\",\"https:\\\/\\\/x.com\\\/notmercedinas\",\"https:\\\/\\\/www.instagram.com\\\/noticiasmercedinas\\\/\"]},{\"@type\":\"Person\",\"@id\":\"https:\\\/\\\/noticiasmercedinas.com\\\/site\\\/#\\\/schema\\\/person\\\/8f2f09d666ef40986eba4a5e6f2a06f9\",\"name\":\"Juan Dagnino NOTICIASMERCEDINAS.COM\",\"image\":{\"@type\":\"ImageObject\",\"inLanguage\":\"es\",\"@id\":\"https:\\\/\\\/secure.gravatar.com\\\/avatar\\\/fc7059a769f5a3cae65fadb228a3e4accf3a64b4b2305020d0a27e6d5333c91b?s=96&d=mm&r=g\",\"url\":\"https:\\\/\\\/secure.gravatar.com\\\/avatar\\\/fc7059a769f5a3cae65fadb228a3e4accf3a64b4b2305020d0a27e6d5333c91b?s=96&d=mm&r=g\",\"contentUrl\":\"https:\\\/\\\/secure.gravatar.com\\\/avatar\\\/fc7059a769f5a3cae65fadb228a3e4accf3a64b4b2305020d0a27e6d5333c91b?s=96&d=mm&r=g\",\"caption\":\"Juan Dagnino NOTICIASMERCEDINAS.COM\"},\"url\":\"https:\\\/\\\/noticiasmercedinas.com\\\/site\\\/author\\\/juandagnino\\\/\"}]}<\/script>\n<!-- \/ Yoast SEO plugin. -->","yoast_head_json":{"title":"Triunfo de Ateneo m\u00e1s empates por Permanencia y Campeonato","robots":{"index":"index","follow":"follow","max-snippet":"max-snippet:-1","max-image-preview":"max-image-preview:large","max-video-preview":"max-video-preview:-1"},"canonical":"https:\/\/noticiasmercedinas.com\/site\/2022\/08\/11\/triunfo-de-ateneo-mas-empates-por-permanencia-y-campeonato\/","og_locale":"es_ES","og_type":"article","og_title":"Triunfo de Ateneo m\u00e1s empates por Permanencia y Campeonato","og_description":"\u25a0 En los 15 pendiente se impuso por 2 a 0 por el torneo de Segunda. Uni\u00f3n y Palometas dejaron un 1 a 1 en el inicio de la Liguilla. Fue 0 a 0 entre AMEFIP San Mart\u00edn y Col\u00f3n por lo que es la instancia por el t\u00edtulo de Primera.","og_url":"https:\/\/noticiasmercedinas.com\/site\/2022\/08\/11\/triunfo-de-ateneo-mas-empates-por-permanencia-y-campeonato\/","og_site_name":"NOTICIASMERCEDINAS.COM","article_publisher":"https:\/\/www.facebook.com\/noticiasmercedinas\/","article_published_time":"2022-08-11T11:34:49+00:00","article_modified_time":"2022-08-11T11:39:54+00:00","og_image":[{"width":640,"height":382,"url":"https:\/\/noticiasmercedinas.com\/site\/wp-content\/uploads\/2022\/08\/IMG_9079.jpg","type":"image\/jpeg"}],"author":"Juan Dagnino NOTICIASMERCEDINAS.COM","twitter_card":"summary_large_image","twitter_creator":"@notmercedinas","twitter_site":"@notmercedinas","twitter_misc":{"Escrito por":"Juan Dagnino NOTICIASMERCEDINAS.COM","Tiempo de lectura":"5 minutos"},"schema":{"@context":"https:\/\/schema.org","@graph":[{"@type":"Article","@id":"https:\/\/noticiasmercedinas.com\/site\/2022\/08\/11\/triunfo-de-ateneo-mas-empates-por-permanencia-y-campeonato\/#article","isPartOf":{"@id":"https:\/\/noticiasmercedinas.com\/site\/2022\/08\/11\/triunfo-de-ateneo-mas-empates-por-permanencia-y-campeonato\/"},"author":{"name":"Juan Dagnino NOTICIASMERCEDINAS.COM","@id":"https:\/\/noticiasmercedinas.com\/site\/#\/schema\/person\/8f2f09d666ef40986eba4a5e6f2a06f9"},"headline":"Triunfo de Ateneo m\u00e1s empates por Permanencia y Campeonato","datePublished":"2022-08-11T11:34:49+00:00","dateModified":"2022-08-11T11:39:54+00:00","mainEntityOfPage":{"@id":"https:\/\/noticiasmercedinas.com\/site\/2022\/08\/11\/triunfo-de-ateneo-mas-empates-por-permanencia-y-campeonato\/"},"wordCount":801,"commentCount":0,"publisher":{"@id":"https:\/\/noticiasmercedinas.com\/site\/#organization"},"image":{"@id":"https:\/\/noticiasmercedinas.com\/site\/2022\/08\/11\/triunfo-de-ateneo-mas-empates-por-permanencia-y-campeonato\/#primaryimage"},"thumbnailUrl":"https:\/\/noticiasmercedinas.com\/site\/wp-content\/uploads\/2022\/08\/IMG_9079.jpg","keywords":["Liga Meercedina de F\u00fatbol","primera divisi\u00f3n a","segunda divisi\u00f3n a"],"articleSection":["Deportes"],"inLanguage":"es","potentialAction":[{"@type":"CommentAction","name":"Comment","target":["https:\/\/noticiasmercedinas.com\/site\/2022\/08\/11\/triunfo-de-ateneo-mas-empates-por-permanencia-y-campeonato\/#respond"]}]},{"@type":"WebPage","@id":"https:\/\/noticiasmercedinas.com\/site\/2022\/08\/11\/triunfo-de-ateneo-mas-empates-por-permanencia-y-campeonato\/","url":"https:\/\/noticiasmercedinas.com\/site\/2022\/08\/11\/triunfo-de-ateneo-mas-empates-por-permanencia-y-campeonato\/","name":"Triunfo de Ateneo m\u00e1s empates por Permanencia y Campeonato","isPartOf":{"@id":"https:\/\/noticiasmercedinas.com\/site\/#website"},"primaryImageOfPage":{"@id":"https:\/\/noticiasmercedinas.com\/site\/2022\/08\/11\/triunfo-de-ateneo-mas-empates-por-permanencia-y-campeonato\/#primaryimage"},"image":{"@id":"https:\/\/noticiasmercedinas.com\/site\/2022\/08\/11\/triunfo-de-ateneo-mas-empates-por-permanencia-y-campeonato\/#primaryimage"},"thumbnailUrl":"https:\/\/noticiasmercedinas.com\/site\/wp-content\/uploads\/2022\/08\/IMG_9079.jpg","datePublished":"2022-08-11T11:34:49+00:00","dateModified":"2022-08-11T11:39:54+00:00","breadcrumb":{"@id":"https:\/\/noticiasmercedinas.com\/site\/2022\/08\/11\/triunfo-de-ateneo-mas-empates-por-permanencia-y-campeonato\/#breadcrumb"},"inLanguage":"es","potentialAction":[{"@type":"ReadAction","target":["https:\/\/noticiasmercedinas.com\/site\/2022\/08\/11\/triunfo-de-ateneo-mas-empates-por-permanencia-y-campeonato\/"]}]},{"@type":"ImageObject","inLanguage":"es","@id":"https:\/\/noticiasmercedinas.com\/site\/2022\/08\/11\/triunfo-de-ateneo-mas-empates-por-permanencia-y-campeonato\/#primaryimage","url":"https:\/\/noticiasmercedinas.com\/site\/wp-content\/uploads\/2022\/08\/IMG_9079.jpg","contentUrl":"https:\/\/noticiasmercedinas.com\/site\/wp-content\/uploads\/2022\/08\/IMG_9079.jpg","width":640,"height":382},{"@type":"BreadcrumbList","@id":"https:\/\/noticiasmercedinas.com\/site\/2022\/08\/11\/triunfo-de-ateneo-mas-empates-por-permanencia-y-campeonato\/#breadcrumb","itemListElement":[{"@type":"ListItem","position":1,"name":"Portada","item":"https:\/\/noticiasmercedinas.com\/site\/"},{"@type":"ListItem","position":2,"name":"Triunfo de Ateneo m\u00e1s empates por Permanencia y Campeonato"}]},{"@type":"WebSite","@id":"https:\/\/noticiasmercedinas.com\/site\/#website","url":"https:\/\/noticiasmercedinas.com\/site\/","name":"NOTICIASMERCEDINAS.COM","description":"Mercedes, Buenos Aires, Argentina","publisher":{"@id":"https:\/\/noticiasmercedinas.com\/site\/#organization"},"potentialAction":[{"@type":"SearchAction","target":{"@type":"EntryPoint","urlTemplate":"https:\/\/noticiasmercedinas.com\/site\/?s={search_term_string}"},"query-input":{"@type":"PropertyValueSpecification","valueRequired":true,"valueName":"search_term_string"}}],"inLanguage":"es"},{"@type":"Organization","@id":"https:\/\/noticiasmercedinas.com\/site\/#organization","name":"NOTICIASMERCEDINAS.COM","url":"https:\/\/noticiasmercedinas.com\/site\/","logo":{"@type":"ImageObject","inLanguage":"es","@id":"https:\/\/noticiasmercedinas.com\/site\/#\/schema\/logo\/image\/","url":"https:\/\/noticiasmercedinas.com\/site\/wp-content\/uploads\/2020\/06\/LOGO-512.jpg","contentUrl":"https:\/\/noticiasmercedinas.com\/site\/wp-content\/uploads\/2020\/06\/LOGO-512.jpg","width":512,"height":512,"caption":"NOTICIASMERCEDINAS.COM"},"image":{"@id":"https:\/\/noticiasmercedinas.com\/site\/#\/schema\/logo\/image\/"},"sameAs":["https:\/\/www.facebook.com\/noticiasmercedinas\/","https:\/\/x.com\/notmercedinas","https:\/\/www.instagram.com\/noticiasmercedinas\/"]},{"@type":"Person","@id":"https:\/\/noticiasmercedinas.com\/site\/#\/schema\/person\/8f2f09d666ef40986eba4a5e6f2a06f9","name":"Juan Dagnino NOTICIASMERCEDINAS.COM","image":{"@type":"ImageObject","inLanguage":"es","@id":"https:\/\/secure.gravatar.com\/avatar\/fc7059a769f5a3cae65fadb228a3e4accf3a64b4b2305020d0a27e6d5333c91b?s=96&d=mm&r=g","url":"https:\/\/secure.gravatar.com\/avatar\/fc7059a769f5a3cae65fadb228a3e4accf3a64b4b2305020d0a27e6d5333c91b?s=96&d=mm&r=g","contentUrl":"https:\/\/secure.gravatar.com\/avatar\/fc7059a769f5a3cae65fadb228a3e4accf3a64b4b2305020d0a27e6d5333c91b?s=96&d=mm&r=g","caption":"Juan Dagnino NOTICIASMERCEDINAS.COM"},"url":"https:\/\/noticiasmercedinas.com\/site\/author\/juandagnino\/"}]}},"amp_enabled":true,"_links":{"self":[{"href":"https:\/\/noticiasmercedinas.com\/site\/wp-json\/wp\/v2\/posts\/96956","targetHints":{"allow":["GET"]}}],"collection":[{"href":"https:\/\/noticiasmercedinas.com\/site\/wp-json\/wp\/v2\/posts"}],"about":[{"href":"https:\/\/noticiasmercedinas.com\/site\/wp-json\/wp\/v2\/types\/post"}],"author":[{"embeddable":true,"href":"https:\/\/noticiasmercedinas.com\/site\/wp-json\/wp\/v2\/users\/6"}],"replies":[{"embeddable":true,"href":"https:\/\/noticiasmercedinas.com\/site\/wp-json\/wp\/v2\/comments?post=96956"}],"version-history":[{"count":4,"href":"https:\/\/noticiasmercedinas.com\/site\/wp-json\/wp\/v2\/posts\/96956\/revisions"}],"predecessor-version":[{"id":96965,"href":"https:\/\/noticiasmercedinas.com\/site\/wp-json\/wp\/v2\/posts\/96956\/revisions\/96965"}],"wp:featuredmedia":[{"embeddable":true,"href":"https:\/\/noticiasmercedinas.com\/site\/wp-json\/wp\/v2\/media\/96957"}],"wp:attachment":[{"href":"https:\/\/noticiasmercedinas.com\/site\/wp-json\/wp\/v2\/media?parent=96956"}],"wp:term":[{"taxonomy":"category","embeddable":true,"href":"https:\/\/noticiasmercedinas.com\/site\/wp-json\/wp\/v2\/categories?post=96956"},{"taxonomy":"post_tag","embeddable":true,"href":"https:\/\/noticiasmercedinas.com\/site\/wp-json\/wp\/v2\/tags?post=96956"}],"curies":[{"name":"wp","href":"https:\/\/api.w.org\/{rel}","templated":true}]}}