{"id":97591,"date":"2022-08-19T19:24:05","date_gmt":"2022-08-19T22:24:05","guid":{"rendered":"https:\/\/noticiasmercedinas.com\/site\/?p=97591"},"modified":"2022-08-19T19:24:05","modified_gmt":"2022-08-19T22:24:05","slug":"dos-invictos-juegan-en-ciudad-evita","status":"publish","type":"post","link":"https:\/\/noticiasmercedinas.com\/site\/2022\/08\/19\/dos-invictos-juegan-en-ciudad-evita\/","title":{"rendered":"Dos invictos juegan en Ciudad Evita"},"content":{"rendered":"<figure id=\"attachment_97592\" aria-describedby=\"caption-attachment-97592\" style=\"width: 640px\" class=\"wp-caption alignnone\"><img loading=\"lazy\" decoding=\"async\" class=\"wp-image-97592 size-full\" src=\"https:\/\/noticiasmercedinas.com\/site\/wp-content\/uploads\/2022\/08\/IMG_7419.jpg\" alt=\"\" width=\"640\" height=\"390\" srcset=\"https:\/\/noticiasmercedinas.com\/site\/wp-content\/uploads\/2022\/08\/IMG_7419.jpg 640w, https:\/\/noticiasmercedinas.com\/site\/wp-content\/uploads\/2022\/08\/IMG_7419-300x183.jpg 300w\" sizes=\"auto, (max-width: 640px) 100vw, 640px\" \/><figcaption id=\"caption-attachment-97592\" class=\"wp-caption-text\">Nicol\u00e1s Fedullo, vuelve a jugar ante Yupanqui.<\/figcaption><\/figure>\n<p>La previa de la Primera D de la AFA anuncia la fecha 5 quedando libre Centro Espa\u00f1ol. Uno de los partidos que sobresale es el de los invictos Yupanqui y Club Mercedes, que jugar\u00e1n en la cancha del \u201cTrapero\u201d enclavada en Ciudad Evita desde la hora 15.30, con s\u00f3lo ingreso de locales a la cancha, la opci\u00f3n para seguir el partido ser\u00e1 desde FM La Tribuna 103.5 Mhz y sus distintas plataformas.<\/p>\n<p>Para lo que vendr\u00e1 Walter D\u00edaz a dispuesto s\u00f3lo un cambio del equipo que enfrent\u00f3 a Espa\u00f1ol y empat\u00f3 sin goles en la Liga. Rodrigo Nicasio en el arco, una defensa con Emanuel Cabrera, Nicol\u00e1s Fedullo, Juan Pedro Gatti y Blas De Los Santos. La zona media con Nicol\u00e1s Contardi y Laureano Torres sum\u00e1ndose Franco Gatti por derecha y la vuelta de El\u00edas Collazo por izquierda (reemplaza a Juan Cabrera). El ataque tendr\u00e1 a Nahuel Menseguez e Ignacio Rodr\u00edguez.<\/p>\n<p>En cuanto a lesionados, sigue recuper\u00e1ndose el defensor Domingo de Paola, por su parte el delantero El\u00edas Vel\u00e1zquez entrena diferenciado. El antes del partido indica un cruce que se robar\u00e1 la atenci\u00f3n, la ida dej\u00f3 un empate 1 a 1 en la Liga. Tanto Yupanqui como Mercedes se han mostrado en los primeros lugares en las cuatro fechas que se jugaron, quien ser\u00e1 local lleg\u00f3 a estar como puntero de la Primera D, puesto que hoy ocupa Sportivo Barracas.<\/p>\n<p><img loading=\"lazy\" decoding=\"async\" class=\"alignnone size-full wp-image-97593\" src=\"https:\/\/noticiasmercedinas.com\/site\/wp-content\/uploads\/2022\/08\/Primera-D-C-5.jpg\" alt=\"\" width=\"640\" height=\"369\" srcset=\"https:\/\/noticiasmercedinas.com\/site\/wp-content\/uploads\/2022\/08\/Primera-D-C-5.jpg 640w, https:\/\/noticiasmercedinas.com\/site\/wp-content\/uploads\/2022\/08\/Primera-D-C-5-300x173.jpg 300w\" sizes=\"auto, (max-width: 640px) 100vw, 640px\" \/><br \/>\n<strong><br \/>\nS\u00e1bado 20<\/strong><br \/>\nA las 15.30 Yupanqui vs. Club Mercedes.<br \/>\n<strong>\u00c1rbitro:<\/strong> David Cornejo.<br \/>\n<strong>Asistente 1:<\/strong> Quelca Guarachi.<br \/>\n<strong>Asistente 2:<\/strong> Valent\u00edn Bocaccia,<br \/>\n<strong>Cuarto \u00e1rbitro:<\/strong> Mart\u00edn Morenza.<\/p>\n<p>A las 15.30 Lugano vs. Juventud Unida<br \/>\n<strong>\u00c1rbitro:<\/strong> Rodrigo Villalba.<\/p>\n<p>A las 15.30 Central Ballester vs. Deportivo Paraguayo.<br \/>\n<strong>\u00c1rbitro:<\/strong> Diego Torres.<\/p>\n<p>A las 15.30 Argentino (Rosario) vs. Deportivo Mu\u00f1iz.<br \/>\n<strong>\u00c1rbitro:<\/strong> N\u00e9stor Barrios.<\/p>\n<p><strong>Domingo 21<\/strong><br \/>\nA las 15.30 Defensores de Cambaceres vs. Sportivo Barracas<br \/>\n<strong>\u00c1rbitro: <\/strong>Laura Fortunato.<\/p>\n","protected":false},"excerpt":{"rendered":"<p>\u25a0 Yupanqui y Club Mercedes se enfrentar\u00e1n por la Primera D este s\u00e1bado 20. S\u00f3lo un cambio presentar\u00e1 el \u201cBlanquinegro\u201d en su once inicial. Trasmite FM La Tribuna desde las 15.  <\/p>\n","protected":false},"author":6,"featured_media":97592,"comment_status":"open","ping_status":"open","sticky":false,"template":"","format":"standard","meta":{"footnotes":""},"categories":[5],"tags":[6424,135,11935,14509],"class_list":["post-97591","post","type-post","status-publish","format-standard","has-post-thumbnail","hentry","category-deportes","tag-afa","tag-club-mercedes","tag-primera-d","tag-yupanqui"],"yoast_head":"<!-- This site is optimized with the Yoast SEO plugin v27.5 - https:\/\/yoast.com\/product\/yoast-seo-wordpress\/ -->\n<title>Dos invictos juegan en Ciudad Evita<\/title>\n<meta name=\"robots\" content=\"index, follow, max-snippet:-1, max-image-preview:large, max-video-preview:-1\" \/>\n<link rel=\"canonical\" href=\"https:\/\/noticiasmercedinas.com\/site\/2022\/08\/19\/dos-invictos-juegan-en-ciudad-evita\/\" \/>\n<meta property=\"og:locale\" content=\"es_ES\" \/>\n<meta property=\"og:type\" content=\"article\" \/>\n<meta property=\"og:title\" content=\"Dos invictos juegan en Ciudad Evita\" \/>\n<meta property=\"og:description\" content=\"\u25a0 Yupanqui y Club Mercedes se enfrentar\u00e1n por la Primera D este s\u00e1bado 20. S\u00f3lo un cambio presentar\u00e1 el \u201cBlanquinegro\u201d en su once inicial. Trasmite FM La Tribuna desde las 15.\" \/>\n<meta property=\"og:url\" content=\"https:\/\/noticiasmercedinas.com\/site\/2022\/08\/19\/dos-invictos-juegan-en-ciudad-evita\/\" \/>\n<meta property=\"og:site_name\" content=\"NOTICIASMERCEDINAS.COM\" \/>\n<meta property=\"article:publisher\" content=\"https:\/\/www.facebook.com\/noticiasmercedinas\/\" \/>\n<meta property=\"article:published_time\" content=\"2022-08-19T22:24:05+00:00\" \/>\n<meta property=\"og:image\" content=\"https:\/\/noticiasmercedinas.com\/site\/wp-content\/uploads\/2022\/08\/IMG_7419.jpg\" \/>\n\t<meta property=\"og:image:width\" content=\"640\" \/>\n\t<meta property=\"og:image:height\" content=\"390\" \/>\n\t<meta property=\"og:image:type\" content=\"image\/jpeg\" \/>\n<meta name=\"author\" content=\"Juan Dagnino NOTICIASMERCEDINAS.COM\" \/>\n<meta name=\"twitter:card\" content=\"summary_large_image\" \/>\n<meta name=\"twitter:creator\" content=\"@notmercedinas\" \/>\n<meta name=\"twitter:site\" content=\"@notmercedinas\" \/>\n<meta name=\"twitter:label1\" content=\"Escrito por\" \/>\n\t<meta name=\"twitter:data1\" content=\"Juan Dagnino NOTICIASMERCEDINAS.COM\" \/>\n\t<meta name=\"twitter:label2\" content=\"Tiempo de lectura\" \/>\n\t<meta name=\"twitter:data2\" content=\"2 minutos\" \/>\n<script type=\"application\/ld+json\" class=\"yoast-schema-graph\">{\"@context\":\"https:\\\/\\\/schema.org\",\"@graph\":[{\"@type\":\"Article\",\"@id\":\"https:\\\/\\\/noticiasmercedinas.com\\\/site\\\/2022\\\/08\\\/19\\\/dos-invictos-juegan-en-ciudad-evita\\\/#article\",\"isPartOf\":{\"@id\":\"https:\\\/\\\/noticiasmercedinas.com\\\/site\\\/2022\\\/08\\\/19\\\/dos-invictos-juegan-en-ciudad-evita\\\/\"},\"author\":{\"name\":\"Juan Dagnino NOTICIASMERCEDINAS.COM\",\"@id\":\"https:\\\/\\\/noticiasmercedinas.com\\\/site\\\/#\\\/schema\\\/person\\\/8f2f09d666ef40986eba4a5e6f2a06f9\"},\"headline\":\"Dos invictos juegan en Ciudad Evita\",\"datePublished\":\"2022-08-19T22:24:05+00:00\",\"mainEntityOfPage\":{\"@id\":\"https:\\\/\\\/noticiasmercedinas.com\\\/site\\\/2022\\\/08\\\/19\\\/dos-invictos-juegan-en-ciudad-evita\\\/\"},\"wordCount\":328,\"commentCount\":0,\"publisher\":{\"@id\":\"https:\\\/\\\/noticiasmercedinas.com\\\/site\\\/#organization\"},\"image\":{\"@id\":\"https:\\\/\\\/noticiasmercedinas.com\\\/site\\\/2022\\\/08\\\/19\\\/dos-invictos-juegan-en-ciudad-evita\\\/#primaryimage\"},\"thumbnailUrl\":\"https:\\\/\\\/noticiasmercedinas.com\\\/site\\\/wp-content\\\/uploads\\\/2022\\\/08\\\/IMG_7419.jpg\",\"keywords\":[\"AFA\",\"club mercedes\",\"Primera D\",\"Yupanqui\"],\"articleSection\":[\"Deportes\"],\"inLanguage\":\"es\",\"potentialAction\":[{\"@type\":\"CommentAction\",\"name\":\"Comment\",\"target\":[\"https:\\\/\\\/noticiasmercedinas.com\\\/site\\\/2022\\\/08\\\/19\\\/dos-invictos-juegan-en-ciudad-evita\\\/#respond\"]}]},{\"@type\":\"WebPage\",\"@id\":\"https:\\\/\\\/noticiasmercedinas.com\\\/site\\\/2022\\\/08\\\/19\\\/dos-invictos-juegan-en-ciudad-evita\\\/\",\"url\":\"https:\\\/\\\/noticiasmercedinas.com\\\/site\\\/2022\\\/08\\\/19\\\/dos-invictos-juegan-en-ciudad-evita\\\/\",\"name\":\"Dos invictos juegan en Ciudad Evita\",\"isPartOf\":{\"@id\":\"https:\\\/\\\/noticiasmercedinas.com\\\/site\\\/#website\"},\"primaryImageOfPage\":{\"@id\":\"https:\\\/\\\/noticiasmercedinas.com\\\/site\\\/2022\\\/08\\\/19\\\/dos-invictos-juegan-en-ciudad-evita\\\/#primaryimage\"},\"image\":{\"@id\":\"https:\\\/\\\/noticiasmercedinas.com\\\/site\\\/2022\\\/08\\\/19\\\/dos-invictos-juegan-en-ciudad-evita\\\/#primaryimage\"},\"thumbnailUrl\":\"https:\\\/\\\/noticiasmercedinas.com\\\/site\\\/wp-content\\\/uploads\\\/2022\\\/08\\\/IMG_7419.jpg\",\"datePublished\":\"2022-08-19T22:24:05+00:00\",\"breadcrumb\":{\"@id\":\"https:\\\/\\\/noticiasmercedinas.com\\\/site\\\/2022\\\/08\\\/19\\\/dos-invictos-juegan-en-ciudad-evita\\\/#breadcrumb\"},\"inLanguage\":\"es\",\"potentialAction\":[{\"@type\":\"ReadAction\",\"target\":[\"https:\\\/\\\/noticiasmercedinas.com\\\/site\\\/2022\\\/08\\\/19\\\/dos-invictos-juegan-en-ciudad-evita\\\/\"]}]},{\"@type\":\"ImageObject\",\"inLanguage\":\"es\",\"@id\":\"https:\\\/\\\/noticiasmercedinas.com\\\/site\\\/2022\\\/08\\\/19\\\/dos-invictos-juegan-en-ciudad-evita\\\/#primaryimage\",\"url\":\"https:\\\/\\\/noticiasmercedinas.com\\\/site\\\/wp-content\\\/uploads\\\/2022\\\/08\\\/IMG_7419.jpg\",\"contentUrl\":\"https:\\\/\\\/noticiasmercedinas.com\\\/site\\\/wp-content\\\/uploads\\\/2022\\\/08\\\/IMG_7419.jpg\",\"width\":640,\"height\":390},{\"@type\":\"BreadcrumbList\",\"@id\":\"https:\\\/\\\/noticiasmercedinas.com\\\/site\\\/2022\\\/08\\\/19\\\/dos-invictos-juegan-en-ciudad-evita\\\/#breadcrumb\",\"itemListElement\":[{\"@type\":\"ListItem\",\"position\":1,\"name\":\"Portada\",\"item\":\"https:\\\/\\\/noticiasmercedinas.com\\\/site\\\/\"},{\"@type\":\"ListItem\",\"position\":2,\"name\":\"Dos invictos juegan en Ciudad Evita\"}]},{\"@type\":\"WebSite\",\"@id\":\"https:\\\/\\\/noticiasmercedinas.com\\\/site\\\/#website\",\"url\":\"https:\\\/\\\/noticiasmercedinas.com\\\/site\\\/\",\"name\":\"NOTICIASMERCEDINAS.COM\",\"description\":\"Mercedes, Buenos Aires, Argentina\",\"publisher\":{\"@id\":\"https:\\\/\\\/noticiasmercedinas.com\\\/site\\\/#organization\"},\"potentialAction\":[{\"@type\":\"SearchAction\",\"target\":{\"@type\":\"EntryPoint\",\"urlTemplate\":\"https:\\\/\\\/noticiasmercedinas.com\\\/site\\\/?s={search_term_string}\"},\"query-input\":{\"@type\":\"PropertyValueSpecification\",\"valueRequired\":true,\"valueName\":\"search_term_string\"}}],\"inLanguage\":\"es\"},{\"@type\":\"Organization\",\"@id\":\"https:\\\/\\\/noticiasmercedinas.com\\\/site\\\/#organization\",\"name\":\"NOTICIASMERCEDINAS.COM\",\"url\":\"https:\\\/\\\/noticiasmercedinas.com\\\/site\\\/\",\"logo\":{\"@type\":\"ImageObject\",\"inLanguage\":\"es\",\"@id\":\"https:\\\/\\\/noticiasmercedinas.com\\\/site\\\/#\\\/schema\\\/logo\\\/image\\\/\",\"url\":\"https:\\\/\\\/noticiasmercedinas.com\\\/site\\\/wp-content\\\/uploads\\\/2020\\\/06\\\/LOGO-512.jpg\",\"contentUrl\":\"https:\\\/\\\/noticiasmercedinas.com\\\/site\\\/wp-content\\\/uploads\\\/2020\\\/06\\\/LOGO-512.jpg\",\"width\":512,\"height\":512,\"caption\":\"NOTICIASMERCEDINAS.COM\"},\"image\":{\"@id\":\"https:\\\/\\\/noticiasmercedinas.com\\\/site\\\/#\\\/schema\\\/logo\\\/image\\\/\"},\"sameAs\":[\"https:\\\/\\\/www.facebook.com\\\/noticiasmercedinas\\\/\",\"https:\\\/\\\/x.com\\\/notmercedinas\",\"https:\\\/\\\/www.instagram.com\\\/noticiasmercedinas\\\/\"]},{\"@type\":\"Person\",\"@id\":\"https:\\\/\\\/noticiasmercedinas.com\\\/site\\\/#\\\/schema\\\/person\\\/8f2f09d666ef40986eba4a5e6f2a06f9\",\"name\":\"Juan Dagnino NOTICIASMERCEDINAS.COM\",\"image\":{\"@type\":\"ImageObject\",\"inLanguage\":\"es\",\"@id\":\"https:\\\/\\\/secure.gravatar.com\\\/avatar\\\/fc7059a769f5a3cae65fadb228a3e4accf3a64b4b2305020d0a27e6d5333c91b?s=96&d=mm&r=g\",\"url\":\"https:\\\/\\\/secure.gravatar.com\\\/avatar\\\/fc7059a769f5a3cae65fadb228a3e4accf3a64b4b2305020d0a27e6d5333c91b?s=96&d=mm&r=g\",\"contentUrl\":\"https:\\\/\\\/secure.gravatar.com\\\/avatar\\\/fc7059a769f5a3cae65fadb228a3e4accf3a64b4b2305020d0a27e6d5333c91b?s=96&d=mm&r=g\",\"caption\":\"Juan Dagnino NOTICIASMERCEDINAS.COM\"},\"url\":\"https:\\\/\\\/noticiasmercedinas.com\\\/site\\\/author\\\/juandagnino\\\/\"}]}<\/script>\n<!-- \/ Yoast SEO plugin. -->","yoast_head_json":{"title":"Dos invictos juegan en Ciudad Evita","robots":{"index":"index","follow":"follow","max-snippet":"max-snippet:-1","max-image-preview":"max-image-preview:large","max-video-preview":"max-video-preview:-1"},"canonical":"https:\/\/noticiasmercedinas.com\/site\/2022\/08\/19\/dos-invictos-juegan-en-ciudad-evita\/","og_locale":"es_ES","og_type":"article","og_title":"Dos invictos juegan en Ciudad Evita","og_description":"\u25a0 Yupanqui y Club Mercedes se enfrentar\u00e1n por la Primera D este s\u00e1bado 20. S\u00f3lo un cambio presentar\u00e1 el \u201cBlanquinegro\u201d en su once inicial. Trasmite FM La Tribuna desde las 15.","og_url":"https:\/\/noticiasmercedinas.com\/site\/2022\/08\/19\/dos-invictos-juegan-en-ciudad-evita\/","og_site_name":"NOTICIASMERCEDINAS.COM","article_publisher":"https:\/\/www.facebook.com\/noticiasmercedinas\/","article_published_time":"2022-08-19T22:24:05+00:00","og_image":[{"width":640,"height":390,"url":"https:\/\/noticiasmercedinas.com\/site\/wp-content\/uploads\/2022\/08\/IMG_7419.jpg","type":"image\/jpeg"}],"author":"Juan Dagnino NOTICIASMERCEDINAS.COM","twitter_card":"summary_large_image","twitter_creator":"@notmercedinas","twitter_site":"@notmercedinas","twitter_misc":{"Escrito por":"Juan Dagnino NOTICIASMERCEDINAS.COM","Tiempo de lectura":"2 minutos"},"schema":{"@context":"https:\/\/schema.org","@graph":[{"@type":"Article","@id":"https:\/\/noticiasmercedinas.com\/site\/2022\/08\/19\/dos-invictos-juegan-en-ciudad-evita\/#article","isPartOf":{"@id":"https:\/\/noticiasmercedinas.com\/site\/2022\/08\/19\/dos-invictos-juegan-en-ciudad-evita\/"},"author":{"name":"Juan Dagnino NOTICIASMERCEDINAS.COM","@id":"https:\/\/noticiasmercedinas.com\/site\/#\/schema\/person\/8f2f09d666ef40986eba4a5e6f2a06f9"},"headline":"Dos invictos juegan en Ciudad Evita","datePublished":"2022-08-19T22:24:05+00:00","mainEntityOfPage":{"@id":"https:\/\/noticiasmercedinas.com\/site\/2022\/08\/19\/dos-invictos-juegan-en-ciudad-evita\/"},"wordCount":328,"commentCount":0,"publisher":{"@id":"https:\/\/noticiasmercedinas.com\/site\/#organization"},"image":{"@id":"https:\/\/noticiasmercedinas.com\/site\/2022\/08\/19\/dos-invictos-juegan-en-ciudad-evita\/#primaryimage"},"thumbnailUrl":"https:\/\/noticiasmercedinas.com\/site\/wp-content\/uploads\/2022\/08\/IMG_7419.jpg","keywords":["AFA","club mercedes","Primera D","Yupanqui"],"articleSection":["Deportes"],"inLanguage":"es","potentialAction":[{"@type":"CommentAction","name":"Comment","target":["https:\/\/noticiasmercedinas.com\/site\/2022\/08\/19\/dos-invictos-juegan-en-ciudad-evita\/#respond"]}]},{"@type":"WebPage","@id":"https:\/\/noticiasmercedinas.com\/site\/2022\/08\/19\/dos-invictos-juegan-en-ciudad-evita\/","url":"https:\/\/noticiasmercedinas.com\/site\/2022\/08\/19\/dos-invictos-juegan-en-ciudad-evita\/","name":"Dos invictos juegan en Ciudad Evita","isPartOf":{"@id":"https:\/\/noticiasmercedinas.com\/site\/#website"},"primaryImageOfPage":{"@id":"https:\/\/noticiasmercedinas.com\/site\/2022\/08\/19\/dos-invictos-juegan-en-ciudad-evita\/#primaryimage"},"image":{"@id":"https:\/\/noticiasmercedinas.com\/site\/2022\/08\/19\/dos-invictos-juegan-en-ciudad-evita\/#primaryimage"},"thumbnailUrl":"https:\/\/noticiasmercedinas.com\/site\/wp-content\/uploads\/2022\/08\/IMG_7419.jpg","datePublished":"2022-08-19T22:24:05+00:00","breadcrumb":{"@id":"https:\/\/noticiasmercedinas.com\/site\/2022\/08\/19\/dos-invictos-juegan-en-ciudad-evita\/#breadcrumb"},"inLanguage":"es","potentialAction":[{"@type":"ReadAction","target":["https:\/\/noticiasmercedinas.com\/site\/2022\/08\/19\/dos-invictos-juegan-en-ciudad-evita\/"]}]},{"@type":"ImageObject","inLanguage":"es","@id":"https:\/\/noticiasmercedinas.com\/site\/2022\/08\/19\/dos-invictos-juegan-en-ciudad-evita\/#primaryimage","url":"https:\/\/noticiasmercedinas.com\/site\/wp-content\/uploads\/2022\/08\/IMG_7419.jpg","contentUrl":"https:\/\/noticiasmercedinas.com\/site\/wp-content\/uploads\/2022\/08\/IMG_7419.jpg","width":640,"height":390},{"@type":"BreadcrumbList","@id":"https:\/\/noticiasmercedinas.com\/site\/2022\/08\/19\/dos-invictos-juegan-en-ciudad-evita\/#breadcrumb","itemListElement":[{"@type":"ListItem","position":1,"name":"Portada","item":"https:\/\/noticiasmercedinas.com\/site\/"},{"@type":"ListItem","position":2,"name":"Dos invictos juegan en Ciudad Evita"}]},{"@type":"WebSite","@id":"https:\/\/noticiasmercedinas.com\/site\/#website","url":"https:\/\/noticiasmercedinas.com\/site\/","name":"NOTICIASMERCEDINAS.COM","description":"Mercedes, Buenos Aires, Argentina","publisher":{"@id":"https:\/\/noticiasmercedinas.com\/site\/#organization"},"potentialAction":[{"@type":"SearchAction","target":{"@type":"EntryPoint","urlTemplate":"https:\/\/noticiasmercedinas.com\/site\/?s={search_term_string}"},"query-input":{"@type":"PropertyValueSpecification","valueRequired":true,"valueName":"search_term_string"}}],"inLanguage":"es"},{"@type":"Organization","@id":"https:\/\/noticiasmercedinas.com\/site\/#organization","name":"NOTICIASMERCEDINAS.COM","url":"https:\/\/noticiasmercedinas.com\/site\/","logo":{"@type":"ImageObject","inLanguage":"es","@id":"https:\/\/noticiasmercedinas.com\/site\/#\/schema\/logo\/image\/","url":"https:\/\/noticiasmercedinas.com\/site\/wp-content\/uploads\/2020\/06\/LOGO-512.jpg","contentUrl":"https:\/\/noticiasmercedinas.com\/site\/wp-content\/uploads\/2020\/06\/LOGO-512.jpg","width":512,"height":512,"caption":"NOTICIASMERCEDINAS.COM"},"image":{"@id":"https:\/\/noticiasmercedinas.com\/site\/#\/schema\/logo\/image\/"},"sameAs":["https:\/\/www.facebook.com\/noticiasmercedinas\/","https:\/\/x.com\/notmercedinas","https:\/\/www.instagram.com\/noticiasmercedinas\/"]},{"@type":"Person","@id":"https:\/\/noticiasmercedinas.com\/site\/#\/schema\/person\/8f2f09d666ef40986eba4a5e6f2a06f9","name":"Juan Dagnino NOTICIASMERCEDINAS.COM","image":{"@type":"ImageObject","inLanguage":"es","@id":"https:\/\/secure.gravatar.com\/avatar\/fc7059a769f5a3cae65fadb228a3e4accf3a64b4b2305020d0a27e6d5333c91b?s=96&d=mm&r=g","url":"https:\/\/secure.gravatar.com\/avatar\/fc7059a769f5a3cae65fadb228a3e4accf3a64b4b2305020d0a27e6d5333c91b?s=96&d=mm&r=g","contentUrl":"https:\/\/secure.gravatar.com\/avatar\/fc7059a769f5a3cae65fadb228a3e4accf3a64b4b2305020d0a27e6d5333c91b?s=96&d=mm&r=g","caption":"Juan Dagnino NOTICIASMERCEDINAS.COM"},"url":"https:\/\/noticiasmercedinas.com\/site\/author\/juandagnino\/"}]}},"amp_enabled":true,"_links":{"self":[{"href":"https:\/\/noticiasmercedinas.com\/site\/wp-json\/wp\/v2\/posts\/97591","targetHints":{"allow":["GET"]}}],"collection":[{"href":"https:\/\/noticiasmercedinas.com\/site\/wp-json\/wp\/v2\/posts"}],"about":[{"href":"https:\/\/noticiasmercedinas.com\/site\/wp-json\/wp\/v2\/types\/post"}],"author":[{"embeddable":true,"href":"https:\/\/noticiasmercedinas.com\/site\/wp-json\/wp\/v2\/users\/6"}],"replies":[{"embeddable":true,"href":"https:\/\/noticiasmercedinas.com\/site\/wp-json\/wp\/v2\/comments?post=97591"}],"version-history":[{"count":1,"href":"https:\/\/noticiasmercedinas.com\/site\/wp-json\/wp\/v2\/posts\/97591\/revisions"}],"predecessor-version":[{"id":97594,"href":"https:\/\/noticiasmercedinas.com\/site\/wp-json\/wp\/v2\/posts\/97591\/revisions\/97594"}],"wp:featuredmedia":[{"embeddable":true,"href":"https:\/\/noticiasmercedinas.com\/site\/wp-json\/wp\/v2\/media\/97592"}],"wp:attachment":[{"href":"https:\/\/noticiasmercedinas.com\/site\/wp-json\/wp\/v2\/media?parent=97591"}],"wp:term":[{"taxonomy":"category","embeddable":true,"href":"https:\/\/noticiasmercedinas.com\/site\/wp-json\/wp\/v2\/categories?post=97591"},{"taxonomy":"post_tag","embeddable":true,"href":"https:\/\/noticiasmercedinas.com\/site\/wp-json\/wp\/v2\/tags?post=97591"}],"curies":[{"name":"wp","href":"https:\/\/api.w.org\/{rel}","templated":true}]}}