{"id":97678,"date":"2022-08-21T10:07:36","date_gmt":"2022-08-21T13:07:36","guid":{"rendered":"https:\/\/noticiasmercedinas.com\/site\/?p=97678"},"modified":"2022-08-21T10:07:36","modified_gmt":"2022-08-21T13:07:36","slug":"gran-festejo-con-la-ninez-en-el-predio-de-la-uom-mercedes","status":"publish","type":"post","link":"https:\/\/noticiasmercedinas.com\/site\/2022\/08\/21\/gran-festejo-con-la-ninez-en-el-predio-de-la-uom-mercedes\/","title":{"rendered":"Gran festejo con la Ni\u00f1ez en el predio de la UOM Mercedes"},"content":{"rendered":"<p><img loading=\"lazy\" decoding=\"async\" class=\"alignnone size-large wp-image-97682\" src=\"https:\/\/noticiasmercedinas.com\/site\/wp-content\/uploads\/2022\/08\/2125663f-79a8-48cf-ab60-244c9ffcc1ab-1024x576.jpg\" alt=\"\" width=\"640\" height=\"360\" srcset=\"https:\/\/noticiasmercedinas.com\/site\/wp-content\/uploads\/2022\/08\/2125663f-79a8-48cf-ab60-244c9ffcc1ab-1024x576.jpg 1024w, https:\/\/noticiasmercedinas.com\/site\/wp-content\/uploads\/2022\/08\/2125663f-79a8-48cf-ab60-244c9ffcc1ab-300x169.jpg 300w, https:\/\/noticiasmercedinas.com\/site\/wp-content\/uploads\/2022\/08\/2125663f-79a8-48cf-ab60-244c9ffcc1ab-768x432.jpg 768w, https:\/\/noticiasmercedinas.com\/site\/wp-content\/uploads\/2022\/08\/2125663f-79a8-48cf-ab60-244c9ffcc1ab-1536x864.jpg 1536w, https:\/\/noticiasmercedinas.com\/site\/wp-content\/uploads\/2022\/08\/2125663f-79a8-48cf-ab60-244c9ffcc1ab-640x360.jpg 640w, https:\/\/noticiasmercedinas.com\/site\/wp-content\/uploads\/2022\/08\/2125663f-79a8-48cf-ab60-244c9ffcc1ab-1280x720.jpg 1280w, https:\/\/noticiasmercedinas.com\/site\/wp-content\/uploads\/2022\/08\/2125663f-79a8-48cf-ab60-244c9ffcc1ab-681x383.jpg 681w, https:\/\/noticiasmercedinas.com\/site\/wp-content\/uploads\/2022\/08\/2125663f-79a8-48cf-ab60-244c9ffcc1ab-1362x766.jpg 1362w, https:\/\/noticiasmercedinas.com\/site\/wp-content\/uploads\/2022\/08\/2125663f-79a8-48cf-ab60-244c9ffcc1ab.jpg 1600w\" sizes=\"auto, (max-width: 640px) 100vw, 640px\" \/><\/p>\n<p>En una jornada de encuentros, la UOM Seccional Mercedes festej\u00f3 junto a los hijos e hijas de afiliados el \u00abD\u00eda de la Ni\u00f1ez\u00bb.<\/p>\n<p>La jornada tuvo lugar ese s\u00e1bado en su camping recreativo, junto a las familias metal\u00fargica que se dieron cita en un d\u00eda soleado y muy c\u00e1lido, en el que\u00a0los peque\u00f1os disfrutaron en gran forma su d\u00eda tan esperado.<\/p>\n<p>\u00abSe trata de un momento predilecto para celebrar en familia y recordar la importancia de luchar por los derechos de los m\u00e1s peque\u00f1os\u00bb, destacaron desde el gremio.<\/p>\n<p>La jornada comenz\u00f3 con un almuerzo preparado por los delegados de f\u00e1bricas, que fueron los encargados de preparar los alimentos que los ni\u00f1os\/as pudieron degustar como s\u00f3lo ellos saben.<\/p>\n<p><img loading=\"lazy\" decoding=\"async\" class=\"alignnone size-large wp-image-97679\" src=\"https:\/\/noticiasmercedinas.com\/site\/wp-content\/uploads\/2022\/08\/81a458c7-f531-4137-8625-7378e5cd0a04-1024x768.jpg\" alt=\"\" width=\"640\" height=\"480\" srcset=\"https:\/\/noticiasmercedinas.com\/site\/wp-content\/uploads\/2022\/08\/81a458c7-f531-4137-8625-7378e5cd0a04-1024x768.jpg 1024w, https:\/\/noticiasmercedinas.com\/site\/wp-content\/uploads\/2022\/08\/81a458c7-f531-4137-8625-7378e5cd0a04-300x225.jpg 300w, https:\/\/noticiasmercedinas.com\/site\/wp-content\/uploads\/2022\/08\/81a458c7-f531-4137-8625-7378e5cd0a04-768x576.jpg 768w, https:\/\/noticiasmercedinas.com\/site\/wp-content\/uploads\/2022\/08\/81a458c7-f531-4137-8625-7378e5cd0a04-1536x1152.jpg 1536w, https:\/\/noticiasmercedinas.com\/site\/wp-content\/uploads\/2022\/08\/81a458c7-f531-4137-8625-7378e5cd0a04-80x60.jpg 80w, https:\/\/noticiasmercedinas.com\/site\/wp-content\/uploads\/2022\/08\/81a458c7-f531-4137-8625-7378e5cd0a04-160x120.jpg 160w, https:\/\/noticiasmercedinas.com\/site\/wp-content\/uploads\/2022\/08\/81a458c7-f531-4137-8625-7378e5cd0a04-100x75.jpg 100w, https:\/\/noticiasmercedinas.com\/site\/wp-content\/uploads\/2022\/08\/81a458c7-f531-4137-8625-7378e5cd0a04-200x150.jpg 200w, https:\/\/noticiasmercedinas.com\/site\/wp-content\/uploads\/2022\/08\/81a458c7-f531-4137-8625-7378e5cd0a04-180x135.jpg 180w, https:\/\/noticiasmercedinas.com\/site\/wp-content\/uploads\/2022\/08\/81a458c7-f531-4137-8625-7378e5cd0a04-360x270.jpg 360w, https:\/\/noticiasmercedinas.com\/site\/wp-content\/uploads\/2022\/08\/81a458c7-f531-4137-8625-7378e5cd0a04-238x178.jpg 238w, https:\/\/noticiasmercedinas.com\/site\/wp-content\/uploads\/2022\/08\/81a458c7-f531-4137-8625-7378e5cd0a04-476x356.jpg 476w, https:\/\/noticiasmercedinas.com\/site\/wp-content\/uploads\/2022\/08\/81a458c7-f531-4137-8625-7378e5cd0a04-640x480.jpg 640w, https:\/\/noticiasmercedinas.com\/site\/wp-content\/uploads\/2022\/08\/81a458c7-f531-4137-8625-7378e5cd0a04-1280x960.jpg 1280w, https:\/\/noticiasmercedinas.com\/site\/wp-content\/uploads\/2022\/08\/81a458c7-f531-4137-8625-7378e5cd0a04-681x511.jpg 681w, https:\/\/noticiasmercedinas.com\/site\/wp-content\/uploads\/2022\/08\/81a458c7-f531-4137-8625-7378e5cd0a04-1362x1022.jpg 1362w, https:\/\/noticiasmercedinas.com\/site\/wp-content\/uploads\/2022\/08\/81a458c7-f531-4137-8625-7378e5cd0a04.jpg 1600w\" sizes=\"auto, (max-width: 640px) 100vw, 640px\" \/><\/p>\n<p>Luego dieron riendas suelta a toda esa energ\u00eda y alegr\u00eda entre castillos y el payaso Angelucho, que los hizo divertirse y sonre\u00edr con sus trucos de magia con su show Mastroiesa.<\/p>\n<p>El festejo cont\u00f3 con la visita del intendente municipal Juan Ignacio Ustarroz.<\/p>\n<p><img loading=\"lazy\" decoding=\"async\" class=\"alignnone size-large wp-image-97680\" src=\"https:\/\/noticiasmercedinas.com\/site\/wp-content\/uploads\/2022\/08\/598d1a73-1518-4285-8711-ba30056a63d7-768x1024.jpg\" alt=\"\" width=\"640\" height=\"853\" srcset=\"https:\/\/noticiasmercedinas.com\/site\/wp-content\/uploads\/2022\/08\/598d1a73-1518-4285-8711-ba30056a63d7-768x1024.jpg 768w, https:\/\/noticiasmercedinas.com\/site\/wp-content\/uploads\/2022\/08\/598d1a73-1518-4285-8711-ba30056a63d7-225x300.jpg 225w, https:\/\/noticiasmercedinas.com\/site\/wp-content\/uploads\/2022\/08\/598d1a73-1518-4285-8711-ba30056a63d7-640x853.jpg 640w, https:\/\/noticiasmercedinas.com\/site\/wp-content\/uploads\/2022\/08\/598d1a73-1518-4285-8711-ba30056a63d7-681x908.jpg 681w, https:\/\/noticiasmercedinas.com\/site\/wp-content\/uploads\/2022\/08\/598d1a73-1518-4285-8711-ba30056a63d7.jpg 960w\" sizes=\"auto, (max-width: 640px) 100vw, 640px\" \/><\/p>\n<p>\u00abDesde la Comisi\u00f3n Directiva del gremio, queremos agradecer a todos los que nos han dado una mano para poder realizar dicha celebraci\u00f3n por el d\u00eda de la infancia\u00bb, destac\u00f3 Humberto Perdiguero, secretario gremial.<\/p>\n<ul>\n<li>A la Licenciada Gabriela Olivella, de la Direcci\u00f3n de la Ni\u00f1ez y Adolescencia por su colaboraci\u00f3n.<\/li>\n<li>Al Director de la Unidad Penitenciaria N\u00b05 Roberto Frades, al Alcaide Mayor Analia L\u00f3pez<\/li>\n<li>Al maestro panadero Tomas Carballo, por la elaboraci\u00f3n de una riqu\u00edsima torta que compartieron todos los presentes.<\/li>\n<li>A las familias de los trabajadores metal\u00fargicos por confiar una vez m\u00e1s en nosotros y llevar el tesoro m\u00e1s valioso de todo padre que son sus hijos\/as.<\/li>\n<\/ul>\n<p><img loading=\"lazy\" decoding=\"async\" class=\"alignnone size-large wp-image-97681\" src=\"https:\/\/noticiasmercedinas.com\/site\/wp-content\/uploads\/2022\/08\/a6c75918-5739-4fd8-b7ea-4e782ced5191-1024x768.jpg\" alt=\"\" width=\"640\" height=\"480\" srcset=\"https:\/\/noticiasmercedinas.com\/site\/wp-content\/uploads\/2022\/08\/a6c75918-5739-4fd8-b7ea-4e782ced5191-1024x768.jpg 1024w, https:\/\/noticiasmercedinas.com\/site\/wp-content\/uploads\/2022\/08\/a6c75918-5739-4fd8-b7ea-4e782ced5191-300x225.jpg 300w, https:\/\/noticiasmercedinas.com\/site\/wp-content\/uploads\/2022\/08\/a6c75918-5739-4fd8-b7ea-4e782ced5191-768x576.jpg 768w, https:\/\/noticiasmercedinas.com\/site\/wp-content\/uploads\/2022\/08\/a6c75918-5739-4fd8-b7ea-4e782ced5191-1536x1152.jpg 1536w, https:\/\/noticiasmercedinas.com\/site\/wp-content\/uploads\/2022\/08\/a6c75918-5739-4fd8-b7ea-4e782ced5191-80x60.jpg 80w, https:\/\/noticiasmercedinas.com\/site\/wp-content\/uploads\/2022\/08\/a6c75918-5739-4fd8-b7ea-4e782ced5191-160x120.jpg 160w, https:\/\/noticiasmercedinas.com\/site\/wp-content\/uploads\/2022\/08\/a6c75918-5739-4fd8-b7ea-4e782ced5191-100x75.jpg 100w, https:\/\/noticiasmercedinas.com\/site\/wp-content\/uploads\/2022\/08\/a6c75918-5739-4fd8-b7ea-4e782ced5191-200x150.jpg 200w, https:\/\/noticiasmercedinas.com\/site\/wp-content\/uploads\/2022\/08\/a6c75918-5739-4fd8-b7ea-4e782ced5191-180x135.jpg 180w, https:\/\/noticiasmercedinas.com\/site\/wp-content\/uploads\/2022\/08\/a6c75918-5739-4fd8-b7ea-4e782ced5191-360x270.jpg 360w, https:\/\/noticiasmercedinas.com\/site\/wp-content\/uploads\/2022\/08\/a6c75918-5739-4fd8-b7ea-4e782ced5191-238x178.jpg 238w, https:\/\/noticiasmercedinas.com\/site\/wp-content\/uploads\/2022\/08\/a6c75918-5739-4fd8-b7ea-4e782ced5191-476x356.jpg 476w, https:\/\/noticiasmercedinas.com\/site\/wp-content\/uploads\/2022\/08\/a6c75918-5739-4fd8-b7ea-4e782ced5191-640x480.jpg 640w, https:\/\/noticiasmercedinas.com\/site\/wp-content\/uploads\/2022\/08\/a6c75918-5739-4fd8-b7ea-4e782ced5191-1280x960.jpg 1280w, https:\/\/noticiasmercedinas.com\/site\/wp-content\/uploads\/2022\/08\/a6c75918-5739-4fd8-b7ea-4e782ced5191-681x511.jpg 681w, https:\/\/noticiasmercedinas.com\/site\/wp-content\/uploads\/2022\/08\/a6c75918-5739-4fd8-b7ea-4e782ced5191-1362x1022.jpg 1362w, https:\/\/noticiasmercedinas.com\/site\/wp-content\/uploads\/2022\/08\/a6c75918-5739-4fd8-b7ea-4e782ced5191.jpg 1600w\" sizes=\"auto, (max-width: 640px) 100vw, 640px\" \/><\/p>\n","protected":false},"excerpt":{"rendered":"<p>\u25a0 Fue este s\u00e1bado en el campo de Deportes. Desde la Comisi\u00f3n Directiva del gremio quisieron agradecer a todos los que nos les dado una mano para poder realizar la celebraci\u00f3n<\/p>\n","protected":false},"author":16,"featured_media":97682,"comment_status":"open","ping_status":"open","sticky":false,"template":"","format":"standard","meta":{"footnotes":""},"categories":[3],"tags":[79,349,1125,214],"class_list":["post-97678","post","type-post","status-publish","format-standard","has-post-thumbnail","hentry","category-sociedad","tag-dia-del-nino","tag-humberto-perdiguero","tag-metalurgicos","tag-uom"],"yoast_head":"<!-- This site is optimized with the Yoast SEO plugin v27.5 - https:\/\/yoast.com\/product\/yoast-seo-wordpress\/ -->\n<title>Gran festejo con la Ni\u00f1ez en el predio de la UOM Mercedes<\/title>\n<meta name=\"robots\" content=\"index, follow, max-snippet:-1, max-image-preview:large, max-video-preview:-1\" \/>\n<link rel=\"canonical\" href=\"https:\/\/noticiasmercedinas.com\/site\/2022\/08\/21\/gran-festejo-con-la-ninez-en-el-predio-de-la-uom-mercedes\/\" \/>\n<meta property=\"og:locale\" content=\"es_ES\" \/>\n<meta property=\"og:type\" content=\"article\" \/>\n<meta property=\"og:title\" content=\"Gran festejo con la Ni\u00f1ez en el predio de la UOM Mercedes\" \/>\n<meta property=\"og:description\" content=\"\u25a0 Fue este s\u00e1bado en el campo de Deportes. Desde la Comisi\u00f3n Directiva del gremio quisieron agradecer a todos los que nos les dado una mano para poder realizar la celebraci\u00f3n\" \/>\n<meta property=\"og:url\" content=\"https:\/\/noticiasmercedinas.com\/site\/2022\/08\/21\/gran-festejo-con-la-ninez-en-el-predio-de-la-uom-mercedes\/\" \/>\n<meta property=\"og:site_name\" content=\"NOTICIASMERCEDINAS.COM\" \/>\n<meta property=\"article:publisher\" content=\"https:\/\/www.facebook.com\/noticiasmercedinas\/\" \/>\n<meta property=\"article:published_time\" content=\"2022-08-21T13:07:36+00:00\" \/>\n<meta property=\"og:image\" content=\"https:\/\/noticiasmercedinas.com\/site\/wp-content\/uploads\/2022\/08\/2125663f-79a8-48cf-ab60-244c9ffcc1ab.jpg\" \/>\n\t<meta property=\"og:image:width\" content=\"1600\" \/>\n\t<meta property=\"og:image:height\" content=\"900\" \/>\n\t<meta property=\"og:image:type\" content=\"image\/jpeg\" \/>\n<meta name=\"author\" content=\"NOTICIASMERCEDINAS.COM\" \/>\n<meta name=\"twitter:card\" content=\"summary_large_image\" \/>\n<meta name=\"twitter:creator\" content=\"@notmercedinas\" \/>\n<meta name=\"twitter:site\" content=\"@notmercedinas\" \/>\n<meta name=\"twitter:label1\" content=\"Escrito por\" \/>\n\t<meta name=\"twitter:data1\" content=\"NOTICIASMERCEDINAS.COM\" \/>\n\t<meta name=\"twitter:label2\" content=\"Tiempo de lectura\" \/>\n\t<meta name=\"twitter:data2\" content=\"3 minutos\" \/>\n<script type=\"application\/ld+json\" class=\"yoast-schema-graph\">{\"@context\":\"https:\\\/\\\/schema.org\",\"@graph\":[{\"@type\":\"Article\",\"@id\":\"https:\\\/\\\/noticiasmercedinas.com\\\/site\\\/2022\\\/08\\\/21\\\/gran-festejo-con-la-ninez-en-el-predio-de-la-uom-mercedes\\\/#article\",\"isPartOf\":{\"@id\":\"https:\\\/\\\/noticiasmercedinas.com\\\/site\\\/2022\\\/08\\\/21\\\/gran-festejo-con-la-ninez-en-el-predio-de-la-uom-mercedes\\\/\"},\"author\":{\"name\":\"NOTICIASMERCEDINAS.COM\",\"@id\":\"https:\\\/\\\/noticiasmercedinas.com\\\/site\\\/#\\\/schema\\\/person\\\/84b59c099c28ff2e8b77d4ceec5d8063\"},\"headline\":\"Gran festejo con la Ni\u00f1ez en el predio de la UOM Mercedes\",\"datePublished\":\"2022-08-21T13:07:36+00:00\",\"mainEntityOfPage\":{\"@id\":\"https:\\\/\\\/noticiasmercedinas.com\\\/site\\\/2022\\\/08\\\/21\\\/gran-festejo-con-la-ninez-en-el-predio-de-la-uom-mercedes\\\/\"},\"wordCount\":311,\"commentCount\":0,\"publisher\":{\"@id\":\"https:\\\/\\\/noticiasmercedinas.com\\\/site\\\/#organization\"},\"image\":{\"@id\":\"https:\\\/\\\/noticiasmercedinas.com\\\/site\\\/2022\\\/08\\\/21\\\/gran-festejo-con-la-ninez-en-el-predio-de-la-uom-mercedes\\\/#primaryimage\"},\"thumbnailUrl\":\"https:\\\/\\\/noticiasmercedinas.com\\\/site\\\/wp-content\\\/uploads\\\/2022\\\/08\\\/2125663f-79a8-48cf-ab60-244c9ffcc1ab.jpg\",\"keywords\":[\"dia del ni\u00f1o\",\"humberto perdiguero\",\"metalurgicos\",\"uom\"],\"articleSection\":[\"Sociedad\"],\"inLanguage\":\"es\",\"potentialAction\":[{\"@type\":\"CommentAction\",\"name\":\"Comment\",\"target\":[\"https:\\\/\\\/noticiasmercedinas.com\\\/site\\\/2022\\\/08\\\/21\\\/gran-festejo-con-la-ninez-en-el-predio-de-la-uom-mercedes\\\/#respond\"]}]},{\"@type\":\"WebPage\",\"@id\":\"https:\\\/\\\/noticiasmercedinas.com\\\/site\\\/2022\\\/08\\\/21\\\/gran-festejo-con-la-ninez-en-el-predio-de-la-uom-mercedes\\\/\",\"url\":\"https:\\\/\\\/noticiasmercedinas.com\\\/site\\\/2022\\\/08\\\/21\\\/gran-festejo-con-la-ninez-en-el-predio-de-la-uom-mercedes\\\/\",\"name\":\"Gran festejo con la Ni\u00f1ez en el predio de la UOM Mercedes\",\"isPartOf\":{\"@id\":\"https:\\\/\\\/noticiasmercedinas.com\\\/site\\\/#website\"},\"primaryImageOfPage\":{\"@id\":\"https:\\\/\\\/noticiasmercedinas.com\\\/site\\\/2022\\\/08\\\/21\\\/gran-festejo-con-la-ninez-en-el-predio-de-la-uom-mercedes\\\/#primaryimage\"},\"image\":{\"@id\":\"https:\\\/\\\/noticiasmercedinas.com\\\/site\\\/2022\\\/08\\\/21\\\/gran-festejo-con-la-ninez-en-el-predio-de-la-uom-mercedes\\\/#primaryimage\"},\"thumbnailUrl\":\"https:\\\/\\\/noticiasmercedinas.com\\\/site\\\/wp-content\\\/uploads\\\/2022\\\/08\\\/2125663f-79a8-48cf-ab60-244c9ffcc1ab.jpg\",\"datePublished\":\"2022-08-21T13:07:36+00:00\",\"breadcrumb\":{\"@id\":\"https:\\\/\\\/noticiasmercedinas.com\\\/site\\\/2022\\\/08\\\/21\\\/gran-festejo-con-la-ninez-en-el-predio-de-la-uom-mercedes\\\/#breadcrumb\"},\"inLanguage\":\"es\",\"potentialAction\":[{\"@type\":\"ReadAction\",\"target\":[\"https:\\\/\\\/noticiasmercedinas.com\\\/site\\\/2022\\\/08\\\/21\\\/gran-festejo-con-la-ninez-en-el-predio-de-la-uom-mercedes\\\/\"]}]},{\"@type\":\"ImageObject\",\"inLanguage\":\"es\",\"@id\":\"https:\\\/\\\/noticiasmercedinas.com\\\/site\\\/2022\\\/08\\\/21\\\/gran-festejo-con-la-ninez-en-el-predio-de-la-uom-mercedes\\\/#primaryimage\",\"url\":\"https:\\\/\\\/noticiasmercedinas.com\\\/site\\\/wp-content\\\/uploads\\\/2022\\\/08\\\/2125663f-79a8-48cf-ab60-244c9ffcc1ab.jpg\",\"contentUrl\":\"https:\\\/\\\/noticiasmercedinas.com\\\/site\\\/wp-content\\\/uploads\\\/2022\\\/08\\\/2125663f-79a8-48cf-ab60-244c9ffcc1ab.jpg\",\"width\":1600,\"height\":900},{\"@type\":\"BreadcrumbList\",\"@id\":\"https:\\\/\\\/noticiasmercedinas.com\\\/site\\\/2022\\\/08\\\/21\\\/gran-festejo-con-la-ninez-en-el-predio-de-la-uom-mercedes\\\/#breadcrumb\",\"itemListElement\":[{\"@type\":\"ListItem\",\"position\":1,\"name\":\"Portada\",\"item\":\"https:\\\/\\\/noticiasmercedinas.com\\\/site\\\/\"},{\"@type\":\"ListItem\",\"position\":2,\"name\":\"Gran festejo con la Ni\u00f1ez en el predio de la UOM Mercedes\"}]},{\"@type\":\"WebSite\",\"@id\":\"https:\\\/\\\/noticiasmercedinas.com\\\/site\\\/#website\",\"url\":\"https:\\\/\\\/noticiasmercedinas.com\\\/site\\\/\",\"name\":\"NOTICIASMERCEDINAS.COM\",\"description\":\"Mercedes, Buenos Aires, Argentina\",\"publisher\":{\"@id\":\"https:\\\/\\\/noticiasmercedinas.com\\\/site\\\/#organization\"},\"potentialAction\":[{\"@type\":\"SearchAction\",\"target\":{\"@type\":\"EntryPoint\",\"urlTemplate\":\"https:\\\/\\\/noticiasmercedinas.com\\\/site\\\/?s={search_term_string}\"},\"query-input\":{\"@type\":\"PropertyValueSpecification\",\"valueRequired\":true,\"valueName\":\"search_term_string\"}}],\"inLanguage\":\"es\"},{\"@type\":\"Organization\",\"@id\":\"https:\\\/\\\/noticiasmercedinas.com\\\/site\\\/#organization\",\"name\":\"NOTICIASMERCEDINAS.COM\",\"url\":\"https:\\\/\\\/noticiasmercedinas.com\\\/site\\\/\",\"logo\":{\"@type\":\"ImageObject\",\"inLanguage\":\"es\",\"@id\":\"https:\\\/\\\/noticiasmercedinas.com\\\/site\\\/#\\\/schema\\\/logo\\\/image\\\/\",\"url\":\"https:\\\/\\\/noticiasmercedinas.com\\\/site\\\/wp-content\\\/uploads\\\/2020\\\/06\\\/LOGO-512.jpg\",\"contentUrl\":\"https:\\\/\\\/noticiasmercedinas.com\\\/site\\\/wp-content\\\/uploads\\\/2020\\\/06\\\/LOGO-512.jpg\",\"width\":512,\"height\":512,\"caption\":\"NOTICIASMERCEDINAS.COM\"},\"image\":{\"@id\":\"https:\\\/\\\/noticiasmercedinas.com\\\/site\\\/#\\\/schema\\\/logo\\\/image\\\/\"},\"sameAs\":[\"https:\\\/\\\/www.facebook.com\\\/noticiasmercedinas\\\/\",\"https:\\\/\\\/x.com\\\/notmercedinas\",\"https:\\\/\\\/www.instagram.com\\\/noticiasmercedinas\\\/\"]},{\"@type\":\"Person\",\"@id\":\"https:\\\/\\\/noticiasmercedinas.com\\\/site\\\/#\\\/schema\\\/person\\\/84b59c099c28ff2e8b77d4ceec5d8063\",\"name\":\"NOTICIASMERCEDINAS.COM\",\"image\":{\"@type\":\"ImageObject\",\"inLanguage\":\"es\",\"@id\":\"https:\\\/\\\/secure.gravatar.com\\\/avatar\\\/4dfbf16b4d17945bfb6341b2d19043457132fcf478a5ee04f42e959fd8f5df0a?s=96&d=mm&r=g\",\"url\":\"https:\\\/\\\/secure.gravatar.com\\\/avatar\\\/4dfbf16b4d17945bfb6341b2d19043457132fcf478a5ee04f42e959fd8f5df0a?s=96&d=mm&r=g\",\"contentUrl\":\"https:\\\/\\\/secure.gravatar.com\\\/avatar\\\/4dfbf16b4d17945bfb6341b2d19043457132fcf478a5ee04f42e959fd8f5df0a?s=96&d=mm&r=g\",\"caption\":\"NOTICIASMERCEDINAS.COM\"},\"url\":\"https:\\\/\\\/noticiasmercedinas.com\\\/site\\\/author\\\/anonimo\\\/\"}]}<\/script>\n<!-- \/ Yoast SEO plugin. -->","yoast_head_json":{"title":"Gran festejo con la Ni\u00f1ez en el predio de la UOM Mercedes","robots":{"index":"index","follow":"follow","max-snippet":"max-snippet:-1","max-image-preview":"max-image-preview:large","max-video-preview":"max-video-preview:-1"},"canonical":"https:\/\/noticiasmercedinas.com\/site\/2022\/08\/21\/gran-festejo-con-la-ninez-en-el-predio-de-la-uom-mercedes\/","og_locale":"es_ES","og_type":"article","og_title":"Gran festejo con la Ni\u00f1ez en el predio de la UOM Mercedes","og_description":"\u25a0 Fue este s\u00e1bado en el campo de Deportes. Desde la Comisi\u00f3n Directiva del gremio quisieron agradecer a todos los que nos les dado una mano para poder realizar la celebraci\u00f3n","og_url":"https:\/\/noticiasmercedinas.com\/site\/2022\/08\/21\/gran-festejo-con-la-ninez-en-el-predio-de-la-uom-mercedes\/","og_site_name":"NOTICIASMERCEDINAS.COM","article_publisher":"https:\/\/www.facebook.com\/noticiasmercedinas\/","article_published_time":"2022-08-21T13:07:36+00:00","og_image":[{"width":1600,"height":900,"url":"https:\/\/noticiasmercedinas.com\/site\/wp-content\/uploads\/2022\/08\/2125663f-79a8-48cf-ab60-244c9ffcc1ab.jpg","type":"image\/jpeg"}],"author":"NOTICIASMERCEDINAS.COM","twitter_card":"summary_large_image","twitter_creator":"@notmercedinas","twitter_site":"@notmercedinas","twitter_misc":{"Escrito por":"NOTICIASMERCEDINAS.COM","Tiempo de lectura":"3 minutos"},"schema":{"@context":"https:\/\/schema.org","@graph":[{"@type":"Article","@id":"https:\/\/noticiasmercedinas.com\/site\/2022\/08\/21\/gran-festejo-con-la-ninez-en-el-predio-de-la-uom-mercedes\/#article","isPartOf":{"@id":"https:\/\/noticiasmercedinas.com\/site\/2022\/08\/21\/gran-festejo-con-la-ninez-en-el-predio-de-la-uom-mercedes\/"},"author":{"name":"NOTICIASMERCEDINAS.COM","@id":"https:\/\/noticiasmercedinas.com\/site\/#\/schema\/person\/84b59c099c28ff2e8b77d4ceec5d8063"},"headline":"Gran festejo con la Ni\u00f1ez en el predio de la UOM Mercedes","datePublished":"2022-08-21T13:07:36+00:00","mainEntityOfPage":{"@id":"https:\/\/noticiasmercedinas.com\/site\/2022\/08\/21\/gran-festejo-con-la-ninez-en-el-predio-de-la-uom-mercedes\/"},"wordCount":311,"commentCount":0,"publisher":{"@id":"https:\/\/noticiasmercedinas.com\/site\/#organization"},"image":{"@id":"https:\/\/noticiasmercedinas.com\/site\/2022\/08\/21\/gran-festejo-con-la-ninez-en-el-predio-de-la-uom-mercedes\/#primaryimage"},"thumbnailUrl":"https:\/\/noticiasmercedinas.com\/site\/wp-content\/uploads\/2022\/08\/2125663f-79a8-48cf-ab60-244c9ffcc1ab.jpg","keywords":["dia del ni\u00f1o","humberto perdiguero","metalurgicos","uom"],"articleSection":["Sociedad"],"inLanguage":"es","potentialAction":[{"@type":"CommentAction","name":"Comment","target":["https:\/\/noticiasmercedinas.com\/site\/2022\/08\/21\/gran-festejo-con-la-ninez-en-el-predio-de-la-uom-mercedes\/#respond"]}]},{"@type":"WebPage","@id":"https:\/\/noticiasmercedinas.com\/site\/2022\/08\/21\/gran-festejo-con-la-ninez-en-el-predio-de-la-uom-mercedes\/","url":"https:\/\/noticiasmercedinas.com\/site\/2022\/08\/21\/gran-festejo-con-la-ninez-en-el-predio-de-la-uom-mercedes\/","name":"Gran festejo con la Ni\u00f1ez en el predio de la UOM Mercedes","isPartOf":{"@id":"https:\/\/noticiasmercedinas.com\/site\/#website"},"primaryImageOfPage":{"@id":"https:\/\/noticiasmercedinas.com\/site\/2022\/08\/21\/gran-festejo-con-la-ninez-en-el-predio-de-la-uom-mercedes\/#primaryimage"},"image":{"@id":"https:\/\/noticiasmercedinas.com\/site\/2022\/08\/21\/gran-festejo-con-la-ninez-en-el-predio-de-la-uom-mercedes\/#primaryimage"},"thumbnailUrl":"https:\/\/noticiasmercedinas.com\/site\/wp-content\/uploads\/2022\/08\/2125663f-79a8-48cf-ab60-244c9ffcc1ab.jpg","datePublished":"2022-08-21T13:07:36+00:00","breadcrumb":{"@id":"https:\/\/noticiasmercedinas.com\/site\/2022\/08\/21\/gran-festejo-con-la-ninez-en-el-predio-de-la-uom-mercedes\/#breadcrumb"},"inLanguage":"es","potentialAction":[{"@type":"ReadAction","target":["https:\/\/noticiasmercedinas.com\/site\/2022\/08\/21\/gran-festejo-con-la-ninez-en-el-predio-de-la-uom-mercedes\/"]}]},{"@type":"ImageObject","inLanguage":"es","@id":"https:\/\/noticiasmercedinas.com\/site\/2022\/08\/21\/gran-festejo-con-la-ninez-en-el-predio-de-la-uom-mercedes\/#primaryimage","url":"https:\/\/noticiasmercedinas.com\/site\/wp-content\/uploads\/2022\/08\/2125663f-79a8-48cf-ab60-244c9ffcc1ab.jpg","contentUrl":"https:\/\/noticiasmercedinas.com\/site\/wp-content\/uploads\/2022\/08\/2125663f-79a8-48cf-ab60-244c9ffcc1ab.jpg","width":1600,"height":900},{"@type":"BreadcrumbList","@id":"https:\/\/noticiasmercedinas.com\/site\/2022\/08\/21\/gran-festejo-con-la-ninez-en-el-predio-de-la-uom-mercedes\/#breadcrumb","itemListElement":[{"@type":"ListItem","position":1,"name":"Portada","item":"https:\/\/noticiasmercedinas.com\/site\/"},{"@type":"ListItem","position":2,"name":"Gran festejo con la Ni\u00f1ez en el predio de la UOM Mercedes"}]},{"@type":"WebSite","@id":"https:\/\/noticiasmercedinas.com\/site\/#website","url":"https:\/\/noticiasmercedinas.com\/site\/","name":"NOTICIASMERCEDINAS.COM","description":"Mercedes, Buenos Aires, Argentina","publisher":{"@id":"https:\/\/noticiasmercedinas.com\/site\/#organization"},"potentialAction":[{"@type":"SearchAction","target":{"@type":"EntryPoint","urlTemplate":"https:\/\/noticiasmercedinas.com\/site\/?s={search_term_string}"},"query-input":{"@type":"PropertyValueSpecification","valueRequired":true,"valueName":"search_term_string"}}],"inLanguage":"es"},{"@type":"Organization","@id":"https:\/\/noticiasmercedinas.com\/site\/#organization","name":"NOTICIASMERCEDINAS.COM","url":"https:\/\/noticiasmercedinas.com\/site\/","logo":{"@type":"ImageObject","inLanguage":"es","@id":"https:\/\/noticiasmercedinas.com\/site\/#\/schema\/logo\/image\/","url":"https:\/\/noticiasmercedinas.com\/site\/wp-content\/uploads\/2020\/06\/LOGO-512.jpg","contentUrl":"https:\/\/noticiasmercedinas.com\/site\/wp-content\/uploads\/2020\/06\/LOGO-512.jpg","width":512,"height":512,"caption":"NOTICIASMERCEDINAS.COM"},"image":{"@id":"https:\/\/noticiasmercedinas.com\/site\/#\/schema\/logo\/image\/"},"sameAs":["https:\/\/www.facebook.com\/noticiasmercedinas\/","https:\/\/x.com\/notmercedinas","https:\/\/www.instagram.com\/noticiasmercedinas\/"]},{"@type":"Person","@id":"https:\/\/noticiasmercedinas.com\/site\/#\/schema\/person\/84b59c099c28ff2e8b77d4ceec5d8063","name":"NOTICIASMERCEDINAS.COM","image":{"@type":"ImageObject","inLanguage":"es","@id":"https:\/\/secure.gravatar.com\/avatar\/4dfbf16b4d17945bfb6341b2d19043457132fcf478a5ee04f42e959fd8f5df0a?s=96&d=mm&r=g","url":"https:\/\/secure.gravatar.com\/avatar\/4dfbf16b4d17945bfb6341b2d19043457132fcf478a5ee04f42e959fd8f5df0a?s=96&d=mm&r=g","contentUrl":"https:\/\/secure.gravatar.com\/avatar\/4dfbf16b4d17945bfb6341b2d19043457132fcf478a5ee04f42e959fd8f5df0a?s=96&d=mm&r=g","caption":"NOTICIASMERCEDINAS.COM"},"url":"https:\/\/noticiasmercedinas.com\/site\/author\/anonimo\/"}]}},"amp_enabled":true,"_links":{"self":[{"href":"https:\/\/noticiasmercedinas.com\/site\/wp-json\/wp\/v2\/posts\/97678","targetHints":{"allow":["GET"]}}],"collection":[{"href":"https:\/\/noticiasmercedinas.com\/site\/wp-json\/wp\/v2\/posts"}],"about":[{"href":"https:\/\/noticiasmercedinas.com\/site\/wp-json\/wp\/v2\/types\/post"}],"author":[{"embeddable":true,"href":"https:\/\/noticiasmercedinas.com\/site\/wp-json\/wp\/v2\/users\/16"}],"replies":[{"embeddable":true,"href":"https:\/\/noticiasmercedinas.com\/site\/wp-json\/wp\/v2\/comments?post=97678"}],"version-history":[{"count":1,"href":"https:\/\/noticiasmercedinas.com\/site\/wp-json\/wp\/v2\/posts\/97678\/revisions"}],"predecessor-version":[{"id":97683,"href":"https:\/\/noticiasmercedinas.com\/site\/wp-json\/wp\/v2\/posts\/97678\/revisions\/97683"}],"wp:featuredmedia":[{"embeddable":true,"href":"https:\/\/noticiasmercedinas.com\/site\/wp-json\/wp\/v2\/media\/97682"}],"wp:attachment":[{"href":"https:\/\/noticiasmercedinas.com\/site\/wp-json\/wp\/v2\/media?parent=97678"}],"wp:term":[{"taxonomy":"category","embeddable":true,"href":"https:\/\/noticiasmercedinas.com\/site\/wp-json\/wp\/v2\/categories?post=97678"},{"taxonomy":"post_tag","embeddable":true,"href":"https:\/\/noticiasmercedinas.com\/site\/wp-json\/wp\/v2\/tags?post=97678"}],"curies":[{"name":"wp","href":"https:\/\/api.w.org\/{rel}","templated":true}]}}