{"id":97684,"date":"2022-08-21T10:19:27","date_gmt":"2022-08-21T13:19:27","guid":{"rendered":"https:\/\/noticiasmercedinas.com\/site\/?p=97684"},"modified":"2022-08-21T10:19:27","modified_gmt":"2022-08-21T13:19:27","slug":"una-fecha-que-dejo-de-todo","status":"publish","type":"post","link":"https:\/\/noticiasmercedinas.com\/site\/2022\/08\/21\/una-fecha-que-dejo-de-todo\/","title":{"rendered":"Una fecha que dej\u00f3 de todo"},"content":{"rendered":"<figure id=\"attachment_97686\" aria-describedby=\"caption-attachment-97686\" style=\"width: 640px\" class=\"wp-caption alignnone\"><img loading=\"lazy\" decoding=\"async\" class=\"wp-image-97686 size-full\" src=\"https:\/\/noticiasmercedinas.com\/site\/wp-content\/uploads\/2022\/08\/carteros.png\" alt=\"\" width=\"640\" height=\"416\" srcset=\"https:\/\/noticiasmercedinas.com\/site\/wp-content\/uploads\/2022\/08\/carteros.png 640w, https:\/\/noticiasmercedinas.com\/site\/wp-content\/uploads\/2022\/08\/carteros-300x194.png 300w\" sizes=\"auto, (max-width: 640px) 100vw, 640px\" \/><figcaption id=\"caption-attachment-97686\" class=\"wp-caption-text\">Los Carteros femenino, uno de los equipos de Primera.<\/figcaption><\/figure>\n<p>El s\u00e1bado fue tiempo de la tercera fecha de las revanchas para el f\u00fatbol femenino de Primera divisi\u00f3n que impulsa la Liga Mercedina. En la oportunidad quedaron libres El Front\u00f3n Azul, Trocha y El Front\u00f3n Rojo, conoci\u00e9ndose adem\u00e1s el fallo del Tribunal de Penas del encuentro entre AMEFIP San Mart\u00edn y Defensores Juniors, d\u00e1ndoselo por perdido a los dos por 1 a 0. Todas las futbolistas informadas recibieron tres fechas de suspensi\u00f3n cada una. Resultados, posiciones y lo que vendr\u00e1:<\/p>\n<p><strong>V\u00e9lez 0.<br \/>\nGowland 0.<\/p>\n<p>Palometas 0.<br \/>\nEl Tim\u00f3n 5:<\/strong> Agustina Bengochea, Mar\u00eda Emilia Mu\u00f1oz, Florencia Polizzo, Josefina Ricciardulli y Mar\u00eda Mercedes Viotto.<\/p>\n<p><strong>Defensores 0.<br \/>\nFlandria 2:<\/strong> Brenda Antunes 2.<\/p>\n<p><strong>Club Mercedes 3:<\/strong> Lucrecia Gamarra 2 y Bel\u00e9n Lucero.<strong><br \/>\nAMEFIP San Mart\u00edn 0.<\/strong><\/p>\n<p><strong>Atl\u00e9tico Marcos Paz 1: <\/strong>Micaela Fern\u00e1ndez.<br \/>\n<strong>Estudiantes 0.<\/p>\n<p>Pabell\u00f3n 3.<br \/>\nLos Carteros 0.<\/strong><\/p>\n<p><strong>Posiciones<\/strong><strong><br \/>\nZona A:<\/strong>\u00a01\u00b0 AMEFIP San Mart\u00edn 12 puntos, 2\u00b0 El Front\u00f3n Azul y Flandria 10, 4\u00b0 Mercedes 9 y 5\u00b0 Defensores 3 unidades.<\/p>\n<p><strong>Zona B:<\/strong>\u00a01\u00b0 El Tim\u00f3n 16 puntos, 2\u00b0 Trocha 7, 3\u00b0 Atl\u00e9tico Marcos Paz 6, 4\u00b0 Palometas 5 y 4\u00b0 Estudiantes\u00a03 unidades.<\/p>\n<p><strong>Zona C:<\/strong>\u00a01\u00b0 Front\u00f3n Rojo 15 puntos, 2\u00b0 Pabell\u00f3n 13, 3\u00b0 V\u00e9lez 8, 4\u00b0 Gowland 4 y 5\u00b0 Los Carteros 0 unidad.<\/p>\n<p><strong>Pr\u00f3xima fecha<\/strong><br \/>\nClub Mercedes vs. Defensores Juniors.<br \/>\nEl Front\u00f3n Azul vs. AMEFIP San Mart\u00edn.<br \/>\nEstudiantes vs. Palometas FC.<br \/>\nTrocha vs. Atl\u00e9tico Marcos Paz.<br \/>\nLos Carteros vs. Gowland.<br \/>\nEl Front\u00f3n Rojo vs. Pabell\u00f3n.<br \/>\n<strong>Libres:<\/strong> Flandria, El Tim\u00f3n y V\u00e9lez.<\/p>\n","protected":false},"excerpt":{"rendered":"<p>\u25a0 El Tim\u00f3n gole\u00f3 para seguir liderando. Club Mercedes le gan\u00f3 al puntero AMEFIP San Mart\u00edn. El Front\u00f3n Rojo pese a quedar libre sigue al frente de su zona. Se conoci\u00f3 el fallo tras los incidentes.<\/p>\n","protected":false},"author":6,"featured_media":97686,"comment_status":"open","ping_status":"open","sticky":false,"template":"","format":"standard","meta":{"footnotes":""},"categories":[5],"tags":[751,3346,14177],"class_list":["post-97684","post","type-post","status-publish","format-standard","has-post-thumbnail","hentry","category-deportes","tag-futbol-femenino","tag-liga-mercedina-de-futbol","tag-primera-division"],"yoast_head":"<!-- This site is optimized with the Yoast SEO plugin v27.4 - https:\/\/yoast.com\/product\/yoast-seo-wordpress\/ -->\n<title>Una fecha que dej\u00f3 de todo<\/title>\n<meta name=\"robots\" content=\"index, follow, max-snippet:-1, max-image-preview:large, max-video-preview:-1\" \/>\n<link rel=\"canonical\" href=\"https:\/\/noticiasmercedinas.com\/site\/2022\/08\/21\/una-fecha-que-dejo-de-todo\/\" \/>\n<meta property=\"og:locale\" content=\"es_ES\" \/>\n<meta property=\"og:type\" content=\"article\" \/>\n<meta property=\"og:title\" content=\"Una fecha que dej\u00f3 de todo\" \/>\n<meta property=\"og:description\" content=\"\u25a0 El Tim\u00f3n gole\u00f3 para seguir liderando. Club Mercedes le gan\u00f3 al puntero AMEFIP San Mart\u00edn. El Front\u00f3n Rojo pese a quedar libre sigue al frente de su zona. Se conoci\u00f3 el fallo tras los incidentes.\" \/>\n<meta property=\"og:url\" content=\"https:\/\/noticiasmercedinas.com\/site\/2022\/08\/21\/una-fecha-que-dejo-de-todo\/\" \/>\n<meta property=\"og:site_name\" content=\"NOTICIASMERCEDINAS.COM\" \/>\n<meta property=\"article:publisher\" content=\"https:\/\/www.facebook.com\/noticiasmercedinas\/\" \/>\n<meta property=\"article:published_time\" content=\"2022-08-21T13:19:27+00:00\" \/>\n<meta property=\"og:image\" content=\"https:\/\/noticiasmercedinas.com\/site\/wp-content\/uploads\/2022\/08\/carteros.png\" \/>\n\t<meta property=\"og:image:width\" content=\"640\" \/>\n\t<meta property=\"og:image:height\" content=\"416\" \/>\n\t<meta property=\"og:image:type\" content=\"image\/png\" \/>\n<meta name=\"author\" content=\"Juan Dagnino NOTICIASMERCEDINAS.COM\" \/>\n<meta name=\"twitter:card\" content=\"summary_large_image\" \/>\n<meta name=\"twitter:creator\" content=\"@notmercedinas\" \/>\n<meta name=\"twitter:site\" content=\"@notmercedinas\" \/>\n<meta name=\"twitter:label1\" content=\"Escrito por\" \/>\n\t<meta name=\"twitter:data1\" content=\"Juan Dagnino NOTICIASMERCEDINAS.COM\" \/>\n\t<meta name=\"twitter:label2\" content=\"Tiempo de lectura\" \/>\n\t<meta name=\"twitter:data2\" content=\"2 minutos\" \/>\n<script type=\"application\/ld+json\" class=\"yoast-schema-graph\">{\"@context\":\"https:\\\/\\\/schema.org\",\"@graph\":[{\"@type\":\"Article\",\"@id\":\"https:\\\/\\\/noticiasmercedinas.com\\\/site\\\/2022\\\/08\\\/21\\\/una-fecha-que-dejo-de-todo\\\/#article\",\"isPartOf\":{\"@id\":\"https:\\\/\\\/noticiasmercedinas.com\\\/site\\\/2022\\\/08\\\/21\\\/una-fecha-que-dejo-de-todo\\\/\"},\"author\":{\"name\":\"Juan Dagnino NOTICIASMERCEDINAS.COM\",\"@id\":\"https:\\\/\\\/noticiasmercedinas.com\\\/site\\\/#\\\/schema\\\/person\\\/8f2f09d666ef40986eba4a5e6f2a06f9\"},\"headline\":\"Una fecha que dej\u00f3 de todo\",\"datePublished\":\"2022-08-21T13:19:27+00:00\",\"mainEntityOfPage\":{\"@id\":\"https:\\\/\\\/noticiasmercedinas.com\\\/site\\\/2022\\\/08\\\/21\\\/una-fecha-que-dejo-de-todo\\\/\"},\"wordCount\":255,\"commentCount\":0,\"publisher\":{\"@id\":\"https:\\\/\\\/noticiasmercedinas.com\\\/site\\\/#organization\"},\"image\":{\"@id\":\"https:\\\/\\\/noticiasmercedinas.com\\\/site\\\/2022\\\/08\\\/21\\\/una-fecha-que-dejo-de-todo\\\/#primaryimage\"},\"thumbnailUrl\":\"https:\\\/\\\/noticiasmercedinas.com\\\/site\\\/wp-content\\\/uploads\\\/2022\\\/08\\\/carteros.png\",\"keywords\":[\"f\u00fatbol femenino\",\"Liga Mercedina de F\u00fatbol\",\"primera divisi\u00f3n\"],\"articleSection\":[\"Deportes\"],\"inLanguage\":\"es\",\"potentialAction\":[{\"@type\":\"CommentAction\",\"name\":\"Comment\",\"target\":[\"https:\\\/\\\/noticiasmercedinas.com\\\/site\\\/2022\\\/08\\\/21\\\/una-fecha-que-dejo-de-todo\\\/#respond\"]}]},{\"@type\":\"WebPage\",\"@id\":\"https:\\\/\\\/noticiasmercedinas.com\\\/site\\\/2022\\\/08\\\/21\\\/una-fecha-que-dejo-de-todo\\\/\",\"url\":\"https:\\\/\\\/noticiasmercedinas.com\\\/site\\\/2022\\\/08\\\/21\\\/una-fecha-que-dejo-de-todo\\\/\",\"name\":\"Una fecha que dej\u00f3 de todo\",\"isPartOf\":{\"@id\":\"https:\\\/\\\/noticiasmercedinas.com\\\/site\\\/#website\"},\"primaryImageOfPage\":{\"@id\":\"https:\\\/\\\/noticiasmercedinas.com\\\/site\\\/2022\\\/08\\\/21\\\/una-fecha-que-dejo-de-todo\\\/#primaryimage\"},\"image\":{\"@id\":\"https:\\\/\\\/noticiasmercedinas.com\\\/site\\\/2022\\\/08\\\/21\\\/una-fecha-que-dejo-de-todo\\\/#primaryimage\"},\"thumbnailUrl\":\"https:\\\/\\\/noticiasmercedinas.com\\\/site\\\/wp-content\\\/uploads\\\/2022\\\/08\\\/carteros.png\",\"datePublished\":\"2022-08-21T13:19:27+00:00\",\"breadcrumb\":{\"@id\":\"https:\\\/\\\/noticiasmercedinas.com\\\/site\\\/2022\\\/08\\\/21\\\/una-fecha-que-dejo-de-todo\\\/#breadcrumb\"},\"inLanguage\":\"es\",\"potentialAction\":[{\"@type\":\"ReadAction\",\"target\":[\"https:\\\/\\\/noticiasmercedinas.com\\\/site\\\/2022\\\/08\\\/21\\\/una-fecha-que-dejo-de-todo\\\/\"]}]},{\"@type\":\"ImageObject\",\"inLanguage\":\"es\",\"@id\":\"https:\\\/\\\/noticiasmercedinas.com\\\/site\\\/2022\\\/08\\\/21\\\/una-fecha-que-dejo-de-todo\\\/#primaryimage\",\"url\":\"https:\\\/\\\/noticiasmercedinas.com\\\/site\\\/wp-content\\\/uploads\\\/2022\\\/08\\\/carteros.png\",\"contentUrl\":\"https:\\\/\\\/noticiasmercedinas.com\\\/site\\\/wp-content\\\/uploads\\\/2022\\\/08\\\/carteros.png\",\"width\":640,\"height\":416},{\"@type\":\"BreadcrumbList\",\"@id\":\"https:\\\/\\\/noticiasmercedinas.com\\\/site\\\/2022\\\/08\\\/21\\\/una-fecha-que-dejo-de-todo\\\/#breadcrumb\",\"itemListElement\":[{\"@type\":\"ListItem\",\"position\":1,\"name\":\"Portada\",\"item\":\"https:\\\/\\\/noticiasmercedinas.com\\\/site\\\/\"},{\"@type\":\"ListItem\",\"position\":2,\"name\":\"Una fecha que dej\u00f3 de todo\"}]},{\"@type\":\"WebSite\",\"@id\":\"https:\\\/\\\/noticiasmercedinas.com\\\/site\\\/#website\",\"url\":\"https:\\\/\\\/noticiasmercedinas.com\\\/site\\\/\",\"name\":\"NOTICIASMERCEDINAS.COM\",\"description\":\"Mercedes, Buenos Aires, Argentina\",\"publisher\":{\"@id\":\"https:\\\/\\\/noticiasmercedinas.com\\\/site\\\/#organization\"},\"potentialAction\":[{\"@type\":\"SearchAction\",\"target\":{\"@type\":\"EntryPoint\",\"urlTemplate\":\"https:\\\/\\\/noticiasmercedinas.com\\\/site\\\/?s={search_term_string}\"},\"query-input\":{\"@type\":\"PropertyValueSpecification\",\"valueRequired\":true,\"valueName\":\"search_term_string\"}}],\"inLanguage\":\"es\"},{\"@type\":\"Organization\",\"@id\":\"https:\\\/\\\/noticiasmercedinas.com\\\/site\\\/#organization\",\"name\":\"NOTICIASMERCEDINAS.COM\",\"url\":\"https:\\\/\\\/noticiasmercedinas.com\\\/site\\\/\",\"logo\":{\"@type\":\"ImageObject\",\"inLanguage\":\"es\",\"@id\":\"https:\\\/\\\/noticiasmercedinas.com\\\/site\\\/#\\\/schema\\\/logo\\\/image\\\/\",\"url\":\"https:\\\/\\\/noticiasmercedinas.com\\\/site\\\/wp-content\\\/uploads\\\/2020\\\/06\\\/LOGO-512.jpg\",\"contentUrl\":\"https:\\\/\\\/noticiasmercedinas.com\\\/site\\\/wp-content\\\/uploads\\\/2020\\\/06\\\/LOGO-512.jpg\",\"width\":512,\"height\":512,\"caption\":\"NOTICIASMERCEDINAS.COM\"},\"image\":{\"@id\":\"https:\\\/\\\/noticiasmercedinas.com\\\/site\\\/#\\\/schema\\\/logo\\\/image\\\/\"},\"sameAs\":[\"https:\\\/\\\/www.facebook.com\\\/noticiasmercedinas\\\/\",\"https:\\\/\\\/x.com\\\/notmercedinas\",\"https:\\\/\\\/www.instagram.com\\\/noticiasmercedinas\\\/\"]},{\"@type\":\"Person\",\"@id\":\"https:\\\/\\\/noticiasmercedinas.com\\\/site\\\/#\\\/schema\\\/person\\\/8f2f09d666ef40986eba4a5e6f2a06f9\",\"name\":\"Juan Dagnino NOTICIASMERCEDINAS.COM\",\"image\":{\"@type\":\"ImageObject\",\"inLanguage\":\"es\",\"@id\":\"https:\\\/\\\/secure.gravatar.com\\\/avatar\\\/fc7059a769f5a3cae65fadb228a3e4accf3a64b4b2305020d0a27e6d5333c91b?s=96&d=mm&r=g\",\"url\":\"https:\\\/\\\/secure.gravatar.com\\\/avatar\\\/fc7059a769f5a3cae65fadb228a3e4accf3a64b4b2305020d0a27e6d5333c91b?s=96&d=mm&r=g\",\"contentUrl\":\"https:\\\/\\\/secure.gravatar.com\\\/avatar\\\/fc7059a769f5a3cae65fadb228a3e4accf3a64b4b2305020d0a27e6d5333c91b?s=96&d=mm&r=g\",\"caption\":\"Juan Dagnino NOTICIASMERCEDINAS.COM\"},\"url\":\"https:\\\/\\\/noticiasmercedinas.com\\\/site\\\/author\\\/juandagnino\\\/\"}]}<\/script>\n<!-- \/ Yoast SEO plugin. -->","yoast_head_json":{"title":"Una fecha que dej\u00f3 de todo","robots":{"index":"index","follow":"follow","max-snippet":"max-snippet:-1","max-image-preview":"max-image-preview:large","max-video-preview":"max-video-preview:-1"},"canonical":"https:\/\/noticiasmercedinas.com\/site\/2022\/08\/21\/una-fecha-que-dejo-de-todo\/","og_locale":"es_ES","og_type":"article","og_title":"Una fecha que dej\u00f3 de todo","og_description":"\u25a0 El Tim\u00f3n gole\u00f3 para seguir liderando. Club Mercedes le gan\u00f3 al puntero AMEFIP San Mart\u00edn. El Front\u00f3n Rojo pese a quedar libre sigue al frente de su zona. Se conoci\u00f3 el fallo tras los incidentes.","og_url":"https:\/\/noticiasmercedinas.com\/site\/2022\/08\/21\/una-fecha-que-dejo-de-todo\/","og_site_name":"NOTICIASMERCEDINAS.COM","article_publisher":"https:\/\/www.facebook.com\/noticiasmercedinas\/","article_published_time":"2022-08-21T13:19:27+00:00","og_image":[{"width":640,"height":416,"url":"https:\/\/noticiasmercedinas.com\/site\/wp-content\/uploads\/2022\/08\/carteros.png","type":"image\/png"}],"author":"Juan Dagnino NOTICIASMERCEDINAS.COM","twitter_card":"summary_large_image","twitter_creator":"@notmercedinas","twitter_site":"@notmercedinas","twitter_misc":{"Escrito por":"Juan Dagnino NOTICIASMERCEDINAS.COM","Tiempo de lectura":"2 minutos"},"schema":{"@context":"https:\/\/schema.org","@graph":[{"@type":"Article","@id":"https:\/\/noticiasmercedinas.com\/site\/2022\/08\/21\/una-fecha-que-dejo-de-todo\/#article","isPartOf":{"@id":"https:\/\/noticiasmercedinas.com\/site\/2022\/08\/21\/una-fecha-que-dejo-de-todo\/"},"author":{"name":"Juan Dagnino NOTICIASMERCEDINAS.COM","@id":"https:\/\/noticiasmercedinas.com\/site\/#\/schema\/person\/8f2f09d666ef40986eba4a5e6f2a06f9"},"headline":"Una fecha que dej\u00f3 de todo","datePublished":"2022-08-21T13:19:27+00:00","mainEntityOfPage":{"@id":"https:\/\/noticiasmercedinas.com\/site\/2022\/08\/21\/una-fecha-que-dejo-de-todo\/"},"wordCount":255,"commentCount":0,"publisher":{"@id":"https:\/\/noticiasmercedinas.com\/site\/#organization"},"image":{"@id":"https:\/\/noticiasmercedinas.com\/site\/2022\/08\/21\/una-fecha-que-dejo-de-todo\/#primaryimage"},"thumbnailUrl":"https:\/\/noticiasmercedinas.com\/site\/wp-content\/uploads\/2022\/08\/carteros.png","keywords":["f\u00fatbol femenino","Liga Mercedina de F\u00fatbol","primera divisi\u00f3n"],"articleSection":["Deportes"],"inLanguage":"es","potentialAction":[{"@type":"CommentAction","name":"Comment","target":["https:\/\/noticiasmercedinas.com\/site\/2022\/08\/21\/una-fecha-que-dejo-de-todo\/#respond"]}]},{"@type":"WebPage","@id":"https:\/\/noticiasmercedinas.com\/site\/2022\/08\/21\/una-fecha-que-dejo-de-todo\/","url":"https:\/\/noticiasmercedinas.com\/site\/2022\/08\/21\/una-fecha-que-dejo-de-todo\/","name":"Una fecha que dej\u00f3 de todo","isPartOf":{"@id":"https:\/\/noticiasmercedinas.com\/site\/#website"},"primaryImageOfPage":{"@id":"https:\/\/noticiasmercedinas.com\/site\/2022\/08\/21\/una-fecha-que-dejo-de-todo\/#primaryimage"},"image":{"@id":"https:\/\/noticiasmercedinas.com\/site\/2022\/08\/21\/una-fecha-que-dejo-de-todo\/#primaryimage"},"thumbnailUrl":"https:\/\/noticiasmercedinas.com\/site\/wp-content\/uploads\/2022\/08\/carteros.png","datePublished":"2022-08-21T13:19:27+00:00","breadcrumb":{"@id":"https:\/\/noticiasmercedinas.com\/site\/2022\/08\/21\/una-fecha-que-dejo-de-todo\/#breadcrumb"},"inLanguage":"es","potentialAction":[{"@type":"ReadAction","target":["https:\/\/noticiasmercedinas.com\/site\/2022\/08\/21\/una-fecha-que-dejo-de-todo\/"]}]},{"@type":"ImageObject","inLanguage":"es","@id":"https:\/\/noticiasmercedinas.com\/site\/2022\/08\/21\/una-fecha-que-dejo-de-todo\/#primaryimage","url":"https:\/\/noticiasmercedinas.com\/site\/wp-content\/uploads\/2022\/08\/carteros.png","contentUrl":"https:\/\/noticiasmercedinas.com\/site\/wp-content\/uploads\/2022\/08\/carteros.png","width":640,"height":416},{"@type":"BreadcrumbList","@id":"https:\/\/noticiasmercedinas.com\/site\/2022\/08\/21\/una-fecha-que-dejo-de-todo\/#breadcrumb","itemListElement":[{"@type":"ListItem","position":1,"name":"Portada","item":"https:\/\/noticiasmercedinas.com\/site\/"},{"@type":"ListItem","position":2,"name":"Una fecha que dej\u00f3 de todo"}]},{"@type":"WebSite","@id":"https:\/\/noticiasmercedinas.com\/site\/#website","url":"https:\/\/noticiasmercedinas.com\/site\/","name":"NOTICIASMERCEDINAS.COM","description":"Mercedes, Buenos Aires, Argentina","publisher":{"@id":"https:\/\/noticiasmercedinas.com\/site\/#organization"},"potentialAction":[{"@type":"SearchAction","target":{"@type":"EntryPoint","urlTemplate":"https:\/\/noticiasmercedinas.com\/site\/?s={search_term_string}"},"query-input":{"@type":"PropertyValueSpecification","valueRequired":true,"valueName":"search_term_string"}}],"inLanguage":"es"},{"@type":"Organization","@id":"https:\/\/noticiasmercedinas.com\/site\/#organization","name":"NOTICIASMERCEDINAS.COM","url":"https:\/\/noticiasmercedinas.com\/site\/","logo":{"@type":"ImageObject","inLanguage":"es","@id":"https:\/\/noticiasmercedinas.com\/site\/#\/schema\/logo\/image\/","url":"https:\/\/noticiasmercedinas.com\/site\/wp-content\/uploads\/2020\/06\/LOGO-512.jpg","contentUrl":"https:\/\/noticiasmercedinas.com\/site\/wp-content\/uploads\/2020\/06\/LOGO-512.jpg","width":512,"height":512,"caption":"NOTICIASMERCEDINAS.COM"},"image":{"@id":"https:\/\/noticiasmercedinas.com\/site\/#\/schema\/logo\/image\/"},"sameAs":["https:\/\/www.facebook.com\/noticiasmercedinas\/","https:\/\/x.com\/notmercedinas","https:\/\/www.instagram.com\/noticiasmercedinas\/"]},{"@type":"Person","@id":"https:\/\/noticiasmercedinas.com\/site\/#\/schema\/person\/8f2f09d666ef40986eba4a5e6f2a06f9","name":"Juan Dagnino NOTICIASMERCEDINAS.COM","image":{"@type":"ImageObject","inLanguage":"es","@id":"https:\/\/secure.gravatar.com\/avatar\/fc7059a769f5a3cae65fadb228a3e4accf3a64b4b2305020d0a27e6d5333c91b?s=96&d=mm&r=g","url":"https:\/\/secure.gravatar.com\/avatar\/fc7059a769f5a3cae65fadb228a3e4accf3a64b4b2305020d0a27e6d5333c91b?s=96&d=mm&r=g","contentUrl":"https:\/\/secure.gravatar.com\/avatar\/fc7059a769f5a3cae65fadb228a3e4accf3a64b4b2305020d0a27e6d5333c91b?s=96&d=mm&r=g","caption":"Juan Dagnino NOTICIASMERCEDINAS.COM"},"url":"https:\/\/noticiasmercedinas.com\/site\/author\/juandagnino\/"}]}},"amp_enabled":true,"_links":{"self":[{"href":"https:\/\/noticiasmercedinas.com\/site\/wp-json\/wp\/v2\/posts\/97684","targetHints":{"allow":["GET"]}}],"collection":[{"href":"https:\/\/noticiasmercedinas.com\/site\/wp-json\/wp\/v2\/posts"}],"about":[{"href":"https:\/\/noticiasmercedinas.com\/site\/wp-json\/wp\/v2\/types\/post"}],"author":[{"embeddable":true,"href":"https:\/\/noticiasmercedinas.com\/site\/wp-json\/wp\/v2\/users\/6"}],"replies":[{"embeddable":true,"href":"https:\/\/noticiasmercedinas.com\/site\/wp-json\/wp\/v2\/comments?post=97684"}],"version-history":[{"count":1,"href":"https:\/\/noticiasmercedinas.com\/site\/wp-json\/wp\/v2\/posts\/97684\/revisions"}],"predecessor-version":[{"id":97688,"href":"https:\/\/noticiasmercedinas.com\/site\/wp-json\/wp\/v2\/posts\/97684\/revisions\/97688"}],"wp:featuredmedia":[{"embeddable":true,"href":"https:\/\/noticiasmercedinas.com\/site\/wp-json\/wp\/v2\/media\/97686"}],"wp:attachment":[{"href":"https:\/\/noticiasmercedinas.com\/site\/wp-json\/wp\/v2\/media?parent=97684"}],"wp:term":[{"taxonomy":"category","embeddable":true,"href":"https:\/\/noticiasmercedinas.com\/site\/wp-json\/wp\/v2\/categories?post=97684"},{"taxonomy":"post_tag","embeddable":true,"href":"https:\/\/noticiasmercedinas.com\/site\/wp-json\/wp\/v2\/tags?post=97684"}],"curies":[{"name":"wp","href":"https:\/\/api.w.org\/{rel}","templated":true}]}}