{"id":97771,"date":"2022-08-22T13:21:21","date_gmt":"2022-08-22T16:21:21","guid":{"rendered":"https:\/\/noticiasmercedinas.com\/site\/?p=97771"},"modified":"2022-08-22T13:21:21","modified_gmt":"2022-08-22T16:21:21","slug":"en-130-puntos-distintos-de-la-ciudad-se-celebro-el-dia-de-la-ninez","status":"publish","type":"post","link":"https:\/\/noticiasmercedinas.com\/site\/2022\/08\/22\/en-130-puntos-distintos-de-la-ciudad-se-celebro-el-dia-de-la-ninez\/","title":{"rendered":"En 130 puntos distintos de la ciudad se celebr\u00f3 el D\u00eda de la Ni\u00f1ez"},"content":{"rendered":"<p><img loading=\"lazy\" decoding=\"async\" class=\"alignnone size-full wp-image-97772\" src=\"https:\/\/noticiasmercedinas.com\/site\/wp-content\/uploads\/2022\/08\/DSC03088.jpg\" alt=\"\" width=\"923\" height=\"615\" srcset=\"https:\/\/noticiasmercedinas.com\/site\/wp-content\/uploads\/2022\/08\/DSC03088.jpg 923w, https:\/\/noticiasmercedinas.com\/site\/wp-content\/uploads\/2022\/08\/DSC03088-300x200.jpg 300w, https:\/\/noticiasmercedinas.com\/site\/wp-content\/uploads\/2022\/08\/DSC03088-768x512.jpg 768w, https:\/\/noticiasmercedinas.com\/site\/wp-content\/uploads\/2022\/08\/DSC03088-640x426.jpg 640w, https:\/\/noticiasmercedinas.com\/site\/wp-content\/uploads\/2022\/08\/DSC03088-681x454.jpg 681w\" sizes=\"auto, (max-width: 923px) 100vw, 923px\" \/><\/p>\n<p>Este fin de semana se celebr\u00f3 el D\u00eda del Ni\u00f1ez en 130 puntos distribuidos en todo el Partido de Mercedes. Los hubo en Iglesias, comedores, clubes, sociedades de fomento, vecindades organizadas. El Municipio les brind\u00f3 apoyo y asistencia por medio de la Direcci\u00f3n de Ni\u00f1ez y Adolescencia y la Secretar\u00eda de Desarrollo de la Comunidad.<\/p>\n<p>\u201chemos vivido un hermoso fin de semana\u201d dijo la licenciada <strong>Gabriela Olivella<\/strong>, directora de Ni\u00f1ez y coment\u00f3 que \u201cen la semana nos reunimos con instituciones, referentes, con aquellos que hac\u00edan alg\u00fan tipo de celebraci\u00f3n y coordinamos la entrega de apoyos a trav\u00e9s de la Municipalidad\u201d.<\/p>\n<p>\u201cNos acompa\u00f1\u00f3 el intendente Ustarroz, que adem\u00e1s constantemente nos insta a trabajar por las infancias y la unidad de nuestra comunidad\u201d, coment\u00f3.<\/p>\n<p>El n\u00famero de puntos tan elevado tiene una raz\u00f3n de ser y es que \u201cse enorme la cantidad de instituciones, clubes, comedores, barriadas, vecinos y vecinas que hacen algo para las y los m\u00e1s peque\u00f1os. Fue de manera descentralizada, cubriendo todo el Partido y, para alegr\u00eda, hay algunos m\u00e1s que se suman el fin de semana pr\u00f3ximo\u201d tal cual mencion\u00f3 satisfecha Olivella por la tarea realizada.<\/p>\n<p>\u201cNo tenemos m\u00e1s que palabras de agradecimiento. Han sido todos muy solidarios, unidos y dedicados para que en cada punto de la ciudad haya un encuentro para las infancias\u201d, remarc\u00f3.<\/p>\n<p><img loading=\"lazy\" decoding=\"async\" class=\"alignnone size-full wp-image-97773\" src=\"https:\/\/noticiasmercedinas.com\/site\/wp-content\/uploads\/2022\/08\/DSC03074.jpg\" alt=\"\" width=\"923\" height=\"615\" srcset=\"https:\/\/noticiasmercedinas.com\/site\/wp-content\/uploads\/2022\/08\/DSC03074.jpg 923w, https:\/\/noticiasmercedinas.com\/site\/wp-content\/uploads\/2022\/08\/DSC03074-300x200.jpg 300w, https:\/\/noticiasmercedinas.com\/site\/wp-content\/uploads\/2022\/08\/DSC03074-768x512.jpg 768w, https:\/\/noticiasmercedinas.com\/site\/wp-content\/uploads\/2022\/08\/DSC03074-640x426.jpg 640w, https:\/\/noticiasmercedinas.com\/site\/wp-content\/uploads\/2022\/08\/DSC03074-681x454.jpg 681w\" sizes=\"auto, (max-width: 923px) 100vw, 923px\" \/><\/p>\n","protected":false},"excerpt":{"rendered":"<p>\u25a0 Hubo festejos en Iglesias, comedores, clubes, sociedades de fomento y vecindades organizadas. El Municipio brind\u00f3 apoyo y asistencia con la Direcci\u00f3n de Ni\u00f1ez y Adolescencia y la Secretar\u00eda de Desarrollo de la Comunidad.<\/p>\n","protected":false},"author":16,"featured_media":97774,"comment_status":"open","ping_status":"open","sticky":false,"template":"","format":"standard","meta":{"footnotes":""},"categories":[3],"tags":[7996,79,369],"class_list":["post-97771","post","type-post","status-publish","format-standard","has-post-thumbnail","hentry","category-sociedad","tag-desarrollo-de-la-comunidad","tag-dia-del-nino","tag-ninez"],"yoast_head":"<!-- This site is optimized with the Yoast SEO plugin v27.5 - https:\/\/yoast.com\/product\/yoast-seo-wordpress\/ -->\n<title>En 130 puntos distintos de la ciudad se celebr\u00f3 el D\u00eda de la Ni\u00f1ez<\/title>\n<meta name=\"robots\" content=\"index, follow, max-snippet:-1, max-image-preview:large, max-video-preview:-1\" \/>\n<link rel=\"canonical\" href=\"https:\/\/noticiasmercedinas.com\/site\/2022\/08\/22\/en-130-puntos-distintos-de-la-ciudad-se-celebro-el-dia-de-la-ninez\/\" \/>\n<meta property=\"og:locale\" content=\"es_ES\" \/>\n<meta property=\"og:type\" content=\"article\" \/>\n<meta property=\"og:title\" content=\"En 130 puntos distintos de la ciudad se celebr\u00f3 el D\u00eda de la Ni\u00f1ez\" \/>\n<meta property=\"og:description\" content=\"\u25a0 Hubo festejos en Iglesias, comedores, clubes, sociedades de fomento y vecindades organizadas. El Municipio brind\u00f3 apoyo y asistencia con la Direcci\u00f3n de Ni\u00f1ez y Adolescencia y la Secretar\u00eda de Desarrollo de la Comunidad.\" \/>\n<meta property=\"og:url\" content=\"https:\/\/noticiasmercedinas.com\/site\/2022\/08\/22\/en-130-puntos-distintos-de-la-ciudad-se-celebro-el-dia-de-la-ninez\/\" \/>\n<meta property=\"og:site_name\" content=\"NOTICIASMERCEDINAS.COM\" \/>\n<meta property=\"article:publisher\" content=\"https:\/\/www.facebook.com\/noticiasmercedinas\/\" \/>\n<meta property=\"article:published_time\" content=\"2022-08-22T16:21:21+00:00\" \/>\n<meta property=\"og:image\" content=\"https:\/\/noticiasmercedinas.com\/site\/wp-content\/uploads\/2022\/08\/DSC03088-1.jpg\" \/>\n\t<meta property=\"og:image:width\" content=\"923\" \/>\n\t<meta property=\"og:image:height\" content=\"615\" \/>\n\t<meta property=\"og:image:type\" content=\"image\/jpeg\" \/>\n<meta name=\"author\" content=\"NOTICIASMERCEDINAS.COM\" \/>\n<meta name=\"twitter:card\" content=\"summary_large_image\" \/>\n<meta name=\"twitter:creator\" content=\"@notmercedinas\" \/>\n<meta name=\"twitter:site\" content=\"@notmercedinas\" \/>\n<meta name=\"twitter:label1\" content=\"Escrito por\" \/>\n\t<meta name=\"twitter:data1\" content=\"NOTICIASMERCEDINAS.COM\" \/>\n\t<meta name=\"twitter:label2\" content=\"Tiempo de lectura\" \/>\n\t<meta name=\"twitter:data2\" content=\"2 minutos\" \/>\n<script type=\"application\/ld+json\" class=\"yoast-schema-graph\">{\"@context\":\"https:\\\/\\\/schema.org\",\"@graph\":[{\"@type\":\"Article\",\"@id\":\"https:\\\/\\\/noticiasmercedinas.com\\\/site\\\/2022\\\/08\\\/22\\\/en-130-puntos-distintos-de-la-ciudad-se-celebro-el-dia-de-la-ninez\\\/#article\",\"isPartOf\":{\"@id\":\"https:\\\/\\\/noticiasmercedinas.com\\\/site\\\/2022\\\/08\\\/22\\\/en-130-puntos-distintos-de-la-ciudad-se-celebro-el-dia-de-la-ninez\\\/\"},\"author\":{\"name\":\"NOTICIASMERCEDINAS.COM\",\"@id\":\"https:\\\/\\\/noticiasmercedinas.com\\\/site\\\/#\\\/schema\\\/person\\\/84b59c099c28ff2e8b77d4ceec5d8063\"},\"headline\":\"En 130 puntos distintos de la ciudad se celebr\u00f3 el D\u00eda de la Ni\u00f1ez\",\"datePublished\":\"2022-08-22T16:21:21+00:00\",\"mainEntityOfPage\":{\"@id\":\"https:\\\/\\\/noticiasmercedinas.com\\\/site\\\/2022\\\/08\\\/22\\\/en-130-puntos-distintos-de-la-ciudad-se-celebro-el-dia-de-la-ninez\\\/\"},\"wordCount\":251,\"commentCount\":0,\"publisher\":{\"@id\":\"https:\\\/\\\/noticiasmercedinas.com\\\/site\\\/#organization\"},\"image\":{\"@id\":\"https:\\\/\\\/noticiasmercedinas.com\\\/site\\\/2022\\\/08\\\/22\\\/en-130-puntos-distintos-de-la-ciudad-se-celebro-el-dia-de-la-ninez\\\/#primaryimage\"},\"thumbnailUrl\":\"https:\\\/\\\/noticiasmercedinas.com\\\/site\\\/wp-content\\\/uploads\\\/2022\\\/08\\\/DSC03088-1.jpg\",\"keywords\":[\"Desarrollo de la Comunidad\",\"dia del ni\u00f1o\",\"ni\u00f1ez\"],\"articleSection\":[\"Sociedad\"],\"inLanguage\":\"es\",\"potentialAction\":[{\"@type\":\"CommentAction\",\"name\":\"Comment\",\"target\":[\"https:\\\/\\\/noticiasmercedinas.com\\\/site\\\/2022\\\/08\\\/22\\\/en-130-puntos-distintos-de-la-ciudad-se-celebro-el-dia-de-la-ninez\\\/#respond\"]}]},{\"@type\":\"WebPage\",\"@id\":\"https:\\\/\\\/noticiasmercedinas.com\\\/site\\\/2022\\\/08\\\/22\\\/en-130-puntos-distintos-de-la-ciudad-se-celebro-el-dia-de-la-ninez\\\/\",\"url\":\"https:\\\/\\\/noticiasmercedinas.com\\\/site\\\/2022\\\/08\\\/22\\\/en-130-puntos-distintos-de-la-ciudad-se-celebro-el-dia-de-la-ninez\\\/\",\"name\":\"En 130 puntos distintos de la ciudad se celebr\u00f3 el D\u00eda de la Ni\u00f1ez\",\"isPartOf\":{\"@id\":\"https:\\\/\\\/noticiasmercedinas.com\\\/site\\\/#website\"},\"primaryImageOfPage\":{\"@id\":\"https:\\\/\\\/noticiasmercedinas.com\\\/site\\\/2022\\\/08\\\/22\\\/en-130-puntos-distintos-de-la-ciudad-se-celebro-el-dia-de-la-ninez\\\/#primaryimage\"},\"image\":{\"@id\":\"https:\\\/\\\/noticiasmercedinas.com\\\/site\\\/2022\\\/08\\\/22\\\/en-130-puntos-distintos-de-la-ciudad-se-celebro-el-dia-de-la-ninez\\\/#primaryimage\"},\"thumbnailUrl\":\"https:\\\/\\\/noticiasmercedinas.com\\\/site\\\/wp-content\\\/uploads\\\/2022\\\/08\\\/DSC03088-1.jpg\",\"datePublished\":\"2022-08-22T16:21:21+00:00\",\"breadcrumb\":{\"@id\":\"https:\\\/\\\/noticiasmercedinas.com\\\/site\\\/2022\\\/08\\\/22\\\/en-130-puntos-distintos-de-la-ciudad-se-celebro-el-dia-de-la-ninez\\\/#breadcrumb\"},\"inLanguage\":\"es\",\"potentialAction\":[{\"@type\":\"ReadAction\",\"target\":[\"https:\\\/\\\/noticiasmercedinas.com\\\/site\\\/2022\\\/08\\\/22\\\/en-130-puntos-distintos-de-la-ciudad-se-celebro-el-dia-de-la-ninez\\\/\"]}]},{\"@type\":\"ImageObject\",\"inLanguage\":\"es\",\"@id\":\"https:\\\/\\\/noticiasmercedinas.com\\\/site\\\/2022\\\/08\\\/22\\\/en-130-puntos-distintos-de-la-ciudad-se-celebro-el-dia-de-la-ninez\\\/#primaryimage\",\"url\":\"https:\\\/\\\/noticiasmercedinas.com\\\/site\\\/wp-content\\\/uploads\\\/2022\\\/08\\\/DSC03088-1.jpg\",\"contentUrl\":\"https:\\\/\\\/noticiasmercedinas.com\\\/site\\\/wp-content\\\/uploads\\\/2022\\\/08\\\/DSC03088-1.jpg\",\"width\":923,\"height\":615},{\"@type\":\"BreadcrumbList\",\"@id\":\"https:\\\/\\\/noticiasmercedinas.com\\\/site\\\/2022\\\/08\\\/22\\\/en-130-puntos-distintos-de-la-ciudad-se-celebro-el-dia-de-la-ninez\\\/#breadcrumb\",\"itemListElement\":[{\"@type\":\"ListItem\",\"position\":1,\"name\":\"Portada\",\"item\":\"https:\\\/\\\/noticiasmercedinas.com\\\/site\\\/\"},{\"@type\":\"ListItem\",\"position\":2,\"name\":\"En 130 puntos distintos de la ciudad se celebr\u00f3 el D\u00eda de la Ni\u00f1ez\"}]},{\"@type\":\"WebSite\",\"@id\":\"https:\\\/\\\/noticiasmercedinas.com\\\/site\\\/#website\",\"url\":\"https:\\\/\\\/noticiasmercedinas.com\\\/site\\\/\",\"name\":\"NOTICIASMERCEDINAS.COM\",\"description\":\"Mercedes, Buenos Aires, Argentina\",\"publisher\":{\"@id\":\"https:\\\/\\\/noticiasmercedinas.com\\\/site\\\/#organization\"},\"potentialAction\":[{\"@type\":\"SearchAction\",\"target\":{\"@type\":\"EntryPoint\",\"urlTemplate\":\"https:\\\/\\\/noticiasmercedinas.com\\\/site\\\/?s={search_term_string}\"},\"query-input\":{\"@type\":\"PropertyValueSpecification\",\"valueRequired\":true,\"valueName\":\"search_term_string\"}}],\"inLanguage\":\"es\"},{\"@type\":\"Organization\",\"@id\":\"https:\\\/\\\/noticiasmercedinas.com\\\/site\\\/#organization\",\"name\":\"NOTICIASMERCEDINAS.COM\",\"url\":\"https:\\\/\\\/noticiasmercedinas.com\\\/site\\\/\",\"logo\":{\"@type\":\"ImageObject\",\"inLanguage\":\"es\",\"@id\":\"https:\\\/\\\/noticiasmercedinas.com\\\/site\\\/#\\\/schema\\\/logo\\\/image\\\/\",\"url\":\"https:\\\/\\\/noticiasmercedinas.com\\\/site\\\/wp-content\\\/uploads\\\/2020\\\/06\\\/LOGO-512.jpg\",\"contentUrl\":\"https:\\\/\\\/noticiasmercedinas.com\\\/site\\\/wp-content\\\/uploads\\\/2020\\\/06\\\/LOGO-512.jpg\",\"width\":512,\"height\":512,\"caption\":\"NOTICIASMERCEDINAS.COM\"},\"image\":{\"@id\":\"https:\\\/\\\/noticiasmercedinas.com\\\/site\\\/#\\\/schema\\\/logo\\\/image\\\/\"},\"sameAs\":[\"https:\\\/\\\/www.facebook.com\\\/noticiasmercedinas\\\/\",\"https:\\\/\\\/x.com\\\/notmercedinas\",\"https:\\\/\\\/www.instagram.com\\\/noticiasmercedinas\\\/\"]},{\"@type\":\"Person\",\"@id\":\"https:\\\/\\\/noticiasmercedinas.com\\\/site\\\/#\\\/schema\\\/person\\\/84b59c099c28ff2e8b77d4ceec5d8063\",\"name\":\"NOTICIASMERCEDINAS.COM\",\"image\":{\"@type\":\"ImageObject\",\"inLanguage\":\"es\",\"@id\":\"https:\\\/\\\/secure.gravatar.com\\\/avatar\\\/4dfbf16b4d17945bfb6341b2d19043457132fcf478a5ee04f42e959fd8f5df0a?s=96&d=mm&r=g\",\"url\":\"https:\\\/\\\/secure.gravatar.com\\\/avatar\\\/4dfbf16b4d17945bfb6341b2d19043457132fcf478a5ee04f42e959fd8f5df0a?s=96&d=mm&r=g\",\"contentUrl\":\"https:\\\/\\\/secure.gravatar.com\\\/avatar\\\/4dfbf16b4d17945bfb6341b2d19043457132fcf478a5ee04f42e959fd8f5df0a?s=96&d=mm&r=g\",\"caption\":\"NOTICIASMERCEDINAS.COM\"},\"url\":\"https:\\\/\\\/noticiasmercedinas.com\\\/site\\\/author\\\/anonimo\\\/\"}]}<\/script>\n<!-- \/ Yoast SEO plugin. -->","yoast_head_json":{"title":"En 130 puntos distintos de la ciudad se celebr\u00f3 el D\u00eda de la Ni\u00f1ez","robots":{"index":"index","follow":"follow","max-snippet":"max-snippet:-1","max-image-preview":"max-image-preview:large","max-video-preview":"max-video-preview:-1"},"canonical":"https:\/\/noticiasmercedinas.com\/site\/2022\/08\/22\/en-130-puntos-distintos-de-la-ciudad-se-celebro-el-dia-de-la-ninez\/","og_locale":"es_ES","og_type":"article","og_title":"En 130 puntos distintos de la ciudad se celebr\u00f3 el D\u00eda de la Ni\u00f1ez","og_description":"\u25a0 Hubo festejos en Iglesias, comedores, clubes, sociedades de fomento y vecindades organizadas. El Municipio brind\u00f3 apoyo y asistencia con la Direcci\u00f3n de Ni\u00f1ez y Adolescencia y la Secretar\u00eda de Desarrollo de la Comunidad.","og_url":"https:\/\/noticiasmercedinas.com\/site\/2022\/08\/22\/en-130-puntos-distintos-de-la-ciudad-se-celebro-el-dia-de-la-ninez\/","og_site_name":"NOTICIASMERCEDINAS.COM","article_publisher":"https:\/\/www.facebook.com\/noticiasmercedinas\/","article_published_time":"2022-08-22T16:21:21+00:00","og_image":[{"width":923,"height":615,"url":"https:\/\/noticiasmercedinas.com\/site\/wp-content\/uploads\/2022\/08\/DSC03088-1.jpg","type":"image\/jpeg"}],"author":"NOTICIASMERCEDINAS.COM","twitter_card":"summary_large_image","twitter_creator":"@notmercedinas","twitter_site":"@notmercedinas","twitter_misc":{"Escrito por":"NOTICIASMERCEDINAS.COM","Tiempo de lectura":"2 minutos"},"schema":{"@context":"https:\/\/schema.org","@graph":[{"@type":"Article","@id":"https:\/\/noticiasmercedinas.com\/site\/2022\/08\/22\/en-130-puntos-distintos-de-la-ciudad-se-celebro-el-dia-de-la-ninez\/#article","isPartOf":{"@id":"https:\/\/noticiasmercedinas.com\/site\/2022\/08\/22\/en-130-puntos-distintos-de-la-ciudad-se-celebro-el-dia-de-la-ninez\/"},"author":{"name":"NOTICIASMERCEDINAS.COM","@id":"https:\/\/noticiasmercedinas.com\/site\/#\/schema\/person\/84b59c099c28ff2e8b77d4ceec5d8063"},"headline":"En 130 puntos distintos de la ciudad se celebr\u00f3 el D\u00eda de la Ni\u00f1ez","datePublished":"2022-08-22T16:21:21+00:00","mainEntityOfPage":{"@id":"https:\/\/noticiasmercedinas.com\/site\/2022\/08\/22\/en-130-puntos-distintos-de-la-ciudad-se-celebro-el-dia-de-la-ninez\/"},"wordCount":251,"commentCount":0,"publisher":{"@id":"https:\/\/noticiasmercedinas.com\/site\/#organization"},"image":{"@id":"https:\/\/noticiasmercedinas.com\/site\/2022\/08\/22\/en-130-puntos-distintos-de-la-ciudad-se-celebro-el-dia-de-la-ninez\/#primaryimage"},"thumbnailUrl":"https:\/\/noticiasmercedinas.com\/site\/wp-content\/uploads\/2022\/08\/DSC03088-1.jpg","keywords":["Desarrollo de la Comunidad","dia del ni\u00f1o","ni\u00f1ez"],"articleSection":["Sociedad"],"inLanguage":"es","potentialAction":[{"@type":"CommentAction","name":"Comment","target":["https:\/\/noticiasmercedinas.com\/site\/2022\/08\/22\/en-130-puntos-distintos-de-la-ciudad-se-celebro-el-dia-de-la-ninez\/#respond"]}]},{"@type":"WebPage","@id":"https:\/\/noticiasmercedinas.com\/site\/2022\/08\/22\/en-130-puntos-distintos-de-la-ciudad-se-celebro-el-dia-de-la-ninez\/","url":"https:\/\/noticiasmercedinas.com\/site\/2022\/08\/22\/en-130-puntos-distintos-de-la-ciudad-se-celebro-el-dia-de-la-ninez\/","name":"En 130 puntos distintos de la ciudad se celebr\u00f3 el D\u00eda de la Ni\u00f1ez","isPartOf":{"@id":"https:\/\/noticiasmercedinas.com\/site\/#website"},"primaryImageOfPage":{"@id":"https:\/\/noticiasmercedinas.com\/site\/2022\/08\/22\/en-130-puntos-distintos-de-la-ciudad-se-celebro-el-dia-de-la-ninez\/#primaryimage"},"image":{"@id":"https:\/\/noticiasmercedinas.com\/site\/2022\/08\/22\/en-130-puntos-distintos-de-la-ciudad-se-celebro-el-dia-de-la-ninez\/#primaryimage"},"thumbnailUrl":"https:\/\/noticiasmercedinas.com\/site\/wp-content\/uploads\/2022\/08\/DSC03088-1.jpg","datePublished":"2022-08-22T16:21:21+00:00","breadcrumb":{"@id":"https:\/\/noticiasmercedinas.com\/site\/2022\/08\/22\/en-130-puntos-distintos-de-la-ciudad-se-celebro-el-dia-de-la-ninez\/#breadcrumb"},"inLanguage":"es","potentialAction":[{"@type":"ReadAction","target":["https:\/\/noticiasmercedinas.com\/site\/2022\/08\/22\/en-130-puntos-distintos-de-la-ciudad-se-celebro-el-dia-de-la-ninez\/"]}]},{"@type":"ImageObject","inLanguage":"es","@id":"https:\/\/noticiasmercedinas.com\/site\/2022\/08\/22\/en-130-puntos-distintos-de-la-ciudad-se-celebro-el-dia-de-la-ninez\/#primaryimage","url":"https:\/\/noticiasmercedinas.com\/site\/wp-content\/uploads\/2022\/08\/DSC03088-1.jpg","contentUrl":"https:\/\/noticiasmercedinas.com\/site\/wp-content\/uploads\/2022\/08\/DSC03088-1.jpg","width":923,"height":615},{"@type":"BreadcrumbList","@id":"https:\/\/noticiasmercedinas.com\/site\/2022\/08\/22\/en-130-puntos-distintos-de-la-ciudad-se-celebro-el-dia-de-la-ninez\/#breadcrumb","itemListElement":[{"@type":"ListItem","position":1,"name":"Portada","item":"https:\/\/noticiasmercedinas.com\/site\/"},{"@type":"ListItem","position":2,"name":"En 130 puntos distintos de la ciudad se celebr\u00f3 el D\u00eda de la Ni\u00f1ez"}]},{"@type":"WebSite","@id":"https:\/\/noticiasmercedinas.com\/site\/#website","url":"https:\/\/noticiasmercedinas.com\/site\/","name":"NOTICIASMERCEDINAS.COM","description":"Mercedes, Buenos Aires, Argentina","publisher":{"@id":"https:\/\/noticiasmercedinas.com\/site\/#organization"},"potentialAction":[{"@type":"SearchAction","target":{"@type":"EntryPoint","urlTemplate":"https:\/\/noticiasmercedinas.com\/site\/?s={search_term_string}"},"query-input":{"@type":"PropertyValueSpecification","valueRequired":true,"valueName":"search_term_string"}}],"inLanguage":"es"},{"@type":"Organization","@id":"https:\/\/noticiasmercedinas.com\/site\/#organization","name":"NOTICIASMERCEDINAS.COM","url":"https:\/\/noticiasmercedinas.com\/site\/","logo":{"@type":"ImageObject","inLanguage":"es","@id":"https:\/\/noticiasmercedinas.com\/site\/#\/schema\/logo\/image\/","url":"https:\/\/noticiasmercedinas.com\/site\/wp-content\/uploads\/2020\/06\/LOGO-512.jpg","contentUrl":"https:\/\/noticiasmercedinas.com\/site\/wp-content\/uploads\/2020\/06\/LOGO-512.jpg","width":512,"height":512,"caption":"NOTICIASMERCEDINAS.COM"},"image":{"@id":"https:\/\/noticiasmercedinas.com\/site\/#\/schema\/logo\/image\/"},"sameAs":["https:\/\/www.facebook.com\/noticiasmercedinas\/","https:\/\/x.com\/notmercedinas","https:\/\/www.instagram.com\/noticiasmercedinas\/"]},{"@type":"Person","@id":"https:\/\/noticiasmercedinas.com\/site\/#\/schema\/person\/84b59c099c28ff2e8b77d4ceec5d8063","name":"NOTICIASMERCEDINAS.COM","image":{"@type":"ImageObject","inLanguage":"es","@id":"https:\/\/secure.gravatar.com\/avatar\/4dfbf16b4d17945bfb6341b2d19043457132fcf478a5ee04f42e959fd8f5df0a?s=96&d=mm&r=g","url":"https:\/\/secure.gravatar.com\/avatar\/4dfbf16b4d17945bfb6341b2d19043457132fcf478a5ee04f42e959fd8f5df0a?s=96&d=mm&r=g","contentUrl":"https:\/\/secure.gravatar.com\/avatar\/4dfbf16b4d17945bfb6341b2d19043457132fcf478a5ee04f42e959fd8f5df0a?s=96&d=mm&r=g","caption":"NOTICIASMERCEDINAS.COM"},"url":"https:\/\/noticiasmercedinas.com\/site\/author\/anonimo\/"}]}},"amp_enabled":true,"_links":{"self":[{"href":"https:\/\/noticiasmercedinas.com\/site\/wp-json\/wp\/v2\/posts\/97771","targetHints":{"allow":["GET"]}}],"collection":[{"href":"https:\/\/noticiasmercedinas.com\/site\/wp-json\/wp\/v2\/posts"}],"about":[{"href":"https:\/\/noticiasmercedinas.com\/site\/wp-json\/wp\/v2\/types\/post"}],"author":[{"embeddable":true,"href":"https:\/\/noticiasmercedinas.com\/site\/wp-json\/wp\/v2\/users\/16"}],"replies":[{"embeddable":true,"href":"https:\/\/noticiasmercedinas.com\/site\/wp-json\/wp\/v2\/comments?post=97771"}],"version-history":[{"count":1,"href":"https:\/\/noticiasmercedinas.com\/site\/wp-json\/wp\/v2\/posts\/97771\/revisions"}],"predecessor-version":[{"id":97775,"href":"https:\/\/noticiasmercedinas.com\/site\/wp-json\/wp\/v2\/posts\/97771\/revisions\/97775"}],"wp:featuredmedia":[{"embeddable":true,"href":"https:\/\/noticiasmercedinas.com\/site\/wp-json\/wp\/v2\/media\/97774"}],"wp:attachment":[{"href":"https:\/\/noticiasmercedinas.com\/site\/wp-json\/wp\/v2\/media?parent=97771"}],"wp:term":[{"taxonomy":"category","embeddable":true,"href":"https:\/\/noticiasmercedinas.com\/site\/wp-json\/wp\/v2\/categories?post=97771"},{"taxonomy":"post_tag","embeddable":true,"href":"https:\/\/noticiasmercedinas.com\/site\/wp-json\/wp\/v2\/tags?post=97771"}],"curies":[{"name":"wp","href":"https:\/\/api.w.org\/{rel}","templated":true}]}}