{"id":97932,"date":"2022-08-24T12:01:50","date_gmt":"2022-08-24T15:01:50","guid":{"rendered":"https:\/\/noticiasmercedinas.com\/site\/?p=97932"},"modified":"2022-08-24T12:01:50","modified_gmt":"2022-08-24T15:01:50","slug":"disertacion-y-firma-de-convenio-en-congreso-sobre-cambio-climatico-y-su-impacto-en-las-mujeres","status":"publish","type":"post","link":"https:\/\/noticiasmercedinas.com\/site\/2022\/08\/24\/disertacion-y-firma-de-convenio-en-congreso-sobre-cambio-climatico-y-su-impacto-en-las-mujeres\/","title":{"rendered":"Disertaci\u00f3n y firma de convenio en congreso sobre cambio clim\u00e1tico y su impacto en las mujeres"},"content":{"rendered":"<p><img loading=\"lazy\" decoding=\"async\" class=\"alignnone size-large wp-image-97934\" src=\"https:\/\/noticiasmercedinas.com\/site\/wp-content\/uploads\/2022\/08\/Torres-en-la-disertacion-1024x682.jpeg\" alt=\"\" width=\"640\" height=\"426\" srcset=\"https:\/\/noticiasmercedinas.com\/site\/wp-content\/uploads\/2022\/08\/Torres-en-la-disertacion-1024x682.jpeg 1024w, https:\/\/noticiasmercedinas.com\/site\/wp-content\/uploads\/2022\/08\/Torres-en-la-disertacion-300x200.jpeg 300w, https:\/\/noticiasmercedinas.com\/site\/wp-content\/uploads\/2022\/08\/Torres-en-la-disertacion-768x511.jpeg 768w, https:\/\/noticiasmercedinas.com\/site\/wp-content\/uploads\/2022\/08\/Torres-en-la-disertacion-640x426.jpeg 640w, https:\/\/noticiasmercedinas.com\/site\/wp-content\/uploads\/2022\/08\/Torres-en-la-disertacion-681x453.jpeg 681w, https:\/\/noticiasmercedinas.com\/site\/wp-content\/uploads\/2022\/08\/Torres-en-la-disertacion.jpeg 1280w\" sizes=\"auto, (max-width: 640px) 100vw, 640px\" \/><\/p>\n<p>En el marco del convenio suscrito entre el Consejo de la Magistratura de la provincia de Buenos Aires y la Asociaci\u00f3n de Mujeres Jueces de Argentina (AMJA), el presidente del Consejo, Dr. <strong>Sergio Torres<\/strong>, particip\u00f3 el jueves pasado del \u201cXXI Encuentro Nacional de Igualdad de G\u00e9nero: cambio clim\u00e1tico y su impacto en las mujeres\u201d.<\/p>\n<p>Durante el encuentro organizado por AMJA, Torres destac\u00f3 que \u201clas mujeres han sido decisivas para impulsar decisiones gubernamentales y legislativas tal como la Ley Yolanda\u201d, y agreg\u00f3 adem\u00e1s que \u201cel Poder Judicial tiene un rol protag\u00f3nico en esta tarea de proteger el ambiente\u201d.<\/p>\n<p>\u201cLa cuesti\u00f3n medioambiental tiene una l\u00f3gica distinta de nuestra l\u00f3gica de formaci\u00f3n judicial: es un proceso transversal a todas las materias\u201d, afirm\u00f3.<\/p>\n<p>En tal sentido, explic\u00f3 que \u201cestamos planteando empezar a pensar la actividad judicial desde un lugar distinto: abandonar la mirada del derecho civil, del derecho comercial, del derecho laboral e ir a una mirada ambiental, que hace un corte transversal a tal punto que establece que todos los jueces somos competentes\u201d.<\/p>\n<p>Sin embargo, Torres asegur\u00f3 que \u201ceste no es un cambio f\u00e1cil, los cambios estructurales llevan tiempo\u201d pero resalt\u00f3 que \u201cla organizaci\u00f3n de estas actividades son alentadoras porque todas tienen un efecto formativo, pero sobre todo multiplicador\u201d.<\/p>\n<p>El panel, denominado \u201cCapacitaci\u00f3n en Medio Ambiente con perspectiva de G\u00e9nero\u201d estuvo integrado adem\u00e1s por la ministra de Medio Ambiente de la provincia, <strong>Daniela Vilar<\/strong>, la secretaria de G\u00e9nero del Sindicato Obras Sanitarias bonaerense, <strong>Faustina Soledad Fontana<\/strong>, la directora ejecutiva de la fundaci\u00f3n Foro del Sur, <strong>Marlise Ilhesca<\/strong> y la moderadora fue la directora de AMJA, la Dra.<strong> Carmen Juli\u00e1<\/strong>.<\/p>\n<p>El Consejo declar\u00f3 de \u201cinter\u00e9s acad\u00e9mico\u201d este encuentro, que se llev\u00f3 a cabo en el Colegio de la Abogac\u00eda del Departamento Judicial La Plata.<\/p>\n","protected":false},"excerpt":{"rendered":"<p>\u00ad\u00ad\u25a0 Se hizo un acuerdo entre el Consejo de la Magistratura de la provincia de Buenos Aires y la Asociaci\u00f3n de Mujeres Jueces de Argentina<\/p>\n","protected":false},"author":16,"featured_media":97934,"comment_status":"open","ping_status":"open","sticky":false,"template":"","format":"standard","meta":{"footnotes":""},"categories":[7919],"tags":[307,859,1758,6697],"class_list":["post-97932","post","type-post","status-publish","format-standard","has-post-thumbnail","hentry","category-provinciales","tag-cambio-climatico","tag-consejo-de-la-magistratura","tag-jueces","tag-sergio-torres"],"yoast_head":"<!-- This site is optimized with the Yoast SEO plugin v27.4 - https:\/\/yoast.com\/product\/yoast-seo-wordpress\/ -->\n<title>Disertaci\u00f3n y firma de convenio en congreso sobre cambio clim\u00e1tico y su impacto en las mujeres<\/title>\n<meta name=\"robots\" content=\"index, follow, max-snippet:-1, max-image-preview:large, max-video-preview:-1\" \/>\n<link rel=\"canonical\" href=\"https:\/\/noticiasmercedinas.com\/site\/2022\/08\/24\/disertacion-y-firma-de-convenio-en-congreso-sobre-cambio-climatico-y-su-impacto-en-las-mujeres\/\" \/>\n<meta property=\"og:locale\" content=\"es_ES\" \/>\n<meta property=\"og:type\" content=\"article\" \/>\n<meta property=\"og:title\" content=\"Disertaci\u00f3n y firma de convenio en congreso sobre cambio clim\u00e1tico y su impacto en las mujeres\" \/>\n<meta property=\"og:description\" content=\"\u00ad\u00ad\u25a0 Se hizo un acuerdo entre el Consejo de la Magistratura de la provincia de Buenos Aires y la Asociaci\u00f3n de Mujeres Jueces de Argentina\" \/>\n<meta property=\"og:url\" content=\"https:\/\/noticiasmercedinas.com\/site\/2022\/08\/24\/disertacion-y-firma-de-convenio-en-congreso-sobre-cambio-climatico-y-su-impacto-en-las-mujeres\/\" \/>\n<meta property=\"og:site_name\" content=\"NOTICIASMERCEDINAS.COM\" \/>\n<meta property=\"article:publisher\" content=\"https:\/\/www.facebook.com\/noticiasmercedinas\/\" \/>\n<meta property=\"article:published_time\" content=\"2022-08-24T15:01:50+00:00\" \/>\n<meta property=\"og:image\" content=\"https:\/\/noticiasmercedinas.com\/site\/wp-content\/uploads\/2022\/08\/Torres-en-la-disertacion.jpeg\" \/>\n\t<meta property=\"og:image:width\" content=\"1280\" \/>\n\t<meta property=\"og:image:height\" content=\"852\" \/>\n\t<meta property=\"og:image:type\" content=\"image\/jpeg\" \/>\n<meta name=\"author\" content=\"NOTICIASMERCEDINAS.COM\" \/>\n<meta name=\"twitter:card\" content=\"summary_large_image\" \/>\n<meta name=\"twitter:creator\" content=\"@notmercedinas\" \/>\n<meta name=\"twitter:site\" content=\"@notmercedinas\" \/>\n<meta name=\"twitter:label1\" content=\"Escrito por\" \/>\n\t<meta name=\"twitter:data1\" content=\"NOTICIASMERCEDINAS.COM\" \/>\n\t<meta name=\"twitter:label2\" content=\"Tiempo de lectura\" \/>\n\t<meta name=\"twitter:data2\" content=\"2 minutos\" \/>\n<script type=\"application\/ld+json\" class=\"yoast-schema-graph\">{\"@context\":\"https:\\\/\\\/schema.org\",\"@graph\":[{\"@type\":\"Article\",\"@id\":\"https:\\\/\\\/noticiasmercedinas.com\\\/site\\\/2022\\\/08\\\/24\\\/disertacion-y-firma-de-convenio-en-congreso-sobre-cambio-climatico-y-su-impacto-en-las-mujeres\\\/#article\",\"isPartOf\":{\"@id\":\"https:\\\/\\\/noticiasmercedinas.com\\\/site\\\/2022\\\/08\\\/24\\\/disertacion-y-firma-de-convenio-en-congreso-sobre-cambio-climatico-y-su-impacto-en-las-mujeres\\\/\"},\"author\":{\"name\":\"NOTICIASMERCEDINAS.COM\",\"@id\":\"https:\\\/\\\/noticiasmercedinas.com\\\/site\\\/#\\\/schema\\\/person\\\/84b59c099c28ff2e8b77d4ceec5d8063\"},\"headline\":\"Disertaci\u00f3n y firma de convenio en congreso sobre cambio clim\u00e1tico y su impacto en las mujeres\",\"datePublished\":\"2022-08-24T15:01:50+00:00\",\"mainEntityOfPage\":{\"@id\":\"https:\\\/\\\/noticiasmercedinas.com\\\/site\\\/2022\\\/08\\\/24\\\/disertacion-y-firma-de-convenio-en-congreso-sobre-cambio-climatico-y-su-impacto-en-las-mujeres\\\/\"},\"wordCount\":327,\"commentCount\":0,\"publisher\":{\"@id\":\"https:\\\/\\\/noticiasmercedinas.com\\\/site\\\/#organization\"},\"image\":{\"@id\":\"https:\\\/\\\/noticiasmercedinas.com\\\/site\\\/2022\\\/08\\\/24\\\/disertacion-y-firma-de-convenio-en-congreso-sobre-cambio-climatico-y-su-impacto-en-las-mujeres\\\/#primaryimage\"},\"thumbnailUrl\":\"https:\\\/\\\/noticiasmercedinas.com\\\/site\\\/wp-content\\\/uploads\\\/2022\\\/08\\\/Torres-en-la-disertacion.jpeg\",\"keywords\":[\"cambio climatico\",\"consejo de la magistratura\",\"jueces\",\"Sergio Torres\"],\"articleSection\":[\"Provinciales\"],\"inLanguage\":\"es\",\"potentialAction\":[{\"@type\":\"CommentAction\",\"name\":\"Comment\",\"target\":[\"https:\\\/\\\/noticiasmercedinas.com\\\/site\\\/2022\\\/08\\\/24\\\/disertacion-y-firma-de-convenio-en-congreso-sobre-cambio-climatico-y-su-impacto-en-las-mujeres\\\/#respond\"]}]},{\"@type\":\"WebPage\",\"@id\":\"https:\\\/\\\/noticiasmercedinas.com\\\/site\\\/2022\\\/08\\\/24\\\/disertacion-y-firma-de-convenio-en-congreso-sobre-cambio-climatico-y-su-impacto-en-las-mujeres\\\/\",\"url\":\"https:\\\/\\\/noticiasmercedinas.com\\\/site\\\/2022\\\/08\\\/24\\\/disertacion-y-firma-de-convenio-en-congreso-sobre-cambio-climatico-y-su-impacto-en-las-mujeres\\\/\",\"name\":\"Disertaci\u00f3n y firma de convenio en congreso sobre cambio clim\u00e1tico y su impacto en las mujeres\",\"isPartOf\":{\"@id\":\"https:\\\/\\\/noticiasmercedinas.com\\\/site\\\/#website\"},\"primaryImageOfPage\":{\"@id\":\"https:\\\/\\\/noticiasmercedinas.com\\\/site\\\/2022\\\/08\\\/24\\\/disertacion-y-firma-de-convenio-en-congreso-sobre-cambio-climatico-y-su-impacto-en-las-mujeres\\\/#primaryimage\"},\"image\":{\"@id\":\"https:\\\/\\\/noticiasmercedinas.com\\\/site\\\/2022\\\/08\\\/24\\\/disertacion-y-firma-de-convenio-en-congreso-sobre-cambio-climatico-y-su-impacto-en-las-mujeres\\\/#primaryimage\"},\"thumbnailUrl\":\"https:\\\/\\\/noticiasmercedinas.com\\\/site\\\/wp-content\\\/uploads\\\/2022\\\/08\\\/Torres-en-la-disertacion.jpeg\",\"datePublished\":\"2022-08-24T15:01:50+00:00\",\"breadcrumb\":{\"@id\":\"https:\\\/\\\/noticiasmercedinas.com\\\/site\\\/2022\\\/08\\\/24\\\/disertacion-y-firma-de-convenio-en-congreso-sobre-cambio-climatico-y-su-impacto-en-las-mujeres\\\/#breadcrumb\"},\"inLanguage\":\"es\",\"potentialAction\":[{\"@type\":\"ReadAction\",\"target\":[\"https:\\\/\\\/noticiasmercedinas.com\\\/site\\\/2022\\\/08\\\/24\\\/disertacion-y-firma-de-convenio-en-congreso-sobre-cambio-climatico-y-su-impacto-en-las-mujeres\\\/\"]}]},{\"@type\":\"ImageObject\",\"inLanguage\":\"es\",\"@id\":\"https:\\\/\\\/noticiasmercedinas.com\\\/site\\\/2022\\\/08\\\/24\\\/disertacion-y-firma-de-convenio-en-congreso-sobre-cambio-climatico-y-su-impacto-en-las-mujeres\\\/#primaryimage\",\"url\":\"https:\\\/\\\/noticiasmercedinas.com\\\/site\\\/wp-content\\\/uploads\\\/2022\\\/08\\\/Torres-en-la-disertacion.jpeg\",\"contentUrl\":\"https:\\\/\\\/noticiasmercedinas.com\\\/site\\\/wp-content\\\/uploads\\\/2022\\\/08\\\/Torres-en-la-disertacion.jpeg\",\"width\":1280,\"height\":852},{\"@type\":\"BreadcrumbList\",\"@id\":\"https:\\\/\\\/noticiasmercedinas.com\\\/site\\\/2022\\\/08\\\/24\\\/disertacion-y-firma-de-convenio-en-congreso-sobre-cambio-climatico-y-su-impacto-en-las-mujeres\\\/#breadcrumb\",\"itemListElement\":[{\"@type\":\"ListItem\",\"position\":1,\"name\":\"Portada\",\"item\":\"https:\\\/\\\/noticiasmercedinas.com\\\/site\\\/\"},{\"@type\":\"ListItem\",\"position\":2,\"name\":\"Disertaci\u00f3n y firma de convenio en congreso sobre cambio clim\u00e1tico y su impacto en las mujeres\"}]},{\"@type\":\"WebSite\",\"@id\":\"https:\\\/\\\/noticiasmercedinas.com\\\/site\\\/#website\",\"url\":\"https:\\\/\\\/noticiasmercedinas.com\\\/site\\\/\",\"name\":\"NOTICIASMERCEDINAS.COM\",\"description\":\"Mercedes, Buenos Aires, Argentina\",\"publisher\":{\"@id\":\"https:\\\/\\\/noticiasmercedinas.com\\\/site\\\/#organization\"},\"potentialAction\":[{\"@type\":\"SearchAction\",\"target\":{\"@type\":\"EntryPoint\",\"urlTemplate\":\"https:\\\/\\\/noticiasmercedinas.com\\\/site\\\/?s={search_term_string}\"},\"query-input\":{\"@type\":\"PropertyValueSpecification\",\"valueRequired\":true,\"valueName\":\"search_term_string\"}}],\"inLanguage\":\"es\"},{\"@type\":\"Organization\",\"@id\":\"https:\\\/\\\/noticiasmercedinas.com\\\/site\\\/#organization\",\"name\":\"NOTICIASMERCEDINAS.COM\",\"url\":\"https:\\\/\\\/noticiasmercedinas.com\\\/site\\\/\",\"logo\":{\"@type\":\"ImageObject\",\"inLanguage\":\"es\",\"@id\":\"https:\\\/\\\/noticiasmercedinas.com\\\/site\\\/#\\\/schema\\\/logo\\\/image\\\/\",\"url\":\"https:\\\/\\\/noticiasmercedinas.com\\\/site\\\/wp-content\\\/uploads\\\/2020\\\/06\\\/LOGO-512.jpg\",\"contentUrl\":\"https:\\\/\\\/noticiasmercedinas.com\\\/site\\\/wp-content\\\/uploads\\\/2020\\\/06\\\/LOGO-512.jpg\",\"width\":512,\"height\":512,\"caption\":\"NOTICIASMERCEDINAS.COM\"},\"image\":{\"@id\":\"https:\\\/\\\/noticiasmercedinas.com\\\/site\\\/#\\\/schema\\\/logo\\\/image\\\/\"},\"sameAs\":[\"https:\\\/\\\/www.facebook.com\\\/noticiasmercedinas\\\/\",\"https:\\\/\\\/x.com\\\/notmercedinas\",\"https:\\\/\\\/www.instagram.com\\\/noticiasmercedinas\\\/\"]},{\"@type\":\"Person\",\"@id\":\"https:\\\/\\\/noticiasmercedinas.com\\\/site\\\/#\\\/schema\\\/person\\\/84b59c099c28ff2e8b77d4ceec5d8063\",\"name\":\"NOTICIASMERCEDINAS.COM\",\"image\":{\"@type\":\"ImageObject\",\"inLanguage\":\"es\",\"@id\":\"https:\\\/\\\/secure.gravatar.com\\\/avatar\\\/4dfbf16b4d17945bfb6341b2d19043457132fcf478a5ee04f42e959fd8f5df0a?s=96&d=mm&r=g\",\"url\":\"https:\\\/\\\/secure.gravatar.com\\\/avatar\\\/4dfbf16b4d17945bfb6341b2d19043457132fcf478a5ee04f42e959fd8f5df0a?s=96&d=mm&r=g\",\"contentUrl\":\"https:\\\/\\\/secure.gravatar.com\\\/avatar\\\/4dfbf16b4d17945bfb6341b2d19043457132fcf478a5ee04f42e959fd8f5df0a?s=96&d=mm&r=g\",\"caption\":\"NOTICIASMERCEDINAS.COM\"},\"url\":\"https:\\\/\\\/noticiasmercedinas.com\\\/site\\\/author\\\/anonimo\\\/\"}]}<\/script>\n<!-- \/ Yoast SEO plugin. -->","yoast_head_json":{"title":"Disertaci\u00f3n y firma de convenio en congreso sobre cambio clim\u00e1tico y su impacto en las mujeres","robots":{"index":"index","follow":"follow","max-snippet":"max-snippet:-1","max-image-preview":"max-image-preview:large","max-video-preview":"max-video-preview:-1"},"canonical":"https:\/\/noticiasmercedinas.com\/site\/2022\/08\/24\/disertacion-y-firma-de-convenio-en-congreso-sobre-cambio-climatico-y-su-impacto-en-las-mujeres\/","og_locale":"es_ES","og_type":"article","og_title":"Disertaci\u00f3n y firma de convenio en congreso sobre cambio clim\u00e1tico y su impacto en las mujeres","og_description":"\u00ad\u00ad\u25a0 Se hizo un acuerdo entre el Consejo de la Magistratura de la provincia de Buenos Aires y la Asociaci\u00f3n de Mujeres Jueces de Argentina","og_url":"https:\/\/noticiasmercedinas.com\/site\/2022\/08\/24\/disertacion-y-firma-de-convenio-en-congreso-sobre-cambio-climatico-y-su-impacto-en-las-mujeres\/","og_site_name":"NOTICIASMERCEDINAS.COM","article_publisher":"https:\/\/www.facebook.com\/noticiasmercedinas\/","article_published_time":"2022-08-24T15:01:50+00:00","og_image":[{"width":1280,"height":852,"url":"https:\/\/noticiasmercedinas.com\/site\/wp-content\/uploads\/2022\/08\/Torres-en-la-disertacion.jpeg","type":"image\/jpeg"}],"author":"NOTICIASMERCEDINAS.COM","twitter_card":"summary_large_image","twitter_creator":"@notmercedinas","twitter_site":"@notmercedinas","twitter_misc":{"Escrito por":"NOTICIASMERCEDINAS.COM","Tiempo de lectura":"2 minutos"},"schema":{"@context":"https:\/\/schema.org","@graph":[{"@type":"Article","@id":"https:\/\/noticiasmercedinas.com\/site\/2022\/08\/24\/disertacion-y-firma-de-convenio-en-congreso-sobre-cambio-climatico-y-su-impacto-en-las-mujeres\/#article","isPartOf":{"@id":"https:\/\/noticiasmercedinas.com\/site\/2022\/08\/24\/disertacion-y-firma-de-convenio-en-congreso-sobre-cambio-climatico-y-su-impacto-en-las-mujeres\/"},"author":{"name":"NOTICIASMERCEDINAS.COM","@id":"https:\/\/noticiasmercedinas.com\/site\/#\/schema\/person\/84b59c099c28ff2e8b77d4ceec5d8063"},"headline":"Disertaci\u00f3n y firma de convenio en congreso sobre cambio clim\u00e1tico y su impacto en las mujeres","datePublished":"2022-08-24T15:01:50+00:00","mainEntityOfPage":{"@id":"https:\/\/noticiasmercedinas.com\/site\/2022\/08\/24\/disertacion-y-firma-de-convenio-en-congreso-sobre-cambio-climatico-y-su-impacto-en-las-mujeres\/"},"wordCount":327,"commentCount":0,"publisher":{"@id":"https:\/\/noticiasmercedinas.com\/site\/#organization"},"image":{"@id":"https:\/\/noticiasmercedinas.com\/site\/2022\/08\/24\/disertacion-y-firma-de-convenio-en-congreso-sobre-cambio-climatico-y-su-impacto-en-las-mujeres\/#primaryimage"},"thumbnailUrl":"https:\/\/noticiasmercedinas.com\/site\/wp-content\/uploads\/2022\/08\/Torres-en-la-disertacion.jpeg","keywords":["cambio climatico","consejo de la magistratura","jueces","Sergio Torres"],"articleSection":["Provinciales"],"inLanguage":"es","potentialAction":[{"@type":"CommentAction","name":"Comment","target":["https:\/\/noticiasmercedinas.com\/site\/2022\/08\/24\/disertacion-y-firma-de-convenio-en-congreso-sobre-cambio-climatico-y-su-impacto-en-las-mujeres\/#respond"]}]},{"@type":"WebPage","@id":"https:\/\/noticiasmercedinas.com\/site\/2022\/08\/24\/disertacion-y-firma-de-convenio-en-congreso-sobre-cambio-climatico-y-su-impacto-en-las-mujeres\/","url":"https:\/\/noticiasmercedinas.com\/site\/2022\/08\/24\/disertacion-y-firma-de-convenio-en-congreso-sobre-cambio-climatico-y-su-impacto-en-las-mujeres\/","name":"Disertaci\u00f3n y firma de convenio en congreso sobre cambio clim\u00e1tico y su impacto en las mujeres","isPartOf":{"@id":"https:\/\/noticiasmercedinas.com\/site\/#website"},"primaryImageOfPage":{"@id":"https:\/\/noticiasmercedinas.com\/site\/2022\/08\/24\/disertacion-y-firma-de-convenio-en-congreso-sobre-cambio-climatico-y-su-impacto-en-las-mujeres\/#primaryimage"},"image":{"@id":"https:\/\/noticiasmercedinas.com\/site\/2022\/08\/24\/disertacion-y-firma-de-convenio-en-congreso-sobre-cambio-climatico-y-su-impacto-en-las-mujeres\/#primaryimage"},"thumbnailUrl":"https:\/\/noticiasmercedinas.com\/site\/wp-content\/uploads\/2022\/08\/Torres-en-la-disertacion.jpeg","datePublished":"2022-08-24T15:01:50+00:00","breadcrumb":{"@id":"https:\/\/noticiasmercedinas.com\/site\/2022\/08\/24\/disertacion-y-firma-de-convenio-en-congreso-sobre-cambio-climatico-y-su-impacto-en-las-mujeres\/#breadcrumb"},"inLanguage":"es","potentialAction":[{"@type":"ReadAction","target":["https:\/\/noticiasmercedinas.com\/site\/2022\/08\/24\/disertacion-y-firma-de-convenio-en-congreso-sobre-cambio-climatico-y-su-impacto-en-las-mujeres\/"]}]},{"@type":"ImageObject","inLanguage":"es","@id":"https:\/\/noticiasmercedinas.com\/site\/2022\/08\/24\/disertacion-y-firma-de-convenio-en-congreso-sobre-cambio-climatico-y-su-impacto-en-las-mujeres\/#primaryimage","url":"https:\/\/noticiasmercedinas.com\/site\/wp-content\/uploads\/2022\/08\/Torres-en-la-disertacion.jpeg","contentUrl":"https:\/\/noticiasmercedinas.com\/site\/wp-content\/uploads\/2022\/08\/Torres-en-la-disertacion.jpeg","width":1280,"height":852},{"@type":"BreadcrumbList","@id":"https:\/\/noticiasmercedinas.com\/site\/2022\/08\/24\/disertacion-y-firma-de-convenio-en-congreso-sobre-cambio-climatico-y-su-impacto-en-las-mujeres\/#breadcrumb","itemListElement":[{"@type":"ListItem","position":1,"name":"Portada","item":"https:\/\/noticiasmercedinas.com\/site\/"},{"@type":"ListItem","position":2,"name":"Disertaci\u00f3n y firma de convenio en congreso sobre cambio clim\u00e1tico y su impacto en las mujeres"}]},{"@type":"WebSite","@id":"https:\/\/noticiasmercedinas.com\/site\/#website","url":"https:\/\/noticiasmercedinas.com\/site\/","name":"NOTICIASMERCEDINAS.COM","description":"Mercedes, Buenos Aires, Argentina","publisher":{"@id":"https:\/\/noticiasmercedinas.com\/site\/#organization"},"potentialAction":[{"@type":"SearchAction","target":{"@type":"EntryPoint","urlTemplate":"https:\/\/noticiasmercedinas.com\/site\/?s={search_term_string}"},"query-input":{"@type":"PropertyValueSpecification","valueRequired":true,"valueName":"search_term_string"}}],"inLanguage":"es"},{"@type":"Organization","@id":"https:\/\/noticiasmercedinas.com\/site\/#organization","name":"NOTICIASMERCEDINAS.COM","url":"https:\/\/noticiasmercedinas.com\/site\/","logo":{"@type":"ImageObject","inLanguage":"es","@id":"https:\/\/noticiasmercedinas.com\/site\/#\/schema\/logo\/image\/","url":"https:\/\/noticiasmercedinas.com\/site\/wp-content\/uploads\/2020\/06\/LOGO-512.jpg","contentUrl":"https:\/\/noticiasmercedinas.com\/site\/wp-content\/uploads\/2020\/06\/LOGO-512.jpg","width":512,"height":512,"caption":"NOTICIASMERCEDINAS.COM"},"image":{"@id":"https:\/\/noticiasmercedinas.com\/site\/#\/schema\/logo\/image\/"},"sameAs":["https:\/\/www.facebook.com\/noticiasmercedinas\/","https:\/\/x.com\/notmercedinas","https:\/\/www.instagram.com\/noticiasmercedinas\/"]},{"@type":"Person","@id":"https:\/\/noticiasmercedinas.com\/site\/#\/schema\/person\/84b59c099c28ff2e8b77d4ceec5d8063","name":"NOTICIASMERCEDINAS.COM","image":{"@type":"ImageObject","inLanguage":"es","@id":"https:\/\/secure.gravatar.com\/avatar\/4dfbf16b4d17945bfb6341b2d19043457132fcf478a5ee04f42e959fd8f5df0a?s=96&d=mm&r=g","url":"https:\/\/secure.gravatar.com\/avatar\/4dfbf16b4d17945bfb6341b2d19043457132fcf478a5ee04f42e959fd8f5df0a?s=96&d=mm&r=g","contentUrl":"https:\/\/secure.gravatar.com\/avatar\/4dfbf16b4d17945bfb6341b2d19043457132fcf478a5ee04f42e959fd8f5df0a?s=96&d=mm&r=g","caption":"NOTICIASMERCEDINAS.COM"},"url":"https:\/\/noticiasmercedinas.com\/site\/author\/anonimo\/"}]}},"amp_enabled":true,"_links":{"self":[{"href":"https:\/\/noticiasmercedinas.com\/site\/wp-json\/wp\/v2\/posts\/97932","targetHints":{"allow":["GET"]}}],"collection":[{"href":"https:\/\/noticiasmercedinas.com\/site\/wp-json\/wp\/v2\/posts"}],"about":[{"href":"https:\/\/noticiasmercedinas.com\/site\/wp-json\/wp\/v2\/types\/post"}],"author":[{"embeddable":true,"href":"https:\/\/noticiasmercedinas.com\/site\/wp-json\/wp\/v2\/users\/16"}],"replies":[{"embeddable":true,"href":"https:\/\/noticiasmercedinas.com\/site\/wp-json\/wp\/v2\/comments?post=97932"}],"version-history":[{"count":1,"href":"https:\/\/noticiasmercedinas.com\/site\/wp-json\/wp\/v2\/posts\/97932\/revisions"}],"predecessor-version":[{"id":97937,"href":"https:\/\/noticiasmercedinas.com\/site\/wp-json\/wp\/v2\/posts\/97932\/revisions\/97937"}],"wp:featuredmedia":[{"embeddable":true,"href":"https:\/\/noticiasmercedinas.com\/site\/wp-json\/wp\/v2\/media\/97934"}],"wp:attachment":[{"href":"https:\/\/noticiasmercedinas.com\/site\/wp-json\/wp\/v2\/media?parent=97932"}],"wp:term":[{"taxonomy":"category","embeddable":true,"href":"https:\/\/noticiasmercedinas.com\/site\/wp-json\/wp\/v2\/categories?post=97932"},{"taxonomy":"post_tag","embeddable":true,"href":"https:\/\/noticiasmercedinas.com\/site\/wp-json\/wp\/v2\/tags?post=97932"}],"curies":[{"name":"wp","href":"https:\/\/api.w.org\/{rel}","templated":true}]}}