{"id":98058,"date":"2022-08-25T21:10:36","date_gmt":"2022-08-26T00:10:36","guid":{"rendered":"https:\/\/noticiasmercedinas.com\/site\/?p=98058"},"modified":"2022-08-25T22:31:38","modified_gmt":"2022-08-26T01:31:38","slug":"de-pedro-participo-del-acto-por-los-201-anos-de-catamarca-y-llamo-a-consolidar-el-arraigo-y-la-identidad","status":"publish","type":"post","link":"https:\/\/noticiasmercedinas.com\/site\/2022\/08\/25\/de-pedro-participo-del-acto-por-los-201-anos-de-catamarca-y-llamo-a-consolidar-el-arraigo-y-la-identidad\/","title":{"rendered":"De Pedro particip\u00f3 del acto por los 201 a\u00f1os de Catamarca y llam\u00f3 a \u00abconsolidar el arraigo y la identidad\u00bb"},"content":{"rendered":"<p><img loading=\"lazy\" decoding=\"async\" class=\"alignnone size-large wp-image-98060\" src=\"https:\/\/noticiasmercedinas.com\/site\/wp-content\/uploads\/2022\/08\/27e83f86-4fa4-471d-a479-060178778b8a-1024x682.jpg\" alt=\"\" width=\"640\" height=\"426\" srcset=\"https:\/\/noticiasmercedinas.com\/site\/wp-content\/uploads\/2022\/08\/27e83f86-4fa4-471d-a479-060178778b8a-1024x682.jpg 1024w, https:\/\/noticiasmercedinas.com\/site\/wp-content\/uploads\/2022\/08\/27e83f86-4fa4-471d-a479-060178778b8a-300x200.jpg 300w, https:\/\/noticiasmercedinas.com\/site\/wp-content\/uploads\/2022\/08\/27e83f86-4fa4-471d-a479-060178778b8a-768x512.jpg 768w, https:\/\/noticiasmercedinas.com\/site\/wp-content\/uploads\/2022\/08\/27e83f86-4fa4-471d-a479-060178778b8a-640x427.jpg 640w, https:\/\/noticiasmercedinas.com\/site\/wp-content\/uploads\/2022\/08\/27e83f86-4fa4-471d-a479-060178778b8a-681x454.jpg 681w, https:\/\/noticiasmercedinas.com\/site\/wp-content\/uploads\/2022\/08\/27e83f86-4fa4-471d-a479-060178778b8a.jpg 1280w\" sizes=\"auto, (max-width: 640px) 100vw, 640px\" \/><\/p>\n<p>El ministro del Interior, <strong>Wado de Pedro<\/strong>, y el gobernador de Catamarca, <strong>Ra\u00fal Jalil<\/strong>, encabezaron esta tarde en la localidad de El Rodeo el acto por el 201\u00b0 aniversario de la declaraci\u00f3n de autonom\u00eda de la provincia, donde adem\u00e1s inauguraron una sede de Migraciones. En ese contexto, de Pedro remarc\u00f3 que \u00abla autonom\u00eda significa forjar la identidad del pueblo, la identidad de la cultura y de la tradici\u00f3n\u00bb, y resalt\u00f3 que estas acciones que lleva adelante el Gobierno nacional \u00abpermiten consolidar el arraigo\u00bb.<\/p>\n<p>El ministro asegur\u00f3 que \u201cno hay dudas de que Catamarca es una de las provincias de este Norte Grande que le va a dar mucha felicidad al pueblo argentino\u201d ya que se trata de \u201cuna provincia pujante, con crecimiento del empleo, proyect\u00e1ndose a futuro como una de las provincias donde se recupera el turismo y la producci\u00f3n, donde siguen creciendo todas las industrias vinculadas a la energ\u00eda y a los alimentos\u201d.<\/p>\n<p>M\u00e1s temprano, el ministro del Interior y el gobernador Jalil visitaron el Centro Administrativo del Poder Ejecutivo (CAPE) e inauguraron y recorrieron la primera oficina de la Direcci\u00f3n Nacional de Migraciones (DNM) en Catamarca, convirti\u00e9ndose en el punto de atenci\u00f3n N\u00b0 37 de la DNM en todo el pa\u00eds.<\/p>\n<p>En ese marco el ministro del Interior destac\u00f3 la articulaci\u00f3n entre el Gobierno nacional y el Gobierno de la provincia de Catamarca y celebr\u00f3 la inauguraci\u00f3n de la oficina de Migraciones que \u201cva a permitir consolidar el arraigo, para que cada uno de los hermanos que vienen de otros pa\u00edses que eligen poblar Catamarca tambi\u00e9n puedan tener las condiciones de vida digna, educaci\u00f3n, trabajo y salud\u201d.<\/p>\n<p>Por su parte, Ra\u00fal Jalil celebr\u00f3 que la inauguraci\u00f3n se d\u00e9 en el D\u00eda de la Autonom\u00eda de Catamarca ya que la nueva sede de Migraciones se trata de \u201cuna obra con mucha inclusi\u00f3n, muy pedida por todas las colectividades\u201d que permitir\u00e1 que Catamarca \u201ctenga m\u00e1s autonom\u00eda\u201d.<\/p>\n<p>M\u00e1s tarde, los mandatarios compartieron un encuentro con representantes de comunidades abor\u00edgenes donde el titular de Interior resalt\u00f3 \u201cque en Catamarca hay un nivel de connivencia ejemplar, de sinton\u00eda que es muy bueno, que sirve mucho como ejemplo para otras regiones\u201d y asegur\u00f3 que \u201cpara un peronista pensar en la comunidad organizada, ver c\u00f3mo se respetan las identidades y c\u00f3mo se trabaja en conjunto siempre es muy lindo,\u201d.<\/p>\n<p>En su visita a la provincia de Pedro tambi\u00e9n particip\u00f3 de la apertura de las jornadas \u201cCatamarca, un puente al mercado asi\u00e1tico\u201d, donde destac\u00f3 el compromiso del Gobierno nacional con la realizaci\u00f3n del corredor bioce\u00e1nico ferroviario y expres\u00f3 que esta obra \u201ces parte de una agenda de las decisiones estrat\u00e9gicas que queremos tomar en Argentina\u201d.<\/p>\n<p>En el encuentro realizado en el Hotel Casino Catamarca tambi\u00e9n estuvieron presentes el vicegobernador, Rub\u00e9n Dusso; la embajadora de Indonesia, Niniek Kun Naryati Sisewojo; el embajador de Malasia, Nur Azman Abdul Rahim; el embajador de Vietnam, Than Duong Quoc; el embajador de Tailandia, Krit Tankanarat; y el encargado de negocios de Filipinas, Jason Anasarias.<\/p>\n<p>Previo a su presentaci\u00f3n en \u201cCatamarca, un puente al mercado asi\u00e1tico\u201d, Wado de Pedro particip\u00f3 de manera virtual del encuentro organizado por el Partido Justicialista nacional para manifestar respaldo a la vicepresidenta Cristina Fern\u00e1ndez de Kirchner en relaci\u00f3n al proceso judicial de la causa Vialidad, como as\u00ed tambi\u00e9n para coordinar futuras acciones.<\/p>\n<p><img loading=\"lazy\" decoding=\"async\" class=\"alignnone size-large wp-image-98059\" src=\"https:\/\/noticiasmercedinas.com\/site\/wp-content\/uploads\/2022\/08\/e71e1f21-3756-4f89-9df7-ca14da8f5c8d-1024x682.jpg\" alt=\"\" width=\"640\" height=\"426\" srcset=\"https:\/\/noticiasmercedinas.com\/site\/wp-content\/uploads\/2022\/08\/e71e1f21-3756-4f89-9df7-ca14da8f5c8d-1024x682.jpg 1024w, https:\/\/noticiasmercedinas.com\/site\/wp-content\/uploads\/2022\/08\/e71e1f21-3756-4f89-9df7-ca14da8f5c8d-300x200.jpg 300w, https:\/\/noticiasmercedinas.com\/site\/wp-content\/uploads\/2022\/08\/e71e1f21-3756-4f89-9df7-ca14da8f5c8d-768x512.jpg 768w, https:\/\/noticiasmercedinas.com\/site\/wp-content\/uploads\/2022\/08\/e71e1f21-3756-4f89-9df7-ca14da8f5c8d-640x427.jpg 640w, https:\/\/noticiasmercedinas.com\/site\/wp-content\/uploads\/2022\/08\/e71e1f21-3756-4f89-9df7-ca14da8f5c8d-681x454.jpg 681w, https:\/\/noticiasmercedinas.com\/site\/wp-content\/uploads\/2022\/08\/e71e1f21-3756-4f89-9df7-ca14da8f5c8d.jpg 1280w\" sizes=\"auto, (max-width: 640px) 100vw, 640px\" \/><\/p>\n","protected":false},"excerpt":{"rendered":"<p>\u25a0 Junto al gobernador Jalil inauguraron una sede de Migraciones. En ese contexto, De Pedro remarc\u00f3 que \u00abla autonom\u00eda significa forjar la identidad del pueblo, la identidad de la cultura y de la tradici\u00f3n\u00bb<\/p>\n","protected":false},"author":16,"featured_media":98060,"comment_status":"open","ping_status":"open","sticky":false,"template":"","format":"standard","meta":{"footnotes":""},"categories":[16],"tags":[7494,13939],"class_list":["post-98058","post","type-post","status-publish","format-standard","has-post-thumbnail","hentry","category-politica","tag-eduardo-wado-de-pedro-2","tag-raul-jalil"],"yoast_head":"<!-- This site is optimized with the Yoast SEO plugin v27.5 - https:\/\/yoast.com\/product\/yoast-seo-wordpress\/ -->\n<title>De Pedro particip\u00f3 del acto por los 201 a\u00f1os de Catamarca y llam\u00f3 a &quot;consolidar el arraigo y la identidad&quot;<\/title>\n<meta name=\"robots\" content=\"index, follow, max-snippet:-1, max-image-preview:large, max-video-preview:-1\" \/>\n<link rel=\"canonical\" href=\"https:\/\/noticiasmercedinas.com\/site\/2022\/08\/25\/de-pedro-participo-del-acto-por-los-201-anos-de-catamarca-y-llamo-a-consolidar-el-arraigo-y-la-identidad\/\" \/>\n<meta property=\"og:locale\" content=\"es_ES\" \/>\n<meta property=\"og:type\" content=\"article\" \/>\n<meta property=\"og:title\" content=\"De Pedro particip\u00f3 del acto por los 201 a\u00f1os de Catamarca y llam\u00f3 a &quot;consolidar el arraigo y la identidad&quot;\" \/>\n<meta property=\"og:description\" content=\"\u25a0 Junto al gobernador Jalil inauguraron una sede de Migraciones. En ese contexto, De Pedro remarc\u00f3 que &quot;la autonom\u00eda significa forjar la identidad del pueblo, la identidad de la cultura y de la tradici\u00f3n&quot;\" \/>\n<meta property=\"og:url\" content=\"https:\/\/noticiasmercedinas.com\/site\/2022\/08\/25\/de-pedro-participo-del-acto-por-los-201-anos-de-catamarca-y-llamo-a-consolidar-el-arraigo-y-la-identidad\/\" \/>\n<meta property=\"og:site_name\" content=\"NOTICIASMERCEDINAS.COM\" \/>\n<meta property=\"article:publisher\" content=\"https:\/\/www.facebook.com\/noticiasmercedinas\/\" \/>\n<meta property=\"article:published_time\" content=\"2022-08-26T00:10:36+00:00\" \/>\n<meta property=\"article:modified_time\" content=\"2022-08-26T01:31:38+00:00\" \/>\n<meta property=\"og:image\" content=\"https:\/\/noticiasmercedinas.com\/site\/wp-content\/uploads\/2022\/08\/27e83f86-4fa4-471d-a479-060178778b8a.jpg\" \/>\n\t<meta property=\"og:image:width\" content=\"1280\" \/>\n\t<meta property=\"og:image:height\" content=\"853\" \/>\n\t<meta property=\"og:image:type\" content=\"image\/jpeg\" \/>\n<meta name=\"author\" content=\"NOTICIASMERCEDINAS.COM\" \/>\n<meta name=\"twitter:card\" content=\"summary_large_image\" \/>\n<meta name=\"twitter:creator\" content=\"@notmercedinas\" \/>\n<meta name=\"twitter:site\" content=\"@notmercedinas\" \/>\n<meta name=\"twitter:label1\" content=\"Escrito por\" \/>\n\t<meta name=\"twitter:data1\" content=\"NOTICIASMERCEDINAS.COM\" \/>\n\t<meta name=\"twitter:label2\" content=\"Tiempo de lectura\" \/>\n\t<meta name=\"twitter:data2\" content=\"3 minutos\" \/>\n<script type=\"application\/ld+json\" class=\"yoast-schema-graph\">{\"@context\":\"https:\\\/\\\/schema.org\",\"@graph\":[{\"@type\":\"Article\",\"@id\":\"https:\\\/\\\/noticiasmercedinas.com\\\/site\\\/2022\\\/08\\\/25\\\/de-pedro-participo-del-acto-por-los-201-anos-de-catamarca-y-llamo-a-consolidar-el-arraigo-y-la-identidad\\\/#article\",\"isPartOf\":{\"@id\":\"https:\\\/\\\/noticiasmercedinas.com\\\/site\\\/2022\\\/08\\\/25\\\/de-pedro-participo-del-acto-por-los-201-anos-de-catamarca-y-llamo-a-consolidar-el-arraigo-y-la-identidad\\\/\"},\"author\":{\"name\":\"NOTICIASMERCEDINAS.COM\",\"@id\":\"https:\\\/\\\/noticiasmercedinas.com\\\/site\\\/#\\\/schema\\\/person\\\/84b59c099c28ff2e8b77d4ceec5d8063\"},\"headline\":\"De Pedro particip\u00f3 del acto por los 201 a\u00f1os de Catamarca y llam\u00f3 a \u00abconsolidar el arraigo y la identidad\u00bb\",\"datePublished\":\"2022-08-26T00:10:36+00:00\",\"dateModified\":\"2022-08-26T01:31:38+00:00\",\"mainEntityOfPage\":{\"@id\":\"https:\\\/\\\/noticiasmercedinas.com\\\/site\\\/2022\\\/08\\\/25\\\/de-pedro-participo-del-acto-por-los-201-anos-de-catamarca-y-llamo-a-consolidar-el-arraigo-y-la-identidad\\\/\"},\"wordCount\":606,\"commentCount\":0,\"publisher\":{\"@id\":\"https:\\\/\\\/noticiasmercedinas.com\\\/site\\\/#organization\"},\"image\":{\"@id\":\"https:\\\/\\\/noticiasmercedinas.com\\\/site\\\/2022\\\/08\\\/25\\\/de-pedro-participo-del-acto-por-los-201-anos-de-catamarca-y-llamo-a-consolidar-el-arraigo-y-la-identidad\\\/#primaryimage\"},\"thumbnailUrl\":\"https:\\\/\\\/noticiasmercedinas.com\\\/site\\\/wp-content\\\/uploads\\\/2022\\\/08\\\/27e83f86-4fa4-471d-a479-060178778b8a.jpg\",\"keywords\":[\"Eduardo wado de Pedro\",\"raul jalil\"],\"articleSection\":[\"Politica\"],\"inLanguage\":\"es\",\"potentialAction\":[{\"@type\":\"CommentAction\",\"name\":\"Comment\",\"target\":[\"https:\\\/\\\/noticiasmercedinas.com\\\/site\\\/2022\\\/08\\\/25\\\/de-pedro-participo-del-acto-por-los-201-anos-de-catamarca-y-llamo-a-consolidar-el-arraigo-y-la-identidad\\\/#respond\"]}]},{\"@type\":\"WebPage\",\"@id\":\"https:\\\/\\\/noticiasmercedinas.com\\\/site\\\/2022\\\/08\\\/25\\\/de-pedro-participo-del-acto-por-los-201-anos-de-catamarca-y-llamo-a-consolidar-el-arraigo-y-la-identidad\\\/\",\"url\":\"https:\\\/\\\/noticiasmercedinas.com\\\/site\\\/2022\\\/08\\\/25\\\/de-pedro-participo-del-acto-por-los-201-anos-de-catamarca-y-llamo-a-consolidar-el-arraigo-y-la-identidad\\\/\",\"name\":\"De Pedro particip\u00f3 del acto por los 201 a\u00f1os de Catamarca y llam\u00f3 a \\\"consolidar el arraigo y la identidad\\\"\",\"isPartOf\":{\"@id\":\"https:\\\/\\\/noticiasmercedinas.com\\\/site\\\/#website\"},\"primaryImageOfPage\":{\"@id\":\"https:\\\/\\\/noticiasmercedinas.com\\\/site\\\/2022\\\/08\\\/25\\\/de-pedro-participo-del-acto-por-los-201-anos-de-catamarca-y-llamo-a-consolidar-el-arraigo-y-la-identidad\\\/#primaryimage\"},\"image\":{\"@id\":\"https:\\\/\\\/noticiasmercedinas.com\\\/site\\\/2022\\\/08\\\/25\\\/de-pedro-participo-del-acto-por-los-201-anos-de-catamarca-y-llamo-a-consolidar-el-arraigo-y-la-identidad\\\/#primaryimage\"},\"thumbnailUrl\":\"https:\\\/\\\/noticiasmercedinas.com\\\/site\\\/wp-content\\\/uploads\\\/2022\\\/08\\\/27e83f86-4fa4-471d-a479-060178778b8a.jpg\",\"datePublished\":\"2022-08-26T00:10:36+00:00\",\"dateModified\":\"2022-08-26T01:31:38+00:00\",\"breadcrumb\":{\"@id\":\"https:\\\/\\\/noticiasmercedinas.com\\\/site\\\/2022\\\/08\\\/25\\\/de-pedro-participo-del-acto-por-los-201-anos-de-catamarca-y-llamo-a-consolidar-el-arraigo-y-la-identidad\\\/#breadcrumb\"},\"inLanguage\":\"es\",\"potentialAction\":[{\"@type\":\"ReadAction\",\"target\":[\"https:\\\/\\\/noticiasmercedinas.com\\\/site\\\/2022\\\/08\\\/25\\\/de-pedro-participo-del-acto-por-los-201-anos-de-catamarca-y-llamo-a-consolidar-el-arraigo-y-la-identidad\\\/\"]}]},{\"@type\":\"ImageObject\",\"inLanguage\":\"es\",\"@id\":\"https:\\\/\\\/noticiasmercedinas.com\\\/site\\\/2022\\\/08\\\/25\\\/de-pedro-participo-del-acto-por-los-201-anos-de-catamarca-y-llamo-a-consolidar-el-arraigo-y-la-identidad\\\/#primaryimage\",\"url\":\"https:\\\/\\\/noticiasmercedinas.com\\\/site\\\/wp-content\\\/uploads\\\/2022\\\/08\\\/27e83f86-4fa4-471d-a479-060178778b8a.jpg\",\"contentUrl\":\"https:\\\/\\\/noticiasmercedinas.com\\\/site\\\/wp-content\\\/uploads\\\/2022\\\/08\\\/27e83f86-4fa4-471d-a479-060178778b8a.jpg\",\"width\":1280,\"height\":853},{\"@type\":\"BreadcrumbList\",\"@id\":\"https:\\\/\\\/noticiasmercedinas.com\\\/site\\\/2022\\\/08\\\/25\\\/de-pedro-participo-del-acto-por-los-201-anos-de-catamarca-y-llamo-a-consolidar-el-arraigo-y-la-identidad\\\/#breadcrumb\",\"itemListElement\":[{\"@type\":\"ListItem\",\"position\":1,\"name\":\"Portada\",\"item\":\"https:\\\/\\\/noticiasmercedinas.com\\\/site\\\/\"},{\"@type\":\"ListItem\",\"position\":2,\"name\":\"De Pedro particip\u00f3 del acto por los 201 a\u00f1os de Catamarca y llam\u00f3 a \u00abconsolidar el arraigo y la identidad\u00bb\"}]},{\"@type\":\"WebSite\",\"@id\":\"https:\\\/\\\/noticiasmercedinas.com\\\/site\\\/#website\",\"url\":\"https:\\\/\\\/noticiasmercedinas.com\\\/site\\\/\",\"name\":\"NOTICIASMERCEDINAS.COM\",\"description\":\"Mercedes, Buenos Aires, Argentina\",\"publisher\":{\"@id\":\"https:\\\/\\\/noticiasmercedinas.com\\\/site\\\/#organization\"},\"potentialAction\":[{\"@type\":\"SearchAction\",\"target\":{\"@type\":\"EntryPoint\",\"urlTemplate\":\"https:\\\/\\\/noticiasmercedinas.com\\\/site\\\/?s={search_term_string}\"},\"query-input\":{\"@type\":\"PropertyValueSpecification\",\"valueRequired\":true,\"valueName\":\"search_term_string\"}}],\"inLanguage\":\"es\"},{\"@type\":\"Organization\",\"@id\":\"https:\\\/\\\/noticiasmercedinas.com\\\/site\\\/#organization\",\"name\":\"NOTICIASMERCEDINAS.COM\",\"url\":\"https:\\\/\\\/noticiasmercedinas.com\\\/site\\\/\",\"logo\":{\"@type\":\"ImageObject\",\"inLanguage\":\"es\",\"@id\":\"https:\\\/\\\/noticiasmercedinas.com\\\/site\\\/#\\\/schema\\\/logo\\\/image\\\/\",\"url\":\"https:\\\/\\\/noticiasmercedinas.com\\\/site\\\/wp-content\\\/uploads\\\/2020\\\/06\\\/LOGO-512.jpg\",\"contentUrl\":\"https:\\\/\\\/noticiasmercedinas.com\\\/site\\\/wp-content\\\/uploads\\\/2020\\\/06\\\/LOGO-512.jpg\",\"width\":512,\"height\":512,\"caption\":\"NOTICIASMERCEDINAS.COM\"},\"image\":{\"@id\":\"https:\\\/\\\/noticiasmercedinas.com\\\/site\\\/#\\\/schema\\\/logo\\\/image\\\/\"},\"sameAs\":[\"https:\\\/\\\/www.facebook.com\\\/noticiasmercedinas\\\/\",\"https:\\\/\\\/x.com\\\/notmercedinas\",\"https:\\\/\\\/www.instagram.com\\\/noticiasmercedinas\\\/\"]},{\"@type\":\"Person\",\"@id\":\"https:\\\/\\\/noticiasmercedinas.com\\\/site\\\/#\\\/schema\\\/person\\\/84b59c099c28ff2e8b77d4ceec5d8063\",\"name\":\"NOTICIASMERCEDINAS.COM\",\"image\":{\"@type\":\"ImageObject\",\"inLanguage\":\"es\",\"@id\":\"https:\\\/\\\/secure.gravatar.com\\\/avatar\\\/4dfbf16b4d17945bfb6341b2d19043457132fcf478a5ee04f42e959fd8f5df0a?s=96&d=mm&r=g\",\"url\":\"https:\\\/\\\/secure.gravatar.com\\\/avatar\\\/4dfbf16b4d17945bfb6341b2d19043457132fcf478a5ee04f42e959fd8f5df0a?s=96&d=mm&r=g\",\"contentUrl\":\"https:\\\/\\\/secure.gravatar.com\\\/avatar\\\/4dfbf16b4d17945bfb6341b2d19043457132fcf478a5ee04f42e959fd8f5df0a?s=96&d=mm&r=g\",\"caption\":\"NOTICIASMERCEDINAS.COM\"},\"url\":\"https:\\\/\\\/noticiasmercedinas.com\\\/site\\\/author\\\/anonimo\\\/\"}]}<\/script>\n<!-- \/ Yoast SEO plugin. -->","yoast_head_json":{"title":"De Pedro particip\u00f3 del acto por los 201 a\u00f1os de Catamarca y llam\u00f3 a \"consolidar el arraigo y la identidad\"","robots":{"index":"index","follow":"follow","max-snippet":"max-snippet:-1","max-image-preview":"max-image-preview:large","max-video-preview":"max-video-preview:-1"},"canonical":"https:\/\/noticiasmercedinas.com\/site\/2022\/08\/25\/de-pedro-participo-del-acto-por-los-201-anos-de-catamarca-y-llamo-a-consolidar-el-arraigo-y-la-identidad\/","og_locale":"es_ES","og_type":"article","og_title":"De Pedro particip\u00f3 del acto por los 201 a\u00f1os de Catamarca y llam\u00f3 a \"consolidar el arraigo y la identidad\"","og_description":"\u25a0 Junto al gobernador Jalil inauguraron una sede de Migraciones. En ese contexto, De Pedro remarc\u00f3 que \"la autonom\u00eda significa forjar la identidad del pueblo, la identidad de la cultura y de la tradici\u00f3n\"","og_url":"https:\/\/noticiasmercedinas.com\/site\/2022\/08\/25\/de-pedro-participo-del-acto-por-los-201-anos-de-catamarca-y-llamo-a-consolidar-el-arraigo-y-la-identidad\/","og_site_name":"NOTICIASMERCEDINAS.COM","article_publisher":"https:\/\/www.facebook.com\/noticiasmercedinas\/","article_published_time":"2022-08-26T00:10:36+00:00","article_modified_time":"2022-08-26T01:31:38+00:00","og_image":[{"width":1280,"height":853,"url":"https:\/\/noticiasmercedinas.com\/site\/wp-content\/uploads\/2022\/08\/27e83f86-4fa4-471d-a479-060178778b8a.jpg","type":"image\/jpeg"}],"author":"NOTICIASMERCEDINAS.COM","twitter_card":"summary_large_image","twitter_creator":"@notmercedinas","twitter_site":"@notmercedinas","twitter_misc":{"Escrito por":"NOTICIASMERCEDINAS.COM","Tiempo de lectura":"3 minutos"},"schema":{"@context":"https:\/\/schema.org","@graph":[{"@type":"Article","@id":"https:\/\/noticiasmercedinas.com\/site\/2022\/08\/25\/de-pedro-participo-del-acto-por-los-201-anos-de-catamarca-y-llamo-a-consolidar-el-arraigo-y-la-identidad\/#article","isPartOf":{"@id":"https:\/\/noticiasmercedinas.com\/site\/2022\/08\/25\/de-pedro-participo-del-acto-por-los-201-anos-de-catamarca-y-llamo-a-consolidar-el-arraigo-y-la-identidad\/"},"author":{"name":"NOTICIASMERCEDINAS.COM","@id":"https:\/\/noticiasmercedinas.com\/site\/#\/schema\/person\/84b59c099c28ff2e8b77d4ceec5d8063"},"headline":"De Pedro particip\u00f3 del acto por los 201 a\u00f1os de Catamarca y llam\u00f3 a \u00abconsolidar el arraigo y la identidad\u00bb","datePublished":"2022-08-26T00:10:36+00:00","dateModified":"2022-08-26T01:31:38+00:00","mainEntityOfPage":{"@id":"https:\/\/noticiasmercedinas.com\/site\/2022\/08\/25\/de-pedro-participo-del-acto-por-los-201-anos-de-catamarca-y-llamo-a-consolidar-el-arraigo-y-la-identidad\/"},"wordCount":606,"commentCount":0,"publisher":{"@id":"https:\/\/noticiasmercedinas.com\/site\/#organization"},"image":{"@id":"https:\/\/noticiasmercedinas.com\/site\/2022\/08\/25\/de-pedro-participo-del-acto-por-los-201-anos-de-catamarca-y-llamo-a-consolidar-el-arraigo-y-la-identidad\/#primaryimage"},"thumbnailUrl":"https:\/\/noticiasmercedinas.com\/site\/wp-content\/uploads\/2022\/08\/27e83f86-4fa4-471d-a479-060178778b8a.jpg","keywords":["Eduardo wado de Pedro","raul jalil"],"articleSection":["Politica"],"inLanguage":"es","potentialAction":[{"@type":"CommentAction","name":"Comment","target":["https:\/\/noticiasmercedinas.com\/site\/2022\/08\/25\/de-pedro-participo-del-acto-por-los-201-anos-de-catamarca-y-llamo-a-consolidar-el-arraigo-y-la-identidad\/#respond"]}]},{"@type":"WebPage","@id":"https:\/\/noticiasmercedinas.com\/site\/2022\/08\/25\/de-pedro-participo-del-acto-por-los-201-anos-de-catamarca-y-llamo-a-consolidar-el-arraigo-y-la-identidad\/","url":"https:\/\/noticiasmercedinas.com\/site\/2022\/08\/25\/de-pedro-participo-del-acto-por-los-201-anos-de-catamarca-y-llamo-a-consolidar-el-arraigo-y-la-identidad\/","name":"De Pedro particip\u00f3 del acto por los 201 a\u00f1os de Catamarca y llam\u00f3 a \"consolidar el arraigo y la identidad\"","isPartOf":{"@id":"https:\/\/noticiasmercedinas.com\/site\/#website"},"primaryImageOfPage":{"@id":"https:\/\/noticiasmercedinas.com\/site\/2022\/08\/25\/de-pedro-participo-del-acto-por-los-201-anos-de-catamarca-y-llamo-a-consolidar-el-arraigo-y-la-identidad\/#primaryimage"},"image":{"@id":"https:\/\/noticiasmercedinas.com\/site\/2022\/08\/25\/de-pedro-participo-del-acto-por-los-201-anos-de-catamarca-y-llamo-a-consolidar-el-arraigo-y-la-identidad\/#primaryimage"},"thumbnailUrl":"https:\/\/noticiasmercedinas.com\/site\/wp-content\/uploads\/2022\/08\/27e83f86-4fa4-471d-a479-060178778b8a.jpg","datePublished":"2022-08-26T00:10:36+00:00","dateModified":"2022-08-26T01:31:38+00:00","breadcrumb":{"@id":"https:\/\/noticiasmercedinas.com\/site\/2022\/08\/25\/de-pedro-participo-del-acto-por-los-201-anos-de-catamarca-y-llamo-a-consolidar-el-arraigo-y-la-identidad\/#breadcrumb"},"inLanguage":"es","potentialAction":[{"@type":"ReadAction","target":["https:\/\/noticiasmercedinas.com\/site\/2022\/08\/25\/de-pedro-participo-del-acto-por-los-201-anos-de-catamarca-y-llamo-a-consolidar-el-arraigo-y-la-identidad\/"]}]},{"@type":"ImageObject","inLanguage":"es","@id":"https:\/\/noticiasmercedinas.com\/site\/2022\/08\/25\/de-pedro-participo-del-acto-por-los-201-anos-de-catamarca-y-llamo-a-consolidar-el-arraigo-y-la-identidad\/#primaryimage","url":"https:\/\/noticiasmercedinas.com\/site\/wp-content\/uploads\/2022\/08\/27e83f86-4fa4-471d-a479-060178778b8a.jpg","contentUrl":"https:\/\/noticiasmercedinas.com\/site\/wp-content\/uploads\/2022\/08\/27e83f86-4fa4-471d-a479-060178778b8a.jpg","width":1280,"height":853},{"@type":"BreadcrumbList","@id":"https:\/\/noticiasmercedinas.com\/site\/2022\/08\/25\/de-pedro-participo-del-acto-por-los-201-anos-de-catamarca-y-llamo-a-consolidar-el-arraigo-y-la-identidad\/#breadcrumb","itemListElement":[{"@type":"ListItem","position":1,"name":"Portada","item":"https:\/\/noticiasmercedinas.com\/site\/"},{"@type":"ListItem","position":2,"name":"De Pedro particip\u00f3 del acto por los 201 a\u00f1os de Catamarca y llam\u00f3 a \u00abconsolidar el arraigo y la identidad\u00bb"}]},{"@type":"WebSite","@id":"https:\/\/noticiasmercedinas.com\/site\/#website","url":"https:\/\/noticiasmercedinas.com\/site\/","name":"NOTICIASMERCEDINAS.COM","description":"Mercedes, Buenos Aires, Argentina","publisher":{"@id":"https:\/\/noticiasmercedinas.com\/site\/#organization"},"potentialAction":[{"@type":"SearchAction","target":{"@type":"EntryPoint","urlTemplate":"https:\/\/noticiasmercedinas.com\/site\/?s={search_term_string}"},"query-input":{"@type":"PropertyValueSpecification","valueRequired":true,"valueName":"search_term_string"}}],"inLanguage":"es"},{"@type":"Organization","@id":"https:\/\/noticiasmercedinas.com\/site\/#organization","name":"NOTICIASMERCEDINAS.COM","url":"https:\/\/noticiasmercedinas.com\/site\/","logo":{"@type":"ImageObject","inLanguage":"es","@id":"https:\/\/noticiasmercedinas.com\/site\/#\/schema\/logo\/image\/","url":"https:\/\/noticiasmercedinas.com\/site\/wp-content\/uploads\/2020\/06\/LOGO-512.jpg","contentUrl":"https:\/\/noticiasmercedinas.com\/site\/wp-content\/uploads\/2020\/06\/LOGO-512.jpg","width":512,"height":512,"caption":"NOTICIASMERCEDINAS.COM"},"image":{"@id":"https:\/\/noticiasmercedinas.com\/site\/#\/schema\/logo\/image\/"},"sameAs":["https:\/\/www.facebook.com\/noticiasmercedinas\/","https:\/\/x.com\/notmercedinas","https:\/\/www.instagram.com\/noticiasmercedinas\/"]},{"@type":"Person","@id":"https:\/\/noticiasmercedinas.com\/site\/#\/schema\/person\/84b59c099c28ff2e8b77d4ceec5d8063","name":"NOTICIASMERCEDINAS.COM","image":{"@type":"ImageObject","inLanguage":"es","@id":"https:\/\/secure.gravatar.com\/avatar\/4dfbf16b4d17945bfb6341b2d19043457132fcf478a5ee04f42e959fd8f5df0a?s=96&d=mm&r=g","url":"https:\/\/secure.gravatar.com\/avatar\/4dfbf16b4d17945bfb6341b2d19043457132fcf478a5ee04f42e959fd8f5df0a?s=96&d=mm&r=g","contentUrl":"https:\/\/secure.gravatar.com\/avatar\/4dfbf16b4d17945bfb6341b2d19043457132fcf478a5ee04f42e959fd8f5df0a?s=96&d=mm&r=g","caption":"NOTICIASMERCEDINAS.COM"},"url":"https:\/\/noticiasmercedinas.com\/site\/author\/anonimo\/"}]}},"amp_enabled":true,"_links":{"self":[{"href":"https:\/\/noticiasmercedinas.com\/site\/wp-json\/wp\/v2\/posts\/98058","targetHints":{"allow":["GET"]}}],"collection":[{"href":"https:\/\/noticiasmercedinas.com\/site\/wp-json\/wp\/v2\/posts"}],"about":[{"href":"https:\/\/noticiasmercedinas.com\/site\/wp-json\/wp\/v2\/types\/post"}],"author":[{"embeddable":true,"href":"https:\/\/noticiasmercedinas.com\/site\/wp-json\/wp\/v2\/users\/16"}],"replies":[{"embeddable":true,"href":"https:\/\/noticiasmercedinas.com\/site\/wp-json\/wp\/v2\/comments?post=98058"}],"version-history":[{"count":2,"href":"https:\/\/noticiasmercedinas.com\/site\/wp-json\/wp\/v2\/posts\/98058\/revisions"}],"predecessor-version":[{"id":98062,"href":"https:\/\/noticiasmercedinas.com\/site\/wp-json\/wp\/v2\/posts\/98058\/revisions\/98062"}],"wp:featuredmedia":[{"embeddable":true,"href":"https:\/\/noticiasmercedinas.com\/site\/wp-json\/wp\/v2\/media\/98060"}],"wp:attachment":[{"href":"https:\/\/noticiasmercedinas.com\/site\/wp-json\/wp\/v2\/media?parent=98058"}],"wp:term":[{"taxonomy":"category","embeddable":true,"href":"https:\/\/noticiasmercedinas.com\/site\/wp-json\/wp\/v2\/categories?post=98058"},{"taxonomy":"post_tag","embeddable":true,"href":"https:\/\/noticiasmercedinas.com\/site\/wp-json\/wp\/v2\/tags?post=98058"}],"curies":[{"name":"wp","href":"https:\/\/api.w.org\/{rel}","templated":true}]}}