{"id":98206,"date":"2022-08-27T19:52:27","date_gmt":"2022-08-27T22:52:27","guid":{"rendered":"https:\/\/noticiasmercedinas.com\/site\/?p=98206"},"modified":"2022-08-27T19:56:34","modified_gmt":"2022-08-27T22:56:34","slug":"con-autoridad-mercedes-fue-mas-que-ballester","status":"publish","type":"post","link":"https:\/\/noticiasmercedinas.com\/site\/2022\/08\/27\/con-autoridad-mercedes-fue-mas-que-ballester\/","title":{"rendered":"Con autoridad Mercedes fue m\u00e1s que Ballester"},"content":{"rendered":"<figure id=\"attachment_98216\" aria-describedby=\"caption-attachment-98216\" style=\"width: 640px\" class=\"wp-caption alignnone\"><img loading=\"lazy\" decoding=\"async\" class=\"wp-image-98216 size-full\" src=\"https:\/\/noticiasmercedinas.com\/site\/wp-content\/uploads\/2022\/08\/IMG_9682.jpg\" alt=\"\" width=\"640\" height=\"342\" srcset=\"https:\/\/noticiasmercedinas.com\/site\/wp-content\/uploads\/2022\/08\/IMG_9682.jpg 640w, https:\/\/noticiasmercedinas.com\/site\/wp-content\/uploads\/2022\/08\/IMG_9682-300x160.jpg 300w, https:\/\/noticiasmercedinas.com\/site\/wp-content\/uploads\/2022\/08\/IMG_9682-600x320.jpg 600w\" sizes=\"auto, (max-width: 640px) 100vw, 640px\" \/><figcaption id=\"caption-attachment-98216\" class=\"wp-caption-text\">Festejo, Rodr\u00edguez grita el tercero, acompa\u00f1an Cabrera, Gatti y Contardi.<\/figcaption><\/figure>\n<p>La cancha de la Liga es el lugar donde Club Mercedes se hace fuerte, lo demostr\u00f3 este s\u00e1bado 27 ante Central Ballester por la sexta fecha de la Primera D de la AFA, oportunidad donde qued\u00f3 libre Sportivo Barracas y el puntero Yupanqui empat\u00f3 frente a Centro Espa\u00f1ol en medio de una segunda rueda que se muestra como un atrapante torneo. Si bien la posibilidad de llegar a la Primera C no la tiene este a\u00f1o, el \u201cBlanquinegro\u201d sale a jugar cada partido con la meta de ganar experiencia y en medio de ello salen buenas producciones.<strong><br \/>\n<em><br \/>\n<\/em><\/strong>Esta tarde no se sacaron grandes diferencias en los primeros pasajes, el pelotazo, la b\u00fasqueda de espacios y un f\u00fatbol m\u00e1s f\u00edsico que jugado fue obligando a poner la pelota la piso y all\u00ed fue el local quien empez\u00f3 a marcar diferencias. De un tiro libre a favor de Ballester sali\u00f3 la contra r\u00e1pida, Menseguez puso una pelota justa para Rodr\u00edguez que en la puerta del \u00e1rea fue derribado, oportunidad para Juan Cabrera que termin\u00f3 siendo autor de un golazo, en 32\u2019 se quebraba el cero.<\/p>\n<p>A partir de all\u00ed fue todo de Mercedes, que manej\u00f3 la pelota y propuso en el propio terreno rival, del otro lado ya no aparec\u00eda Filiosi en la creaci\u00f3n y Castro en la mitad de la cancha quedaba en la curda floja amonestado. Ya para el complemento la visita busc\u00f3 adelantarse, Mercedes ajust\u00f3 las marcas para surgir en medio de la disputa de la pelota la expulsi\u00f3n de Emanuel Castro en Ballester, volante central, que a los 5\u2019 dejaba a su equipo con 10. A partir de ese momento Mercedes inclin\u00f3 la cancha, otra pelota parada fue aprovechada por Juan Cabrera, que no desperdici\u00f3 de cabeza Menseguez.<\/p>\n<p>2 a 0 con tanto del \u201cRayo\u201d en 13\u2019, para cerrar una buena tarde en 22\u2019 un error en el saque del arquero Gil fue aprovechado para terminar definiendo Rodr\u00edguez para el 3 a 0 y desatar un festejo interminable. Es que Mercedes lo estaba necesitando, ganar en su casa y hacerlo de buena manera, con goles y mostr\u00e1ndose superior en un escenario donde al momento s\u00f3lo ha perdido un partido, ante Juventud, en este Clausura sigue invicto en H\u00e9roes de Malvinas y 64. El pr\u00f3ximo jueves se presentar\u00e1 en Rosario a las 15.30 ante Argentino ya por la s\u00e9ptima fecha de la Primera D.<\/p>\n<p><strong>Club Mercedes 3<em>:<\/em> <\/strong>Rodrigo Nicasio, Nicol\u00e1s Fedullo, Blas De Los Santos, Emanuel Cabrera, Nicol\u00e1s Contardi, El\u00edas Collazo, Franco Gatti, Laureano Torres, Nahuel Menseguez, Ignacio Rodr\u00edguez y Juna Cabrera. <strong>DT:<\/strong> Walter D\u00edaz. <strong>Relevos:<\/strong> Francisco Bidone y Juan Dematei.<\/p>\n<p><strong>Central Ballester 0:<\/strong> Agust\u00edn Gil, Mart\u00edn Ibarra, Lautaro Ant\u00f3n, Dar\u00edo Achucarro, Emanuel Castro, Marcos Pastoriza, Braian Ruiz, Gustavo Barrancos, Enzo G\u00f3mez, Mariano Filiosi y Agust\u00edn S\u00e1nchez. <strong>DT:<\/strong> Sergio Micieli. <strong>Relevos:<\/strong> Sebasti\u00e1n Alejandro y Emilio Ordo\u00f1ez.<\/p>\n<p><strong>Gol en el PT:<\/strong> A los 32\u2019 J. Cabrera para Club Mercedes.<br \/>\n<strong>Goles en el ST:<\/strong> A los 13\u2019 Menseguez y a los 22\u2019 Rodr\u00edguez para Club Mercedes.<br \/>\n<strong>Cambios:<\/strong> Germ\u00e1n Lucero por J. Cabrera, Rodrigo Scarnatto por Rodr\u00edguez, Agust\u00edn Fern\u00e1ndez por Menseguez, Franco Cruz por F. Gatti y Felipe Redondi por Collazo en Club Mercedes. Maximiliano Taborda por Ant\u00f3n, Nicol\u00e1s Barreyro por Barrancos, Juan Gim\u00e9nez por G\u00f3mez, Tom\u00e1s L\u00f3pez por S\u00e1nchez y H\u00e9ctor Chazarreta por Filiosi en Central Ballester.<br \/>\n<strong>\u00c1rbitro:<\/strong> Francisco Varano.<br \/>\n<strong>Expulsados:<\/strong> A los 5\u2019 del ST E. Castro en Central Ballester.<\/p>\n\r\n                <style type=\"text\/css\">\r\n                    \r\n                    #td_uid_1_69f5d72eeeaa6  .td-doubleSlider-2 .td-item1 {\r\n                        background: url(https:\/\/noticiasmercedinas.com\/site\/wp-content\/uploads\/2022\/08\/IMG_9627-160x120.jpg) 0 0 no-repeat;\r\n                    }\r\n                    #td_uid_1_69f5d72eeeaa6  .td-doubleSlider-2 .td-item2 {\r\n                        background: url(https:\/\/noticiasmercedinas.com\/site\/wp-content\/uploads\/2022\/08\/IMG_9631-160x120.jpg) 0 0 no-repeat;\r\n                    }\r\n                    #td_uid_1_69f5d72eeeaa6  .td-doubleSlider-2 .td-item3 {\r\n                        background: url(https:\/\/noticiasmercedinas.com\/site\/wp-content\/uploads\/2022\/08\/IMG_9633-160x120.jpg) 0 0 no-repeat;\r\n                    }\r\n                    #td_uid_1_69f5d72eeeaa6  .td-doubleSlider-2 .td-item4 {\r\n                        background: url(https:\/\/noticiasmercedinas.com\/site\/wp-content\/uploads\/2022\/08\/IMG_9641-160x120.jpg) 0 0 no-repeat;\r\n                    }\r\n                    #td_uid_1_69f5d72eeeaa6  .td-doubleSlider-2 .td-item5 {\r\n                        background: url(https:\/\/noticiasmercedinas.com\/site\/wp-content\/uploads\/2022\/08\/IMG_9643-160x120.jpg) 0 0 no-repeat;\r\n                    }\r\n                    #td_uid_1_69f5d72eeeaa6  .td-doubleSlider-2 .td-item6 {\r\n                        background: url(https:\/\/noticiasmercedinas.com\/site\/wp-content\/uploads\/2022\/08\/IMG_9654-160x120.jpg) 0 0 no-repeat;\r\n                    }\r\n                    #td_uid_1_69f5d72eeeaa6  .td-doubleSlider-2 .td-item7 {\r\n                        background: url(https:\/\/noticiasmercedinas.com\/site\/wp-content\/uploads\/2022\/08\/IMG_9665-160x120.jpg) 0 0 no-repeat;\r\n                    }\r\n                    #td_uid_1_69f5d72eeeaa6  .td-doubleSlider-2 .td-item8 {\r\n                        background: url(https:\/\/noticiasmercedinas.com\/site\/wp-content\/uploads\/2022\/08\/IMG_9678-160x120.jpg) 0 0 no-repeat;\r\n                    }\r\n                    #td_uid_1_69f5d72eeeaa6  .td-doubleSlider-2 .td-item9 {\r\n                        background: url(https:\/\/noticiasmercedinas.com\/site\/wp-content\/uploads\/2022\/08\/IMG_9681-160x120.jpg) 0 0 no-repeat;\r\n                    }\r\n                    #td_uid_1_69f5d72eeeaa6  .td-doubleSlider-2 .td-item10 {\r\n                        background: url(https:\/\/noticiasmercedinas.com\/site\/wp-content\/uploads\/2022\/08\/IMG_9682-160x120.jpg) 0 0 no-repeat;\r\n                    }\r\n                <\/style>\r\n\r\n                <div id=\"td_uid_1_69f5d72eeeaa6\" class=\"td-gallery td-slide-on-2-columns\">\r\n                    <div class=\"post_td_gallery\">\r\n                        <div class=\"td-gallery-slide-top\">\r\n                           <div class=\"td-gallery-title\">Club Mercedes vs. Central Ballester.<\/div>\r\n\r\n                            <div class=\"td-gallery-controls-wrapper\">\r\n                                <div class=\"td-gallery-slide-count\"><span class=\"td-gallery-slide-item-focus\">1<\/span> de 10<\/div>\r\n                                <div class=\"td-gallery-slide-prev-next-but\">\r\n                                    <i class = \"td-icon-left doubleSliderPrevButton\"><\/i>\r\n                                    <i class = \"td-icon-right doubleSliderNextButton\"><\/i>\r\n                                <\/div>\r\n                            <\/div>\r\n                        <\/div>\r\n\r\n                        <div class = \"td-doubleSlider-1 \">\r\n                            <div class = \"td-slider\">\r\n                                \r\n                    <div class = \"td-slide-item td-item1\">\r\n                        <figure class=\"td-slide-galery-figure td-slide-popup-gallery\">\r\n                            <a class=\"slide-gallery-image-link\" href=\"https:\/\/noticiasmercedinas.com\/site\/wp-content\/uploads\/2022\/08\/IMG_9627.jpg\" title=\"IMG_9627\"  data-caption=\"\"  data-description=\"\">\r\n                                <img decoding=\"async\" src=\"https:\/\/noticiasmercedinas.com\/site\/wp-content\/uploads\/2022\/08\/IMG_9627.jpg\" srcset=\"https:\/\/noticiasmercedinas.com\/site\/wp-content\/uploads\/2022\/08\/IMG_9627.jpg 640w, https:\/\/noticiasmercedinas.com\/site\/wp-content\/uploads\/2022\/08\/IMG_9627-300x186.jpg 300w\" sizes=\"(max-width: 640px) 100vw, 640px\" alt=\"\">\r\n                            <\/a>\r\n                            \r\n                        <\/figure>\r\n                    <\/div>\r\n                    <div class = \"td-slide-item td-item2\">\r\n                        <figure class=\"td-slide-galery-figure td-slide-popup-gallery\">\r\n                            <a class=\"slide-gallery-image-link\" href=\"https:\/\/noticiasmercedinas.com\/site\/wp-content\/uploads\/2022\/08\/IMG_9631.jpg\" title=\"IMG_9631\"  data-caption=\"\"  data-description=\"\">\r\n                                <img decoding=\"async\" src=\"https:\/\/noticiasmercedinas.com\/site\/wp-content\/uploads\/2022\/08\/IMG_9631.jpg\" srcset=\"https:\/\/noticiasmercedinas.com\/site\/wp-content\/uploads\/2022\/08\/IMG_9631.jpg 640w, https:\/\/noticiasmercedinas.com\/site\/wp-content\/uploads\/2022\/08\/IMG_9631-300x220.jpg 300w, https:\/\/noticiasmercedinas.com\/site\/wp-content\/uploads\/2022\/08\/IMG_9631-80x60.jpg 80w\" sizes=\"(max-width: 640px) 100vw, 640px\" alt=\"\">\r\n                            <\/a>\r\n                            \r\n                        <\/figure>\r\n                    <\/div>\r\n                    <div class = \"td-slide-item td-item3\">\r\n                        <figure class=\"td-slide-galery-figure td-slide-popup-gallery\">\r\n                            <a class=\"slide-gallery-image-link\" href=\"https:\/\/noticiasmercedinas.com\/site\/wp-content\/uploads\/2022\/08\/IMG_9633.jpg\" title=\"IMG_9633\"  data-caption=\"\"  data-description=\"\">\r\n                                <img decoding=\"async\" src=\"https:\/\/noticiasmercedinas.com\/site\/wp-content\/uploads\/2022\/08\/IMG_9633.jpg\" srcset=\"https:\/\/noticiasmercedinas.com\/site\/wp-content\/uploads\/2022\/08\/IMG_9633.jpg 640w, https:\/\/noticiasmercedinas.com\/site\/wp-content\/uploads\/2022\/08\/IMG_9633-300x218.jpg 300w\" sizes=\"(max-width: 640px) 100vw, 640px\" alt=\"\">\r\n                            <\/a>\r\n                            \r\n                        <\/figure>\r\n                    <\/div>\r\n                    <div class = \"td-slide-item td-item4\">\r\n                        <figure class=\"td-slide-galery-figure td-slide-popup-gallery\">\r\n                            <a class=\"slide-gallery-image-link\" href=\"https:\/\/noticiasmercedinas.com\/site\/wp-content\/uploads\/2022\/08\/IMG_9641.jpg\" title=\"IMG_9641\"  data-caption=\"\"  data-description=\"\">\r\n                                <img decoding=\"async\" src=\"https:\/\/noticiasmercedinas.com\/site\/wp-content\/uploads\/2022\/08\/IMG_9641.jpg\" srcset=\"https:\/\/noticiasmercedinas.com\/site\/wp-content\/uploads\/2022\/08\/IMG_9641.jpg 640w, https:\/\/noticiasmercedinas.com\/site\/wp-content\/uploads\/2022\/08\/IMG_9641-300x189.jpg 300w\" sizes=\"(max-width: 640px) 100vw, 640px\" alt=\"\">\r\n                            <\/a>\r\n                            \r\n                        <\/figure>\r\n                    <\/div>\r\n                    <div class = \"td-slide-item td-item5\">\r\n                        <figure class=\"td-slide-galery-figure td-slide-popup-gallery\">\r\n                            <a class=\"slide-gallery-image-link\" href=\"https:\/\/noticiasmercedinas.com\/site\/wp-content\/uploads\/2022\/08\/IMG_9643.jpg\" title=\"IMG_9643\"  data-caption=\"\"  data-description=\"\">\r\n                                <img decoding=\"async\" src=\"https:\/\/noticiasmercedinas.com\/site\/wp-content\/uploads\/2022\/08\/IMG_9643.jpg\" srcset=\"https:\/\/noticiasmercedinas.com\/site\/wp-content\/uploads\/2022\/08\/IMG_9643.jpg 640w, https:\/\/noticiasmercedinas.com\/site\/wp-content\/uploads\/2022\/08\/IMG_9643-300x184.jpg 300w\" sizes=\"(max-width: 640px) 100vw, 640px\" alt=\"\">\r\n                            <\/a>\r\n                            \r\n                        <\/figure>\r\n                    <\/div>\r\n                    <div class = \"td-slide-item td-item6\">\r\n                        <figure class=\"td-slide-galery-figure td-slide-popup-gallery\">\r\n                            <a class=\"slide-gallery-image-link\" href=\"https:\/\/noticiasmercedinas.com\/site\/wp-content\/uploads\/2022\/08\/IMG_9654.jpg\" title=\"IMG_9654\"  data-caption=\"\"  data-description=\"\">\r\n                                <img decoding=\"async\" src=\"https:\/\/noticiasmercedinas.com\/site\/wp-content\/uploads\/2022\/08\/IMG_9654.jpg\" srcset=\"https:\/\/noticiasmercedinas.com\/site\/wp-content\/uploads\/2022\/08\/IMG_9654.jpg 640w, https:\/\/noticiasmercedinas.com\/site\/wp-content\/uploads\/2022\/08\/IMG_9654-300x189.jpg 300w\" sizes=\"(max-width: 640px) 100vw, 640px\" alt=\"\">\r\n                            <\/a>\r\n                            \r\n                        <\/figure>\r\n                    <\/div>\r\n                    <div class = \"td-slide-item td-item7\">\r\n                        <figure class=\"td-slide-galery-figure td-slide-popup-gallery\">\r\n                            <a class=\"slide-gallery-image-link\" href=\"https:\/\/noticiasmercedinas.com\/site\/wp-content\/uploads\/2022\/08\/IMG_9665.jpg\" title=\"IMG_9665\"  data-caption=\"\"  data-description=\"\">\r\n                                <img decoding=\"async\" src=\"https:\/\/noticiasmercedinas.com\/site\/wp-content\/uploads\/2022\/08\/IMG_9665.jpg\" srcset=\"https:\/\/noticiasmercedinas.com\/site\/wp-content\/uploads\/2022\/08\/IMG_9665.jpg 640w, https:\/\/noticiasmercedinas.com\/site\/wp-content\/uploads\/2022\/08\/IMG_9665-300x191.jpg 300w\" sizes=\"(max-width: 640px) 100vw, 640px\" alt=\"\">\r\n                            <\/a>\r\n                            \r\n                        <\/figure>\r\n                    <\/div>\r\n                    <div class = \"td-slide-item td-item8\">\r\n                        <figure class=\"td-slide-galery-figure td-slide-popup-gallery\">\r\n                            <a class=\"slide-gallery-image-link\" href=\"https:\/\/noticiasmercedinas.com\/site\/wp-content\/uploads\/2022\/08\/IMG_9678.jpg\" title=\"IMG_9678\"  data-caption=\"\"  data-description=\"\">\r\n                                <img decoding=\"async\" src=\"https:\/\/noticiasmercedinas.com\/site\/wp-content\/uploads\/2022\/08\/IMG_9678.jpg\" srcset=\"https:\/\/noticiasmercedinas.com\/site\/wp-content\/uploads\/2022\/08\/IMG_9678.jpg 640w, https:\/\/noticiasmercedinas.com\/site\/wp-content\/uploads\/2022\/08\/IMG_9678-300x181.jpg 300w\" sizes=\"(max-width: 640px) 100vw, 640px\" alt=\"\">\r\n                            <\/a>\r\n                            \r\n                        <\/figure>\r\n                    <\/div>\r\n                    <div class = \"td-slide-item td-item9\">\r\n                        <figure class=\"td-slide-galery-figure td-slide-popup-gallery\">\r\n                            <a class=\"slide-gallery-image-link\" href=\"https:\/\/noticiasmercedinas.com\/site\/wp-content\/uploads\/2022\/08\/IMG_9681.jpg\" title=\"IMG_9681\"  data-caption=\"\"  data-description=\"\">\r\n                                <img decoding=\"async\" src=\"https:\/\/noticiasmercedinas.com\/site\/wp-content\/uploads\/2022\/08\/IMG_9681.jpg\" srcset=\"https:\/\/noticiasmercedinas.com\/site\/wp-content\/uploads\/2022\/08\/IMG_9681.jpg 640w, https:\/\/noticiasmercedinas.com\/site\/wp-content\/uploads\/2022\/08\/IMG_9681-300x192.jpg 300w\" sizes=\"(max-width: 640px) 100vw, 640px\" alt=\"\">\r\n                            <\/a>\r\n                            \r\n                        <\/figure>\r\n                    <\/div>\r\n                    <div class = \"td-slide-item td-item10\">\r\n                        <figure class=\"td-slide-galery-figure td-slide-popup-gallery\">\r\n                            <a class=\"slide-gallery-image-link\" href=\"https:\/\/noticiasmercedinas.com\/site\/wp-content\/uploads\/2022\/08\/IMG_9682.jpg\" title=\"IMG_9682\"  data-caption=\"\"  data-description=\"\">\r\n                                <img decoding=\"async\" src=\"https:\/\/noticiasmercedinas.com\/site\/wp-content\/uploads\/2022\/08\/IMG_9682.jpg\" srcset=\"https:\/\/noticiasmercedinas.com\/site\/wp-content\/uploads\/2022\/08\/IMG_9682.jpg 640w, https:\/\/noticiasmercedinas.com\/site\/wp-content\/uploads\/2022\/08\/IMG_9682-300x160.jpg 300w, https:\/\/noticiasmercedinas.com\/site\/wp-content\/uploads\/2022\/08\/IMG_9682-600x320.jpg 600w\" sizes=\"(max-width: 640px) 100vw, 640px\" alt=\"\">\r\n                            <\/a>\r\n                            \r\n                        <\/figure>\r\n                    <\/div>\r\n                            <\/div>\r\n                        <\/div>\r\n\r\n                        <div class = \"td-doubleSlider-2\">\r\n                            <div class = \"td-slider\">\r\n                                \r\n                    <div class = \"td-button td-item1\">\r\n                        <div class = \"td-border\"><\/div>\r\n                    <\/div>\r\n                    <div class = \"td-button td-item2\">\r\n                        <div class = \"td-border\"><\/div>\r\n                    <\/div>\r\n                    <div class = \"td-button td-item3\">\r\n                        <div class = \"td-border\"><\/div>\r\n                    <\/div>\r\n                    <div class = \"td-button td-item4\">\r\n                        <div class = \"td-border\"><\/div>\r\n                    <\/div>\r\n                    <div class = \"td-button td-item5\">\r\n                        <div class = \"td-border\"><\/div>\r\n                    <\/div>\r\n                    <div class = \"td-button td-item6\">\r\n                        <div class = \"td-border\"><\/div>\r\n                    <\/div>\r\n                    <div class = \"td-button td-item7\">\r\n                        <div class = \"td-border\"><\/div>\r\n                    <\/div>\r\n                    <div class = \"td-button td-item8\">\r\n                        <div class = \"td-border\"><\/div>\r\n                    <\/div>\r\n                    <div class = \"td-button td-item9\">\r\n                        <div class = \"td-border\"><\/div>\r\n                    <\/div>\r\n                    <div class = \"td-button td-item10\">\r\n                        <div class = \"td-border\"><\/div>\r\n                    <\/div>\r\n                            <\/div>\r\n                        <\/div>\r\n\r\n                    <\/div>\r\n\r\n                <\/div>\r\n                \n<p>&nbsp;<\/p>\n<p><strong>Resultados<\/strong><\/p>\n<p><strong>Centro Espa\u00f1ol 1:<\/strong> Ramiro Reynoso.<br \/>\n<strong>Yupanqui 1: <\/strong>Nicol\u00e1s De Bemedetti.<\/p>\n<p><strong>Deportivo Paraguayo 1:<\/strong> Gabriel Barrionuevo de penal.<br \/>\n<strong>Argentino de Rosario 0<\/strong>.<\/p>\n<p><strong>Juventud Unida 1:<\/strong> Maximiliano Orellana,<br \/>\n<strong>Defensores de Cambaceres 3:<\/strong> Lautaro Cossio, I\u00f1aki Berterretche y Ger\u00f3nimo Rodr\u00edguez.<br \/>\n<img loading=\"lazy\" decoding=\"async\" class=\"alignnone size-full wp-image-98218\" src=\"https:\/\/noticiasmercedinas.com\/site\/wp-content\/uploads\/2022\/08\/Primera-D-C-8.jpg\" alt=\"\" width=\"640\" height=\"385\" srcset=\"https:\/\/noticiasmercedinas.com\/site\/wp-content\/uploads\/2022\/08\/Primera-D-C-8.jpg 640w, https:\/\/noticiasmercedinas.com\/site\/wp-content\/uploads\/2022\/08\/Primera-D-C-8-300x180.jpg 300w\" sizes=\"auto, (max-width: 640px) 100vw, 640px\" \/><br \/>\n<strong>Domingo 28<br \/>\nCancha:<\/strong> Atlas.<br \/>\nA las 15.30 Deportivo Mu\u00f1iz vs. Lugano.<br \/>\n<strong>\u00c1rbitro:<\/strong> Mat\u00edas Bignoli.<\/p>\n<p><strong>Pr\u00f3xima fecha<\/strong><br \/>\nCentral Ballester vs. Centro Espa\u00f1ol.<br \/>\nArgentino de Rosario vs. Club Mercedes.<br \/>\nLugano vs. Deportivo Paraguayo.<br \/>\nDefensores de Cambaceres vs. Mu\u00f1iz.<br \/>\nSportivo Barracas vs. Juventud.<br \/>\n<strong>Libre:<\/strong> Yupanqui.<\/p>\n","protected":false},"excerpt":{"rendered":"<p>\u25a0 Le gan\u00f3 por 3 a 0 en la Liga por la sexta fecha de la Primera D. Un golazo de Juan Cabrera de tiro libre en el primer tiempo, otro de cabeza de Menseguez y el tercero de Rodr\u00edguez cerraron una buena tarde. El jueves jugar\u00e1 en Rosario ante Argentino.<\/p>\n","protected":false},"author":6,"featured_media":98216,"comment_status":"open","ping_status":"open","sticky":false,"template":"","format":"standard","meta":{"footnotes":""},"categories":[5],"tags":[6424,14559,135,11935],"class_list":["post-98206","post","type-post","status-publish","format-standard","has-post-thumbnail","hentry","category-deportes","tag-afa","tag-central-ballester","tag-club-mercedes","tag-primera-d"],"yoast_head":"<!-- This site is optimized with the Yoast SEO plugin v27.5 - https:\/\/yoast.com\/product\/yoast-seo-wordpress\/ -->\n<title>Con autoridad Mercedes fue m\u00e1s que Ballester<\/title>\n<meta name=\"robots\" content=\"index, follow, max-snippet:-1, max-image-preview:large, max-video-preview:-1\" \/>\n<link rel=\"canonical\" href=\"https:\/\/noticiasmercedinas.com\/site\/2022\/08\/27\/con-autoridad-mercedes-fue-mas-que-ballester\/\" \/>\n<meta property=\"og:locale\" content=\"es_ES\" \/>\n<meta property=\"og:type\" content=\"article\" \/>\n<meta property=\"og:title\" content=\"Con autoridad Mercedes fue m\u00e1s que Ballester\" \/>\n<meta property=\"og:description\" content=\"\u25a0 Le gan\u00f3 por 3 a 0 en la Liga por la sexta fecha de la Primera D. Un golazo de Juan Cabrera de tiro libre en el primer tiempo, otro de cabeza de Menseguez y el tercero de Rodr\u00edguez cerraron una buena tarde. El jueves jugar\u00e1 en Rosario ante Argentino.\" \/>\n<meta property=\"og:url\" content=\"https:\/\/noticiasmercedinas.com\/site\/2022\/08\/27\/con-autoridad-mercedes-fue-mas-que-ballester\/\" \/>\n<meta property=\"og:site_name\" content=\"NOTICIASMERCEDINAS.COM\" \/>\n<meta property=\"article:publisher\" content=\"https:\/\/www.facebook.com\/noticiasmercedinas\/\" \/>\n<meta property=\"article:published_time\" content=\"2022-08-27T22:52:27+00:00\" \/>\n<meta property=\"article:modified_time\" content=\"2022-08-27T22:56:34+00:00\" \/>\n<meta property=\"og:image\" content=\"https:\/\/noticiasmercedinas.com\/site\/wp-content\/uploads\/2022\/08\/IMG_9682.jpg\" \/>\n\t<meta property=\"og:image:width\" content=\"640\" \/>\n\t<meta property=\"og:image:height\" content=\"342\" \/>\n\t<meta property=\"og:image:type\" content=\"image\/jpeg\" \/>\n<meta name=\"author\" content=\"Juan Dagnino NOTICIASMERCEDINAS.COM\" \/>\n<meta name=\"twitter:card\" content=\"summary_large_image\" \/>\n<meta name=\"twitter:creator\" content=\"@notmercedinas\" \/>\n<meta name=\"twitter:site\" content=\"@notmercedinas\" \/>\n<meta name=\"twitter:label1\" content=\"Escrito por\" \/>\n\t<meta name=\"twitter:data1\" content=\"Juan Dagnino NOTICIASMERCEDINAS.COM\" \/>\n\t<meta name=\"twitter:label2\" content=\"Tiempo de lectura\" \/>\n\t<meta name=\"twitter:data2\" content=\"4 minutos\" \/>\n<script type=\"application\/ld+json\" class=\"yoast-schema-graph\">{\"@context\":\"https:\\\/\\\/schema.org\",\"@graph\":[{\"@type\":\"Article\",\"@id\":\"https:\\\/\\\/noticiasmercedinas.com\\\/site\\\/2022\\\/08\\\/27\\\/con-autoridad-mercedes-fue-mas-que-ballester\\\/#article\",\"isPartOf\":{\"@id\":\"https:\\\/\\\/noticiasmercedinas.com\\\/site\\\/2022\\\/08\\\/27\\\/con-autoridad-mercedes-fue-mas-que-ballester\\\/\"},\"author\":{\"name\":\"Juan Dagnino NOTICIASMERCEDINAS.COM\",\"@id\":\"https:\\\/\\\/noticiasmercedinas.com\\\/site\\\/#\\\/schema\\\/person\\\/8f2f09d666ef40986eba4a5e6f2a06f9\"},\"headline\":\"Con autoridad Mercedes fue m\u00e1s que Ballester\",\"datePublished\":\"2022-08-27T22:52:27+00:00\",\"dateModified\":\"2022-08-27T22:56:34+00:00\",\"mainEntityOfPage\":{\"@id\":\"https:\\\/\\\/noticiasmercedinas.com\\\/site\\\/2022\\\/08\\\/27\\\/con-autoridad-mercedes-fue-mas-que-ballester\\\/\"},\"wordCount\":717,\"commentCount\":0,\"publisher\":{\"@id\":\"https:\\\/\\\/noticiasmercedinas.com\\\/site\\\/#organization\"},\"image\":{\"@id\":\"https:\\\/\\\/noticiasmercedinas.com\\\/site\\\/2022\\\/08\\\/27\\\/con-autoridad-mercedes-fue-mas-que-ballester\\\/#primaryimage\"},\"thumbnailUrl\":\"https:\\\/\\\/noticiasmercedinas.com\\\/site\\\/wp-content\\\/uploads\\\/2022\\\/08\\\/IMG_9682.jpg\",\"keywords\":[\"AFA\",\"Central Ballester\",\"club mercedes\",\"Primera D\"],\"articleSection\":[\"Deportes\"],\"inLanguage\":\"es\",\"potentialAction\":[{\"@type\":\"CommentAction\",\"name\":\"Comment\",\"target\":[\"https:\\\/\\\/noticiasmercedinas.com\\\/site\\\/2022\\\/08\\\/27\\\/con-autoridad-mercedes-fue-mas-que-ballester\\\/#respond\"]}]},{\"@type\":\"WebPage\",\"@id\":\"https:\\\/\\\/noticiasmercedinas.com\\\/site\\\/2022\\\/08\\\/27\\\/con-autoridad-mercedes-fue-mas-que-ballester\\\/\",\"url\":\"https:\\\/\\\/noticiasmercedinas.com\\\/site\\\/2022\\\/08\\\/27\\\/con-autoridad-mercedes-fue-mas-que-ballester\\\/\",\"name\":\"Con autoridad Mercedes fue m\u00e1s que Ballester\",\"isPartOf\":{\"@id\":\"https:\\\/\\\/noticiasmercedinas.com\\\/site\\\/#website\"},\"primaryImageOfPage\":{\"@id\":\"https:\\\/\\\/noticiasmercedinas.com\\\/site\\\/2022\\\/08\\\/27\\\/con-autoridad-mercedes-fue-mas-que-ballester\\\/#primaryimage\"},\"image\":{\"@id\":\"https:\\\/\\\/noticiasmercedinas.com\\\/site\\\/2022\\\/08\\\/27\\\/con-autoridad-mercedes-fue-mas-que-ballester\\\/#primaryimage\"},\"thumbnailUrl\":\"https:\\\/\\\/noticiasmercedinas.com\\\/site\\\/wp-content\\\/uploads\\\/2022\\\/08\\\/IMG_9682.jpg\",\"datePublished\":\"2022-08-27T22:52:27+00:00\",\"dateModified\":\"2022-08-27T22:56:34+00:00\",\"breadcrumb\":{\"@id\":\"https:\\\/\\\/noticiasmercedinas.com\\\/site\\\/2022\\\/08\\\/27\\\/con-autoridad-mercedes-fue-mas-que-ballester\\\/#breadcrumb\"},\"inLanguage\":\"es\",\"potentialAction\":[{\"@type\":\"ReadAction\",\"target\":[\"https:\\\/\\\/noticiasmercedinas.com\\\/site\\\/2022\\\/08\\\/27\\\/con-autoridad-mercedes-fue-mas-que-ballester\\\/\"]}]},{\"@type\":\"ImageObject\",\"inLanguage\":\"es\",\"@id\":\"https:\\\/\\\/noticiasmercedinas.com\\\/site\\\/2022\\\/08\\\/27\\\/con-autoridad-mercedes-fue-mas-que-ballester\\\/#primaryimage\",\"url\":\"https:\\\/\\\/noticiasmercedinas.com\\\/site\\\/wp-content\\\/uploads\\\/2022\\\/08\\\/IMG_9682.jpg\",\"contentUrl\":\"https:\\\/\\\/noticiasmercedinas.com\\\/site\\\/wp-content\\\/uploads\\\/2022\\\/08\\\/IMG_9682.jpg\",\"width\":640,\"height\":342},{\"@type\":\"BreadcrumbList\",\"@id\":\"https:\\\/\\\/noticiasmercedinas.com\\\/site\\\/2022\\\/08\\\/27\\\/con-autoridad-mercedes-fue-mas-que-ballester\\\/#breadcrumb\",\"itemListElement\":[{\"@type\":\"ListItem\",\"position\":1,\"name\":\"Portada\",\"item\":\"https:\\\/\\\/noticiasmercedinas.com\\\/site\\\/\"},{\"@type\":\"ListItem\",\"position\":2,\"name\":\"Con autoridad Mercedes fue m\u00e1s que Ballester\"}]},{\"@type\":\"WebSite\",\"@id\":\"https:\\\/\\\/noticiasmercedinas.com\\\/site\\\/#website\",\"url\":\"https:\\\/\\\/noticiasmercedinas.com\\\/site\\\/\",\"name\":\"NOTICIASMERCEDINAS.COM\",\"description\":\"Mercedes, Buenos Aires, Argentina\",\"publisher\":{\"@id\":\"https:\\\/\\\/noticiasmercedinas.com\\\/site\\\/#organization\"},\"potentialAction\":[{\"@type\":\"SearchAction\",\"target\":{\"@type\":\"EntryPoint\",\"urlTemplate\":\"https:\\\/\\\/noticiasmercedinas.com\\\/site\\\/?s={search_term_string}\"},\"query-input\":{\"@type\":\"PropertyValueSpecification\",\"valueRequired\":true,\"valueName\":\"search_term_string\"}}],\"inLanguage\":\"es\"},{\"@type\":\"Organization\",\"@id\":\"https:\\\/\\\/noticiasmercedinas.com\\\/site\\\/#organization\",\"name\":\"NOTICIASMERCEDINAS.COM\",\"url\":\"https:\\\/\\\/noticiasmercedinas.com\\\/site\\\/\",\"logo\":{\"@type\":\"ImageObject\",\"inLanguage\":\"es\",\"@id\":\"https:\\\/\\\/noticiasmercedinas.com\\\/site\\\/#\\\/schema\\\/logo\\\/image\\\/\",\"url\":\"https:\\\/\\\/noticiasmercedinas.com\\\/site\\\/wp-content\\\/uploads\\\/2020\\\/06\\\/LOGO-512.jpg\",\"contentUrl\":\"https:\\\/\\\/noticiasmercedinas.com\\\/site\\\/wp-content\\\/uploads\\\/2020\\\/06\\\/LOGO-512.jpg\",\"width\":512,\"height\":512,\"caption\":\"NOTICIASMERCEDINAS.COM\"},\"image\":{\"@id\":\"https:\\\/\\\/noticiasmercedinas.com\\\/site\\\/#\\\/schema\\\/logo\\\/image\\\/\"},\"sameAs\":[\"https:\\\/\\\/www.facebook.com\\\/noticiasmercedinas\\\/\",\"https:\\\/\\\/x.com\\\/notmercedinas\",\"https:\\\/\\\/www.instagram.com\\\/noticiasmercedinas\\\/\"]},{\"@type\":\"Person\",\"@id\":\"https:\\\/\\\/noticiasmercedinas.com\\\/site\\\/#\\\/schema\\\/person\\\/8f2f09d666ef40986eba4a5e6f2a06f9\",\"name\":\"Juan Dagnino NOTICIASMERCEDINAS.COM\",\"image\":{\"@type\":\"ImageObject\",\"inLanguage\":\"es\",\"@id\":\"https:\\\/\\\/secure.gravatar.com\\\/avatar\\\/fc7059a769f5a3cae65fadb228a3e4accf3a64b4b2305020d0a27e6d5333c91b?s=96&d=mm&r=g\",\"url\":\"https:\\\/\\\/secure.gravatar.com\\\/avatar\\\/fc7059a769f5a3cae65fadb228a3e4accf3a64b4b2305020d0a27e6d5333c91b?s=96&d=mm&r=g\",\"contentUrl\":\"https:\\\/\\\/secure.gravatar.com\\\/avatar\\\/fc7059a769f5a3cae65fadb228a3e4accf3a64b4b2305020d0a27e6d5333c91b?s=96&d=mm&r=g\",\"caption\":\"Juan Dagnino NOTICIASMERCEDINAS.COM\"},\"url\":\"https:\\\/\\\/noticiasmercedinas.com\\\/site\\\/author\\\/juandagnino\\\/\"}]}<\/script>\n<!-- \/ Yoast SEO plugin. -->","yoast_head_json":{"title":"Con autoridad Mercedes fue m\u00e1s que Ballester","robots":{"index":"index","follow":"follow","max-snippet":"max-snippet:-1","max-image-preview":"max-image-preview:large","max-video-preview":"max-video-preview:-1"},"canonical":"https:\/\/noticiasmercedinas.com\/site\/2022\/08\/27\/con-autoridad-mercedes-fue-mas-que-ballester\/","og_locale":"es_ES","og_type":"article","og_title":"Con autoridad Mercedes fue m\u00e1s que Ballester","og_description":"\u25a0 Le gan\u00f3 por 3 a 0 en la Liga por la sexta fecha de la Primera D. Un golazo de Juan Cabrera de tiro libre en el primer tiempo, otro de cabeza de Menseguez y el tercero de Rodr\u00edguez cerraron una buena tarde. El jueves jugar\u00e1 en Rosario ante Argentino.","og_url":"https:\/\/noticiasmercedinas.com\/site\/2022\/08\/27\/con-autoridad-mercedes-fue-mas-que-ballester\/","og_site_name":"NOTICIASMERCEDINAS.COM","article_publisher":"https:\/\/www.facebook.com\/noticiasmercedinas\/","article_published_time":"2022-08-27T22:52:27+00:00","article_modified_time":"2022-08-27T22:56:34+00:00","og_image":[{"width":640,"height":342,"url":"https:\/\/noticiasmercedinas.com\/site\/wp-content\/uploads\/2022\/08\/IMG_9682.jpg","type":"image\/jpeg"}],"author":"Juan Dagnino NOTICIASMERCEDINAS.COM","twitter_card":"summary_large_image","twitter_creator":"@notmercedinas","twitter_site":"@notmercedinas","twitter_misc":{"Escrito por":"Juan Dagnino NOTICIASMERCEDINAS.COM","Tiempo de lectura":"4 minutos"},"schema":{"@context":"https:\/\/schema.org","@graph":[{"@type":"Article","@id":"https:\/\/noticiasmercedinas.com\/site\/2022\/08\/27\/con-autoridad-mercedes-fue-mas-que-ballester\/#article","isPartOf":{"@id":"https:\/\/noticiasmercedinas.com\/site\/2022\/08\/27\/con-autoridad-mercedes-fue-mas-que-ballester\/"},"author":{"name":"Juan Dagnino NOTICIASMERCEDINAS.COM","@id":"https:\/\/noticiasmercedinas.com\/site\/#\/schema\/person\/8f2f09d666ef40986eba4a5e6f2a06f9"},"headline":"Con autoridad Mercedes fue m\u00e1s que Ballester","datePublished":"2022-08-27T22:52:27+00:00","dateModified":"2022-08-27T22:56:34+00:00","mainEntityOfPage":{"@id":"https:\/\/noticiasmercedinas.com\/site\/2022\/08\/27\/con-autoridad-mercedes-fue-mas-que-ballester\/"},"wordCount":717,"commentCount":0,"publisher":{"@id":"https:\/\/noticiasmercedinas.com\/site\/#organization"},"image":{"@id":"https:\/\/noticiasmercedinas.com\/site\/2022\/08\/27\/con-autoridad-mercedes-fue-mas-que-ballester\/#primaryimage"},"thumbnailUrl":"https:\/\/noticiasmercedinas.com\/site\/wp-content\/uploads\/2022\/08\/IMG_9682.jpg","keywords":["AFA","Central Ballester","club mercedes","Primera D"],"articleSection":["Deportes"],"inLanguage":"es","potentialAction":[{"@type":"CommentAction","name":"Comment","target":["https:\/\/noticiasmercedinas.com\/site\/2022\/08\/27\/con-autoridad-mercedes-fue-mas-que-ballester\/#respond"]}]},{"@type":"WebPage","@id":"https:\/\/noticiasmercedinas.com\/site\/2022\/08\/27\/con-autoridad-mercedes-fue-mas-que-ballester\/","url":"https:\/\/noticiasmercedinas.com\/site\/2022\/08\/27\/con-autoridad-mercedes-fue-mas-que-ballester\/","name":"Con autoridad Mercedes fue m\u00e1s que Ballester","isPartOf":{"@id":"https:\/\/noticiasmercedinas.com\/site\/#website"},"primaryImageOfPage":{"@id":"https:\/\/noticiasmercedinas.com\/site\/2022\/08\/27\/con-autoridad-mercedes-fue-mas-que-ballester\/#primaryimage"},"image":{"@id":"https:\/\/noticiasmercedinas.com\/site\/2022\/08\/27\/con-autoridad-mercedes-fue-mas-que-ballester\/#primaryimage"},"thumbnailUrl":"https:\/\/noticiasmercedinas.com\/site\/wp-content\/uploads\/2022\/08\/IMG_9682.jpg","datePublished":"2022-08-27T22:52:27+00:00","dateModified":"2022-08-27T22:56:34+00:00","breadcrumb":{"@id":"https:\/\/noticiasmercedinas.com\/site\/2022\/08\/27\/con-autoridad-mercedes-fue-mas-que-ballester\/#breadcrumb"},"inLanguage":"es","potentialAction":[{"@type":"ReadAction","target":["https:\/\/noticiasmercedinas.com\/site\/2022\/08\/27\/con-autoridad-mercedes-fue-mas-que-ballester\/"]}]},{"@type":"ImageObject","inLanguage":"es","@id":"https:\/\/noticiasmercedinas.com\/site\/2022\/08\/27\/con-autoridad-mercedes-fue-mas-que-ballester\/#primaryimage","url":"https:\/\/noticiasmercedinas.com\/site\/wp-content\/uploads\/2022\/08\/IMG_9682.jpg","contentUrl":"https:\/\/noticiasmercedinas.com\/site\/wp-content\/uploads\/2022\/08\/IMG_9682.jpg","width":640,"height":342},{"@type":"BreadcrumbList","@id":"https:\/\/noticiasmercedinas.com\/site\/2022\/08\/27\/con-autoridad-mercedes-fue-mas-que-ballester\/#breadcrumb","itemListElement":[{"@type":"ListItem","position":1,"name":"Portada","item":"https:\/\/noticiasmercedinas.com\/site\/"},{"@type":"ListItem","position":2,"name":"Con autoridad Mercedes fue m\u00e1s que Ballester"}]},{"@type":"WebSite","@id":"https:\/\/noticiasmercedinas.com\/site\/#website","url":"https:\/\/noticiasmercedinas.com\/site\/","name":"NOTICIASMERCEDINAS.COM","description":"Mercedes, Buenos Aires, Argentina","publisher":{"@id":"https:\/\/noticiasmercedinas.com\/site\/#organization"},"potentialAction":[{"@type":"SearchAction","target":{"@type":"EntryPoint","urlTemplate":"https:\/\/noticiasmercedinas.com\/site\/?s={search_term_string}"},"query-input":{"@type":"PropertyValueSpecification","valueRequired":true,"valueName":"search_term_string"}}],"inLanguage":"es"},{"@type":"Organization","@id":"https:\/\/noticiasmercedinas.com\/site\/#organization","name":"NOTICIASMERCEDINAS.COM","url":"https:\/\/noticiasmercedinas.com\/site\/","logo":{"@type":"ImageObject","inLanguage":"es","@id":"https:\/\/noticiasmercedinas.com\/site\/#\/schema\/logo\/image\/","url":"https:\/\/noticiasmercedinas.com\/site\/wp-content\/uploads\/2020\/06\/LOGO-512.jpg","contentUrl":"https:\/\/noticiasmercedinas.com\/site\/wp-content\/uploads\/2020\/06\/LOGO-512.jpg","width":512,"height":512,"caption":"NOTICIASMERCEDINAS.COM"},"image":{"@id":"https:\/\/noticiasmercedinas.com\/site\/#\/schema\/logo\/image\/"},"sameAs":["https:\/\/www.facebook.com\/noticiasmercedinas\/","https:\/\/x.com\/notmercedinas","https:\/\/www.instagram.com\/noticiasmercedinas\/"]},{"@type":"Person","@id":"https:\/\/noticiasmercedinas.com\/site\/#\/schema\/person\/8f2f09d666ef40986eba4a5e6f2a06f9","name":"Juan Dagnino NOTICIASMERCEDINAS.COM","image":{"@type":"ImageObject","inLanguage":"es","@id":"https:\/\/secure.gravatar.com\/avatar\/fc7059a769f5a3cae65fadb228a3e4accf3a64b4b2305020d0a27e6d5333c91b?s=96&d=mm&r=g","url":"https:\/\/secure.gravatar.com\/avatar\/fc7059a769f5a3cae65fadb228a3e4accf3a64b4b2305020d0a27e6d5333c91b?s=96&d=mm&r=g","contentUrl":"https:\/\/secure.gravatar.com\/avatar\/fc7059a769f5a3cae65fadb228a3e4accf3a64b4b2305020d0a27e6d5333c91b?s=96&d=mm&r=g","caption":"Juan Dagnino NOTICIASMERCEDINAS.COM"},"url":"https:\/\/noticiasmercedinas.com\/site\/author\/juandagnino\/"}]}},"amp_enabled":true,"_links":{"self":[{"href":"https:\/\/noticiasmercedinas.com\/site\/wp-json\/wp\/v2\/posts\/98206","targetHints":{"allow":["GET"]}}],"collection":[{"href":"https:\/\/noticiasmercedinas.com\/site\/wp-json\/wp\/v2\/posts"}],"about":[{"href":"https:\/\/noticiasmercedinas.com\/site\/wp-json\/wp\/v2\/types\/post"}],"author":[{"embeddable":true,"href":"https:\/\/noticiasmercedinas.com\/site\/wp-json\/wp\/v2\/users\/6"}],"replies":[{"embeddable":true,"href":"https:\/\/noticiasmercedinas.com\/site\/wp-json\/wp\/v2\/comments?post=98206"}],"version-history":[{"count":3,"href":"https:\/\/noticiasmercedinas.com\/site\/wp-json\/wp\/v2\/posts\/98206\/revisions"}],"predecessor-version":[{"id":98221,"href":"https:\/\/noticiasmercedinas.com\/site\/wp-json\/wp\/v2\/posts\/98206\/revisions\/98221"}],"wp:featuredmedia":[{"embeddable":true,"href":"https:\/\/noticiasmercedinas.com\/site\/wp-json\/wp\/v2\/media\/98216"}],"wp:attachment":[{"href":"https:\/\/noticiasmercedinas.com\/site\/wp-json\/wp\/v2\/media?parent=98206"}],"wp:term":[{"taxonomy":"category","embeddable":true,"href":"https:\/\/noticiasmercedinas.com\/site\/wp-json\/wp\/v2\/categories?post=98206"},{"taxonomy":"post_tag","embeddable":true,"href":"https:\/\/noticiasmercedinas.com\/site\/wp-json\/wp\/v2\/tags?post=98206"}],"curies":[{"name":"wp","href":"https:\/\/api.w.org\/{rel}","templated":true}]}}