{"id":9829,"date":"2018-12-25T12:16:19","date_gmt":"2018-12-25T15:16:19","guid":{"rendered":"https:\/\/noticiasmercedinas.com\/site\/?p=9829"},"modified":"2018-12-25T12:16:19","modified_gmt":"2018-12-25T15:16:19","slug":"de-pedro-osvaldo-bayer-nos-enseno-a-luchar-por-las-causas-mas-nobles","status":"publish","type":"post","link":"https:\/\/noticiasmercedinas.com\/site\/2018\/12\/25\/de-pedro-osvaldo-bayer-nos-enseno-a-luchar-por-las-causas-mas-nobles\/","title":{"rendered":"De Pedro: \u201cOsvaldo Bayer nos ense\u00f1\u00f3 a luchar por las causas mas nobles\u201d"},"content":{"rendered":"<figure id=\"attachment_9830\" aria-describedby=\"caption-attachment-9830\" style=\"width: 675px\" class=\"wp-caption alignnone\"><img loading=\"lazy\" decoding=\"async\" class=\"size-full wp-image-9830\" src=\"https:\/\/noticiasmercedinas.com\/site\/wp-content\/uploads\/2018\/12\/675px-Osvaldo_Bayer.jpg\" alt=\"\" width=\"675\" height=\"900\" srcset=\"https:\/\/noticiasmercedinas.com\/site\/wp-content\/uploads\/2018\/12\/675px-Osvaldo_Bayer.jpg 675w, https:\/\/noticiasmercedinas.com\/site\/wp-content\/uploads\/2018\/12\/675px-Osvaldo_Bayer-225x300.jpg 225w, https:\/\/noticiasmercedinas.com\/site\/wp-content\/uploads\/2018\/12\/675px-Osvaldo_Bayer-640x853.jpg 640w\" sizes=\"auto, (max-width: 675px) 100vw, 675px\" \/><figcaption id=\"caption-attachment-9830\" class=\"wp-caption-text\">De Eduardo Montes-Bradley &#8211; author, <a title=\"Creative Commons Attribution 3.0\" href=\"https:\/\/creativecommons.org\/licenses\/by\/3.0\">CC BY 3.0<\/a>, <a href=\"https:\/\/commons.wikimedia.org\/w\/index.php?curid=14667897\">Enlace<\/a><\/figcaption><\/figure>\n<p>El legislador nacional <strong>Eduardo De Pedro<\/strong> fue uno de los que lament\u00f3 la muerte del intelectual Osvaldo Bayer, ocurrida en la v\u00edspera de esa navidad.<\/p>\n<p>El mercedino Eduardo De Pedro se expres\u00f3 a trav\u00e9s de su cuenta de la red social Twitter. \u201cSe nos fue el gran Osvaldo Bayer\u201d, dijo. \u201cDe esos tipos que nos formaron con sus libros y sus ideas. De esos tipos que a fuerza de convicciones y coherencia nos ense\u00f1aron a luchar por las causas m\u00e1s nobles\u201d, sostuvo De Pedro.<\/p>\n<p>Osvaldo Jorge Bayer (18 de febrero de 1927 &#8211; 24 de diciembre de 2018)2 fue un historiador, escritor y periodista anarquista argentino. Vivi\u00f3 en Buenos Aires, pero tambi\u00e9n tuvo domicilio en Berl\u00edn, donde se exili\u00f3 antes de la \u00faltima dictadura militar de Argentina (1976-1983).<\/p>\n<p>Falleci\u00f3 a los 91 a\u00f1os. El hecho fue confirmado en Facebook por su hija. \u201cUna noticia muy triste, falleci\u00f3 mi pap\u00e1\u201d, escribi\u00f3 Ana Bayer.<\/p>\n<p>De manera instant\u00e1nea, las redes sociales se inundaron de mensajes de reconocimiento a su trabajo siempre a favor de los trabajadores y de los m\u00e1s desprotegidos.<\/p>\n","protected":false},"excerpt":{"rendered":"<p>El legislador nacional Eduardo De Pedro fue uno de los que lament\u00f3 la muerte del intelectual Osvaldo Bayer, ocurrida en la v\u00edspera de esa navidad. El mercedino Eduardo De Pedro se expres\u00f3 a trav\u00e9s de su cuenta de la red social Twitter. \u201cSe nos fue el gran Osvaldo Bayer\u201d, dijo. \u201cDe esos tipos que nos [&hellip;]<\/p>\n","protected":false},"author":2,"featured_media":9830,"comment_status":"open","ping_status":"open","sticky":false,"template":"","format":"standard","meta":{"footnotes":""},"categories":[16],"tags":[324,3047,3046],"class_list":["post-9829","post","type-post","status-publish","format-standard","has-post-thumbnail","hentry","category-politica","tag-eduardo-de-pedro","tag-osvaldo-bayer","tag-wado"],"yoast_head":"<!-- This site is optimized with the Yoast SEO plugin v27.4 - https:\/\/yoast.com\/product\/yoast-seo-wordpress\/ -->\n<title>De Pedro: \u201cOsvaldo Bayer nos ense\u00f1\u00f3 a luchar por las causas mas nobles\u201d<\/title>\n<meta name=\"robots\" content=\"index, follow, max-snippet:-1, max-image-preview:large, max-video-preview:-1\" \/>\n<link rel=\"canonical\" href=\"https:\/\/noticiasmercedinas.com\/site\/2018\/12\/25\/de-pedro-osvaldo-bayer-nos-enseno-a-luchar-por-las-causas-mas-nobles\/\" \/>\n<meta property=\"og:locale\" content=\"es_ES\" \/>\n<meta property=\"og:type\" content=\"article\" \/>\n<meta property=\"og:title\" content=\"De Pedro: \u201cOsvaldo Bayer nos ense\u00f1\u00f3 a luchar por las causas mas nobles\u201d\" \/>\n<meta property=\"og:description\" content=\"El legislador nacional Eduardo De Pedro fue uno de los que lament\u00f3 la muerte del intelectual Osvaldo Bayer, ocurrida en la v\u00edspera de esa navidad. El mercedino Eduardo De Pedro se expres\u00f3 a trav\u00e9s de su cuenta de la red social Twitter. \u201cSe nos fue el gran Osvaldo Bayer\u201d, dijo. \u201cDe esos tipos que nos [&hellip;]\" \/>\n<meta property=\"og:url\" content=\"https:\/\/noticiasmercedinas.com\/site\/2018\/12\/25\/de-pedro-osvaldo-bayer-nos-enseno-a-luchar-por-las-causas-mas-nobles\/\" \/>\n<meta property=\"og:site_name\" content=\"NOTICIASMERCEDINAS.COM\" \/>\n<meta property=\"article:publisher\" content=\"https:\/\/www.facebook.com\/noticiasmercedinas\/\" \/>\n<meta property=\"article:author\" content=\"https:\/\/www.facebook.com\/cristian.falabella\" \/>\n<meta property=\"article:published_time\" content=\"2018-12-25T15:16:19+00:00\" \/>\n<meta property=\"og:image\" content=\"https:\/\/noticiasmercedinas.com\/site\/wp-content\/uploads\/2018\/12\/675px-Osvaldo_Bayer.jpg\" \/>\n\t<meta property=\"og:image:width\" content=\"675\" \/>\n\t<meta property=\"og:image:height\" content=\"900\" \/>\n\t<meta property=\"og:image:type\" content=\"image\/jpeg\" \/>\n<meta name=\"author\" content=\"Cristian Falabella NOTICIASMERCEDINAS.COM\" \/>\n<meta name=\"twitter:card\" content=\"summary_large_image\" \/>\n<meta name=\"twitter:creator\" content=\"@https:\/\/twitter.com\/NOTMERCEDINAS\" \/>\n<meta name=\"twitter:site\" content=\"@notmercedinas\" \/>\n<meta name=\"twitter:label1\" content=\"Escrito por\" \/>\n\t<meta name=\"twitter:data1\" content=\"Cristian Falabella NOTICIASMERCEDINAS.COM\" \/>\n\t<meta name=\"twitter:label2\" content=\"Tiempo de lectura\" \/>\n\t<meta name=\"twitter:data2\" content=\"1 minuto\" \/>\n<script type=\"application\/ld+json\" class=\"yoast-schema-graph\">{\"@context\":\"https:\\\/\\\/schema.org\",\"@graph\":[{\"@type\":\"Article\",\"@id\":\"https:\\\/\\\/noticiasmercedinas.com\\\/site\\\/2018\\\/12\\\/25\\\/de-pedro-osvaldo-bayer-nos-enseno-a-luchar-por-las-causas-mas-nobles\\\/#article\",\"isPartOf\":{\"@id\":\"https:\\\/\\\/noticiasmercedinas.com\\\/site\\\/2018\\\/12\\\/25\\\/de-pedro-osvaldo-bayer-nos-enseno-a-luchar-por-las-causas-mas-nobles\\\/\"},\"author\":{\"name\":\"Cristian Falabella NOTICIASMERCEDINAS.COM\",\"@id\":\"https:\\\/\\\/noticiasmercedinas.com\\\/site\\\/#\\\/schema\\\/person\\\/d481a9696a5feaec13a60e2bbd991a6a\"},\"headline\":\"De Pedro: \u201cOsvaldo Bayer nos ense\u00f1\u00f3 a luchar por las causas mas nobles\u201d\",\"datePublished\":\"2018-12-25T15:16:19+00:00\",\"mainEntityOfPage\":{\"@id\":\"https:\\\/\\\/noticiasmercedinas.com\\\/site\\\/2018\\\/12\\\/25\\\/de-pedro-osvaldo-bayer-nos-enseno-a-luchar-por-las-causas-mas-nobles\\\/\"},\"wordCount\":210,\"commentCount\":0,\"publisher\":{\"@id\":\"https:\\\/\\\/noticiasmercedinas.com\\\/site\\\/#organization\"},\"image\":{\"@id\":\"https:\\\/\\\/noticiasmercedinas.com\\\/site\\\/2018\\\/12\\\/25\\\/de-pedro-osvaldo-bayer-nos-enseno-a-luchar-por-las-causas-mas-nobles\\\/#primaryimage\"},\"thumbnailUrl\":\"https:\\\/\\\/noticiasmercedinas.com\\\/site\\\/wp-content\\\/uploads\\\/2018\\\/12\\\/675px-Osvaldo_Bayer.jpg\",\"keywords\":[\"eduardo de pedro\",\"osvaldo bayer\",\"wado\"],\"articleSection\":[\"Politica\"],\"inLanguage\":\"es\",\"potentialAction\":[{\"@type\":\"CommentAction\",\"name\":\"Comment\",\"target\":[\"https:\\\/\\\/noticiasmercedinas.com\\\/site\\\/2018\\\/12\\\/25\\\/de-pedro-osvaldo-bayer-nos-enseno-a-luchar-por-las-causas-mas-nobles\\\/#respond\"]}]},{\"@type\":\"WebPage\",\"@id\":\"https:\\\/\\\/noticiasmercedinas.com\\\/site\\\/2018\\\/12\\\/25\\\/de-pedro-osvaldo-bayer-nos-enseno-a-luchar-por-las-causas-mas-nobles\\\/\",\"url\":\"https:\\\/\\\/noticiasmercedinas.com\\\/site\\\/2018\\\/12\\\/25\\\/de-pedro-osvaldo-bayer-nos-enseno-a-luchar-por-las-causas-mas-nobles\\\/\",\"name\":\"De Pedro: \u201cOsvaldo Bayer nos ense\u00f1\u00f3 a luchar por las causas mas nobles\u201d\",\"isPartOf\":{\"@id\":\"https:\\\/\\\/noticiasmercedinas.com\\\/site\\\/#website\"},\"primaryImageOfPage\":{\"@id\":\"https:\\\/\\\/noticiasmercedinas.com\\\/site\\\/2018\\\/12\\\/25\\\/de-pedro-osvaldo-bayer-nos-enseno-a-luchar-por-las-causas-mas-nobles\\\/#primaryimage\"},\"image\":{\"@id\":\"https:\\\/\\\/noticiasmercedinas.com\\\/site\\\/2018\\\/12\\\/25\\\/de-pedro-osvaldo-bayer-nos-enseno-a-luchar-por-las-causas-mas-nobles\\\/#primaryimage\"},\"thumbnailUrl\":\"https:\\\/\\\/noticiasmercedinas.com\\\/site\\\/wp-content\\\/uploads\\\/2018\\\/12\\\/675px-Osvaldo_Bayer.jpg\",\"datePublished\":\"2018-12-25T15:16:19+00:00\",\"breadcrumb\":{\"@id\":\"https:\\\/\\\/noticiasmercedinas.com\\\/site\\\/2018\\\/12\\\/25\\\/de-pedro-osvaldo-bayer-nos-enseno-a-luchar-por-las-causas-mas-nobles\\\/#breadcrumb\"},\"inLanguage\":\"es\",\"potentialAction\":[{\"@type\":\"ReadAction\",\"target\":[\"https:\\\/\\\/noticiasmercedinas.com\\\/site\\\/2018\\\/12\\\/25\\\/de-pedro-osvaldo-bayer-nos-enseno-a-luchar-por-las-causas-mas-nobles\\\/\"]}]},{\"@type\":\"ImageObject\",\"inLanguage\":\"es\",\"@id\":\"https:\\\/\\\/noticiasmercedinas.com\\\/site\\\/2018\\\/12\\\/25\\\/de-pedro-osvaldo-bayer-nos-enseno-a-luchar-por-las-causas-mas-nobles\\\/#primaryimage\",\"url\":\"https:\\\/\\\/noticiasmercedinas.com\\\/site\\\/wp-content\\\/uploads\\\/2018\\\/12\\\/675px-Osvaldo_Bayer.jpg\",\"contentUrl\":\"https:\\\/\\\/noticiasmercedinas.com\\\/site\\\/wp-content\\\/uploads\\\/2018\\\/12\\\/675px-Osvaldo_Bayer.jpg\",\"width\":675,\"height\":900,\"caption\":\"De Eduardo Montes-Bradley - author, CC BY 3.0, Enlace\"},{\"@type\":\"BreadcrumbList\",\"@id\":\"https:\\\/\\\/noticiasmercedinas.com\\\/site\\\/2018\\\/12\\\/25\\\/de-pedro-osvaldo-bayer-nos-enseno-a-luchar-por-las-causas-mas-nobles\\\/#breadcrumb\",\"itemListElement\":[{\"@type\":\"ListItem\",\"position\":1,\"name\":\"Portada\",\"item\":\"https:\\\/\\\/noticiasmercedinas.com\\\/site\\\/\"},{\"@type\":\"ListItem\",\"position\":2,\"name\":\"De Pedro: \u201cOsvaldo Bayer nos ense\u00f1\u00f3 a luchar por las causas mas nobles\u201d\"}]},{\"@type\":\"WebSite\",\"@id\":\"https:\\\/\\\/noticiasmercedinas.com\\\/site\\\/#website\",\"url\":\"https:\\\/\\\/noticiasmercedinas.com\\\/site\\\/\",\"name\":\"NOTICIASMERCEDINAS.COM\",\"description\":\"Mercedes, Buenos Aires, Argentina\",\"publisher\":{\"@id\":\"https:\\\/\\\/noticiasmercedinas.com\\\/site\\\/#organization\"},\"potentialAction\":[{\"@type\":\"SearchAction\",\"target\":{\"@type\":\"EntryPoint\",\"urlTemplate\":\"https:\\\/\\\/noticiasmercedinas.com\\\/site\\\/?s={search_term_string}\"},\"query-input\":{\"@type\":\"PropertyValueSpecification\",\"valueRequired\":true,\"valueName\":\"search_term_string\"}}],\"inLanguage\":\"es\"},{\"@type\":\"Organization\",\"@id\":\"https:\\\/\\\/noticiasmercedinas.com\\\/site\\\/#organization\",\"name\":\"NOTICIASMERCEDINAS.COM\",\"url\":\"https:\\\/\\\/noticiasmercedinas.com\\\/site\\\/\",\"logo\":{\"@type\":\"ImageObject\",\"inLanguage\":\"es\",\"@id\":\"https:\\\/\\\/noticiasmercedinas.com\\\/site\\\/#\\\/schema\\\/logo\\\/image\\\/\",\"url\":\"https:\\\/\\\/noticiasmercedinas.com\\\/site\\\/wp-content\\\/uploads\\\/2020\\\/06\\\/LOGO-512.jpg\",\"contentUrl\":\"https:\\\/\\\/noticiasmercedinas.com\\\/site\\\/wp-content\\\/uploads\\\/2020\\\/06\\\/LOGO-512.jpg\",\"width\":512,\"height\":512,\"caption\":\"NOTICIASMERCEDINAS.COM\"},\"image\":{\"@id\":\"https:\\\/\\\/noticiasmercedinas.com\\\/site\\\/#\\\/schema\\\/logo\\\/image\\\/\"},\"sameAs\":[\"https:\\\/\\\/www.facebook.com\\\/noticiasmercedinas\\\/\",\"https:\\\/\\\/x.com\\\/notmercedinas\",\"https:\\\/\\\/www.instagram.com\\\/noticiasmercedinas\\\/\"]},{\"@type\":\"Person\",\"@id\":\"https:\\\/\\\/noticiasmercedinas.com\\\/site\\\/#\\\/schema\\\/person\\\/d481a9696a5feaec13a60e2bbd991a6a\",\"name\":\"Cristian Falabella NOTICIASMERCEDINAS.COM\",\"image\":{\"@type\":\"ImageObject\",\"inLanguage\":\"es\",\"@id\":\"https:\\\/\\\/secure.gravatar.com\\\/avatar\\\/0dbbfc45970cc46bcd0e57766228574ff3511d6eed045b182f536f0f478c1f06?s=96&d=mm&r=g\",\"url\":\"https:\\\/\\\/secure.gravatar.com\\\/avatar\\\/0dbbfc45970cc46bcd0e57766228574ff3511d6eed045b182f536f0f478c1f06?s=96&d=mm&r=g\",\"contentUrl\":\"https:\\\/\\\/secure.gravatar.com\\\/avatar\\\/0dbbfc45970cc46bcd0e57766228574ff3511d6eed045b182f536f0f478c1f06?s=96&d=mm&r=g\",\"caption\":\"Cristian Falabella NOTICIASMERCEDINAS.COM\"},\"description\":\"Periodista, editor de Noticias Mercedinas. Pas\u00f3 por varias redacciones y emprendimientos de prensa, en distintos formatos y \u00e9pocas. Se especializ\u00f3 --y sigue haci\u00e9ndolo-- en comunicaci\u00f3n en la web y en junio de 2006 fund\u00f3 este diario digital.\",\"sameAs\":[\"https:\\\/\\\/noticiasmercedinas.com\",\"https:\\\/\\\/www.facebook.com\\\/cristian.falabella\",\"https:\\\/\\\/www.instagram.com\\\/noticiasmercedinas\\\/\",\"https:\\\/\\\/x.com\\\/https:\\\/\\\/twitter.com\\\/NOTMERCEDINAS\"],\"url\":\"https:\\\/\\\/noticiasmercedinas.com\\\/site\\\/author\\\/as000384\\\/\"}]}<\/script>\n<!-- \/ Yoast SEO plugin. -->","yoast_head_json":{"title":"De Pedro: \u201cOsvaldo Bayer nos ense\u00f1\u00f3 a luchar por las causas mas nobles\u201d","robots":{"index":"index","follow":"follow","max-snippet":"max-snippet:-1","max-image-preview":"max-image-preview:large","max-video-preview":"max-video-preview:-1"},"canonical":"https:\/\/noticiasmercedinas.com\/site\/2018\/12\/25\/de-pedro-osvaldo-bayer-nos-enseno-a-luchar-por-las-causas-mas-nobles\/","og_locale":"es_ES","og_type":"article","og_title":"De Pedro: \u201cOsvaldo Bayer nos ense\u00f1\u00f3 a luchar por las causas mas nobles\u201d","og_description":"El legislador nacional Eduardo De Pedro fue uno de los que lament\u00f3 la muerte del intelectual Osvaldo Bayer, ocurrida en la v\u00edspera de esa navidad. El mercedino Eduardo De Pedro se expres\u00f3 a trav\u00e9s de su cuenta de la red social Twitter. \u201cSe nos fue el gran Osvaldo Bayer\u201d, dijo. \u201cDe esos tipos que nos [&hellip;]","og_url":"https:\/\/noticiasmercedinas.com\/site\/2018\/12\/25\/de-pedro-osvaldo-bayer-nos-enseno-a-luchar-por-las-causas-mas-nobles\/","og_site_name":"NOTICIASMERCEDINAS.COM","article_publisher":"https:\/\/www.facebook.com\/noticiasmercedinas\/","article_author":"https:\/\/www.facebook.com\/cristian.falabella","article_published_time":"2018-12-25T15:16:19+00:00","og_image":[{"width":675,"height":900,"url":"https:\/\/noticiasmercedinas.com\/site\/wp-content\/uploads\/2018\/12\/675px-Osvaldo_Bayer.jpg","type":"image\/jpeg"}],"author":"Cristian Falabella NOTICIASMERCEDINAS.COM","twitter_card":"summary_large_image","twitter_creator":"@https:\/\/twitter.com\/NOTMERCEDINAS","twitter_site":"@notmercedinas","twitter_misc":{"Escrito por":"Cristian Falabella NOTICIASMERCEDINAS.COM","Tiempo de lectura":"1 minuto"},"schema":{"@context":"https:\/\/schema.org","@graph":[{"@type":"Article","@id":"https:\/\/noticiasmercedinas.com\/site\/2018\/12\/25\/de-pedro-osvaldo-bayer-nos-enseno-a-luchar-por-las-causas-mas-nobles\/#article","isPartOf":{"@id":"https:\/\/noticiasmercedinas.com\/site\/2018\/12\/25\/de-pedro-osvaldo-bayer-nos-enseno-a-luchar-por-las-causas-mas-nobles\/"},"author":{"name":"Cristian Falabella NOTICIASMERCEDINAS.COM","@id":"https:\/\/noticiasmercedinas.com\/site\/#\/schema\/person\/d481a9696a5feaec13a60e2bbd991a6a"},"headline":"De Pedro: \u201cOsvaldo Bayer nos ense\u00f1\u00f3 a luchar por las causas mas nobles\u201d","datePublished":"2018-12-25T15:16:19+00:00","mainEntityOfPage":{"@id":"https:\/\/noticiasmercedinas.com\/site\/2018\/12\/25\/de-pedro-osvaldo-bayer-nos-enseno-a-luchar-por-las-causas-mas-nobles\/"},"wordCount":210,"commentCount":0,"publisher":{"@id":"https:\/\/noticiasmercedinas.com\/site\/#organization"},"image":{"@id":"https:\/\/noticiasmercedinas.com\/site\/2018\/12\/25\/de-pedro-osvaldo-bayer-nos-enseno-a-luchar-por-las-causas-mas-nobles\/#primaryimage"},"thumbnailUrl":"https:\/\/noticiasmercedinas.com\/site\/wp-content\/uploads\/2018\/12\/675px-Osvaldo_Bayer.jpg","keywords":["eduardo de pedro","osvaldo bayer","wado"],"articleSection":["Politica"],"inLanguage":"es","potentialAction":[{"@type":"CommentAction","name":"Comment","target":["https:\/\/noticiasmercedinas.com\/site\/2018\/12\/25\/de-pedro-osvaldo-bayer-nos-enseno-a-luchar-por-las-causas-mas-nobles\/#respond"]}]},{"@type":"WebPage","@id":"https:\/\/noticiasmercedinas.com\/site\/2018\/12\/25\/de-pedro-osvaldo-bayer-nos-enseno-a-luchar-por-las-causas-mas-nobles\/","url":"https:\/\/noticiasmercedinas.com\/site\/2018\/12\/25\/de-pedro-osvaldo-bayer-nos-enseno-a-luchar-por-las-causas-mas-nobles\/","name":"De Pedro: \u201cOsvaldo Bayer nos ense\u00f1\u00f3 a luchar por las causas mas nobles\u201d","isPartOf":{"@id":"https:\/\/noticiasmercedinas.com\/site\/#website"},"primaryImageOfPage":{"@id":"https:\/\/noticiasmercedinas.com\/site\/2018\/12\/25\/de-pedro-osvaldo-bayer-nos-enseno-a-luchar-por-las-causas-mas-nobles\/#primaryimage"},"image":{"@id":"https:\/\/noticiasmercedinas.com\/site\/2018\/12\/25\/de-pedro-osvaldo-bayer-nos-enseno-a-luchar-por-las-causas-mas-nobles\/#primaryimage"},"thumbnailUrl":"https:\/\/noticiasmercedinas.com\/site\/wp-content\/uploads\/2018\/12\/675px-Osvaldo_Bayer.jpg","datePublished":"2018-12-25T15:16:19+00:00","breadcrumb":{"@id":"https:\/\/noticiasmercedinas.com\/site\/2018\/12\/25\/de-pedro-osvaldo-bayer-nos-enseno-a-luchar-por-las-causas-mas-nobles\/#breadcrumb"},"inLanguage":"es","potentialAction":[{"@type":"ReadAction","target":["https:\/\/noticiasmercedinas.com\/site\/2018\/12\/25\/de-pedro-osvaldo-bayer-nos-enseno-a-luchar-por-las-causas-mas-nobles\/"]}]},{"@type":"ImageObject","inLanguage":"es","@id":"https:\/\/noticiasmercedinas.com\/site\/2018\/12\/25\/de-pedro-osvaldo-bayer-nos-enseno-a-luchar-por-las-causas-mas-nobles\/#primaryimage","url":"https:\/\/noticiasmercedinas.com\/site\/wp-content\/uploads\/2018\/12\/675px-Osvaldo_Bayer.jpg","contentUrl":"https:\/\/noticiasmercedinas.com\/site\/wp-content\/uploads\/2018\/12\/675px-Osvaldo_Bayer.jpg","width":675,"height":900,"caption":"De Eduardo Montes-Bradley - author, CC BY 3.0, Enlace"},{"@type":"BreadcrumbList","@id":"https:\/\/noticiasmercedinas.com\/site\/2018\/12\/25\/de-pedro-osvaldo-bayer-nos-enseno-a-luchar-por-las-causas-mas-nobles\/#breadcrumb","itemListElement":[{"@type":"ListItem","position":1,"name":"Portada","item":"https:\/\/noticiasmercedinas.com\/site\/"},{"@type":"ListItem","position":2,"name":"De Pedro: \u201cOsvaldo Bayer nos ense\u00f1\u00f3 a luchar por las causas mas nobles\u201d"}]},{"@type":"WebSite","@id":"https:\/\/noticiasmercedinas.com\/site\/#website","url":"https:\/\/noticiasmercedinas.com\/site\/","name":"NOTICIASMERCEDINAS.COM","description":"Mercedes, Buenos Aires, Argentina","publisher":{"@id":"https:\/\/noticiasmercedinas.com\/site\/#organization"},"potentialAction":[{"@type":"SearchAction","target":{"@type":"EntryPoint","urlTemplate":"https:\/\/noticiasmercedinas.com\/site\/?s={search_term_string}"},"query-input":{"@type":"PropertyValueSpecification","valueRequired":true,"valueName":"search_term_string"}}],"inLanguage":"es"},{"@type":"Organization","@id":"https:\/\/noticiasmercedinas.com\/site\/#organization","name":"NOTICIASMERCEDINAS.COM","url":"https:\/\/noticiasmercedinas.com\/site\/","logo":{"@type":"ImageObject","inLanguage":"es","@id":"https:\/\/noticiasmercedinas.com\/site\/#\/schema\/logo\/image\/","url":"https:\/\/noticiasmercedinas.com\/site\/wp-content\/uploads\/2020\/06\/LOGO-512.jpg","contentUrl":"https:\/\/noticiasmercedinas.com\/site\/wp-content\/uploads\/2020\/06\/LOGO-512.jpg","width":512,"height":512,"caption":"NOTICIASMERCEDINAS.COM"},"image":{"@id":"https:\/\/noticiasmercedinas.com\/site\/#\/schema\/logo\/image\/"},"sameAs":["https:\/\/www.facebook.com\/noticiasmercedinas\/","https:\/\/x.com\/notmercedinas","https:\/\/www.instagram.com\/noticiasmercedinas\/"]},{"@type":"Person","@id":"https:\/\/noticiasmercedinas.com\/site\/#\/schema\/person\/d481a9696a5feaec13a60e2bbd991a6a","name":"Cristian Falabella NOTICIASMERCEDINAS.COM","image":{"@type":"ImageObject","inLanguage":"es","@id":"https:\/\/secure.gravatar.com\/avatar\/0dbbfc45970cc46bcd0e57766228574ff3511d6eed045b182f536f0f478c1f06?s=96&d=mm&r=g","url":"https:\/\/secure.gravatar.com\/avatar\/0dbbfc45970cc46bcd0e57766228574ff3511d6eed045b182f536f0f478c1f06?s=96&d=mm&r=g","contentUrl":"https:\/\/secure.gravatar.com\/avatar\/0dbbfc45970cc46bcd0e57766228574ff3511d6eed045b182f536f0f478c1f06?s=96&d=mm&r=g","caption":"Cristian Falabella NOTICIASMERCEDINAS.COM"},"description":"Periodista, editor de Noticias Mercedinas. Pas\u00f3 por varias redacciones y emprendimientos de prensa, en distintos formatos y \u00e9pocas. Se especializ\u00f3 --y sigue haci\u00e9ndolo-- en comunicaci\u00f3n en la web y en junio de 2006 fund\u00f3 este diario digital.","sameAs":["https:\/\/noticiasmercedinas.com","https:\/\/www.facebook.com\/cristian.falabella","https:\/\/www.instagram.com\/noticiasmercedinas\/","https:\/\/x.com\/https:\/\/twitter.com\/NOTMERCEDINAS"],"url":"https:\/\/noticiasmercedinas.com\/site\/author\/as000384\/"}]}},"amp_enabled":true,"_links":{"self":[{"href":"https:\/\/noticiasmercedinas.com\/site\/wp-json\/wp\/v2\/posts\/9829","targetHints":{"allow":["GET"]}}],"collection":[{"href":"https:\/\/noticiasmercedinas.com\/site\/wp-json\/wp\/v2\/posts"}],"about":[{"href":"https:\/\/noticiasmercedinas.com\/site\/wp-json\/wp\/v2\/types\/post"}],"author":[{"embeddable":true,"href":"https:\/\/noticiasmercedinas.com\/site\/wp-json\/wp\/v2\/users\/2"}],"replies":[{"embeddable":true,"href":"https:\/\/noticiasmercedinas.com\/site\/wp-json\/wp\/v2\/comments?post=9829"}],"version-history":[{"count":1,"href":"https:\/\/noticiasmercedinas.com\/site\/wp-json\/wp\/v2\/posts\/9829\/revisions"}],"predecessor-version":[{"id":9831,"href":"https:\/\/noticiasmercedinas.com\/site\/wp-json\/wp\/v2\/posts\/9829\/revisions\/9831"}],"wp:featuredmedia":[{"embeddable":true,"href":"https:\/\/noticiasmercedinas.com\/site\/wp-json\/wp\/v2\/media\/9830"}],"wp:attachment":[{"href":"https:\/\/noticiasmercedinas.com\/site\/wp-json\/wp\/v2\/media?parent=9829"}],"wp:term":[{"taxonomy":"category","embeddable":true,"href":"https:\/\/noticiasmercedinas.com\/site\/wp-json\/wp\/v2\/categories?post=9829"},{"taxonomy":"post_tag","embeddable":true,"href":"https:\/\/noticiasmercedinas.com\/site\/wp-json\/wp\/v2\/tags?post=9829"}],"curies":[{"name":"wp","href":"https:\/\/api.w.org\/{rel}","templated":true}]}}